{"id":50064,"date":"2023-12-05T19:27:13","date_gmt":"2023-12-05T18:27:13","guid":{"rendered":"https:\/\/www.musikzeitung.ch\/?p=50064"},"modified":"2023-12-07T14:37:07","modified_gmt":"2023-12-07T13:37:07","slug":"clormann","status":"publish","type":"post","link":"https:\/\/www.musikzeitung.ch\/en\/rezensionen\/noten-rezensionen\/2023\/12\/clormann","title":{"rendered":"Schubert on the guitar"},"content":{"rendered":"<figure id=\"attachment_50066\" aria-describedby=\"caption-attachment-50066\" style=\"width: 1287px\" class=\"wp-caption alignnone\"><img loading=\"lazy\" decoding=\"async\" class=\"wp-image-50066 size-full\" src=\"https:\/\/www.musikzeitung.ch\/wp-content\/uploads\/2023\/12\/Jury-Clormann.jpeg\" alt=\"\" width=\"1287\" height=\"850\" srcset=\"https:\/\/www.musikzeitung.ch\/wp-content\/uploads\/2023\/12\/Jury-Clormann.jpeg 1287w, https:\/\/www.musikzeitung.ch\/wp-content\/uploads\/2023\/12\/Jury-Clormann-300x198.jpeg 300w, https:\/\/www.musikzeitung.ch\/wp-content\/uploads\/2023\/12\/Jury-Clormann-1024x676.jpeg 1024w, https:\/\/www.musikzeitung.ch\/wp-content\/uploads\/2023\/12\/Jury-Clormann-768x507.jpeg 768w, https:\/\/www.musikzeitung.ch\/wp-content\/uploads\/2023\/12\/Jury-Clormann-265x175.jpeg 265w, https:\/\/www.musikzeitung.ch\/wp-content\/uploads\/2023\/12\/Jury-Clormann-530x350.jpeg 530w, https:\/\/www.musikzeitung.ch\/wp-content\/uploads\/2023\/12\/Jury-Clormann-1211x800.jpeg 1211w, https:\/\/www.musikzeitung.ch\/wp-content\/uploads\/2023\/12\/Jury-Clormann-920x608.jpeg 920w\" sizes=\"auto, (max-width: 1287px) 100vw, 1287px\" \/><figcaption id=\"caption-attachment-50066\" class=\"wp-caption-text\">Jury Clormann. Photo: zVg<\/figcaption><\/figure>\n<p>\"Quietly my songs plead \/ Through the night to you...\" - the setting of Ludwig Rellstab's <em>Serenade<\/em> by Franz Schubert in the posthumously published song collection <em>Swan song<\/em> has inspired many other composers and editors to make instrumental arrangements. The version for two guitars, as now presented to us by Winterthur guitarist Jury Clormann, is also musically rich and also easy to play on the twelve strings.<\/p>\n<p>The piece was part of the repertoire of Clormann and his duo partner Elisabeth Trechslin and can be <a href=\"https:\/\/www.youtube.com\/watch?v=Y47YQVfjjs0\" target=\"_blank\" rel=\"noopener\">listened to on Youtube<\/a> be. Clormann cleverly based his arrangement not only on Schubert's original, but also on the piano version by Franz Liszt and the solo guitar version by Johann Kaspar Mertz. He adopted Liszt's small-scale fugal triplet motifs, but borrowed from Mertz in the final section with its various arpeggios. What Mertz had omitted from Schubert's musical material was added to by Clormann. All of this in the service of the romantic intimacy of Schubert's music and Rellstab's lyric: \"Let your chest move too, (...) Come, make me happy!\"<\/p>\n<p>The sheet music edition also contains the arrangements of three short piano pieces: <em>Minuet and Trio,<\/em> a <em>Waltz<\/em> (the first of <em>36 original dances<\/em> from op. 9 and D. 365) and a <em>German dance and Ecossaise<\/em> - all exemplary edited, with score and individual parts, but without fingerings.<img loading=\"lazy\" decoding=\"async\" class=\"aligncenter wp-image-50070 size-medium\" src=\"https:\/\/www.musikzeitung.ch\/wp-content\/uploads\/2023\/12\/12_crit_note_Schubert-233x300.jpg\" alt=\"\" width=\"233\" height=\"300\" srcset=\"https:\/\/www.musikzeitung.ch\/wp-content\/uploads\/2023\/12\/12_crit_note_Schubert-233x300.jpg 233w, https:\/\/www.musikzeitung.ch\/wp-content\/uploads\/2023\/12\/12_crit_note_Schubert-136x175.jpg 136w, https:\/\/www.musikzeitung.ch\/wp-content\/uploads\/2023\/12\/12_crit_note_Schubert-272x350.jpg 272w, https:\/\/www.musikzeitung.ch\/wp-content\/uploads\/2023\/12\/12_crit_note_Schubert-300x386.jpg 300w, https:\/\/www.musikzeitung.ch\/wp-content\/uploads\/2023\/12\/12_crit_note_Schubert.jpg 400w\" sizes=\"auto, (max-width: 233px) 100vw, 233px\" \/><\/p>\n<p><em>Franz Schubert: Serenade, Minuet, Waltz, German Dance and Ecossaise, edited and published by Jury Clormann, first edition, BP 2883, Fr. 19.50, Amadeus, Winterthur<\/em><\/p>","protected":false},"excerpt":{"rendered":"<p>Jury Clormann has arranged the \"St\u00e4ndchen\" and some dances for two guitars. <\/p>","protected":false},"author":29,"featured_media":50066,"comment_status":"closed","ping_status":"closed","sticky":false,"template":"","format":"standard","meta":{"_acf_changed":false,"_relevanssi_hide_post":"","_relevanssi_hide_content":"","_relevanssi_pin_for_all":"","_relevanssi_pin_keywords":"","_relevanssi_unpin_keywords":"","_relevanssi_related_keywords":"","_relevanssi_related_include_ids":"","_relevanssi_related_exclude_ids":"","_relevanssi_related_no_append":"","_relevanssi_related_not_related":"","_relevanssi_related_posts":"","_relevanssi_noindex_reason":"","pgc_sgb_lightbox_settings":"","footnotes":""},"categories":[1316,29],"tags":[3478,3477,1602,3476,3474,3475],"class_list":["post-50064","post","type-post","status-publish","format-standard","has-post-thumbnail","hentry","category-noten-rezensionen","category-rezensionen","tag-duo","tag-elisabeth-trechslin","tag-gitarre","tag-jury-clormann","tag-schubert","tag-staendchen"],"acf":[],"yoast_head":"<!-- This site is optimized with the Yoast SEO plugin v27.4 - https:\/\/yoast.com\/product\/yoast-seo-wordpress\/ -->\n<title>Schubert gitarristisch - Schweizer Musikzeitung<\/title>\n<meta name=\"description\" content=\"Jury Clormann hat das \u00abSt\u00e4ndchen\u00bb und einige T\u00e4nze f\u00fcr zwei Gitarren arrangiert.\" \/>\n<meta name=\"robots\" content=\"index, follow, max-snippet:-1, max-image-preview:large, max-video-preview:-1\" \/>\n<link rel=\"canonical\" href=\"https:\/\/www.musikzeitung.ch\/en\/rezensionen\/noten-rezensionen\/2023\/12\/clormann\/\" \/>\n<meta property=\"og:locale\" content=\"en_US\" \/>\n<meta property=\"og:type\" content=\"article\" \/>\n<meta property=\"og:title\" content=\"Schubert gitarristisch - Schweizer Musikzeitung\" \/>\n<meta property=\"og:description\" content=\"Jury Clormann hat das \u00abSt\u00e4ndchen\u00bb und einige T\u00e4nze f\u00fcr zwei Gitarren arrangiert.\" \/>\n<meta property=\"og:url\" content=\"https:\/\/www.musikzeitung.ch\/en\/rezensionen\/noten-rezensionen\/2023\/12\/clormann\/\" \/>\n<meta property=\"og:site_name\" content=\"Schweizer Musikzeitung\" \/>\n<meta property=\"article:publisher\" content=\"https:\/\/www.facebook.com\/SchweizerMusikzeitung\/\" \/>\n<meta property=\"article:published_time\" content=\"2023-12-05T18:27:13+00:00\" \/>\n<meta property=\"article:modified_time\" content=\"2023-12-07T13:37:07+00:00\" \/>\n<meta property=\"og:image\" content=\"https:\/\/www.musikzeitung.ch\/wp-content\/uploads\/2023\/12\/Jury-Clormann.jpeg\" \/>\n\t<meta property=\"og:image:width\" content=\"1287\" \/>\n\t<meta property=\"og:image:height\" content=\"850\" \/>\n\t<meta property=\"og:image:type\" content=\"image\/jpeg\" \/>\n<meta name=\"author\" content=\"pia.schwab\" \/>\n<meta name=\"twitter:card\" content=\"summary_large_image\" \/>\n<meta name=\"twitter:creator\" content=\"@smusikzeitung\" \/>\n<meta name=\"twitter:site\" content=\"@smusikzeitung\" \/>\n<meta name=\"twitter:label1\" content=\"Written by\" \/>\n\t<meta name=\"twitter:data1\" content=\"pia.schwab\" \/>\n\t<meta name=\"twitter:label2\" content=\"Est. reading time\" \/>\n\t<meta name=\"twitter:data2\" content=\"2 minutes\" \/>\n<script type=\"application\/ld+json\" class=\"yoast-schema-graph\">{\"@context\":\"https:\\\/\\\/schema.org\",\"@graph\":[{\"@type\":\"Article\",\"@id\":\"https:\\\/\\\/www.musikzeitung.ch\\\/rezensionen\\\/noten-rezensionen\\\/2023\\\/12\\\/clormann#article\",\"isPartOf\":{\"@id\":\"https:\\\/\\\/www.musikzeitung.ch\\\/rezensionen\\\/noten-rezensionen\\\/2023\\\/12\\\/clormann\"},\"author\":{\"name\":\"pia.schwab\",\"@id\":\"https:\\\/\\\/www.musikzeitung.ch\\\/#\\\/schema\\\/person\\\/ea3d7b86bd7157c78c7ddd37f2f82b5b\"},\"headline\":\"Schubert gitarristisch\",\"datePublished\":\"2023-12-05T18:27:13+00:00\",\"dateModified\":\"2023-12-07T13:37:07+00:00\",\"mainEntityOfPage\":{\"@id\":\"https:\\\/\\\/www.musikzeitung.ch\\\/rezensionen\\\/noten-rezensionen\\\/2023\\\/12\\\/clormann\"},\"wordCount\":254,\"publisher\":{\"@id\":\"https:\\\/\\\/www.musikzeitung.ch\\\/#organization\"},\"image\":{\"@id\":\"https:\\\/\\\/www.musikzeitung.ch\\\/rezensionen\\\/noten-rezensionen\\\/2023\\\/12\\\/clormann#primaryimage\"},\"thumbnailUrl\":\"https:\\\/\\\/www.musikzeitung.ch\\\/wp-content\\\/uploads\\\/2023\\\/12\\\/Jury-Clormann.jpeg\",\"keywords\":[\"Duo\",\"Elisabeth Trechslin\",\"Gitarre\",\"Jury Clormann\",\"Schubert\",\"St\u00e4ndchen\"],\"articleSection\":[\"Noten\",\"Rezensionen\"],\"inLanguage\":\"en-US\"},{\"@type\":\"WebPage\",\"@id\":\"https:\\\/\\\/www.musikzeitung.ch\\\/rezensionen\\\/noten-rezensionen\\\/2023\\\/12\\\/clormann\",\"url\":\"https:\\\/\\\/www.musikzeitung.ch\\\/rezensionen\\\/noten-rezensionen\\\/2023\\\/12\\\/clormann\",\"name\":\"Schubert gitarristisch - Schweizer Musikzeitung\",\"isPartOf\":{\"@id\":\"https:\\\/\\\/www.musikzeitung.ch\\\/#website\"},\"primaryImageOfPage\":{\"@id\":\"https:\\\/\\\/www.musikzeitung.ch\\\/rezensionen\\\/noten-rezensionen\\\/2023\\\/12\\\/clormann#primaryimage\"},\"image\":{\"@id\":\"https:\\\/\\\/www.musikzeitung.ch\\\/rezensionen\\\/noten-rezensionen\\\/2023\\\/12\\\/clormann#primaryimage\"},\"thumbnailUrl\":\"https:\\\/\\\/www.musikzeitung.ch\\\/wp-content\\\/uploads\\\/2023\\\/12\\\/Jury-Clormann.jpeg\",\"datePublished\":\"2023-12-05T18:27:13+00:00\",\"dateModified\":\"2023-12-07T13:37:07+00:00\",\"description\":\"Jury Clormann hat das \u00abSt\u00e4ndchen\u00bb und einige T\u00e4nze f\u00fcr zwei Gitarren arrangiert.\",\"breadcrumb\":{\"@id\":\"https:\\\/\\\/www.musikzeitung.ch\\\/rezensionen\\\/noten-rezensionen\\\/2023\\\/12\\\/clormann#breadcrumb\"},\"inLanguage\":\"en-US\",\"potentialAction\":[{\"@type\":\"ReadAction\",\"target\":[\"https:\\\/\\\/www.musikzeitung.ch\\\/rezensionen\\\/noten-rezensionen\\\/2023\\\/12\\\/clormann\"]}]},{\"@type\":\"ImageObject\",\"inLanguage\":\"en-US\",\"@id\":\"https:\\\/\\\/www.musikzeitung.ch\\\/rezensionen\\\/noten-rezensionen\\\/2023\\\/12\\\/clormann#primaryimage\",\"url\":\"https:\\\/\\\/www.musikzeitung.ch\\\/wp-content\\\/uploads\\\/2023\\\/12\\\/Jury-Clormann.jpeg\",\"contentUrl\":\"https:\\\/\\\/www.musikzeitung.ch\\\/wp-content\\\/uploads\\\/2023\\\/12\\\/Jury-Clormann.jpeg\",\"width\":1287,\"height\":850},{\"@type\":\"BreadcrumbList\",\"@id\":\"https:\\\/\\\/www.musikzeitung.ch\\\/rezensionen\\\/noten-rezensionen\\\/2023\\\/12\\\/clormann#breadcrumb\",\"itemListElement\":[{\"@type\":\"ListItem\",\"position\":1,\"name\":\"Home\",\"item\":\"https:\\\/\\\/www.musikzeitung.ch\\\/\"},{\"@type\":\"ListItem\",\"position\":2,\"name\":\"Schubert gitarristisch\"}]},{\"@type\":\"WebSite\",\"@id\":\"https:\\\/\\\/www.musikzeitung.ch\\\/#website\",\"url\":\"https:\\\/\\\/www.musikzeitung.ch\\\/\",\"name\":\"Schweizer Musikzeitung\",\"description\":\"Die f\u00fchrende sparten\u00fcbergreifende Monatszeitung in der Schweiz f\u00fcr musikalische Fragen.\",\"publisher\":{\"@id\":\"https:\\\/\\\/www.musikzeitung.ch\\\/#organization\"},\"potentialAction\":[{\"@type\":\"SearchAction\",\"target\":{\"@type\":\"EntryPoint\",\"urlTemplate\":\"https:\\\/\\\/www.musikzeitung.ch\\\/?s={search_term_string}\"},\"query-input\":{\"@type\":\"PropertyValueSpecification\",\"valueRequired\":true,\"valueName\":\"search_term_string\"}}],\"inLanguage\":\"en-US\"},{\"@type\":\"Organization\",\"@id\":\"https:\\\/\\\/www.musikzeitung.ch\\\/#organization\",\"name\":\"Schweizer Musikzeitung\",\"url\":\"https:\\\/\\\/www.musikzeitung.ch\\\/\",\"logo\":{\"@type\":\"ImageObject\",\"inLanguage\":\"en-US\",\"@id\":\"https:\\\/\\\/www.musikzeitung.ch\\\/#\\\/schema\\\/logo\\\/image\\\/\",\"url\":\"https:\\\/\\\/www.musikzeitung.ch\\\/wp-content\\\/uploads\\\/2023\\\/01\\\/SMZ_Schriftzug_Sprache.png\",\"contentUrl\":\"https:\\\/\\\/www.musikzeitung.ch\\\/wp-content\\\/uploads\\\/2023\\\/01\\\/SMZ_Schriftzug_Sprache.png\",\"width\":1400,\"height\":279,\"caption\":\"Schweizer Musikzeitung\"},\"image\":{\"@id\":\"https:\\\/\\\/www.musikzeitung.ch\\\/#\\\/schema\\\/logo\\\/image\\\/\"},\"sameAs\":[\"https:\\\/\\\/www.facebook.com\\\/SchweizerMusikzeitung\\\/\",\"https:\\\/\\\/x.com\\\/smusikzeitung\",\"https:\\\/\\\/www.instagram.com\\\/musikzeitung.ch\\\/\"]},{\"@type\":\"Person\",\"@id\":\"https:\\\/\\\/www.musikzeitung.ch\\\/#\\\/schema\\\/person\\\/ea3d7b86bd7157c78c7ddd37f2f82b5b\",\"name\":\"pia.schwab\",\"image\":{\"@type\":\"ImageObject\",\"inLanguage\":\"en-US\",\"@id\":\"https:\\\/\\\/secure.gravatar.com\\\/avatar\\\/d39d170de4c2d07e897fbc26cf9d890fc046285c742207b86d8ebabe5fcde2c4?s=96&d=mm&r=g\",\"url\":\"https:\\\/\\\/secure.gravatar.com\\\/avatar\\\/d39d170de4c2d07e897fbc26cf9d890fc046285c742207b86d8ebabe5fcde2c4?s=96&d=mm&r=g\",\"contentUrl\":\"https:\\\/\\\/secure.gravatar.com\\\/avatar\\\/d39d170de4c2d07e897fbc26cf9d890fc046285c742207b86d8ebabe5fcde2c4?s=96&d=mm&r=g\",\"caption\":\"pia.schwab\"},\"url\":\"https:\\\/\\\/www.musikzeitung.ch\\\/en\\\/author\\\/pia-schwab\"}]}<\/script>\n<!-- \/ Yoast SEO plugin. -->","yoast_head_json":{"title":"Schubert the guitarist - Schweizer Musikzeitung","description":"Jury Clormann has arranged the \"St\u00e4ndchen\" and some dances for two guitars.","robots":{"index":"index","follow":"follow","max-snippet":"max-snippet:-1","max-image-preview":"max-image-preview:large","max-video-preview":"max-video-preview:-1"},"canonical":"https:\/\/www.musikzeitung.ch\/en\/rezensionen\/noten-rezensionen\/2023\/12\/clormann\/","og_locale":"en_US","og_type":"article","og_title":"Schubert gitarristisch - Schweizer Musikzeitung","og_description":"Jury Clormann hat das \u00abSt\u00e4ndchen\u00bb und einige T\u00e4nze f\u00fcr zwei Gitarren arrangiert.","og_url":"https:\/\/www.musikzeitung.ch\/en\/rezensionen\/noten-rezensionen\/2023\/12\/clormann\/","og_site_name":"Schweizer Musikzeitung","article_publisher":"https:\/\/www.facebook.com\/SchweizerMusikzeitung\/","article_published_time":"2023-12-05T18:27:13+00:00","article_modified_time":"2023-12-07T13:37:07+00:00","og_image":[{"width":1287,"height":850,"url":"https:\/\/www.musikzeitung.ch\/wp-content\/uploads\/2023\/12\/Jury-Clormann.jpeg","type":"image\/jpeg"}],"author":"pia.schwab","twitter_card":"summary_large_image","twitter_creator":"@smusikzeitung","twitter_site":"@smusikzeitung","twitter_misc":{"Written by":"pia.schwab","Est. reading time":"2 minutes"},"schema":{"@context":"https:\/\/schema.org","@graph":[{"@type":"Article","@id":"https:\/\/www.musikzeitung.ch\/rezensionen\/noten-rezensionen\/2023\/12\/clormann#article","isPartOf":{"@id":"https:\/\/www.musikzeitung.ch\/rezensionen\/noten-rezensionen\/2023\/12\/clormann"},"author":{"name":"pia.schwab","@id":"https:\/\/www.musikzeitung.ch\/#\/schema\/person\/ea3d7b86bd7157c78c7ddd37f2f82b5b"},"headline":"Schubert gitarristisch","datePublished":"2023-12-05T18:27:13+00:00","dateModified":"2023-12-07T13:37:07+00:00","mainEntityOfPage":{"@id":"https:\/\/www.musikzeitung.ch\/rezensionen\/noten-rezensionen\/2023\/12\/clormann"},"wordCount":254,"publisher":{"@id":"https:\/\/www.musikzeitung.ch\/#organization"},"image":{"@id":"https:\/\/www.musikzeitung.ch\/rezensionen\/noten-rezensionen\/2023\/12\/clormann#primaryimage"},"thumbnailUrl":"https:\/\/www.musikzeitung.ch\/wp-content\/uploads\/2023\/12\/Jury-Clormann.jpeg","keywords":["Duo","Elisabeth Trechslin","Gitarre","Jury Clormann","Schubert","St\u00e4ndchen"],"articleSection":["Noten","Rezensionen"],"inLanguage":"en-US"},{"@type":"WebPage","@id":"https:\/\/www.musikzeitung.ch\/rezensionen\/noten-rezensionen\/2023\/12\/clormann","url":"https:\/\/www.musikzeitung.ch\/rezensionen\/noten-rezensionen\/2023\/12\/clormann","name":"Schubert the guitarist - Schweizer Musikzeitung","isPartOf":{"@id":"https:\/\/www.musikzeitung.ch\/#website"},"primaryImageOfPage":{"@id":"https:\/\/www.musikzeitung.ch\/rezensionen\/noten-rezensionen\/2023\/12\/clormann#primaryimage"},"image":{"@id":"https:\/\/www.musikzeitung.ch\/rezensionen\/noten-rezensionen\/2023\/12\/clormann#primaryimage"},"thumbnailUrl":"https:\/\/www.musikzeitung.ch\/wp-content\/uploads\/2023\/12\/Jury-Clormann.jpeg","datePublished":"2023-12-05T18:27:13+00:00","dateModified":"2023-12-07T13:37:07+00:00","description":"Jury Clormann has arranged the \"St\u00e4ndchen\" and some dances for two guitars.","breadcrumb":{"@id":"https:\/\/www.musikzeitung.ch\/rezensionen\/noten-rezensionen\/2023\/12\/clormann#breadcrumb"},"inLanguage":"en-US","potentialAction":[{"@type":"ReadAction","target":["https:\/\/www.musikzeitung.ch\/rezensionen\/noten-rezensionen\/2023\/12\/clormann"]}]},{"@type":"ImageObject","inLanguage":"en-US","@id":"https:\/\/www.musikzeitung.ch\/rezensionen\/noten-rezensionen\/2023\/12\/clormann#primaryimage","url":"https:\/\/www.musikzeitung.ch\/wp-content\/uploads\/2023\/12\/Jury-Clormann.jpeg","contentUrl":"https:\/\/www.musikzeitung.ch\/wp-content\/uploads\/2023\/12\/Jury-Clormann.jpeg","width":1287,"height":850},{"@type":"BreadcrumbList","@id":"https:\/\/www.musikzeitung.ch\/rezensionen\/noten-rezensionen\/2023\/12\/clormann#breadcrumb","itemListElement":[{"@type":"ListItem","position":1,"name":"Home","item":"https:\/\/www.musikzeitung.ch\/"},{"@type":"ListItem","position":2,"name":"Schubert gitarristisch"}]},{"@type":"WebSite","@id":"https:\/\/www.musikzeitung.ch\/#website","url":"https:\/\/www.musikzeitung.ch\/","name":"Swiss Music Newspaper","description":"The leading interdisciplinary monthly newspaper in Switzerland for musical issues.","publisher":{"@id":"https:\/\/www.musikzeitung.ch\/#organization"},"potentialAction":[{"@type":"SearchAction","target":{"@type":"EntryPoint","urlTemplate":"https:\/\/www.musikzeitung.ch\/?s={search_term_string}"},"query-input":{"@type":"PropertyValueSpecification","valueRequired":true,"valueName":"search_term_string"}}],"inLanguage":"en-US"},{"@type":"Organization","@id":"https:\/\/www.musikzeitung.ch\/#organization","name":"Swiss Music Newspaper","url":"https:\/\/www.musikzeitung.ch\/","logo":{"@type":"ImageObject","inLanguage":"en-US","@id":"https:\/\/www.musikzeitung.ch\/#\/schema\/logo\/image\/","url":"https:\/\/www.musikzeitung.ch\/wp-content\/uploads\/2023\/01\/SMZ_Schriftzug_Sprache.png","contentUrl":"https:\/\/www.musikzeitung.ch\/wp-content\/uploads\/2023\/01\/SMZ_Schriftzug_Sprache.png","width":1400,"height":279,"caption":"Schweizer Musikzeitung"},"image":{"@id":"https:\/\/www.musikzeitung.ch\/#\/schema\/logo\/image\/"},"sameAs":["https:\/\/www.facebook.com\/SchweizerMusikzeitung\/","https:\/\/x.com\/smusikzeitung","https:\/\/www.instagram.com\/musikzeitung.ch\/"]},{"@type":"Person","@id":"https:\/\/www.musikzeitung.ch\/#\/schema\/person\/ea3d7b86bd7157c78c7ddd37f2f82b5b","name":"pia.schwab","image":{"@type":"ImageObject","inLanguage":"en-US","@id":"https:\/\/secure.gravatar.com\/avatar\/d39d170de4c2d07e897fbc26cf9d890fc046285c742207b86d8ebabe5fcde2c4?s=96&d=mm&r=g","url":"https:\/\/secure.gravatar.com\/avatar\/d39d170de4c2d07e897fbc26cf9d890fc046285c742207b86d8ebabe5fcde2c4?s=96&d=mm&r=g","contentUrl":"https:\/\/secure.gravatar.com\/avatar\/d39d170de4c2d07e897fbc26cf9d890fc046285c742207b86d8ebabe5fcde2c4?s=96&d=mm&r=g","caption":"pia.schwab"},"url":"https:\/\/www.musikzeitung.ch\/en\/author\/pia-schwab"}]}},"publishpress_future_workflow_manual_trigger":{"enabledWorkflows":[]},"_links":{"self":[{"href":"https:\/\/www.musikzeitung.ch\/en\/wp-json\/wp\/v2\/posts\/50064","targetHints":{"allow":["GET"]}}],"collection":[{"href":"https:\/\/www.musikzeitung.ch\/en\/wp-json\/wp\/v2\/posts"}],"about":[{"href":"https:\/\/www.musikzeitung.ch\/en\/wp-json\/wp\/v2\/types\/post"}],"author":[{"embeddable":true,"href":"https:\/\/www.musikzeitung.ch\/en\/wp-json\/wp\/v2\/users\/29"}],"replies":[{"embeddable":true,"href":"https:\/\/www.musikzeitung.ch\/en\/wp-json\/wp\/v2\/comments?post=50064"}],"version-history":[{"count":4,"href":"https:\/\/www.musikzeitung.ch\/en\/wp-json\/wp\/v2\/posts\/50064\/revisions"}],"predecessor-version":[{"id":50072,"href":"https:\/\/www.musikzeitung.ch\/en\/wp-json\/wp\/v2\/posts\/50064\/revisions\/50072"}],"wp:featuredmedia":[{"embeddable":true,"href":"https:\/\/www.musikzeitung.ch\/en\/wp-json\/wp\/v2\/media\/50066"}],"wp:attachment":[{"href":"https:\/\/www.musikzeitung.ch\/en\/wp-json\/wp\/v2\/media?parent=50064"}],"wp:term":[{"taxonomy":"category","embeddable":true,"href":"https:\/\/www.musikzeitung.ch\/en\/wp-json\/wp\/v2\/categories?post=50064"},{"taxonomy":"post_tag","embeddable":true,"href":"https:\/\/www.musikzeitung.ch\/en\/wp-json\/wp\/v2\/tags?post=50064"}],"curies":[{"name":"wp","href":"https:\/\/api.w.org\/{rel}","templated":true}]}}