{"id":50125,"date":"2023-12-05T07:35:15","date_gmt":"2023-12-05T06:35:15","guid":{"rendered":"https:\/\/www.musikzeitung.ch\/?p=50125"},"modified":"2023-12-07T14:39:05","modified_gmt":"2023-12-07T13:39:05","slug":"foerderpreise-der-musikschule-konservatorium-zuerich-2","status":"publish","type":"post","link":"https:\/\/www.musikzeitung.ch\/en\/news\/2023\/12\/foerderpreise-der-musikschule-konservatorium-zuerich-2","title":{"rendered":"Sponsorship awards from the Zurich Conservatory of Music"},"content":{"rendered":"<figure id=\"attachment_50126\" aria-describedby=\"caption-attachment-50126\" style=\"width: 615px\" class=\"wp-caption aligncenter\"><img loading=\"lazy\" decoding=\"async\" class=\"wp-image-50126\" src=\"https:\/\/www.musikzeitung.ch\/wp-content\/uploads\/2023\/12\/231205mks.jpg\" alt=\"\" width=\"615\" height=\"439\" srcset=\"https:\/\/www.musikzeitung.ch\/wp-content\/uploads\/2023\/12\/231205mks.jpg 1166w, https:\/\/www.musikzeitung.ch\/wp-content\/uploads\/2023\/12\/231205mks-300x214.jpg 300w, https:\/\/www.musikzeitung.ch\/wp-content\/uploads\/2023\/12\/231205mks-1024x731.jpg 1024w, https:\/\/www.musikzeitung.ch\/wp-content\/uploads\/2023\/12\/231205mks-768x548.jpg 768w, https:\/\/www.musikzeitung.ch\/wp-content\/uploads\/2023\/12\/231205mks-245x175.jpg 245w, https:\/\/www.musikzeitung.ch\/wp-content\/uploads\/2023\/12\/231205mks-491x350.jpg 491w, https:\/\/www.musikzeitung.ch\/wp-content\/uploads\/2023\/12\/231205mks-1121x800.jpg 1121w, https:\/\/www.musikzeitung.ch\/wp-content\/uploads\/2023\/12\/231205mks-920x656.jpg 920w\" sizes=\"auto, (max-width: 615px) 100vw, 615px\" \/><figcaption id=\"caption-attachment-50126\" class=\"wp-caption-text\">Ambraze (Photo: Patrick Gutenberg)<\/figcaption><\/figure>\n<p>Every year, talented musicians from the Musikschule Konservatorium Z\u00fcrich (MKZ) take part in the competition. Four solo acts and three bands qualified for the final at the Moods jazz club via video casting. There they sang and played in front of a packed house and faced the five-member jury.<\/p>\n<p>19-year-old Ambraze (real name: Ana\u00efs Nowik) was the winner in the solo category. She began singing lessons at MKZ in the sixth grade. She is currently studying at MKZ's Pre-College with Anna K\u00e4nzig. The Gian Rungger Quartet came out on top in the band category. The four young musicians presented two original compositions. The quartet, led by Christoph Irniger, has been playing together in this line-up since 2022.<\/p>\n<p>The prizes of the F\u00f6rderstiftung Musik und Musikschule Konservatorium Z\u00fcrich (FMZ) are awarded annually for \"outstanding artistic achievement\". In view of the very high standard of the competition, the jury's decision was not an easy one. All participants receive professional coaching to further their careers.<\/p>\n<p><strong>More info:<\/strong><br \/>\n<a href=\"https:\/\/www.stadt-zuerich.ch\/content\/ssd\/de\/index\/departement_schul_sport\/medien\/medienmitteilungen\/2023\/dezember\/231204a.html\">https:\/\/www.stadt-zuerich.ch\/content\/ssd\/de\/index\/departement_schul_sport\/medien\/medienmitteilungen\/2023\/dezember\/231204a.html<\/a><\/p>","protected":false},"excerpt":{"rendered":"<p>The pop\/rock\/jazz sponsorship prizes of the Zurich Conservatory of Music have been awarded for the ninth time. They go to the singer Ambraze and the Gian Rungger Quartet.<\/p>","protected":false},"author":30,"featured_media":50126,"comment_status":"closed","ping_status":"closed","sticky":false,"template":"","format":"standard","meta":{"_acf_changed":false,"_relevanssi_hide_post":"","_relevanssi_hide_content":"","_relevanssi_pin_for_all":"","_relevanssi_pin_keywords":"","_relevanssi_unpin_keywords":"","_relevanssi_related_keywords":"","_relevanssi_related_include_ids":"","_relevanssi_related_exclude_ids":"","_relevanssi_related_no_append":"","_relevanssi_related_not_related":"","_relevanssi_related_posts":"","_relevanssi_noindex_reason":"","pgc_sgb_lightbox_settings":"","footnotes":""},"categories":[27],"tags":[3494,3495,3493],"class_list":["post-50125","post","type-post","status-publish","format-standard","has-post-thumbnail","hentry","category-news","tag-ambraze","tag-gian-rungger-quartett","tag-musikschule-konservatoriu-m-zuerich"],"acf":[],"yoast_head":"<!-- This site is optimized with the Yoast SEO plugin v27.4 - https:\/\/yoast.com\/product\/yoast-seo-wordpress\/ -->\n<title>F\u00f6rderpreise der Musikschule Konservatorium Z\u00fcrich - Schweizer Musikzeitung<\/title>\n<meta name=\"description\" content=\"Die F\u00f6rderpreise Pop\/Rock\/Jazz von Musikschule Konservatorium Z\u00fcrich gehen an die S\u00e4ngerin Ambraze und das Gian Rungger Quartett.\" \/>\n<meta name=\"robots\" content=\"index, follow, max-snippet:-1, max-image-preview:large, max-video-preview:-1\" \/>\n<link rel=\"canonical\" href=\"https:\/\/www.musikzeitung.ch\/en\/news\/2023\/12\/foerderpreise-der-musikschule-konservatorium-zuerich-2\/\" \/>\n<meta property=\"og:locale\" content=\"en_US\" \/>\n<meta property=\"og:type\" content=\"article\" \/>\n<meta property=\"og:title\" content=\"F\u00f6rderpreise der Musikschule Konservatorium Z\u00fcrich - Schweizer Musikzeitung\" \/>\n<meta property=\"og:description\" content=\"Die F\u00f6rderpreise Pop\/Rock\/Jazz von Musikschule Konservatorium Z\u00fcrich gehen an die S\u00e4ngerin Ambraze und das Gian Rungger Quartett.\" \/>\n<meta property=\"og:url\" content=\"https:\/\/www.musikzeitung.ch\/en\/news\/2023\/12\/foerderpreise-der-musikschule-konservatorium-zuerich-2\/\" \/>\n<meta property=\"og:site_name\" content=\"Schweizer Musikzeitung\" \/>\n<meta property=\"article:publisher\" content=\"https:\/\/www.facebook.com\/SchweizerMusikzeitung\/\" \/>\n<meta property=\"article:author\" content=\"https:\/\/www.facebook.com\/wolfgang.bohler.75\" \/>\n<meta property=\"article:published_time\" content=\"2023-12-05T06:35:15+00:00\" \/>\n<meta property=\"article:modified_time\" content=\"2023-12-07T13:39:05+00:00\" \/>\n<meta property=\"og:image\" content=\"https:\/\/www.musikzeitung.ch\/wp-content\/uploads\/2023\/12\/231205mks.jpg\" \/>\n\t<meta property=\"og:image:width\" content=\"1166\" \/>\n\t<meta property=\"og:image:height\" content=\"832\" \/>\n\t<meta property=\"og:image:type\" content=\"image\/jpeg\" \/>\n<meta name=\"author\" content=\"Wolfgang B\u00f6hler\" \/>\n<meta name=\"twitter:card\" content=\"summary_large_image\" \/>\n<meta name=\"twitter:creator\" content=\"@smusikzeitung\" \/>\n<meta name=\"twitter:site\" content=\"@smusikzeitung\" \/>\n<meta name=\"twitter:label1\" content=\"Written by\" \/>\n\t<meta name=\"twitter:data1\" content=\"Wolfgang B\u00f6hler\" \/>\n\t<meta name=\"twitter:label2\" content=\"Est. reading time\" \/>\n\t<meta name=\"twitter:data2\" content=\"2 minutes\" \/>\n<script type=\"application\/ld+json\" class=\"yoast-schema-graph\">{\"@context\":\"https:\\\/\\\/schema.org\",\"@graph\":[{\"@type\":\"Article\",\"@id\":\"https:\\\/\\\/www.musikzeitung.ch\\\/news\\\/2023\\\/12\\\/foerderpreise-der-musikschule-konservatorium-zuerich-2#article\",\"isPartOf\":{\"@id\":\"https:\\\/\\\/www.musikzeitung.ch\\\/news\\\/2023\\\/12\\\/foerderpreise-der-musikschule-konservatorium-zuerich-2\"},\"author\":{\"name\":\"Wolfgang B\u00f6hler\",\"@id\":\"https:\\\/\\\/www.musikzeitung.ch\\\/#\\\/schema\\\/person\\\/0da4fb82d243f1252850a35d0e87cf0c\"},\"headline\":\"F\u00f6rderpreise der Musikschule Konservatorium Z\u00fcrich\",\"datePublished\":\"2023-12-05T06:35:15+00:00\",\"dateModified\":\"2023-12-07T13:39:05+00:00\",\"mainEntityOfPage\":{\"@id\":\"https:\\\/\\\/www.musikzeitung.ch\\\/news\\\/2023\\\/12\\\/foerderpreise-der-musikschule-konservatorium-zuerich-2\"},\"wordCount\":203,\"publisher\":{\"@id\":\"https:\\\/\\\/www.musikzeitung.ch\\\/#organization\"},\"image\":{\"@id\":\"https:\\\/\\\/www.musikzeitung.ch\\\/news\\\/2023\\\/12\\\/foerderpreise-der-musikschule-konservatorium-zuerich-2#primaryimage\"},\"thumbnailUrl\":\"https:\\\/\\\/www.musikzeitung.ch\\\/wp-content\\\/uploads\\\/2023\\\/12\\\/231205mks.jpg\",\"keywords\":[\"Ambraze\",\"Gian Rungger Quartett\",\"Musikschule Konservatoriu m Z\u00fcrich\"],\"articleSection\":[\"News\"],\"inLanguage\":\"en-US\"},{\"@type\":\"WebPage\",\"@id\":\"https:\\\/\\\/www.musikzeitung.ch\\\/news\\\/2023\\\/12\\\/foerderpreise-der-musikschule-konservatorium-zuerich-2\",\"url\":\"https:\\\/\\\/www.musikzeitung.ch\\\/news\\\/2023\\\/12\\\/foerderpreise-der-musikschule-konservatorium-zuerich-2\",\"name\":\"F\u00f6rderpreise der Musikschule Konservatorium Z\u00fcrich - Schweizer Musikzeitung\",\"isPartOf\":{\"@id\":\"https:\\\/\\\/www.musikzeitung.ch\\\/#website\"},\"primaryImageOfPage\":{\"@id\":\"https:\\\/\\\/www.musikzeitung.ch\\\/news\\\/2023\\\/12\\\/foerderpreise-der-musikschule-konservatorium-zuerich-2#primaryimage\"},\"image\":{\"@id\":\"https:\\\/\\\/www.musikzeitung.ch\\\/news\\\/2023\\\/12\\\/foerderpreise-der-musikschule-konservatorium-zuerich-2#primaryimage\"},\"thumbnailUrl\":\"https:\\\/\\\/www.musikzeitung.ch\\\/wp-content\\\/uploads\\\/2023\\\/12\\\/231205mks.jpg\",\"datePublished\":\"2023-12-05T06:35:15+00:00\",\"dateModified\":\"2023-12-07T13:39:05+00:00\",\"description\":\"Die F\u00f6rderpreise Pop\\\/Rock\\\/Jazz von Musikschule Konservatorium Z\u00fcrich gehen an die S\u00e4ngerin Ambraze und das Gian Rungger Quartett.\",\"breadcrumb\":{\"@id\":\"https:\\\/\\\/www.musikzeitung.ch\\\/news\\\/2023\\\/12\\\/foerderpreise-der-musikschule-konservatorium-zuerich-2#breadcrumb\"},\"inLanguage\":\"en-US\",\"potentialAction\":[{\"@type\":\"ReadAction\",\"target\":[\"https:\\\/\\\/www.musikzeitung.ch\\\/news\\\/2023\\\/12\\\/foerderpreise-der-musikschule-konservatorium-zuerich-2\"]}]},{\"@type\":\"ImageObject\",\"inLanguage\":\"en-US\",\"@id\":\"https:\\\/\\\/www.musikzeitung.ch\\\/news\\\/2023\\\/12\\\/foerderpreise-der-musikschule-konservatorium-zuerich-2#primaryimage\",\"url\":\"https:\\\/\\\/www.musikzeitung.ch\\\/wp-content\\\/uploads\\\/2023\\\/12\\\/231205mks.jpg\",\"contentUrl\":\"https:\\\/\\\/www.musikzeitung.ch\\\/wp-content\\\/uploads\\\/2023\\\/12\\\/231205mks.jpg\",\"width\":1166,\"height\":832,\"caption\":\"Ambraze (Foto: Patrick Gutenberg)\"},{\"@type\":\"BreadcrumbList\",\"@id\":\"https:\\\/\\\/www.musikzeitung.ch\\\/news\\\/2023\\\/12\\\/foerderpreise-der-musikschule-konservatorium-zuerich-2#breadcrumb\",\"itemListElement\":[{\"@type\":\"ListItem\",\"position\":1,\"name\":\"Home\",\"item\":\"https:\\\/\\\/www.musikzeitung.ch\\\/\"},{\"@type\":\"ListItem\",\"position\":2,\"name\":\"F\u00f6rderpreise der Musikschule Konservatorium Z\u00fcrich\"}]},{\"@type\":\"WebSite\",\"@id\":\"https:\\\/\\\/www.musikzeitung.ch\\\/#website\",\"url\":\"https:\\\/\\\/www.musikzeitung.ch\\\/\",\"name\":\"Schweizer Musikzeitung\",\"description\":\"Die f\u00fchrende sparten\u00fcbergreifende Monatszeitung in der Schweiz f\u00fcr musikalische Fragen.\",\"publisher\":{\"@id\":\"https:\\\/\\\/www.musikzeitung.ch\\\/#organization\"},\"potentialAction\":[{\"@type\":\"SearchAction\",\"target\":{\"@type\":\"EntryPoint\",\"urlTemplate\":\"https:\\\/\\\/www.musikzeitung.ch\\\/?s={search_term_string}\"},\"query-input\":{\"@type\":\"PropertyValueSpecification\",\"valueRequired\":true,\"valueName\":\"search_term_string\"}}],\"inLanguage\":\"en-US\"},{\"@type\":\"Organization\",\"@id\":\"https:\\\/\\\/www.musikzeitung.ch\\\/#organization\",\"name\":\"Schweizer Musikzeitung\",\"url\":\"https:\\\/\\\/www.musikzeitung.ch\\\/\",\"logo\":{\"@type\":\"ImageObject\",\"inLanguage\":\"en-US\",\"@id\":\"https:\\\/\\\/www.musikzeitung.ch\\\/#\\\/schema\\\/logo\\\/image\\\/\",\"url\":\"https:\\\/\\\/www.musikzeitung.ch\\\/wp-content\\\/uploads\\\/2023\\\/01\\\/SMZ_Schriftzug_Sprache.png\",\"contentUrl\":\"https:\\\/\\\/www.musikzeitung.ch\\\/wp-content\\\/uploads\\\/2023\\\/01\\\/SMZ_Schriftzug_Sprache.png\",\"width\":1400,\"height\":279,\"caption\":\"Schweizer Musikzeitung\"},\"image\":{\"@id\":\"https:\\\/\\\/www.musikzeitung.ch\\\/#\\\/schema\\\/logo\\\/image\\\/\"},\"sameAs\":[\"https:\\\/\\\/www.facebook.com\\\/SchweizerMusikzeitung\\\/\",\"https:\\\/\\\/x.com\\\/smusikzeitung\",\"https:\\\/\\\/www.instagram.com\\\/musikzeitung.ch\\\/\"]},{\"@type\":\"Person\",\"@id\":\"https:\\\/\\\/www.musikzeitung.ch\\\/#\\\/schema\\\/person\\\/0da4fb82d243f1252850a35d0e87cf0c\",\"name\":\"Wolfgang B\u00f6hler\",\"image\":{\"@type\":\"ImageObject\",\"inLanguage\":\"en-US\",\"@id\":\"https:\\\/\\\/www.musikzeitung.ch\\\/wp-content\\\/uploads\\\/2023\\\/01\\\/boehler_portraet_web-e1674139782246-96x96.jpg\",\"url\":\"https:\\\/\\\/www.musikzeitung.ch\\\/wp-content\\\/uploads\\\/2023\\\/01\\\/boehler_portraet_web-e1674139782246-96x96.jpg\",\"contentUrl\":\"https:\\\/\\\/www.musikzeitung.ch\\\/wp-content\\\/uploads\\\/2023\\\/01\\\/boehler_portraet_web-e1674139782246-96x96.jpg\",\"caption\":\"Wolfgang B\u00f6hler\"},\"sameAs\":[\"http:\\\/\\\/www.manacanto.ch\",\"https:\\\/\\\/www.facebook.com\\\/wolfgang.bohler.75\"],\"url\":\"https:\\\/\\\/www.musikzeitung.ch\\\/en\\\/author\\\/wolfgang-boehler\"}]}<\/script>\n<!-- \/ Yoast SEO plugin. -->","yoast_head_json":{"title":"Sponsorship prizes of the Musikschule Konservatorium Z\u00fcrich - Schweizer Musikzeitung","description":"Die F\u00f6rderpreise Pop\/Rock\/Jazz von Musikschule Konservatorium Z\u00fcrich gehen an die S\u00e4ngerin Ambraze und das Gian Rungger Quartett.","robots":{"index":"index","follow":"follow","max-snippet":"max-snippet:-1","max-image-preview":"max-image-preview:large","max-video-preview":"max-video-preview:-1"},"canonical":"https:\/\/www.musikzeitung.ch\/en\/news\/2023\/12\/foerderpreise-der-musikschule-konservatorium-zuerich-2\/","og_locale":"en_US","og_type":"article","og_title":"F\u00f6rderpreise der Musikschule Konservatorium Z\u00fcrich - Schweizer Musikzeitung","og_description":"Die F\u00f6rderpreise Pop\/Rock\/Jazz von Musikschule Konservatorium Z\u00fcrich gehen an die S\u00e4ngerin Ambraze und das Gian Rungger Quartett.","og_url":"https:\/\/www.musikzeitung.ch\/en\/news\/2023\/12\/foerderpreise-der-musikschule-konservatorium-zuerich-2\/","og_site_name":"Schweizer Musikzeitung","article_publisher":"https:\/\/www.facebook.com\/SchweizerMusikzeitung\/","article_author":"https:\/\/www.facebook.com\/wolfgang.bohler.75","article_published_time":"2023-12-05T06:35:15+00:00","article_modified_time":"2023-12-07T13:39:05+00:00","og_image":[{"width":1166,"height":832,"url":"https:\/\/www.musikzeitung.ch\/wp-content\/uploads\/2023\/12\/231205mks.jpg","type":"image\/jpeg"}],"author":"Wolfgang B\u00f6hler","twitter_card":"summary_large_image","twitter_creator":"@smusikzeitung","twitter_site":"@smusikzeitung","twitter_misc":{"Written by":"Wolfgang B\u00f6hler","Est. reading time":"2 minutes"},"schema":{"@context":"https:\/\/schema.org","@graph":[{"@type":"Article","@id":"https:\/\/www.musikzeitung.ch\/news\/2023\/12\/foerderpreise-der-musikschule-konservatorium-zuerich-2#article","isPartOf":{"@id":"https:\/\/www.musikzeitung.ch\/news\/2023\/12\/foerderpreise-der-musikschule-konservatorium-zuerich-2"},"author":{"name":"Wolfgang B\u00f6hler","@id":"https:\/\/www.musikzeitung.ch\/#\/schema\/person\/0da4fb82d243f1252850a35d0e87cf0c"},"headline":"F\u00f6rderpreise der Musikschule Konservatorium Z\u00fcrich","datePublished":"2023-12-05T06:35:15+00:00","dateModified":"2023-12-07T13:39:05+00:00","mainEntityOfPage":{"@id":"https:\/\/www.musikzeitung.ch\/news\/2023\/12\/foerderpreise-der-musikschule-konservatorium-zuerich-2"},"wordCount":203,"publisher":{"@id":"https:\/\/www.musikzeitung.ch\/#organization"},"image":{"@id":"https:\/\/www.musikzeitung.ch\/news\/2023\/12\/foerderpreise-der-musikschule-konservatorium-zuerich-2#primaryimage"},"thumbnailUrl":"https:\/\/www.musikzeitung.ch\/wp-content\/uploads\/2023\/12\/231205mks.jpg","keywords":["Ambraze","Gian Rungger Quartett","Musikschule Konservatoriu m Z\u00fcrich"],"articleSection":["News"],"inLanguage":"en-US"},{"@type":"WebPage","@id":"https:\/\/www.musikzeitung.ch\/news\/2023\/12\/foerderpreise-der-musikschule-konservatorium-zuerich-2","url":"https:\/\/www.musikzeitung.ch\/news\/2023\/12\/foerderpreise-der-musikschule-konservatorium-zuerich-2","name":"Sponsorship prizes of the Musikschule Konservatorium Z\u00fcrich - Schweizer Musikzeitung","isPartOf":{"@id":"https:\/\/www.musikzeitung.ch\/#website"},"primaryImageOfPage":{"@id":"https:\/\/www.musikzeitung.ch\/news\/2023\/12\/foerderpreise-der-musikschule-konservatorium-zuerich-2#primaryimage"},"image":{"@id":"https:\/\/www.musikzeitung.ch\/news\/2023\/12\/foerderpreise-der-musikschule-konservatorium-zuerich-2#primaryimage"},"thumbnailUrl":"https:\/\/www.musikzeitung.ch\/wp-content\/uploads\/2023\/12\/231205mks.jpg","datePublished":"2023-12-05T06:35:15+00:00","dateModified":"2023-12-07T13:39:05+00:00","description":"Die F\u00f6rderpreise Pop\/Rock\/Jazz von Musikschule Konservatorium Z\u00fcrich gehen an die S\u00e4ngerin Ambraze und das Gian Rungger Quartett.","breadcrumb":{"@id":"https:\/\/www.musikzeitung.ch\/news\/2023\/12\/foerderpreise-der-musikschule-konservatorium-zuerich-2#breadcrumb"},"inLanguage":"en-US","potentialAction":[{"@type":"ReadAction","target":["https:\/\/www.musikzeitung.ch\/news\/2023\/12\/foerderpreise-der-musikschule-konservatorium-zuerich-2"]}]},{"@type":"ImageObject","inLanguage":"en-US","@id":"https:\/\/www.musikzeitung.ch\/news\/2023\/12\/foerderpreise-der-musikschule-konservatorium-zuerich-2#primaryimage","url":"https:\/\/www.musikzeitung.ch\/wp-content\/uploads\/2023\/12\/231205mks.jpg","contentUrl":"https:\/\/www.musikzeitung.ch\/wp-content\/uploads\/2023\/12\/231205mks.jpg","width":1166,"height":832,"caption":"Ambraze (Foto: Patrick Gutenberg)"},{"@type":"BreadcrumbList","@id":"https:\/\/www.musikzeitung.ch\/news\/2023\/12\/foerderpreise-der-musikschule-konservatorium-zuerich-2#breadcrumb","itemListElement":[{"@type":"ListItem","position":1,"name":"Home","item":"https:\/\/www.musikzeitung.ch\/"},{"@type":"ListItem","position":2,"name":"F\u00f6rderpreise der Musikschule Konservatorium Z\u00fcrich"}]},{"@type":"WebSite","@id":"https:\/\/www.musikzeitung.ch\/#website","url":"https:\/\/www.musikzeitung.ch\/","name":"Swiss Music Newspaper","description":"The leading interdisciplinary monthly newspaper in Switzerland for musical issues.","publisher":{"@id":"https:\/\/www.musikzeitung.ch\/#organization"},"potentialAction":[{"@type":"SearchAction","target":{"@type":"EntryPoint","urlTemplate":"https:\/\/www.musikzeitung.ch\/?s={search_term_string}"},"query-input":{"@type":"PropertyValueSpecification","valueRequired":true,"valueName":"search_term_string"}}],"inLanguage":"en-US"},{"@type":"Organization","@id":"https:\/\/www.musikzeitung.ch\/#organization","name":"Swiss Music Newspaper","url":"https:\/\/www.musikzeitung.ch\/","logo":{"@type":"ImageObject","inLanguage":"en-US","@id":"https:\/\/www.musikzeitung.ch\/#\/schema\/logo\/image\/","url":"https:\/\/www.musikzeitung.ch\/wp-content\/uploads\/2023\/01\/SMZ_Schriftzug_Sprache.png","contentUrl":"https:\/\/www.musikzeitung.ch\/wp-content\/uploads\/2023\/01\/SMZ_Schriftzug_Sprache.png","width":1400,"height":279,"caption":"Schweizer Musikzeitung"},"image":{"@id":"https:\/\/www.musikzeitung.ch\/#\/schema\/logo\/image\/"},"sameAs":["https:\/\/www.facebook.com\/SchweizerMusikzeitung\/","https:\/\/x.com\/smusikzeitung","https:\/\/www.instagram.com\/musikzeitung.ch\/"]},{"@type":"Person","@id":"https:\/\/www.musikzeitung.ch\/#\/schema\/person\/0da4fb82d243f1252850a35d0e87cf0c","name":"Wolfgang B\u00f6hler","image":{"@type":"ImageObject","inLanguage":"en-US","@id":"https:\/\/www.musikzeitung.ch\/wp-content\/uploads\/2023\/01\/boehler_portraet_web-e1674139782246-96x96.jpg","url":"https:\/\/www.musikzeitung.ch\/wp-content\/uploads\/2023\/01\/boehler_portraet_web-e1674139782246-96x96.jpg","contentUrl":"https:\/\/www.musikzeitung.ch\/wp-content\/uploads\/2023\/01\/boehler_portraet_web-e1674139782246-96x96.jpg","caption":"Wolfgang B\u00f6hler"},"sameAs":["http:\/\/www.manacanto.ch","https:\/\/www.facebook.com\/wolfgang.bohler.75"],"url":"https:\/\/www.musikzeitung.ch\/en\/author\/wolfgang-boehler"}]}},"publishpress_future_workflow_manual_trigger":{"enabledWorkflows":[]},"_links":{"self":[{"href":"https:\/\/www.musikzeitung.ch\/en\/wp-json\/wp\/v2\/posts\/50125","targetHints":{"allow":["GET"]}}],"collection":[{"href":"https:\/\/www.musikzeitung.ch\/en\/wp-json\/wp\/v2\/posts"}],"about":[{"href":"https:\/\/www.musikzeitung.ch\/en\/wp-json\/wp\/v2\/types\/post"}],"author":[{"embeddable":true,"href":"https:\/\/www.musikzeitung.ch\/en\/wp-json\/wp\/v2\/users\/30"}],"replies":[{"embeddable":true,"href":"https:\/\/www.musikzeitung.ch\/en\/wp-json\/wp\/v2\/comments?post=50125"}],"version-history":[{"count":1,"href":"https:\/\/www.musikzeitung.ch\/en\/wp-json\/wp\/v2\/posts\/50125\/revisions"}],"predecessor-version":[{"id":50127,"href":"https:\/\/www.musikzeitung.ch\/en\/wp-json\/wp\/v2\/posts\/50125\/revisions\/50127"}],"wp:featuredmedia":[{"embeddable":true,"href":"https:\/\/www.musikzeitung.ch\/en\/wp-json\/wp\/v2\/media\/50126"}],"wp:attachment":[{"href":"https:\/\/www.musikzeitung.ch\/en\/wp-json\/wp\/v2\/media?parent=50125"}],"wp:term":[{"taxonomy":"category","embeddable":true,"href":"https:\/\/www.musikzeitung.ch\/en\/wp-json\/wp\/v2\/categories?post=50125"},{"taxonomy":"post_tag","embeddable":true,"href":"https:\/\/www.musikzeitung.ch\/en\/wp-json\/wp\/v2\/tags?post=50125"}],"curies":[{"name":"wp","href":"https:\/\/api.w.org\/{rel}","templated":true}]}}