{"id":50168,"date":"2023-12-11T08:04:46","date_gmt":"2023-12-11T07:04:46","guid":{"rendered":"https:\/\/www.musikzeitung.ch\/?p=50168"},"modified":"2023-12-11T16:46:55","modified_gmt":"2023-12-11T15:46:55","slug":"vilem-vlcek-gewinnt-penderecki-cello-competition","status":"publish","type":"post","link":"https:\/\/www.musikzeitung.ch\/en\/news\/2023\/12\/vilem-vlcek-gewinnt-penderecki-cello-competition","title":{"rendered":"Vil\u00e9m Vl\u010dek wins Penderecki Cello Competition"},"content":{"rendered":"<figure id=\"attachment_50169\" aria-describedby=\"caption-attachment-50169\" style=\"width: 502px\" class=\"wp-caption aligncenter\"><img loading=\"lazy\" decoding=\"async\" class=\"wp-image-50169\" src=\"https:\/\/www.musikzeitung.ch\/wp-content\/uploads\/2023\/12\/231211cello.jpg\" alt=\"\" width=\"502\" height=\"342\" srcset=\"https:\/\/www.musikzeitung.ch\/wp-content\/uploads\/2023\/12\/231211cello.jpg 1202w, https:\/\/www.musikzeitung.ch\/wp-content\/uploads\/2023\/12\/231211cello-300x204.jpg 300w, https:\/\/www.musikzeitung.ch\/wp-content\/uploads\/2023\/12\/231211cello-1024x697.jpg 1024w, https:\/\/www.musikzeitung.ch\/wp-content\/uploads\/2023\/12\/231211cello-768x523.jpg 768w, https:\/\/www.musikzeitung.ch\/wp-content\/uploads\/2023\/12\/231211cello-257x175.jpg 257w, https:\/\/www.musikzeitung.ch\/wp-content\/uploads\/2023\/12\/231211cello-514x350.jpg 514w, https:\/\/www.musikzeitung.ch\/wp-content\/uploads\/2023\/12\/231211cello-1176x800.jpg 1176w, https:\/\/www.musikzeitung.ch\/wp-content\/uploads\/2023\/12\/231211cello-920x626.jpg 920w\" sizes=\"auto, (max-width: 502px) 100vw, 502px\" \/><figcaption id=\"caption-attachment-50169\" class=\"wp-caption-text\">Vil\u00e9m Vl\u010dek (Image: Youtube video still Markneukirchen)<\/figcaption><\/figure>\n<p>Vl\u010dek was awarded the special prize for the best interpretation of the Penderecki Viola Concerto in the version for cello. Vil\u00e9m completed his MA SP Soloist in Danjulo Ishizaka's cello class at the Basel University of Music in summer 2023. Born in the Czech Republic in 1998, he was a scholarship holder of the Rahn Kulturfonds in 2020 and 2022 after numerous other awards and winner of the first prize cello of the Rahn Music Prize.<\/p>\n<p>The International Krzysztof Penderecki Cello Competition is held every five years by the Krzysztof Penderecki Academy of Music in Krakow to mark the composer's milestone birthdays. This year's jury consisted of El\u017cbieta Penderecka (director), Zdzis\u0142aw \u0141api\u0144ski, Julius Berger, Anne Gastinel, Liwu Ji, Kangho Lee, Ivan Monighetti, Arto Noras, Csaba Onczay and Amit Peled.<\/p>\n<p>&nbsp;<\/p>\n<p>&nbsp;<\/p>\n<p>&nbsp;<\/p>","protected":false},"excerpt":{"rendered":"<p>Vil\u00e9m Vl\u010dek, a graduate of the Basel University of Music, won first prize and a special prize at the International Penderecki Competition in Krakow.<\/p>","protected":false},"author":30,"featured_media":50169,"comment_status":"closed","ping_status":"closed","sticky":false,"template":"","format":"standard","meta":{"_acf_changed":false,"_relevanssi_hide_post":"","_relevanssi_hide_content":"","_relevanssi_pin_for_all":"","_relevanssi_pin_keywords":"","_relevanssi_unpin_keywords":"","_relevanssi_related_keywords":"","_relevanssi_related_include_ids":"","_relevanssi_related_exclude_ids":"","_relevanssi_related_no_append":"","_relevanssi_related_not_related":"","_relevanssi_related_posts":"","_relevanssi_noindex_reason":"","pgc_sgb_lightbox_settings":"","footnotes":""},"categories":[27],"tags":[3498,2467],"class_list":["post-50168","post","type-post","status-publish","format-standard","has-post-thumbnail","hentry","category-news","tag-penderecki-cello-competition","tag-vilem-vlcek"],"acf":[],"yoast_head":"<!-- This site is optimized with the Yoast SEO plugin v27.4 - https:\/\/yoast.com\/product\/yoast-seo-wordpress\/ -->\n<title>Vil\u00e9m Vl\u010dek gewinnt Penderecki Cello Competition - Schweizer Musikzeitung<\/title>\n<meta name=\"description\" content=\"Vil\u00e9m Vl\u010dek, Absolvent der Hochschule f\u00fcr Musik Basel, hat beim Internationalen Penderecki Wettbewerb in Krakau den ersten Preis gewonnen.\" \/>\n<meta name=\"robots\" content=\"index, follow, max-snippet:-1, max-image-preview:large, max-video-preview:-1\" \/>\n<link rel=\"canonical\" href=\"https:\/\/www.musikzeitung.ch\/en\/news\/2023\/12\/vilem-vlcek-gewinnt-penderecki-cello-competition\/\" \/>\n<meta property=\"og:locale\" content=\"en_US\" \/>\n<meta property=\"og:type\" content=\"article\" \/>\n<meta property=\"og:title\" content=\"Vil\u00e9m Vl\u010dek gewinnt Penderecki Cello Competition - Schweizer Musikzeitung\" \/>\n<meta property=\"og:description\" content=\"Vil\u00e9m Vl\u010dek, Absolvent der Hochschule f\u00fcr Musik Basel, hat beim Internationalen Penderecki Wettbewerb in Krakau den ersten Preis gewonnen.\" \/>\n<meta property=\"og:url\" content=\"https:\/\/www.musikzeitung.ch\/en\/news\/2023\/12\/vilem-vlcek-gewinnt-penderecki-cello-competition\/\" \/>\n<meta property=\"og:site_name\" content=\"Schweizer Musikzeitung\" \/>\n<meta property=\"article:publisher\" content=\"https:\/\/www.facebook.com\/SchweizerMusikzeitung\/\" \/>\n<meta property=\"article:author\" content=\"https:\/\/www.facebook.com\/wolfgang.bohler.75\" \/>\n<meta property=\"article:published_time\" content=\"2023-12-11T07:04:46+00:00\" \/>\n<meta property=\"article:modified_time\" content=\"2023-12-11T15:46:55+00:00\" \/>\n<meta property=\"og:image\" content=\"https:\/\/www.musikzeitung.ch\/wp-content\/uploads\/2023\/12\/231211cello.jpg\" \/>\n\t<meta property=\"og:image:width\" content=\"1202\" \/>\n\t<meta property=\"og:image:height\" content=\"818\" \/>\n\t<meta property=\"og:image:type\" content=\"image\/jpeg\" \/>\n<meta name=\"author\" content=\"Wolfgang B\u00f6hler\" \/>\n<meta name=\"twitter:card\" content=\"summary_large_image\" \/>\n<meta name=\"twitter:creator\" content=\"@smusikzeitung\" \/>\n<meta name=\"twitter:site\" content=\"@smusikzeitung\" \/>\n<meta name=\"twitter:label1\" content=\"Written by\" \/>\n\t<meta name=\"twitter:data1\" content=\"Wolfgang B\u00f6hler\" \/>\n\t<meta name=\"twitter:label2\" content=\"Est. reading time\" \/>\n\t<meta name=\"twitter:data2\" content=\"1 minute\" \/>\n<script type=\"application\/ld+json\" class=\"yoast-schema-graph\">{\"@context\":\"https:\\\/\\\/schema.org\",\"@graph\":[{\"@type\":\"Article\",\"@id\":\"https:\\\/\\\/www.musikzeitung.ch\\\/news\\\/2023\\\/12\\\/vilem-vlcek-gewinnt-penderecki-cello-competition#article\",\"isPartOf\":{\"@id\":\"https:\\\/\\\/www.musikzeitung.ch\\\/news\\\/2023\\\/12\\\/vilem-vlcek-gewinnt-penderecki-cello-competition\"},\"author\":{\"name\":\"Wolfgang B\u00f6hler\",\"@id\":\"https:\\\/\\\/www.musikzeitung.ch\\\/#\\\/schema\\\/person\\\/0da4fb82d243f1252850a35d0e87cf0c\"},\"headline\":\"Vil\u00e9m Vl\u010dek gewinnt Penderecki Cello Competition\",\"datePublished\":\"2023-12-11T07:04:46+00:00\",\"dateModified\":\"2023-12-11T15:46:55+00:00\",\"mainEntityOfPage\":{\"@id\":\"https:\\\/\\\/www.musikzeitung.ch\\\/news\\\/2023\\\/12\\\/vilem-vlcek-gewinnt-penderecki-cello-competition\"},\"wordCount\":145,\"publisher\":{\"@id\":\"https:\\\/\\\/www.musikzeitung.ch\\\/#organization\"},\"image\":{\"@id\":\"https:\\\/\\\/www.musikzeitung.ch\\\/news\\\/2023\\\/12\\\/vilem-vlcek-gewinnt-penderecki-cello-competition#primaryimage\"},\"thumbnailUrl\":\"https:\\\/\\\/www.musikzeitung.ch\\\/wp-content\\\/uploads\\\/2023\\\/12\\\/231211cello.jpg\",\"keywords\":[\"Penderecki Cello Competition\",\"Vilem Vlcek\"],\"articleSection\":[\"News\"],\"inLanguage\":\"en-US\"},{\"@type\":\"WebPage\",\"@id\":\"https:\\\/\\\/www.musikzeitung.ch\\\/news\\\/2023\\\/12\\\/vilem-vlcek-gewinnt-penderecki-cello-competition\",\"url\":\"https:\\\/\\\/www.musikzeitung.ch\\\/news\\\/2023\\\/12\\\/vilem-vlcek-gewinnt-penderecki-cello-competition\",\"name\":\"Vil\u00e9m Vl\u010dek gewinnt Penderecki Cello Competition - Schweizer Musikzeitung\",\"isPartOf\":{\"@id\":\"https:\\\/\\\/www.musikzeitung.ch\\\/#website\"},\"primaryImageOfPage\":{\"@id\":\"https:\\\/\\\/www.musikzeitung.ch\\\/news\\\/2023\\\/12\\\/vilem-vlcek-gewinnt-penderecki-cello-competition#primaryimage\"},\"image\":{\"@id\":\"https:\\\/\\\/www.musikzeitung.ch\\\/news\\\/2023\\\/12\\\/vilem-vlcek-gewinnt-penderecki-cello-competition#primaryimage\"},\"thumbnailUrl\":\"https:\\\/\\\/www.musikzeitung.ch\\\/wp-content\\\/uploads\\\/2023\\\/12\\\/231211cello.jpg\",\"datePublished\":\"2023-12-11T07:04:46+00:00\",\"dateModified\":\"2023-12-11T15:46:55+00:00\",\"description\":\"Vil\u00e9m Vl\u010dek, Absolvent der Hochschule f\u00fcr Musik Basel, hat beim Internationalen Penderecki Wettbewerb in Krakau den ersten Preis gewonnen.\",\"breadcrumb\":{\"@id\":\"https:\\\/\\\/www.musikzeitung.ch\\\/news\\\/2023\\\/12\\\/vilem-vlcek-gewinnt-penderecki-cello-competition#breadcrumb\"},\"inLanguage\":\"en-US\",\"potentialAction\":[{\"@type\":\"ReadAction\",\"target\":[\"https:\\\/\\\/www.musikzeitung.ch\\\/news\\\/2023\\\/12\\\/vilem-vlcek-gewinnt-penderecki-cello-competition\"]}]},{\"@type\":\"ImageObject\",\"inLanguage\":\"en-US\",\"@id\":\"https:\\\/\\\/www.musikzeitung.ch\\\/news\\\/2023\\\/12\\\/vilem-vlcek-gewinnt-penderecki-cello-competition#primaryimage\",\"url\":\"https:\\\/\\\/www.musikzeitung.ch\\\/wp-content\\\/uploads\\\/2023\\\/12\\\/231211cello.jpg\",\"contentUrl\":\"https:\\\/\\\/www.musikzeitung.ch\\\/wp-content\\\/uploads\\\/2023\\\/12\\\/231211cello.jpg\",\"width\":1202,\"height\":818,\"caption\":\"Vil\u00e9m Vl\u010dek (Bild: Youtube-Videostill Markneukirchen)\"},{\"@type\":\"BreadcrumbList\",\"@id\":\"https:\\\/\\\/www.musikzeitung.ch\\\/news\\\/2023\\\/12\\\/vilem-vlcek-gewinnt-penderecki-cello-competition#breadcrumb\",\"itemListElement\":[{\"@type\":\"ListItem\",\"position\":1,\"name\":\"Home\",\"item\":\"https:\\\/\\\/www.musikzeitung.ch\\\/\"},{\"@type\":\"ListItem\",\"position\":2,\"name\":\"Vil\u00e9m Vl\u010dek gewinnt Penderecki Cello Competition\"}]},{\"@type\":\"WebSite\",\"@id\":\"https:\\\/\\\/www.musikzeitung.ch\\\/#website\",\"url\":\"https:\\\/\\\/www.musikzeitung.ch\\\/\",\"name\":\"Schweizer Musikzeitung\",\"description\":\"Die f\u00fchrende sparten\u00fcbergreifende Monatszeitung in der Schweiz f\u00fcr musikalische Fragen.\",\"publisher\":{\"@id\":\"https:\\\/\\\/www.musikzeitung.ch\\\/#organization\"},\"potentialAction\":[{\"@type\":\"SearchAction\",\"target\":{\"@type\":\"EntryPoint\",\"urlTemplate\":\"https:\\\/\\\/www.musikzeitung.ch\\\/?s={search_term_string}\"},\"query-input\":{\"@type\":\"PropertyValueSpecification\",\"valueRequired\":true,\"valueName\":\"search_term_string\"}}],\"inLanguage\":\"en-US\"},{\"@type\":\"Organization\",\"@id\":\"https:\\\/\\\/www.musikzeitung.ch\\\/#organization\",\"name\":\"Schweizer Musikzeitung\",\"url\":\"https:\\\/\\\/www.musikzeitung.ch\\\/\",\"logo\":{\"@type\":\"ImageObject\",\"inLanguage\":\"en-US\",\"@id\":\"https:\\\/\\\/www.musikzeitung.ch\\\/#\\\/schema\\\/logo\\\/image\\\/\",\"url\":\"https:\\\/\\\/www.musikzeitung.ch\\\/wp-content\\\/uploads\\\/2023\\\/01\\\/SMZ_Schriftzug_Sprache.png\",\"contentUrl\":\"https:\\\/\\\/www.musikzeitung.ch\\\/wp-content\\\/uploads\\\/2023\\\/01\\\/SMZ_Schriftzug_Sprache.png\",\"width\":1400,\"height\":279,\"caption\":\"Schweizer Musikzeitung\"},\"image\":{\"@id\":\"https:\\\/\\\/www.musikzeitung.ch\\\/#\\\/schema\\\/logo\\\/image\\\/\"},\"sameAs\":[\"https:\\\/\\\/www.facebook.com\\\/SchweizerMusikzeitung\\\/\",\"https:\\\/\\\/x.com\\\/smusikzeitung\",\"https:\\\/\\\/www.instagram.com\\\/musikzeitung.ch\\\/\"]},{\"@type\":\"Person\",\"@id\":\"https:\\\/\\\/www.musikzeitung.ch\\\/#\\\/schema\\\/person\\\/0da4fb82d243f1252850a35d0e87cf0c\",\"name\":\"Wolfgang B\u00f6hler\",\"image\":{\"@type\":\"ImageObject\",\"inLanguage\":\"en-US\",\"@id\":\"https:\\\/\\\/www.musikzeitung.ch\\\/wp-content\\\/uploads\\\/2023\\\/01\\\/boehler_portraet_web-e1674139782246-96x96.jpg\",\"url\":\"https:\\\/\\\/www.musikzeitung.ch\\\/wp-content\\\/uploads\\\/2023\\\/01\\\/boehler_portraet_web-e1674139782246-96x96.jpg\",\"contentUrl\":\"https:\\\/\\\/www.musikzeitung.ch\\\/wp-content\\\/uploads\\\/2023\\\/01\\\/boehler_portraet_web-e1674139782246-96x96.jpg\",\"caption\":\"Wolfgang B\u00f6hler\"},\"sameAs\":[\"http:\\\/\\\/www.manacanto.ch\",\"https:\\\/\\\/www.facebook.com\\\/wolfgang.bohler.75\"],\"url\":\"https:\\\/\\\/www.musikzeitung.ch\\\/en\\\/author\\\/wolfgang-boehler\"}]}<\/script>\n<!-- \/ Yoast SEO plugin. -->","yoast_head_json":{"title":"Vil\u00e9m Vl\u010dek gewinnt Penderecki Cello Competition - Schweizer Musikzeitung","description":"Vil\u00e9m Vl\u010dek, Absolvent der Hochschule f\u00fcr Musik Basel, hat beim Internationalen Penderecki Wettbewerb in Krakau den ersten Preis gewonnen.","robots":{"index":"index","follow":"follow","max-snippet":"max-snippet:-1","max-image-preview":"max-image-preview:large","max-video-preview":"max-video-preview:-1"},"canonical":"https:\/\/www.musikzeitung.ch\/en\/news\/2023\/12\/vilem-vlcek-gewinnt-penderecki-cello-competition\/","og_locale":"en_US","og_type":"article","og_title":"Vil\u00e9m Vl\u010dek gewinnt Penderecki Cello Competition - Schweizer Musikzeitung","og_description":"Vil\u00e9m Vl\u010dek, Absolvent der Hochschule f\u00fcr Musik Basel, hat beim Internationalen Penderecki Wettbewerb in Krakau den ersten Preis gewonnen.","og_url":"https:\/\/www.musikzeitung.ch\/en\/news\/2023\/12\/vilem-vlcek-gewinnt-penderecki-cello-competition\/","og_site_name":"Schweizer Musikzeitung","article_publisher":"https:\/\/www.facebook.com\/SchweizerMusikzeitung\/","article_author":"https:\/\/www.facebook.com\/wolfgang.bohler.75","article_published_time":"2023-12-11T07:04:46+00:00","article_modified_time":"2023-12-11T15:46:55+00:00","og_image":[{"width":1202,"height":818,"url":"https:\/\/www.musikzeitung.ch\/wp-content\/uploads\/2023\/12\/231211cello.jpg","type":"image\/jpeg"}],"author":"Wolfgang B\u00f6hler","twitter_card":"summary_large_image","twitter_creator":"@smusikzeitung","twitter_site":"@smusikzeitung","twitter_misc":{"Written by":"Wolfgang B\u00f6hler","Est. reading time":"1 minute"},"schema":{"@context":"https:\/\/schema.org","@graph":[{"@type":"Article","@id":"https:\/\/www.musikzeitung.ch\/news\/2023\/12\/vilem-vlcek-gewinnt-penderecki-cello-competition#article","isPartOf":{"@id":"https:\/\/www.musikzeitung.ch\/news\/2023\/12\/vilem-vlcek-gewinnt-penderecki-cello-competition"},"author":{"name":"Wolfgang B\u00f6hler","@id":"https:\/\/www.musikzeitung.ch\/#\/schema\/person\/0da4fb82d243f1252850a35d0e87cf0c"},"headline":"Vil\u00e9m Vl\u010dek gewinnt Penderecki Cello Competition","datePublished":"2023-12-11T07:04:46+00:00","dateModified":"2023-12-11T15:46:55+00:00","mainEntityOfPage":{"@id":"https:\/\/www.musikzeitung.ch\/news\/2023\/12\/vilem-vlcek-gewinnt-penderecki-cello-competition"},"wordCount":145,"publisher":{"@id":"https:\/\/www.musikzeitung.ch\/#organization"},"image":{"@id":"https:\/\/www.musikzeitung.ch\/news\/2023\/12\/vilem-vlcek-gewinnt-penderecki-cello-competition#primaryimage"},"thumbnailUrl":"https:\/\/www.musikzeitung.ch\/wp-content\/uploads\/2023\/12\/231211cello.jpg","keywords":["Penderecki Cello Competition","Vilem Vlcek"],"articleSection":["News"],"inLanguage":"en-US"},{"@type":"WebPage","@id":"https:\/\/www.musikzeitung.ch\/news\/2023\/12\/vilem-vlcek-gewinnt-penderecki-cello-competition","url":"https:\/\/www.musikzeitung.ch\/news\/2023\/12\/vilem-vlcek-gewinnt-penderecki-cello-competition","name":"Vil\u00e9m Vl\u010dek gewinnt Penderecki Cello Competition - Schweizer Musikzeitung","isPartOf":{"@id":"https:\/\/www.musikzeitung.ch\/#website"},"primaryImageOfPage":{"@id":"https:\/\/www.musikzeitung.ch\/news\/2023\/12\/vilem-vlcek-gewinnt-penderecki-cello-competition#primaryimage"},"image":{"@id":"https:\/\/www.musikzeitung.ch\/news\/2023\/12\/vilem-vlcek-gewinnt-penderecki-cello-competition#primaryimage"},"thumbnailUrl":"https:\/\/www.musikzeitung.ch\/wp-content\/uploads\/2023\/12\/231211cello.jpg","datePublished":"2023-12-11T07:04:46+00:00","dateModified":"2023-12-11T15:46:55+00:00","description":"Vil\u00e9m Vl\u010dek, Absolvent der Hochschule f\u00fcr Musik Basel, hat beim Internationalen Penderecki Wettbewerb in Krakau den ersten Preis gewonnen.","breadcrumb":{"@id":"https:\/\/www.musikzeitung.ch\/news\/2023\/12\/vilem-vlcek-gewinnt-penderecki-cello-competition#breadcrumb"},"inLanguage":"en-US","potentialAction":[{"@type":"ReadAction","target":["https:\/\/www.musikzeitung.ch\/news\/2023\/12\/vilem-vlcek-gewinnt-penderecki-cello-competition"]}]},{"@type":"ImageObject","inLanguage":"en-US","@id":"https:\/\/www.musikzeitung.ch\/news\/2023\/12\/vilem-vlcek-gewinnt-penderecki-cello-competition#primaryimage","url":"https:\/\/www.musikzeitung.ch\/wp-content\/uploads\/2023\/12\/231211cello.jpg","contentUrl":"https:\/\/www.musikzeitung.ch\/wp-content\/uploads\/2023\/12\/231211cello.jpg","width":1202,"height":818,"caption":"Vil\u00e9m Vl\u010dek (Bild: Youtube-Videostill Markneukirchen)"},{"@type":"BreadcrumbList","@id":"https:\/\/www.musikzeitung.ch\/news\/2023\/12\/vilem-vlcek-gewinnt-penderecki-cello-competition#breadcrumb","itemListElement":[{"@type":"ListItem","position":1,"name":"Home","item":"https:\/\/www.musikzeitung.ch\/"},{"@type":"ListItem","position":2,"name":"Vil\u00e9m Vl\u010dek gewinnt Penderecki Cello Competition"}]},{"@type":"WebSite","@id":"https:\/\/www.musikzeitung.ch\/#website","url":"https:\/\/www.musikzeitung.ch\/","name":"Swiss Music Newspaper","description":"The leading interdisciplinary monthly newspaper in Switzerland for musical issues.","publisher":{"@id":"https:\/\/www.musikzeitung.ch\/#organization"},"potentialAction":[{"@type":"SearchAction","target":{"@type":"EntryPoint","urlTemplate":"https:\/\/www.musikzeitung.ch\/?s={search_term_string}"},"query-input":{"@type":"PropertyValueSpecification","valueRequired":true,"valueName":"search_term_string"}}],"inLanguage":"en-US"},{"@type":"Organization","@id":"https:\/\/www.musikzeitung.ch\/#organization","name":"Swiss Music Newspaper","url":"https:\/\/www.musikzeitung.ch\/","logo":{"@type":"ImageObject","inLanguage":"en-US","@id":"https:\/\/www.musikzeitung.ch\/#\/schema\/logo\/image\/","url":"https:\/\/www.musikzeitung.ch\/wp-content\/uploads\/2023\/01\/SMZ_Schriftzug_Sprache.png","contentUrl":"https:\/\/www.musikzeitung.ch\/wp-content\/uploads\/2023\/01\/SMZ_Schriftzug_Sprache.png","width":1400,"height":279,"caption":"Schweizer Musikzeitung"},"image":{"@id":"https:\/\/www.musikzeitung.ch\/#\/schema\/logo\/image\/"},"sameAs":["https:\/\/www.facebook.com\/SchweizerMusikzeitung\/","https:\/\/x.com\/smusikzeitung","https:\/\/www.instagram.com\/musikzeitung.ch\/"]},{"@type":"Person","@id":"https:\/\/www.musikzeitung.ch\/#\/schema\/person\/0da4fb82d243f1252850a35d0e87cf0c","name":"Wolfgang B\u00f6hler","image":{"@type":"ImageObject","inLanguage":"en-US","@id":"https:\/\/www.musikzeitung.ch\/wp-content\/uploads\/2023\/01\/boehler_portraet_web-e1674139782246-96x96.jpg","url":"https:\/\/www.musikzeitung.ch\/wp-content\/uploads\/2023\/01\/boehler_portraet_web-e1674139782246-96x96.jpg","contentUrl":"https:\/\/www.musikzeitung.ch\/wp-content\/uploads\/2023\/01\/boehler_portraet_web-e1674139782246-96x96.jpg","caption":"Wolfgang B\u00f6hler"},"sameAs":["http:\/\/www.manacanto.ch","https:\/\/www.facebook.com\/wolfgang.bohler.75"],"url":"https:\/\/www.musikzeitung.ch\/en\/author\/wolfgang-boehler"}]}},"publishpress_future_workflow_manual_trigger":{"enabledWorkflows":[]},"_links":{"self":[{"href":"https:\/\/www.musikzeitung.ch\/en\/wp-json\/wp\/v2\/posts\/50168","targetHints":{"allow":["GET"]}}],"collection":[{"href":"https:\/\/www.musikzeitung.ch\/en\/wp-json\/wp\/v2\/posts"}],"about":[{"href":"https:\/\/www.musikzeitung.ch\/en\/wp-json\/wp\/v2\/types\/post"}],"author":[{"embeddable":true,"href":"https:\/\/www.musikzeitung.ch\/en\/wp-json\/wp\/v2\/users\/30"}],"replies":[{"embeddable":true,"href":"https:\/\/www.musikzeitung.ch\/en\/wp-json\/wp\/v2\/comments?post=50168"}],"version-history":[{"count":2,"href":"https:\/\/www.musikzeitung.ch\/en\/wp-json\/wp\/v2\/posts\/50168\/revisions"}],"predecessor-version":[{"id":50171,"href":"https:\/\/www.musikzeitung.ch\/en\/wp-json\/wp\/v2\/posts\/50168\/revisions\/50171"}],"wp:featuredmedia":[{"embeddable":true,"href":"https:\/\/www.musikzeitung.ch\/en\/wp-json\/wp\/v2\/media\/50169"}],"wp:attachment":[{"href":"https:\/\/www.musikzeitung.ch\/en\/wp-json\/wp\/v2\/media?parent=50168"}],"wp:term":[{"taxonomy":"category","embeddable":true,"href":"https:\/\/www.musikzeitung.ch\/en\/wp-json\/wp\/v2\/categories?post=50168"},{"taxonomy":"post_tag","embeddable":true,"href":"https:\/\/www.musikzeitung.ch\/en\/wp-json\/wp\/v2\/tags?post=50168"}],"curies":[{"name":"wp","href":"https:\/\/api.w.org\/{rel}","templated":true}]}}