{"id":50255,"date":"2023-12-15T08:41:25","date_gmt":"2023-12-15T07:41:25","guid":{"rendered":"https:\/\/www.musikzeitung.ch\/?p=50255"},"modified":"2023-12-15T09:42:32","modified_gmt":"2023-12-15T08:42:32","slug":"lionel-bringuier-wird-principal-conductor-in-nizza","status":"publish","type":"post","link":"https:\/\/www.musikzeitung.ch\/en\/news\/2023\/12\/lionel-bringuier-wird-principal-conductor-in-nizza","title":{"rendered":"Lionel Bringuier becomes Principal Conductor in Nice"},"content":{"rendered":"<figure id=\"attachment_50256\" aria-describedby=\"caption-attachment-50256\" style=\"width: 635px\" class=\"wp-caption aligncenter\"><img loading=\"lazy\" decoding=\"async\" class=\"wp-image-50256\" src=\"https:\/\/www.musikzeitung.ch\/wp-content\/uploads\/2023\/12\/231215nizza.jpg\" alt=\"\" width=\"635\" height=\"428\" srcset=\"https:\/\/www.musikzeitung.ch\/wp-content\/uploads\/2023\/12\/231215nizza.jpg 1177w, https:\/\/www.musikzeitung.ch\/wp-content\/uploads\/2023\/12\/231215nizza-300x202.jpg 300w, https:\/\/www.musikzeitung.ch\/wp-content\/uploads\/2023\/12\/231215nizza-1024x690.jpg 1024w, https:\/\/www.musikzeitung.ch\/wp-content\/uploads\/2023\/12\/231215nizza-768x517.jpg 768w, https:\/\/www.musikzeitung.ch\/wp-content\/uploads\/2023\/12\/231215nizza-260x175.jpg 260w, https:\/\/www.musikzeitung.ch\/wp-content\/uploads\/2023\/12\/231215nizza-519x350.jpg 519w, https:\/\/www.musikzeitung.ch\/wp-content\/uploads\/2023\/12\/231215nizza-920x620.jpg 920w\" sizes=\"auto, (max-width: 635px) 100vw, 635px\" \/><figcaption id=\"caption-attachment-50256\" class=\"wp-caption-text\">Lionel Bringuier (Image: Simon Pauly)<\/figcaption><\/figure>\n<p>The 37-year-old Bringuier, who comes from Nice himself, will take over the position until the end of the 2024\/2025 season. He succeeds Daniele Callegari, who has led the orchestra since September 2021. Bringuier has been Artiste Associ\u00e9 with the orchestra since the 2019\/20 season. He can look back on a long history with the ensemble: he played with the orchestra as a cellist at the age of 13 and conducted it for the first time two years later.<\/p>\n<p>In November 2011 and June 2012, Bringuier was guest conductor of the Tonhalle Orchestra Zurich. In the 2014\/2015 season, he succeeded David Zinman as conductor and music director of the orchestra. However, his contract was not renewed.<\/p>\n<p>The Orchestre Philharmonique de Nice was founded in 1945 as L'Orchestre Symphonique Municipal de la Ville de Nice. It consists of up to 120 musicians. It regularly takes part in the Printemps des Arts in Monte Carlo and has also performed at the Chor\u00e9gies d'Orange, the Festival d'Aix-en-Provence and the Musiques au C\u0153ur d'Antibes.<\/p>","protected":false},"excerpt":{"rendered":"<p>Lionel Bringuier, the former music director of the Zurich Tonhalle Orchestra, has been appointed Principal Conductor of the Orchestre Philharmonique de Nice.<\/p>","protected":false},"author":30,"featured_media":50256,"comment_status":"closed","ping_status":"closed","sticky":false,"template":"","format":"standard","meta":{"_acf_changed":false,"_relevanssi_hide_post":"","_relevanssi_hide_content":"","_relevanssi_pin_for_all":"","_relevanssi_pin_keywords":"","_relevanssi_unpin_keywords":"","_relevanssi_related_keywords":"","_relevanssi_related_include_ids":"","_relevanssi_related_exclude_ids":"","_relevanssi_related_no_append":"","_relevanssi_related_not_related":"","_relevanssi_related_posts":"","_relevanssi_noindex_reason":"","pgc_sgb_lightbox_settings":"","footnotes":""},"categories":[27],"tags":[3515,3516],"class_list":["post-50255","post","type-post","status-publish","format-standard","has-post-thumbnail","hentry","category-news","tag-lionel-bringuier","tag-orchestre-philharmonique-de-nice"],"acf":[],"yoast_head":"<!-- This site is optimized with the Yoast SEO plugin v27.4 - https:\/\/yoast.com\/product\/yoast-seo-wordpress\/ -->\n<title>Lionel Bringuier wird Principal Conductor in Nizza - Schweizer Musikzeitung<\/title>\n<meta name=\"description\" content=\"Lionel Bringuier, fr\u00fcher Musikdirektor des Z\u00fcrcher Tonhalle-Orchesters, ist zum Principal Conductor des Orchestre Philharmonique de Nice ernannt worden.\" \/>\n<meta name=\"robots\" content=\"index, follow, max-snippet:-1, max-image-preview:large, max-video-preview:-1\" \/>\n<link rel=\"canonical\" href=\"https:\/\/www.musikzeitung.ch\/en\/news\/2023\/12\/lionel-bringuier-wird-principal-conductor-in-nizza\/\" \/>\n<meta property=\"og:locale\" content=\"en_US\" \/>\n<meta property=\"og:type\" content=\"article\" \/>\n<meta property=\"og:title\" content=\"Lionel Bringuier wird Principal Conductor in Nizza - Schweizer Musikzeitung\" \/>\n<meta property=\"og:description\" content=\"Lionel Bringuier, fr\u00fcher Musikdirektor des Z\u00fcrcher Tonhalle-Orchesters, ist zum Principal Conductor des Orchestre Philharmonique de Nice ernannt worden.\" \/>\n<meta property=\"og:url\" content=\"https:\/\/www.musikzeitung.ch\/en\/news\/2023\/12\/lionel-bringuier-wird-principal-conductor-in-nizza\/\" \/>\n<meta property=\"og:site_name\" content=\"Schweizer Musikzeitung\" \/>\n<meta property=\"article:publisher\" content=\"https:\/\/www.facebook.com\/SchweizerMusikzeitung\/\" \/>\n<meta property=\"article:author\" content=\"https:\/\/www.facebook.com\/wolfgang.bohler.75\" \/>\n<meta property=\"article:published_time\" content=\"2023-12-15T07:41:25+00:00\" \/>\n<meta property=\"article:modified_time\" content=\"2023-12-15T08:42:32+00:00\" \/>\n<meta property=\"og:image\" content=\"https:\/\/www.musikzeitung.ch\/wp-content\/uploads\/2023\/12\/231215nizza.jpg\" \/>\n\t<meta property=\"og:image:width\" content=\"1177\" \/>\n\t<meta property=\"og:image:height\" content=\"793\" \/>\n\t<meta property=\"og:image:type\" content=\"image\/jpeg\" \/>\n<meta name=\"author\" content=\"Wolfgang B\u00f6hler\" \/>\n<meta name=\"twitter:card\" content=\"summary_large_image\" \/>\n<meta name=\"twitter:creator\" content=\"@smusikzeitung\" \/>\n<meta name=\"twitter:site\" content=\"@smusikzeitung\" \/>\n<meta name=\"twitter:label1\" content=\"Written by\" \/>\n\t<meta name=\"twitter:data1\" content=\"Wolfgang B\u00f6hler\" \/>\n\t<meta name=\"twitter:label2\" content=\"Est. reading time\" \/>\n\t<meta name=\"twitter:data2\" content=\"2 minutes\" \/>\n<script type=\"application\/ld+json\" class=\"yoast-schema-graph\">{\"@context\":\"https:\\\/\\\/schema.org\",\"@graph\":[{\"@type\":\"Article\",\"@id\":\"https:\\\/\\\/www.musikzeitung.ch\\\/news\\\/2023\\\/12\\\/lionel-bringuier-wird-principal-conductor-in-nizza#article\",\"isPartOf\":{\"@id\":\"https:\\\/\\\/www.musikzeitung.ch\\\/news\\\/2023\\\/12\\\/lionel-bringuier-wird-principal-conductor-in-nizza\"},\"author\":{\"name\":\"Wolfgang B\u00f6hler\",\"@id\":\"https:\\\/\\\/www.musikzeitung.ch\\\/#\\\/schema\\\/person\\\/0da4fb82d243f1252850a35d0e87cf0c\"},\"headline\":\"Lionel Bringuier wird Principal Conductor in Nizza\",\"datePublished\":\"2023-12-15T07:41:25+00:00\",\"dateModified\":\"2023-12-15T08:42:32+00:00\",\"mainEntityOfPage\":{\"@id\":\"https:\\\/\\\/www.musikzeitung.ch\\\/news\\\/2023\\\/12\\\/lionel-bringuier-wird-principal-conductor-in-nizza\"},\"wordCount\":188,\"publisher\":{\"@id\":\"https:\\\/\\\/www.musikzeitung.ch\\\/#organization\"},\"image\":{\"@id\":\"https:\\\/\\\/www.musikzeitung.ch\\\/news\\\/2023\\\/12\\\/lionel-bringuier-wird-principal-conductor-in-nizza#primaryimage\"},\"thumbnailUrl\":\"https:\\\/\\\/www.musikzeitung.ch\\\/wp-content\\\/uploads\\\/2023\\\/12\\\/231215nizza.jpg\",\"keywords\":[\"Lionel Bringuier\",\"Orchestre Philharmonique de Nice\"],\"articleSection\":[\"News\"],\"inLanguage\":\"en-US\"},{\"@type\":\"WebPage\",\"@id\":\"https:\\\/\\\/www.musikzeitung.ch\\\/news\\\/2023\\\/12\\\/lionel-bringuier-wird-principal-conductor-in-nizza\",\"url\":\"https:\\\/\\\/www.musikzeitung.ch\\\/news\\\/2023\\\/12\\\/lionel-bringuier-wird-principal-conductor-in-nizza\",\"name\":\"Lionel Bringuier wird Principal Conductor in Nizza - Schweizer Musikzeitung\",\"isPartOf\":{\"@id\":\"https:\\\/\\\/www.musikzeitung.ch\\\/#website\"},\"primaryImageOfPage\":{\"@id\":\"https:\\\/\\\/www.musikzeitung.ch\\\/news\\\/2023\\\/12\\\/lionel-bringuier-wird-principal-conductor-in-nizza#primaryimage\"},\"image\":{\"@id\":\"https:\\\/\\\/www.musikzeitung.ch\\\/news\\\/2023\\\/12\\\/lionel-bringuier-wird-principal-conductor-in-nizza#primaryimage\"},\"thumbnailUrl\":\"https:\\\/\\\/www.musikzeitung.ch\\\/wp-content\\\/uploads\\\/2023\\\/12\\\/231215nizza.jpg\",\"datePublished\":\"2023-12-15T07:41:25+00:00\",\"dateModified\":\"2023-12-15T08:42:32+00:00\",\"description\":\"Lionel Bringuier, fr\u00fcher Musikdirektor des Z\u00fcrcher Tonhalle-Orchesters, ist zum Principal Conductor des Orchestre Philharmonique de Nice ernannt worden.\",\"breadcrumb\":{\"@id\":\"https:\\\/\\\/www.musikzeitung.ch\\\/news\\\/2023\\\/12\\\/lionel-bringuier-wird-principal-conductor-in-nizza#breadcrumb\"},\"inLanguage\":\"en-US\",\"potentialAction\":[{\"@type\":\"ReadAction\",\"target\":[\"https:\\\/\\\/www.musikzeitung.ch\\\/news\\\/2023\\\/12\\\/lionel-bringuier-wird-principal-conductor-in-nizza\"]}]},{\"@type\":\"ImageObject\",\"inLanguage\":\"en-US\",\"@id\":\"https:\\\/\\\/www.musikzeitung.ch\\\/news\\\/2023\\\/12\\\/lionel-bringuier-wird-principal-conductor-in-nizza#primaryimage\",\"url\":\"https:\\\/\\\/www.musikzeitung.ch\\\/wp-content\\\/uploads\\\/2023\\\/12\\\/231215nizza.jpg\",\"contentUrl\":\"https:\\\/\\\/www.musikzeitung.ch\\\/wp-content\\\/uploads\\\/2023\\\/12\\\/231215nizza.jpg\",\"width\":1177,\"height\":793,\"caption\":\"Lionel Bringuier (Bild: Simon Pauly)\"},{\"@type\":\"BreadcrumbList\",\"@id\":\"https:\\\/\\\/www.musikzeitung.ch\\\/news\\\/2023\\\/12\\\/lionel-bringuier-wird-principal-conductor-in-nizza#breadcrumb\",\"itemListElement\":[{\"@type\":\"ListItem\",\"position\":1,\"name\":\"Home\",\"item\":\"https:\\\/\\\/www.musikzeitung.ch\\\/\"},{\"@type\":\"ListItem\",\"position\":2,\"name\":\"Lionel Bringuier wird Principal Conductor in Nizza\"}]},{\"@type\":\"WebSite\",\"@id\":\"https:\\\/\\\/www.musikzeitung.ch\\\/#website\",\"url\":\"https:\\\/\\\/www.musikzeitung.ch\\\/\",\"name\":\"Schweizer Musikzeitung\",\"description\":\"Die f\u00fchrende sparten\u00fcbergreifende Monatszeitung in der Schweiz f\u00fcr musikalische Fragen.\",\"publisher\":{\"@id\":\"https:\\\/\\\/www.musikzeitung.ch\\\/#organization\"},\"potentialAction\":[{\"@type\":\"SearchAction\",\"target\":{\"@type\":\"EntryPoint\",\"urlTemplate\":\"https:\\\/\\\/www.musikzeitung.ch\\\/?s={search_term_string}\"},\"query-input\":{\"@type\":\"PropertyValueSpecification\",\"valueRequired\":true,\"valueName\":\"search_term_string\"}}],\"inLanguage\":\"en-US\"},{\"@type\":\"Organization\",\"@id\":\"https:\\\/\\\/www.musikzeitung.ch\\\/#organization\",\"name\":\"Schweizer Musikzeitung\",\"url\":\"https:\\\/\\\/www.musikzeitung.ch\\\/\",\"logo\":{\"@type\":\"ImageObject\",\"inLanguage\":\"en-US\",\"@id\":\"https:\\\/\\\/www.musikzeitung.ch\\\/#\\\/schema\\\/logo\\\/image\\\/\",\"url\":\"https:\\\/\\\/www.musikzeitung.ch\\\/wp-content\\\/uploads\\\/2023\\\/01\\\/SMZ_Schriftzug_Sprache.png\",\"contentUrl\":\"https:\\\/\\\/www.musikzeitung.ch\\\/wp-content\\\/uploads\\\/2023\\\/01\\\/SMZ_Schriftzug_Sprache.png\",\"width\":1400,\"height\":279,\"caption\":\"Schweizer Musikzeitung\"},\"image\":{\"@id\":\"https:\\\/\\\/www.musikzeitung.ch\\\/#\\\/schema\\\/logo\\\/image\\\/\"},\"sameAs\":[\"https:\\\/\\\/www.facebook.com\\\/SchweizerMusikzeitung\\\/\",\"https:\\\/\\\/x.com\\\/smusikzeitung\",\"https:\\\/\\\/www.instagram.com\\\/musikzeitung.ch\\\/\"]},{\"@type\":\"Person\",\"@id\":\"https:\\\/\\\/www.musikzeitung.ch\\\/#\\\/schema\\\/person\\\/0da4fb82d243f1252850a35d0e87cf0c\",\"name\":\"Wolfgang B\u00f6hler\",\"image\":{\"@type\":\"ImageObject\",\"inLanguage\":\"en-US\",\"@id\":\"https:\\\/\\\/www.musikzeitung.ch\\\/wp-content\\\/uploads\\\/2023\\\/01\\\/boehler_portraet_web-e1674139782246-96x96.jpg\",\"url\":\"https:\\\/\\\/www.musikzeitung.ch\\\/wp-content\\\/uploads\\\/2023\\\/01\\\/boehler_portraet_web-e1674139782246-96x96.jpg\",\"contentUrl\":\"https:\\\/\\\/www.musikzeitung.ch\\\/wp-content\\\/uploads\\\/2023\\\/01\\\/boehler_portraet_web-e1674139782246-96x96.jpg\",\"caption\":\"Wolfgang B\u00f6hler\"},\"sameAs\":[\"http:\\\/\\\/www.manacanto.ch\",\"https:\\\/\\\/www.facebook.com\\\/wolfgang.bohler.75\"],\"url\":\"https:\\\/\\\/www.musikzeitung.ch\\\/en\\\/author\\\/wolfgang-boehler\"}]}<\/script>\n<!-- \/ Yoast SEO plugin. -->","yoast_head_json":{"title":"Lionel Bringuier wird Principal Conductor in Nizza - Schweizer Musikzeitung","description":"Lionel Bringuier, fr\u00fcher Musikdirektor des Z\u00fcrcher Tonhalle-Orchesters, ist zum Principal Conductor des Orchestre Philharmonique de Nice ernannt worden.","robots":{"index":"index","follow":"follow","max-snippet":"max-snippet:-1","max-image-preview":"max-image-preview:large","max-video-preview":"max-video-preview:-1"},"canonical":"https:\/\/www.musikzeitung.ch\/en\/news\/2023\/12\/lionel-bringuier-wird-principal-conductor-in-nizza\/","og_locale":"en_US","og_type":"article","og_title":"Lionel Bringuier wird Principal Conductor in Nizza - Schweizer Musikzeitung","og_description":"Lionel Bringuier, fr\u00fcher Musikdirektor des Z\u00fcrcher Tonhalle-Orchesters, ist zum Principal Conductor des Orchestre Philharmonique de Nice ernannt worden.","og_url":"https:\/\/www.musikzeitung.ch\/en\/news\/2023\/12\/lionel-bringuier-wird-principal-conductor-in-nizza\/","og_site_name":"Schweizer Musikzeitung","article_publisher":"https:\/\/www.facebook.com\/SchweizerMusikzeitung\/","article_author":"https:\/\/www.facebook.com\/wolfgang.bohler.75","article_published_time":"2023-12-15T07:41:25+00:00","article_modified_time":"2023-12-15T08:42:32+00:00","og_image":[{"width":1177,"height":793,"url":"https:\/\/www.musikzeitung.ch\/wp-content\/uploads\/2023\/12\/231215nizza.jpg","type":"image\/jpeg"}],"author":"Wolfgang B\u00f6hler","twitter_card":"summary_large_image","twitter_creator":"@smusikzeitung","twitter_site":"@smusikzeitung","twitter_misc":{"Written by":"Wolfgang B\u00f6hler","Est. reading time":"2 minutes"},"schema":{"@context":"https:\/\/schema.org","@graph":[{"@type":"Article","@id":"https:\/\/www.musikzeitung.ch\/news\/2023\/12\/lionel-bringuier-wird-principal-conductor-in-nizza#article","isPartOf":{"@id":"https:\/\/www.musikzeitung.ch\/news\/2023\/12\/lionel-bringuier-wird-principal-conductor-in-nizza"},"author":{"name":"Wolfgang B\u00f6hler","@id":"https:\/\/www.musikzeitung.ch\/#\/schema\/person\/0da4fb82d243f1252850a35d0e87cf0c"},"headline":"Lionel Bringuier wird Principal Conductor in Nizza","datePublished":"2023-12-15T07:41:25+00:00","dateModified":"2023-12-15T08:42:32+00:00","mainEntityOfPage":{"@id":"https:\/\/www.musikzeitung.ch\/news\/2023\/12\/lionel-bringuier-wird-principal-conductor-in-nizza"},"wordCount":188,"publisher":{"@id":"https:\/\/www.musikzeitung.ch\/#organization"},"image":{"@id":"https:\/\/www.musikzeitung.ch\/news\/2023\/12\/lionel-bringuier-wird-principal-conductor-in-nizza#primaryimage"},"thumbnailUrl":"https:\/\/www.musikzeitung.ch\/wp-content\/uploads\/2023\/12\/231215nizza.jpg","keywords":["Lionel Bringuier","Orchestre Philharmonique de Nice"],"articleSection":["News"],"inLanguage":"en-US"},{"@type":"WebPage","@id":"https:\/\/www.musikzeitung.ch\/news\/2023\/12\/lionel-bringuier-wird-principal-conductor-in-nizza","url":"https:\/\/www.musikzeitung.ch\/news\/2023\/12\/lionel-bringuier-wird-principal-conductor-in-nizza","name":"Lionel Bringuier wird Principal Conductor in Nizza - Schweizer Musikzeitung","isPartOf":{"@id":"https:\/\/www.musikzeitung.ch\/#website"},"primaryImageOfPage":{"@id":"https:\/\/www.musikzeitung.ch\/news\/2023\/12\/lionel-bringuier-wird-principal-conductor-in-nizza#primaryimage"},"image":{"@id":"https:\/\/www.musikzeitung.ch\/news\/2023\/12\/lionel-bringuier-wird-principal-conductor-in-nizza#primaryimage"},"thumbnailUrl":"https:\/\/www.musikzeitung.ch\/wp-content\/uploads\/2023\/12\/231215nizza.jpg","datePublished":"2023-12-15T07:41:25+00:00","dateModified":"2023-12-15T08:42:32+00:00","description":"Lionel Bringuier, fr\u00fcher Musikdirektor des Z\u00fcrcher Tonhalle-Orchesters, ist zum Principal Conductor des Orchestre Philharmonique de Nice ernannt worden.","breadcrumb":{"@id":"https:\/\/www.musikzeitung.ch\/news\/2023\/12\/lionel-bringuier-wird-principal-conductor-in-nizza#breadcrumb"},"inLanguage":"en-US","potentialAction":[{"@type":"ReadAction","target":["https:\/\/www.musikzeitung.ch\/news\/2023\/12\/lionel-bringuier-wird-principal-conductor-in-nizza"]}]},{"@type":"ImageObject","inLanguage":"en-US","@id":"https:\/\/www.musikzeitung.ch\/news\/2023\/12\/lionel-bringuier-wird-principal-conductor-in-nizza#primaryimage","url":"https:\/\/www.musikzeitung.ch\/wp-content\/uploads\/2023\/12\/231215nizza.jpg","contentUrl":"https:\/\/www.musikzeitung.ch\/wp-content\/uploads\/2023\/12\/231215nizza.jpg","width":1177,"height":793,"caption":"Lionel Bringuier (Bild: Simon Pauly)"},{"@type":"BreadcrumbList","@id":"https:\/\/www.musikzeitung.ch\/news\/2023\/12\/lionel-bringuier-wird-principal-conductor-in-nizza#breadcrumb","itemListElement":[{"@type":"ListItem","position":1,"name":"Home","item":"https:\/\/www.musikzeitung.ch\/"},{"@type":"ListItem","position":2,"name":"Lionel Bringuier wird Principal Conductor in Nizza"}]},{"@type":"WebSite","@id":"https:\/\/www.musikzeitung.ch\/#website","url":"https:\/\/www.musikzeitung.ch\/","name":"Swiss Music Newspaper","description":"The leading interdisciplinary monthly newspaper in Switzerland for musical issues.","publisher":{"@id":"https:\/\/www.musikzeitung.ch\/#organization"},"potentialAction":[{"@type":"SearchAction","target":{"@type":"EntryPoint","urlTemplate":"https:\/\/www.musikzeitung.ch\/?s={search_term_string}"},"query-input":{"@type":"PropertyValueSpecification","valueRequired":true,"valueName":"search_term_string"}}],"inLanguage":"en-US"},{"@type":"Organization","@id":"https:\/\/www.musikzeitung.ch\/#organization","name":"Swiss Music Newspaper","url":"https:\/\/www.musikzeitung.ch\/","logo":{"@type":"ImageObject","inLanguage":"en-US","@id":"https:\/\/www.musikzeitung.ch\/#\/schema\/logo\/image\/","url":"https:\/\/www.musikzeitung.ch\/wp-content\/uploads\/2023\/01\/SMZ_Schriftzug_Sprache.png","contentUrl":"https:\/\/www.musikzeitung.ch\/wp-content\/uploads\/2023\/01\/SMZ_Schriftzug_Sprache.png","width":1400,"height":279,"caption":"Schweizer Musikzeitung"},"image":{"@id":"https:\/\/www.musikzeitung.ch\/#\/schema\/logo\/image\/"},"sameAs":["https:\/\/www.facebook.com\/SchweizerMusikzeitung\/","https:\/\/x.com\/smusikzeitung","https:\/\/www.instagram.com\/musikzeitung.ch\/"]},{"@type":"Person","@id":"https:\/\/www.musikzeitung.ch\/#\/schema\/person\/0da4fb82d243f1252850a35d0e87cf0c","name":"Wolfgang B\u00f6hler","image":{"@type":"ImageObject","inLanguage":"en-US","@id":"https:\/\/www.musikzeitung.ch\/wp-content\/uploads\/2023\/01\/boehler_portraet_web-e1674139782246-96x96.jpg","url":"https:\/\/www.musikzeitung.ch\/wp-content\/uploads\/2023\/01\/boehler_portraet_web-e1674139782246-96x96.jpg","contentUrl":"https:\/\/www.musikzeitung.ch\/wp-content\/uploads\/2023\/01\/boehler_portraet_web-e1674139782246-96x96.jpg","caption":"Wolfgang B\u00f6hler"},"sameAs":["http:\/\/www.manacanto.ch","https:\/\/www.facebook.com\/wolfgang.bohler.75"],"url":"https:\/\/www.musikzeitung.ch\/en\/author\/wolfgang-boehler"}]}},"publishpress_future_workflow_manual_trigger":{"enabledWorkflows":[]},"_links":{"self":[{"href":"https:\/\/www.musikzeitung.ch\/en\/wp-json\/wp\/v2\/posts\/50255","targetHints":{"allow":["GET"]}}],"collection":[{"href":"https:\/\/www.musikzeitung.ch\/en\/wp-json\/wp\/v2\/posts"}],"about":[{"href":"https:\/\/www.musikzeitung.ch\/en\/wp-json\/wp\/v2\/types\/post"}],"author":[{"embeddable":true,"href":"https:\/\/www.musikzeitung.ch\/en\/wp-json\/wp\/v2\/users\/30"}],"replies":[{"embeddable":true,"href":"https:\/\/www.musikzeitung.ch\/en\/wp-json\/wp\/v2\/comments?post=50255"}],"version-history":[{"count":3,"href":"https:\/\/www.musikzeitung.ch\/en\/wp-json\/wp\/v2\/posts\/50255\/revisions"}],"predecessor-version":[{"id":50263,"href":"https:\/\/www.musikzeitung.ch\/en\/wp-json\/wp\/v2\/posts\/50255\/revisions\/50263"}],"wp:featuredmedia":[{"embeddable":true,"href":"https:\/\/www.musikzeitung.ch\/en\/wp-json\/wp\/v2\/media\/50256"}],"wp:attachment":[{"href":"https:\/\/www.musikzeitung.ch\/en\/wp-json\/wp\/v2\/media?parent=50255"}],"wp:term":[{"taxonomy":"category","embeddable":true,"href":"https:\/\/www.musikzeitung.ch\/en\/wp-json\/wp\/v2\/categories?post=50255"},{"taxonomy":"post_tag","embeddable":true,"href":"https:\/\/www.musikzeitung.ch\/en\/wp-json\/wp\/v2\/tags?post=50255"}],"curies":[{"name":"wp","href":"https:\/\/api.w.org\/{rel}","templated":true}]}}