{"id":50418,"date":"2023-12-22T13:21:31","date_gmt":"2023-12-22T12:21:31","guid":{"rendered":"https:\/\/www.musikzeitung.ch\/?p=50418"},"modified":"2023-12-22T15:13:01","modified_gmt":"2023-12-22T14:13:01","slug":"erfolg-fuer-basler-trios","status":"publish","type":"post","link":"https:\/\/www.musikzeitung.ch\/en\/news\/2023\/12\/erfolg-fuer-basler-trios","title":{"rendered":"Success for Basel trio"},"content":{"rendered":"<figure id=\"attachment_50419\" aria-describedby=\"caption-attachment-50419\" style=\"width: 533px\" class=\"wp-caption aligncenter\"><img loading=\"lazy\" decoding=\"async\" class=\"wp-image-50419\" src=\"https:\/\/www.musikzeitung.ch\/wp-content\/uploads\/2023\/12\/231222orpheus.jpg\" alt=\"\" width=\"533\" height=\"355\" srcset=\"https:\/\/www.musikzeitung.ch\/wp-content\/uploads\/2023\/12\/231222orpheus.jpg 1400w, https:\/\/www.musikzeitung.ch\/wp-content\/uploads\/2023\/12\/231222orpheus-300x200.jpg 300w, https:\/\/www.musikzeitung.ch\/wp-content\/uploads\/2023\/12\/231222orpheus-1024x683.jpg 1024w, https:\/\/www.musikzeitung.ch\/wp-content\/uploads\/2023\/12\/231222orpheus-600x400.jpg 600w, https:\/\/www.musikzeitung.ch\/wp-content\/uploads\/2023\/12\/231222orpheus-768x512.jpg 768w, https:\/\/www.musikzeitung.ch\/wp-content\/uploads\/2023\/12\/231222orpheus-1536x1024.jpg 1536w, https:\/\/www.musikzeitung.ch\/wp-content\/uploads\/2023\/12\/231222orpheus-263x175.jpg 263w, https:\/\/www.musikzeitung.ch\/wp-content\/uploads\/2023\/12\/231222orpheus-525x350.jpg 525w, https:\/\/www.musikzeitung.ch\/wp-content\/uploads\/2023\/12\/231222orpheus-1200x800.jpg 1200w, https:\/\/www.musikzeitung.ch\/wp-content\/uploads\/2023\/12\/231222orpheus-920x613.jpg 920w\" sizes=\"auto, (max-width: 533px) 100vw, 533px\" \/><figcaption id=\"caption-attachment-50419\" class=\"wp-caption-text\">Trio Basilea (Image: Orpheus Competition)<\/figcaption><\/figure>\n<p>First prize went to the Trio Basilea. It was awarded a commissioned composition (financed by Pro Helvetia), a cash prize and concerts at the Swiss Chamber Music Festival, Pianotriofest.ch, Zunftkonzerte Z\u00fcrich, Festival Musikdorf Ernen and the Gesellschaft f\u00fcr Musik und Literatur Kreuzlingen. The trio consists of Laurentiu Stoian, violin (MA P with Adelina Oprean), Marina Correia Martins, cello (MA P with Danjulo Ishizaka) and Zofia Grzelak, piano (alumna, MA P with Mart\u00ednez Mehner and Ronald Brautigam).<\/p>\n<p>Second prize goes to the Zarathoustra Trio, which receives a commissioned composition, a cash prize and a concert performance at the Swiss Chamber Music Festival and Festival Musikdorf Ernen. Its members are Thomas Briant (violin), Eliott Leridon (cello) and Th\u00e9otime Gillot (piano, MA P with Claudio Mart\u00ednez Mehner).<\/p>\n<p>Third prize goes to the Trio Archai, which receives a commissioned composition, a cash prize and a concert at the Swiss Chamber Music Festival 2024. It consists of Ayla \u015eahin (violin, MA P with Rainer Schmidt and Alina Pogostkina), Finn Mannion (violoncello, BA instrumental with Danjulo Ishizaka) and others<\/p>\n<p>The jury consisted of Heinz Holliger (chair), Benjamin Engeli, Chiara Enderle Samatanga, Sarah Rumer, Daniel Sch\u00e4deli and Lisa Schatzman.<\/p>","protected":false},"excerpt":{"rendered":"<p>Students of the Basel University of Music, Classical Music, win all three prizes at the Swiss Chamber Music Competition.<\/p>","protected":false},"author":30,"featured_media":50419,"comment_status":"closed","ping_status":"closed","sticky":false,"template":"","format":"standard","meta":{"_acf_changed":false,"_relevanssi_hide_post":"","_relevanssi_hide_content":"","_relevanssi_pin_for_all":"","_relevanssi_pin_keywords":"","_relevanssi_unpin_keywords":"","_relevanssi_related_keywords":"","_relevanssi_related_include_ids":"","_relevanssi_related_exclude_ids":"","_relevanssi_related_no_append":"","_relevanssi_related_not_related":"","_relevanssi_related_posts":"","_relevanssi_noindex_reason":"","pgc_sgb_lightbox_settings":"","footnotes":""},"categories":[27],"tags":[3531,3534,3532,3533],"class_list":["post-50418","post","type-post","status-publish","format-standard","has-post-thumbnail","hentry","category-news","tag-swiss-chamber-music-competition","tag-trio-archai","tag-trio-basilea","tag-trio-zarathoustra"],"acf":[],"yoast_head":"<!-- This site is optimized with the Yoast SEO plugin v27.4 - https:\/\/yoast.com\/product\/yoast-seo-wordpress\/ -->\n<title>Erfolg f\u00fcr Basler Trios - Schweizer Musikzeitung<\/title>\n<meta name=\"description\" content=\"Studierende der Hochschule f\u00fcr Musik Basel, Klassik, gewinnen alle drei Preise der Swiss Chamber Music Competition.\" \/>\n<meta name=\"robots\" content=\"index, follow, max-snippet:-1, max-image-preview:large, max-video-preview:-1\" \/>\n<link rel=\"canonical\" href=\"https:\/\/www.musikzeitung.ch\/en\/news\/2023\/12\/erfolg-fuer-basler-trios\/\" \/>\n<meta property=\"og:locale\" content=\"en_US\" \/>\n<meta property=\"og:type\" content=\"article\" \/>\n<meta property=\"og:title\" content=\"Erfolg f\u00fcr Basler Trios - Schweizer Musikzeitung\" \/>\n<meta property=\"og:description\" content=\"Studierende der Hochschule f\u00fcr Musik Basel, Klassik, gewinnen alle drei Preise der Swiss Chamber Music Competition.\" \/>\n<meta property=\"og:url\" content=\"https:\/\/www.musikzeitung.ch\/en\/news\/2023\/12\/erfolg-fuer-basler-trios\/\" \/>\n<meta property=\"og:site_name\" content=\"Schweizer Musikzeitung\" \/>\n<meta property=\"article:publisher\" content=\"https:\/\/www.facebook.com\/SchweizerMusikzeitung\/\" \/>\n<meta property=\"article:author\" content=\"https:\/\/www.facebook.com\/wolfgang.bohler.75\" \/>\n<meta property=\"article:published_time\" content=\"2023-12-22T12:21:31+00:00\" \/>\n<meta property=\"article:modified_time\" content=\"2023-12-22T14:13:01+00:00\" \/>\n<meta property=\"og:image\" content=\"https:\/\/www.musikzeitung.ch\/wp-content\/uploads\/2023\/12\/231222orpheus.jpg\" \/>\n\t<meta property=\"og:image:width\" content=\"1400\" \/>\n\t<meta property=\"og:image:height\" content=\"933\" \/>\n\t<meta property=\"og:image:type\" content=\"image\/jpeg\" \/>\n<meta name=\"author\" content=\"Wolfgang B\u00f6hler\" \/>\n<meta name=\"twitter:card\" content=\"summary_large_image\" \/>\n<meta name=\"twitter:creator\" content=\"@smusikzeitung\" \/>\n<meta name=\"twitter:site\" content=\"@smusikzeitung\" \/>\n<meta name=\"twitter:label1\" content=\"Written by\" \/>\n\t<meta name=\"twitter:data1\" content=\"Wolfgang B\u00f6hler\" \/>\n\t<meta name=\"twitter:label2\" content=\"Est. reading time\" \/>\n\t<meta name=\"twitter:data2\" content=\"2 minutes\" \/>\n<script type=\"application\/ld+json\" class=\"yoast-schema-graph\">{\"@context\":\"https:\\\/\\\/schema.org\",\"@graph\":[{\"@type\":\"Article\",\"@id\":\"https:\\\/\\\/www.musikzeitung.ch\\\/news\\\/2023\\\/12\\\/erfolg-fuer-basler-trios#article\",\"isPartOf\":{\"@id\":\"https:\\\/\\\/www.musikzeitung.ch\\\/news\\\/2023\\\/12\\\/erfolg-fuer-basler-trios\"},\"author\":{\"name\":\"Wolfgang B\u00f6hler\",\"@id\":\"https:\\\/\\\/www.musikzeitung.ch\\\/#\\\/schema\\\/person\\\/0da4fb82d243f1252850a35d0e87cf0c\"},\"headline\":\"Erfolg f\u00fcr Basler Trios\",\"datePublished\":\"2023-12-22T12:21:31+00:00\",\"dateModified\":\"2023-12-22T14:13:01+00:00\",\"mainEntityOfPage\":{\"@id\":\"https:\\\/\\\/www.musikzeitung.ch\\\/news\\\/2023\\\/12\\\/erfolg-fuer-basler-trios\"},\"wordCount\":211,\"publisher\":{\"@id\":\"https:\\\/\\\/www.musikzeitung.ch\\\/#organization\"},\"image\":{\"@id\":\"https:\\\/\\\/www.musikzeitung.ch\\\/news\\\/2023\\\/12\\\/erfolg-fuer-basler-trios#primaryimage\"},\"thumbnailUrl\":\"https:\\\/\\\/www.musikzeitung.ch\\\/wp-content\\\/uploads\\\/2023\\\/12\\\/231222orpheus.jpg\",\"keywords\":[\"Swiss Chamber Music Competition\",\"Trio Archai\",\"Trio Basilea\",\"Trio Zarathoustra\"],\"articleSection\":[\"News\"],\"inLanguage\":\"en-US\"},{\"@type\":\"WebPage\",\"@id\":\"https:\\\/\\\/www.musikzeitung.ch\\\/news\\\/2023\\\/12\\\/erfolg-fuer-basler-trios\",\"url\":\"https:\\\/\\\/www.musikzeitung.ch\\\/news\\\/2023\\\/12\\\/erfolg-fuer-basler-trios\",\"name\":\"Erfolg f\u00fcr Basler Trios - Schweizer Musikzeitung\",\"isPartOf\":{\"@id\":\"https:\\\/\\\/www.musikzeitung.ch\\\/#website\"},\"primaryImageOfPage\":{\"@id\":\"https:\\\/\\\/www.musikzeitung.ch\\\/news\\\/2023\\\/12\\\/erfolg-fuer-basler-trios#primaryimage\"},\"image\":{\"@id\":\"https:\\\/\\\/www.musikzeitung.ch\\\/news\\\/2023\\\/12\\\/erfolg-fuer-basler-trios#primaryimage\"},\"thumbnailUrl\":\"https:\\\/\\\/www.musikzeitung.ch\\\/wp-content\\\/uploads\\\/2023\\\/12\\\/231222orpheus.jpg\",\"datePublished\":\"2023-12-22T12:21:31+00:00\",\"dateModified\":\"2023-12-22T14:13:01+00:00\",\"description\":\"Studierende der Hochschule f\u00fcr Musik Basel, Klassik, gewinnen alle drei Preise der Swiss Chamber Music Competition.\",\"breadcrumb\":{\"@id\":\"https:\\\/\\\/www.musikzeitung.ch\\\/news\\\/2023\\\/12\\\/erfolg-fuer-basler-trios#breadcrumb\"},\"inLanguage\":\"en-US\",\"potentialAction\":[{\"@type\":\"ReadAction\",\"target\":[\"https:\\\/\\\/www.musikzeitung.ch\\\/news\\\/2023\\\/12\\\/erfolg-fuer-basler-trios\"]}]},{\"@type\":\"ImageObject\",\"inLanguage\":\"en-US\",\"@id\":\"https:\\\/\\\/www.musikzeitung.ch\\\/news\\\/2023\\\/12\\\/erfolg-fuer-basler-trios#primaryimage\",\"url\":\"https:\\\/\\\/www.musikzeitung.ch\\\/wp-content\\\/uploads\\\/2023\\\/12\\\/231222orpheus.jpg\",\"contentUrl\":\"https:\\\/\\\/www.musikzeitung.ch\\\/wp-content\\\/uploads\\\/2023\\\/12\\\/231222orpheus.jpg\",\"width\":1400,\"height\":933,\"caption\":\"Trio Basilea (Bild: Orpheus Competition)\"},{\"@type\":\"BreadcrumbList\",\"@id\":\"https:\\\/\\\/www.musikzeitung.ch\\\/news\\\/2023\\\/12\\\/erfolg-fuer-basler-trios#breadcrumb\",\"itemListElement\":[{\"@type\":\"ListItem\",\"position\":1,\"name\":\"Home\",\"item\":\"https:\\\/\\\/www.musikzeitung.ch\\\/\"},{\"@type\":\"ListItem\",\"position\":2,\"name\":\"Erfolg f\u00fcr Basler Trios\"}]},{\"@type\":\"WebSite\",\"@id\":\"https:\\\/\\\/www.musikzeitung.ch\\\/#website\",\"url\":\"https:\\\/\\\/www.musikzeitung.ch\\\/\",\"name\":\"Schweizer Musikzeitung\",\"description\":\"Die f\u00fchrende sparten\u00fcbergreifende Monatszeitung in der Schweiz f\u00fcr musikalische Fragen.\",\"publisher\":{\"@id\":\"https:\\\/\\\/www.musikzeitung.ch\\\/#organization\"},\"potentialAction\":[{\"@type\":\"SearchAction\",\"target\":{\"@type\":\"EntryPoint\",\"urlTemplate\":\"https:\\\/\\\/www.musikzeitung.ch\\\/?s={search_term_string}\"},\"query-input\":{\"@type\":\"PropertyValueSpecification\",\"valueRequired\":true,\"valueName\":\"search_term_string\"}}],\"inLanguage\":\"en-US\"},{\"@type\":\"Organization\",\"@id\":\"https:\\\/\\\/www.musikzeitung.ch\\\/#organization\",\"name\":\"Schweizer Musikzeitung\",\"url\":\"https:\\\/\\\/www.musikzeitung.ch\\\/\",\"logo\":{\"@type\":\"ImageObject\",\"inLanguage\":\"en-US\",\"@id\":\"https:\\\/\\\/www.musikzeitung.ch\\\/#\\\/schema\\\/logo\\\/image\\\/\",\"url\":\"https:\\\/\\\/www.musikzeitung.ch\\\/wp-content\\\/uploads\\\/2023\\\/01\\\/SMZ_Schriftzug_Sprache.png\",\"contentUrl\":\"https:\\\/\\\/www.musikzeitung.ch\\\/wp-content\\\/uploads\\\/2023\\\/01\\\/SMZ_Schriftzug_Sprache.png\",\"width\":1400,\"height\":279,\"caption\":\"Schweizer Musikzeitung\"},\"image\":{\"@id\":\"https:\\\/\\\/www.musikzeitung.ch\\\/#\\\/schema\\\/logo\\\/image\\\/\"},\"sameAs\":[\"https:\\\/\\\/www.facebook.com\\\/SchweizerMusikzeitung\\\/\",\"https:\\\/\\\/x.com\\\/smusikzeitung\",\"https:\\\/\\\/www.instagram.com\\\/musikzeitung.ch\\\/\"]},{\"@type\":\"Person\",\"@id\":\"https:\\\/\\\/www.musikzeitung.ch\\\/#\\\/schema\\\/person\\\/0da4fb82d243f1252850a35d0e87cf0c\",\"name\":\"Wolfgang B\u00f6hler\",\"image\":{\"@type\":\"ImageObject\",\"inLanguage\":\"en-US\",\"@id\":\"https:\\\/\\\/www.musikzeitung.ch\\\/wp-content\\\/uploads\\\/2023\\\/01\\\/boehler_portraet_web-e1674139782246-96x96.jpg\",\"url\":\"https:\\\/\\\/www.musikzeitung.ch\\\/wp-content\\\/uploads\\\/2023\\\/01\\\/boehler_portraet_web-e1674139782246-96x96.jpg\",\"contentUrl\":\"https:\\\/\\\/www.musikzeitung.ch\\\/wp-content\\\/uploads\\\/2023\\\/01\\\/boehler_portraet_web-e1674139782246-96x96.jpg\",\"caption\":\"Wolfgang B\u00f6hler\"},\"sameAs\":[\"http:\\\/\\\/www.manacanto.ch\",\"https:\\\/\\\/www.facebook.com\\\/wolfgang.bohler.75\"],\"url\":\"https:\\\/\\\/www.musikzeitung.ch\\\/en\\\/author\\\/wolfgang-boehler\"}]}<\/script>\n<!-- \/ Yoast SEO plugin. -->","yoast_head_json":{"title":"Erfolg f\u00fcr Basler Trios - Schweizer Musikzeitung","description":"Students of the Basel University of Music, Classical Music, win all three prizes at the Swiss Chamber Music Competition.","robots":{"index":"index","follow":"follow","max-snippet":"max-snippet:-1","max-image-preview":"max-image-preview:large","max-video-preview":"max-video-preview:-1"},"canonical":"https:\/\/www.musikzeitung.ch\/en\/news\/2023\/12\/erfolg-fuer-basler-trios\/","og_locale":"en_US","og_type":"article","og_title":"Erfolg f\u00fcr Basler Trios - Schweizer Musikzeitung","og_description":"Studierende der Hochschule f\u00fcr Musik Basel, Klassik, gewinnen alle drei Preise der Swiss Chamber Music Competition.","og_url":"https:\/\/www.musikzeitung.ch\/en\/news\/2023\/12\/erfolg-fuer-basler-trios\/","og_site_name":"Schweizer Musikzeitung","article_publisher":"https:\/\/www.facebook.com\/SchweizerMusikzeitung\/","article_author":"https:\/\/www.facebook.com\/wolfgang.bohler.75","article_published_time":"2023-12-22T12:21:31+00:00","article_modified_time":"2023-12-22T14:13:01+00:00","og_image":[{"width":1400,"height":933,"url":"https:\/\/www.musikzeitung.ch\/wp-content\/uploads\/2023\/12\/231222orpheus.jpg","type":"image\/jpeg"}],"author":"Wolfgang B\u00f6hler","twitter_card":"summary_large_image","twitter_creator":"@smusikzeitung","twitter_site":"@smusikzeitung","twitter_misc":{"Written by":"Wolfgang B\u00f6hler","Est. reading time":"2 minutes"},"schema":{"@context":"https:\/\/schema.org","@graph":[{"@type":"Article","@id":"https:\/\/www.musikzeitung.ch\/news\/2023\/12\/erfolg-fuer-basler-trios#article","isPartOf":{"@id":"https:\/\/www.musikzeitung.ch\/news\/2023\/12\/erfolg-fuer-basler-trios"},"author":{"name":"Wolfgang B\u00f6hler","@id":"https:\/\/www.musikzeitung.ch\/#\/schema\/person\/0da4fb82d243f1252850a35d0e87cf0c"},"headline":"Erfolg f\u00fcr Basler Trios","datePublished":"2023-12-22T12:21:31+00:00","dateModified":"2023-12-22T14:13:01+00:00","mainEntityOfPage":{"@id":"https:\/\/www.musikzeitung.ch\/news\/2023\/12\/erfolg-fuer-basler-trios"},"wordCount":211,"publisher":{"@id":"https:\/\/www.musikzeitung.ch\/#organization"},"image":{"@id":"https:\/\/www.musikzeitung.ch\/news\/2023\/12\/erfolg-fuer-basler-trios#primaryimage"},"thumbnailUrl":"https:\/\/www.musikzeitung.ch\/wp-content\/uploads\/2023\/12\/231222orpheus.jpg","keywords":["Swiss Chamber Music Competition","Trio Archai","Trio Basilea","Trio Zarathoustra"],"articleSection":["News"],"inLanguage":"en-US"},{"@type":"WebPage","@id":"https:\/\/www.musikzeitung.ch\/news\/2023\/12\/erfolg-fuer-basler-trios","url":"https:\/\/www.musikzeitung.ch\/news\/2023\/12\/erfolg-fuer-basler-trios","name":"Erfolg f\u00fcr Basler Trios - Schweizer Musikzeitung","isPartOf":{"@id":"https:\/\/www.musikzeitung.ch\/#website"},"primaryImageOfPage":{"@id":"https:\/\/www.musikzeitung.ch\/news\/2023\/12\/erfolg-fuer-basler-trios#primaryimage"},"image":{"@id":"https:\/\/www.musikzeitung.ch\/news\/2023\/12\/erfolg-fuer-basler-trios#primaryimage"},"thumbnailUrl":"https:\/\/www.musikzeitung.ch\/wp-content\/uploads\/2023\/12\/231222orpheus.jpg","datePublished":"2023-12-22T12:21:31+00:00","dateModified":"2023-12-22T14:13:01+00:00","description":"Students of the Basel University of Music, Classical Music, win all three prizes at the Swiss Chamber Music Competition.","breadcrumb":{"@id":"https:\/\/www.musikzeitung.ch\/news\/2023\/12\/erfolg-fuer-basler-trios#breadcrumb"},"inLanguage":"en-US","potentialAction":[{"@type":"ReadAction","target":["https:\/\/www.musikzeitung.ch\/news\/2023\/12\/erfolg-fuer-basler-trios"]}]},{"@type":"ImageObject","inLanguage":"en-US","@id":"https:\/\/www.musikzeitung.ch\/news\/2023\/12\/erfolg-fuer-basler-trios#primaryimage","url":"https:\/\/www.musikzeitung.ch\/wp-content\/uploads\/2023\/12\/231222orpheus.jpg","contentUrl":"https:\/\/www.musikzeitung.ch\/wp-content\/uploads\/2023\/12\/231222orpheus.jpg","width":1400,"height":933,"caption":"Trio Basilea (Bild: Orpheus Competition)"},{"@type":"BreadcrumbList","@id":"https:\/\/www.musikzeitung.ch\/news\/2023\/12\/erfolg-fuer-basler-trios#breadcrumb","itemListElement":[{"@type":"ListItem","position":1,"name":"Home","item":"https:\/\/www.musikzeitung.ch\/"},{"@type":"ListItem","position":2,"name":"Erfolg f\u00fcr Basler Trios"}]},{"@type":"WebSite","@id":"https:\/\/www.musikzeitung.ch\/#website","url":"https:\/\/www.musikzeitung.ch\/","name":"Swiss Music Newspaper","description":"The leading interdisciplinary monthly newspaper in Switzerland for musical issues.","publisher":{"@id":"https:\/\/www.musikzeitung.ch\/#organization"},"potentialAction":[{"@type":"SearchAction","target":{"@type":"EntryPoint","urlTemplate":"https:\/\/www.musikzeitung.ch\/?s={search_term_string}"},"query-input":{"@type":"PropertyValueSpecification","valueRequired":true,"valueName":"search_term_string"}}],"inLanguage":"en-US"},{"@type":"Organization","@id":"https:\/\/www.musikzeitung.ch\/#organization","name":"Swiss Music Newspaper","url":"https:\/\/www.musikzeitung.ch\/","logo":{"@type":"ImageObject","inLanguage":"en-US","@id":"https:\/\/www.musikzeitung.ch\/#\/schema\/logo\/image\/","url":"https:\/\/www.musikzeitung.ch\/wp-content\/uploads\/2023\/01\/SMZ_Schriftzug_Sprache.png","contentUrl":"https:\/\/www.musikzeitung.ch\/wp-content\/uploads\/2023\/01\/SMZ_Schriftzug_Sprache.png","width":1400,"height":279,"caption":"Schweizer Musikzeitung"},"image":{"@id":"https:\/\/www.musikzeitung.ch\/#\/schema\/logo\/image\/"},"sameAs":["https:\/\/www.facebook.com\/SchweizerMusikzeitung\/","https:\/\/x.com\/smusikzeitung","https:\/\/www.instagram.com\/musikzeitung.ch\/"]},{"@type":"Person","@id":"https:\/\/www.musikzeitung.ch\/#\/schema\/person\/0da4fb82d243f1252850a35d0e87cf0c","name":"Wolfgang B\u00f6hler","image":{"@type":"ImageObject","inLanguage":"en-US","@id":"https:\/\/www.musikzeitung.ch\/wp-content\/uploads\/2023\/01\/boehler_portraet_web-e1674139782246-96x96.jpg","url":"https:\/\/www.musikzeitung.ch\/wp-content\/uploads\/2023\/01\/boehler_portraet_web-e1674139782246-96x96.jpg","contentUrl":"https:\/\/www.musikzeitung.ch\/wp-content\/uploads\/2023\/01\/boehler_portraet_web-e1674139782246-96x96.jpg","caption":"Wolfgang B\u00f6hler"},"sameAs":["http:\/\/www.manacanto.ch","https:\/\/www.facebook.com\/wolfgang.bohler.75"],"url":"https:\/\/www.musikzeitung.ch\/en\/author\/wolfgang-boehler"}]}},"publishpress_future_workflow_manual_trigger":{"enabledWorkflows":[]},"_links":{"self":[{"href":"https:\/\/www.musikzeitung.ch\/en\/wp-json\/wp\/v2\/posts\/50418","targetHints":{"allow":["GET"]}}],"collection":[{"href":"https:\/\/www.musikzeitung.ch\/en\/wp-json\/wp\/v2\/posts"}],"about":[{"href":"https:\/\/www.musikzeitung.ch\/en\/wp-json\/wp\/v2\/types\/post"}],"author":[{"embeddable":true,"href":"https:\/\/www.musikzeitung.ch\/en\/wp-json\/wp\/v2\/users\/30"}],"replies":[{"embeddable":true,"href":"https:\/\/www.musikzeitung.ch\/en\/wp-json\/wp\/v2\/comments?post=50418"}],"version-history":[{"count":3,"href":"https:\/\/www.musikzeitung.ch\/en\/wp-json\/wp\/v2\/posts\/50418\/revisions"}],"predecessor-version":[{"id":50422,"href":"https:\/\/www.musikzeitung.ch\/en\/wp-json\/wp\/v2\/posts\/50418\/revisions\/50422"}],"wp:featuredmedia":[{"embeddable":true,"href":"https:\/\/www.musikzeitung.ch\/en\/wp-json\/wp\/v2\/media\/50419"}],"wp:attachment":[{"href":"https:\/\/www.musikzeitung.ch\/en\/wp-json\/wp\/v2\/media?parent=50418"}],"wp:term":[{"taxonomy":"category","embeddable":true,"href":"https:\/\/www.musikzeitung.ch\/en\/wp-json\/wp\/v2\/categories?post=50418"},{"taxonomy":"post_tag","embeddable":true,"href":"https:\/\/www.musikzeitung.ch\/en\/wp-json\/wp\/v2\/tags?post=50418"}],"curies":[{"name":"wp","href":"https:\/\/api.w.org\/{rel}","templated":true}]}}