{"id":50464,"date":"2023-12-29T14:42:02","date_gmt":"2023-12-29T13:42:02","guid":{"rendered":"https:\/\/www.musikzeitung.ch\/?p=50464"},"modified":"2024-02-28T14:33:35","modified_gmt":"2024-02-28T13:33:35","slug":"anton-spronk-wird-solocellist-des-hr-sinfonieorchesters","status":"publish","type":"post","link":"https:\/\/www.musikzeitung.ch\/en\/news\/2023\/12\/anton-spronk-wird-solocellist-des-hr-sinfonieorchesters","title":{"rendered":"Anton Spronk becomes solo cellist of the hr-Sinfonieorchester"},"content":{"rendered":"<figure id=\"attachment_50465\" aria-describedby=\"caption-attachment-50465\" style=\"width: 580px\" class=\"wp-caption aligncenter\"><img loading=\"lazy\" decoding=\"async\" class=\"wp-image-50465\" src=\"https:\/\/www.musikzeitung.ch\/wp-content\/uploads\/2023\/12\/231229spronk.jpg\" alt=\"\" width=\"580\" height=\"390\" srcset=\"https:\/\/www.musikzeitung.ch\/wp-content\/uploads\/2023\/12\/231229spronk.jpg 927w, https:\/\/www.musikzeitung.ch\/wp-content\/uploads\/2023\/12\/231229spronk-300x202.jpg 300w, https:\/\/www.musikzeitung.ch\/wp-content\/uploads\/2023\/12\/231229spronk-768x516.jpg 768w, https:\/\/www.musikzeitung.ch\/wp-content\/uploads\/2023\/12\/231229spronk-260x175.jpg 260w, https:\/\/www.musikzeitung.ch\/wp-content\/uploads\/2023\/12\/231229spronk-521x350.jpg 521w, https:\/\/www.musikzeitung.ch\/wp-content\/uploads\/2023\/12\/231229spronk-920x618.jpg 920w\" sizes=\"auto, (max-width: 580px) 100vw, 580px\" \/><figcaption id=\"caption-attachment-50465\" class=\"wp-caption-text\">Anton Spronk (Image: Marco Borggreve)<\/figcaption><\/figure>\n<p>Spronk studied with Thomas Grossenbacher at the Zurich University of the Arts from 2012 to 2017. Since 2017, he has been studying at the Berlin University of the Arts with Jens Peter Maintz. He is a scholarship holder of the International Music Academy in the Principality of Liechtenstein and regularly takes part in intensive weeks and activities at the academy. In 2014, he won first prize with his clarinet trio at the Kiwanis Competition in Zurich. In 2019 he was a participant in the Verbier Festival Academy.<\/p>\n<p>The Frankfurt Radio Symphony Orchestra was founded in 1929 as one of the first radio symphony orchestras in Germany. It has been conducted by Eliahu Inbal, Dmitrij Kitajenko, Hugh Wolff, Paavo J\u00e4rvi and Andr\u00e9s Orozco-Estrada, among others. The current chief conductor is Alain Altinoglu.<\/p>","protected":false},"excerpt":{"rendered":"<p>The Dutch-Swiss cellist Anton Spronk has won the audition for the solo cello position of the Frankfurt Radio Symphony Orchestra.<\/p>","protected":false},"author":30,"featured_media":50465,"comment_status":"closed","ping_status":"closed","sticky":false,"template":"","format":"standard","meta":{"_acf_changed":false,"_relevanssi_hide_post":"","_relevanssi_hide_content":"","_relevanssi_pin_for_all":"","_relevanssi_pin_keywords":"","_relevanssi_unpin_keywords":"","_relevanssi_related_keywords":"","_relevanssi_related_include_ids":"","_relevanssi_related_exclude_ids":"","_relevanssi_related_no_append":"","_relevanssi_related_not_related":"","_relevanssi_related_posts":"","_relevanssi_noindex_reason":"","pgc_sgb_lightbox_settings":"","footnotes":""},"categories":[27,1624],"tags":[3539,3540],"class_list":["post-50464","post","type-post","status-publish","format-standard","has-post-thumbnail","hentry","category-news","category-personen","tag-anton-spronk","tag-hr-sinfonieorchester-frankfurt"],"acf":[],"yoast_head":"<!-- This site is optimized with the Yoast SEO plugin v27.4 - https:\/\/yoast.com\/product\/yoast-seo-wordpress\/ -->\n<title>Anton Spronk wird Solocellist des hr-Sinfonieorchesters - Schweizer Musikzeitung<\/title>\n<meta name=\"description\" content=\"Der niederl\u00e4ndisch-schweizerische Cellist Anton Spronk hat das Probespiel f\u00fcr die Solocello-Position des Radio-Sinfonieorchesters Frankfurt gewonnen.\" \/>\n<meta name=\"robots\" content=\"index, follow, max-snippet:-1, max-image-preview:large, max-video-preview:-1\" \/>\n<link rel=\"canonical\" href=\"https:\/\/www.musikzeitung.ch\/en\/news\/2023\/12\/anton-spronk-wird-solocellist-des-hr-sinfonieorchesters\/\" \/>\n<meta property=\"og:locale\" content=\"en_US\" \/>\n<meta property=\"og:type\" content=\"article\" \/>\n<meta property=\"og:title\" content=\"Anton Spronk wird Solocellist des hr-Sinfonieorchesters - Schweizer Musikzeitung\" \/>\n<meta property=\"og:description\" content=\"Der niederl\u00e4ndisch-schweizerische Cellist Anton Spronk hat das Probespiel f\u00fcr die Solocello-Position des Radio-Sinfonieorchesters Frankfurt gewonnen.\" \/>\n<meta property=\"og:url\" content=\"https:\/\/www.musikzeitung.ch\/en\/news\/2023\/12\/anton-spronk-wird-solocellist-des-hr-sinfonieorchesters\/\" \/>\n<meta property=\"og:site_name\" content=\"Schweizer Musikzeitung\" \/>\n<meta property=\"article:publisher\" content=\"https:\/\/www.facebook.com\/SchweizerMusikzeitung\/\" \/>\n<meta property=\"article:author\" content=\"https:\/\/www.facebook.com\/wolfgang.bohler.75\" \/>\n<meta property=\"article:published_time\" content=\"2023-12-29T13:42:02+00:00\" \/>\n<meta property=\"article:modified_time\" content=\"2024-02-28T13:33:35+00:00\" \/>\n<meta property=\"og:image\" content=\"https:\/\/www.musikzeitung.ch\/wp-content\/uploads\/2023\/12\/231229spronk.jpg\" \/>\n\t<meta property=\"og:image:width\" content=\"927\" \/>\n\t<meta property=\"og:image:height\" content=\"623\" \/>\n\t<meta property=\"og:image:type\" content=\"image\/jpeg\" \/>\n<meta name=\"author\" content=\"Wolfgang B\u00f6hler\" \/>\n<meta name=\"twitter:card\" content=\"summary_large_image\" \/>\n<meta name=\"twitter:creator\" content=\"@smusikzeitung\" \/>\n<meta name=\"twitter:site\" content=\"@smusikzeitung\" \/>\n<meta name=\"twitter:label1\" content=\"Written by\" \/>\n\t<meta name=\"twitter:data1\" content=\"Wolfgang B\u00f6hler\" \/>\n\t<meta name=\"twitter:label2\" content=\"Est. reading time\" \/>\n\t<meta name=\"twitter:data2\" content=\"2 minutes\" \/>\n<script type=\"application\/ld+json\" class=\"yoast-schema-graph\">{\"@context\":\"https:\\\/\\\/schema.org\",\"@graph\":[{\"@type\":\"Article\",\"@id\":\"https:\\\/\\\/www.musikzeitung.ch\\\/news\\\/2023\\\/12\\\/anton-spronk-wird-solocellist-des-hr-sinfonieorchesters#article\",\"isPartOf\":{\"@id\":\"https:\\\/\\\/www.musikzeitung.ch\\\/news\\\/2023\\\/12\\\/anton-spronk-wird-solocellist-des-hr-sinfonieorchesters\"},\"author\":{\"name\":\"Wolfgang B\u00f6hler\",\"@id\":\"https:\\\/\\\/www.musikzeitung.ch\\\/#\\\/schema\\\/person\\\/0da4fb82d243f1252850a35d0e87cf0c\"},\"headline\":\"Anton Spronk wird Solocellist des hr-Sinfonieorchesters\",\"datePublished\":\"2023-12-29T13:42:02+00:00\",\"dateModified\":\"2024-02-28T13:33:35+00:00\",\"mainEntityOfPage\":{\"@id\":\"https:\\\/\\\/www.musikzeitung.ch\\\/news\\\/2023\\\/12\\\/anton-spronk-wird-solocellist-des-hr-sinfonieorchesters\"},\"wordCount\":127,\"publisher\":{\"@id\":\"https:\\\/\\\/www.musikzeitung.ch\\\/#organization\"},\"image\":{\"@id\":\"https:\\\/\\\/www.musikzeitung.ch\\\/news\\\/2023\\\/12\\\/anton-spronk-wird-solocellist-des-hr-sinfonieorchesters#primaryimage\"},\"thumbnailUrl\":\"https:\\\/\\\/www.musikzeitung.ch\\\/wp-content\\\/uploads\\\/2023\\\/12\\\/231229spronk.jpg\",\"keywords\":[\"Anton Spronk\",\"hr-Sinfonieorchester Frankfurt\"],\"articleSection\":[\"News\",\"Personen\"],\"inLanguage\":\"en-US\"},{\"@type\":\"WebPage\",\"@id\":\"https:\\\/\\\/www.musikzeitung.ch\\\/news\\\/2023\\\/12\\\/anton-spronk-wird-solocellist-des-hr-sinfonieorchesters\",\"url\":\"https:\\\/\\\/www.musikzeitung.ch\\\/news\\\/2023\\\/12\\\/anton-spronk-wird-solocellist-des-hr-sinfonieorchesters\",\"name\":\"Anton Spronk wird Solocellist des hr-Sinfonieorchesters - Schweizer Musikzeitung\",\"isPartOf\":{\"@id\":\"https:\\\/\\\/www.musikzeitung.ch\\\/#website\"},\"primaryImageOfPage\":{\"@id\":\"https:\\\/\\\/www.musikzeitung.ch\\\/news\\\/2023\\\/12\\\/anton-spronk-wird-solocellist-des-hr-sinfonieorchesters#primaryimage\"},\"image\":{\"@id\":\"https:\\\/\\\/www.musikzeitung.ch\\\/news\\\/2023\\\/12\\\/anton-spronk-wird-solocellist-des-hr-sinfonieorchesters#primaryimage\"},\"thumbnailUrl\":\"https:\\\/\\\/www.musikzeitung.ch\\\/wp-content\\\/uploads\\\/2023\\\/12\\\/231229spronk.jpg\",\"datePublished\":\"2023-12-29T13:42:02+00:00\",\"dateModified\":\"2024-02-28T13:33:35+00:00\",\"description\":\"Der niederl\u00e4ndisch-schweizerische Cellist Anton Spronk hat das Probespiel f\u00fcr die Solocello-Position des Radio-Sinfonieorchesters Frankfurt gewonnen.\",\"breadcrumb\":{\"@id\":\"https:\\\/\\\/www.musikzeitung.ch\\\/news\\\/2023\\\/12\\\/anton-spronk-wird-solocellist-des-hr-sinfonieorchesters#breadcrumb\"},\"inLanguage\":\"en-US\",\"potentialAction\":[{\"@type\":\"ReadAction\",\"target\":[\"https:\\\/\\\/www.musikzeitung.ch\\\/news\\\/2023\\\/12\\\/anton-spronk-wird-solocellist-des-hr-sinfonieorchesters\"]}]},{\"@type\":\"ImageObject\",\"inLanguage\":\"en-US\",\"@id\":\"https:\\\/\\\/www.musikzeitung.ch\\\/news\\\/2023\\\/12\\\/anton-spronk-wird-solocellist-des-hr-sinfonieorchesters#primaryimage\",\"url\":\"https:\\\/\\\/www.musikzeitung.ch\\\/wp-content\\\/uploads\\\/2023\\\/12\\\/231229spronk.jpg\",\"contentUrl\":\"https:\\\/\\\/www.musikzeitung.ch\\\/wp-content\\\/uploads\\\/2023\\\/12\\\/231229spronk.jpg\",\"width\":927,\"height\":623,\"caption\":\"Anton Spronk (Bild: Marco Borggreve)\"},{\"@type\":\"BreadcrumbList\",\"@id\":\"https:\\\/\\\/www.musikzeitung.ch\\\/news\\\/2023\\\/12\\\/anton-spronk-wird-solocellist-des-hr-sinfonieorchesters#breadcrumb\",\"itemListElement\":[{\"@type\":\"ListItem\",\"position\":1,\"name\":\"Home\",\"item\":\"https:\\\/\\\/www.musikzeitung.ch\\\/\"},{\"@type\":\"ListItem\",\"position\":2,\"name\":\"Anton Spronk wird Solocellist des hr-Sinfonieorchesters\"}]},{\"@type\":\"WebSite\",\"@id\":\"https:\\\/\\\/www.musikzeitung.ch\\\/#website\",\"url\":\"https:\\\/\\\/www.musikzeitung.ch\\\/\",\"name\":\"Schweizer Musikzeitung\",\"description\":\"Die f\u00fchrende sparten\u00fcbergreifende Monatszeitung in der Schweiz f\u00fcr musikalische Fragen.\",\"publisher\":{\"@id\":\"https:\\\/\\\/www.musikzeitung.ch\\\/#organization\"},\"potentialAction\":[{\"@type\":\"SearchAction\",\"target\":{\"@type\":\"EntryPoint\",\"urlTemplate\":\"https:\\\/\\\/www.musikzeitung.ch\\\/?s={search_term_string}\"},\"query-input\":{\"@type\":\"PropertyValueSpecification\",\"valueRequired\":true,\"valueName\":\"search_term_string\"}}],\"inLanguage\":\"en-US\"},{\"@type\":\"Organization\",\"@id\":\"https:\\\/\\\/www.musikzeitung.ch\\\/#organization\",\"name\":\"Schweizer Musikzeitung\",\"url\":\"https:\\\/\\\/www.musikzeitung.ch\\\/\",\"logo\":{\"@type\":\"ImageObject\",\"inLanguage\":\"en-US\",\"@id\":\"https:\\\/\\\/www.musikzeitung.ch\\\/#\\\/schema\\\/logo\\\/image\\\/\",\"url\":\"https:\\\/\\\/www.musikzeitung.ch\\\/wp-content\\\/uploads\\\/2023\\\/01\\\/SMZ_Schriftzug_Sprache.png\",\"contentUrl\":\"https:\\\/\\\/www.musikzeitung.ch\\\/wp-content\\\/uploads\\\/2023\\\/01\\\/SMZ_Schriftzug_Sprache.png\",\"width\":1400,\"height\":279,\"caption\":\"Schweizer Musikzeitung\"},\"image\":{\"@id\":\"https:\\\/\\\/www.musikzeitung.ch\\\/#\\\/schema\\\/logo\\\/image\\\/\"},\"sameAs\":[\"https:\\\/\\\/www.facebook.com\\\/SchweizerMusikzeitung\\\/\",\"https:\\\/\\\/x.com\\\/smusikzeitung\",\"https:\\\/\\\/www.instagram.com\\\/musikzeitung.ch\\\/\"]},{\"@type\":\"Person\",\"@id\":\"https:\\\/\\\/www.musikzeitung.ch\\\/#\\\/schema\\\/person\\\/0da4fb82d243f1252850a35d0e87cf0c\",\"name\":\"Wolfgang B\u00f6hler\",\"image\":{\"@type\":\"ImageObject\",\"inLanguage\":\"en-US\",\"@id\":\"https:\\\/\\\/www.musikzeitung.ch\\\/wp-content\\\/uploads\\\/2023\\\/01\\\/boehler_portraet_web-e1674139782246-96x96.jpg\",\"url\":\"https:\\\/\\\/www.musikzeitung.ch\\\/wp-content\\\/uploads\\\/2023\\\/01\\\/boehler_portraet_web-e1674139782246-96x96.jpg\",\"contentUrl\":\"https:\\\/\\\/www.musikzeitung.ch\\\/wp-content\\\/uploads\\\/2023\\\/01\\\/boehler_portraet_web-e1674139782246-96x96.jpg\",\"caption\":\"Wolfgang B\u00f6hler\"},\"sameAs\":[\"http:\\\/\\\/www.manacanto.ch\",\"https:\\\/\\\/www.facebook.com\\\/wolfgang.bohler.75\"],\"url\":\"https:\\\/\\\/www.musikzeitung.ch\\\/en\\\/author\\\/wolfgang-boehler\"}]}<\/script>\n<!-- \/ Yoast SEO plugin. -->","yoast_head_json":{"title":"Anton Spronk becomes solo cellist of the hr-Sinfonieorchester - Schweizer Musikzeitung","description":"The Dutch-Swiss cellist Anton Spronk has won the audition for the solo cello position of the Frankfurt Radio Symphony Orchestra.","robots":{"index":"index","follow":"follow","max-snippet":"max-snippet:-1","max-image-preview":"max-image-preview:large","max-video-preview":"max-video-preview:-1"},"canonical":"https:\/\/www.musikzeitung.ch\/en\/news\/2023\/12\/anton-spronk-wird-solocellist-des-hr-sinfonieorchesters\/","og_locale":"en_US","og_type":"article","og_title":"Anton Spronk wird Solocellist des hr-Sinfonieorchesters - Schweizer Musikzeitung","og_description":"Der niederl\u00e4ndisch-schweizerische Cellist Anton Spronk hat das Probespiel f\u00fcr die Solocello-Position des Radio-Sinfonieorchesters Frankfurt gewonnen.","og_url":"https:\/\/www.musikzeitung.ch\/en\/news\/2023\/12\/anton-spronk-wird-solocellist-des-hr-sinfonieorchesters\/","og_site_name":"Schweizer Musikzeitung","article_publisher":"https:\/\/www.facebook.com\/SchweizerMusikzeitung\/","article_author":"https:\/\/www.facebook.com\/wolfgang.bohler.75","article_published_time":"2023-12-29T13:42:02+00:00","article_modified_time":"2024-02-28T13:33:35+00:00","og_image":[{"width":927,"height":623,"url":"https:\/\/www.musikzeitung.ch\/wp-content\/uploads\/2023\/12\/231229spronk.jpg","type":"image\/jpeg"}],"author":"Wolfgang B\u00f6hler","twitter_card":"summary_large_image","twitter_creator":"@smusikzeitung","twitter_site":"@smusikzeitung","twitter_misc":{"Written by":"Wolfgang B\u00f6hler","Est. reading time":"2 minutes"},"schema":{"@context":"https:\/\/schema.org","@graph":[{"@type":"Article","@id":"https:\/\/www.musikzeitung.ch\/news\/2023\/12\/anton-spronk-wird-solocellist-des-hr-sinfonieorchesters#article","isPartOf":{"@id":"https:\/\/www.musikzeitung.ch\/news\/2023\/12\/anton-spronk-wird-solocellist-des-hr-sinfonieorchesters"},"author":{"name":"Wolfgang B\u00f6hler","@id":"https:\/\/www.musikzeitung.ch\/#\/schema\/person\/0da4fb82d243f1252850a35d0e87cf0c"},"headline":"Anton Spronk wird Solocellist des hr-Sinfonieorchesters","datePublished":"2023-12-29T13:42:02+00:00","dateModified":"2024-02-28T13:33:35+00:00","mainEntityOfPage":{"@id":"https:\/\/www.musikzeitung.ch\/news\/2023\/12\/anton-spronk-wird-solocellist-des-hr-sinfonieorchesters"},"wordCount":127,"publisher":{"@id":"https:\/\/www.musikzeitung.ch\/#organization"},"image":{"@id":"https:\/\/www.musikzeitung.ch\/news\/2023\/12\/anton-spronk-wird-solocellist-des-hr-sinfonieorchesters#primaryimage"},"thumbnailUrl":"https:\/\/www.musikzeitung.ch\/wp-content\/uploads\/2023\/12\/231229spronk.jpg","keywords":["Anton Spronk","hr-Sinfonieorchester Frankfurt"],"articleSection":["News","Personen"],"inLanguage":"en-US"},{"@type":"WebPage","@id":"https:\/\/www.musikzeitung.ch\/news\/2023\/12\/anton-spronk-wird-solocellist-des-hr-sinfonieorchesters","url":"https:\/\/www.musikzeitung.ch\/news\/2023\/12\/anton-spronk-wird-solocellist-des-hr-sinfonieorchesters","name":"Anton Spronk becomes solo cellist of the hr-Sinfonieorchester - Schweizer Musikzeitung","isPartOf":{"@id":"https:\/\/www.musikzeitung.ch\/#website"},"primaryImageOfPage":{"@id":"https:\/\/www.musikzeitung.ch\/news\/2023\/12\/anton-spronk-wird-solocellist-des-hr-sinfonieorchesters#primaryimage"},"image":{"@id":"https:\/\/www.musikzeitung.ch\/news\/2023\/12\/anton-spronk-wird-solocellist-des-hr-sinfonieorchesters#primaryimage"},"thumbnailUrl":"https:\/\/www.musikzeitung.ch\/wp-content\/uploads\/2023\/12\/231229spronk.jpg","datePublished":"2023-12-29T13:42:02+00:00","dateModified":"2024-02-28T13:33:35+00:00","description":"The Dutch-Swiss cellist Anton Spronk has won the audition for the solo cello position of the Frankfurt Radio Symphony Orchestra.","breadcrumb":{"@id":"https:\/\/www.musikzeitung.ch\/news\/2023\/12\/anton-spronk-wird-solocellist-des-hr-sinfonieorchesters#breadcrumb"},"inLanguage":"en-US","potentialAction":[{"@type":"ReadAction","target":["https:\/\/www.musikzeitung.ch\/news\/2023\/12\/anton-spronk-wird-solocellist-des-hr-sinfonieorchesters"]}]},{"@type":"ImageObject","inLanguage":"en-US","@id":"https:\/\/www.musikzeitung.ch\/news\/2023\/12\/anton-spronk-wird-solocellist-des-hr-sinfonieorchesters#primaryimage","url":"https:\/\/www.musikzeitung.ch\/wp-content\/uploads\/2023\/12\/231229spronk.jpg","contentUrl":"https:\/\/www.musikzeitung.ch\/wp-content\/uploads\/2023\/12\/231229spronk.jpg","width":927,"height":623,"caption":"Anton Spronk (Bild: Marco Borggreve)"},{"@type":"BreadcrumbList","@id":"https:\/\/www.musikzeitung.ch\/news\/2023\/12\/anton-spronk-wird-solocellist-des-hr-sinfonieorchesters#breadcrumb","itemListElement":[{"@type":"ListItem","position":1,"name":"Home","item":"https:\/\/www.musikzeitung.ch\/"},{"@type":"ListItem","position":2,"name":"Anton Spronk wird Solocellist des hr-Sinfonieorchesters"}]},{"@type":"WebSite","@id":"https:\/\/www.musikzeitung.ch\/#website","url":"https:\/\/www.musikzeitung.ch\/","name":"Swiss Music Newspaper","description":"The leading interdisciplinary monthly newspaper in Switzerland for musical issues.","publisher":{"@id":"https:\/\/www.musikzeitung.ch\/#organization"},"potentialAction":[{"@type":"SearchAction","target":{"@type":"EntryPoint","urlTemplate":"https:\/\/www.musikzeitung.ch\/?s={search_term_string}"},"query-input":{"@type":"PropertyValueSpecification","valueRequired":true,"valueName":"search_term_string"}}],"inLanguage":"en-US"},{"@type":"Organization","@id":"https:\/\/www.musikzeitung.ch\/#organization","name":"Swiss Music Newspaper","url":"https:\/\/www.musikzeitung.ch\/","logo":{"@type":"ImageObject","inLanguage":"en-US","@id":"https:\/\/www.musikzeitung.ch\/#\/schema\/logo\/image\/","url":"https:\/\/www.musikzeitung.ch\/wp-content\/uploads\/2023\/01\/SMZ_Schriftzug_Sprache.png","contentUrl":"https:\/\/www.musikzeitung.ch\/wp-content\/uploads\/2023\/01\/SMZ_Schriftzug_Sprache.png","width":1400,"height":279,"caption":"Schweizer Musikzeitung"},"image":{"@id":"https:\/\/www.musikzeitung.ch\/#\/schema\/logo\/image\/"},"sameAs":["https:\/\/www.facebook.com\/SchweizerMusikzeitung\/","https:\/\/x.com\/smusikzeitung","https:\/\/www.instagram.com\/musikzeitung.ch\/"]},{"@type":"Person","@id":"https:\/\/www.musikzeitung.ch\/#\/schema\/person\/0da4fb82d243f1252850a35d0e87cf0c","name":"Wolfgang B\u00f6hler","image":{"@type":"ImageObject","inLanguage":"en-US","@id":"https:\/\/www.musikzeitung.ch\/wp-content\/uploads\/2023\/01\/boehler_portraet_web-e1674139782246-96x96.jpg","url":"https:\/\/www.musikzeitung.ch\/wp-content\/uploads\/2023\/01\/boehler_portraet_web-e1674139782246-96x96.jpg","contentUrl":"https:\/\/www.musikzeitung.ch\/wp-content\/uploads\/2023\/01\/boehler_portraet_web-e1674139782246-96x96.jpg","caption":"Wolfgang B\u00f6hler"},"sameAs":["http:\/\/www.manacanto.ch","https:\/\/www.facebook.com\/wolfgang.bohler.75"],"url":"https:\/\/www.musikzeitung.ch\/en\/author\/wolfgang-boehler"}]}},"publishpress_future_workflow_manual_trigger":{"enabledWorkflows":[]},"_links":{"self":[{"href":"https:\/\/www.musikzeitung.ch\/en\/wp-json\/wp\/v2\/posts\/50464","targetHints":{"allow":["GET"]}}],"collection":[{"href":"https:\/\/www.musikzeitung.ch\/en\/wp-json\/wp\/v2\/posts"}],"about":[{"href":"https:\/\/www.musikzeitung.ch\/en\/wp-json\/wp\/v2\/types\/post"}],"author":[{"embeddable":true,"href":"https:\/\/www.musikzeitung.ch\/en\/wp-json\/wp\/v2\/users\/30"}],"replies":[{"embeddable":true,"href":"https:\/\/www.musikzeitung.ch\/en\/wp-json\/wp\/v2\/comments?post=50464"}],"version-history":[{"count":5,"href":"https:\/\/www.musikzeitung.ch\/en\/wp-json\/wp\/v2\/posts\/50464\/revisions"}],"predecessor-version":[{"id":50470,"href":"https:\/\/www.musikzeitung.ch\/en\/wp-json\/wp\/v2\/posts\/50464\/revisions\/50470"}],"wp:featuredmedia":[{"embeddable":true,"href":"https:\/\/www.musikzeitung.ch\/en\/wp-json\/wp\/v2\/media\/50465"}],"wp:attachment":[{"href":"https:\/\/www.musikzeitung.ch\/en\/wp-json\/wp\/v2\/media?parent=50464"}],"wp:term":[{"taxonomy":"category","embeddable":true,"href":"https:\/\/www.musikzeitung.ch\/en\/wp-json\/wp\/v2\/categories?post=50464"},{"taxonomy":"post_tag","embeddable":true,"href":"https:\/\/www.musikzeitung.ch\/en\/wp-json\/wp\/v2\/tags?post=50464"}],"curies":[{"name":"wp","href":"https:\/\/api.w.org\/{rel}","templated":true}]}}