{"id":50633,"date":"2024-01-09T11:44:26","date_gmt":"2024-01-09T10:44:26","guid":{"rendered":"https:\/\/www.musikzeitung.ch\/?p=50633"},"modified":"2024-01-11T16:54:47","modified_gmt":"2024-01-11T15:54:47","slug":"mehr-zeitgenoessische-werke-in-den-konzertsaelen","status":"publish","type":"post","link":"https:\/\/www.musikzeitung.ch\/en\/news\/2024\/01\/mehr-zeitgenoessische-werke-in-den-konzertsaelen","title":{"rendered":"More contemporary works in the concert halls"},"content":{"rendered":"<figure id=\"attachment_50634\" aria-describedby=\"caption-attachment-50634\" style=\"width: 584px\" class=\"wp-caption aligncenter\"><img loading=\"lazy\" decoding=\"async\" class=\"wp-image-50634\" src=\"https:\/\/www.musikzeitung.ch\/wp-content\/uploads\/2024\/01\/240109bt.jpg\" alt=\"\" width=\"584\" height=\"368\" srcset=\"https:\/\/www.musikzeitung.ch\/wp-content\/uploads\/2024\/01\/240109bt.jpg 1272w, https:\/\/www.musikzeitung.ch\/wp-content\/uploads\/2024\/01\/240109bt-300x189.jpg 300w, https:\/\/www.musikzeitung.ch\/wp-content\/uploads\/2024\/01\/240109bt-1024x646.jpg 1024w, https:\/\/www.musikzeitung.ch\/wp-content\/uploads\/2024\/01\/240109bt-768x484.jpg 768w, https:\/\/www.musikzeitung.ch\/wp-content\/uploads\/2024\/01\/240109bt-278x175.jpg 278w, https:\/\/www.musikzeitung.ch\/wp-content\/uploads\/2024\/01\/240109bt-555x350.jpg 555w, https:\/\/www.musikzeitung.ch\/wp-content\/uploads\/2024\/01\/240109bt-1269x800.jpg 1269w, https:\/\/www.musikzeitung.ch\/wp-content\/uploads\/2024\/01\/240109bt-920x580.jpg 920w\" sizes=\"auto, (max-width: 584px) 100vw, 584px\" \/><figcaption id=\"caption-attachment-50634\" class=\"wp-caption-text\">Statistics: Bachtrack<\/figcaption><\/figure>\n<p>According to Bachtrack, one remarkable result of the last ten years is the steady increase in contemporary music programming. Its share has risen from around 6 to 14 percent worldwide. The trend is reflected in many countries: in the United Kingdom from 6 to 15 percent and in the USA from 7.5 to 20 percent. In some countries, such as Japan, Austria and France, there are comparatively fewer performances of contemporary music, but an increase can also be observed in these countries.<\/p>\n<p>The rise in performances of contemporary music goes hand in hand with an increase in performances of music by female composers - and especially by living women. Sofia Gubaidulina, Caroline Shaw, Unsuk Chin and Anna Clyne are all among the 100 most-performed in 2023. Also in the top 100 are Clara Schumann, Fanny Mendelssohn and Lili Boulanger. In 2023, 22 of the 200 most performed composers are women - in 2013 there were only 2.<\/p>\n<p>Bachtrack was founded in 2008. The site lists around 30,000 concerts, opera and dance events every year and also publishes around 150 concert reviews per month. The site is published in English, French, German and Spanish.<\/p>\n<p>In 2023, Bachtrack recorded 31,309 different events (around 4,000 more than in the previous year). This includes more than 16,000 concerts, 9,000 opera performances and almost 6,000 dance events. This year, it was also possible to evaluate the data from the last ten years, i.e. since 2013. This allows statistically significant conclusions to be drawn about the world of classical music and the changes it is undergoing.<\/p>\n<p><strong>More info:<\/strong> <a href=\"https:\/\/bachtrack.com\/de_DE\/classical-music-statistics-2023\">https:\/\/bachtrack.com\/de_DE\/classical-music-statistics-2023<\/a><\/p>\n<p>&nbsp;<\/p>","protected":false},"excerpt":{"rendered":"<p>The annual statistics from Bachtrack show that there has been a steady increase in contemporary music in concert halls over the last ten years.<\/p>","protected":false},"author":30,"featured_media":50634,"comment_status":"closed","ping_status":"closed","sticky":false,"template":"","format":"standard","meta":{"_acf_changed":false,"_relevanssi_hide_post":"","_relevanssi_hide_content":"","_relevanssi_pin_for_all":"","_relevanssi_pin_keywords":"","_relevanssi_unpin_keywords":"","_relevanssi_related_keywords":"","_relevanssi_related_include_ids":"","_relevanssi_related_exclude_ids":"","_relevanssi_related_no_append":"","_relevanssi_related_not_related":"","_relevanssi_related_posts":"","_relevanssi_noindex_reason":"","pgc_sgb_lightbox_settings":"","footnotes":""},"categories":[27],"tags":[3544],"class_list":["post-50633","post","type-post","status-publish","format-standard","has-post-thumbnail","hentry","category-news","tag-bachtrack"],"acf":[],"yoast_head":"<!-- This site is optimized with the Yoast SEO plugin v27.4 - https:\/\/yoast.com\/product\/yoast-seo-wordpress\/ -->\n<title>Mehr zeitgen\u00f6ssische Werke in den Konzerts\u00e4len - Schweizer Musikzeitung<\/title>\n<meta name=\"description\" content=\"Die j\u00e4hrliche Statstik von Bachtrack zeigt, dass in den letzten zehn Jahren eine Zunahme zeitgen\u00f6ssischer Musik in den Konzerts\u00e4len zu beobachten ist.\" \/>\n<meta name=\"robots\" content=\"index, follow, max-snippet:-1, max-image-preview:large, max-video-preview:-1\" \/>\n<link rel=\"canonical\" href=\"https:\/\/www.musikzeitung.ch\/en\/news\/2024\/01\/mehr-zeitgenoessische-werke-in-den-konzertsaelen\/\" \/>\n<meta property=\"og:locale\" content=\"en_US\" \/>\n<meta property=\"og:type\" content=\"article\" \/>\n<meta property=\"og:title\" content=\"Mehr zeitgen\u00f6ssische Werke in den Konzerts\u00e4len - Schweizer Musikzeitung\" \/>\n<meta property=\"og:description\" content=\"Die j\u00e4hrliche Statstik von Bachtrack zeigt, dass in den letzten zehn Jahren eine Zunahme zeitgen\u00f6ssischer Musik in den Konzerts\u00e4len zu beobachten ist.\" \/>\n<meta property=\"og:url\" content=\"https:\/\/www.musikzeitung.ch\/en\/news\/2024\/01\/mehr-zeitgenoessische-werke-in-den-konzertsaelen\/\" \/>\n<meta property=\"og:site_name\" content=\"Schweizer Musikzeitung\" \/>\n<meta property=\"article:publisher\" content=\"https:\/\/www.facebook.com\/SchweizerMusikzeitung\/\" \/>\n<meta property=\"article:author\" content=\"https:\/\/www.facebook.com\/wolfgang.bohler.75\" \/>\n<meta property=\"article:published_time\" content=\"2024-01-09T10:44:26+00:00\" \/>\n<meta property=\"article:modified_time\" content=\"2024-01-11T15:54:47+00:00\" \/>\n<meta property=\"og:image\" content=\"https:\/\/www.musikzeitung.ch\/wp-content\/uploads\/2024\/01\/240109bt.jpg\" \/>\n\t<meta property=\"og:image:width\" content=\"1272\" \/>\n\t<meta property=\"og:image:height\" content=\"802\" \/>\n\t<meta property=\"og:image:type\" content=\"image\/jpeg\" \/>\n<meta name=\"author\" content=\"Wolfgang B\u00f6hler\" \/>\n<meta name=\"twitter:card\" content=\"summary_large_image\" \/>\n<meta name=\"twitter:creator\" content=\"@smusikzeitung\" \/>\n<meta name=\"twitter:site\" content=\"@smusikzeitung\" \/>\n<meta name=\"twitter:label1\" content=\"Written by\" \/>\n\t<meta name=\"twitter:data1\" content=\"Wolfgang B\u00f6hler\" \/>\n\t<meta name=\"twitter:label2\" content=\"Est. reading time\" \/>\n\t<meta name=\"twitter:data2\" content=\"2 minutes\" \/>\n<script type=\"application\/ld+json\" class=\"yoast-schema-graph\">{\"@context\":\"https:\\\/\\\/schema.org\",\"@graph\":[{\"@type\":\"Article\",\"@id\":\"https:\\\/\\\/www.musikzeitung.ch\\\/news\\\/2024\\\/01\\\/mehr-zeitgenoessische-werke-in-den-konzertsaelen#article\",\"isPartOf\":{\"@id\":\"https:\\\/\\\/www.musikzeitung.ch\\\/news\\\/2024\\\/01\\\/mehr-zeitgenoessische-werke-in-den-konzertsaelen\"},\"author\":{\"name\":\"Wolfgang B\u00f6hler\",\"@id\":\"https:\\\/\\\/www.musikzeitung.ch\\\/#\\\/schema\\\/person\\\/0da4fb82d243f1252850a35d0e87cf0c\"},\"headline\":\"Mehr zeitgen\u00f6ssische Werke in den Konzerts\u00e4len\",\"datePublished\":\"2024-01-09T10:44:26+00:00\",\"dateModified\":\"2024-01-11T15:54:47+00:00\",\"mainEntityOfPage\":{\"@id\":\"https:\\\/\\\/www.musikzeitung.ch\\\/news\\\/2024\\\/01\\\/mehr-zeitgenoessische-werke-in-den-konzertsaelen\"},\"wordCount\":268,\"publisher\":{\"@id\":\"https:\\\/\\\/www.musikzeitung.ch\\\/#organization\"},\"image\":{\"@id\":\"https:\\\/\\\/www.musikzeitung.ch\\\/news\\\/2024\\\/01\\\/mehr-zeitgenoessische-werke-in-den-konzertsaelen#primaryimage\"},\"thumbnailUrl\":\"https:\\\/\\\/www.musikzeitung.ch\\\/wp-content\\\/uploads\\\/2024\\\/01\\\/240109bt.jpg\",\"keywords\":[\"Bachtrack\"],\"articleSection\":[\"News\"],\"inLanguage\":\"en-US\"},{\"@type\":\"WebPage\",\"@id\":\"https:\\\/\\\/www.musikzeitung.ch\\\/news\\\/2024\\\/01\\\/mehr-zeitgenoessische-werke-in-den-konzertsaelen\",\"url\":\"https:\\\/\\\/www.musikzeitung.ch\\\/news\\\/2024\\\/01\\\/mehr-zeitgenoessische-werke-in-den-konzertsaelen\",\"name\":\"Mehr zeitgen\u00f6ssische Werke in den Konzerts\u00e4len - Schweizer Musikzeitung\",\"isPartOf\":{\"@id\":\"https:\\\/\\\/www.musikzeitung.ch\\\/#website\"},\"primaryImageOfPage\":{\"@id\":\"https:\\\/\\\/www.musikzeitung.ch\\\/news\\\/2024\\\/01\\\/mehr-zeitgenoessische-werke-in-den-konzertsaelen#primaryimage\"},\"image\":{\"@id\":\"https:\\\/\\\/www.musikzeitung.ch\\\/news\\\/2024\\\/01\\\/mehr-zeitgenoessische-werke-in-den-konzertsaelen#primaryimage\"},\"thumbnailUrl\":\"https:\\\/\\\/www.musikzeitung.ch\\\/wp-content\\\/uploads\\\/2024\\\/01\\\/240109bt.jpg\",\"datePublished\":\"2024-01-09T10:44:26+00:00\",\"dateModified\":\"2024-01-11T15:54:47+00:00\",\"description\":\"Die j\u00e4hrliche Statstik von Bachtrack zeigt, dass in den letzten zehn Jahren eine Zunahme zeitgen\u00f6ssischer Musik in den Konzerts\u00e4len zu beobachten ist.\",\"breadcrumb\":{\"@id\":\"https:\\\/\\\/www.musikzeitung.ch\\\/news\\\/2024\\\/01\\\/mehr-zeitgenoessische-werke-in-den-konzertsaelen#breadcrumb\"},\"inLanguage\":\"en-US\",\"potentialAction\":[{\"@type\":\"ReadAction\",\"target\":[\"https:\\\/\\\/www.musikzeitung.ch\\\/news\\\/2024\\\/01\\\/mehr-zeitgenoessische-werke-in-den-konzertsaelen\"]}]},{\"@type\":\"ImageObject\",\"inLanguage\":\"en-US\",\"@id\":\"https:\\\/\\\/www.musikzeitung.ch\\\/news\\\/2024\\\/01\\\/mehr-zeitgenoessische-werke-in-den-konzertsaelen#primaryimage\",\"url\":\"https:\\\/\\\/www.musikzeitung.ch\\\/wp-content\\\/uploads\\\/2024\\\/01\\\/240109bt.jpg\",\"contentUrl\":\"https:\\\/\\\/www.musikzeitung.ch\\\/wp-content\\\/uploads\\\/2024\\\/01\\\/240109bt.jpg\",\"width\":1272,\"height\":802,\"caption\":\"Statistik: Bachtrack\"},{\"@type\":\"BreadcrumbList\",\"@id\":\"https:\\\/\\\/www.musikzeitung.ch\\\/news\\\/2024\\\/01\\\/mehr-zeitgenoessische-werke-in-den-konzertsaelen#breadcrumb\",\"itemListElement\":[{\"@type\":\"ListItem\",\"position\":1,\"name\":\"Home\",\"item\":\"https:\\\/\\\/www.musikzeitung.ch\\\/\"},{\"@type\":\"ListItem\",\"position\":2,\"name\":\"Mehr zeitgen\u00f6ssische Werke in den Konzerts\u00e4len\"}]},{\"@type\":\"WebSite\",\"@id\":\"https:\\\/\\\/www.musikzeitung.ch\\\/#website\",\"url\":\"https:\\\/\\\/www.musikzeitung.ch\\\/\",\"name\":\"Schweizer Musikzeitung\",\"description\":\"Die f\u00fchrende sparten\u00fcbergreifende Monatszeitung in der Schweiz f\u00fcr musikalische Fragen.\",\"publisher\":{\"@id\":\"https:\\\/\\\/www.musikzeitung.ch\\\/#organization\"},\"potentialAction\":[{\"@type\":\"SearchAction\",\"target\":{\"@type\":\"EntryPoint\",\"urlTemplate\":\"https:\\\/\\\/www.musikzeitung.ch\\\/?s={search_term_string}\"},\"query-input\":{\"@type\":\"PropertyValueSpecification\",\"valueRequired\":true,\"valueName\":\"search_term_string\"}}],\"inLanguage\":\"en-US\"},{\"@type\":\"Organization\",\"@id\":\"https:\\\/\\\/www.musikzeitung.ch\\\/#organization\",\"name\":\"Schweizer Musikzeitung\",\"url\":\"https:\\\/\\\/www.musikzeitung.ch\\\/\",\"logo\":{\"@type\":\"ImageObject\",\"inLanguage\":\"en-US\",\"@id\":\"https:\\\/\\\/www.musikzeitung.ch\\\/#\\\/schema\\\/logo\\\/image\\\/\",\"url\":\"https:\\\/\\\/www.musikzeitung.ch\\\/wp-content\\\/uploads\\\/2023\\\/01\\\/SMZ_Schriftzug_Sprache.png\",\"contentUrl\":\"https:\\\/\\\/www.musikzeitung.ch\\\/wp-content\\\/uploads\\\/2023\\\/01\\\/SMZ_Schriftzug_Sprache.png\",\"width\":1400,\"height\":279,\"caption\":\"Schweizer Musikzeitung\"},\"image\":{\"@id\":\"https:\\\/\\\/www.musikzeitung.ch\\\/#\\\/schema\\\/logo\\\/image\\\/\"},\"sameAs\":[\"https:\\\/\\\/www.facebook.com\\\/SchweizerMusikzeitung\\\/\",\"https:\\\/\\\/x.com\\\/smusikzeitung\",\"https:\\\/\\\/www.instagram.com\\\/musikzeitung.ch\\\/\"]},{\"@type\":\"Person\",\"@id\":\"https:\\\/\\\/www.musikzeitung.ch\\\/#\\\/schema\\\/person\\\/0da4fb82d243f1252850a35d0e87cf0c\",\"name\":\"Wolfgang B\u00f6hler\",\"image\":{\"@type\":\"ImageObject\",\"inLanguage\":\"en-US\",\"@id\":\"https:\\\/\\\/www.musikzeitung.ch\\\/wp-content\\\/uploads\\\/2023\\\/01\\\/boehler_portraet_web-e1674139782246-96x96.jpg\",\"url\":\"https:\\\/\\\/www.musikzeitung.ch\\\/wp-content\\\/uploads\\\/2023\\\/01\\\/boehler_portraet_web-e1674139782246-96x96.jpg\",\"contentUrl\":\"https:\\\/\\\/www.musikzeitung.ch\\\/wp-content\\\/uploads\\\/2023\\\/01\\\/boehler_portraet_web-e1674139782246-96x96.jpg\",\"caption\":\"Wolfgang B\u00f6hler\"},\"sameAs\":[\"http:\\\/\\\/www.manacanto.ch\",\"https:\\\/\\\/www.facebook.com\\\/wolfgang.bohler.75\"],\"url\":\"https:\\\/\\\/www.musikzeitung.ch\\\/en\\\/author\\\/wolfgang-boehler\"}]}<\/script>\n<!-- \/ Yoast SEO plugin. -->","yoast_head_json":{"title":"Mehr zeitgen\u00f6ssische Werke in den Konzerts\u00e4len - Schweizer Musikzeitung","description":"Die j\u00e4hrliche Statstik von Bachtrack zeigt, dass in den letzten zehn Jahren eine Zunahme zeitgen\u00f6ssischer Musik in den Konzerts\u00e4len zu beobachten ist.","robots":{"index":"index","follow":"follow","max-snippet":"max-snippet:-1","max-image-preview":"max-image-preview:large","max-video-preview":"max-video-preview:-1"},"canonical":"https:\/\/www.musikzeitung.ch\/en\/news\/2024\/01\/mehr-zeitgenoessische-werke-in-den-konzertsaelen\/","og_locale":"en_US","og_type":"article","og_title":"Mehr zeitgen\u00f6ssische Werke in den Konzerts\u00e4len - Schweizer Musikzeitung","og_description":"Die j\u00e4hrliche Statstik von Bachtrack zeigt, dass in den letzten zehn Jahren eine Zunahme zeitgen\u00f6ssischer Musik in den Konzerts\u00e4len zu beobachten ist.","og_url":"https:\/\/www.musikzeitung.ch\/en\/news\/2024\/01\/mehr-zeitgenoessische-werke-in-den-konzertsaelen\/","og_site_name":"Schweizer Musikzeitung","article_publisher":"https:\/\/www.facebook.com\/SchweizerMusikzeitung\/","article_author":"https:\/\/www.facebook.com\/wolfgang.bohler.75","article_published_time":"2024-01-09T10:44:26+00:00","article_modified_time":"2024-01-11T15:54:47+00:00","og_image":[{"width":1272,"height":802,"url":"https:\/\/www.musikzeitung.ch\/wp-content\/uploads\/2024\/01\/240109bt.jpg","type":"image\/jpeg"}],"author":"Wolfgang B\u00f6hler","twitter_card":"summary_large_image","twitter_creator":"@smusikzeitung","twitter_site":"@smusikzeitung","twitter_misc":{"Written by":"Wolfgang B\u00f6hler","Est. reading time":"2 minutes"},"schema":{"@context":"https:\/\/schema.org","@graph":[{"@type":"Article","@id":"https:\/\/www.musikzeitung.ch\/news\/2024\/01\/mehr-zeitgenoessische-werke-in-den-konzertsaelen#article","isPartOf":{"@id":"https:\/\/www.musikzeitung.ch\/news\/2024\/01\/mehr-zeitgenoessische-werke-in-den-konzertsaelen"},"author":{"name":"Wolfgang B\u00f6hler","@id":"https:\/\/www.musikzeitung.ch\/#\/schema\/person\/0da4fb82d243f1252850a35d0e87cf0c"},"headline":"Mehr zeitgen\u00f6ssische Werke in den Konzerts\u00e4len","datePublished":"2024-01-09T10:44:26+00:00","dateModified":"2024-01-11T15:54:47+00:00","mainEntityOfPage":{"@id":"https:\/\/www.musikzeitung.ch\/news\/2024\/01\/mehr-zeitgenoessische-werke-in-den-konzertsaelen"},"wordCount":268,"publisher":{"@id":"https:\/\/www.musikzeitung.ch\/#organization"},"image":{"@id":"https:\/\/www.musikzeitung.ch\/news\/2024\/01\/mehr-zeitgenoessische-werke-in-den-konzertsaelen#primaryimage"},"thumbnailUrl":"https:\/\/www.musikzeitung.ch\/wp-content\/uploads\/2024\/01\/240109bt.jpg","keywords":["Bachtrack"],"articleSection":["News"],"inLanguage":"en-US"},{"@type":"WebPage","@id":"https:\/\/www.musikzeitung.ch\/news\/2024\/01\/mehr-zeitgenoessische-werke-in-den-konzertsaelen","url":"https:\/\/www.musikzeitung.ch\/news\/2024\/01\/mehr-zeitgenoessische-werke-in-den-konzertsaelen","name":"Mehr zeitgen\u00f6ssische Werke in den Konzerts\u00e4len - Schweizer Musikzeitung","isPartOf":{"@id":"https:\/\/www.musikzeitung.ch\/#website"},"primaryImageOfPage":{"@id":"https:\/\/www.musikzeitung.ch\/news\/2024\/01\/mehr-zeitgenoessische-werke-in-den-konzertsaelen#primaryimage"},"image":{"@id":"https:\/\/www.musikzeitung.ch\/news\/2024\/01\/mehr-zeitgenoessische-werke-in-den-konzertsaelen#primaryimage"},"thumbnailUrl":"https:\/\/www.musikzeitung.ch\/wp-content\/uploads\/2024\/01\/240109bt.jpg","datePublished":"2024-01-09T10:44:26+00:00","dateModified":"2024-01-11T15:54:47+00:00","description":"Die j\u00e4hrliche Statstik von Bachtrack zeigt, dass in den letzten zehn Jahren eine Zunahme zeitgen\u00f6ssischer Musik in den Konzerts\u00e4len zu beobachten ist.","breadcrumb":{"@id":"https:\/\/www.musikzeitung.ch\/news\/2024\/01\/mehr-zeitgenoessische-werke-in-den-konzertsaelen#breadcrumb"},"inLanguage":"en-US","potentialAction":[{"@type":"ReadAction","target":["https:\/\/www.musikzeitung.ch\/news\/2024\/01\/mehr-zeitgenoessische-werke-in-den-konzertsaelen"]}]},{"@type":"ImageObject","inLanguage":"en-US","@id":"https:\/\/www.musikzeitung.ch\/news\/2024\/01\/mehr-zeitgenoessische-werke-in-den-konzertsaelen#primaryimage","url":"https:\/\/www.musikzeitung.ch\/wp-content\/uploads\/2024\/01\/240109bt.jpg","contentUrl":"https:\/\/www.musikzeitung.ch\/wp-content\/uploads\/2024\/01\/240109bt.jpg","width":1272,"height":802,"caption":"Statistik: Bachtrack"},{"@type":"BreadcrumbList","@id":"https:\/\/www.musikzeitung.ch\/news\/2024\/01\/mehr-zeitgenoessische-werke-in-den-konzertsaelen#breadcrumb","itemListElement":[{"@type":"ListItem","position":1,"name":"Home","item":"https:\/\/www.musikzeitung.ch\/"},{"@type":"ListItem","position":2,"name":"Mehr zeitgen\u00f6ssische Werke in den Konzerts\u00e4len"}]},{"@type":"WebSite","@id":"https:\/\/www.musikzeitung.ch\/#website","url":"https:\/\/www.musikzeitung.ch\/","name":"Swiss Music Newspaper","description":"The leading interdisciplinary monthly newspaper in Switzerland for musical issues.","publisher":{"@id":"https:\/\/www.musikzeitung.ch\/#organization"},"potentialAction":[{"@type":"SearchAction","target":{"@type":"EntryPoint","urlTemplate":"https:\/\/www.musikzeitung.ch\/?s={search_term_string}"},"query-input":{"@type":"PropertyValueSpecification","valueRequired":true,"valueName":"search_term_string"}}],"inLanguage":"en-US"},{"@type":"Organization","@id":"https:\/\/www.musikzeitung.ch\/#organization","name":"Swiss Music Newspaper","url":"https:\/\/www.musikzeitung.ch\/","logo":{"@type":"ImageObject","inLanguage":"en-US","@id":"https:\/\/www.musikzeitung.ch\/#\/schema\/logo\/image\/","url":"https:\/\/www.musikzeitung.ch\/wp-content\/uploads\/2023\/01\/SMZ_Schriftzug_Sprache.png","contentUrl":"https:\/\/www.musikzeitung.ch\/wp-content\/uploads\/2023\/01\/SMZ_Schriftzug_Sprache.png","width":1400,"height":279,"caption":"Schweizer Musikzeitung"},"image":{"@id":"https:\/\/www.musikzeitung.ch\/#\/schema\/logo\/image\/"},"sameAs":["https:\/\/www.facebook.com\/SchweizerMusikzeitung\/","https:\/\/x.com\/smusikzeitung","https:\/\/www.instagram.com\/musikzeitung.ch\/"]},{"@type":"Person","@id":"https:\/\/www.musikzeitung.ch\/#\/schema\/person\/0da4fb82d243f1252850a35d0e87cf0c","name":"Wolfgang B\u00f6hler","image":{"@type":"ImageObject","inLanguage":"en-US","@id":"https:\/\/www.musikzeitung.ch\/wp-content\/uploads\/2023\/01\/boehler_portraet_web-e1674139782246-96x96.jpg","url":"https:\/\/www.musikzeitung.ch\/wp-content\/uploads\/2023\/01\/boehler_portraet_web-e1674139782246-96x96.jpg","contentUrl":"https:\/\/www.musikzeitung.ch\/wp-content\/uploads\/2023\/01\/boehler_portraet_web-e1674139782246-96x96.jpg","caption":"Wolfgang B\u00f6hler"},"sameAs":["http:\/\/www.manacanto.ch","https:\/\/www.facebook.com\/wolfgang.bohler.75"],"url":"https:\/\/www.musikzeitung.ch\/en\/author\/wolfgang-boehler"}]}},"publishpress_future_workflow_manual_trigger":{"enabledWorkflows":[]},"_links":{"self":[{"href":"https:\/\/www.musikzeitung.ch\/en\/wp-json\/wp\/v2\/posts\/50633","targetHints":{"allow":["GET"]}}],"collection":[{"href":"https:\/\/www.musikzeitung.ch\/en\/wp-json\/wp\/v2\/posts"}],"about":[{"href":"https:\/\/www.musikzeitung.ch\/en\/wp-json\/wp\/v2\/types\/post"}],"author":[{"embeddable":true,"href":"https:\/\/www.musikzeitung.ch\/en\/wp-json\/wp\/v2\/users\/30"}],"replies":[{"embeddable":true,"href":"https:\/\/www.musikzeitung.ch\/en\/wp-json\/wp\/v2\/comments?post=50633"}],"version-history":[{"count":3,"href":"https:\/\/www.musikzeitung.ch\/en\/wp-json\/wp\/v2\/posts\/50633\/revisions"}],"predecessor-version":[{"id":50698,"href":"https:\/\/www.musikzeitung.ch\/en\/wp-json\/wp\/v2\/posts\/50633\/revisions\/50698"}],"wp:featuredmedia":[{"embeddable":true,"href":"https:\/\/www.musikzeitung.ch\/en\/wp-json\/wp\/v2\/media\/50634"}],"wp:attachment":[{"href":"https:\/\/www.musikzeitung.ch\/en\/wp-json\/wp\/v2\/media?parent=50633"}],"wp:term":[{"taxonomy":"category","embeddable":true,"href":"https:\/\/www.musikzeitung.ch\/en\/wp-json\/wp\/v2\/categories?post=50633"},{"taxonomy":"post_tag","embeddable":true,"href":"https:\/\/www.musikzeitung.ch\/en\/wp-json\/wp\/v2\/tags?post=50633"}],"curies":[{"name":"wp","href":"https:\/\/api.w.org\/{rel}","templated":true}]}}