{"id":50674,"date":"2024-01-10T13:37:24","date_gmt":"2024-01-10T12:37:24","guid":{"rendered":"https:\/\/www.musikzeitung.ch\/?p=50674"},"modified":"2024-02-28T14:30:52","modified_gmt":"2024-02-28T13:30:52","slug":"eschenbach-wird-musikalischer-leiter-der-nfm-wroclaw-philharmonic","status":"publish","type":"post","link":"https:\/\/www.musikzeitung.ch\/en\/news\/2024\/01\/eschenbach-wird-musikalischer-leiter-der-nfm-wroclaw-philharmonic","title":{"rendered":"Eschenbach becomes musical director of the NFM Wroc\u0142aw Philharmonic"},"content":{"rendered":"<figure id=\"attachment_50675\" aria-describedby=\"caption-attachment-50675\" style=\"width: 444px\" class=\"wp-caption aligncenter\"><img loading=\"lazy\" decoding=\"async\" class=\"wp-image-50675\" src=\"https:\/\/www.musikzeitung.ch\/wp-content\/uploads\/2024\/01\/240110eschenbach.jpg\" alt=\"\" width=\"444\" height=\"286\" srcset=\"https:\/\/www.musikzeitung.ch\/wp-content\/uploads\/2024\/01\/240110eschenbach.jpg 1138w, https:\/\/www.musikzeitung.ch\/wp-content\/uploads\/2024\/01\/240110eschenbach-300x193.jpg 300w, https:\/\/www.musikzeitung.ch\/wp-content\/uploads\/2024\/01\/240110eschenbach-1024x660.jpg 1024w, https:\/\/www.musikzeitung.ch\/wp-content\/uploads\/2024\/01\/240110eschenbach-768x495.jpg 768w, https:\/\/www.musikzeitung.ch\/wp-content\/uploads\/2024\/01\/240110eschenbach-271x175.jpg 271w, https:\/\/www.musikzeitung.ch\/wp-content\/uploads\/2024\/01\/240110eschenbach-543x350.jpg 543w, https:\/\/www.musikzeitung.ch\/wp-content\/uploads\/2024\/01\/240110eschenbach-920x593.jpg 920w\" sizes=\"auto, (max-width: 444px) 100vw, 444px\" \/><figcaption id=\"caption-attachment-50675\" class=\"wp-caption-text\">Christoph Eschenbach (Image: Manu Theobald)<\/figcaption><\/figure>\n<p>83-year-old Christoph Eschenbach was born in Wroc\u0142aw, Poland, the home town of the NFM Wroc\u0142aw Philharmonic. He will take over the post from the 2024\/2025 season as the successor to Giancarlo Guerrero, who has held the post since the 2017\/2018 season. Eschenbach conducted the Konzerthausorchester Berlin until 2023.<\/p>\n<p>The Wroc\u0142aw National Forum for Music (NFM) is a concert hall with four halls founded in 2015 to mark Wroc\u0142aw's nomination as European Capital of Culture. The largest can seat up to 1800 people. The Forum also includes the NFM Wroc\u0142aw Philharmonic, founded in 1945. It was named after Witold Lutos\u0142awski in 1994 and renamed the NFM Wroc\u0142aw Philharmonic in 2015 with the inauguration of its new headquarters.<\/p>","protected":false},"excerpt":{"rendered":"<p>Christoph Eschenbach, who was chief conductor of the Tonhalle Orchestra Zurich from 1982 to 1985, becomes musical director of the Polish orchestra NFM Wroc\u0142aw Philharmonic.<\/p>","protected":false},"author":30,"featured_media":50675,"comment_status":"closed","ping_status":"closed","sticky":false,"template":"","format":"standard","meta":{"_acf_changed":false,"_relevanssi_hide_post":"","_relevanssi_hide_content":"","_relevanssi_pin_for_all":"","_relevanssi_pin_keywords":"","_relevanssi_unpin_keywords":"","_relevanssi_related_keywords":"","_relevanssi_related_include_ids":"","_relevanssi_related_exclude_ids":"","_relevanssi_related_no_append":"","_relevanssi_related_not_related":"","_relevanssi_related_posts":"","_relevanssi_noindex_reason":"","pgc_sgb_lightbox_settings":"","footnotes":""},"categories":[27,1624],"tags":[3547,3548],"class_list":["post-50674","post","type-post","status-publish","format-standard","has-post-thumbnail","hentry","category-news","category-personen","tag-christoph-eschenbach","tag-nfm-wroclaw-philharmonic"],"acf":[],"yoast_head":"<!-- This site is optimized with the Yoast SEO plugin v27.4 - https:\/\/yoast.com\/product\/yoast-seo-wordpress\/ -->\n<title>Eschenbach wird musikalischer Leiter der NFM Wroc\u0142aw Philharmonic - Schweizer Musikzeitung<\/title>\n<meta name=\"description\" content=\"Christoph Eschenbach, der von 1982 bis 1985 als Chefdirigent des Tonhalle Orchesters Z\u00fcrich amtete, wird musikalischer Leiter der NFM Wroc\u0142aw Philharmonic.\" \/>\n<meta name=\"robots\" content=\"index, follow, max-snippet:-1, max-image-preview:large, max-video-preview:-1\" \/>\n<link rel=\"canonical\" href=\"https:\/\/www.musikzeitung.ch\/en\/news\/2024\/01\/eschenbach-wird-musikalischer-leiter-der-nfm-wroclaw-philharmonic\/\" \/>\n<meta property=\"og:locale\" content=\"en_US\" \/>\n<meta property=\"og:type\" content=\"article\" \/>\n<meta property=\"og:title\" content=\"Eschenbach wird musikalischer Leiter der NFM Wroc\u0142aw Philharmonic - Schweizer Musikzeitung\" \/>\n<meta property=\"og:description\" content=\"Christoph Eschenbach, der von 1982 bis 1985 als Chefdirigent des Tonhalle Orchesters Z\u00fcrich amtete, wird musikalischer Leiter der NFM Wroc\u0142aw Philharmonic.\" \/>\n<meta property=\"og:url\" content=\"https:\/\/www.musikzeitung.ch\/en\/news\/2024\/01\/eschenbach-wird-musikalischer-leiter-der-nfm-wroclaw-philharmonic\/\" \/>\n<meta property=\"og:site_name\" content=\"Schweizer Musikzeitung\" \/>\n<meta property=\"article:publisher\" content=\"https:\/\/www.facebook.com\/SchweizerMusikzeitung\/\" \/>\n<meta property=\"article:author\" content=\"https:\/\/www.facebook.com\/wolfgang.bohler.75\" \/>\n<meta property=\"article:published_time\" content=\"2024-01-10T12:37:24+00:00\" \/>\n<meta property=\"article:modified_time\" content=\"2024-02-28T13:30:52+00:00\" \/>\n<meta property=\"og:image\" content=\"https:\/\/www.musikzeitung.ch\/wp-content\/uploads\/2024\/01\/240110eschenbach.jpg\" \/>\n\t<meta property=\"og:image:width\" content=\"1138\" \/>\n\t<meta property=\"og:image:height\" content=\"734\" \/>\n\t<meta property=\"og:image:type\" content=\"image\/jpeg\" \/>\n<meta name=\"author\" content=\"Wolfgang B\u00f6hler\" \/>\n<meta name=\"twitter:card\" content=\"summary_large_image\" \/>\n<meta name=\"twitter:creator\" content=\"@smusikzeitung\" \/>\n<meta name=\"twitter:site\" content=\"@smusikzeitung\" \/>\n<meta name=\"twitter:label1\" content=\"Written by\" \/>\n\t<meta name=\"twitter:data1\" content=\"Wolfgang B\u00f6hler\" \/>\n\t<meta name=\"twitter:label2\" content=\"Est. reading time\" \/>\n\t<meta name=\"twitter:data2\" content=\"2 minutes\" \/>\n<script type=\"application\/ld+json\" class=\"yoast-schema-graph\">{\"@context\":\"https:\\\/\\\/schema.org\",\"@graph\":[{\"@type\":\"Article\",\"@id\":\"https:\\\/\\\/www.musikzeitung.ch\\\/news\\\/2024\\\/01\\\/eschenbach-wird-musikalischer-leiter-der-nfm-wroclaw-philharmonic#article\",\"isPartOf\":{\"@id\":\"https:\\\/\\\/www.musikzeitung.ch\\\/news\\\/2024\\\/01\\\/eschenbach-wird-musikalischer-leiter-der-nfm-wroclaw-philharmonic\"},\"author\":{\"name\":\"Wolfgang B\u00f6hler\",\"@id\":\"https:\\\/\\\/www.musikzeitung.ch\\\/#\\\/schema\\\/person\\\/0da4fb82d243f1252850a35d0e87cf0c\"},\"headline\":\"Eschenbach wird musikalischer Leiter der NFM Wroc\u0142aw Philharmonic\",\"datePublished\":\"2024-01-10T12:37:24+00:00\",\"dateModified\":\"2024-02-28T13:30:52+00:00\",\"mainEntityOfPage\":{\"@id\":\"https:\\\/\\\/www.musikzeitung.ch\\\/news\\\/2024\\\/01\\\/eschenbach-wird-musikalischer-leiter-der-nfm-wroclaw-philharmonic\"},\"wordCount\":128,\"publisher\":{\"@id\":\"https:\\\/\\\/www.musikzeitung.ch\\\/#organization\"},\"image\":{\"@id\":\"https:\\\/\\\/www.musikzeitung.ch\\\/news\\\/2024\\\/01\\\/eschenbach-wird-musikalischer-leiter-der-nfm-wroclaw-philharmonic#primaryimage\"},\"thumbnailUrl\":\"https:\\\/\\\/www.musikzeitung.ch\\\/wp-content\\\/uploads\\\/2024\\\/01\\\/240110eschenbach.jpg\",\"keywords\":[\"Christoph Eschenbach\",\"NFM Wroc\u0142aw Philharmonic\"],\"articleSection\":[\"News\",\"Personen\"],\"inLanguage\":\"en-US\"},{\"@type\":\"WebPage\",\"@id\":\"https:\\\/\\\/www.musikzeitung.ch\\\/news\\\/2024\\\/01\\\/eschenbach-wird-musikalischer-leiter-der-nfm-wroclaw-philharmonic\",\"url\":\"https:\\\/\\\/www.musikzeitung.ch\\\/news\\\/2024\\\/01\\\/eschenbach-wird-musikalischer-leiter-der-nfm-wroclaw-philharmonic\",\"name\":\"Eschenbach wird musikalischer Leiter der NFM Wroc\u0142aw Philharmonic - Schweizer Musikzeitung\",\"isPartOf\":{\"@id\":\"https:\\\/\\\/www.musikzeitung.ch\\\/#website\"},\"primaryImageOfPage\":{\"@id\":\"https:\\\/\\\/www.musikzeitung.ch\\\/news\\\/2024\\\/01\\\/eschenbach-wird-musikalischer-leiter-der-nfm-wroclaw-philharmonic#primaryimage\"},\"image\":{\"@id\":\"https:\\\/\\\/www.musikzeitung.ch\\\/news\\\/2024\\\/01\\\/eschenbach-wird-musikalischer-leiter-der-nfm-wroclaw-philharmonic#primaryimage\"},\"thumbnailUrl\":\"https:\\\/\\\/www.musikzeitung.ch\\\/wp-content\\\/uploads\\\/2024\\\/01\\\/240110eschenbach.jpg\",\"datePublished\":\"2024-01-10T12:37:24+00:00\",\"dateModified\":\"2024-02-28T13:30:52+00:00\",\"description\":\"Christoph Eschenbach, der von 1982 bis 1985 als Chefdirigent des Tonhalle Orchesters Z\u00fcrich amtete, wird musikalischer Leiter der NFM Wroc\u0142aw Philharmonic.\",\"breadcrumb\":{\"@id\":\"https:\\\/\\\/www.musikzeitung.ch\\\/news\\\/2024\\\/01\\\/eschenbach-wird-musikalischer-leiter-der-nfm-wroclaw-philharmonic#breadcrumb\"},\"inLanguage\":\"en-US\",\"potentialAction\":[{\"@type\":\"ReadAction\",\"target\":[\"https:\\\/\\\/www.musikzeitung.ch\\\/news\\\/2024\\\/01\\\/eschenbach-wird-musikalischer-leiter-der-nfm-wroclaw-philharmonic\"]}]},{\"@type\":\"ImageObject\",\"inLanguage\":\"en-US\",\"@id\":\"https:\\\/\\\/www.musikzeitung.ch\\\/news\\\/2024\\\/01\\\/eschenbach-wird-musikalischer-leiter-der-nfm-wroclaw-philharmonic#primaryimage\",\"url\":\"https:\\\/\\\/www.musikzeitung.ch\\\/wp-content\\\/uploads\\\/2024\\\/01\\\/240110eschenbach.jpg\",\"contentUrl\":\"https:\\\/\\\/www.musikzeitung.ch\\\/wp-content\\\/uploads\\\/2024\\\/01\\\/240110eschenbach.jpg\",\"width\":1138,\"height\":734,\"caption\":\"Christoph Eschenbach (Bild: Manu Theobald)\"},{\"@type\":\"BreadcrumbList\",\"@id\":\"https:\\\/\\\/www.musikzeitung.ch\\\/news\\\/2024\\\/01\\\/eschenbach-wird-musikalischer-leiter-der-nfm-wroclaw-philharmonic#breadcrumb\",\"itemListElement\":[{\"@type\":\"ListItem\",\"position\":1,\"name\":\"Home\",\"item\":\"https:\\\/\\\/www.musikzeitung.ch\\\/\"},{\"@type\":\"ListItem\",\"position\":2,\"name\":\"Eschenbach wird musikalischer Leiter der NFM Wroc\u0142aw Philharmonic\"}]},{\"@type\":\"WebSite\",\"@id\":\"https:\\\/\\\/www.musikzeitung.ch\\\/#website\",\"url\":\"https:\\\/\\\/www.musikzeitung.ch\\\/\",\"name\":\"Schweizer Musikzeitung\",\"description\":\"Die f\u00fchrende sparten\u00fcbergreifende Monatszeitung in der Schweiz f\u00fcr musikalische Fragen.\",\"publisher\":{\"@id\":\"https:\\\/\\\/www.musikzeitung.ch\\\/#organization\"},\"potentialAction\":[{\"@type\":\"SearchAction\",\"target\":{\"@type\":\"EntryPoint\",\"urlTemplate\":\"https:\\\/\\\/www.musikzeitung.ch\\\/?s={search_term_string}\"},\"query-input\":{\"@type\":\"PropertyValueSpecification\",\"valueRequired\":true,\"valueName\":\"search_term_string\"}}],\"inLanguage\":\"en-US\"},{\"@type\":\"Organization\",\"@id\":\"https:\\\/\\\/www.musikzeitung.ch\\\/#organization\",\"name\":\"Schweizer Musikzeitung\",\"url\":\"https:\\\/\\\/www.musikzeitung.ch\\\/\",\"logo\":{\"@type\":\"ImageObject\",\"inLanguage\":\"en-US\",\"@id\":\"https:\\\/\\\/www.musikzeitung.ch\\\/#\\\/schema\\\/logo\\\/image\\\/\",\"url\":\"https:\\\/\\\/www.musikzeitung.ch\\\/wp-content\\\/uploads\\\/2023\\\/01\\\/SMZ_Schriftzug_Sprache.png\",\"contentUrl\":\"https:\\\/\\\/www.musikzeitung.ch\\\/wp-content\\\/uploads\\\/2023\\\/01\\\/SMZ_Schriftzug_Sprache.png\",\"width\":1400,\"height\":279,\"caption\":\"Schweizer Musikzeitung\"},\"image\":{\"@id\":\"https:\\\/\\\/www.musikzeitung.ch\\\/#\\\/schema\\\/logo\\\/image\\\/\"},\"sameAs\":[\"https:\\\/\\\/www.facebook.com\\\/SchweizerMusikzeitung\\\/\",\"https:\\\/\\\/x.com\\\/smusikzeitung\",\"https:\\\/\\\/www.instagram.com\\\/musikzeitung.ch\\\/\"]},{\"@type\":\"Person\",\"@id\":\"https:\\\/\\\/www.musikzeitung.ch\\\/#\\\/schema\\\/person\\\/0da4fb82d243f1252850a35d0e87cf0c\",\"name\":\"Wolfgang B\u00f6hler\",\"image\":{\"@type\":\"ImageObject\",\"inLanguage\":\"en-US\",\"@id\":\"https:\\\/\\\/www.musikzeitung.ch\\\/wp-content\\\/uploads\\\/2023\\\/01\\\/boehler_portraet_web-e1674139782246-96x96.jpg\",\"url\":\"https:\\\/\\\/www.musikzeitung.ch\\\/wp-content\\\/uploads\\\/2023\\\/01\\\/boehler_portraet_web-e1674139782246-96x96.jpg\",\"contentUrl\":\"https:\\\/\\\/www.musikzeitung.ch\\\/wp-content\\\/uploads\\\/2023\\\/01\\\/boehler_portraet_web-e1674139782246-96x96.jpg\",\"caption\":\"Wolfgang B\u00f6hler\"},\"sameAs\":[\"http:\\\/\\\/www.manacanto.ch\",\"https:\\\/\\\/www.facebook.com\\\/wolfgang.bohler.75\"],\"url\":\"https:\\\/\\\/www.musikzeitung.ch\\\/en\\\/author\\\/wolfgang-boehler\"}]}<\/script>\n<!-- \/ Yoast SEO plugin. -->","yoast_head_json":{"title":"Eschenbach becomes musical director of the NFM Wroc\u0142aw Philharmonic - Schweizer Musikzeitung","description":"Christoph Eschenbach, who was chief conductor of the Tonhalle Orchestra Zurich from 1982 to 1985, becomes musical director of the NFM Wroc\u0142aw Philharmonic.","robots":{"index":"index","follow":"follow","max-snippet":"max-snippet:-1","max-image-preview":"max-image-preview:large","max-video-preview":"max-video-preview:-1"},"canonical":"https:\/\/www.musikzeitung.ch\/en\/news\/2024\/01\/eschenbach-wird-musikalischer-leiter-der-nfm-wroclaw-philharmonic\/","og_locale":"en_US","og_type":"article","og_title":"Eschenbach wird musikalischer Leiter der NFM Wroc\u0142aw Philharmonic - Schweizer Musikzeitung","og_description":"Christoph Eschenbach, der von 1982 bis 1985 als Chefdirigent des Tonhalle Orchesters Z\u00fcrich amtete, wird musikalischer Leiter der NFM Wroc\u0142aw Philharmonic.","og_url":"https:\/\/www.musikzeitung.ch\/en\/news\/2024\/01\/eschenbach-wird-musikalischer-leiter-der-nfm-wroclaw-philharmonic\/","og_site_name":"Schweizer Musikzeitung","article_publisher":"https:\/\/www.facebook.com\/SchweizerMusikzeitung\/","article_author":"https:\/\/www.facebook.com\/wolfgang.bohler.75","article_published_time":"2024-01-10T12:37:24+00:00","article_modified_time":"2024-02-28T13:30:52+00:00","og_image":[{"width":1138,"height":734,"url":"https:\/\/www.musikzeitung.ch\/wp-content\/uploads\/2024\/01\/240110eschenbach.jpg","type":"image\/jpeg"}],"author":"Wolfgang B\u00f6hler","twitter_card":"summary_large_image","twitter_creator":"@smusikzeitung","twitter_site":"@smusikzeitung","twitter_misc":{"Written by":"Wolfgang B\u00f6hler","Est. reading time":"2 minutes"},"schema":{"@context":"https:\/\/schema.org","@graph":[{"@type":"Article","@id":"https:\/\/www.musikzeitung.ch\/news\/2024\/01\/eschenbach-wird-musikalischer-leiter-der-nfm-wroclaw-philharmonic#article","isPartOf":{"@id":"https:\/\/www.musikzeitung.ch\/news\/2024\/01\/eschenbach-wird-musikalischer-leiter-der-nfm-wroclaw-philharmonic"},"author":{"name":"Wolfgang B\u00f6hler","@id":"https:\/\/www.musikzeitung.ch\/#\/schema\/person\/0da4fb82d243f1252850a35d0e87cf0c"},"headline":"Eschenbach wird musikalischer Leiter der NFM Wroc\u0142aw Philharmonic","datePublished":"2024-01-10T12:37:24+00:00","dateModified":"2024-02-28T13:30:52+00:00","mainEntityOfPage":{"@id":"https:\/\/www.musikzeitung.ch\/news\/2024\/01\/eschenbach-wird-musikalischer-leiter-der-nfm-wroclaw-philharmonic"},"wordCount":128,"publisher":{"@id":"https:\/\/www.musikzeitung.ch\/#organization"},"image":{"@id":"https:\/\/www.musikzeitung.ch\/news\/2024\/01\/eschenbach-wird-musikalischer-leiter-der-nfm-wroclaw-philharmonic#primaryimage"},"thumbnailUrl":"https:\/\/www.musikzeitung.ch\/wp-content\/uploads\/2024\/01\/240110eschenbach.jpg","keywords":["Christoph Eschenbach","NFM Wroc\u0142aw Philharmonic"],"articleSection":["News","Personen"],"inLanguage":"en-US"},{"@type":"WebPage","@id":"https:\/\/www.musikzeitung.ch\/news\/2024\/01\/eschenbach-wird-musikalischer-leiter-der-nfm-wroclaw-philharmonic","url":"https:\/\/www.musikzeitung.ch\/news\/2024\/01\/eschenbach-wird-musikalischer-leiter-der-nfm-wroclaw-philharmonic","name":"Eschenbach becomes musical director of the NFM Wroc\u0142aw Philharmonic - Schweizer Musikzeitung","isPartOf":{"@id":"https:\/\/www.musikzeitung.ch\/#website"},"primaryImageOfPage":{"@id":"https:\/\/www.musikzeitung.ch\/news\/2024\/01\/eschenbach-wird-musikalischer-leiter-der-nfm-wroclaw-philharmonic#primaryimage"},"image":{"@id":"https:\/\/www.musikzeitung.ch\/news\/2024\/01\/eschenbach-wird-musikalischer-leiter-der-nfm-wroclaw-philharmonic#primaryimage"},"thumbnailUrl":"https:\/\/www.musikzeitung.ch\/wp-content\/uploads\/2024\/01\/240110eschenbach.jpg","datePublished":"2024-01-10T12:37:24+00:00","dateModified":"2024-02-28T13:30:52+00:00","description":"Christoph Eschenbach, who was chief conductor of the Tonhalle Orchestra Zurich from 1982 to 1985, becomes musical director of the NFM Wroc\u0142aw Philharmonic.","breadcrumb":{"@id":"https:\/\/www.musikzeitung.ch\/news\/2024\/01\/eschenbach-wird-musikalischer-leiter-der-nfm-wroclaw-philharmonic#breadcrumb"},"inLanguage":"en-US","potentialAction":[{"@type":"ReadAction","target":["https:\/\/www.musikzeitung.ch\/news\/2024\/01\/eschenbach-wird-musikalischer-leiter-der-nfm-wroclaw-philharmonic"]}]},{"@type":"ImageObject","inLanguage":"en-US","@id":"https:\/\/www.musikzeitung.ch\/news\/2024\/01\/eschenbach-wird-musikalischer-leiter-der-nfm-wroclaw-philharmonic#primaryimage","url":"https:\/\/www.musikzeitung.ch\/wp-content\/uploads\/2024\/01\/240110eschenbach.jpg","contentUrl":"https:\/\/www.musikzeitung.ch\/wp-content\/uploads\/2024\/01\/240110eschenbach.jpg","width":1138,"height":734,"caption":"Christoph Eschenbach (Bild: Manu Theobald)"},{"@type":"BreadcrumbList","@id":"https:\/\/www.musikzeitung.ch\/news\/2024\/01\/eschenbach-wird-musikalischer-leiter-der-nfm-wroclaw-philharmonic#breadcrumb","itemListElement":[{"@type":"ListItem","position":1,"name":"Home","item":"https:\/\/www.musikzeitung.ch\/"},{"@type":"ListItem","position":2,"name":"Eschenbach wird musikalischer Leiter der NFM Wroc\u0142aw Philharmonic"}]},{"@type":"WebSite","@id":"https:\/\/www.musikzeitung.ch\/#website","url":"https:\/\/www.musikzeitung.ch\/","name":"Swiss Music Newspaper","description":"The leading interdisciplinary monthly newspaper in Switzerland for musical issues.","publisher":{"@id":"https:\/\/www.musikzeitung.ch\/#organization"},"potentialAction":[{"@type":"SearchAction","target":{"@type":"EntryPoint","urlTemplate":"https:\/\/www.musikzeitung.ch\/?s={search_term_string}"},"query-input":{"@type":"PropertyValueSpecification","valueRequired":true,"valueName":"search_term_string"}}],"inLanguage":"en-US"},{"@type":"Organization","@id":"https:\/\/www.musikzeitung.ch\/#organization","name":"Swiss Music Newspaper","url":"https:\/\/www.musikzeitung.ch\/","logo":{"@type":"ImageObject","inLanguage":"en-US","@id":"https:\/\/www.musikzeitung.ch\/#\/schema\/logo\/image\/","url":"https:\/\/www.musikzeitung.ch\/wp-content\/uploads\/2023\/01\/SMZ_Schriftzug_Sprache.png","contentUrl":"https:\/\/www.musikzeitung.ch\/wp-content\/uploads\/2023\/01\/SMZ_Schriftzug_Sprache.png","width":1400,"height":279,"caption":"Schweizer Musikzeitung"},"image":{"@id":"https:\/\/www.musikzeitung.ch\/#\/schema\/logo\/image\/"},"sameAs":["https:\/\/www.facebook.com\/SchweizerMusikzeitung\/","https:\/\/x.com\/smusikzeitung","https:\/\/www.instagram.com\/musikzeitung.ch\/"]},{"@type":"Person","@id":"https:\/\/www.musikzeitung.ch\/#\/schema\/person\/0da4fb82d243f1252850a35d0e87cf0c","name":"Wolfgang B\u00f6hler","image":{"@type":"ImageObject","inLanguage":"en-US","@id":"https:\/\/www.musikzeitung.ch\/wp-content\/uploads\/2023\/01\/boehler_portraet_web-e1674139782246-96x96.jpg","url":"https:\/\/www.musikzeitung.ch\/wp-content\/uploads\/2023\/01\/boehler_portraet_web-e1674139782246-96x96.jpg","contentUrl":"https:\/\/www.musikzeitung.ch\/wp-content\/uploads\/2023\/01\/boehler_portraet_web-e1674139782246-96x96.jpg","caption":"Wolfgang B\u00f6hler"},"sameAs":["http:\/\/www.manacanto.ch","https:\/\/www.facebook.com\/wolfgang.bohler.75"],"url":"https:\/\/www.musikzeitung.ch\/en\/author\/wolfgang-boehler"}]}},"publishpress_future_workflow_manual_trigger":{"enabledWorkflows":[]},"_links":{"self":[{"href":"https:\/\/www.musikzeitung.ch\/en\/wp-json\/wp\/v2\/posts\/50674","targetHints":{"allow":["GET"]}}],"collection":[{"href":"https:\/\/www.musikzeitung.ch\/en\/wp-json\/wp\/v2\/posts"}],"about":[{"href":"https:\/\/www.musikzeitung.ch\/en\/wp-json\/wp\/v2\/types\/post"}],"author":[{"embeddable":true,"href":"https:\/\/www.musikzeitung.ch\/en\/wp-json\/wp\/v2\/users\/30"}],"replies":[{"embeddable":true,"href":"https:\/\/www.musikzeitung.ch\/en\/wp-json\/wp\/v2\/comments?post=50674"}],"version-history":[{"count":3,"href":"https:\/\/www.musikzeitung.ch\/en\/wp-json\/wp\/v2\/posts\/50674\/revisions"}],"predecessor-version":[{"id":50696,"href":"https:\/\/www.musikzeitung.ch\/en\/wp-json\/wp\/v2\/posts\/50674\/revisions\/50696"}],"wp:featuredmedia":[{"embeddable":true,"href":"https:\/\/www.musikzeitung.ch\/en\/wp-json\/wp\/v2\/media\/50675"}],"wp:attachment":[{"href":"https:\/\/www.musikzeitung.ch\/en\/wp-json\/wp\/v2\/media?parent=50674"}],"wp:term":[{"taxonomy":"category","embeddable":true,"href":"https:\/\/www.musikzeitung.ch\/en\/wp-json\/wp\/v2\/categories?post=50674"},{"taxonomy":"post_tag","embeddable":true,"href":"https:\/\/www.musikzeitung.ch\/en\/wp-json\/wp\/v2\/tags?post=50674"}],"curies":[{"name":"wp","href":"https:\/\/api.w.org\/{rel}","templated":true}]}}