{"id":50706,"date":"2024-01-12T13:24:45","date_gmt":"2024-01-12T12:24:45","guid":{"rendered":"https:\/\/www.musikzeitung.ch\/?p=50706"},"modified":"2024-01-15T15:39:48","modified_gmt":"2024-01-15T14:39:48","slug":"neue-geschaeftsfuehrung-fuer-kklick","status":"publish","type":"post","link":"https:\/\/www.musikzeitung.ch\/en\/news\/2024\/01\/neue-geschaeftsfuehrung-fuer-kklick","title":{"rendered":"New management for kklick"},"content":{"rendered":"<figure id=\"attachment_50707\" aria-describedby=\"caption-attachment-50707\" style=\"width: 703px\" class=\"wp-caption aligncenter\"><img loading=\"lazy\" decoding=\"async\" class=\"wp-image-50707\" src=\"https:\/\/www.musikzeitung.ch\/wp-content\/uploads\/2024\/01\/240112kklick.jpg\" alt=\"\" width=\"703\" height=\"350\" srcset=\"https:\/\/www.musikzeitung.ch\/wp-content\/uploads\/2024\/01\/240112kklick.jpg 1246w, https:\/\/www.musikzeitung.ch\/wp-content\/uploads\/2024\/01\/240112kklick-300x149.jpg 300w, https:\/\/www.musikzeitung.ch\/wp-content\/uploads\/2024\/01\/240112kklick-1024x510.jpg 1024w, https:\/\/www.musikzeitung.ch\/wp-content\/uploads\/2024\/01\/240112kklick-768x382.jpg 768w, https:\/\/www.musikzeitung.ch\/wp-content\/uploads\/2024\/01\/240112kklick-352x175.jpg 352w, https:\/\/www.musikzeitung.ch\/wp-content\/uploads\/2024\/01\/240112kklick-703x350.jpg 703w, https:\/\/www.musikzeitung.ch\/wp-content\/uploads\/2024\/01\/240112kklick-920x458.jpg 920w\" sizes=\"auto, (max-width: 703px) 100vw, 703px\" \/><figcaption id=\"caption-attachment-50707\" class=\"wp-caption-text\">From left to right: Jan Rutishauser, Kati Michalk, Richi K\u00fcttel, Rebecca C. Schnyder. (Picture: zVg)<\/figcaption><\/figure>\n<p>As part of a public tendering process, the cantons of St. Gallen, Thurgau, Appenzell Ausserrhoden and Glarus have put the communication mandates for the overall project \"kklick - Kulturvermittlung Ostschweiz\" as well as for the St. Gallen\/Appenzell Ausserrhoden office and the Thurgau office out to tender for the period 2024-2027, according to a coordinated press release. The contract for all three mandates was awarded to Wirkpunkt GmbH headed by Kati Michalk, Richi K\u00fcttel and Rebecca C. Schnyder.<\/p>\n<p>This will not change anything for the cantons of St. Gallen and Appenzell Ausserrhoden, as their joint office was already managed by Wirkpunkt. The mandate for the office of the Canton of Glarus was not put out to tender and will continue to be managed by Dani\u00e8le Florence Perrin. Stefanie Kasper, who managed the office of the Canton of Thurgau for ten years, did not apply for the vacancy and has left kklick at the end of December 2023 to pursue new challenges. The new contact person for the canton of Thurgau is Richi K\u00fcttel from Wirkpunkt.<\/p>\n<p>kklick - Kulturvermittlung Ostschweiz is a cooperation project between the cultural offices of the cantons of Appenzell Ausserrhoden, Glarus, St. Gallen and Thurgau. The intercantonal platform for cultural mediation has been online since August 2014 and is active as a contact point for questions relating to the topic of cultural mediation in schools in the region. kklick communicates cultural mediation offers from cultural providers (institutions such as museums, theaters, cinemas or individuals such as cultural mediators or artists), bundles information on cultural mediation and promotes the use of cultural education offers in schools.<\/p>","protected":false},"excerpt":{"rendered":"<p>\"kklick\", a cooperation project between the cultural offices of the cantons of Appenzell Ausserrhoden, Glarus, St. Gallen and Thurgau, has a new management team.<\/p>","protected":false},"author":30,"featured_media":50707,"comment_status":"closed","ping_status":"closed","sticky":false,"template":"","format":"standard","meta":{"_acf_changed":false,"_relevanssi_hide_post":"","_relevanssi_hide_content":"","_relevanssi_pin_for_all":"","_relevanssi_pin_keywords":"","_relevanssi_unpin_keywords":"","_relevanssi_related_keywords":"","_relevanssi_related_include_ids":"","_relevanssi_related_exclude_ids":"","_relevanssi_related_no_append":"","_relevanssi_related_not_related":"","_relevanssi_related_posts":"","_relevanssi_noindex_reason":"","pgc_sgb_lightbox_settings":"","footnotes":""},"categories":[27],"tags":[3550,3551],"class_list":["post-50706","post","type-post","status-publish","format-standard","has-post-thumbnail","hentry","category-news","tag-kklick","tag-kulturvermittlung"],"acf":[],"yoast_head":"<!-- This site is optimized with the Yoast SEO plugin v27.4 - https:\/\/yoast.com\/product\/yoast-seo-wordpress\/ -->\n<title>Neue Gesch\u00e4ftsf\u00fchrung f\u00fcr kklick - Schweizer Musikzeitung<\/title>\n<meta name=\"description\" content=\"\u00abkklick\u00bb, ein Kooperationsprojekt der \u00c4mter f\u00fcr Kultur der Kantone Appenzell Ausserrhoden, Glarus, St. Gallen und Thurgau erh\u00e4lt eine neue Gesch\u00e4ftsf\u00fchrung.\" \/>\n<meta name=\"robots\" content=\"index, follow, max-snippet:-1, max-image-preview:large, max-video-preview:-1\" \/>\n<link rel=\"canonical\" href=\"https:\/\/www.musikzeitung.ch\/en\/news\/2024\/01\/neue-geschaeftsfuehrung-fuer-kklick\/\" \/>\n<meta property=\"og:locale\" content=\"en_US\" \/>\n<meta property=\"og:type\" content=\"article\" \/>\n<meta property=\"og:title\" content=\"Neue Gesch\u00e4ftsf\u00fchrung f\u00fcr kklick - Schweizer Musikzeitung\" \/>\n<meta property=\"og:description\" content=\"\u00abkklick\u00bb, ein Kooperationsprojekt der \u00c4mter f\u00fcr Kultur der Kantone Appenzell Ausserrhoden, Glarus, St. Gallen und Thurgau erh\u00e4lt eine neue Gesch\u00e4ftsf\u00fchrung.\" \/>\n<meta property=\"og:url\" content=\"https:\/\/www.musikzeitung.ch\/en\/news\/2024\/01\/neue-geschaeftsfuehrung-fuer-kklick\/\" \/>\n<meta property=\"og:site_name\" content=\"Schweizer Musikzeitung\" \/>\n<meta property=\"article:publisher\" content=\"https:\/\/www.facebook.com\/SchweizerMusikzeitung\/\" \/>\n<meta property=\"article:author\" content=\"https:\/\/www.facebook.com\/wolfgang.bohler.75\" \/>\n<meta property=\"article:published_time\" content=\"2024-01-12T12:24:45+00:00\" \/>\n<meta property=\"article:modified_time\" content=\"2024-01-15T14:39:48+00:00\" \/>\n<meta property=\"og:image\" content=\"https:\/\/www.musikzeitung.ch\/wp-content\/uploads\/2024\/01\/240112kklick.jpg\" \/>\n\t<meta property=\"og:image:width\" content=\"1246\" \/>\n\t<meta property=\"og:image:height\" content=\"620\" \/>\n\t<meta property=\"og:image:type\" content=\"image\/jpeg\" \/>\n<meta name=\"author\" content=\"Wolfgang B\u00f6hler\" \/>\n<meta name=\"twitter:card\" content=\"summary_large_image\" \/>\n<meta name=\"twitter:creator\" content=\"@smusikzeitung\" \/>\n<meta name=\"twitter:site\" content=\"@smusikzeitung\" \/>\n<meta name=\"twitter:label1\" content=\"Written by\" \/>\n\t<meta name=\"twitter:data1\" content=\"Wolfgang B\u00f6hler\" \/>\n\t<meta name=\"twitter:label2\" content=\"Est. reading time\" \/>\n\t<meta name=\"twitter:data2\" content=\"2 minutes\" \/>\n<script type=\"application\/ld+json\" class=\"yoast-schema-graph\">{\"@context\":\"https:\\\/\\\/schema.org\",\"@graph\":[{\"@type\":\"Article\",\"@id\":\"https:\\\/\\\/www.musikzeitung.ch\\\/news\\\/2024\\\/01\\\/neue-geschaeftsfuehrung-fuer-kklick#article\",\"isPartOf\":{\"@id\":\"https:\\\/\\\/www.musikzeitung.ch\\\/news\\\/2024\\\/01\\\/neue-geschaeftsfuehrung-fuer-kklick\"},\"author\":{\"name\":\"Wolfgang B\u00f6hler\",\"@id\":\"https:\\\/\\\/www.musikzeitung.ch\\\/#\\\/schema\\\/person\\\/0da4fb82d243f1252850a35d0e87cf0c\"},\"headline\":\"Neue Gesch\u00e4ftsf\u00fchrung f\u00fcr kklick\",\"datePublished\":\"2024-01-12T12:24:45+00:00\",\"dateModified\":\"2024-01-15T14:39:48+00:00\",\"mainEntityOfPage\":{\"@id\":\"https:\\\/\\\/www.musikzeitung.ch\\\/news\\\/2024\\\/01\\\/neue-geschaeftsfuehrung-fuer-kklick\"},\"wordCount\":288,\"publisher\":{\"@id\":\"https:\\\/\\\/www.musikzeitung.ch\\\/#organization\"},\"image\":{\"@id\":\"https:\\\/\\\/www.musikzeitung.ch\\\/news\\\/2024\\\/01\\\/neue-geschaeftsfuehrung-fuer-kklick#primaryimage\"},\"thumbnailUrl\":\"https:\\\/\\\/www.musikzeitung.ch\\\/wp-content\\\/uploads\\\/2024\\\/01\\\/240112kklick.jpg\",\"keywords\":[\"kklick\",\"Kulturvermittlung\"],\"articleSection\":[\"News\"],\"inLanguage\":\"en-US\"},{\"@type\":\"WebPage\",\"@id\":\"https:\\\/\\\/www.musikzeitung.ch\\\/news\\\/2024\\\/01\\\/neue-geschaeftsfuehrung-fuer-kklick\",\"url\":\"https:\\\/\\\/www.musikzeitung.ch\\\/news\\\/2024\\\/01\\\/neue-geschaeftsfuehrung-fuer-kklick\",\"name\":\"Neue Gesch\u00e4ftsf\u00fchrung f\u00fcr kklick - Schweizer Musikzeitung\",\"isPartOf\":{\"@id\":\"https:\\\/\\\/www.musikzeitung.ch\\\/#website\"},\"primaryImageOfPage\":{\"@id\":\"https:\\\/\\\/www.musikzeitung.ch\\\/news\\\/2024\\\/01\\\/neue-geschaeftsfuehrung-fuer-kklick#primaryimage\"},\"image\":{\"@id\":\"https:\\\/\\\/www.musikzeitung.ch\\\/news\\\/2024\\\/01\\\/neue-geschaeftsfuehrung-fuer-kklick#primaryimage\"},\"thumbnailUrl\":\"https:\\\/\\\/www.musikzeitung.ch\\\/wp-content\\\/uploads\\\/2024\\\/01\\\/240112kklick.jpg\",\"datePublished\":\"2024-01-12T12:24:45+00:00\",\"dateModified\":\"2024-01-15T14:39:48+00:00\",\"description\":\"\u00abkklick\u00bb, ein Kooperationsprojekt der \u00c4mter f\u00fcr Kultur der Kantone Appenzell Ausserrhoden, Glarus, St. Gallen und Thurgau erh\u00e4lt eine neue Gesch\u00e4ftsf\u00fchrung.\",\"breadcrumb\":{\"@id\":\"https:\\\/\\\/www.musikzeitung.ch\\\/news\\\/2024\\\/01\\\/neue-geschaeftsfuehrung-fuer-kklick#breadcrumb\"},\"inLanguage\":\"en-US\",\"potentialAction\":[{\"@type\":\"ReadAction\",\"target\":[\"https:\\\/\\\/www.musikzeitung.ch\\\/news\\\/2024\\\/01\\\/neue-geschaeftsfuehrung-fuer-kklick\"]}]},{\"@type\":\"ImageObject\",\"inLanguage\":\"en-US\",\"@id\":\"https:\\\/\\\/www.musikzeitung.ch\\\/news\\\/2024\\\/01\\\/neue-geschaeftsfuehrung-fuer-kklick#primaryimage\",\"url\":\"https:\\\/\\\/www.musikzeitung.ch\\\/wp-content\\\/uploads\\\/2024\\\/01\\\/240112kklick.jpg\",\"contentUrl\":\"https:\\\/\\\/www.musikzeitung.ch\\\/wp-content\\\/uploads\\\/2024\\\/01\\\/240112kklick.jpg\",\"width\":1246,\"height\":620,\"caption\":\"V.l.n.r.: Jan Rutishauser, Kati Michalk, Richi K\u00fcttel, Rebecca C. Schnyder. (Bild: zVg)\"},{\"@type\":\"BreadcrumbList\",\"@id\":\"https:\\\/\\\/www.musikzeitung.ch\\\/news\\\/2024\\\/01\\\/neue-geschaeftsfuehrung-fuer-kklick#breadcrumb\",\"itemListElement\":[{\"@type\":\"ListItem\",\"position\":1,\"name\":\"Home\",\"item\":\"https:\\\/\\\/www.musikzeitung.ch\\\/\"},{\"@type\":\"ListItem\",\"position\":2,\"name\":\"Neue Gesch\u00e4ftsf\u00fchrung f\u00fcr kklick\"}]},{\"@type\":\"WebSite\",\"@id\":\"https:\\\/\\\/www.musikzeitung.ch\\\/#website\",\"url\":\"https:\\\/\\\/www.musikzeitung.ch\\\/\",\"name\":\"Schweizer Musikzeitung\",\"description\":\"Die f\u00fchrende sparten\u00fcbergreifende Monatszeitung in der Schweiz f\u00fcr musikalische Fragen.\",\"publisher\":{\"@id\":\"https:\\\/\\\/www.musikzeitung.ch\\\/#organization\"},\"potentialAction\":[{\"@type\":\"SearchAction\",\"target\":{\"@type\":\"EntryPoint\",\"urlTemplate\":\"https:\\\/\\\/www.musikzeitung.ch\\\/?s={search_term_string}\"},\"query-input\":{\"@type\":\"PropertyValueSpecification\",\"valueRequired\":true,\"valueName\":\"search_term_string\"}}],\"inLanguage\":\"en-US\"},{\"@type\":\"Organization\",\"@id\":\"https:\\\/\\\/www.musikzeitung.ch\\\/#organization\",\"name\":\"Schweizer Musikzeitung\",\"url\":\"https:\\\/\\\/www.musikzeitung.ch\\\/\",\"logo\":{\"@type\":\"ImageObject\",\"inLanguage\":\"en-US\",\"@id\":\"https:\\\/\\\/www.musikzeitung.ch\\\/#\\\/schema\\\/logo\\\/image\\\/\",\"url\":\"https:\\\/\\\/www.musikzeitung.ch\\\/wp-content\\\/uploads\\\/2023\\\/01\\\/SMZ_Schriftzug_Sprache.png\",\"contentUrl\":\"https:\\\/\\\/www.musikzeitung.ch\\\/wp-content\\\/uploads\\\/2023\\\/01\\\/SMZ_Schriftzug_Sprache.png\",\"width\":1400,\"height\":279,\"caption\":\"Schweizer Musikzeitung\"},\"image\":{\"@id\":\"https:\\\/\\\/www.musikzeitung.ch\\\/#\\\/schema\\\/logo\\\/image\\\/\"},\"sameAs\":[\"https:\\\/\\\/www.facebook.com\\\/SchweizerMusikzeitung\\\/\",\"https:\\\/\\\/x.com\\\/smusikzeitung\",\"https:\\\/\\\/www.instagram.com\\\/musikzeitung.ch\\\/\"]},{\"@type\":\"Person\",\"@id\":\"https:\\\/\\\/www.musikzeitung.ch\\\/#\\\/schema\\\/person\\\/0da4fb82d243f1252850a35d0e87cf0c\",\"name\":\"Wolfgang B\u00f6hler\",\"image\":{\"@type\":\"ImageObject\",\"inLanguage\":\"en-US\",\"@id\":\"https:\\\/\\\/www.musikzeitung.ch\\\/wp-content\\\/uploads\\\/2023\\\/01\\\/boehler_portraet_web-e1674139782246-96x96.jpg\",\"url\":\"https:\\\/\\\/www.musikzeitung.ch\\\/wp-content\\\/uploads\\\/2023\\\/01\\\/boehler_portraet_web-e1674139782246-96x96.jpg\",\"contentUrl\":\"https:\\\/\\\/www.musikzeitung.ch\\\/wp-content\\\/uploads\\\/2023\\\/01\\\/boehler_portraet_web-e1674139782246-96x96.jpg\",\"caption\":\"Wolfgang B\u00f6hler\"},\"sameAs\":[\"http:\\\/\\\/www.manacanto.ch\",\"https:\\\/\\\/www.facebook.com\\\/wolfgang.bohler.75\"],\"url\":\"https:\\\/\\\/www.musikzeitung.ch\\\/en\\\/author\\\/wolfgang-boehler\"}]}<\/script>\n<!-- \/ Yoast SEO plugin. -->","yoast_head_json":{"title":"Neue Gesch\u00e4ftsf\u00fchrung f\u00fcr kklick - Schweizer Musikzeitung","description":"\"kklick\", a cooperation project between the cultural offices of the cantons of Appenzell Ausserrhoden, Glarus, St. Gallen and Thurgau, has a new management team.","robots":{"index":"index","follow":"follow","max-snippet":"max-snippet:-1","max-image-preview":"max-image-preview:large","max-video-preview":"max-video-preview:-1"},"canonical":"https:\/\/www.musikzeitung.ch\/en\/news\/2024\/01\/neue-geschaeftsfuehrung-fuer-kklick\/","og_locale":"en_US","og_type":"article","og_title":"Neue Gesch\u00e4ftsf\u00fchrung f\u00fcr kklick - Schweizer Musikzeitung","og_description":"\u00abkklick\u00bb, ein Kooperationsprojekt der \u00c4mter f\u00fcr Kultur der Kantone Appenzell Ausserrhoden, Glarus, St. Gallen und Thurgau erh\u00e4lt eine neue Gesch\u00e4ftsf\u00fchrung.","og_url":"https:\/\/www.musikzeitung.ch\/en\/news\/2024\/01\/neue-geschaeftsfuehrung-fuer-kklick\/","og_site_name":"Schweizer Musikzeitung","article_publisher":"https:\/\/www.facebook.com\/SchweizerMusikzeitung\/","article_author":"https:\/\/www.facebook.com\/wolfgang.bohler.75","article_published_time":"2024-01-12T12:24:45+00:00","article_modified_time":"2024-01-15T14:39:48+00:00","og_image":[{"width":1246,"height":620,"url":"https:\/\/www.musikzeitung.ch\/wp-content\/uploads\/2024\/01\/240112kklick.jpg","type":"image\/jpeg"}],"author":"Wolfgang B\u00f6hler","twitter_card":"summary_large_image","twitter_creator":"@smusikzeitung","twitter_site":"@smusikzeitung","twitter_misc":{"Written by":"Wolfgang B\u00f6hler","Est. reading time":"2 minutes"},"schema":{"@context":"https:\/\/schema.org","@graph":[{"@type":"Article","@id":"https:\/\/www.musikzeitung.ch\/news\/2024\/01\/neue-geschaeftsfuehrung-fuer-kklick#article","isPartOf":{"@id":"https:\/\/www.musikzeitung.ch\/news\/2024\/01\/neue-geschaeftsfuehrung-fuer-kklick"},"author":{"name":"Wolfgang B\u00f6hler","@id":"https:\/\/www.musikzeitung.ch\/#\/schema\/person\/0da4fb82d243f1252850a35d0e87cf0c"},"headline":"Neue Gesch\u00e4ftsf\u00fchrung f\u00fcr kklick","datePublished":"2024-01-12T12:24:45+00:00","dateModified":"2024-01-15T14:39:48+00:00","mainEntityOfPage":{"@id":"https:\/\/www.musikzeitung.ch\/news\/2024\/01\/neue-geschaeftsfuehrung-fuer-kklick"},"wordCount":288,"publisher":{"@id":"https:\/\/www.musikzeitung.ch\/#organization"},"image":{"@id":"https:\/\/www.musikzeitung.ch\/news\/2024\/01\/neue-geschaeftsfuehrung-fuer-kklick#primaryimage"},"thumbnailUrl":"https:\/\/www.musikzeitung.ch\/wp-content\/uploads\/2024\/01\/240112kklick.jpg","keywords":["kklick","Kulturvermittlung"],"articleSection":["News"],"inLanguage":"en-US"},{"@type":"WebPage","@id":"https:\/\/www.musikzeitung.ch\/news\/2024\/01\/neue-geschaeftsfuehrung-fuer-kklick","url":"https:\/\/www.musikzeitung.ch\/news\/2024\/01\/neue-geschaeftsfuehrung-fuer-kklick","name":"Neue Gesch\u00e4ftsf\u00fchrung f\u00fcr kklick - Schweizer Musikzeitung","isPartOf":{"@id":"https:\/\/www.musikzeitung.ch\/#website"},"primaryImageOfPage":{"@id":"https:\/\/www.musikzeitung.ch\/news\/2024\/01\/neue-geschaeftsfuehrung-fuer-kklick#primaryimage"},"image":{"@id":"https:\/\/www.musikzeitung.ch\/news\/2024\/01\/neue-geschaeftsfuehrung-fuer-kklick#primaryimage"},"thumbnailUrl":"https:\/\/www.musikzeitung.ch\/wp-content\/uploads\/2024\/01\/240112kklick.jpg","datePublished":"2024-01-12T12:24:45+00:00","dateModified":"2024-01-15T14:39:48+00:00","description":"\"kklick\", a cooperation project between the cultural offices of the cantons of Appenzell Ausserrhoden, Glarus, St. Gallen and Thurgau, has a new management team.","breadcrumb":{"@id":"https:\/\/www.musikzeitung.ch\/news\/2024\/01\/neue-geschaeftsfuehrung-fuer-kklick#breadcrumb"},"inLanguage":"en-US","potentialAction":[{"@type":"ReadAction","target":["https:\/\/www.musikzeitung.ch\/news\/2024\/01\/neue-geschaeftsfuehrung-fuer-kklick"]}]},{"@type":"ImageObject","inLanguage":"en-US","@id":"https:\/\/www.musikzeitung.ch\/news\/2024\/01\/neue-geschaeftsfuehrung-fuer-kklick#primaryimage","url":"https:\/\/www.musikzeitung.ch\/wp-content\/uploads\/2024\/01\/240112kklick.jpg","contentUrl":"https:\/\/www.musikzeitung.ch\/wp-content\/uploads\/2024\/01\/240112kklick.jpg","width":1246,"height":620,"caption":"V.l.n.r.: Jan Rutishauser, Kati Michalk, Richi K\u00fcttel, Rebecca C. Schnyder. (Bild: zVg)"},{"@type":"BreadcrumbList","@id":"https:\/\/www.musikzeitung.ch\/news\/2024\/01\/neue-geschaeftsfuehrung-fuer-kklick#breadcrumb","itemListElement":[{"@type":"ListItem","position":1,"name":"Home","item":"https:\/\/www.musikzeitung.ch\/"},{"@type":"ListItem","position":2,"name":"Neue Gesch\u00e4ftsf\u00fchrung f\u00fcr kklick"}]},{"@type":"WebSite","@id":"https:\/\/www.musikzeitung.ch\/#website","url":"https:\/\/www.musikzeitung.ch\/","name":"Swiss Music Newspaper","description":"The leading interdisciplinary monthly newspaper in Switzerland for musical issues.","publisher":{"@id":"https:\/\/www.musikzeitung.ch\/#organization"},"potentialAction":[{"@type":"SearchAction","target":{"@type":"EntryPoint","urlTemplate":"https:\/\/www.musikzeitung.ch\/?s={search_term_string}"},"query-input":{"@type":"PropertyValueSpecification","valueRequired":true,"valueName":"search_term_string"}}],"inLanguage":"en-US"},{"@type":"Organization","@id":"https:\/\/www.musikzeitung.ch\/#organization","name":"Swiss Music Newspaper","url":"https:\/\/www.musikzeitung.ch\/","logo":{"@type":"ImageObject","inLanguage":"en-US","@id":"https:\/\/www.musikzeitung.ch\/#\/schema\/logo\/image\/","url":"https:\/\/www.musikzeitung.ch\/wp-content\/uploads\/2023\/01\/SMZ_Schriftzug_Sprache.png","contentUrl":"https:\/\/www.musikzeitung.ch\/wp-content\/uploads\/2023\/01\/SMZ_Schriftzug_Sprache.png","width":1400,"height":279,"caption":"Schweizer Musikzeitung"},"image":{"@id":"https:\/\/www.musikzeitung.ch\/#\/schema\/logo\/image\/"},"sameAs":["https:\/\/www.facebook.com\/SchweizerMusikzeitung\/","https:\/\/x.com\/smusikzeitung","https:\/\/www.instagram.com\/musikzeitung.ch\/"]},{"@type":"Person","@id":"https:\/\/www.musikzeitung.ch\/#\/schema\/person\/0da4fb82d243f1252850a35d0e87cf0c","name":"Wolfgang B\u00f6hler","image":{"@type":"ImageObject","inLanguage":"en-US","@id":"https:\/\/www.musikzeitung.ch\/wp-content\/uploads\/2023\/01\/boehler_portraet_web-e1674139782246-96x96.jpg","url":"https:\/\/www.musikzeitung.ch\/wp-content\/uploads\/2023\/01\/boehler_portraet_web-e1674139782246-96x96.jpg","contentUrl":"https:\/\/www.musikzeitung.ch\/wp-content\/uploads\/2023\/01\/boehler_portraet_web-e1674139782246-96x96.jpg","caption":"Wolfgang B\u00f6hler"},"sameAs":["http:\/\/www.manacanto.ch","https:\/\/www.facebook.com\/wolfgang.bohler.75"],"url":"https:\/\/www.musikzeitung.ch\/en\/author\/wolfgang-boehler"}]}},"publishpress_future_workflow_manual_trigger":{"enabledWorkflows":[]},"_links":{"self":[{"href":"https:\/\/www.musikzeitung.ch\/en\/wp-json\/wp\/v2\/posts\/50706","targetHints":{"allow":["GET"]}}],"collection":[{"href":"https:\/\/www.musikzeitung.ch\/en\/wp-json\/wp\/v2\/posts"}],"about":[{"href":"https:\/\/www.musikzeitung.ch\/en\/wp-json\/wp\/v2\/types\/post"}],"author":[{"embeddable":true,"href":"https:\/\/www.musikzeitung.ch\/en\/wp-json\/wp\/v2\/users\/30"}],"replies":[{"embeddable":true,"href":"https:\/\/www.musikzeitung.ch\/en\/wp-json\/wp\/v2\/comments?post=50706"}],"version-history":[{"count":1,"href":"https:\/\/www.musikzeitung.ch\/en\/wp-json\/wp\/v2\/posts\/50706\/revisions"}],"predecessor-version":[{"id":50708,"href":"https:\/\/www.musikzeitung.ch\/en\/wp-json\/wp\/v2\/posts\/50706\/revisions\/50708"}],"wp:featuredmedia":[{"embeddable":true,"href":"https:\/\/www.musikzeitung.ch\/en\/wp-json\/wp\/v2\/media\/50707"}],"wp:attachment":[{"href":"https:\/\/www.musikzeitung.ch\/en\/wp-json\/wp\/v2\/media?parent=50706"}],"wp:term":[{"taxonomy":"category","embeddable":true,"href":"https:\/\/www.musikzeitung.ch\/en\/wp-json\/wp\/v2\/categories?post=50706"},{"taxonomy":"post_tag","embeddable":true,"href":"https:\/\/www.musikzeitung.ch\/en\/wp-json\/wp\/v2\/tags?post=50706"}],"curies":[{"name":"wp","href":"https:\/\/api.w.org\/{rel}","templated":true}]}}