{"id":50814,"date":"2024-01-17T12:37:13","date_gmt":"2024-01-17T11:37:13","guid":{"rendered":"https:\/\/www.musikzeitung.ch\/?p=50814"},"modified":"2024-01-18T13:53:12","modified_gmt":"2024-01-18T12:53:12","slug":"honorarspiegel-des-oesterreichischen-musikrates","status":"publish","type":"post","link":"https:\/\/www.musikzeitung.ch\/en\/news\/2024\/01\/honorarspiegel-des-oesterreichischen-musikrates","title":{"rendered":"Fee schedule of the Austrian Music Council"},"content":{"rendered":"<figure id=\"attachment_50815\" aria-describedby=\"caption-attachment-50815\" style=\"width: 640px\" class=\"wp-caption aligncenter\"><img loading=\"lazy\" decoding=\"async\" class=\"wp-image-50815\" src=\"https:\/\/www.musikzeitung.ch\/wp-content\/uploads\/2024\/01\/240117oemr.jpg\" alt=\"\" width=\"640\" height=\"366\" srcset=\"https:\/\/www.musikzeitung.ch\/wp-content\/uploads\/2024\/01\/240117oemr.jpg 1204w, https:\/\/www.musikzeitung.ch\/wp-content\/uploads\/2024\/01\/240117oemr-300x172.jpg 300w, https:\/\/www.musikzeitung.ch\/wp-content\/uploads\/2024\/01\/240117oemr-1024x586.jpg 1024w, https:\/\/www.musikzeitung.ch\/wp-content\/uploads\/2024\/01\/240117oemr-768x439.jpg 768w, https:\/\/www.musikzeitung.ch\/wp-content\/uploads\/2024\/01\/240117oemr-306x175.jpg 306w, https:\/\/www.musikzeitung.ch\/wp-content\/uploads\/2024\/01\/240117oemr-612x350.jpg 612w, https:\/\/www.musikzeitung.ch\/wp-content\/uploads\/2024\/01\/240117oemr-920x526.jpg 920w\" sizes=\"auto, (max-width: 640px) 100vw, 640px\" \/><figcaption id=\"caption-attachment-50815\" class=\"wp-caption-text\">(Image: pxhere)<\/figcaption><\/figure>\n<p>The mirror is a calculation aid for planning your own projects and should be used when submitting funding applications in the field of music. These are fee ranges - the hourly rate can therefore vary depending on professional experience and project context.<br \/>\ncan be determined individually.<\/p>\n<p>The recommended hourly rates refer to the labor costs, i.e. the contractor's wage. They include fees, social security, taxes and duties as well as average vacation and sick days, but do not include VAT.<\/p>\n<p>An overpayment is possible and is also customary in the market, especially for managerial positions. The salary scheme of the trade union GPA f\u00fcr Vereine \/ Leitfaden f\u00fcr faire Bezahlung in der bildenden Kunst (Basiss\u00e4tze in der selbst\u00e4ndigen Arbeit) serves as the basis for calculation.<\/p>\n<p><strong>More info:<\/strong><br \/>\n<a href=\"https:\/\/oemr.at\/wp-content\/uploads\/OeMR_Fair-Pay-Honorarkatalog_veroeffentlicht_110124.pdf\">https:\/\/oemr.at\/wp-content\/uploads\/OeMR_Fair-Pay-Honorarkatalog_veroeffentlicht_110124.pdf\u00a0<\/a><\/p>","protected":false},"excerpt":{"rendered":"<p>The Austrian Music Council publishes recommendations for appropriate payment for independent project work in music.<\/p>","protected":false},"author":30,"featured_media":50815,"comment_status":"closed","ping_status":"closed","sticky":false,"template":"","format":"standard","meta":{"_acf_changed":false,"_relevanssi_hide_post":"","_relevanssi_hide_content":"","_relevanssi_pin_for_all":"","_relevanssi_pin_keywords":"","_relevanssi_unpin_keywords":"","_relevanssi_related_keywords":"","_relevanssi_related_include_ids":"","_relevanssi_related_exclude_ids":"","_relevanssi_related_no_append":"","_relevanssi_related_not_related":"","_relevanssi_related_posts":"","_relevanssi_noindex_reason":"","pgc_sgb_lightbox_settings":"","footnotes":""},"categories":[27],"tags":[3554,3553],"class_list":["post-50814","post","type-post","status-publish","format-standard","has-post-thumbnail","hentry","category-news","tag-honorarspiegel","tag-oesterreichischer-musikrat"],"acf":[],"yoast_head":"<!-- This site is optimized with the Yoast SEO plugin v27.4 - https:\/\/yoast.com\/product\/yoast-seo-wordpress\/ -->\n<title>Honorarspiegel des \u00d6sterreichischen Musikrates - Schweizer Musikzeitung<\/title>\n<meta name=\"description\" content=\"Der \u00d6sterreichische Musikrat ver\u00f6ffentlicht Empfehlungen f\u00fcr ein angemessene Bezahlung selbst\u00e4ndiger Projektarbeit in der Musik.\" \/>\n<meta name=\"robots\" content=\"index, follow, max-snippet:-1, max-image-preview:large, max-video-preview:-1\" \/>\n<link rel=\"canonical\" href=\"https:\/\/www.musikzeitung.ch\/en\/news\/2024\/01\/honorarspiegel-des-oesterreichischen-musikrates\/\" \/>\n<meta property=\"og:locale\" content=\"en_US\" \/>\n<meta property=\"og:type\" content=\"article\" \/>\n<meta property=\"og:title\" content=\"Honorarspiegel des \u00d6sterreichischen Musikrates - Schweizer Musikzeitung\" \/>\n<meta property=\"og:description\" content=\"Der \u00d6sterreichische Musikrat ver\u00f6ffentlicht Empfehlungen f\u00fcr ein angemessene Bezahlung selbst\u00e4ndiger Projektarbeit in der Musik.\" \/>\n<meta property=\"og:url\" content=\"https:\/\/www.musikzeitung.ch\/en\/news\/2024\/01\/honorarspiegel-des-oesterreichischen-musikrates\/\" \/>\n<meta property=\"og:site_name\" content=\"Schweizer Musikzeitung\" \/>\n<meta property=\"article:publisher\" content=\"https:\/\/www.facebook.com\/SchweizerMusikzeitung\/\" \/>\n<meta property=\"article:author\" content=\"https:\/\/www.facebook.com\/wolfgang.bohler.75\" \/>\n<meta property=\"article:published_time\" content=\"2024-01-17T11:37:13+00:00\" \/>\n<meta property=\"article:modified_time\" content=\"2024-01-18T12:53:12+00:00\" \/>\n<meta property=\"og:image\" content=\"https:\/\/www.musikzeitung.ch\/wp-content\/uploads\/2024\/01\/240117oemr.jpg\" \/>\n\t<meta property=\"og:image:width\" content=\"1204\" \/>\n\t<meta property=\"og:image:height\" content=\"689\" \/>\n\t<meta property=\"og:image:type\" content=\"image\/jpeg\" \/>\n<meta name=\"author\" content=\"Wolfgang B\u00f6hler\" \/>\n<meta name=\"twitter:card\" content=\"summary_large_image\" \/>\n<meta name=\"twitter:creator\" content=\"@smusikzeitung\" \/>\n<meta name=\"twitter:site\" content=\"@smusikzeitung\" \/>\n<meta name=\"twitter:label1\" content=\"Written by\" \/>\n\t<meta name=\"twitter:data1\" content=\"Wolfgang B\u00f6hler\" \/>\n\t<meta name=\"twitter:label2\" content=\"Est. reading time\" \/>\n\t<meta name=\"twitter:data2\" content=\"2 minutes\" \/>\n<script type=\"application\/ld+json\" class=\"yoast-schema-graph\">{\"@context\":\"https:\\\/\\\/schema.org\",\"@graph\":[{\"@type\":\"Article\",\"@id\":\"https:\\\/\\\/www.musikzeitung.ch\\\/news\\\/2024\\\/01\\\/honorarspiegel-des-oesterreichischen-musikrates#article\",\"isPartOf\":{\"@id\":\"https:\\\/\\\/www.musikzeitung.ch\\\/news\\\/2024\\\/01\\\/honorarspiegel-des-oesterreichischen-musikrates\"},\"author\":{\"name\":\"Wolfgang B\u00f6hler\",\"@id\":\"https:\\\/\\\/www.musikzeitung.ch\\\/#\\\/schema\\\/person\\\/0da4fb82d243f1252850a35d0e87cf0c\"},\"headline\":\"Honorarspiegel des \u00d6sterreichischen Musikrates\",\"datePublished\":\"2024-01-17T11:37:13+00:00\",\"dateModified\":\"2024-01-18T12:53:12+00:00\",\"mainEntityOfPage\":{\"@id\":\"https:\\\/\\\/www.musikzeitung.ch\\\/news\\\/2024\\\/01\\\/honorarspiegel-des-oesterreichischen-musikrates\"},\"wordCount\":133,\"publisher\":{\"@id\":\"https:\\\/\\\/www.musikzeitung.ch\\\/#organization\"},\"image\":{\"@id\":\"https:\\\/\\\/www.musikzeitung.ch\\\/news\\\/2024\\\/01\\\/honorarspiegel-des-oesterreichischen-musikrates#primaryimage\"},\"thumbnailUrl\":\"https:\\\/\\\/www.musikzeitung.ch\\\/wp-content\\\/uploads\\\/2024\\\/01\\\/240117oemr.jpg\",\"keywords\":[\"Honorarspiegel\",\"\u00d6sterreichischer Musikrat\"],\"articleSection\":[\"News\"],\"inLanguage\":\"en-US\"},{\"@type\":\"WebPage\",\"@id\":\"https:\\\/\\\/www.musikzeitung.ch\\\/news\\\/2024\\\/01\\\/honorarspiegel-des-oesterreichischen-musikrates\",\"url\":\"https:\\\/\\\/www.musikzeitung.ch\\\/news\\\/2024\\\/01\\\/honorarspiegel-des-oesterreichischen-musikrates\",\"name\":\"Honorarspiegel des \u00d6sterreichischen Musikrates - Schweizer Musikzeitung\",\"isPartOf\":{\"@id\":\"https:\\\/\\\/www.musikzeitung.ch\\\/#website\"},\"primaryImageOfPage\":{\"@id\":\"https:\\\/\\\/www.musikzeitung.ch\\\/news\\\/2024\\\/01\\\/honorarspiegel-des-oesterreichischen-musikrates#primaryimage\"},\"image\":{\"@id\":\"https:\\\/\\\/www.musikzeitung.ch\\\/news\\\/2024\\\/01\\\/honorarspiegel-des-oesterreichischen-musikrates#primaryimage\"},\"thumbnailUrl\":\"https:\\\/\\\/www.musikzeitung.ch\\\/wp-content\\\/uploads\\\/2024\\\/01\\\/240117oemr.jpg\",\"datePublished\":\"2024-01-17T11:37:13+00:00\",\"dateModified\":\"2024-01-18T12:53:12+00:00\",\"description\":\"Der \u00d6sterreichische Musikrat ver\u00f6ffentlicht Empfehlungen f\u00fcr ein angemessene Bezahlung selbst\u00e4ndiger Projektarbeit in der Musik.\",\"breadcrumb\":{\"@id\":\"https:\\\/\\\/www.musikzeitung.ch\\\/news\\\/2024\\\/01\\\/honorarspiegel-des-oesterreichischen-musikrates#breadcrumb\"},\"inLanguage\":\"en-US\",\"potentialAction\":[{\"@type\":\"ReadAction\",\"target\":[\"https:\\\/\\\/www.musikzeitung.ch\\\/news\\\/2024\\\/01\\\/honorarspiegel-des-oesterreichischen-musikrates\"]}]},{\"@type\":\"ImageObject\",\"inLanguage\":\"en-US\",\"@id\":\"https:\\\/\\\/www.musikzeitung.ch\\\/news\\\/2024\\\/01\\\/honorarspiegel-des-oesterreichischen-musikrates#primaryimage\",\"url\":\"https:\\\/\\\/www.musikzeitung.ch\\\/wp-content\\\/uploads\\\/2024\\\/01\\\/240117oemr.jpg\",\"contentUrl\":\"https:\\\/\\\/www.musikzeitung.ch\\\/wp-content\\\/uploads\\\/2024\\\/01\\\/240117oemr.jpg\",\"width\":1204,\"height\":689,\"caption\":\"(Bild: pxhere)\"},{\"@type\":\"BreadcrumbList\",\"@id\":\"https:\\\/\\\/www.musikzeitung.ch\\\/news\\\/2024\\\/01\\\/honorarspiegel-des-oesterreichischen-musikrates#breadcrumb\",\"itemListElement\":[{\"@type\":\"ListItem\",\"position\":1,\"name\":\"Home\",\"item\":\"https:\\\/\\\/www.musikzeitung.ch\\\/\"},{\"@type\":\"ListItem\",\"position\":2,\"name\":\"Honorarspiegel des \u00d6sterreichischen Musikrates\"}]},{\"@type\":\"WebSite\",\"@id\":\"https:\\\/\\\/www.musikzeitung.ch\\\/#website\",\"url\":\"https:\\\/\\\/www.musikzeitung.ch\\\/\",\"name\":\"Schweizer Musikzeitung\",\"description\":\"Die f\u00fchrende sparten\u00fcbergreifende Monatszeitung in der Schweiz f\u00fcr musikalische Fragen.\",\"publisher\":{\"@id\":\"https:\\\/\\\/www.musikzeitung.ch\\\/#organization\"},\"potentialAction\":[{\"@type\":\"SearchAction\",\"target\":{\"@type\":\"EntryPoint\",\"urlTemplate\":\"https:\\\/\\\/www.musikzeitung.ch\\\/?s={search_term_string}\"},\"query-input\":{\"@type\":\"PropertyValueSpecification\",\"valueRequired\":true,\"valueName\":\"search_term_string\"}}],\"inLanguage\":\"en-US\"},{\"@type\":\"Organization\",\"@id\":\"https:\\\/\\\/www.musikzeitung.ch\\\/#organization\",\"name\":\"Schweizer Musikzeitung\",\"url\":\"https:\\\/\\\/www.musikzeitung.ch\\\/\",\"logo\":{\"@type\":\"ImageObject\",\"inLanguage\":\"en-US\",\"@id\":\"https:\\\/\\\/www.musikzeitung.ch\\\/#\\\/schema\\\/logo\\\/image\\\/\",\"url\":\"https:\\\/\\\/www.musikzeitung.ch\\\/wp-content\\\/uploads\\\/2023\\\/01\\\/SMZ_Schriftzug_Sprache.png\",\"contentUrl\":\"https:\\\/\\\/www.musikzeitung.ch\\\/wp-content\\\/uploads\\\/2023\\\/01\\\/SMZ_Schriftzug_Sprache.png\",\"width\":1400,\"height\":279,\"caption\":\"Schweizer Musikzeitung\"},\"image\":{\"@id\":\"https:\\\/\\\/www.musikzeitung.ch\\\/#\\\/schema\\\/logo\\\/image\\\/\"},\"sameAs\":[\"https:\\\/\\\/www.facebook.com\\\/SchweizerMusikzeitung\\\/\",\"https:\\\/\\\/x.com\\\/smusikzeitung\",\"https:\\\/\\\/www.instagram.com\\\/musikzeitung.ch\\\/\"]},{\"@type\":\"Person\",\"@id\":\"https:\\\/\\\/www.musikzeitung.ch\\\/#\\\/schema\\\/person\\\/0da4fb82d243f1252850a35d0e87cf0c\",\"name\":\"Wolfgang B\u00f6hler\",\"image\":{\"@type\":\"ImageObject\",\"inLanguage\":\"en-US\",\"@id\":\"https:\\\/\\\/www.musikzeitung.ch\\\/wp-content\\\/uploads\\\/2023\\\/01\\\/boehler_portraet_web-e1674139782246-96x96.jpg\",\"url\":\"https:\\\/\\\/www.musikzeitung.ch\\\/wp-content\\\/uploads\\\/2023\\\/01\\\/boehler_portraet_web-e1674139782246-96x96.jpg\",\"contentUrl\":\"https:\\\/\\\/www.musikzeitung.ch\\\/wp-content\\\/uploads\\\/2023\\\/01\\\/boehler_portraet_web-e1674139782246-96x96.jpg\",\"caption\":\"Wolfgang B\u00f6hler\"},\"sameAs\":[\"http:\\\/\\\/www.manacanto.ch\",\"https:\\\/\\\/www.facebook.com\\\/wolfgang.bohler.75\"],\"url\":\"https:\\\/\\\/www.musikzeitung.ch\\\/en\\\/author\\\/wolfgang-boehler\"}]}<\/script>\n<!-- \/ Yoast SEO plugin. -->","yoast_head_json":{"title":"Honorarspiegel des \u00d6sterreichischen Musikrates - Schweizer Musikzeitung","description":"The Austrian Music Council publishes recommendations for appropriate payment for independent project work in music.","robots":{"index":"index","follow":"follow","max-snippet":"max-snippet:-1","max-image-preview":"max-image-preview:large","max-video-preview":"max-video-preview:-1"},"canonical":"https:\/\/www.musikzeitung.ch\/en\/news\/2024\/01\/honorarspiegel-des-oesterreichischen-musikrates\/","og_locale":"en_US","og_type":"article","og_title":"Honorarspiegel des \u00d6sterreichischen Musikrates - Schweizer Musikzeitung","og_description":"Der \u00d6sterreichische Musikrat ver\u00f6ffentlicht Empfehlungen f\u00fcr ein angemessene Bezahlung selbst\u00e4ndiger Projektarbeit in der Musik.","og_url":"https:\/\/www.musikzeitung.ch\/en\/news\/2024\/01\/honorarspiegel-des-oesterreichischen-musikrates\/","og_site_name":"Schweizer Musikzeitung","article_publisher":"https:\/\/www.facebook.com\/SchweizerMusikzeitung\/","article_author":"https:\/\/www.facebook.com\/wolfgang.bohler.75","article_published_time":"2024-01-17T11:37:13+00:00","article_modified_time":"2024-01-18T12:53:12+00:00","og_image":[{"width":1204,"height":689,"url":"https:\/\/www.musikzeitung.ch\/wp-content\/uploads\/2024\/01\/240117oemr.jpg","type":"image\/jpeg"}],"author":"Wolfgang B\u00f6hler","twitter_card":"summary_large_image","twitter_creator":"@smusikzeitung","twitter_site":"@smusikzeitung","twitter_misc":{"Written by":"Wolfgang B\u00f6hler","Est. reading time":"2 minutes"},"schema":{"@context":"https:\/\/schema.org","@graph":[{"@type":"Article","@id":"https:\/\/www.musikzeitung.ch\/news\/2024\/01\/honorarspiegel-des-oesterreichischen-musikrates#article","isPartOf":{"@id":"https:\/\/www.musikzeitung.ch\/news\/2024\/01\/honorarspiegel-des-oesterreichischen-musikrates"},"author":{"name":"Wolfgang B\u00f6hler","@id":"https:\/\/www.musikzeitung.ch\/#\/schema\/person\/0da4fb82d243f1252850a35d0e87cf0c"},"headline":"Honorarspiegel des \u00d6sterreichischen Musikrates","datePublished":"2024-01-17T11:37:13+00:00","dateModified":"2024-01-18T12:53:12+00:00","mainEntityOfPage":{"@id":"https:\/\/www.musikzeitung.ch\/news\/2024\/01\/honorarspiegel-des-oesterreichischen-musikrates"},"wordCount":133,"publisher":{"@id":"https:\/\/www.musikzeitung.ch\/#organization"},"image":{"@id":"https:\/\/www.musikzeitung.ch\/news\/2024\/01\/honorarspiegel-des-oesterreichischen-musikrates#primaryimage"},"thumbnailUrl":"https:\/\/www.musikzeitung.ch\/wp-content\/uploads\/2024\/01\/240117oemr.jpg","keywords":["Honorarspiegel","\u00d6sterreichischer Musikrat"],"articleSection":["News"],"inLanguage":"en-US"},{"@type":"WebPage","@id":"https:\/\/www.musikzeitung.ch\/news\/2024\/01\/honorarspiegel-des-oesterreichischen-musikrates","url":"https:\/\/www.musikzeitung.ch\/news\/2024\/01\/honorarspiegel-des-oesterreichischen-musikrates","name":"Honorarspiegel des \u00d6sterreichischen Musikrates - Schweizer Musikzeitung","isPartOf":{"@id":"https:\/\/www.musikzeitung.ch\/#website"},"primaryImageOfPage":{"@id":"https:\/\/www.musikzeitung.ch\/news\/2024\/01\/honorarspiegel-des-oesterreichischen-musikrates#primaryimage"},"image":{"@id":"https:\/\/www.musikzeitung.ch\/news\/2024\/01\/honorarspiegel-des-oesterreichischen-musikrates#primaryimage"},"thumbnailUrl":"https:\/\/www.musikzeitung.ch\/wp-content\/uploads\/2024\/01\/240117oemr.jpg","datePublished":"2024-01-17T11:37:13+00:00","dateModified":"2024-01-18T12:53:12+00:00","description":"The Austrian Music Council publishes recommendations for appropriate payment for independent project work in music.","breadcrumb":{"@id":"https:\/\/www.musikzeitung.ch\/news\/2024\/01\/honorarspiegel-des-oesterreichischen-musikrates#breadcrumb"},"inLanguage":"en-US","potentialAction":[{"@type":"ReadAction","target":["https:\/\/www.musikzeitung.ch\/news\/2024\/01\/honorarspiegel-des-oesterreichischen-musikrates"]}]},{"@type":"ImageObject","inLanguage":"en-US","@id":"https:\/\/www.musikzeitung.ch\/news\/2024\/01\/honorarspiegel-des-oesterreichischen-musikrates#primaryimage","url":"https:\/\/www.musikzeitung.ch\/wp-content\/uploads\/2024\/01\/240117oemr.jpg","contentUrl":"https:\/\/www.musikzeitung.ch\/wp-content\/uploads\/2024\/01\/240117oemr.jpg","width":1204,"height":689,"caption":"(Bild: pxhere)"},{"@type":"BreadcrumbList","@id":"https:\/\/www.musikzeitung.ch\/news\/2024\/01\/honorarspiegel-des-oesterreichischen-musikrates#breadcrumb","itemListElement":[{"@type":"ListItem","position":1,"name":"Home","item":"https:\/\/www.musikzeitung.ch\/"},{"@type":"ListItem","position":2,"name":"Honorarspiegel des \u00d6sterreichischen Musikrates"}]},{"@type":"WebSite","@id":"https:\/\/www.musikzeitung.ch\/#website","url":"https:\/\/www.musikzeitung.ch\/","name":"Swiss Music Newspaper","description":"The leading interdisciplinary monthly newspaper in Switzerland for musical issues.","publisher":{"@id":"https:\/\/www.musikzeitung.ch\/#organization"},"potentialAction":[{"@type":"SearchAction","target":{"@type":"EntryPoint","urlTemplate":"https:\/\/www.musikzeitung.ch\/?s={search_term_string}"},"query-input":{"@type":"PropertyValueSpecification","valueRequired":true,"valueName":"search_term_string"}}],"inLanguage":"en-US"},{"@type":"Organization","@id":"https:\/\/www.musikzeitung.ch\/#organization","name":"Swiss Music Newspaper","url":"https:\/\/www.musikzeitung.ch\/","logo":{"@type":"ImageObject","inLanguage":"en-US","@id":"https:\/\/www.musikzeitung.ch\/#\/schema\/logo\/image\/","url":"https:\/\/www.musikzeitung.ch\/wp-content\/uploads\/2023\/01\/SMZ_Schriftzug_Sprache.png","contentUrl":"https:\/\/www.musikzeitung.ch\/wp-content\/uploads\/2023\/01\/SMZ_Schriftzug_Sprache.png","width":1400,"height":279,"caption":"Schweizer Musikzeitung"},"image":{"@id":"https:\/\/www.musikzeitung.ch\/#\/schema\/logo\/image\/"},"sameAs":["https:\/\/www.facebook.com\/SchweizerMusikzeitung\/","https:\/\/x.com\/smusikzeitung","https:\/\/www.instagram.com\/musikzeitung.ch\/"]},{"@type":"Person","@id":"https:\/\/www.musikzeitung.ch\/#\/schema\/person\/0da4fb82d243f1252850a35d0e87cf0c","name":"Wolfgang B\u00f6hler","image":{"@type":"ImageObject","inLanguage":"en-US","@id":"https:\/\/www.musikzeitung.ch\/wp-content\/uploads\/2023\/01\/boehler_portraet_web-e1674139782246-96x96.jpg","url":"https:\/\/www.musikzeitung.ch\/wp-content\/uploads\/2023\/01\/boehler_portraet_web-e1674139782246-96x96.jpg","contentUrl":"https:\/\/www.musikzeitung.ch\/wp-content\/uploads\/2023\/01\/boehler_portraet_web-e1674139782246-96x96.jpg","caption":"Wolfgang B\u00f6hler"},"sameAs":["http:\/\/www.manacanto.ch","https:\/\/www.facebook.com\/wolfgang.bohler.75"],"url":"https:\/\/www.musikzeitung.ch\/en\/author\/wolfgang-boehler"}]}},"publishpress_future_workflow_manual_trigger":{"enabledWorkflows":[]},"_links":{"self":[{"href":"https:\/\/www.musikzeitung.ch\/en\/wp-json\/wp\/v2\/posts\/50814","targetHints":{"allow":["GET"]}}],"collection":[{"href":"https:\/\/www.musikzeitung.ch\/en\/wp-json\/wp\/v2\/posts"}],"about":[{"href":"https:\/\/www.musikzeitung.ch\/en\/wp-json\/wp\/v2\/types\/post"}],"author":[{"embeddable":true,"href":"https:\/\/www.musikzeitung.ch\/en\/wp-json\/wp\/v2\/users\/30"}],"replies":[{"embeddable":true,"href":"https:\/\/www.musikzeitung.ch\/en\/wp-json\/wp\/v2\/comments?post=50814"}],"version-history":[{"count":3,"href":"https:\/\/www.musikzeitung.ch\/en\/wp-json\/wp\/v2\/posts\/50814\/revisions"}],"predecessor-version":[{"id":50826,"href":"https:\/\/www.musikzeitung.ch\/en\/wp-json\/wp\/v2\/posts\/50814\/revisions\/50826"}],"wp:featuredmedia":[{"embeddable":true,"href":"https:\/\/www.musikzeitung.ch\/en\/wp-json\/wp\/v2\/media\/50815"}],"wp:attachment":[{"href":"https:\/\/www.musikzeitung.ch\/en\/wp-json\/wp\/v2\/media?parent=50814"}],"wp:term":[{"taxonomy":"category","embeddable":true,"href":"https:\/\/www.musikzeitung.ch\/en\/wp-json\/wp\/v2\/categories?post=50814"},{"taxonomy":"post_tag","embeddable":true,"href":"https:\/\/www.musikzeitung.ch\/en\/wp-json\/wp\/v2\/tags?post=50814"}],"curies":[{"name":"wp","href":"https:\/\/api.w.org\/{rel}","templated":true}]}}