{"id":50838,"date":"2024-01-19T12:30:21","date_gmt":"2024-01-19T11:30:21","guid":{"rendered":"https:\/\/www.musikzeitung.ch\/?p=50838"},"modified":"2024-02-28T14:29:58","modified_gmt":"2024-02-28T13:29:58","slug":"staier-mit-leipziger-bach-medaille-geehrt","status":"publish","type":"post","link":"https:\/\/www.musikzeitung.ch\/en\/news\/2024\/01\/staier-mit-leipziger-bach-medaille-geehrt","title":{"rendered":"Staier honored with Leipzig Bach Medal"},"content":{"rendered":"<figure id=\"attachment_50840\" aria-describedby=\"caption-attachment-50840\" style=\"width: 582px\" class=\"wp-caption aligncenter\"><img loading=\"lazy\" decoding=\"async\" class=\"wp-image-50840\" src=\"https:\/\/www.musikzeitung.ch\/wp-content\/uploads\/2024\/01\/240119staier.jpg\" alt=\"\" width=\"582\" height=\"320\" srcset=\"https:\/\/www.musikzeitung.ch\/wp-content\/uploads\/2024\/01\/240119staier.jpg 999w, https:\/\/www.musikzeitung.ch\/wp-content\/uploads\/2024\/01\/240119staier-300x165.jpg 300w, https:\/\/www.musikzeitung.ch\/wp-content\/uploads\/2024\/01\/240119staier-768x423.jpg 768w, https:\/\/www.musikzeitung.ch\/wp-content\/uploads\/2024\/01\/240119staier-318x175.jpg 318w, https:\/\/www.musikzeitung.ch\/wp-content\/uploads\/2024\/01\/240119staier-636x350.jpg 636w, https:\/\/www.musikzeitung.ch\/wp-content\/uploads\/2024\/01\/240119staier-920x507.jpg 920w\" sizes=\"auto, (max-width: 582px) 100vw, 582px\" \/><figcaption id=\"caption-attachment-50840\" class=\"wp-caption-text\">Andreas Staier (Image: Youtube video still)<\/figcaption><\/figure>\n<p>Staier studied with Lajos Rovatkay and Ton Koopman and worked with Musica Antiqua K\u00f6ln. From 1987 to 1995 he was professor of harpsichord and fortepiano at the Schola Cantorum Basiliensis. He gives master classes worldwide and has also worked as a conductor and orchestra leader for several years.<\/p>\n<p>The Bach Medal of the City of Leipzig has already been awarded to the Thomanerchor Leipzig (2023), Sir Andr\u00e1s Schiff (2022), Hans-Joachim Schulze and Christoph Wolff (2021) for \"special services to the cultivation of Bach's works\", Angela Hewitt (2020), Robert Levin (2018), Masaaki Suzuki (2012), Herbert Blomstedt (2011), Philippe Herreweghe (2010), Nikolaus Harnoncourt (2007), Ton Koopman (2006), Sir John Eliot Gardiner (2005), Helmuth Rilling (2004) and Gustav Leonhardt (2003).<\/p>","protected":false},"excerpt":{"rendered":"<p>Harpsichordist and pianist Andreas Staier, who taught at the Schola Cantorum Basiliensis from 1987 to 1995, will be honored with the Bach Medal of the City of Leipzig 2024.<\/p>","protected":false},"author":30,"featured_media":50840,"comment_status":"closed","ping_status":"closed","sticky":false,"template":"","format":"standard","meta":{"_acf_changed":false,"_relevanssi_hide_post":"","_relevanssi_hide_content":"","_relevanssi_pin_for_all":"","_relevanssi_pin_keywords":"","_relevanssi_unpin_keywords":"","_relevanssi_related_keywords":"","_relevanssi_related_include_ids":"","_relevanssi_related_exclude_ids":"","_relevanssi_related_no_append":"","_relevanssi_related_not_related":"","_relevanssi_related_posts":"","_relevanssi_noindex_reason":"","pgc_sgb_lightbox_settings":"","footnotes":""},"categories":[27,1624],"tags":[3555,3556],"class_list":["post-50838","post","type-post","status-publish","format-standard","has-post-thumbnail","hentry","category-news","category-personen","tag-andreas-staier","tag-bach-medaille-der-stadt-leipzig"],"acf":[],"yoast_head":"<!-- This site is optimized with the Yoast SEO plugin v27.4 - https:\/\/yoast.com\/product\/yoast-seo-wordpress\/ -->\n<title>Staier mit Leipziger Bach-Medaille geehrt - Schweizer Musikzeitung<\/title>\n<meta name=\"description\" content=\"Der Cembalist und Pianist Andreas Staier, der an der Schola Cantorum Basiliensis unterrichtete, wird mit der Bach-Medaille der Stadt Leipzig 2024 geehrt.\" \/>\n<meta name=\"robots\" content=\"index, follow, max-snippet:-1, max-image-preview:large, max-video-preview:-1\" \/>\n<link rel=\"canonical\" href=\"https:\/\/www.musikzeitung.ch\/en\/news\/2024\/01\/staier-mit-leipziger-bach-medaille-geehrt\/\" \/>\n<meta property=\"og:locale\" content=\"en_US\" \/>\n<meta property=\"og:type\" content=\"article\" \/>\n<meta property=\"og:title\" content=\"Staier mit Leipziger Bach-Medaille geehrt - Schweizer Musikzeitung\" \/>\n<meta property=\"og:description\" content=\"Der Cembalist und Pianist Andreas Staier, der an der Schola Cantorum Basiliensis unterrichtete, wird mit der Bach-Medaille der Stadt Leipzig 2024 geehrt.\" \/>\n<meta property=\"og:url\" content=\"https:\/\/www.musikzeitung.ch\/en\/news\/2024\/01\/staier-mit-leipziger-bach-medaille-geehrt\/\" \/>\n<meta property=\"og:site_name\" content=\"Schweizer Musikzeitung\" \/>\n<meta property=\"article:publisher\" content=\"https:\/\/www.facebook.com\/SchweizerMusikzeitung\/\" \/>\n<meta property=\"article:author\" content=\"https:\/\/www.facebook.com\/wolfgang.bohler.75\" \/>\n<meta property=\"article:published_time\" content=\"2024-01-19T11:30:21+00:00\" \/>\n<meta property=\"article:modified_time\" content=\"2024-02-28T13:29:58+00:00\" \/>\n<meta property=\"og:image\" content=\"https:\/\/www.musikzeitung.ch\/wp-content\/uploads\/2024\/01\/240119staier.jpg\" \/>\n\t<meta property=\"og:image:width\" content=\"999\" \/>\n\t<meta property=\"og:image:height\" content=\"550\" \/>\n\t<meta property=\"og:image:type\" content=\"image\/jpeg\" \/>\n<meta name=\"author\" content=\"Wolfgang B\u00f6hler\" \/>\n<meta name=\"twitter:card\" content=\"summary_large_image\" \/>\n<meta name=\"twitter:creator\" content=\"@smusikzeitung\" \/>\n<meta name=\"twitter:site\" content=\"@smusikzeitung\" \/>\n<meta name=\"twitter:label1\" content=\"Written by\" \/>\n\t<meta name=\"twitter:data1\" content=\"Wolfgang B\u00f6hler\" \/>\n\t<meta name=\"twitter:label2\" content=\"Est. reading time\" \/>\n\t<meta name=\"twitter:data2\" content=\"2 minutes\" \/>\n<script type=\"application\/ld+json\" class=\"yoast-schema-graph\">{\"@context\":\"https:\\\/\\\/schema.org\",\"@graph\":[{\"@type\":\"Article\",\"@id\":\"https:\\\/\\\/www.musikzeitung.ch\\\/news\\\/2024\\\/01\\\/staier-mit-leipziger-bach-medaille-geehrt#article\",\"isPartOf\":{\"@id\":\"https:\\\/\\\/www.musikzeitung.ch\\\/news\\\/2024\\\/01\\\/staier-mit-leipziger-bach-medaille-geehrt\"},\"author\":{\"name\":\"Wolfgang B\u00f6hler\",\"@id\":\"https:\\\/\\\/www.musikzeitung.ch\\\/#\\\/schema\\\/person\\\/0da4fb82d243f1252850a35d0e87cf0c\"},\"headline\":\"Staier mit Leipziger Bach-Medaille geehrt\",\"datePublished\":\"2024-01-19T11:30:21+00:00\",\"dateModified\":\"2024-02-28T13:29:58+00:00\",\"mainEntityOfPage\":{\"@id\":\"https:\\\/\\\/www.musikzeitung.ch\\\/news\\\/2024\\\/01\\\/staier-mit-leipziger-bach-medaille-geehrt\"},\"wordCount\":117,\"publisher\":{\"@id\":\"https:\\\/\\\/www.musikzeitung.ch\\\/#organization\"},\"image\":{\"@id\":\"https:\\\/\\\/www.musikzeitung.ch\\\/news\\\/2024\\\/01\\\/staier-mit-leipziger-bach-medaille-geehrt#primaryimage\"},\"thumbnailUrl\":\"https:\\\/\\\/www.musikzeitung.ch\\\/wp-content\\\/uploads\\\/2024\\\/01\\\/240119staier.jpg\",\"keywords\":[\"Andreas Staier\",\"Bach-Medaille der Stadt Leipzig\"],\"articleSection\":[\"News\",\"Personen\"],\"inLanguage\":\"en-US\"},{\"@type\":\"WebPage\",\"@id\":\"https:\\\/\\\/www.musikzeitung.ch\\\/news\\\/2024\\\/01\\\/staier-mit-leipziger-bach-medaille-geehrt\",\"url\":\"https:\\\/\\\/www.musikzeitung.ch\\\/news\\\/2024\\\/01\\\/staier-mit-leipziger-bach-medaille-geehrt\",\"name\":\"Staier mit Leipziger Bach-Medaille geehrt - Schweizer Musikzeitung\",\"isPartOf\":{\"@id\":\"https:\\\/\\\/www.musikzeitung.ch\\\/#website\"},\"primaryImageOfPage\":{\"@id\":\"https:\\\/\\\/www.musikzeitung.ch\\\/news\\\/2024\\\/01\\\/staier-mit-leipziger-bach-medaille-geehrt#primaryimage\"},\"image\":{\"@id\":\"https:\\\/\\\/www.musikzeitung.ch\\\/news\\\/2024\\\/01\\\/staier-mit-leipziger-bach-medaille-geehrt#primaryimage\"},\"thumbnailUrl\":\"https:\\\/\\\/www.musikzeitung.ch\\\/wp-content\\\/uploads\\\/2024\\\/01\\\/240119staier.jpg\",\"datePublished\":\"2024-01-19T11:30:21+00:00\",\"dateModified\":\"2024-02-28T13:29:58+00:00\",\"description\":\"Der Cembalist und Pianist Andreas Staier, der an der Schola Cantorum Basiliensis unterrichtete, wird mit der Bach-Medaille der Stadt Leipzig 2024 geehrt.\",\"breadcrumb\":{\"@id\":\"https:\\\/\\\/www.musikzeitung.ch\\\/news\\\/2024\\\/01\\\/staier-mit-leipziger-bach-medaille-geehrt#breadcrumb\"},\"inLanguage\":\"en-US\",\"potentialAction\":[{\"@type\":\"ReadAction\",\"target\":[\"https:\\\/\\\/www.musikzeitung.ch\\\/news\\\/2024\\\/01\\\/staier-mit-leipziger-bach-medaille-geehrt\"]}]},{\"@type\":\"ImageObject\",\"inLanguage\":\"en-US\",\"@id\":\"https:\\\/\\\/www.musikzeitung.ch\\\/news\\\/2024\\\/01\\\/staier-mit-leipziger-bach-medaille-geehrt#primaryimage\",\"url\":\"https:\\\/\\\/www.musikzeitung.ch\\\/wp-content\\\/uploads\\\/2024\\\/01\\\/240119staier.jpg\",\"contentUrl\":\"https:\\\/\\\/www.musikzeitung.ch\\\/wp-content\\\/uploads\\\/2024\\\/01\\\/240119staier.jpg\",\"width\":999,\"height\":550,\"caption\":\"Andreas Staier (Bild: Youtube-Videostill)\"},{\"@type\":\"BreadcrumbList\",\"@id\":\"https:\\\/\\\/www.musikzeitung.ch\\\/news\\\/2024\\\/01\\\/staier-mit-leipziger-bach-medaille-geehrt#breadcrumb\",\"itemListElement\":[{\"@type\":\"ListItem\",\"position\":1,\"name\":\"Home\",\"item\":\"https:\\\/\\\/www.musikzeitung.ch\\\/\"},{\"@type\":\"ListItem\",\"position\":2,\"name\":\"Staier mit Leipziger Bach-Medaille geehrt\"}]},{\"@type\":\"WebSite\",\"@id\":\"https:\\\/\\\/www.musikzeitung.ch\\\/#website\",\"url\":\"https:\\\/\\\/www.musikzeitung.ch\\\/\",\"name\":\"Schweizer Musikzeitung\",\"description\":\"Die f\u00fchrende sparten\u00fcbergreifende Monatszeitung in der Schweiz f\u00fcr musikalische Fragen.\",\"publisher\":{\"@id\":\"https:\\\/\\\/www.musikzeitung.ch\\\/#organization\"},\"potentialAction\":[{\"@type\":\"SearchAction\",\"target\":{\"@type\":\"EntryPoint\",\"urlTemplate\":\"https:\\\/\\\/www.musikzeitung.ch\\\/?s={search_term_string}\"},\"query-input\":{\"@type\":\"PropertyValueSpecification\",\"valueRequired\":true,\"valueName\":\"search_term_string\"}}],\"inLanguage\":\"en-US\"},{\"@type\":\"Organization\",\"@id\":\"https:\\\/\\\/www.musikzeitung.ch\\\/#organization\",\"name\":\"Schweizer Musikzeitung\",\"url\":\"https:\\\/\\\/www.musikzeitung.ch\\\/\",\"logo\":{\"@type\":\"ImageObject\",\"inLanguage\":\"en-US\",\"@id\":\"https:\\\/\\\/www.musikzeitung.ch\\\/#\\\/schema\\\/logo\\\/image\\\/\",\"url\":\"https:\\\/\\\/www.musikzeitung.ch\\\/wp-content\\\/uploads\\\/2023\\\/01\\\/SMZ_Schriftzug_Sprache.png\",\"contentUrl\":\"https:\\\/\\\/www.musikzeitung.ch\\\/wp-content\\\/uploads\\\/2023\\\/01\\\/SMZ_Schriftzug_Sprache.png\",\"width\":1400,\"height\":279,\"caption\":\"Schweizer Musikzeitung\"},\"image\":{\"@id\":\"https:\\\/\\\/www.musikzeitung.ch\\\/#\\\/schema\\\/logo\\\/image\\\/\"},\"sameAs\":[\"https:\\\/\\\/www.facebook.com\\\/SchweizerMusikzeitung\\\/\",\"https:\\\/\\\/x.com\\\/smusikzeitung\",\"https:\\\/\\\/www.instagram.com\\\/musikzeitung.ch\\\/\"]},{\"@type\":\"Person\",\"@id\":\"https:\\\/\\\/www.musikzeitung.ch\\\/#\\\/schema\\\/person\\\/0da4fb82d243f1252850a35d0e87cf0c\",\"name\":\"Wolfgang B\u00f6hler\",\"image\":{\"@type\":\"ImageObject\",\"inLanguage\":\"en-US\",\"@id\":\"https:\\\/\\\/www.musikzeitung.ch\\\/wp-content\\\/uploads\\\/2023\\\/01\\\/boehler_portraet_web-e1674139782246-96x96.jpg\",\"url\":\"https:\\\/\\\/www.musikzeitung.ch\\\/wp-content\\\/uploads\\\/2023\\\/01\\\/boehler_portraet_web-e1674139782246-96x96.jpg\",\"contentUrl\":\"https:\\\/\\\/www.musikzeitung.ch\\\/wp-content\\\/uploads\\\/2023\\\/01\\\/boehler_portraet_web-e1674139782246-96x96.jpg\",\"caption\":\"Wolfgang B\u00f6hler\"},\"sameAs\":[\"http:\\\/\\\/www.manacanto.ch\",\"https:\\\/\\\/www.facebook.com\\\/wolfgang.bohler.75\"],\"url\":\"https:\\\/\\\/www.musikzeitung.ch\\\/en\\\/author\\\/wolfgang-boehler\"}]}<\/script>\n<!-- \/ Yoast SEO plugin. -->","yoast_head_json":{"title":"Staier honored with Leipzig Bach Medal - Schweizer Musikzeitung","description":"Harpsichordist and pianist Andreas Staier, who taught at the Schola Cantorum Basiliensis, will be honored with the Bach Medal of the City of Leipzig 2024.","robots":{"index":"index","follow":"follow","max-snippet":"max-snippet:-1","max-image-preview":"max-image-preview:large","max-video-preview":"max-video-preview:-1"},"canonical":"https:\/\/www.musikzeitung.ch\/en\/news\/2024\/01\/staier-mit-leipziger-bach-medaille-geehrt\/","og_locale":"en_US","og_type":"article","og_title":"Staier mit Leipziger Bach-Medaille geehrt - Schweizer Musikzeitung","og_description":"Der Cembalist und Pianist Andreas Staier, der an der Schola Cantorum Basiliensis unterrichtete, wird mit der Bach-Medaille der Stadt Leipzig 2024 geehrt.","og_url":"https:\/\/www.musikzeitung.ch\/en\/news\/2024\/01\/staier-mit-leipziger-bach-medaille-geehrt\/","og_site_name":"Schweizer Musikzeitung","article_publisher":"https:\/\/www.facebook.com\/SchweizerMusikzeitung\/","article_author":"https:\/\/www.facebook.com\/wolfgang.bohler.75","article_published_time":"2024-01-19T11:30:21+00:00","article_modified_time":"2024-02-28T13:29:58+00:00","og_image":[{"width":999,"height":550,"url":"https:\/\/www.musikzeitung.ch\/wp-content\/uploads\/2024\/01\/240119staier.jpg","type":"image\/jpeg"}],"author":"Wolfgang B\u00f6hler","twitter_card":"summary_large_image","twitter_creator":"@smusikzeitung","twitter_site":"@smusikzeitung","twitter_misc":{"Written by":"Wolfgang B\u00f6hler","Est. reading time":"2 minutes"},"schema":{"@context":"https:\/\/schema.org","@graph":[{"@type":"Article","@id":"https:\/\/www.musikzeitung.ch\/news\/2024\/01\/staier-mit-leipziger-bach-medaille-geehrt#article","isPartOf":{"@id":"https:\/\/www.musikzeitung.ch\/news\/2024\/01\/staier-mit-leipziger-bach-medaille-geehrt"},"author":{"name":"Wolfgang B\u00f6hler","@id":"https:\/\/www.musikzeitung.ch\/#\/schema\/person\/0da4fb82d243f1252850a35d0e87cf0c"},"headline":"Staier mit Leipziger Bach-Medaille geehrt","datePublished":"2024-01-19T11:30:21+00:00","dateModified":"2024-02-28T13:29:58+00:00","mainEntityOfPage":{"@id":"https:\/\/www.musikzeitung.ch\/news\/2024\/01\/staier-mit-leipziger-bach-medaille-geehrt"},"wordCount":117,"publisher":{"@id":"https:\/\/www.musikzeitung.ch\/#organization"},"image":{"@id":"https:\/\/www.musikzeitung.ch\/news\/2024\/01\/staier-mit-leipziger-bach-medaille-geehrt#primaryimage"},"thumbnailUrl":"https:\/\/www.musikzeitung.ch\/wp-content\/uploads\/2024\/01\/240119staier.jpg","keywords":["Andreas Staier","Bach-Medaille der Stadt Leipzig"],"articleSection":["News","Personen"],"inLanguage":"en-US"},{"@type":"WebPage","@id":"https:\/\/www.musikzeitung.ch\/news\/2024\/01\/staier-mit-leipziger-bach-medaille-geehrt","url":"https:\/\/www.musikzeitung.ch\/news\/2024\/01\/staier-mit-leipziger-bach-medaille-geehrt","name":"Staier honored with Leipzig Bach Medal - Schweizer Musikzeitung","isPartOf":{"@id":"https:\/\/www.musikzeitung.ch\/#website"},"primaryImageOfPage":{"@id":"https:\/\/www.musikzeitung.ch\/news\/2024\/01\/staier-mit-leipziger-bach-medaille-geehrt#primaryimage"},"image":{"@id":"https:\/\/www.musikzeitung.ch\/news\/2024\/01\/staier-mit-leipziger-bach-medaille-geehrt#primaryimage"},"thumbnailUrl":"https:\/\/www.musikzeitung.ch\/wp-content\/uploads\/2024\/01\/240119staier.jpg","datePublished":"2024-01-19T11:30:21+00:00","dateModified":"2024-02-28T13:29:58+00:00","description":"Harpsichordist and pianist Andreas Staier, who taught at the Schola Cantorum Basiliensis, will be honored with the Bach Medal of the City of Leipzig 2024.","breadcrumb":{"@id":"https:\/\/www.musikzeitung.ch\/news\/2024\/01\/staier-mit-leipziger-bach-medaille-geehrt#breadcrumb"},"inLanguage":"en-US","potentialAction":[{"@type":"ReadAction","target":["https:\/\/www.musikzeitung.ch\/news\/2024\/01\/staier-mit-leipziger-bach-medaille-geehrt"]}]},{"@type":"ImageObject","inLanguage":"en-US","@id":"https:\/\/www.musikzeitung.ch\/news\/2024\/01\/staier-mit-leipziger-bach-medaille-geehrt#primaryimage","url":"https:\/\/www.musikzeitung.ch\/wp-content\/uploads\/2024\/01\/240119staier.jpg","contentUrl":"https:\/\/www.musikzeitung.ch\/wp-content\/uploads\/2024\/01\/240119staier.jpg","width":999,"height":550,"caption":"Andreas Staier (Bild: Youtube-Videostill)"},{"@type":"BreadcrumbList","@id":"https:\/\/www.musikzeitung.ch\/news\/2024\/01\/staier-mit-leipziger-bach-medaille-geehrt#breadcrumb","itemListElement":[{"@type":"ListItem","position":1,"name":"Home","item":"https:\/\/www.musikzeitung.ch\/"},{"@type":"ListItem","position":2,"name":"Staier mit Leipziger Bach-Medaille geehrt"}]},{"@type":"WebSite","@id":"https:\/\/www.musikzeitung.ch\/#website","url":"https:\/\/www.musikzeitung.ch\/","name":"Swiss Music Newspaper","description":"The leading interdisciplinary monthly newspaper in Switzerland for musical issues.","publisher":{"@id":"https:\/\/www.musikzeitung.ch\/#organization"},"potentialAction":[{"@type":"SearchAction","target":{"@type":"EntryPoint","urlTemplate":"https:\/\/www.musikzeitung.ch\/?s={search_term_string}"},"query-input":{"@type":"PropertyValueSpecification","valueRequired":true,"valueName":"search_term_string"}}],"inLanguage":"en-US"},{"@type":"Organization","@id":"https:\/\/www.musikzeitung.ch\/#organization","name":"Swiss Music Newspaper","url":"https:\/\/www.musikzeitung.ch\/","logo":{"@type":"ImageObject","inLanguage":"en-US","@id":"https:\/\/www.musikzeitung.ch\/#\/schema\/logo\/image\/","url":"https:\/\/www.musikzeitung.ch\/wp-content\/uploads\/2023\/01\/SMZ_Schriftzug_Sprache.png","contentUrl":"https:\/\/www.musikzeitung.ch\/wp-content\/uploads\/2023\/01\/SMZ_Schriftzug_Sprache.png","width":1400,"height":279,"caption":"Schweizer Musikzeitung"},"image":{"@id":"https:\/\/www.musikzeitung.ch\/#\/schema\/logo\/image\/"},"sameAs":["https:\/\/www.facebook.com\/SchweizerMusikzeitung\/","https:\/\/x.com\/smusikzeitung","https:\/\/www.instagram.com\/musikzeitung.ch\/"]},{"@type":"Person","@id":"https:\/\/www.musikzeitung.ch\/#\/schema\/person\/0da4fb82d243f1252850a35d0e87cf0c","name":"Wolfgang B\u00f6hler","image":{"@type":"ImageObject","inLanguage":"en-US","@id":"https:\/\/www.musikzeitung.ch\/wp-content\/uploads\/2023\/01\/boehler_portraet_web-e1674139782246-96x96.jpg","url":"https:\/\/www.musikzeitung.ch\/wp-content\/uploads\/2023\/01\/boehler_portraet_web-e1674139782246-96x96.jpg","contentUrl":"https:\/\/www.musikzeitung.ch\/wp-content\/uploads\/2023\/01\/boehler_portraet_web-e1674139782246-96x96.jpg","caption":"Wolfgang B\u00f6hler"},"sameAs":["http:\/\/www.manacanto.ch","https:\/\/www.facebook.com\/wolfgang.bohler.75"],"url":"https:\/\/www.musikzeitung.ch\/en\/author\/wolfgang-boehler"}]}},"publishpress_future_workflow_manual_trigger":{"enabledWorkflows":[]},"_links":{"self":[{"href":"https:\/\/www.musikzeitung.ch\/en\/wp-json\/wp\/v2\/posts\/50838","targetHints":{"allow":["GET"]}}],"collection":[{"href":"https:\/\/www.musikzeitung.ch\/en\/wp-json\/wp\/v2\/posts"}],"about":[{"href":"https:\/\/www.musikzeitung.ch\/en\/wp-json\/wp\/v2\/types\/post"}],"author":[{"embeddable":true,"href":"https:\/\/www.musikzeitung.ch\/en\/wp-json\/wp\/v2\/users\/30"}],"replies":[{"embeddable":true,"href":"https:\/\/www.musikzeitung.ch\/en\/wp-json\/wp\/v2\/comments?post=50838"}],"version-history":[{"count":2,"href":"https:\/\/www.musikzeitung.ch\/en\/wp-json\/wp\/v2\/posts\/50838\/revisions"}],"predecessor-version":[{"id":50841,"href":"https:\/\/www.musikzeitung.ch\/en\/wp-json\/wp\/v2\/posts\/50838\/revisions\/50841"}],"wp:featuredmedia":[{"embeddable":true,"href":"https:\/\/www.musikzeitung.ch\/en\/wp-json\/wp\/v2\/media\/50840"}],"wp:attachment":[{"href":"https:\/\/www.musikzeitung.ch\/en\/wp-json\/wp\/v2\/media?parent=50838"}],"wp:term":[{"taxonomy":"category","embeddable":true,"href":"https:\/\/www.musikzeitung.ch\/en\/wp-json\/wp\/v2\/categories?post=50838"},{"taxonomy":"post_tag","embeddable":true,"href":"https:\/\/www.musikzeitung.ch\/en\/wp-json\/wp\/v2\/tags?post=50838"}],"curies":[{"name":"wp","href":"https:\/\/api.w.org\/{rel}","templated":true}]}}