{"id":50903,"date":"2024-01-27T17:51:11","date_gmt":"2024-01-27T16:51:11","guid":{"rendered":"https:\/\/www.musikzeitung.ch\/?p=50903"},"modified":"2024-02-05T14:27:05","modified_gmt":"2024-02-05T13:27:05","slug":"szymanowska","status":"publish","type":"post","link":"https:\/\/www.musikzeitung.ch\/en\/rezensionen\/buecher-rezensionen\/2024\/01\/szymanowska","title":{"rendered":"A musical volcano"},"content":{"rendered":"\n\n<figure id=\"attachment_50906\" aria-describedby=\"caption-attachment-50906\" style=\"width: 1010px\" class=\"wp-caption alignnone\"><img loading=\"lazy\" decoding=\"async\" class=\"wp-image-50906 size-full\" src=\"https:\/\/www.musikzeitung.ch\/wp-content\/uploads\/2024\/01\/Maria_Szymanowska.jpg\" alt=\"\" width=\"1010\" height=\"674\" srcset=\"https:\/\/www.musikzeitung.ch\/wp-content\/uploads\/2024\/01\/Maria_Szymanowska.jpg 1010w, https:\/\/www.musikzeitung.ch\/wp-content\/uploads\/2024\/01\/Maria_Szymanowska-300x200.jpg 300w, https:\/\/www.musikzeitung.ch\/wp-content\/uploads\/2024\/01\/Maria_Szymanowska-600x400.jpg 600w, https:\/\/www.musikzeitung.ch\/wp-content\/uploads\/2024\/01\/Maria_Szymanowska-768x513.jpg 768w, https:\/\/www.musikzeitung.ch\/wp-content\/uploads\/2024\/01\/Maria_Szymanowska-262x175.jpg 262w, https:\/\/www.musikzeitung.ch\/wp-content\/uploads\/2024\/01\/Maria_Szymanowska-524x350.jpg 524w, https:\/\/www.musikzeitung.ch\/wp-content\/uploads\/2024\/01\/Maria_Szymanowska-920x614.jpg 920w\" sizes=\"auto, (max-width: 1010px) 100vw, 1010px\" \/><figcaption id=\"caption-attachment-50906\" class=\"wp-caption-text\">Maria Szymanowska, Zeichnung von unbekannter Hand. <a href=\"https:\/\/commons.wikimedia.org\/wiki\/File:Portret_Marii_Szymanowskiej.jpg\" target=\"_blank\" rel=\"noopener\">Wikimedia commons<\/a><\/figcaption><\/figure>\n<p>Goethe \u2013 soviel musikalische Autorit\u00e4t sei ihm hier einger\u00e4umt \u2013 war von ihrem Spiel ergriffen, aber auch von ihrer Ausstrahlung und schrieb ihr ein Gedicht ins Stammbuch, das mit den Worten endet: \u00abDa f\u00fchlte sich \u2013 o dass es ewig bliebe! \u2013 \/das Doppelgl\u00fcck der T\u00f6ne wie der Liebe.\u00bb Die Begegnung mit der polnischen Pianistin Maria Szymanowska hatte ihn tief bewegt: \u00abDas Talent w\u00fcrde einen erdr\u00fccken, wenn es ihre Anmuth nicht verzeilich machte.\u00bb [sic] Das war 1823 in Marienbad, und naturgem\u00e4ss vernimmt man in solchen \u00c4usserungen heute all die Untert\u00f6ne damaligen Genderverst\u00e4ndnisses. Eine K\u00fcnstlerin, die sich so frei in der Welt bewegte, erstaunte (man k\u00f6nnte ihr allenfalls H\u00e9l\u00e8ne de Montg\u00e9roult zur Seite stellen), und das f\u00fchrte denn zu Beschreibungen wie dem \u00abweiblichen Vulcan\u00bb und der \u00abK\u00f6nigin der T\u00f6ne\u00bb.<\/p>\n<p>Die polnische Musikwissenschaftlerin Danuta Gwizdalanka, die mit ihrem Mann, dem Komponisten Krzysztof Meyer, eine Biografie \u00fcber Witold Lutos\u0142awski ver\u00f6ffentlicht hat, ist eine profunde Kennerin der polnischen Musik, und sie n\u00e4hert sich Szymanowska in ihrem Portr\u00e4t ebenso bewundernd wie behutsam und unaufgeregt. Sie stellt ihre Werke mit kritischem Blick vor und verweist auf Einzelheiten. Entstanden ist aber weder ein musikologisches Buch noch eine sentimentale Lebensbeschreibung. Als eine \u00abbezaubernde, aufgekl\u00e4rte und pragmatische Frau\u00bb wird Szymanowska geschildert. Allzu fr\u00fch ist sie mit 41 Jahren gestorben, an der Cholera, einem Hirnschlag oder an der \u00dcberm\u00fcdung, vielleicht an allem zusammen.<\/p>\n<p>Gwizdalanka erz\u00e4hlt diese Biografie aus den Zeugnissen und Details eines reichen gelebten Lebens. Szymanowska, die sich fr\u00fch von ihrem Gatten trennte, war eigen- und selbst\u00e4ndig, reiste viel, wurde in ganz Europa gefeiert. Wie es ihr dabei erging, aber auch, wie sie dabei den Alltag meisterte, begleitet oft von Geschwistern und Kindern, gibt einen tiefen Einblick in die Lebensweise. Das Buch schliesst eine gravierende L\u00fccke, was die damals durchaus vorhandene, aber leider nicht anhaltende Rezeption von Komponistinnen angeht.<img loading=\"lazy\" decoding=\"async\" class=\"aligncenter wp-image-50911 size-medium\" src=\"https:\/\/www.musikzeitung.ch\/wp-content\/uploads\/2024\/01\/Cover-Szymanowska-213x300.png\" alt=\"\" width=\"213\" height=\"300\" srcset=\"https:\/\/www.musikzeitung.ch\/wp-content\/uploads\/2024\/01\/Cover-Szymanowska-213x300.png 213w, https:\/\/www.musikzeitung.ch\/wp-content\/uploads\/2024\/01\/Cover-Szymanowska-124x175.png 124w, https:\/\/www.musikzeitung.ch\/wp-content\/uploads\/2024\/01\/Cover-Szymanowska-249x350.png 249w, https:\/\/www.musikzeitung.ch\/wp-content\/uploads\/2024\/01\/Cover-Szymanowska-300x422.png 300w, https:\/\/www.musikzeitung.ch\/wp-content\/uploads\/2024\/01\/Cover-Szymanowska.png 415w\" sizes=\"auto, (max-width: 213px) 100vw, 213px\" \/><\/p>\n<p><em>Danuta Gwizdalanka: Der \u00abweibliche Vulcan\u00bb. Die Pianistin und Komponistin Maria Szymanowska, aus dem Polnischen von Peter Oliver Loew, 176 S., \u20ac 19.80, Harrassowitz, Wiesbaden 2023, ISBN 978-3-447-11913-9<\/em><\/p>\n","protected":false},"excerpt":{"rendered":"<p>Danuta Gwizdalanka has traced the life of the pianist and composer Maria Szymanowska.  <\/p>","protected":false},"author":29,"featured_media":50906,"comment_status":"closed","ping_status":"closed","sticky":false,"template":"","format":"standard","meta":{"_acf_changed":false,"_relevanssi_hide_post":"","_relevanssi_hide_content":"","_relevanssi_pin_for_all":"","_relevanssi_pin_keywords":"","_relevanssi_unpin_keywords":"","_relevanssi_related_keywords":"","_relevanssi_related_include_ids":"","_relevanssi_related_exclude_ids":"","_relevanssi_related_no_append":"","_relevanssi_related_not_related":"","_relevanssi_related_posts":"","_relevanssi_noindex_reason":"","pgc_sgb_lightbox_settings":"","footnotes":""},"categories":[1214,29],"tags":[1616,3578,3577],"class_list":["post-50903","post","type-post","status-publish","format-standard","has-post-thumbnail","hentry","category-buecher-rezensionen","category-rezensionen","tag-biografie","tag-danuta-gwizdalanka","tag-maria-szymanowska"],"acf":[],"yoast_head":"<!-- This site is optimized with the Yoast SEO plugin v27.4 - https:\/\/yoast.com\/product\/yoast-seo-wordpress\/ -->\n<title>Ein musikalischer Vulkan - Schweizer Musikzeitung<\/title>\n<meta name=\"description\" content=\"Danuta Gwizdalanka hat den Lebensweg der Pianistin und Komponistin Maria Szymanowska nachgezeichnet.\" \/>\n<meta name=\"robots\" content=\"index, follow, max-snippet:-1, max-image-preview:large, max-video-preview:-1\" \/>\n<link rel=\"canonical\" href=\"https:\/\/www.musikzeitung.ch\/en\/rezensionen\/buecher-rezensionen\/2024\/01\/szymanowska\/\" \/>\n<meta property=\"og:locale\" content=\"en_US\" \/>\n<meta property=\"og:type\" content=\"article\" \/>\n<meta property=\"og:title\" content=\"Ein musikalischer Vulkan - Schweizer Musikzeitung\" \/>\n<meta property=\"og:description\" content=\"Danuta Gwizdalanka hat den Lebensweg der Pianistin und Komponistin Maria Szymanowska nachgezeichnet.\" \/>\n<meta property=\"og:url\" content=\"https:\/\/www.musikzeitung.ch\/en\/rezensionen\/buecher-rezensionen\/2024\/01\/szymanowska\/\" \/>\n<meta property=\"og:site_name\" content=\"Schweizer Musikzeitung\" \/>\n<meta property=\"article:publisher\" content=\"https:\/\/www.facebook.com\/SchweizerMusikzeitung\/\" \/>\n<meta property=\"article:published_time\" content=\"2024-01-27T16:51:11+00:00\" \/>\n<meta property=\"article:modified_time\" content=\"2024-02-05T13:27:05+00:00\" \/>\n<meta property=\"og:image\" content=\"https:\/\/www.musikzeitung.ch\/wp-content\/uploads\/2024\/01\/Maria_Szymanowska.jpg\" \/>\n\t<meta property=\"og:image:width\" content=\"1010\" \/>\n\t<meta property=\"og:image:height\" content=\"674\" \/>\n\t<meta property=\"og:image:type\" content=\"image\/jpeg\" \/>\n<meta name=\"author\" content=\"pia.schwab\" \/>\n<meta name=\"twitter:card\" content=\"summary_large_image\" \/>\n<meta name=\"twitter:creator\" content=\"@smusikzeitung\" \/>\n<meta name=\"twitter:site\" content=\"@smusikzeitung\" \/>\n<meta name=\"twitter:label1\" content=\"Written by\" \/>\n\t<meta name=\"twitter:data1\" content=\"pia.schwab\" \/>\n\t<meta name=\"twitter:label2\" content=\"Est. reading time\" \/>\n\t<meta name=\"twitter:data2\" content=\"3 minutes\" \/>\n<script type=\"application\/ld+json\" class=\"yoast-schema-graph\">{\"@context\":\"https:\\\/\\\/schema.org\",\"@graph\":[{\"@type\":\"Article\",\"@id\":\"https:\\\/\\\/www.musikzeitung.ch\\\/rezensionen\\\/buecher-rezensionen\\\/2024\\\/01\\\/szymanowska#article\",\"isPartOf\":{\"@id\":\"https:\\\/\\\/www.musikzeitung.ch\\\/rezensionen\\\/buecher-rezensionen\\\/2024\\\/01\\\/szymanowska\"},\"author\":{\"name\":\"pia.schwab\",\"@id\":\"https:\\\/\\\/www.musikzeitung.ch\\\/#\\\/schema\\\/person\\\/ea3d7b86bd7157c78c7ddd37f2f82b5b\"},\"headline\":\"Ein musikalischer Vulkan\",\"datePublished\":\"2024-01-27T16:51:11+00:00\",\"dateModified\":\"2024-02-05T13:27:05+00:00\",\"mainEntityOfPage\":{\"@id\":\"https:\\\/\\\/www.musikzeitung.ch\\\/rezensionen\\\/buecher-rezensionen\\\/2024\\\/01\\\/szymanowska\"},\"wordCount\":367,\"publisher\":{\"@id\":\"https:\\\/\\\/www.musikzeitung.ch\\\/#organization\"},\"image\":{\"@id\":\"https:\\\/\\\/www.musikzeitung.ch\\\/rezensionen\\\/buecher-rezensionen\\\/2024\\\/01\\\/szymanowska#primaryimage\"},\"thumbnailUrl\":\"https:\\\/\\\/www.musikzeitung.ch\\\/wp-content\\\/uploads\\\/2024\\\/01\\\/Maria_Szymanowska.jpg\",\"keywords\":[\"Biografie\",\"Danuta Gwizdalanka\",\"Maria Szymanowska\"],\"articleSection\":[\"B\u00fccher\",\"Rezensionen\"],\"inLanguage\":\"en-US\"},{\"@type\":\"WebPage\",\"@id\":\"https:\\\/\\\/www.musikzeitung.ch\\\/rezensionen\\\/buecher-rezensionen\\\/2024\\\/01\\\/szymanowska\",\"url\":\"https:\\\/\\\/www.musikzeitung.ch\\\/rezensionen\\\/buecher-rezensionen\\\/2024\\\/01\\\/szymanowska\",\"name\":\"Ein musikalischer Vulkan - Schweizer Musikzeitung\",\"isPartOf\":{\"@id\":\"https:\\\/\\\/www.musikzeitung.ch\\\/#website\"},\"primaryImageOfPage\":{\"@id\":\"https:\\\/\\\/www.musikzeitung.ch\\\/rezensionen\\\/buecher-rezensionen\\\/2024\\\/01\\\/szymanowska#primaryimage\"},\"image\":{\"@id\":\"https:\\\/\\\/www.musikzeitung.ch\\\/rezensionen\\\/buecher-rezensionen\\\/2024\\\/01\\\/szymanowska#primaryimage\"},\"thumbnailUrl\":\"https:\\\/\\\/www.musikzeitung.ch\\\/wp-content\\\/uploads\\\/2024\\\/01\\\/Maria_Szymanowska.jpg\",\"datePublished\":\"2024-01-27T16:51:11+00:00\",\"dateModified\":\"2024-02-05T13:27:05+00:00\",\"description\":\"Danuta Gwizdalanka hat den Lebensweg der Pianistin und Komponistin Maria Szymanowska nachgezeichnet.\",\"breadcrumb\":{\"@id\":\"https:\\\/\\\/www.musikzeitung.ch\\\/rezensionen\\\/buecher-rezensionen\\\/2024\\\/01\\\/szymanowska#breadcrumb\"},\"inLanguage\":\"en-US\",\"potentialAction\":[{\"@type\":\"ReadAction\",\"target\":[\"https:\\\/\\\/www.musikzeitung.ch\\\/rezensionen\\\/buecher-rezensionen\\\/2024\\\/01\\\/szymanowska\"]}]},{\"@type\":\"ImageObject\",\"inLanguage\":\"en-US\",\"@id\":\"https:\\\/\\\/www.musikzeitung.ch\\\/rezensionen\\\/buecher-rezensionen\\\/2024\\\/01\\\/szymanowska#primaryimage\",\"url\":\"https:\\\/\\\/www.musikzeitung.ch\\\/wp-content\\\/uploads\\\/2024\\\/01\\\/Maria_Szymanowska.jpg\",\"contentUrl\":\"https:\\\/\\\/www.musikzeitung.ch\\\/wp-content\\\/uploads\\\/2024\\\/01\\\/Maria_Szymanowska.jpg\",\"width\":1010,\"height\":674},{\"@type\":\"BreadcrumbList\",\"@id\":\"https:\\\/\\\/www.musikzeitung.ch\\\/rezensionen\\\/buecher-rezensionen\\\/2024\\\/01\\\/szymanowska#breadcrumb\",\"itemListElement\":[{\"@type\":\"ListItem\",\"position\":1,\"name\":\"Home\",\"item\":\"https:\\\/\\\/www.musikzeitung.ch\\\/\"},{\"@type\":\"ListItem\",\"position\":2,\"name\":\"Ein musikalischer Vulkan\"}]},{\"@type\":\"WebSite\",\"@id\":\"https:\\\/\\\/www.musikzeitung.ch\\\/#website\",\"url\":\"https:\\\/\\\/www.musikzeitung.ch\\\/\",\"name\":\"Schweizer Musikzeitung\",\"description\":\"Die f\u00fchrende sparten\u00fcbergreifende Monatszeitung in der Schweiz f\u00fcr musikalische Fragen.\",\"publisher\":{\"@id\":\"https:\\\/\\\/www.musikzeitung.ch\\\/#organization\"},\"potentialAction\":[{\"@type\":\"SearchAction\",\"target\":{\"@type\":\"EntryPoint\",\"urlTemplate\":\"https:\\\/\\\/www.musikzeitung.ch\\\/?s={search_term_string}\"},\"query-input\":{\"@type\":\"PropertyValueSpecification\",\"valueRequired\":true,\"valueName\":\"search_term_string\"}}],\"inLanguage\":\"en-US\"},{\"@type\":\"Organization\",\"@id\":\"https:\\\/\\\/www.musikzeitung.ch\\\/#organization\",\"name\":\"Schweizer Musikzeitung\",\"url\":\"https:\\\/\\\/www.musikzeitung.ch\\\/\",\"logo\":{\"@type\":\"ImageObject\",\"inLanguage\":\"en-US\",\"@id\":\"https:\\\/\\\/www.musikzeitung.ch\\\/#\\\/schema\\\/logo\\\/image\\\/\",\"url\":\"https:\\\/\\\/www.musikzeitung.ch\\\/wp-content\\\/uploads\\\/2023\\\/01\\\/SMZ_Schriftzug_Sprache.png\",\"contentUrl\":\"https:\\\/\\\/www.musikzeitung.ch\\\/wp-content\\\/uploads\\\/2023\\\/01\\\/SMZ_Schriftzug_Sprache.png\",\"width\":1400,\"height\":279,\"caption\":\"Schweizer Musikzeitung\"},\"image\":{\"@id\":\"https:\\\/\\\/www.musikzeitung.ch\\\/#\\\/schema\\\/logo\\\/image\\\/\"},\"sameAs\":[\"https:\\\/\\\/www.facebook.com\\\/SchweizerMusikzeitung\\\/\",\"https:\\\/\\\/x.com\\\/smusikzeitung\",\"https:\\\/\\\/www.instagram.com\\\/musikzeitung.ch\\\/\"]},{\"@type\":\"Person\",\"@id\":\"https:\\\/\\\/www.musikzeitung.ch\\\/#\\\/schema\\\/person\\\/ea3d7b86bd7157c78c7ddd37f2f82b5b\",\"name\":\"pia.schwab\",\"image\":{\"@type\":\"ImageObject\",\"inLanguage\":\"en-US\",\"@id\":\"https:\\\/\\\/secure.gravatar.com\\\/avatar\\\/d39d170de4c2d07e897fbc26cf9d890fc046285c742207b86d8ebabe5fcde2c4?s=96&d=mm&r=g\",\"url\":\"https:\\\/\\\/secure.gravatar.com\\\/avatar\\\/d39d170de4c2d07e897fbc26cf9d890fc046285c742207b86d8ebabe5fcde2c4?s=96&d=mm&r=g\",\"contentUrl\":\"https:\\\/\\\/secure.gravatar.com\\\/avatar\\\/d39d170de4c2d07e897fbc26cf9d890fc046285c742207b86d8ebabe5fcde2c4?s=96&d=mm&r=g\",\"caption\":\"pia.schwab\"},\"url\":\"https:\\\/\\\/www.musikzeitung.ch\\\/en\\\/author\\\/pia-schwab\"}]}<\/script>\n<!-- \/ Yoast SEO plugin. -->","yoast_head_json":{"title":"A musical volcano - Schweizer Musikzeitung","description":"Danuta Gwizdalanka has traced the life of the pianist and composer Maria Szymanowska.","robots":{"index":"index","follow":"follow","max-snippet":"max-snippet:-1","max-image-preview":"max-image-preview:large","max-video-preview":"max-video-preview:-1"},"canonical":"https:\/\/www.musikzeitung.ch\/en\/rezensionen\/buecher-rezensionen\/2024\/01\/szymanowska\/","og_locale":"en_US","og_type":"article","og_title":"Ein musikalischer Vulkan - Schweizer Musikzeitung","og_description":"Danuta Gwizdalanka hat den Lebensweg der Pianistin und Komponistin Maria Szymanowska nachgezeichnet.","og_url":"https:\/\/www.musikzeitung.ch\/en\/rezensionen\/buecher-rezensionen\/2024\/01\/szymanowska\/","og_site_name":"Schweizer Musikzeitung","article_publisher":"https:\/\/www.facebook.com\/SchweizerMusikzeitung\/","article_published_time":"2024-01-27T16:51:11+00:00","article_modified_time":"2024-02-05T13:27:05+00:00","og_image":[{"width":1010,"height":674,"url":"https:\/\/www.musikzeitung.ch\/wp-content\/uploads\/2024\/01\/Maria_Szymanowska.jpg","type":"image\/jpeg"}],"author":"pia.schwab","twitter_card":"summary_large_image","twitter_creator":"@smusikzeitung","twitter_site":"@smusikzeitung","twitter_misc":{"Written by":"pia.schwab","Est. reading time":"3 minutes"},"schema":{"@context":"https:\/\/schema.org","@graph":[{"@type":"Article","@id":"https:\/\/www.musikzeitung.ch\/rezensionen\/buecher-rezensionen\/2024\/01\/szymanowska#article","isPartOf":{"@id":"https:\/\/www.musikzeitung.ch\/rezensionen\/buecher-rezensionen\/2024\/01\/szymanowska"},"author":{"name":"pia.schwab","@id":"https:\/\/www.musikzeitung.ch\/#\/schema\/person\/ea3d7b86bd7157c78c7ddd37f2f82b5b"},"headline":"Ein musikalischer Vulkan","datePublished":"2024-01-27T16:51:11+00:00","dateModified":"2024-02-05T13:27:05+00:00","mainEntityOfPage":{"@id":"https:\/\/www.musikzeitung.ch\/rezensionen\/buecher-rezensionen\/2024\/01\/szymanowska"},"wordCount":367,"publisher":{"@id":"https:\/\/www.musikzeitung.ch\/#organization"},"image":{"@id":"https:\/\/www.musikzeitung.ch\/rezensionen\/buecher-rezensionen\/2024\/01\/szymanowska#primaryimage"},"thumbnailUrl":"https:\/\/www.musikzeitung.ch\/wp-content\/uploads\/2024\/01\/Maria_Szymanowska.jpg","keywords":["Biografie","Danuta Gwizdalanka","Maria Szymanowska"],"articleSection":["B\u00fccher","Rezensionen"],"inLanguage":"en-US"},{"@type":"WebPage","@id":"https:\/\/www.musikzeitung.ch\/rezensionen\/buecher-rezensionen\/2024\/01\/szymanowska","url":"https:\/\/www.musikzeitung.ch\/rezensionen\/buecher-rezensionen\/2024\/01\/szymanowska","name":"A musical volcano - Schweizer Musikzeitung","isPartOf":{"@id":"https:\/\/www.musikzeitung.ch\/#website"},"primaryImageOfPage":{"@id":"https:\/\/www.musikzeitung.ch\/rezensionen\/buecher-rezensionen\/2024\/01\/szymanowska#primaryimage"},"image":{"@id":"https:\/\/www.musikzeitung.ch\/rezensionen\/buecher-rezensionen\/2024\/01\/szymanowska#primaryimage"},"thumbnailUrl":"https:\/\/www.musikzeitung.ch\/wp-content\/uploads\/2024\/01\/Maria_Szymanowska.jpg","datePublished":"2024-01-27T16:51:11+00:00","dateModified":"2024-02-05T13:27:05+00:00","description":"Danuta Gwizdalanka has traced the life of the pianist and composer Maria Szymanowska.","breadcrumb":{"@id":"https:\/\/www.musikzeitung.ch\/rezensionen\/buecher-rezensionen\/2024\/01\/szymanowska#breadcrumb"},"inLanguage":"en-US","potentialAction":[{"@type":"ReadAction","target":["https:\/\/www.musikzeitung.ch\/rezensionen\/buecher-rezensionen\/2024\/01\/szymanowska"]}]},{"@type":"ImageObject","inLanguage":"en-US","@id":"https:\/\/www.musikzeitung.ch\/rezensionen\/buecher-rezensionen\/2024\/01\/szymanowska#primaryimage","url":"https:\/\/www.musikzeitung.ch\/wp-content\/uploads\/2024\/01\/Maria_Szymanowska.jpg","contentUrl":"https:\/\/www.musikzeitung.ch\/wp-content\/uploads\/2024\/01\/Maria_Szymanowska.jpg","width":1010,"height":674},{"@type":"BreadcrumbList","@id":"https:\/\/www.musikzeitung.ch\/rezensionen\/buecher-rezensionen\/2024\/01\/szymanowska#breadcrumb","itemListElement":[{"@type":"ListItem","position":1,"name":"Home","item":"https:\/\/www.musikzeitung.ch\/"},{"@type":"ListItem","position":2,"name":"Ein musikalischer Vulkan"}]},{"@type":"WebSite","@id":"https:\/\/www.musikzeitung.ch\/#website","url":"https:\/\/www.musikzeitung.ch\/","name":"Swiss Music Newspaper","description":"The leading interdisciplinary monthly newspaper in Switzerland for musical issues.","publisher":{"@id":"https:\/\/www.musikzeitung.ch\/#organization"},"potentialAction":[{"@type":"SearchAction","target":{"@type":"EntryPoint","urlTemplate":"https:\/\/www.musikzeitung.ch\/?s={search_term_string}"},"query-input":{"@type":"PropertyValueSpecification","valueRequired":true,"valueName":"search_term_string"}}],"inLanguage":"en-US"},{"@type":"Organization","@id":"https:\/\/www.musikzeitung.ch\/#organization","name":"Swiss Music Newspaper","url":"https:\/\/www.musikzeitung.ch\/","logo":{"@type":"ImageObject","inLanguage":"en-US","@id":"https:\/\/www.musikzeitung.ch\/#\/schema\/logo\/image\/","url":"https:\/\/www.musikzeitung.ch\/wp-content\/uploads\/2023\/01\/SMZ_Schriftzug_Sprache.png","contentUrl":"https:\/\/www.musikzeitung.ch\/wp-content\/uploads\/2023\/01\/SMZ_Schriftzug_Sprache.png","width":1400,"height":279,"caption":"Schweizer Musikzeitung"},"image":{"@id":"https:\/\/www.musikzeitung.ch\/#\/schema\/logo\/image\/"},"sameAs":["https:\/\/www.facebook.com\/SchweizerMusikzeitung\/","https:\/\/x.com\/smusikzeitung","https:\/\/www.instagram.com\/musikzeitung.ch\/"]},{"@type":"Person","@id":"https:\/\/www.musikzeitung.ch\/#\/schema\/person\/ea3d7b86bd7157c78c7ddd37f2f82b5b","name":"pia.schwab","image":{"@type":"ImageObject","inLanguage":"en-US","@id":"https:\/\/secure.gravatar.com\/avatar\/d39d170de4c2d07e897fbc26cf9d890fc046285c742207b86d8ebabe5fcde2c4?s=96&d=mm&r=g","url":"https:\/\/secure.gravatar.com\/avatar\/d39d170de4c2d07e897fbc26cf9d890fc046285c742207b86d8ebabe5fcde2c4?s=96&d=mm&r=g","contentUrl":"https:\/\/secure.gravatar.com\/avatar\/d39d170de4c2d07e897fbc26cf9d890fc046285c742207b86d8ebabe5fcde2c4?s=96&d=mm&r=g","caption":"pia.schwab"},"url":"https:\/\/www.musikzeitung.ch\/en\/author\/pia-schwab"}]}},"publishpress_future_workflow_manual_trigger":{"enabledWorkflows":[]},"_links":{"self":[{"href":"https:\/\/www.musikzeitung.ch\/en\/wp-json\/wp\/v2\/posts\/50903","targetHints":{"allow":["GET"]}}],"collection":[{"href":"https:\/\/www.musikzeitung.ch\/en\/wp-json\/wp\/v2\/posts"}],"about":[{"href":"https:\/\/www.musikzeitung.ch\/en\/wp-json\/wp\/v2\/types\/post"}],"author":[{"embeddable":true,"href":"https:\/\/www.musikzeitung.ch\/en\/wp-json\/wp\/v2\/users\/29"}],"replies":[{"embeddable":true,"href":"https:\/\/www.musikzeitung.ch\/en\/wp-json\/wp\/v2\/comments?post=50903"}],"version-history":[{"count":5,"href":"https:\/\/www.musikzeitung.ch\/en\/wp-json\/wp\/v2\/posts\/50903\/revisions"}],"predecessor-version":[{"id":50912,"href":"https:\/\/www.musikzeitung.ch\/en\/wp-json\/wp\/v2\/posts\/50903\/revisions\/50912"}],"wp:featuredmedia":[{"embeddable":true,"href":"https:\/\/www.musikzeitung.ch\/en\/wp-json\/wp\/v2\/media\/50906"}],"wp:attachment":[{"href":"https:\/\/www.musikzeitung.ch\/en\/wp-json\/wp\/v2\/media?parent=50903"}],"wp:term":[{"taxonomy":"category","embeddable":true,"href":"https:\/\/www.musikzeitung.ch\/en\/wp-json\/wp\/v2\/categories?post=50903"},{"taxonomy":"post_tag","embeddable":true,"href":"https:\/\/www.musikzeitung.ch\/en\/wp-json\/wp\/v2\/tags?post=50903"}],"curies":[{"name":"wp","href":"https:\/\/api.w.org\/{rel}","templated":true}]}}