{"id":50923,"date":"2024-01-24T11:34:01","date_gmt":"2024-01-24T10:34:01","guid":{"rendered":"https:\/\/www.musikzeitung.ch\/?p=50923"},"modified":"2024-01-24T15:11:01","modified_gmt":"2024-01-24T14:11:01","slug":"brun-brunner","status":"publish","type":"post","link":"https:\/\/www.musikzeitung.ch\/en\/rezensionen\/tontraeger-rezensionen\/2024\/01\/brun-brunner","title":{"rendered":"Atmospheric excursions with cello and organ"},"content":{"rendered":"<figure id=\"attachment_50924\" aria-describedby=\"caption-attachment-50924\" style=\"width: 2832px\" class=\"wp-caption alignnone\"><img loading=\"lazy\" decoding=\"async\" class=\"wp-image-50924 size-full\" src=\"https:\/\/www.musikzeitung.ch\/wp-content\/uploads\/2024\/01\/Albin_Brun_Kristina_Brunner\u00a9MarkusWild-WIM_7664_print.jpg\" alt=\"\" width=\"2832\" height=\"2015\" srcset=\"https:\/\/www.musikzeitung.ch\/wp-content\/uploads\/2024\/01\/Albin_Brun_Kristina_Brunner\u00a9MarkusWild-WIM_7664_print.jpg 1400w, https:\/\/www.musikzeitung.ch\/wp-content\/uploads\/2024\/01\/Albin_Brun_Kristina_Brunner\u00a9MarkusWild-WIM_7664_print-300x213.jpg 300w, https:\/\/www.musikzeitung.ch\/wp-content\/uploads\/2024\/01\/Albin_Brun_Kristina_Brunner\u00a9MarkusWild-WIM_7664_print-1024x729.jpg 1024w, https:\/\/www.musikzeitung.ch\/wp-content\/uploads\/2024\/01\/Albin_Brun_Kristina_Brunner\u00a9MarkusWild-WIM_7664_print-768x546.jpg 768w, https:\/\/www.musikzeitung.ch\/wp-content\/uploads\/2024\/01\/Albin_Brun_Kristina_Brunner\u00a9MarkusWild-WIM_7664_print-1536x1093.jpg 1536w, https:\/\/www.musikzeitung.ch\/wp-content\/uploads\/2024\/01\/Albin_Brun_Kristina_Brunner\u00a9MarkusWild-WIM_7664_print-2048x1457.jpg 2048w, https:\/\/www.musikzeitung.ch\/wp-content\/uploads\/2024\/01\/Albin_Brun_Kristina_Brunner\u00a9MarkusWild-WIM_7664_print-246x175.jpg 246w, https:\/\/www.musikzeitung.ch\/wp-content\/uploads\/2024\/01\/Albin_Brun_Kristina_Brunner\u00a9MarkusWild-WIM_7664_print-492x350.jpg 492w, https:\/\/www.musikzeitung.ch\/wp-content\/uploads\/2024\/01\/Albin_Brun_Kristina_Brunner\u00a9MarkusWild-WIM_7664_print-1124x800.jpg 1124w, https:\/\/www.musikzeitung.ch\/wp-content\/uploads\/2024\/01\/Albin_Brun_Kristina_Brunner\u00a9MarkusWild-WIM_7664_print-920x655.jpg 920w\" sizes=\"auto, (max-width: 2832px) 100vw, 2832px\" \/><figcaption id=\"caption-attachment-50924\" class=\"wp-caption-text\">Kristina Brunner and Albin Brun. Photo: \u00a9 Markus Wild<\/figcaption><\/figure>\n<p>Although Albin Brun (*1959) and Kristina Brunner (*1993) come from different generations, they are committed to a common vision: Both the Lucerne native and the Bernese are eager to constantly develop Swiss folk music. While Brun, who was awarded the Swiss Music Prize in 2017, is regarded as one of the key figures between jazz and contemporary folk music, Brunner has made a name for herself thanks to her virtuoso playing on the cello and Schwyzer\u00f6rgeli.<\/p>\n<p>After the two met at the Lucerne School of Music, they began working together in 2017. The duo rehearses weekly, developing dense sound poetry and coming up with magnificently sophisticated chamber music. Their debut from 2020, <em>Midnang<\/em>Brun and Brunner are now <em>Inland<\/em> follow. An album made up of 13 original compositions, which, in addition to reduced instrumentation, also offers atmospheric excursions and constantly varying melodies.<\/p>\n<p>Although the opener presents itself <em>Fex<\/em> initially lively, but the piece soon turns to more contemplative motifs, which seem to be driven in particular by a nameless longing. In songs like <em>Shovidar! <\/em>or <em>Aube<\/em> it also becomes clear that wanderlust and homesickness are lurking around the next corner. This results in a mood that ranges from melancholy to dreamy and is touching throughout.<\/p>\n<p>Brun and Brunner have fun using changing combinations of instruments: Sometimes cello and organ play around each other, at other times two organs bait each other. The result is convincing. <em>Schratteflue<\/em> for example, draws on the melancholy and testifies to alpine closeness, while the <em>W., the fish<\/em> proves to be related to the chanson. With <em>Inland<\/em> Brun and Brunner have released an album that is so playful, profound and wonderful that you'll want to play it again. <img loading=\"lazy\" decoding=\"async\" class=\"aligncenter wp-image-50926 size-medium\" src=\"https:\/\/www.musikzeitung.ch\/wp-content\/uploads\/2024\/01\/01_02_crit_cd_Gasser-300x269.jpg\" alt=\"\" width=\"300\" height=\"269\" srcset=\"https:\/\/www.musikzeitung.ch\/wp-content\/uploads\/2024\/01\/01_02_crit_cd_Gasser-300x269.jpg 300w, https:\/\/www.musikzeitung.ch\/wp-content\/uploads\/2024\/01\/01_02_crit_cd_Gasser-768x689.jpg 768w, https:\/\/www.musikzeitung.ch\/wp-content\/uploads\/2024\/01\/01_02_crit_cd_Gasser-195x175.jpg 195w, https:\/\/www.musikzeitung.ch\/wp-content\/uploads\/2024\/01\/01_02_crit_cd_Gasser-390x350.jpg 390w, https:\/\/www.musikzeitung.ch\/wp-content\/uploads\/2024\/01\/01_02_crit_cd_Gasser-892x800.jpg 892w, https:\/\/www.musikzeitung.ch\/wp-content\/uploads\/2024\/01\/01_02_crit_cd_Gasser-920x825.jpg 920w, https:\/\/www.musikzeitung.ch\/wp-content\/uploads\/2024\/01\/01_02_crit_cd_Gasser.jpg 1000w\" sizes=\"auto, (max-width: 300px) 100vw, 300px\" \/><\/p>\n<p>&nbsp;<\/p>\n<p>Albin Brun &amp; Kristina Brunner: Innerland. Self-published, <a href=\"http:\/\/www.albinbrun.ch\" target=\"_blank\" rel=\"noopener\">www.albinbrun.ch<\/a><\/p>","protected":false},"excerpt":{"rendered":"<p>On their second album, Albin Brun from Lucerne and Kristina Brunner from Bern set out to further merge their respective music - with exhilarating results.<\/p>","protected":false},"author":29,"featured_media":50924,"comment_status":"closed","ping_status":"closed","sticky":false,"template":"","format":"standard","meta":{"_acf_changed":false,"_relevanssi_hide_post":"","_relevanssi_hide_content":"","_relevanssi_pin_for_all":"","_relevanssi_pin_keywords":"","_relevanssi_unpin_keywords":"","_relevanssi_related_keywords":"","_relevanssi_related_include_ids":"","_relevanssi_related_exclude_ids":"","_relevanssi_related_no_append":"","_relevanssi_related_not_related":"","_relevanssi_related_posts":"","_relevanssi_noindex_reason":"","pgc_sgb_lightbox_settings":"","footnotes":""},"categories":[29,1420],"tags":[3588,3589],"class_list":["post-50923","post","type-post","status-publish","format-standard","has-post-thumbnail","hentry","category-rezensionen","category-tontraeger-rezensionen","tag-albin-brun","tag-kristina-brunner"],"acf":[],"yoast_head":"<!-- This site is optimized with the Yoast SEO plugin v27.4 - https:\/\/yoast.com\/product\/yoast-seo-wordpress\/ -->\n<title>Atmosph\u00e4rische Ausfl\u00fcge mit Cello und \u00d6rgeli - Schweizer Musikzeitung<\/title>\n<meta name=\"description\" content=\"Auf ihrem zweiten Album machen sich Albin Brun und Kristina Brunner daran, ihre jeweilige Musik weiter miteinander zu verschmelzen.\" \/>\n<meta name=\"robots\" content=\"index, follow, max-snippet:-1, max-image-preview:large, max-video-preview:-1\" \/>\n<link rel=\"canonical\" href=\"https:\/\/www.musikzeitung.ch\/en\/rezensionen\/tontraeger-rezensionen\/2024\/01\/brun-brunner\/\" \/>\n<meta property=\"og:locale\" content=\"en_US\" \/>\n<meta property=\"og:type\" content=\"article\" \/>\n<meta property=\"og:title\" content=\"Atmosph\u00e4rische Ausfl\u00fcge mit Cello und \u00d6rgeli - Schweizer Musikzeitung\" \/>\n<meta property=\"og:description\" content=\"Auf ihrem zweiten Album machen sich Albin Brun und Kristina Brunner daran, ihre jeweilige Musik weiter miteinander zu verschmelzen.\" \/>\n<meta property=\"og:url\" content=\"https:\/\/www.musikzeitung.ch\/en\/rezensionen\/tontraeger-rezensionen\/2024\/01\/brun-brunner\/\" \/>\n<meta property=\"og:site_name\" content=\"Schweizer Musikzeitung\" \/>\n<meta property=\"article:publisher\" content=\"https:\/\/www.facebook.com\/SchweizerMusikzeitung\/\" \/>\n<meta property=\"article:published_time\" content=\"2024-01-24T10:34:01+00:00\" \/>\n<meta property=\"article:modified_time\" content=\"2024-01-24T14:11:01+00:00\" \/>\n<meta property=\"og:image\" content=\"https:\/\/www.musikzeitung.ch\/wp-content\/uploads\/2024\/01\/Albin_Brun_Kristina_Brunner\u00a9MarkusWild-WIM_7664_print.jpg\" \/>\n\t<meta property=\"og:image:width\" content=\"1400\" \/>\n\t<meta property=\"og:image:height\" content=\"996\" \/>\n\t<meta property=\"og:image:type\" content=\"image\/jpeg\" \/>\n<meta name=\"author\" content=\"pia.schwab\" \/>\n<meta name=\"twitter:card\" content=\"summary_large_image\" \/>\n<meta name=\"twitter:creator\" content=\"@smusikzeitung\" \/>\n<meta name=\"twitter:site\" content=\"@smusikzeitung\" \/>\n<meta name=\"twitter:label1\" content=\"Written by\" \/>\n\t<meta name=\"twitter:data1\" content=\"pia.schwab\" \/>\n\t<meta name=\"twitter:label2\" content=\"Est. reading time\" \/>\n\t<meta name=\"twitter:data2\" content=\"3 minutes\" \/>\n<script type=\"application\/ld+json\" class=\"yoast-schema-graph\">{\"@context\":\"https:\\\/\\\/schema.org\",\"@graph\":[{\"@type\":\"Article\",\"@id\":\"https:\\\/\\\/www.musikzeitung.ch\\\/rezensionen\\\/tontraeger-rezensionen\\\/2024\\\/01\\\/brun-brunner#article\",\"isPartOf\":{\"@id\":\"https:\\\/\\\/www.musikzeitung.ch\\\/rezensionen\\\/tontraeger-rezensionen\\\/2024\\\/01\\\/brun-brunner\"},\"author\":{\"name\":\"pia.schwab\",\"@id\":\"https:\\\/\\\/www.musikzeitung.ch\\\/#\\\/schema\\\/person\\\/ea3d7b86bd7157c78c7ddd37f2f82b5b\"},\"headline\":\"Atmosph\u00e4rische Ausfl\u00fcge mit Cello und \u00d6rgeli\",\"datePublished\":\"2024-01-24T10:34:01+00:00\",\"dateModified\":\"2024-01-24T14:11:01+00:00\",\"mainEntityOfPage\":{\"@id\":\"https:\\\/\\\/www.musikzeitung.ch\\\/rezensionen\\\/tontraeger-rezensionen\\\/2024\\\/01\\\/brun-brunner\"},\"wordCount\":315,\"publisher\":{\"@id\":\"https:\\\/\\\/www.musikzeitung.ch\\\/#organization\"},\"image\":{\"@id\":\"https:\\\/\\\/www.musikzeitung.ch\\\/rezensionen\\\/tontraeger-rezensionen\\\/2024\\\/01\\\/brun-brunner#primaryimage\"},\"thumbnailUrl\":\"https:\\\/\\\/www.musikzeitung.ch\\\/wp-content\\\/uploads\\\/2024\\\/01\\\/Albin_Brun_Kristina_Brunner\u00a9MarkusWild-WIM_7664_print.jpg\",\"keywords\":[\"Albin Brun\",\"Kristina Brunner\"],\"articleSection\":[\"Rezensionen\",\"Tontr\u00e4ger\"],\"inLanguage\":\"en-US\"},{\"@type\":\"WebPage\",\"@id\":\"https:\\\/\\\/www.musikzeitung.ch\\\/rezensionen\\\/tontraeger-rezensionen\\\/2024\\\/01\\\/brun-brunner\",\"url\":\"https:\\\/\\\/www.musikzeitung.ch\\\/rezensionen\\\/tontraeger-rezensionen\\\/2024\\\/01\\\/brun-brunner\",\"name\":\"Atmosph\u00e4rische Ausfl\u00fcge mit Cello und \u00d6rgeli - Schweizer Musikzeitung\",\"isPartOf\":{\"@id\":\"https:\\\/\\\/www.musikzeitung.ch\\\/#website\"},\"primaryImageOfPage\":{\"@id\":\"https:\\\/\\\/www.musikzeitung.ch\\\/rezensionen\\\/tontraeger-rezensionen\\\/2024\\\/01\\\/brun-brunner#primaryimage\"},\"image\":{\"@id\":\"https:\\\/\\\/www.musikzeitung.ch\\\/rezensionen\\\/tontraeger-rezensionen\\\/2024\\\/01\\\/brun-brunner#primaryimage\"},\"thumbnailUrl\":\"https:\\\/\\\/www.musikzeitung.ch\\\/wp-content\\\/uploads\\\/2024\\\/01\\\/Albin_Brun_Kristina_Brunner\u00a9MarkusWild-WIM_7664_print.jpg\",\"datePublished\":\"2024-01-24T10:34:01+00:00\",\"dateModified\":\"2024-01-24T14:11:01+00:00\",\"description\":\"Auf ihrem zweiten Album machen sich Albin Brun und Kristina Brunner daran, ihre jeweilige Musik weiter miteinander zu verschmelzen.\",\"breadcrumb\":{\"@id\":\"https:\\\/\\\/www.musikzeitung.ch\\\/rezensionen\\\/tontraeger-rezensionen\\\/2024\\\/01\\\/brun-brunner#breadcrumb\"},\"inLanguage\":\"en-US\",\"potentialAction\":[{\"@type\":\"ReadAction\",\"target\":[\"https:\\\/\\\/www.musikzeitung.ch\\\/rezensionen\\\/tontraeger-rezensionen\\\/2024\\\/01\\\/brun-brunner\"]}]},{\"@type\":\"ImageObject\",\"inLanguage\":\"en-US\",\"@id\":\"https:\\\/\\\/www.musikzeitung.ch\\\/rezensionen\\\/tontraeger-rezensionen\\\/2024\\\/01\\\/brun-brunner#primaryimage\",\"url\":\"https:\\\/\\\/www.musikzeitung.ch\\\/wp-content\\\/uploads\\\/2024\\\/01\\\/Albin_Brun_Kristina_Brunner\u00a9MarkusWild-WIM_7664_print.jpg\",\"contentUrl\":\"https:\\\/\\\/www.musikzeitung.ch\\\/wp-content\\\/uploads\\\/2024\\\/01\\\/Albin_Brun_Kristina_Brunner\u00a9MarkusWild-WIM_7664_print.jpg\",\"width\":1400,\"height\":996},{\"@type\":\"BreadcrumbList\",\"@id\":\"https:\\\/\\\/www.musikzeitung.ch\\\/rezensionen\\\/tontraeger-rezensionen\\\/2024\\\/01\\\/brun-brunner#breadcrumb\",\"itemListElement\":[{\"@type\":\"ListItem\",\"position\":1,\"name\":\"Home\",\"item\":\"https:\\\/\\\/www.musikzeitung.ch\\\/\"},{\"@type\":\"ListItem\",\"position\":2,\"name\":\"Atmosph\u00e4rische Ausfl\u00fcge mit Cello und \u00d6rgeli\"}]},{\"@type\":\"WebSite\",\"@id\":\"https:\\\/\\\/www.musikzeitung.ch\\\/#website\",\"url\":\"https:\\\/\\\/www.musikzeitung.ch\\\/\",\"name\":\"Schweizer Musikzeitung\",\"description\":\"Die f\u00fchrende sparten\u00fcbergreifende Monatszeitung in der Schweiz f\u00fcr musikalische Fragen.\",\"publisher\":{\"@id\":\"https:\\\/\\\/www.musikzeitung.ch\\\/#organization\"},\"potentialAction\":[{\"@type\":\"SearchAction\",\"target\":{\"@type\":\"EntryPoint\",\"urlTemplate\":\"https:\\\/\\\/www.musikzeitung.ch\\\/?s={search_term_string}\"},\"query-input\":{\"@type\":\"PropertyValueSpecification\",\"valueRequired\":true,\"valueName\":\"search_term_string\"}}],\"inLanguage\":\"en-US\"},{\"@type\":\"Organization\",\"@id\":\"https:\\\/\\\/www.musikzeitung.ch\\\/#organization\",\"name\":\"Schweizer Musikzeitung\",\"url\":\"https:\\\/\\\/www.musikzeitung.ch\\\/\",\"logo\":{\"@type\":\"ImageObject\",\"inLanguage\":\"en-US\",\"@id\":\"https:\\\/\\\/www.musikzeitung.ch\\\/#\\\/schema\\\/logo\\\/image\\\/\",\"url\":\"https:\\\/\\\/www.musikzeitung.ch\\\/wp-content\\\/uploads\\\/2023\\\/01\\\/SMZ_Schriftzug_Sprache.png\",\"contentUrl\":\"https:\\\/\\\/www.musikzeitung.ch\\\/wp-content\\\/uploads\\\/2023\\\/01\\\/SMZ_Schriftzug_Sprache.png\",\"width\":1400,\"height\":279,\"caption\":\"Schweizer Musikzeitung\"},\"image\":{\"@id\":\"https:\\\/\\\/www.musikzeitung.ch\\\/#\\\/schema\\\/logo\\\/image\\\/\"},\"sameAs\":[\"https:\\\/\\\/www.facebook.com\\\/SchweizerMusikzeitung\\\/\",\"https:\\\/\\\/x.com\\\/smusikzeitung\",\"https:\\\/\\\/www.instagram.com\\\/musikzeitung.ch\\\/\"]},{\"@type\":\"Person\",\"@id\":\"https:\\\/\\\/www.musikzeitung.ch\\\/#\\\/schema\\\/person\\\/ea3d7b86bd7157c78c7ddd37f2f82b5b\",\"name\":\"pia.schwab\",\"image\":{\"@type\":\"ImageObject\",\"inLanguage\":\"en-US\",\"@id\":\"https:\\\/\\\/secure.gravatar.com\\\/avatar\\\/d39d170de4c2d07e897fbc26cf9d890fc046285c742207b86d8ebabe5fcde2c4?s=96&d=mm&r=g\",\"url\":\"https:\\\/\\\/secure.gravatar.com\\\/avatar\\\/d39d170de4c2d07e897fbc26cf9d890fc046285c742207b86d8ebabe5fcde2c4?s=96&d=mm&r=g\",\"contentUrl\":\"https:\\\/\\\/secure.gravatar.com\\\/avatar\\\/d39d170de4c2d07e897fbc26cf9d890fc046285c742207b86d8ebabe5fcde2c4?s=96&d=mm&r=g\",\"caption\":\"pia.schwab\"},\"url\":\"https:\\\/\\\/www.musikzeitung.ch\\\/en\\\/author\\\/pia-schwab\"}]}<\/script>\n<!-- \/ Yoast SEO plugin. -->","yoast_head_json":{"title":"Atmospheric excursions with cello and organ - Schweizer Musikzeitung","description":"On their second album, Albin Brun and Kristina Brunner set out to further merge their respective music.","robots":{"index":"index","follow":"follow","max-snippet":"max-snippet:-1","max-image-preview":"max-image-preview:large","max-video-preview":"max-video-preview:-1"},"canonical":"https:\/\/www.musikzeitung.ch\/en\/rezensionen\/tontraeger-rezensionen\/2024\/01\/brun-brunner\/","og_locale":"en_US","og_type":"article","og_title":"Atmosph\u00e4rische Ausfl\u00fcge mit Cello und \u00d6rgeli - Schweizer Musikzeitung","og_description":"Auf ihrem zweiten Album machen sich Albin Brun und Kristina Brunner daran, ihre jeweilige Musik weiter miteinander zu verschmelzen.","og_url":"https:\/\/www.musikzeitung.ch\/en\/rezensionen\/tontraeger-rezensionen\/2024\/01\/brun-brunner\/","og_site_name":"Schweizer Musikzeitung","article_publisher":"https:\/\/www.facebook.com\/SchweizerMusikzeitung\/","article_published_time":"2024-01-24T10:34:01+00:00","article_modified_time":"2024-01-24T14:11:01+00:00","og_image":[{"width":1400,"height":996,"url":"https:\/\/www.musikzeitung.ch\/wp-content\/uploads\/2024\/01\/Albin_Brun_Kristina_Brunner\u00a9MarkusWild-WIM_7664_print.jpg","type":"image\/jpeg"}],"author":"pia.schwab","twitter_card":"summary_large_image","twitter_creator":"@smusikzeitung","twitter_site":"@smusikzeitung","twitter_misc":{"Written by":"pia.schwab","Est. reading time":"3 minutes"},"schema":{"@context":"https:\/\/schema.org","@graph":[{"@type":"Article","@id":"https:\/\/www.musikzeitung.ch\/rezensionen\/tontraeger-rezensionen\/2024\/01\/brun-brunner#article","isPartOf":{"@id":"https:\/\/www.musikzeitung.ch\/rezensionen\/tontraeger-rezensionen\/2024\/01\/brun-brunner"},"author":{"name":"pia.schwab","@id":"https:\/\/www.musikzeitung.ch\/#\/schema\/person\/ea3d7b86bd7157c78c7ddd37f2f82b5b"},"headline":"Atmosph\u00e4rische Ausfl\u00fcge mit Cello und \u00d6rgeli","datePublished":"2024-01-24T10:34:01+00:00","dateModified":"2024-01-24T14:11:01+00:00","mainEntityOfPage":{"@id":"https:\/\/www.musikzeitung.ch\/rezensionen\/tontraeger-rezensionen\/2024\/01\/brun-brunner"},"wordCount":315,"publisher":{"@id":"https:\/\/www.musikzeitung.ch\/#organization"},"image":{"@id":"https:\/\/www.musikzeitung.ch\/rezensionen\/tontraeger-rezensionen\/2024\/01\/brun-brunner#primaryimage"},"thumbnailUrl":"https:\/\/www.musikzeitung.ch\/wp-content\/uploads\/2024\/01\/Albin_Brun_Kristina_Brunner\u00a9MarkusWild-WIM_7664_print.jpg","keywords":["Albin Brun","Kristina Brunner"],"articleSection":["Rezensionen","Tontr\u00e4ger"],"inLanguage":"en-US"},{"@type":"WebPage","@id":"https:\/\/www.musikzeitung.ch\/rezensionen\/tontraeger-rezensionen\/2024\/01\/brun-brunner","url":"https:\/\/www.musikzeitung.ch\/rezensionen\/tontraeger-rezensionen\/2024\/01\/brun-brunner","name":"Atmospheric excursions with cello and organ - Schweizer Musikzeitung","isPartOf":{"@id":"https:\/\/www.musikzeitung.ch\/#website"},"primaryImageOfPage":{"@id":"https:\/\/www.musikzeitung.ch\/rezensionen\/tontraeger-rezensionen\/2024\/01\/brun-brunner#primaryimage"},"image":{"@id":"https:\/\/www.musikzeitung.ch\/rezensionen\/tontraeger-rezensionen\/2024\/01\/brun-brunner#primaryimage"},"thumbnailUrl":"https:\/\/www.musikzeitung.ch\/wp-content\/uploads\/2024\/01\/Albin_Brun_Kristina_Brunner\u00a9MarkusWild-WIM_7664_print.jpg","datePublished":"2024-01-24T10:34:01+00:00","dateModified":"2024-01-24T14:11:01+00:00","description":"On their second album, Albin Brun and Kristina Brunner set out to further merge their respective music.","breadcrumb":{"@id":"https:\/\/www.musikzeitung.ch\/rezensionen\/tontraeger-rezensionen\/2024\/01\/brun-brunner#breadcrumb"},"inLanguage":"en-US","potentialAction":[{"@type":"ReadAction","target":["https:\/\/www.musikzeitung.ch\/rezensionen\/tontraeger-rezensionen\/2024\/01\/brun-brunner"]}]},{"@type":"ImageObject","inLanguage":"en-US","@id":"https:\/\/www.musikzeitung.ch\/rezensionen\/tontraeger-rezensionen\/2024\/01\/brun-brunner#primaryimage","url":"https:\/\/www.musikzeitung.ch\/wp-content\/uploads\/2024\/01\/Albin_Brun_Kristina_Brunner\u00a9MarkusWild-WIM_7664_print.jpg","contentUrl":"https:\/\/www.musikzeitung.ch\/wp-content\/uploads\/2024\/01\/Albin_Brun_Kristina_Brunner\u00a9MarkusWild-WIM_7664_print.jpg","width":1400,"height":996},{"@type":"BreadcrumbList","@id":"https:\/\/www.musikzeitung.ch\/rezensionen\/tontraeger-rezensionen\/2024\/01\/brun-brunner#breadcrumb","itemListElement":[{"@type":"ListItem","position":1,"name":"Home","item":"https:\/\/www.musikzeitung.ch\/"},{"@type":"ListItem","position":2,"name":"Atmosph\u00e4rische Ausfl\u00fcge mit Cello und \u00d6rgeli"}]},{"@type":"WebSite","@id":"https:\/\/www.musikzeitung.ch\/#website","url":"https:\/\/www.musikzeitung.ch\/","name":"Swiss Music Newspaper","description":"The leading interdisciplinary monthly newspaper in Switzerland for musical issues.","publisher":{"@id":"https:\/\/www.musikzeitung.ch\/#organization"},"potentialAction":[{"@type":"SearchAction","target":{"@type":"EntryPoint","urlTemplate":"https:\/\/www.musikzeitung.ch\/?s={search_term_string}"},"query-input":{"@type":"PropertyValueSpecification","valueRequired":true,"valueName":"search_term_string"}}],"inLanguage":"en-US"},{"@type":"Organization","@id":"https:\/\/www.musikzeitung.ch\/#organization","name":"Swiss Music Newspaper","url":"https:\/\/www.musikzeitung.ch\/","logo":{"@type":"ImageObject","inLanguage":"en-US","@id":"https:\/\/www.musikzeitung.ch\/#\/schema\/logo\/image\/","url":"https:\/\/www.musikzeitung.ch\/wp-content\/uploads\/2023\/01\/SMZ_Schriftzug_Sprache.png","contentUrl":"https:\/\/www.musikzeitung.ch\/wp-content\/uploads\/2023\/01\/SMZ_Schriftzug_Sprache.png","width":1400,"height":279,"caption":"Schweizer Musikzeitung"},"image":{"@id":"https:\/\/www.musikzeitung.ch\/#\/schema\/logo\/image\/"},"sameAs":["https:\/\/www.facebook.com\/SchweizerMusikzeitung\/","https:\/\/x.com\/smusikzeitung","https:\/\/www.instagram.com\/musikzeitung.ch\/"]},{"@type":"Person","@id":"https:\/\/www.musikzeitung.ch\/#\/schema\/person\/ea3d7b86bd7157c78c7ddd37f2f82b5b","name":"pia.schwab","image":{"@type":"ImageObject","inLanguage":"en-US","@id":"https:\/\/secure.gravatar.com\/avatar\/d39d170de4c2d07e897fbc26cf9d890fc046285c742207b86d8ebabe5fcde2c4?s=96&d=mm&r=g","url":"https:\/\/secure.gravatar.com\/avatar\/d39d170de4c2d07e897fbc26cf9d890fc046285c742207b86d8ebabe5fcde2c4?s=96&d=mm&r=g","contentUrl":"https:\/\/secure.gravatar.com\/avatar\/d39d170de4c2d07e897fbc26cf9d890fc046285c742207b86d8ebabe5fcde2c4?s=96&d=mm&r=g","caption":"pia.schwab"},"url":"https:\/\/www.musikzeitung.ch\/en\/author\/pia-schwab"}]}},"publishpress_future_workflow_manual_trigger":{"enabledWorkflows":[]},"_links":{"self":[{"href":"https:\/\/www.musikzeitung.ch\/en\/wp-json\/wp\/v2\/posts\/50923","targetHints":{"allow":["GET"]}}],"collection":[{"href":"https:\/\/www.musikzeitung.ch\/en\/wp-json\/wp\/v2\/posts"}],"about":[{"href":"https:\/\/www.musikzeitung.ch\/en\/wp-json\/wp\/v2\/types\/post"}],"author":[{"embeddable":true,"href":"https:\/\/www.musikzeitung.ch\/en\/wp-json\/wp\/v2\/users\/29"}],"replies":[{"embeddable":true,"href":"https:\/\/www.musikzeitung.ch\/en\/wp-json\/wp\/v2\/comments?post=50923"}],"version-history":[{"count":2,"href":"https:\/\/www.musikzeitung.ch\/en\/wp-json\/wp\/v2\/posts\/50923\/revisions"}],"predecessor-version":[{"id":50930,"href":"https:\/\/www.musikzeitung.ch\/en\/wp-json\/wp\/v2\/posts\/50923\/revisions\/50930"}],"wp:featuredmedia":[{"embeddable":true,"href":"https:\/\/www.musikzeitung.ch\/en\/wp-json\/wp\/v2\/media\/50924"}],"wp:attachment":[{"href":"https:\/\/www.musikzeitung.ch\/en\/wp-json\/wp\/v2\/media?parent=50923"}],"wp:term":[{"taxonomy":"category","embeddable":true,"href":"https:\/\/www.musikzeitung.ch\/en\/wp-json\/wp\/v2\/categories?post=50923"},{"taxonomy":"post_tag","embeddable":true,"href":"https:\/\/www.musikzeitung.ch\/en\/wp-json\/wp\/v2\/tags?post=50923"}],"curies":[{"name":"wp","href":"https:\/\/api.w.org\/{rel}","templated":true}]}}