{"id":50952,"date":"2024-01-23T12:55:07","date_gmt":"2024-01-23T11:55:07","guid":{"rendered":"https:\/\/www.musikzeitung.ch\/?p=50952"},"modified":"2024-01-23T20:34:32","modified_gmt":"2024-01-23T19:34:32","slug":"schweizer-geigenbauschule-in-paris-ausgezeichnet","status":"publish","type":"post","link":"https:\/\/www.musikzeitung.ch\/en\/news\/2024\/01\/schweizer-geigenbauschule-in-paris-ausgezeichnet","title":{"rendered":"Swiss violin making school honored in Paris"},"content":{"rendered":"<figure id=\"attachment_50995\" aria-describedby=\"caption-attachment-50995\" style=\"width: 519px\" class=\"wp-caption aligncenter\"><img loading=\"lazy\" decoding=\"async\" class=\"wp-image-50995\" src=\"https:\/\/www.musikzeitung.ch\/wp-content\/uploads\/2024\/01\/240123geigen-1.jpg\" alt=\"\" width=\"519\" height=\"366\" srcset=\"https:\/\/www.musikzeitung.ch\/wp-content\/uploads\/2024\/01\/240123geigen-1.jpg 773w, https:\/\/www.musikzeitung.ch\/wp-content\/uploads\/2024\/01\/240123geigen-1-300x212.jpg 300w, https:\/\/www.musikzeitung.ch\/wp-content\/uploads\/2024\/01\/240123geigen-1-768x541.jpg 768w, https:\/\/www.musikzeitung.ch\/wp-content\/uploads\/2024\/01\/240123geigen-1-248x175.jpg 248w, https:\/\/www.musikzeitung.ch\/wp-content\/uploads\/2024\/01\/240123geigen-1-496x350.jpg 496w\" sizes=\"auto, (max-width: 519px) 100vw, 519px\" \/><figcaption id=\"caption-attachment-50995\" class=\"wp-caption-text\">Jean-Philippe Echard, curator Mus\u00e9e de la Musique, and Eva Schulz, violin making school Brienz<br \/>(Photo: Rayan Ghazinouri)<\/figcaption><\/figure>\n<p>The <a href=\"https:\/\/www.geigenbauschule.ch\/\" target=\"_blank\" rel=\"noopener\">Violin making school Brienz<\/a> convinced the jury with her copy of an instrument by Antonio Stradivari. The competition, organized by the Mus\u00e9e de la Musique\/Philharmonie Paris and the Talents et Violon'celles Foundation, is aimed at both current and trainee violin making professionals. As in 2022, the Swiss school was able to prevail against other European schools in the Talents de demain category.<\/p>\n<p>She not only won first prize ahead of France (Ecole Nationale de Lutherie Mirecourt) and Italy (Cremona International Violinmaking School), but also the jury's special Coup de coeur prize. The instrument, built by student Eva Schulz (third year of apprenticeship), a replica of the famous \"Sarasate\" by A. Stradivari from 1724, will be purchased by the Mus\u00e9e de la Musique, Paris, and made available to young music students in the future.<\/p>","protected":false},"excerpt":{"rendered":"<p>For the second time in a row, the Swiss violin making school Brienz has won the Concours International de Lutherie, Paris, in the category Talents de demain. <\/p>","protected":false},"author":30,"featured_media":50995,"comment_status":"closed","ping_status":"closed","sticky":false,"template":"","format":"standard","meta":{"_acf_changed":false,"_relevanssi_hide_post":"","_relevanssi_hide_content":"","_relevanssi_pin_for_all":"","_relevanssi_pin_keywords":"","_relevanssi_unpin_keywords":"","_relevanssi_related_keywords":"","_relevanssi_related_include_ids":"","_relevanssi_related_exclude_ids":"","_relevanssi_related_no_append":"","_relevanssi_related_not_related":"","_relevanssi_related_posts":"","_relevanssi_noindex_reason":"","pgc_sgb_lightbox_settings":"","footnotes":""},"categories":[27],"tags":[3597],"class_list":["post-50952","post","type-post","status-publish","format-standard","has-post-thumbnail","hentry","category-news","tag-schweizer-geigenbauschule"],"acf":[],"yoast_head":"<!-- This site is optimized with the Yoast SEO plugin v27.4 - https:\/\/yoast.com\/product\/yoast-seo-wordpress\/ -->\n<title>Schweizer Geigenbauschule in Paris ausgezeichnet - Schweizer Musikzeitung<\/title>\n<meta name=\"description\" content=\"Zum zweiten Mal hat die Schweizer Geigenbauschule Brienz den Concours International de Lutherie, Paris, in der Kategorie Talents de demain gewonnen.\" \/>\n<meta name=\"robots\" content=\"index, follow, max-snippet:-1, max-image-preview:large, max-video-preview:-1\" \/>\n<link rel=\"canonical\" href=\"https:\/\/www.musikzeitung.ch\/en\/news\/2024\/01\/schweizer-geigenbauschule-in-paris-ausgezeichnet\/\" \/>\n<meta property=\"og:locale\" content=\"en_US\" \/>\n<meta property=\"og:type\" content=\"article\" \/>\n<meta property=\"og:title\" content=\"Schweizer Geigenbauschule in Paris ausgezeichnet - Schweizer Musikzeitung\" \/>\n<meta property=\"og:description\" content=\"Zum zweiten Mal hat die Schweizer Geigenbauschule Brienz den Concours International de Lutherie, Paris, in der Kategorie Talents de demain gewonnen.\" \/>\n<meta property=\"og:url\" content=\"https:\/\/www.musikzeitung.ch\/en\/news\/2024\/01\/schweizer-geigenbauschule-in-paris-ausgezeichnet\/\" \/>\n<meta property=\"og:site_name\" content=\"Schweizer Musikzeitung\" \/>\n<meta property=\"article:publisher\" content=\"https:\/\/www.facebook.com\/SchweizerMusikzeitung\/\" \/>\n<meta property=\"article:author\" content=\"https:\/\/www.facebook.com\/wolfgang.bohler.75\" \/>\n<meta property=\"article:published_time\" content=\"2024-01-23T11:55:07+00:00\" \/>\n<meta property=\"article:modified_time\" content=\"2024-01-23T19:34:32+00:00\" \/>\n<meta property=\"og:image\" content=\"https:\/\/www.musikzeitung.ch\/wp-content\/uploads\/2024\/01\/240123geigen-1.jpg\" \/>\n\t<meta property=\"og:image:width\" content=\"773\" \/>\n\t<meta property=\"og:image:height\" content=\"545\" \/>\n\t<meta property=\"og:image:type\" content=\"image\/jpeg\" \/>\n<meta name=\"author\" content=\"Wolfgang B\u00f6hler\" \/>\n<meta name=\"twitter:card\" content=\"summary_large_image\" \/>\n<meta name=\"twitter:creator\" content=\"@smusikzeitung\" \/>\n<meta name=\"twitter:site\" content=\"@smusikzeitung\" \/>\n<meta name=\"twitter:label1\" content=\"Written by\" \/>\n\t<meta name=\"twitter:data1\" content=\"Wolfgang B\u00f6hler\" \/>\n\t<meta name=\"twitter:label2\" content=\"Est. reading time\" \/>\n\t<meta name=\"twitter:data2\" content=\"2 minutes\" \/>\n<script type=\"application\/ld+json\" class=\"yoast-schema-graph\">{\"@context\":\"https:\\\/\\\/schema.org\",\"@graph\":[{\"@type\":\"Article\",\"@id\":\"https:\\\/\\\/www.musikzeitung.ch\\\/news\\\/2024\\\/01\\\/schweizer-geigenbauschule-in-paris-ausgezeichnet#article\",\"isPartOf\":{\"@id\":\"https:\\\/\\\/www.musikzeitung.ch\\\/news\\\/2024\\\/01\\\/schweizer-geigenbauschule-in-paris-ausgezeichnet\"},\"author\":{\"name\":\"Wolfgang B\u00f6hler\",\"@id\":\"https:\\\/\\\/www.musikzeitung.ch\\\/#\\\/schema\\\/person\\\/0da4fb82d243f1252850a35d0e87cf0c\"},\"headline\":\"Schweizer Geigenbauschule in Paris ausgezeichnet\",\"datePublished\":\"2024-01-23T11:55:07+00:00\",\"dateModified\":\"2024-01-23T19:34:32+00:00\",\"mainEntityOfPage\":{\"@id\":\"https:\\\/\\\/www.musikzeitung.ch\\\/news\\\/2024\\\/01\\\/schweizer-geigenbauschule-in-paris-ausgezeichnet\"},\"wordCount\":164,\"publisher\":{\"@id\":\"https:\\\/\\\/www.musikzeitung.ch\\\/#organization\"},\"image\":{\"@id\":\"https:\\\/\\\/www.musikzeitung.ch\\\/news\\\/2024\\\/01\\\/schweizer-geigenbauschule-in-paris-ausgezeichnet#primaryimage\"},\"thumbnailUrl\":\"https:\\\/\\\/www.musikzeitung.ch\\\/wp-content\\\/uploads\\\/2024\\\/01\\\/240123geigen-1.jpg\",\"keywords\":[\"Schweizer Geigenbauschule\"],\"articleSection\":[\"News\"],\"inLanguage\":\"en-US\"},{\"@type\":\"WebPage\",\"@id\":\"https:\\\/\\\/www.musikzeitung.ch\\\/news\\\/2024\\\/01\\\/schweizer-geigenbauschule-in-paris-ausgezeichnet\",\"url\":\"https:\\\/\\\/www.musikzeitung.ch\\\/news\\\/2024\\\/01\\\/schweizer-geigenbauschule-in-paris-ausgezeichnet\",\"name\":\"Schweizer Geigenbauschule in Paris ausgezeichnet - Schweizer Musikzeitung\",\"isPartOf\":{\"@id\":\"https:\\\/\\\/www.musikzeitung.ch\\\/#website\"},\"primaryImageOfPage\":{\"@id\":\"https:\\\/\\\/www.musikzeitung.ch\\\/news\\\/2024\\\/01\\\/schweizer-geigenbauschule-in-paris-ausgezeichnet#primaryimage\"},\"image\":{\"@id\":\"https:\\\/\\\/www.musikzeitung.ch\\\/news\\\/2024\\\/01\\\/schweizer-geigenbauschule-in-paris-ausgezeichnet#primaryimage\"},\"thumbnailUrl\":\"https:\\\/\\\/www.musikzeitung.ch\\\/wp-content\\\/uploads\\\/2024\\\/01\\\/240123geigen-1.jpg\",\"datePublished\":\"2024-01-23T11:55:07+00:00\",\"dateModified\":\"2024-01-23T19:34:32+00:00\",\"description\":\"Zum zweiten Mal hat die Schweizer Geigenbauschule Brienz den Concours International de Lutherie, Paris, in der Kategorie Talents de demain gewonnen.\",\"breadcrumb\":{\"@id\":\"https:\\\/\\\/www.musikzeitung.ch\\\/news\\\/2024\\\/01\\\/schweizer-geigenbauschule-in-paris-ausgezeichnet#breadcrumb\"},\"inLanguage\":\"en-US\",\"potentialAction\":[{\"@type\":\"ReadAction\",\"target\":[\"https:\\\/\\\/www.musikzeitung.ch\\\/news\\\/2024\\\/01\\\/schweizer-geigenbauschule-in-paris-ausgezeichnet\"]}]},{\"@type\":\"ImageObject\",\"inLanguage\":\"en-US\",\"@id\":\"https:\\\/\\\/www.musikzeitung.ch\\\/news\\\/2024\\\/01\\\/schweizer-geigenbauschule-in-paris-ausgezeichnet#primaryimage\",\"url\":\"https:\\\/\\\/www.musikzeitung.ch\\\/wp-content\\\/uploads\\\/2024\\\/01\\\/240123geigen-1.jpg\",\"contentUrl\":\"https:\\\/\\\/www.musikzeitung.ch\\\/wp-content\\\/uploads\\\/2024\\\/01\\\/240123geigen-1.jpg\",\"width\":773,\"height\":545,\"caption\":\"Jean-Philippe Echard, Konservator Mus\u00e9e de la Musique, Paris und Eva Schulz, Lernende, Geigenbauschule Brienz (Foto: Rayan Ghazinouri)\"},{\"@type\":\"BreadcrumbList\",\"@id\":\"https:\\\/\\\/www.musikzeitung.ch\\\/news\\\/2024\\\/01\\\/schweizer-geigenbauschule-in-paris-ausgezeichnet#breadcrumb\",\"itemListElement\":[{\"@type\":\"ListItem\",\"position\":1,\"name\":\"Home\",\"item\":\"https:\\\/\\\/www.musikzeitung.ch\\\/\"},{\"@type\":\"ListItem\",\"position\":2,\"name\":\"Schweizer Geigenbauschule in Paris ausgezeichnet\"}]},{\"@type\":\"WebSite\",\"@id\":\"https:\\\/\\\/www.musikzeitung.ch\\\/#website\",\"url\":\"https:\\\/\\\/www.musikzeitung.ch\\\/\",\"name\":\"Schweizer Musikzeitung\",\"description\":\"Die f\u00fchrende sparten\u00fcbergreifende Monatszeitung in der Schweiz f\u00fcr musikalische Fragen.\",\"publisher\":{\"@id\":\"https:\\\/\\\/www.musikzeitung.ch\\\/#organization\"},\"potentialAction\":[{\"@type\":\"SearchAction\",\"target\":{\"@type\":\"EntryPoint\",\"urlTemplate\":\"https:\\\/\\\/www.musikzeitung.ch\\\/?s={search_term_string}\"},\"query-input\":{\"@type\":\"PropertyValueSpecification\",\"valueRequired\":true,\"valueName\":\"search_term_string\"}}],\"inLanguage\":\"en-US\"},{\"@type\":\"Organization\",\"@id\":\"https:\\\/\\\/www.musikzeitung.ch\\\/#organization\",\"name\":\"Schweizer Musikzeitung\",\"url\":\"https:\\\/\\\/www.musikzeitung.ch\\\/\",\"logo\":{\"@type\":\"ImageObject\",\"inLanguage\":\"en-US\",\"@id\":\"https:\\\/\\\/www.musikzeitung.ch\\\/#\\\/schema\\\/logo\\\/image\\\/\",\"url\":\"https:\\\/\\\/www.musikzeitung.ch\\\/wp-content\\\/uploads\\\/2023\\\/01\\\/SMZ_Schriftzug_Sprache.png\",\"contentUrl\":\"https:\\\/\\\/www.musikzeitung.ch\\\/wp-content\\\/uploads\\\/2023\\\/01\\\/SMZ_Schriftzug_Sprache.png\",\"width\":1400,\"height\":279,\"caption\":\"Schweizer Musikzeitung\"},\"image\":{\"@id\":\"https:\\\/\\\/www.musikzeitung.ch\\\/#\\\/schema\\\/logo\\\/image\\\/\"},\"sameAs\":[\"https:\\\/\\\/www.facebook.com\\\/SchweizerMusikzeitung\\\/\",\"https:\\\/\\\/x.com\\\/smusikzeitung\",\"https:\\\/\\\/www.instagram.com\\\/musikzeitung.ch\\\/\"]},{\"@type\":\"Person\",\"@id\":\"https:\\\/\\\/www.musikzeitung.ch\\\/#\\\/schema\\\/person\\\/0da4fb82d243f1252850a35d0e87cf0c\",\"name\":\"Wolfgang B\u00f6hler\",\"image\":{\"@type\":\"ImageObject\",\"inLanguage\":\"en-US\",\"@id\":\"https:\\\/\\\/www.musikzeitung.ch\\\/wp-content\\\/uploads\\\/2023\\\/01\\\/boehler_portraet_web-e1674139782246-96x96.jpg\",\"url\":\"https:\\\/\\\/www.musikzeitung.ch\\\/wp-content\\\/uploads\\\/2023\\\/01\\\/boehler_portraet_web-e1674139782246-96x96.jpg\",\"contentUrl\":\"https:\\\/\\\/www.musikzeitung.ch\\\/wp-content\\\/uploads\\\/2023\\\/01\\\/boehler_portraet_web-e1674139782246-96x96.jpg\",\"caption\":\"Wolfgang B\u00f6hler\"},\"sameAs\":[\"http:\\\/\\\/www.manacanto.ch\",\"https:\\\/\\\/www.facebook.com\\\/wolfgang.bohler.75\"],\"url\":\"https:\\\/\\\/www.musikzeitung.ch\\\/en\\\/author\\\/wolfgang-boehler\"}]}<\/script>\n<!-- \/ Yoast SEO plugin. -->","yoast_head_json":{"title":"Schweizer Geigenbauschule in Paris ausgezeichnet - Schweizer Musikzeitung","description":"Zum zweiten Mal hat die Schweizer Geigenbauschule Brienz den Concours International de Lutherie, Paris, in der Kategorie Talents de demain gewonnen.","robots":{"index":"index","follow":"follow","max-snippet":"max-snippet:-1","max-image-preview":"max-image-preview:large","max-video-preview":"max-video-preview:-1"},"canonical":"https:\/\/www.musikzeitung.ch\/en\/news\/2024\/01\/schweizer-geigenbauschule-in-paris-ausgezeichnet\/","og_locale":"en_US","og_type":"article","og_title":"Schweizer Geigenbauschule in Paris ausgezeichnet - Schweizer Musikzeitung","og_description":"Zum zweiten Mal hat die Schweizer Geigenbauschule Brienz den Concours International de Lutherie, Paris, in der Kategorie Talents de demain gewonnen.","og_url":"https:\/\/www.musikzeitung.ch\/en\/news\/2024\/01\/schweizer-geigenbauschule-in-paris-ausgezeichnet\/","og_site_name":"Schweizer Musikzeitung","article_publisher":"https:\/\/www.facebook.com\/SchweizerMusikzeitung\/","article_author":"https:\/\/www.facebook.com\/wolfgang.bohler.75","article_published_time":"2024-01-23T11:55:07+00:00","article_modified_time":"2024-01-23T19:34:32+00:00","og_image":[{"width":773,"height":545,"url":"https:\/\/www.musikzeitung.ch\/wp-content\/uploads\/2024\/01\/240123geigen-1.jpg","type":"image\/jpeg"}],"author":"Wolfgang B\u00f6hler","twitter_card":"summary_large_image","twitter_creator":"@smusikzeitung","twitter_site":"@smusikzeitung","twitter_misc":{"Written by":"Wolfgang B\u00f6hler","Est. reading time":"2 minutes"},"schema":{"@context":"https:\/\/schema.org","@graph":[{"@type":"Article","@id":"https:\/\/www.musikzeitung.ch\/news\/2024\/01\/schweizer-geigenbauschule-in-paris-ausgezeichnet#article","isPartOf":{"@id":"https:\/\/www.musikzeitung.ch\/news\/2024\/01\/schweizer-geigenbauschule-in-paris-ausgezeichnet"},"author":{"name":"Wolfgang B\u00f6hler","@id":"https:\/\/www.musikzeitung.ch\/#\/schema\/person\/0da4fb82d243f1252850a35d0e87cf0c"},"headline":"Schweizer Geigenbauschule in Paris ausgezeichnet","datePublished":"2024-01-23T11:55:07+00:00","dateModified":"2024-01-23T19:34:32+00:00","mainEntityOfPage":{"@id":"https:\/\/www.musikzeitung.ch\/news\/2024\/01\/schweizer-geigenbauschule-in-paris-ausgezeichnet"},"wordCount":164,"publisher":{"@id":"https:\/\/www.musikzeitung.ch\/#organization"},"image":{"@id":"https:\/\/www.musikzeitung.ch\/news\/2024\/01\/schweizer-geigenbauschule-in-paris-ausgezeichnet#primaryimage"},"thumbnailUrl":"https:\/\/www.musikzeitung.ch\/wp-content\/uploads\/2024\/01\/240123geigen-1.jpg","keywords":["Schweizer Geigenbauschule"],"articleSection":["News"],"inLanguage":"en-US"},{"@type":"WebPage","@id":"https:\/\/www.musikzeitung.ch\/news\/2024\/01\/schweizer-geigenbauschule-in-paris-ausgezeichnet","url":"https:\/\/www.musikzeitung.ch\/news\/2024\/01\/schweizer-geigenbauschule-in-paris-ausgezeichnet","name":"Schweizer Geigenbauschule in Paris ausgezeichnet - Schweizer Musikzeitung","isPartOf":{"@id":"https:\/\/www.musikzeitung.ch\/#website"},"primaryImageOfPage":{"@id":"https:\/\/www.musikzeitung.ch\/news\/2024\/01\/schweizer-geigenbauschule-in-paris-ausgezeichnet#primaryimage"},"image":{"@id":"https:\/\/www.musikzeitung.ch\/news\/2024\/01\/schweizer-geigenbauschule-in-paris-ausgezeichnet#primaryimage"},"thumbnailUrl":"https:\/\/www.musikzeitung.ch\/wp-content\/uploads\/2024\/01\/240123geigen-1.jpg","datePublished":"2024-01-23T11:55:07+00:00","dateModified":"2024-01-23T19:34:32+00:00","description":"Zum zweiten Mal hat die Schweizer Geigenbauschule Brienz den Concours International de Lutherie, Paris, in der Kategorie Talents de demain gewonnen.","breadcrumb":{"@id":"https:\/\/www.musikzeitung.ch\/news\/2024\/01\/schweizer-geigenbauschule-in-paris-ausgezeichnet#breadcrumb"},"inLanguage":"en-US","potentialAction":[{"@type":"ReadAction","target":["https:\/\/www.musikzeitung.ch\/news\/2024\/01\/schweizer-geigenbauschule-in-paris-ausgezeichnet"]}]},{"@type":"ImageObject","inLanguage":"en-US","@id":"https:\/\/www.musikzeitung.ch\/news\/2024\/01\/schweizer-geigenbauschule-in-paris-ausgezeichnet#primaryimage","url":"https:\/\/www.musikzeitung.ch\/wp-content\/uploads\/2024\/01\/240123geigen-1.jpg","contentUrl":"https:\/\/www.musikzeitung.ch\/wp-content\/uploads\/2024\/01\/240123geigen-1.jpg","width":773,"height":545,"caption":"Jean-Philippe Echard, Konservator Mus\u00e9e de la Musique, Paris und Eva Schulz, Lernende, Geigenbauschule Brienz (Foto: Rayan Ghazinouri)"},{"@type":"BreadcrumbList","@id":"https:\/\/www.musikzeitung.ch\/news\/2024\/01\/schweizer-geigenbauschule-in-paris-ausgezeichnet#breadcrumb","itemListElement":[{"@type":"ListItem","position":1,"name":"Home","item":"https:\/\/www.musikzeitung.ch\/"},{"@type":"ListItem","position":2,"name":"Schweizer Geigenbauschule in Paris ausgezeichnet"}]},{"@type":"WebSite","@id":"https:\/\/www.musikzeitung.ch\/#website","url":"https:\/\/www.musikzeitung.ch\/","name":"Swiss Music Newspaper","description":"The leading interdisciplinary monthly newspaper in Switzerland for musical issues.","publisher":{"@id":"https:\/\/www.musikzeitung.ch\/#organization"},"potentialAction":[{"@type":"SearchAction","target":{"@type":"EntryPoint","urlTemplate":"https:\/\/www.musikzeitung.ch\/?s={search_term_string}"},"query-input":{"@type":"PropertyValueSpecification","valueRequired":true,"valueName":"search_term_string"}}],"inLanguage":"en-US"},{"@type":"Organization","@id":"https:\/\/www.musikzeitung.ch\/#organization","name":"Swiss Music Newspaper","url":"https:\/\/www.musikzeitung.ch\/","logo":{"@type":"ImageObject","inLanguage":"en-US","@id":"https:\/\/www.musikzeitung.ch\/#\/schema\/logo\/image\/","url":"https:\/\/www.musikzeitung.ch\/wp-content\/uploads\/2023\/01\/SMZ_Schriftzug_Sprache.png","contentUrl":"https:\/\/www.musikzeitung.ch\/wp-content\/uploads\/2023\/01\/SMZ_Schriftzug_Sprache.png","width":1400,"height":279,"caption":"Schweizer Musikzeitung"},"image":{"@id":"https:\/\/www.musikzeitung.ch\/#\/schema\/logo\/image\/"},"sameAs":["https:\/\/www.facebook.com\/SchweizerMusikzeitung\/","https:\/\/x.com\/smusikzeitung","https:\/\/www.instagram.com\/musikzeitung.ch\/"]},{"@type":"Person","@id":"https:\/\/www.musikzeitung.ch\/#\/schema\/person\/0da4fb82d243f1252850a35d0e87cf0c","name":"Wolfgang B\u00f6hler","image":{"@type":"ImageObject","inLanguage":"en-US","@id":"https:\/\/www.musikzeitung.ch\/wp-content\/uploads\/2023\/01\/boehler_portraet_web-e1674139782246-96x96.jpg","url":"https:\/\/www.musikzeitung.ch\/wp-content\/uploads\/2023\/01\/boehler_portraet_web-e1674139782246-96x96.jpg","contentUrl":"https:\/\/www.musikzeitung.ch\/wp-content\/uploads\/2023\/01\/boehler_portraet_web-e1674139782246-96x96.jpg","caption":"Wolfgang B\u00f6hler"},"sameAs":["http:\/\/www.manacanto.ch","https:\/\/www.facebook.com\/wolfgang.bohler.75"],"url":"https:\/\/www.musikzeitung.ch\/en\/author\/wolfgang-boehler"}]}},"publishpress_future_workflow_manual_trigger":{"enabledWorkflows":[]},"_links":{"self":[{"href":"https:\/\/www.musikzeitung.ch\/en\/wp-json\/wp\/v2\/posts\/50952","targetHints":{"allow":["GET"]}}],"collection":[{"href":"https:\/\/www.musikzeitung.ch\/en\/wp-json\/wp\/v2\/posts"}],"about":[{"href":"https:\/\/www.musikzeitung.ch\/en\/wp-json\/wp\/v2\/types\/post"}],"author":[{"embeddable":true,"href":"https:\/\/www.musikzeitung.ch\/en\/wp-json\/wp\/v2\/users\/30"}],"replies":[{"embeddable":true,"href":"https:\/\/www.musikzeitung.ch\/en\/wp-json\/wp\/v2\/comments?post=50952"}],"version-history":[{"count":6,"href":"https:\/\/www.musikzeitung.ch\/en\/wp-json\/wp\/v2\/posts\/50952\/revisions"}],"predecessor-version":[{"id":50996,"href":"https:\/\/www.musikzeitung.ch\/en\/wp-json\/wp\/v2\/posts\/50952\/revisions\/50996"}],"wp:featuredmedia":[{"embeddable":true,"href":"https:\/\/www.musikzeitung.ch\/en\/wp-json\/wp\/v2\/media\/50995"}],"wp:attachment":[{"href":"https:\/\/www.musikzeitung.ch\/en\/wp-json\/wp\/v2\/media?parent=50952"}],"wp:term":[{"taxonomy":"category","embeddable":true,"href":"https:\/\/www.musikzeitung.ch\/en\/wp-json\/wp\/v2\/categories?post=50952"},{"taxonomy":"post_tag","embeddable":true,"href":"https:\/\/www.musikzeitung.ch\/en\/wp-json\/wp\/v2\/tags?post=50952"}],"curies":[{"name":"wp","href":"https:\/\/api.w.org\/{rel}","templated":true}]}}