{"id":5108,"date":"2017-08-30T00:00:00","date_gmt":"2017-08-29T23:00:00","guid":{"rendered":"https:\/\/www.musikzeitung.ch\/allgemein\/neues-verrechnungsmodell-fuer-konzertveranstalter\/"},"modified":"2017-08-30T00:00:00","modified_gmt":"2017-08-29T23:00:00","slug":"neues-verrechnungsmodell-fuer-konzertveranstalter","status":"publish","type":"post","link":"https:\/\/www.musikzeitung.ch\/en\/politik\/2017\/08\/neues-verrechnungsmodell-fuer-konzertveranstalter","title":{"rendered":"New billing model for concert organizers"},"content":{"rendered":"<figure style=\"width: 1200px\" class=\"wp-caption alignnone\"><img decoding=\"async\" class=\"size-full\" src=\"https:\/\/www.musikzeitung.ch\/wp-content\/uploads\/2023\/01\/5769980863_4ce919513e_z.jpg\" alt=\"\" \/><figcaption class=\"wp-caption-text\">Photo: Stephen Woods\/flickr<\/figcaption><\/figure>\n<div class='text-section'>\n<p>Invoicing is no longer based on the number of spectators as before, but on the actual hours worked by the public service providers. As before, no costs are charged for major cantonal and Swisslos Fund-supported events such as Fasnacht, Em Bebbi sy Jazz or the Youth Culture Festival.<\/p>\n<p>Other sporting and concert events will be charged half of the costs and other major events will be charged all of the costs. In order to introduce the new billing model, the Government Council has amended the Ordinance on the Cantonal Police of the Canton of Basel-Stadt, the Ordinance on the Fees to be Charged by the Fire Service and the Ordinance on the Fees to be Charged by the Basel Ambulance Service.<\/p>\n<p>The new regulation is primarily motivated by the activities of FC Basel. While it will have little impact on concert and other event organizers, it will mean that the football club's contributions to the cantonal security authorities will double from around CHF 1 million today to around CHF 2 million per year.<br \/> \u00a0<\/p>\n<\/div>","protected":false},"excerpt":{"rendered":"<p><strong>The government council of the Canton of Basel-Stadt is introducing a new standardized billing model for public security costs at sporting and concert events. <\/strong><\/p>","protected":false},"author":1,"featured_media":5109,"comment_status":"open","ping_status":"open","sticky":false,"template":"","format":"standard","meta":{"_acf_changed":false,"_relevanssi_hide_post":"","_relevanssi_hide_content":"","_relevanssi_pin_for_all":"","_relevanssi_pin_keywords":"","_relevanssi_unpin_keywords":"","_relevanssi_related_keywords":"","_relevanssi_related_include_ids":"","_relevanssi_related_exclude_ids":"","_relevanssi_related_no_append":"","_relevanssi_related_not_related":"","_relevanssi_related_posts":"","_relevanssi_noindex_reason":"","pgc_sgb_lightbox_settings":"","footnotes":""},"categories":[1081,767],"tags":[],"class_list":["post-5108","post","type-post","status-publish","format-standard","has-post-thumbnail","hentry","category-kantone-und-gemeinden","category-politik"],"acf":[],"yoast_head":"<!-- This site is optimized with the Yoast SEO plugin v27.5 - https:\/\/yoast.com\/product\/yoast-seo-wordpress\/ -->\n<title>Neues Verrechnungsmodell f\u00fcr Konzertveranstalter - Schweizer Musikzeitung<\/title>\n<meta name=\"robots\" content=\"index, follow, max-snippet:-1, max-image-preview:large, max-video-preview:-1\" \/>\n<link rel=\"canonical\" href=\"https:\/\/www.musikzeitung.ch\/en\/politik\/2017\/08\/neues-verrechnungsmodell-fuer-konzertveranstalter\/\" \/>\n<meta property=\"og:locale\" content=\"en_US\" \/>\n<meta property=\"og:type\" content=\"article\" \/>\n<meta property=\"og:title\" content=\"Neues Verrechnungsmodell f\u00fcr Konzertveranstalter - Schweizer Musikzeitung\" \/>\n<meta property=\"og:description\" content=\"Der Regierungsrat des Kantons Basel-Stadt f\u00fchrt ein neues einheitliches Verrechnungsmodell f\u00fcr die \u00f6ffentlichen Sicherheitskosten bei Sport- und Konzertveranstaltungen ein.\" \/>\n<meta property=\"og:url\" content=\"https:\/\/www.musikzeitung.ch\/en\/politik\/2017\/08\/neues-verrechnungsmodell-fuer-konzertveranstalter\/\" \/>\n<meta property=\"og:site_name\" content=\"Schweizer Musikzeitung\" \/>\n<meta property=\"article:publisher\" content=\"https:\/\/www.facebook.com\/SchweizerMusikzeitung\/\" \/>\n<meta property=\"article:published_time\" content=\"2017-08-29T23:00:00+00:00\" \/>\n<meta property=\"og:image\" content=\"https:\/\/www.musikzeitung.ch\/wp-content\/uploads\/2023\/01\/5769980863_4ce919513e_z.jpg\" \/>\n\t<meta property=\"og:image:width\" content=\"554\" \/>\n\t<meta property=\"og:image:height\" content=\"369\" \/>\n\t<meta property=\"og:image:type\" content=\"image\/jpeg\" \/>\n<meta name=\"author\" content=\"Musikzeitung-Redaktion\" \/>\n<meta name=\"twitter:card\" content=\"summary_large_image\" \/>\n<meta name=\"twitter:creator\" content=\"@smusikzeitung\" \/>\n<meta name=\"twitter:site\" content=\"@smusikzeitung\" \/>\n<meta name=\"twitter:label1\" content=\"Written by\" \/>\n\t<meta name=\"twitter:data1\" content=\"Musikzeitung-Redaktion\" \/>\n\t<meta name=\"twitter:label2\" content=\"Est. reading time\" \/>\n\t<meta name=\"twitter:data2\" content=\"1 minute\" \/>\n<script type=\"application\/ld+json\" class=\"yoast-schema-graph\">{\"@context\":\"https:\\\/\\\/schema.org\",\"@graph\":[{\"@type\":\"Article\",\"@id\":\"https:\\\/\\\/www.musikzeitung.ch\\\/politik\\\/2017\\\/08\\\/neues-verrechnungsmodell-fuer-konzertveranstalter#article\",\"isPartOf\":{\"@id\":\"https:\\\/\\\/www.musikzeitung.ch\\\/politik\\\/2017\\\/08\\\/neues-verrechnungsmodell-fuer-konzertveranstalter\"},\"author\":{\"name\":\"Musikzeitung-Redaktion\",\"@id\":\"https:\\\/\\\/www.musikzeitung.ch\\\/#\\\/schema\\\/person\\\/b2fd892c800856270b9dcc6001265712\"},\"headline\":\"Neues Verrechnungsmodell f\u00fcr Konzertveranstalter\",\"datePublished\":\"2017-08-29T23:00:00+00:00\",\"mainEntityOfPage\":{\"@id\":\"https:\\\/\\\/www.musikzeitung.ch\\\/politik\\\/2017\\\/08\\\/neues-verrechnungsmodell-fuer-konzertveranstalter\"},\"wordCount\":167,\"commentCount\":0,\"publisher\":{\"@id\":\"https:\\\/\\\/www.musikzeitung.ch\\\/#organization\"},\"image\":{\"@id\":\"https:\\\/\\\/www.musikzeitung.ch\\\/politik\\\/2017\\\/08\\\/neues-verrechnungsmodell-fuer-konzertveranstalter#primaryimage\"},\"thumbnailUrl\":\"https:\\\/\\\/www.musikzeitung.ch\\\/wp-content\\\/uploads\\\/2023\\\/01\\\/5769980863_4ce919513e_z.jpg\",\"articleSection\":[\"Kantone und Gemeinden\",\"Politik\"],\"inLanguage\":\"en-US\"},{\"@type\":\"WebPage\",\"@id\":\"https:\\\/\\\/www.musikzeitung.ch\\\/politik\\\/2017\\\/08\\\/neues-verrechnungsmodell-fuer-konzertveranstalter\",\"url\":\"https:\\\/\\\/www.musikzeitung.ch\\\/politik\\\/2017\\\/08\\\/neues-verrechnungsmodell-fuer-konzertveranstalter\",\"name\":\"Neues Verrechnungsmodell f\u00fcr Konzertveranstalter - Schweizer Musikzeitung\",\"isPartOf\":{\"@id\":\"https:\\\/\\\/www.musikzeitung.ch\\\/#website\"},\"primaryImageOfPage\":{\"@id\":\"https:\\\/\\\/www.musikzeitung.ch\\\/politik\\\/2017\\\/08\\\/neues-verrechnungsmodell-fuer-konzertveranstalter#primaryimage\"},\"image\":{\"@id\":\"https:\\\/\\\/www.musikzeitung.ch\\\/politik\\\/2017\\\/08\\\/neues-verrechnungsmodell-fuer-konzertveranstalter#primaryimage\"},\"thumbnailUrl\":\"https:\\\/\\\/www.musikzeitung.ch\\\/wp-content\\\/uploads\\\/2023\\\/01\\\/5769980863_4ce919513e_z.jpg\",\"datePublished\":\"2017-08-29T23:00:00+00:00\",\"breadcrumb\":{\"@id\":\"https:\\\/\\\/www.musikzeitung.ch\\\/politik\\\/2017\\\/08\\\/neues-verrechnungsmodell-fuer-konzertveranstalter#breadcrumb\"},\"inLanguage\":\"en-US\",\"potentialAction\":[{\"@type\":\"ReadAction\",\"target\":[\"https:\\\/\\\/www.musikzeitung.ch\\\/politik\\\/2017\\\/08\\\/neues-verrechnungsmodell-fuer-konzertveranstalter\"]}]},{\"@type\":\"ImageObject\",\"inLanguage\":\"en-US\",\"@id\":\"https:\\\/\\\/www.musikzeitung.ch\\\/politik\\\/2017\\\/08\\\/neues-verrechnungsmodell-fuer-konzertveranstalter#primaryimage\",\"url\":\"https:\\\/\\\/www.musikzeitung.ch\\\/wp-content\\\/uploads\\\/2023\\\/01\\\/5769980863_4ce919513e_z.jpg\",\"contentUrl\":\"https:\\\/\\\/www.musikzeitung.ch\\\/wp-content\\\/uploads\\\/2023\\\/01\\\/5769980863_4ce919513e_z.jpg\",\"width\":554,\"height\":369},{\"@type\":\"BreadcrumbList\",\"@id\":\"https:\\\/\\\/www.musikzeitung.ch\\\/politik\\\/2017\\\/08\\\/neues-verrechnungsmodell-fuer-konzertveranstalter#breadcrumb\",\"itemListElement\":[{\"@type\":\"ListItem\",\"position\":1,\"name\":\"Home\",\"item\":\"https:\\\/\\\/www.musikzeitung.ch\\\/\"},{\"@type\":\"ListItem\",\"position\":2,\"name\":\"Neues Verrechnungsmodell f\u00fcr Konzertveranstalter\"}]},{\"@type\":\"WebSite\",\"@id\":\"https:\\\/\\\/www.musikzeitung.ch\\\/#website\",\"url\":\"https:\\\/\\\/www.musikzeitung.ch\\\/\",\"name\":\"Schweizer Musikzeitung\",\"description\":\"Die f\u00fchrende sparten\u00fcbergreifende Monatszeitung in der Schweiz f\u00fcr musikalische Fragen.\",\"publisher\":{\"@id\":\"https:\\\/\\\/www.musikzeitung.ch\\\/#organization\"},\"potentialAction\":[{\"@type\":\"SearchAction\",\"target\":{\"@type\":\"EntryPoint\",\"urlTemplate\":\"https:\\\/\\\/www.musikzeitung.ch\\\/?s={search_term_string}\"},\"query-input\":{\"@type\":\"PropertyValueSpecification\",\"valueRequired\":true,\"valueName\":\"search_term_string\"}}],\"inLanguage\":\"en-US\"},{\"@type\":\"Organization\",\"@id\":\"https:\\\/\\\/www.musikzeitung.ch\\\/#organization\",\"name\":\"Schweizer Musikzeitung\",\"url\":\"https:\\\/\\\/www.musikzeitung.ch\\\/\",\"logo\":{\"@type\":\"ImageObject\",\"inLanguage\":\"en-US\",\"@id\":\"https:\\\/\\\/www.musikzeitung.ch\\\/#\\\/schema\\\/logo\\\/image\\\/\",\"url\":\"https:\\\/\\\/www.musikzeitung.ch\\\/wp-content\\\/uploads\\\/2023\\\/01\\\/SMZ_Schriftzug_Sprache.png\",\"contentUrl\":\"https:\\\/\\\/www.musikzeitung.ch\\\/wp-content\\\/uploads\\\/2023\\\/01\\\/SMZ_Schriftzug_Sprache.png\",\"width\":1400,\"height\":279,\"caption\":\"Schweizer Musikzeitung\"},\"image\":{\"@id\":\"https:\\\/\\\/www.musikzeitung.ch\\\/#\\\/schema\\\/logo\\\/image\\\/\"},\"sameAs\":[\"https:\\\/\\\/www.facebook.com\\\/SchweizerMusikzeitung\\\/\",\"https:\\\/\\\/x.com\\\/smusikzeitung\",\"https:\\\/\\\/www.instagram.com\\\/musikzeitung.ch\\\/\"]},{\"@type\":\"Person\",\"@id\":\"https:\\\/\\\/www.musikzeitung.ch\\\/#\\\/schema\\\/person\\\/b2fd892c800856270b9dcc6001265712\",\"name\":\"Musikzeitung-Redaktion\",\"image\":{\"@type\":\"ImageObject\",\"inLanguage\":\"en-US\",\"@id\":\"https:\\\/\\\/www.musikzeitung.ch\\\/wp-content\\\/uploads\\\/2022\\\/05\\\/usericon_musikzeitung-96x96.jpg\",\"url\":\"https:\\\/\\\/www.musikzeitung.ch\\\/wp-content\\\/uploads\\\/2022\\\/05\\\/usericon_musikzeitung-96x96.jpg\",\"contentUrl\":\"https:\\\/\\\/www.musikzeitung.ch\\\/wp-content\\\/uploads\\\/2022\\\/05\\\/usericon_musikzeitung-96x96.jpg\",\"caption\":\"Musikzeitung-Redaktion\"},\"url\":\"https:\\\/\\\/www.musikzeitung.ch\\\/en\\\/author\\\/admin\"}]}<\/script>\n<!-- \/ Yoast SEO plugin. -->","yoast_head_json":{"title":"Neues Verrechnungsmodell f\u00fcr Konzertveranstalter - Schweizer Musikzeitung","robots":{"index":"index","follow":"follow","max-snippet":"max-snippet:-1","max-image-preview":"max-image-preview:large","max-video-preview":"max-video-preview:-1"},"canonical":"https:\/\/www.musikzeitung.ch\/en\/politik\/2017\/08\/neues-verrechnungsmodell-fuer-konzertveranstalter\/","og_locale":"en_US","og_type":"article","og_title":"Neues Verrechnungsmodell f\u00fcr Konzertveranstalter - Schweizer Musikzeitung","og_description":"Der Regierungsrat des Kantons Basel-Stadt f\u00fchrt ein neues einheitliches Verrechnungsmodell f\u00fcr die \u00f6ffentlichen Sicherheitskosten bei Sport- und Konzertveranstaltungen ein.","og_url":"https:\/\/www.musikzeitung.ch\/en\/politik\/2017\/08\/neues-verrechnungsmodell-fuer-konzertveranstalter\/","og_site_name":"Schweizer Musikzeitung","article_publisher":"https:\/\/www.facebook.com\/SchweizerMusikzeitung\/","article_published_time":"2017-08-29T23:00:00+00:00","og_image":[{"width":554,"height":369,"url":"https:\/\/www.musikzeitung.ch\/wp-content\/uploads\/2023\/01\/5769980863_4ce919513e_z.jpg","type":"image\/jpeg"}],"author":"Musikzeitung-Redaktion","twitter_card":"summary_large_image","twitter_creator":"@smusikzeitung","twitter_site":"@smusikzeitung","twitter_misc":{"Written by":"Musikzeitung-Redaktion","Est. reading time":"1 minute"},"schema":{"@context":"https:\/\/schema.org","@graph":[{"@type":"Article","@id":"https:\/\/www.musikzeitung.ch\/politik\/2017\/08\/neues-verrechnungsmodell-fuer-konzertveranstalter#article","isPartOf":{"@id":"https:\/\/www.musikzeitung.ch\/politik\/2017\/08\/neues-verrechnungsmodell-fuer-konzertveranstalter"},"author":{"name":"Musikzeitung-Redaktion","@id":"https:\/\/www.musikzeitung.ch\/#\/schema\/person\/b2fd892c800856270b9dcc6001265712"},"headline":"Neues Verrechnungsmodell f\u00fcr Konzertveranstalter","datePublished":"2017-08-29T23:00:00+00:00","mainEntityOfPage":{"@id":"https:\/\/www.musikzeitung.ch\/politik\/2017\/08\/neues-verrechnungsmodell-fuer-konzertveranstalter"},"wordCount":167,"commentCount":0,"publisher":{"@id":"https:\/\/www.musikzeitung.ch\/#organization"},"image":{"@id":"https:\/\/www.musikzeitung.ch\/politik\/2017\/08\/neues-verrechnungsmodell-fuer-konzertveranstalter#primaryimage"},"thumbnailUrl":"https:\/\/www.musikzeitung.ch\/wp-content\/uploads\/2023\/01\/5769980863_4ce919513e_z.jpg","articleSection":["Kantone und Gemeinden","Politik"],"inLanguage":"en-US"},{"@type":"WebPage","@id":"https:\/\/www.musikzeitung.ch\/politik\/2017\/08\/neues-verrechnungsmodell-fuer-konzertveranstalter","url":"https:\/\/www.musikzeitung.ch\/politik\/2017\/08\/neues-verrechnungsmodell-fuer-konzertveranstalter","name":"Neues Verrechnungsmodell f\u00fcr Konzertveranstalter - Schweizer Musikzeitung","isPartOf":{"@id":"https:\/\/www.musikzeitung.ch\/#website"},"primaryImageOfPage":{"@id":"https:\/\/www.musikzeitung.ch\/politik\/2017\/08\/neues-verrechnungsmodell-fuer-konzertveranstalter#primaryimage"},"image":{"@id":"https:\/\/www.musikzeitung.ch\/politik\/2017\/08\/neues-verrechnungsmodell-fuer-konzertveranstalter#primaryimage"},"thumbnailUrl":"https:\/\/www.musikzeitung.ch\/wp-content\/uploads\/2023\/01\/5769980863_4ce919513e_z.jpg","datePublished":"2017-08-29T23:00:00+00:00","breadcrumb":{"@id":"https:\/\/www.musikzeitung.ch\/politik\/2017\/08\/neues-verrechnungsmodell-fuer-konzertveranstalter#breadcrumb"},"inLanguage":"en-US","potentialAction":[{"@type":"ReadAction","target":["https:\/\/www.musikzeitung.ch\/politik\/2017\/08\/neues-verrechnungsmodell-fuer-konzertveranstalter"]}]},{"@type":"ImageObject","inLanguage":"en-US","@id":"https:\/\/www.musikzeitung.ch\/politik\/2017\/08\/neues-verrechnungsmodell-fuer-konzertveranstalter#primaryimage","url":"https:\/\/www.musikzeitung.ch\/wp-content\/uploads\/2023\/01\/5769980863_4ce919513e_z.jpg","contentUrl":"https:\/\/www.musikzeitung.ch\/wp-content\/uploads\/2023\/01\/5769980863_4ce919513e_z.jpg","width":554,"height":369},{"@type":"BreadcrumbList","@id":"https:\/\/www.musikzeitung.ch\/politik\/2017\/08\/neues-verrechnungsmodell-fuer-konzertveranstalter#breadcrumb","itemListElement":[{"@type":"ListItem","position":1,"name":"Home","item":"https:\/\/www.musikzeitung.ch\/"},{"@type":"ListItem","position":2,"name":"Neues Verrechnungsmodell f\u00fcr Konzertveranstalter"}]},{"@type":"WebSite","@id":"https:\/\/www.musikzeitung.ch\/#website","url":"https:\/\/www.musikzeitung.ch\/","name":"Swiss Music Newspaper","description":"The leading interdisciplinary monthly newspaper in Switzerland for musical issues.","publisher":{"@id":"https:\/\/www.musikzeitung.ch\/#organization"},"potentialAction":[{"@type":"SearchAction","target":{"@type":"EntryPoint","urlTemplate":"https:\/\/www.musikzeitung.ch\/?s={search_term_string}"},"query-input":{"@type":"PropertyValueSpecification","valueRequired":true,"valueName":"search_term_string"}}],"inLanguage":"en-US"},{"@type":"Organization","@id":"https:\/\/www.musikzeitung.ch\/#organization","name":"Swiss Music Newspaper","url":"https:\/\/www.musikzeitung.ch\/","logo":{"@type":"ImageObject","inLanguage":"en-US","@id":"https:\/\/www.musikzeitung.ch\/#\/schema\/logo\/image\/","url":"https:\/\/www.musikzeitung.ch\/wp-content\/uploads\/2023\/01\/SMZ_Schriftzug_Sprache.png","contentUrl":"https:\/\/www.musikzeitung.ch\/wp-content\/uploads\/2023\/01\/SMZ_Schriftzug_Sprache.png","width":1400,"height":279,"caption":"Schweizer Musikzeitung"},"image":{"@id":"https:\/\/www.musikzeitung.ch\/#\/schema\/logo\/image\/"},"sameAs":["https:\/\/www.facebook.com\/SchweizerMusikzeitung\/","https:\/\/x.com\/smusikzeitung","https:\/\/www.instagram.com\/musikzeitung.ch\/"]},{"@type":"Person","@id":"https:\/\/www.musikzeitung.ch\/#\/schema\/person\/b2fd892c800856270b9dcc6001265712","name":"Music newspaper editorial office","image":{"@type":"ImageObject","inLanguage":"en-US","@id":"https:\/\/www.musikzeitung.ch\/wp-content\/uploads\/2022\/05\/usericon_musikzeitung-96x96.jpg","url":"https:\/\/www.musikzeitung.ch\/wp-content\/uploads\/2022\/05\/usericon_musikzeitung-96x96.jpg","contentUrl":"https:\/\/www.musikzeitung.ch\/wp-content\/uploads\/2022\/05\/usericon_musikzeitung-96x96.jpg","caption":"Musikzeitung-Redaktion"},"url":"https:\/\/www.musikzeitung.ch\/en\/author\/admin"}]}},"publishpress_future_workflow_manual_trigger":{"enabledWorkflows":[]},"_links":{"self":[{"href":"https:\/\/www.musikzeitung.ch\/en\/wp-json\/wp\/v2\/posts\/5108","targetHints":{"allow":["GET"]}}],"collection":[{"href":"https:\/\/www.musikzeitung.ch\/en\/wp-json\/wp\/v2\/posts"}],"about":[{"href":"https:\/\/www.musikzeitung.ch\/en\/wp-json\/wp\/v2\/types\/post"}],"author":[{"embeddable":true,"href":"https:\/\/www.musikzeitung.ch\/en\/wp-json\/wp\/v2\/users\/1"}],"replies":[{"embeddable":true,"href":"https:\/\/www.musikzeitung.ch\/en\/wp-json\/wp\/v2\/comments?post=5108"}],"version-history":[{"count":0,"href":"https:\/\/www.musikzeitung.ch\/en\/wp-json\/wp\/v2\/posts\/5108\/revisions"}],"wp:featuredmedia":[{"embeddable":true,"href":"https:\/\/www.musikzeitung.ch\/en\/wp-json\/wp\/v2\/media\/5109"}],"wp:attachment":[{"href":"https:\/\/www.musikzeitung.ch\/en\/wp-json\/wp\/v2\/media?parent=5108"}],"wp:term":[{"taxonomy":"category","embeddable":true,"href":"https:\/\/www.musikzeitung.ch\/en\/wp-json\/wp\/v2\/categories?post=5108"},{"taxonomy":"post_tag","embeddable":true,"href":"https:\/\/www.musikzeitung.ch\/en\/wp-json\/wp\/v2\/tags?post=5108"}],"curies":[{"name":"wp","href":"https:\/\/api.w.org\/{rel}","templated":true}]}}