{"id":51305,"date":"2024-01-25T13:23:21","date_gmt":"2024-01-25T12:23:21","guid":{"rendered":"https:\/\/www.musikzeitung.ch\/?p=51305"},"modified":"2024-02-28T14:28:48","modified_gmt":"2024-02-28T13:28:48","slug":"jun-maerkl-wird-chef-des-indianapolis-symphony-orchestra","status":"publish","type":"post","link":"https:\/\/www.musikzeitung.ch\/en\/news\/2024\/01\/jun-maerkl-wird-chef-des-indianapolis-symphony-orchestra","title":{"rendered":"Jun M\u00e4rkl becomes head of the Indianapolis Symphony Orchestra"},"content":{"rendered":"<figure id=\"attachment_51306\" aria-describedby=\"caption-attachment-51306\" style=\"width: 587px\" class=\"wp-caption aligncenter\"><img loading=\"lazy\" decoding=\"async\" class=\"wp-image-51306\" src=\"https:\/\/www.musikzeitung.ch\/wp-content\/uploads\/2024\/01\/240125maerkl.jpg\" alt=\"\" width=\"587\" height=\"437\" srcset=\"https:\/\/www.musikzeitung.ch\/wp-content\/uploads\/2024\/01\/240125maerkl.jpg 992w, https:\/\/www.musikzeitung.ch\/wp-content\/uploads\/2024\/01\/240125maerkl-300x223.jpg 300w, https:\/\/www.musikzeitung.ch\/wp-content\/uploads\/2024\/01\/240125maerkl-768x572.jpg 768w, https:\/\/www.musikzeitung.ch\/wp-content\/uploads\/2024\/01\/240125maerkl-235x175.jpg 235w, https:\/\/www.musikzeitung.ch\/wp-content\/uploads\/2024\/01\/240125maerkl-470x350.jpg 470w, https:\/\/www.musikzeitung.ch\/wp-content\/uploads\/2024\/01\/240125maerkl-920x685.jpg 920w\" sizes=\"auto, (max-width: 587px) 100vw, 587px\" \/><figcaption id=\"caption-attachment-51306\" class=\"wp-caption-text\">Jun M\u00e4rkl (Image: junmarkl.com)<\/figcaption><\/figure>\n<p>Jun M\u00e4rkl has been Music Director of the Malaysia Philharmonic Orchestra since 2021 and has held the same position with the National Symphony Orchestra of Taiwan since 2022. He was Artistic Advisor to the Indianapolis Symphony Orchestra and Principal Guest Conductor of the Residentie Orkest in The Hague and the Oregon Symphony Orchestra. M\u00e4rkl took over the position in Indianapolis after Krzysztof Urbanski became Music Director there. Urbanski, in turn, will become chief conductor of the Bern Symphony Orchestra from the 24\/25 season.<\/p>\n<p>The Indianapolis Symphony Orchestra was founded in 1930 by Ferdinand Schaefer. From 2002 to 2009, Urbanski's predecessor in Bern, Mario Venzago, conducted the orchestra.<\/p>","protected":false},"excerpt":{"rendered":"<p>The German conductor Jun M\u00e4rkl, who was Kapellmeister in Bern and Lucerne in the 1980s, will take over as Music Director of the Indianapolis Symphony Orchestra for the 2024-25 season. <\/p>","protected":false},"author":30,"featured_media":51306,"comment_status":"closed","ping_status":"closed","sticky":false,"template":"","format":"standard","meta":{"_acf_changed":false,"_relevanssi_hide_post":"","_relevanssi_hide_content":"","_relevanssi_pin_for_all":"","_relevanssi_pin_keywords":"","_relevanssi_unpin_keywords":"","_relevanssi_related_keywords":"","_relevanssi_related_include_ids":"","_relevanssi_related_exclude_ids":"","_relevanssi_related_no_append":"","_relevanssi_related_not_related":"","_relevanssi_related_posts":"","_relevanssi_noindex_reason":"","pgc_sgb_lightbox_settings":"","footnotes":""},"categories":[27,1624],"tags":[3620,3619],"class_list":["post-51305","post","type-post","status-publish","format-standard","has-post-thumbnail","hentry","category-news","category-personen","tag-indianapolis-symphony-orchestra","tag-jun-maerkl"],"acf":[],"yoast_head":"<!-- This site is optimized with the Yoast SEO plugin v27.4 - https:\/\/yoast.com\/product\/yoast-seo-wordpress\/ -->\n<title>Jun M\u00e4rkl wird Chef des Indianapolis Symphony Orchestra - Schweizer Musikzeitung<\/title>\n<meta name=\"description\" content=\"Der deutsche Dirigent, der in den 1980er-Jahren in Bern und Luzern als Kapellmeister wirkte, wird Musikdirektor beim Indianapolis Symphony Orchestra.\" \/>\n<meta name=\"robots\" content=\"index, follow, max-snippet:-1, max-image-preview:large, max-video-preview:-1\" \/>\n<link rel=\"canonical\" href=\"https:\/\/www.musikzeitung.ch\/en\/news\/2024\/01\/jun-maerkl-wird-chef-des-indianapolis-symphony-orchestra\/\" \/>\n<meta property=\"og:locale\" content=\"en_US\" \/>\n<meta property=\"og:type\" content=\"article\" \/>\n<meta property=\"og:title\" content=\"Jun M\u00e4rkl wird Chef des Indianapolis Symphony Orchestra - Schweizer Musikzeitung\" \/>\n<meta property=\"og:description\" content=\"Der deutsche Dirigent, der in den 1980er-Jahren in Bern und Luzern als Kapellmeister wirkte, wird Musikdirektor beim Indianapolis Symphony Orchestra.\" \/>\n<meta property=\"og:url\" content=\"https:\/\/www.musikzeitung.ch\/en\/news\/2024\/01\/jun-maerkl-wird-chef-des-indianapolis-symphony-orchestra\/\" \/>\n<meta property=\"og:site_name\" content=\"Schweizer Musikzeitung\" \/>\n<meta property=\"article:publisher\" content=\"https:\/\/www.facebook.com\/SchweizerMusikzeitung\/\" \/>\n<meta property=\"article:author\" content=\"https:\/\/www.facebook.com\/wolfgang.bohler.75\" \/>\n<meta property=\"article:published_time\" content=\"2024-01-25T12:23:21+00:00\" \/>\n<meta property=\"article:modified_time\" content=\"2024-02-28T13:28:48+00:00\" \/>\n<meta property=\"og:image\" content=\"https:\/\/www.musikzeitung.ch\/wp-content\/uploads\/2024\/01\/240125maerkl.jpg\" \/>\n\t<meta property=\"og:image:width\" content=\"992\" \/>\n\t<meta property=\"og:image:height\" content=\"739\" \/>\n\t<meta property=\"og:image:type\" content=\"image\/jpeg\" \/>\n<meta name=\"author\" content=\"Wolfgang B\u00f6hler\" \/>\n<meta name=\"twitter:card\" content=\"summary_large_image\" \/>\n<meta name=\"twitter:creator\" content=\"@smusikzeitung\" \/>\n<meta name=\"twitter:site\" content=\"@smusikzeitung\" \/>\n<meta name=\"twitter:label1\" content=\"Written by\" \/>\n\t<meta name=\"twitter:data1\" content=\"Wolfgang B\u00f6hler\" \/>\n\t<meta name=\"twitter:label2\" content=\"Est. reading time\" \/>\n\t<meta name=\"twitter:data2\" content=\"1 minute\" \/>\n<script type=\"application\/ld+json\" class=\"yoast-schema-graph\">{\"@context\":\"https:\\\/\\\/schema.org\",\"@graph\":[{\"@type\":\"Article\",\"@id\":\"https:\\\/\\\/www.musikzeitung.ch\\\/news\\\/2024\\\/01\\\/jun-maerkl-wird-chef-des-indianapolis-symphony-orchestra#article\",\"isPartOf\":{\"@id\":\"https:\\\/\\\/www.musikzeitung.ch\\\/news\\\/2024\\\/01\\\/jun-maerkl-wird-chef-des-indianapolis-symphony-orchestra\"},\"author\":{\"name\":\"Wolfgang B\u00f6hler\",\"@id\":\"https:\\\/\\\/www.musikzeitung.ch\\\/#\\\/schema\\\/person\\\/0da4fb82d243f1252850a35d0e87cf0c\"},\"headline\":\"Jun M\u00e4rkl wird Chef des Indianapolis Symphony Orchestra\",\"datePublished\":\"2024-01-25T12:23:21+00:00\",\"dateModified\":\"2024-02-28T13:28:48+00:00\",\"mainEntityOfPage\":{\"@id\":\"https:\\\/\\\/www.musikzeitung.ch\\\/news\\\/2024\\\/01\\\/jun-maerkl-wird-chef-des-indianapolis-symphony-orchestra\"},\"wordCount\":117,\"publisher\":{\"@id\":\"https:\\\/\\\/www.musikzeitung.ch\\\/#organization\"},\"image\":{\"@id\":\"https:\\\/\\\/www.musikzeitung.ch\\\/news\\\/2024\\\/01\\\/jun-maerkl-wird-chef-des-indianapolis-symphony-orchestra#primaryimage\"},\"thumbnailUrl\":\"https:\\\/\\\/www.musikzeitung.ch\\\/wp-content\\\/uploads\\\/2024\\\/01\\\/240125maerkl.jpg\",\"keywords\":[\"Indianapolis Symphony Orchestra\",\"Jun M\u00e4rkl\"],\"articleSection\":[\"News\",\"Personen\"],\"inLanguage\":\"en-US\"},{\"@type\":\"WebPage\",\"@id\":\"https:\\\/\\\/www.musikzeitung.ch\\\/news\\\/2024\\\/01\\\/jun-maerkl-wird-chef-des-indianapolis-symphony-orchestra\",\"url\":\"https:\\\/\\\/www.musikzeitung.ch\\\/news\\\/2024\\\/01\\\/jun-maerkl-wird-chef-des-indianapolis-symphony-orchestra\",\"name\":\"Jun M\u00e4rkl wird Chef des Indianapolis Symphony Orchestra - Schweizer Musikzeitung\",\"isPartOf\":{\"@id\":\"https:\\\/\\\/www.musikzeitung.ch\\\/#website\"},\"primaryImageOfPage\":{\"@id\":\"https:\\\/\\\/www.musikzeitung.ch\\\/news\\\/2024\\\/01\\\/jun-maerkl-wird-chef-des-indianapolis-symphony-orchestra#primaryimage\"},\"image\":{\"@id\":\"https:\\\/\\\/www.musikzeitung.ch\\\/news\\\/2024\\\/01\\\/jun-maerkl-wird-chef-des-indianapolis-symphony-orchestra#primaryimage\"},\"thumbnailUrl\":\"https:\\\/\\\/www.musikzeitung.ch\\\/wp-content\\\/uploads\\\/2024\\\/01\\\/240125maerkl.jpg\",\"datePublished\":\"2024-01-25T12:23:21+00:00\",\"dateModified\":\"2024-02-28T13:28:48+00:00\",\"description\":\"Der deutsche Dirigent, der in den 1980er-Jahren in Bern und Luzern als Kapellmeister wirkte, wird Musikdirektor beim Indianapolis Symphony Orchestra.\",\"breadcrumb\":{\"@id\":\"https:\\\/\\\/www.musikzeitung.ch\\\/news\\\/2024\\\/01\\\/jun-maerkl-wird-chef-des-indianapolis-symphony-orchestra#breadcrumb\"},\"inLanguage\":\"en-US\",\"potentialAction\":[{\"@type\":\"ReadAction\",\"target\":[\"https:\\\/\\\/www.musikzeitung.ch\\\/news\\\/2024\\\/01\\\/jun-maerkl-wird-chef-des-indianapolis-symphony-orchestra\"]}]},{\"@type\":\"ImageObject\",\"inLanguage\":\"en-US\",\"@id\":\"https:\\\/\\\/www.musikzeitung.ch\\\/news\\\/2024\\\/01\\\/jun-maerkl-wird-chef-des-indianapolis-symphony-orchestra#primaryimage\",\"url\":\"https:\\\/\\\/www.musikzeitung.ch\\\/wp-content\\\/uploads\\\/2024\\\/01\\\/240125maerkl.jpg\",\"contentUrl\":\"https:\\\/\\\/www.musikzeitung.ch\\\/wp-content\\\/uploads\\\/2024\\\/01\\\/240125maerkl.jpg\",\"width\":992,\"height\":739,\"caption\":\"Jun M\u00e4rkl (Bild: junmarkl.com)\"},{\"@type\":\"BreadcrumbList\",\"@id\":\"https:\\\/\\\/www.musikzeitung.ch\\\/news\\\/2024\\\/01\\\/jun-maerkl-wird-chef-des-indianapolis-symphony-orchestra#breadcrumb\",\"itemListElement\":[{\"@type\":\"ListItem\",\"position\":1,\"name\":\"Home\",\"item\":\"https:\\\/\\\/www.musikzeitung.ch\\\/\"},{\"@type\":\"ListItem\",\"position\":2,\"name\":\"Jun M\u00e4rkl wird Chef des Indianapolis Symphony Orchestra\"}]},{\"@type\":\"WebSite\",\"@id\":\"https:\\\/\\\/www.musikzeitung.ch\\\/#website\",\"url\":\"https:\\\/\\\/www.musikzeitung.ch\\\/\",\"name\":\"Schweizer Musikzeitung\",\"description\":\"Die f\u00fchrende sparten\u00fcbergreifende Monatszeitung in der Schweiz f\u00fcr musikalische Fragen.\",\"publisher\":{\"@id\":\"https:\\\/\\\/www.musikzeitung.ch\\\/#organization\"},\"potentialAction\":[{\"@type\":\"SearchAction\",\"target\":{\"@type\":\"EntryPoint\",\"urlTemplate\":\"https:\\\/\\\/www.musikzeitung.ch\\\/?s={search_term_string}\"},\"query-input\":{\"@type\":\"PropertyValueSpecification\",\"valueRequired\":true,\"valueName\":\"search_term_string\"}}],\"inLanguage\":\"en-US\"},{\"@type\":\"Organization\",\"@id\":\"https:\\\/\\\/www.musikzeitung.ch\\\/#organization\",\"name\":\"Schweizer Musikzeitung\",\"url\":\"https:\\\/\\\/www.musikzeitung.ch\\\/\",\"logo\":{\"@type\":\"ImageObject\",\"inLanguage\":\"en-US\",\"@id\":\"https:\\\/\\\/www.musikzeitung.ch\\\/#\\\/schema\\\/logo\\\/image\\\/\",\"url\":\"https:\\\/\\\/www.musikzeitung.ch\\\/wp-content\\\/uploads\\\/2023\\\/01\\\/SMZ_Schriftzug_Sprache.png\",\"contentUrl\":\"https:\\\/\\\/www.musikzeitung.ch\\\/wp-content\\\/uploads\\\/2023\\\/01\\\/SMZ_Schriftzug_Sprache.png\",\"width\":1400,\"height\":279,\"caption\":\"Schweizer Musikzeitung\"},\"image\":{\"@id\":\"https:\\\/\\\/www.musikzeitung.ch\\\/#\\\/schema\\\/logo\\\/image\\\/\"},\"sameAs\":[\"https:\\\/\\\/www.facebook.com\\\/SchweizerMusikzeitung\\\/\",\"https:\\\/\\\/x.com\\\/smusikzeitung\",\"https:\\\/\\\/www.instagram.com\\\/musikzeitung.ch\\\/\"]},{\"@type\":\"Person\",\"@id\":\"https:\\\/\\\/www.musikzeitung.ch\\\/#\\\/schema\\\/person\\\/0da4fb82d243f1252850a35d0e87cf0c\",\"name\":\"Wolfgang B\u00f6hler\",\"image\":{\"@type\":\"ImageObject\",\"inLanguage\":\"en-US\",\"@id\":\"https:\\\/\\\/www.musikzeitung.ch\\\/wp-content\\\/uploads\\\/2023\\\/01\\\/boehler_portraet_web-e1674139782246-96x96.jpg\",\"url\":\"https:\\\/\\\/www.musikzeitung.ch\\\/wp-content\\\/uploads\\\/2023\\\/01\\\/boehler_portraet_web-e1674139782246-96x96.jpg\",\"contentUrl\":\"https:\\\/\\\/www.musikzeitung.ch\\\/wp-content\\\/uploads\\\/2023\\\/01\\\/boehler_portraet_web-e1674139782246-96x96.jpg\",\"caption\":\"Wolfgang B\u00f6hler\"},\"sameAs\":[\"http:\\\/\\\/www.manacanto.ch\",\"https:\\\/\\\/www.facebook.com\\\/wolfgang.bohler.75\"],\"url\":\"https:\\\/\\\/www.musikzeitung.ch\\\/en\\\/author\\\/wolfgang-boehler\"}]}<\/script>\n<!-- \/ Yoast SEO plugin. -->","yoast_head_json":{"title":"Jun M\u00e4rkl becomes head of the Indianapolis Symphony Orchestra - Schweizer Musikzeitung","description":"The German conductor, who was Kapellmeister in Bern and Lucerne in the 1980s, becomes Music Director of the Indianapolis Symphony Orchestra.","robots":{"index":"index","follow":"follow","max-snippet":"max-snippet:-1","max-image-preview":"max-image-preview:large","max-video-preview":"max-video-preview:-1"},"canonical":"https:\/\/www.musikzeitung.ch\/en\/news\/2024\/01\/jun-maerkl-wird-chef-des-indianapolis-symphony-orchestra\/","og_locale":"en_US","og_type":"article","og_title":"Jun M\u00e4rkl wird Chef des Indianapolis Symphony Orchestra - Schweizer Musikzeitung","og_description":"Der deutsche Dirigent, der in den 1980er-Jahren in Bern und Luzern als Kapellmeister wirkte, wird Musikdirektor beim Indianapolis Symphony Orchestra.","og_url":"https:\/\/www.musikzeitung.ch\/en\/news\/2024\/01\/jun-maerkl-wird-chef-des-indianapolis-symphony-orchestra\/","og_site_name":"Schweizer Musikzeitung","article_publisher":"https:\/\/www.facebook.com\/SchweizerMusikzeitung\/","article_author":"https:\/\/www.facebook.com\/wolfgang.bohler.75","article_published_time":"2024-01-25T12:23:21+00:00","article_modified_time":"2024-02-28T13:28:48+00:00","og_image":[{"width":992,"height":739,"url":"https:\/\/www.musikzeitung.ch\/wp-content\/uploads\/2024\/01\/240125maerkl.jpg","type":"image\/jpeg"}],"author":"Wolfgang B\u00f6hler","twitter_card":"summary_large_image","twitter_creator":"@smusikzeitung","twitter_site":"@smusikzeitung","twitter_misc":{"Written by":"Wolfgang B\u00f6hler","Est. reading time":"1 minute"},"schema":{"@context":"https:\/\/schema.org","@graph":[{"@type":"Article","@id":"https:\/\/www.musikzeitung.ch\/news\/2024\/01\/jun-maerkl-wird-chef-des-indianapolis-symphony-orchestra#article","isPartOf":{"@id":"https:\/\/www.musikzeitung.ch\/news\/2024\/01\/jun-maerkl-wird-chef-des-indianapolis-symphony-orchestra"},"author":{"name":"Wolfgang B\u00f6hler","@id":"https:\/\/www.musikzeitung.ch\/#\/schema\/person\/0da4fb82d243f1252850a35d0e87cf0c"},"headline":"Jun M\u00e4rkl wird Chef des Indianapolis Symphony Orchestra","datePublished":"2024-01-25T12:23:21+00:00","dateModified":"2024-02-28T13:28:48+00:00","mainEntityOfPage":{"@id":"https:\/\/www.musikzeitung.ch\/news\/2024\/01\/jun-maerkl-wird-chef-des-indianapolis-symphony-orchestra"},"wordCount":117,"publisher":{"@id":"https:\/\/www.musikzeitung.ch\/#organization"},"image":{"@id":"https:\/\/www.musikzeitung.ch\/news\/2024\/01\/jun-maerkl-wird-chef-des-indianapolis-symphony-orchestra#primaryimage"},"thumbnailUrl":"https:\/\/www.musikzeitung.ch\/wp-content\/uploads\/2024\/01\/240125maerkl.jpg","keywords":["Indianapolis Symphony Orchestra","Jun M\u00e4rkl"],"articleSection":["News","Personen"],"inLanguage":"en-US"},{"@type":"WebPage","@id":"https:\/\/www.musikzeitung.ch\/news\/2024\/01\/jun-maerkl-wird-chef-des-indianapolis-symphony-orchestra","url":"https:\/\/www.musikzeitung.ch\/news\/2024\/01\/jun-maerkl-wird-chef-des-indianapolis-symphony-orchestra","name":"Jun M\u00e4rkl becomes head of the Indianapolis Symphony Orchestra - Schweizer Musikzeitung","isPartOf":{"@id":"https:\/\/www.musikzeitung.ch\/#website"},"primaryImageOfPage":{"@id":"https:\/\/www.musikzeitung.ch\/news\/2024\/01\/jun-maerkl-wird-chef-des-indianapolis-symphony-orchestra#primaryimage"},"image":{"@id":"https:\/\/www.musikzeitung.ch\/news\/2024\/01\/jun-maerkl-wird-chef-des-indianapolis-symphony-orchestra#primaryimage"},"thumbnailUrl":"https:\/\/www.musikzeitung.ch\/wp-content\/uploads\/2024\/01\/240125maerkl.jpg","datePublished":"2024-01-25T12:23:21+00:00","dateModified":"2024-02-28T13:28:48+00:00","description":"The German conductor, who was Kapellmeister in Bern and Lucerne in the 1980s, becomes Music Director of the Indianapolis Symphony Orchestra.","breadcrumb":{"@id":"https:\/\/www.musikzeitung.ch\/news\/2024\/01\/jun-maerkl-wird-chef-des-indianapolis-symphony-orchestra#breadcrumb"},"inLanguage":"en-US","potentialAction":[{"@type":"ReadAction","target":["https:\/\/www.musikzeitung.ch\/news\/2024\/01\/jun-maerkl-wird-chef-des-indianapolis-symphony-orchestra"]}]},{"@type":"ImageObject","inLanguage":"en-US","@id":"https:\/\/www.musikzeitung.ch\/news\/2024\/01\/jun-maerkl-wird-chef-des-indianapolis-symphony-orchestra#primaryimage","url":"https:\/\/www.musikzeitung.ch\/wp-content\/uploads\/2024\/01\/240125maerkl.jpg","contentUrl":"https:\/\/www.musikzeitung.ch\/wp-content\/uploads\/2024\/01\/240125maerkl.jpg","width":992,"height":739,"caption":"Jun M\u00e4rkl (Bild: junmarkl.com)"},{"@type":"BreadcrumbList","@id":"https:\/\/www.musikzeitung.ch\/news\/2024\/01\/jun-maerkl-wird-chef-des-indianapolis-symphony-orchestra#breadcrumb","itemListElement":[{"@type":"ListItem","position":1,"name":"Home","item":"https:\/\/www.musikzeitung.ch\/"},{"@type":"ListItem","position":2,"name":"Jun M\u00e4rkl wird Chef des Indianapolis Symphony Orchestra"}]},{"@type":"WebSite","@id":"https:\/\/www.musikzeitung.ch\/#website","url":"https:\/\/www.musikzeitung.ch\/","name":"Swiss Music Newspaper","description":"The leading interdisciplinary monthly newspaper in Switzerland for musical issues.","publisher":{"@id":"https:\/\/www.musikzeitung.ch\/#organization"},"potentialAction":[{"@type":"SearchAction","target":{"@type":"EntryPoint","urlTemplate":"https:\/\/www.musikzeitung.ch\/?s={search_term_string}"},"query-input":{"@type":"PropertyValueSpecification","valueRequired":true,"valueName":"search_term_string"}}],"inLanguage":"en-US"},{"@type":"Organization","@id":"https:\/\/www.musikzeitung.ch\/#organization","name":"Swiss Music Newspaper","url":"https:\/\/www.musikzeitung.ch\/","logo":{"@type":"ImageObject","inLanguage":"en-US","@id":"https:\/\/www.musikzeitung.ch\/#\/schema\/logo\/image\/","url":"https:\/\/www.musikzeitung.ch\/wp-content\/uploads\/2023\/01\/SMZ_Schriftzug_Sprache.png","contentUrl":"https:\/\/www.musikzeitung.ch\/wp-content\/uploads\/2023\/01\/SMZ_Schriftzug_Sprache.png","width":1400,"height":279,"caption":"Schweizer Musikzeitung"},"image":{"@id":"https:\/\/www.musikzeitung.ch\/#\/schema\/logo\/image\/"},"sameAs":["https:\/\/www.facebook.com\/SchweizerMusikzeitung\/","https:\/\/x.com\/smusikzeitung","https:\/\/www.instagram.com\/musikzeitung.ch\/"]},{"@type":"Person","@id":"https:\/\/www.musikzeitung.ch\/#\/schema\/person\/0da4fb82d243f1252850a35d0e87cf0c","name":"Wolfgang B\u00f6hler","image":{"@type":"ImageObject","inLanguage":"en-US","@id":"https:\/\/www.musikzeitung.ch\/wp-content\/uploads\/2023\/01\/boehler_portraet_web-e1674139782246-96x96.jpg","url":"https:\/\/www.musikzeitung.ch\/wp-content\/uploads\/2023\/01\/boehler_portraet_web-e1674139782246-96x96.jpg","contentUrl":"https:\/\/www.musikzeitung.ch\/wp-content\/uploads\/2023\/01\/boehler_portraet_web-e1674139782246-96x96.jpg","caption":"Wolfgang B\u00f6hler"},"sameAs":["http:\/\/www.manacanto.ch","https:\/\/www.facebook.com\/wolfgang.bohler.75"],"url":"https:\/\/www.musikzeitung.ch\/en\/author\/wolfgang-boehler"}]}},"publishpress_future_workflow_manual_trigger":{"enabledWorkflows":[]},"_links":{"self":[{"href":"https:\/\/www.musikzeitung.ch\/en\/wp-json\/wp\/v2\/posts\/51305","targetHints":{"allow":["GET"]}}],"collection":[{"href":"https:\/\/www.musikzeitung.ch\/en\/wp-json\/wp\/v2\/posts"}],"about":[{"href":"https:\/\/www.musikzeitung.ch\/en\/wp-json\/wp\/v2\/types\/post"}],"author":[{"embeddable":true,"href":"https:\/\/www.musikzeitung.ch\/en\/wp-json\/wp\/v2\/users\/30"}],"replies":[{"embeddable":true,"href":"https:\/\/www.musikzeitung.ch\/en\/wp-json\/wp\/v2\/comments?post=51305"}],"version-history":[{"count":2,"href":"https:\/\/www.musikzeitung.ch\/en\/wp-json\/wp\/v2\/posts\/51305\/revisions"}],"predecessor-version":[{"id":51308,"href":"https:\/\/www.musikzeitung.ch\/en\/wp-json\/wp\/v2\/posts\/51305\/revisions\/51308"}],"wp:featuredmedia":[{"embeddable":true,"href":"https:\/\/www.musikzeitung.ch\/en\/wp-json\/wp\/v2\/media\/51306"}],"wp:attachment":[{"href":"https:\/\/www.musikzeitung.ch\/en\/wp-json\/wp\/v2\/media?parent=51305"}],"wp:term":[{"taxonomy":"category","embeddable":true,"href":"https:\/\/www.musikzeitung.ch\/en\/wp-json\/wp\/v2\/categories?post=51305"},{"taxonomy":"post_tag","embeddable":true,"href":"https:\/\/www.musikzeitung.ch\/en\/wp-json\/wp\/v2\/tags?post=51305"}],"curies":[{"name":"wp","href":"https:\/\/api.w.org\/{rel}","templated":true}]}}