{"id":52108,"date":"2024-02-15T07:50:45","date_gmt":"2024-02-15T06:50:45","guid":{"rendered":"https:\/\/www.musikzeitung.ch\/?p=52108"},"modified":"2024-02-15T09:34:33","modified_gmt":"2024-02-15T08:34:33","slug":"luzerner-stadtrat-kuerzt-subventionserhoehungen-fuer-suedpol-und-neubad","status":"publish","type":"post","link":"https:\/\/www.musikzeitung.ch\/en\/news\/2024\/02\/luzerner-stadtrat-kuerzt-subventionserhoehungen-fuer-suedpol-und-neubad","title":{"rendered":"Lucerne City Council cuts subsidy increases for S\u00fcdpol and Neubad"},"content":{"rendered":"<figure id=\"attachment_52109\" aria-describedby=\"caption-attachment-52109\" style=\"width: 675px\" class=\"wp-caption aligncenter\"><img loading=\"lazy\" decoding=\"async\" class=\"wp-image-52109\" src=\"https:\/\/www.musikzeitung.ch\/wp-content\/uploads\/2024\/02\/240215neubad.jpg\" alt=\"\" width=\"675\" height=\"498\" srcset=\"https:\/\/www.musikzeitung.ch\/wp-content\/uploads\/2024\/02\/240215neubad.jpg 990w, https:\/\/www.musikzeitung.ch\/wp-content\/uploads\/2024\/02\/240215neubad-300x221.jpg 300w, https:\/\/www.musikzeitung.ch\/wp-content\/uploads\/2024\/02\/240215neubad-768x566.jpg 768w, https:\/\/www.musikzeitung.ch\/wp-content\/uploads\/2024\/02\/240215neubad-237x175.jpg 237w, https:\/\/www.musikzeitung.ch\/wp-content\/uploads\/2024\/02\/240215neubad-475x350.jpg 475w, https:\/\/www.musikzeitung.ch\/wp-content\/uploads\/2024\/02\/240215neubad-920x678.jpg 920w\" sizes=\"auto, (max-width: 675px) 100vw, 675px\" \/><figcaption id=\"caption-attachment-52109\" class=\"wp-caption-text\">Neubad Lucerne (Image: Wikimedia Commons\/Lantina)<\/figcaption><\/figure>\n<p>At the end of 2023, the city council increased subsidies to the S\u00fcdpol association, the Kleintheater Luzern foundation and the Neubad Luzern network association. This was contrary to the city council's proposals and despite the indications that this would partly support services \"that do not meet the criteria of cultural promotion\", as the city writes in its press release.<\/p>\n<p>The City Council has now looked again at the increases in subsidies to cultural venues granted by Parliament and has spoken out in favor of a partial increase in the subsidy contribution to the S\u00fcdpol Luzern association and the Neubad network association. However, it excludes funding efforts that are not clearly related to the promotion of culture.<\/p>\n<p>It reduces the contributions for the S\u00fcdpol association by CHF 25,000 (requested cost-of-living adjustment, which all other institutions do not receive) and for the Neubad by CHF 25,000 (awareness project is the responsibility of the event venues). The Kleintheater Foundation will receive the full increase.<\/p>\n<p>On this basis, the S\u00fcdpol association will receive CHF 1,265,800 (instead of the special credit of CHF 1,290,800 approved by the Grand City Council) and the Neubad network association will receive CHF 325,000 (instead of the special credit of CHF 350,000 approved by the Grand City Council).<\/p>","protected":false},"excerpt":{"rendered":"<p>The Lucerne City Council has decided to only partially increase the subsidies to the S\u00fcdpol and Neubad associations against the will of parliament.<\/p>","protected":false},"author":30,"featured_media":52109,"comment_status":"closed","ping_status":"closed","sticky":false,"template":"","format":"standard","meta":{"_acf_changed":false,"_relevanssi_hide_post":"","_relevanssi_hide_content":"","_relevanssi_pin_for_all":"","_relevanssi_pin_keywords":"","_relevanssi_unpin_keywords":"","_relevanssi_related_keywords":"","_relevanssi_related_include_ids":"","_relevanssi_related_exclude_ids":"","_relevanssi_related_no_append":"","_relevanssi_related_not_related":"","_relevanssi_related_posts":"","_relevanssi_noindex_reason":"","pgc_sgb_lightbox_settings":"","footnotes":""},"categories":[27],"tags":[3664,3665],"class_list":["post-52108","post","type-post","status-publish","format-standard","has-post-thumbnail","hentry","category-news","tag-neubad-luzern","tag-verein-suedpol"],"acf":[],"yoast_head":"<!-- This site is optimized with the Yoast SEO plugin v27.5 - https:\/\/yoast.com\/product\/yoast-seo-wordpress\/ -->\n<title>Luzerner Stadtrat k\u00fcrzt Subventionserh\u00f6hungen f\u00fcr S\u00fcdpol und Neubad - Schweizer Musikzeitung<\/title>\n<meta name=\"description\" content=\"Der Luzerner Stadtrat hat beschlossen, die Subventionsbetr\u00e4ge an den Verein S\u00fcdpol und das Neubad gegen den Willen des Parlaments nur teilweise zu erh\u00f6hen.\" \/>\n<meta name=\"robots\" content=\"index, follow, max-snippet:-1, max-image-preview:large, max-video-preview:-1\" \/>\n<link rel=\"canonical\" href=\"https:\/\/www.musikzeitung.ch\/en\/news\/2024\/02\/luzerner-stadtrat-kuerzt-subventionserhoehungen-fuer-suedpol-und-neubad\/\" \/>\n<meta property=\"og:locale\" content=\"en_US\" \/>\n<meta property=\"og:type\" content=\"article\" \/>\n<meta property=\"og:title\" content=\"Luzerner Stadtrat k\u00fcrzt Subventionserh\u00f6hungen f\u00fcr S\u00fcdpol und Neubad - Schweizer Musikzeitung\" \/>\n<meta property=\"og:description\" content=\"Der Luzerner Stadtrat hat beschlossen, die Subventionsbetr\u00e4ge an den Verein S\u00fcdpol und das Neubad gegen den Willen des Parlaments nur teilweise zu erh\u00f6hen.\" \/>\n<meta property=\"og:url\" content=\"https:\/\/www.musikzeitung.ch\/en\/news\/2024\/02\/luzerner-stadtrat-kuerzt-subventionserhoehungen-fuer-suedpol-und-neubad\/\" \/>\n<meta property=\"og:site_name\" content=\"Schweizer Musikzeitung\" \/>\n<meta property=\"article:publisher\" content=\"https:\/\/www.facebook.com\/SchweizerMusikzeitung\/\" \/>\n<meta property=\"article:author\" content=\"https:\/\/www.facebook.com\/wolfgang.bohler.75\" \/>\n<meta property=\"article:published_time\" content=\"2024-02-15T06:50:45+00:00\" \/>\n<meta property=\"article:modified_time\" content=\"2024-02-15T08:34:33+00:00\" \/>\n<meta property=\"og:image\" content=\"https:\/\/www.musikzeitung.ch\/wp-content\/uploads\/2024\/02\/240215neubad.jpg\" \/>\n\t<meta property=\"og:image:width\" content=\"990\" \/>\n\t<meta property=\"og:image:height\" content=\"730\" \/>\n\t<meta property=\"og:image:type\" content=\"image\/jpeg\" \/>\n<meta name=\"author\" content=\"Wolfgang B\u00f6hler\" \/>\n<meta name=\"twitter:card\" content=\"summary_large_image\" \/>\n<meta name=\"twitter:creator\" content=\"@smusikzeitung\" \/>\n<meta name=\"twitter:site\" content=\"@smusikzeitung\" \/>\n<meta name=\"twitter:label1\" content=\"Written by\" \/>\n\t<meta name=\"twitter:data1\" content=\"Wolfgang B\u00f6hler\" \/>\n\t<meta name=\"twitter:label2\" content=\"Est. reading time\" \/>\n\t<meta name=\"twitter:data2\" content=\"2 minutes\" \/>\n<script type=\"application\/ld+json\" class=\"yoast-schema-graph\">{\"@context\":\"https:\\\/\\\/schema.org\",\"@graph\":[{\"@type\":\"Article\",\"@id\":\"https:\\\/\\\/www.musikzeitung.ch\\\/news\\\/2024\\\/02\\\/luzerner-stadtrat-kuerzt-subventionserhoehungen-fuer-suedpol-und-neubad#article\",\"isPartOf\":{\"@id\":\"https:\\\/\\\/www.musikzeitung.ch\\\/news\\\/2024\\\/02\\\/luzerner-stadtrat-kuerzt-subventionserhoehungen-fuer-suedpol-und-neubad\"},\"author\":{\"name\":\"Wolfgang B\u00f6hler\",\"@id\":\"https:\\\/\\\/www.musikzeitung.ch\\\/#\\\/schema\\\/person\\\/0da4fb82d243f1252850a35d0e87cf0c\"},\"headline\":\"Luzerner Stadtrat k\u00fcrzt Subventionserh\u00f6hungen f\u00fcr S\u00fcdpol und Neubad\",\"datePublished\":\"2024-02-15T06:50:45+00:00\",\"dateModified\":\"2024-02-15T08:34:33+00:00\",\"mainEntityOfPage\":{\"@id\":\"https:\\\/\\\/www.musikzeitung.ch\\\/news\\\/2024\\\/02\\\/luzerner-stadtrat-kuerzt-subventionserhoehungen-fuer-suedpol-und-neubad\"},\"wordCount\":220,\"publisher\":{\"@id\":\"https:\\\/\\\/www.musikzeitung.ch\\\/#organization\"},\"image\":{\"@id\":\"https:\\\/\\\/www.musikzeitung.ch\\\/news\\\/2024\\\/02\\\/luzerner-stadtrat-kuerzt-subventionserhoehungen-fuer-suedpol-und-neubad#primaryimage\"},\"thumbnailUrl\":\"https:\\\/\\\/www.musikzeitung.ch\\\/wp-content\\\/uploads\\\/2024\\\/02\\\/240215neubad.jpg\",\"keywords\":[\"Neubad Luzern\",\"Verein S\u00fcdpol\"],\"articleSection\":[\"News\"],\"inLanguage\":\"en-US\"},{\"@type\":\"WebPage\",\"@id\":\"https:\\\/\\\/www.musikzeitung.ch\\\/news\\\/2024\\\/02\\\/luzerner-stadtrat-kuerzt-subventionserhoehungen-fuer-suedpol-und-neubad\",\"url\":\"https:\\\/\\\/www.musikzeitung.ch\\\/news\\\/2024\\\/02\\\/luzerner-stadtrat-kuerzt-subventionserhoehungen-fuer-suedpol-und-neubad\",\"name\":\"Luzerner Stadtrat k\u00fcrzt Subventionserh\u00f6hungen f\u00fcr S\u00fcdpol und Neubad - Schweizer Musikzeitung\",\"isPartOf\":{\"@id\":\"https:\\\/\\\/www.musikzeitung.ch\\\/#website\"},\"primaryImageOfPage\":{\"@id\":\"https:\\\/\\\/www.musikzeitung.ch\\\/news\\\/2024\\\/02\\\/luzerner-stadtrat-kuerzt-subventionserhoehungen-fuer-suedpol-und-neubad#primaryimage\"},\"image\":{\"@id\":\"https:\\\/\\\/www.musikzeitung.ch\\\/news\\\/2024\\\/02\\\/luzerner-stadtrat-kuerzt-subventionserhoehungen-fuer-suedpol-und-neubad#primaryimage\"},\"thumbnailUrl\":\"https:\\\/\\\/www.musikzeitung.ch\\\/wp-content\\\/uploads\\\/2024\\\/02\\\/240215neubad.jpg\",\"datePublished\":\"2024-02-15T06:50:45+00:00\",\"dateModified\":\"2024-02-15T08:34:33+00:00\",\"description\":\"Der Luzerner Stadtrat hat beschlossen, die Subventionsbetr\u00e4ge an den Verein S\u00fcdpol und das Neubad gegen den Willen des Parlaments nur teilweise zu erh\u00f6hen.\",\"breadcrumb\":{\"@id\":\"https:\\\/\\\/www.musikzeitung.ch\\\/news\\\/2024\\\/02\\\/luzerner-stadtrat-kuerzt-subventionserhoehungen-fuer-suedpol-und-neubad#breadcrumb\"},\"inLanguage\":\"en-US\",\"potentialAction\":[{\"@type\":\"ReadAction\",\"target\":[\"https:\\\/\\\/www.musikzeitung.ch\\\/news\\\/2024\\\/02\\\/luzerner-stadtrat-kuerzt-subventionserhoehungen-fuer-suedpol-und-neubad\"]}]},{\"@type\":\"ImageObject\",\"inLanguage\":\"en-US\",\"@id\":\"https:\\\/\\\/www.musikzeitung.ch\\\/news\\\/2024\\\/02\\\/luzerner-stadtrat-kuerzt-subventionserhoehungen-fuer-suedpol-und-neubad#primaryimage\",\"url\":\"https:\\\/\\\/www.musikzeitung.ch\\\/wp-content\\\/uploads\\\/2024\\\/02\\\/240215neubad.jpg\",\"contentUrl\":\"https:\\\/\\\/www.musikzeitung.ch\\\/wp-content\\\/uploads\\\/2024\\\/02\\\/240215neubad.jpg\",\"width\":990,\"height\":730,\"caption\":\"Neubad Luzern (Bild: Wikimedia Commons\\\/Lantina)\"},{\"@type\":\"BreadcrumbList\",\"@id\":\"https:\\\/\\\/www.musikzeitung.ch\\\/news\\\/2024\\\/02\\\/luzerner-stadtrat-kuerzt-subventionserhoehungen-fuer-suedpol-und-neubad#breadcrumb\",\"itemListElement\":[{\"@type\":\"ListItem\",\"position\":1,\"name\":\"Home\",\"item\":\"https:\\\/\\\/www.musikzeitung.ch\\\/\"},{\"@type\":\"ListItem\",\"position\":2,\"name\":\"Luzerner Stadtrat k\u00fcrzt Subventionserh\u00f6hungen f\u00fcr S\u00fcdpol und Neubad\"}]},{\"@type\":\"WebSite\",\"@id\":\"https:\\\/\\\/www.musikzeitung.ch\\\/#website\",\"url\":\"https:\\\/\\\/www.musikzeitung.ch\\\/\",\"name\":\"Schweizer Musikzeitung\",\"description\":\"Die f\u00fchrende sparten\u00fcbergreifende Monatszeitung in der Schweiz f\u00fcr musikalische Fragen.\",\"publisher\":{\"@id\":\"https:\\\/\\\/www.musikzeitung.ch\\\/#organization\"},\"potentialAction\":[{\"@type\":\"SearchAction\",\"target\":{\"@type\":\"EntryPoint\",\"urlTemplate\":\"https:\\\/\\\/www.musikzeitung.ch\\\/?s={search_term_string}\"},\"query-input\":{\"@type\":\"PropertyValueSpecification\",\"valueRequired\":true,\"valueName\":\"search_term_string\"}}],\"inLanguage\":\"en-US\"},{\"@type\":\"Organization\",\"@id\":\"https:\\\/\\\/www.musikzeitung.ch\\\/#organization\",\"name\":\"Schweizer Musikzeitung\",\"url\":\"https:\\\/\\\/www.musikzeitung.ch\\\/\",\"logo\":{\"@type\":\"ImageObject\",\"inLanguage\":\"en-US\",\"@id\":\"https:\\\/\\\/www.musikzeitung.ch\\\/#\\\/schema\\\/logo\\\/image\\\/\",\"url\":\"https:\\\/\\\/www.musikzeitung.ch\\\/wp-content\\\/uploads\\\/2023\\\/01\\\/SMZ_Schriftzug_Sprache.png\",\"contentUrl\":\"https:\\\/\\\/www.musikzeitung.ch\\\/wp-content\\\/uploads\\\/2023\\\/01\\\/SMZ_Schriftzug_Sprache.png\",\"width\":1400,\"height\":279,\"caption\":\"Schweizer Musikzeitung\"},\"image\":{\"@id\":\"https:\\\/\\\/www.musikzeitung.ch\\\/#\\\/schema\\\/logo\\\/image\\\/\"},\"sameAs\":[\"https:\\\/\\\/www.facebook.com\\\/SchweizerMusikzeitung\\\/\",\"https:\\\/\\\/x.com\\\/smusikzeitung\",\"https:\\\/\\\/www.instagram.com\\\/musikzeitung.ch\\\/\"]},{\"@type\":\"Person\",\"@id\":\"https:\\\/\\\/www.musikzeitung.ch\\\/#\\\/schema\\\/person\\\/0da4fb82d243f1252850a35d0e87cf0c\",\"name\":\"Wolfgang B\u00f6hler\",\"image\":{\"@type\":\"ImageObject\",\"inLanguage\":\"en-US\",\"@id\":\"https:\\\/\\\/www.musikzeitung.ch\\\/wp-content\\\/uploads\\\/2023\\\/01\\\/boehler_portraet_web-e1674139782246-96x96.jpg\",\"url\":\"https:\\\/\\\/www.musikzeitung.ch\\\/wp-content\\\/uploads\\\/2023\\\/01\\\/boehler_portraet_web-e1674139782246-96x96.jpg\",\"contentUrl\":\"https:\\\/\\\/www.musikzeitung.ch\\\/wp-content\\\/uploads\\\/2023\\\/01\\\/boehler_portraet_web-e1674139782246-96x96.jpg\",\"caption\":\"Wolfgang B\u00f6hler\"},\"sameAs\":[\"http:\\\/\\\/www.manacanto.ch\",\"https:\\\/\\\/www.facebook.com\\\/wolfgang.bohler.75\"],\"url\":\"https:\\\/\\\/www.musikzeitung.ch\\\/en\\\/author\\\/wolfgang-boehler\"}]}<\/script>\n<!-- \/ Yoast SEO plugin. -->","yoast_head_json":{"title":"Luzerner Stadtrat k\u00fcrzt Subventionserh\u00f6hungen f\u00fcr S\u00fcdpol und Neubad - Schweizer Musikzeitung","description":"The Lucerne City Council has decided to only partially increase the subsidies to the S\u00fcdpol and Neubad associations against the will of parliament.","robots":{"index":"index","follow":"follow","max-snippet":"max-snippet:-1","max-image-preview":"max-image-preview:large","max-video-preview":"max-video-preview:-1"},"canonical":"https:\/\/www.musikzeitung.ch\/en\/news\/2024\/02\/luzerner-stadtrat-kuerzt-subventionserhoehungen-fuer-suedpol-und-neubad\/","og_locale":"en_US","og_type":"article","og_title":"Luzerner Stadtrat k\u00fcrzt Subventionserh\u00f6hungen f\u00fcr S\u00fcdpol und Neubad - Schweizer Musikzeitung","og_description":"Der Luzerner Stadtrat hat beschlossen, die Subventionsbetr\u00e4ge an den Verein S\u00fcdpol und das Neubad gegen den Willen des Parlaments nur teilweise zu erh\u00f6hen.","og_url":"https:\/\/www.musikzeitung.ch\/en\/news\/2024\/02\/luzerner-stadtrat-kuerzt-subventionserhoehungen-fuer-suedpol-und-neubad\/","og_site_name":"Schweizer Musikzeitung","article_publisher":"https:\/\/www.facebook.com\/SchweizerMusikzeitung\/","article_author":"https:\/\/www.facebook.com\/wolfgang.bohler.75","article_published_time":"2024-02-15T06:50:45+00:00","article_modified_time":"2024-02-15T08:34:33+00:00","og_image":[{"width":990,"height":730,"url":"https:\/\/www.musikzeitung.ch\/wp-content\/uploads\/2024\/02\/240215neubad.jpg","type":"image\/jpeg"}],"author":"Wolfgang B\u00f6hler","twitter_card":"summary_large_image","twitter_creator":"@smusikzeitung","twitter_site":"@smusikzeitung","twitter_misc":{"Written by":"Wolfgang B\u00f6hler","Est. reading time":"2 minutes"},"schema":{"@context":"https:\/\/schema.org","@graph":[{"@type":"Article","@id":"https:\/\/www.musikzeitung.ch\/news\/2024\/02\/luzerner-stadtrat-kuerzt-subventionserhoehungen-fuer-suedpol-und-neubad#article","isPartOf":{"@id":"https:\/\/www.musikzeitung.ch\/news\/2024\/02\/luzerner-stadtrat-kuerzt-subventionserhoehungen-fuer-suedpol-und-neubad"},"author":{"name":"Wolfgang B\u00f6hler","@id":"https:\/\/www.musikzeitung.ch\/#\/schema\/person\/0da4fb82d243f1252850a35d0e87cf0c"},"headline":"Luzerner Stadtrat k\u00fcrzt Subventionserh\u00f6hungen f\u00fcr S\u00fcdpol und Neubad","datePublished":"2024-02-15T06:50:45+00:00","dateModified":"2024-02-15T08:34:33+00:00","mainEntityOfPage":{"@id":"https:\/\/www.musikzeitung.ch\/news\/2024\/02\/luzerner-stadtrat-kuerzt-subventionserhoehungen-fuer-suedpol-und-neubad"},"wordCount":220,"publisher":{"@id":"https:\/\/www.musikzeitung.ch\/#organization"},"image":{"@id":"https:\/\/www.musikzeitung.ch\/news\/2024\/02\/luzerner-stadtrat-kuerzt-subventionserhoehungen-fuer-suedpol-und-neubad#primaryimage"},"thumbnailUrl":"https:\/\/www.musikzeitung.ch\/wp-content\/uploads\/2024\/02\/240215neubad.jpg","keywords":["Neubad Luzern","Verein S\u00fcdpol"],"articleSection":["News"],"inLanguage":"en-US"},{"@type":"WebPage","@id":"https:\/\/www.musikzeitung.ch\/news\/2024\/02\/luzerner-stadtrat-kuerzt-subventionserhoehungen-fuer-suedpol-und-neubad","url":"https:\/\/www.musikzeitung.ch\/news\/2024\/02\/luzerner-stadtrat-kuerzt-subventionserhoehungen-fuer-suedpol-und-neubad","name":"Luzerner Stadtrat k\u00fcrzt Subventionserh\u00f6hungen f\u00fcr S\u00fcdpol und Neubad - Schweizer Musikzeitung","isPartOf":{"@id":"https:\/\/www.musikzeitung.ch\/#website"},"primaryImageOfPage":{"@id":"https:\/\/www.musikzeitung.ch\/news\/2024\/02\/luzerner-stadtrat-kuerzt-subventionserhoehungen-fuer-suedpol-und-neubad#primaryimage"},"image":{"@id":"https:\/\/www.musikzeitung.ch\/news\/2024\/02\/luzerner-stadtrat-kuerzt-subventionserhoehungen-fuer-suedpol-und-neubad#primaryimage"},"thumbnailUrl":"https:\/\/www.musikzeitung.ch\/wp-content\/uploads\/2024\/02\/240215neubad.jpg","datePublished":"2024-02-15T06:50:45+00:00","dateModified":"2024-02-15T08:34:33+00:00","description":"The Lucerne City Council has decided to only partially increase the subsidies to the S\u00fcdpol and Neubad associations against the will of parliament.","breadcrumb":{"@id":"https:\/\/www.musikzeitung.ch\/news\/2024\/02\/luzerner-stadtrat-kuerzt-subventionserhoehungen-fuer-suedpol-und-neubad#breadcrumb"},"inLanguage":"en-US","potentialAction":[{"@type":"ReadAction","target":["https:\/\/www.musikzeitung.ch\/news\/2024\/02\/luzerner-stadtrat-kuerzt-subventionserhoehungen-fuer-suedpol-und-neubad"]}]},{"@type":"ImageObject","inLanguage":"en-US","@id":"https:\/\/www.musikzeitung.ch\/news\/2024\/02\/luzerner-stadtrat-kuerzt-subventionserhoehungen-fuer-suedpol-und-neubad#primaryimage","url":"https:\/\/www.musikzeitung.ch\/wp-content\/uploads\/2024\/02\/240215neubad.jpg","contentUrl":"https:\/\/www.musikzeitung.ch\/wp-content\/uploads\/2024\/02\/240215neubad.jpg","width":990,"height":730,"caption":"Neubad Luzern (Bild: Wikimedia Commons\/Lantina)"},{"@type":"BreadcrumbList","@id":"https:\/\/www.musikzeitung.ch\/news\/2024\/02\/luzerner-stadtrat-kuerzt-subventionserhoehungen-fuer-suedpol-und-neubad#breadcrumb","itemListElement":[{"@type":"ListItem","position":1,"name":"Home","item":"https:\/\/www.musikzeitung.ch\/"},{"@type":"ListItem","position":2,"name":"Luzerner Stadtrat k\u00fcrzt Subventionserh\u00f6hungen f\u00fcr S\u00fcdpol und Neubad"}]},{"@type":"WebSite","@id":"https:\/\/www.musikzeitung.ch\/#website","url":"https:\/\/www.musikzeitung.ch\/","name":"Swiss Music Newspaper","description":"The leading interdisciplinary monthly newspaper in Switzerland for musical issues.","publisher":{"@id":"https:\/\/www.musikzeitung.ch\/#organization"},"potentialAction":[{"@type":"SearchAction","target":{"@type":"EntryPoint","urlTemplate":"https:\/\/www.musikzeitung.ch\/?s={search_term_string}"},"query-input":{"@type":"PropertyValueSpecification","valueRequired":true,"valueName":"search_term_string"}}],"inLanguage":"en-US"},{"@type":"Organization","@id":"https:\/\/www.musikzeitung.ch\/#organization","name":"Swiss Music Newspaper","url":"https:\/\/www.musikzeitung.ch\/","logo":{"@type":"ImageObject","inLanguage":"en-US","@id":"https:\/\/www.musikzeitung.ch\/#\/schema\/logo\/image\/","url":"https:\/\/www.musikzeitung.ch\/wp-content\/uploads\/2023\/01\/SMZ_Schriftzug_Sprache.png","contentUrl":"https:\/\/www.musikzeitung.ch\/wp-content\/uploads\/2023\/01\/SMZ_Schriftzug_Sprache.png","width":1400,"height":279,"caption":"Schweizer Musikzeitung"},"image":{"@id":"https:\/\/www.musikzeitung.ch\/#\/schema\/logo\/image\/"},"sameAs":["https:\/\/www.facebook.com\/SchweizerMusikzeitung\/","https:\/\/x.com\/smusikzeitung","https:\/\/www.instagram.com\/musikzeitung.ch\/"]},{"@type":"Person","@id":"https:\/\/www.musikzeitung.ch\/#\/schema\/person\/0da4fb82d243f1252850a35d0e87cf0c","name":"Wolfgang B\u00f6hler","image":{"@type":"ImageObject","inLanguage":"en-US","@id":"https:\/\/www.musikzeitung.ch\/wp-content\/uploads\/2023\/01\/boehler_portraet_web-e1674139782246-96x96.jpg","url":"https:\/\/www.musikzeitung.ch\/wp-content\/uploads\/2023\/01\/boehler_portraet_web-e1674139782246-96x96.jpg","contentUrl":"https:\/\/www.musikzeitung.ch\/wp-content\/uploads\/2023\/01\/boehler_portraet_web-e1674139782246-96x96.jpg","caption":"Wolfgang B\u00f6hler"},"sameAs":["http:\/\/www.manacanto.ch","https:\/\/www.facebook.com\/wolfgang.bohler.75"],"url":"https:\/\/www.musikzeitung.ch\/en\/author\/wolfgang-boehler"}]}},"publishpress_future_workflow_manual_trigger":{"enabledWorkflows":[]},"_links":{"self":[{"href":"https:\/\/www.musikzeitung.ch\/en\/wp-json\/wp\/v2\/posts\/52108","targetHints":{"allow":["GET"]}}],"collection":[{"href":"https:\/\/www.musikzeitung.ch\/en\/wp-json\/wp\/v2\/posts"}],"about":[{"href":"https:\/\/www.musikzeitung.ch\/en\/wp-json\/wp\/v2\/types\/post"}],"author":[{"embeddable":true,"href":"https:\/\/www.musikzeitung.ch\/en\/wp-json\/wp\/v2\/users\/30"}],"replies":[{"embeddable":true,"href":"https:\/\/www.musikzeitung.ch\/en\/wp-json\/wp\/v2\/comments?post=52108"}],"version-history":[{"count":1,"href":"https:\/\/www.musikzeitung.ch\/en\/wp-json\/wp\/v2\/posts\/52108\/revisions"}],"predecessor-version":[{"id":52110,"href":"https:\/\/www.musikzeitung.ch\/en\/wp-json\/wp\/v2\/posts\/52108\/revisions\/52110"}],"wp:featuredmedia":[{"embeddable":true,"href":"https:\/\/www.musikzeitung.ch\/en\/wp-json\/wp\/v2\/media\/52109"}],"wp:attachment":[{"href":"https:\/\/www.musikzeitung.ch\/en\/wp-json\/wp\/v2\/media?parent=52108"}],"wp:term":[{"taxonomy":"category","embeddable":true,"href":"https:\/\/www.musikzeitung.ch\/en\/wp-json\/wp\/v2\/categories?post=52108"},{"taxonomy":"post_tag","embeddable":true,"href":"https:\/\/www.musikzeitung.ch\/en\/wp-json\/wp\/v2\/tags?post=52108"}],"curies":[{"name":"wp","href":"https:\/\/api.w.org\/{rel}","templated":true}]}}