{"id":52168,"date":"2024-02-16T07:32:30","date_gmt":"2024-02-16T06:32:30","guid":{"rendered":"https:\/\/www.musikzeitung.ch\/?p=52168"},"modified":"2024-02-28T14:23:58","modified_gmt":"2024-02-28T13:23:58","slug":"gillot-gewinnt-europaeischen-klavierwettbewerb-bremen","status":"publish","type":"post","link":"https:\/\/www.musikzeitung.ch\/en\/news\/2024\/02\/gillot-gewinnt-europaeischen-klavierwettbewerb-bremen","title":{"rendered":"Gillot wins European Piano Competition Bremen"},"content":{"rendered":"<figure id=\"attachment_52169\" aria-describedby=\"caption-attachment-52169\" style=\"width: 689px\" class=\"wp-caption aligncenter\"><img loading=\"lazy\" decoding=\"async\" class=\"wp-image-52169\" src=\"https:\/\/www.musikzeitung.ch\/wp-content\/uploads\/2024\/02\/240216bremen.jpg\" alt=\"\" width=\"689\" height=\"416\" srcset=\"https:\/\/www.musikzeitung.ch\/wp-content\/uploads\/2024\/02\/240216bremen.jpg 1143w, https:\/\/www.musikzeitung.ch\/wp-content\/uploads\/2024\/02\/240216bremen-300x181.jpg 300w, https:\/\/www.musikzeitung.ch\/wp-content\/uploads\/2024\/02\/240216bremen-1024x618.jpg 1024w, https:\/\/www.musikzeitung.ch\/wp-content\/uploads\/2024\/02\/240216bremen-768x464.jpg 768w, https:\/\/www.musikzeitung.ch\/wp-content\/uploads\/2024\/02\/240216bremen-290x175.jpg 290w, https:\/\/www.musikzeitung.ch\/wp-content\/uploads\/2024\/02\/240216bremen-580x350.jpg 580w, https:\/\/www.musikzeitung.ch\/wp-content\/uploads\/2024\/02\/240216bremen-920x555.jpg 920w\" sizes=\"auto, (max-width: 689px) 100vw, 689px\" \/><figcaption id=\"caption-attachment-52169\" class=\"wp-caption-text\">Th\u00e9otime Gillot (Photo: FHNW\/Karsten Klama)<\/figcaption><\/figure>\n<p><a href=\"https:\/\/www.theotimegillot.com\" target=\"_blank\" rel=\"noopener\">Th\u00e9otime Gillot<\/a> is studying for a Master's degree in Performance in the class of Claudio Mart\u00ednez Mehner. With his chamber music trio Zarathoustra, he recently won 2nd prize at the <a href=\"https:\/\/www.orpheus-competition.ch\/\" target=\"_blank\" rel=\"noopener\">Orpheus Swiss Chamber Music Competition<\/a>. In Bremen, he won first prize in the competition, the audience prize and the prize for the youngest person taking part in the semi-final.<\/p>\n<p>The <a href=\"https:\/\/www.ekw-bremen.de\" target=\"_blank\" rel=\"noopener\">European Piano Competition Bremen<\/a> (formerly the Bremen Piano Competition) has been giving young pianists the opportunity to showcase their skills to a broad, interested audience and present themselves to a qualified jury every two years since 1987. The competition program includes a commissioned composition for solo piano as a compulsory piece, which is premiered at the semi-final.<\/p>","protected":false},"excerpt":{"rendered":"<p>Th\u00e9otime Gillot, who studies at the Basel University of Music, won the European Piano Competition in Bremen and took home several prizes.<\/p>","protected":false},"author":30,"featured_media":52169,"comment_status":"closed","ping_status":"closed","sticky":false,"template":"","format":"standard","meta":{"_acf_changed":false,"_relevanssi_hide_post":"","_relevanssi_hide_content":"","_relevanssi_pin_for_all":"","_relevanssi_pin_keywords":"","_relevanssi_unpin_keywords":"","_relevanssi_related_keywords":"","_relevanssi_related_include_ids":"","_relevanssi_related_exclude_ids":"","_relevanssi_related_no_append":"","_relevanssi_related_not_related":"","_relevanssi_related_posts":"","_relevanssi_noindex_reason":"","pgc_sgb_lightbox_settings":"","footnotes":""},"categories":[27,1624],"tags":[3670,3669],"class_list":["post-52168","post","type-post","status-publish","format-standard","has-post-thumbnail","hentry","category-news","category-personen","tag-europaeischer-klavierwettbewerb-bremen","tag-theotime-gillot"],"acf":[],"yoast_head":"<!-- This site is optimized with the Yoast SEO plugin v27.5 - https:\/\/yoast.com\/product\/yoast-seo-wordpress\/ -->\n<title>Gillot gewinnt Europ\u00e4ischen Klavierwettbewerb Bremen - Schweizer Musikzeitung<\/title>\n<meta name=\"description\" content=\"Th\u00e9otime Gillot, der an der Hochschule f\u00fcr Musik Basel studiert, hat den Europ\u00e4ischen Klavierwettbewerb Bremen gewonnen und gleich mehrere Preise abger\u00e4umt.\" \/>\n<meta name=\"robots\" content=\"index, follow, max-snippet:-1, max-image-preview:large, max-video-preview:-1\" \/>\n<link rel=\"canonical\" href=\"https:\/\/www.musikzeitung.ch\/en\/news\/2024\/02\/gillot-gewinnt-europaeischen-klavierwettbewerb-bremen\/\" \/>\n<meta property=\"og:locale\" content=\"en_US\" \/>\n<meta property=\"og:type\" content=\"article\" \/>\n<meta property=\"og:title\" content=\"Gillot gewinnt Europ\u00e4ischen Klavierwettbewerb Bremen - Schweizer Musikzeitung\" \/>\n<meta property=\"og:description\" content=\"Th\u00e9otime Gillot, der an der Hochschule f\u00fcr Musik Basel studiert, hat den Europ\u00e4ischen Klavierwettbewerb Bremen gewonnen und gleich mehrere Preise abger\u00e4umt.\" \/>\n<meta property=\"og:url\" content=\"https:\/\/www.musikzeitung.ch\/en\/news\/2024\/02\/gillot-gewinnt-europaeischen-klavierwettbewerb-bremen\/\" \/>\n<meta property=\"og:site_name\" content=\"Schweizer Musikzeitung\" \/>\n<meta property=\"article:publisher\" content=\"https:\/\/www.facebook.com\/SchweizerMusikzeitung\/\" \/>\n<meta property=\"article:author\" content=\"https:\/\/www.facebook.com\/wolfgang.bohler.75\" \/>\n<meta property=\"article:published_time\" content=\"2024-02-16T06:32:30+00:00\" \/>\n<meta property=\"article:modified_time\" content=\"2024-02-28T13:23:58+00:00\" \/>\n<meta property=\"og:image\" content=\"https:\/\/www.musikzeitung.ch\/wp-content\/uploads\/2024\/02\/240216bremen.jpg\" \/>\n\t<meta property=\"og:image:width\" content=\"1143\" \/>\n\t<meta property=\"og:image:height\" content=\"690\" \/>\n\t<meta property=\"og:image:type\" content=\"image\/jpeg\" \/>\n<meta name=\"author\" content=\"Wolfgang B\u00f6hler\" \/>\n<meta name=\"twitter:card\" content=\"summary_large_image\" \/>\n<meta name=\"twitter:creator\" content=\"@smusikzeitung\" \/>\n<meta name=\"twitter:site\" content=\"@smusikzeitung\" \/>\n<meta name=\"twitter:label1\" content=\"Written by\" \/>\n\t<meta name=\"twitter:data1\" content=\"Wolfgang B\u00f6hler\" \/>\n\t<meta name=\"twitter:label2\" content=\"Est. reading time\" \/>\n\t<meta name=\"twitter:data2\" content=\"2 minutes\" \/>\n<script type=\"application\/ld+json\" class=\"yoast-schema-graph\">{\"@context\":\"https:\\\/\\\/schema.org\",\"@graph\":[{\"@type\":\"Article\",\"@id\":\"https:\\\/\\\/www.musikzeitung.ch\\\/news\\\/2024\\\/02\\\/gillot-gewinnt-europaeischen-klavierwettbewerb-bremen#article\",\"isPartOf\":{\"@id\":\"https:\\\/\\\/www.musikzeitung.ch\\\/news\\\/2024\\\/02\\\/gillot-gewinnt-europaeischen-klavierwettbewerb-bremen\"},\"author\":{\"name\":\"Wolfgang B\u00f6hler\",\"@id\":\"https:\\\/\\\/www.musikzeitung.ch\\\/#\\\/schema\\\/person\\\/0da4fb82d243f1252850a35d0e87cf0c\"},\"headline\":\"Gillot gewinnt Europ\u00e4ischen Klavierwettbewerb Bremen\",\"datePublished\":\"2024-02-16T06:32:30+00:00\",\"dateModified\":\"2024-02-28T13:23:58+00:00\",\"mainEntityOfPage\":{\"@id\":\"https:\\\/\\\/www.musikzeitung.ch\\\/news\\\/2024\\\/02\\\/gillot-gewinnt-europaeischen-klavierwettbewerb-bremen\"},\"wordCount\":133,\"publisher\":{\"@id\":\"https:\\\/\\\/www.musikzeitung.ch\\\/#organization\"},\"image\":{\"@id\":\"https:\\\/\\\/www.musikzeitung.ch\\\/news\\\/2024\\\/02\\\/gillot-gewinnt-europaeischen-klavierwettbewerb-bremen#primaryimage\"},\"thumbnailUrl\":\"https:\\\/\\\/www.musikzeitung.ch\\\/wp-content\\\/uploads\\\/2024\\\/02\\\/240216bremen.jpg\",\"keywords\":[\"Europ\u00e4ischer Klavierwettbewerb Bremen\",\"Th\u00e9otime Gillot\"],\"articleSection\":[\"News\",\"Personen\"],\"inLanguage\":\"en-US\"},{\"@type\":\"WebPage\",\"@id\":\"https:\\\/\\\/www.musikzeitung.ch\\\/news\\\/2024\\\/02\\\/gillot-gewinnt-europaeischen-klavierwettbewerb-bremen\",\"url\":\"https:\\\/\\\/www.musikzeitung.ch\\\/news\\\/2024\\\/02\\\/gillot-gewinnt-europaeischen-klavierwettbewerb-bremen\",\"name\":\"Gillot gewinnt Europ\u00e4ischen Klavierwettbewerb Bremen - Schweizer Musikzeitung\",\"isPartOf\":{\"@id\":\"https:\\\/\\\/www.musikzeitung.ch\\\/#website\"},\"primaryImageOfPage\":{\"@id\":\"https:\\\/\\\/www.musikzeitung.ch\\\/news\\\/2024\\\/02\\\/gillot-gewinnt-europaeischen-klavierwettbewerb-bremen#primaryimage\"},\"image\":{\"@id\":\"https:\\\/\\\/www.musikzeitung.ch\\\/news\\\/2024\\\/02\\\/gillot-gewinnt-europaeischen-klavierwettbewerb-bremen#primaryimage\"},\"thumbnailUrl\":\"https:\\\/\\\/www.musikzeitung.ch\\\/wp-content\\\/uploads\\\/2024\\\/02\\\/240216bremen.jpg\",\"datePublished\":\"2024-02-16T06:32:30+00:00\",\"dateModified\":\"2024-02-28T13:23:58+00:00\",\"description\":\"Th\u00e9otime Gillot, der an der Hochschule f\u00fcr Musik Basel studiert, hat den Europ\u00e4ischen Klavierwettbewerb Bremen gewonnen und gleich mehrere Preise abger\u00e4umt.\",\"breadcrumb\":{\"@id\":\"https:\\\/\\\/www.musikzeitung.ch\\\/news\\\/2024\\\/02\\\/gillot-gewinnt-europaeischen-klavierwettbewerb-bremen#breadcrumb\"},\"inLanguage\":\"en-US\",\"potentialAction\":[{\"@type\":\"ReadAction\",\"target\":[\"https:\\\/\\\/www.musikzeitung.ch\\\/news\\\/2024\\\/02\\\/gillot-gewinnt-europaeischen-klavierwettbewerb-bremen\"]}]},{\"@type\":\"ImageObject\",\"inLanguage\":\"en-US\",\"@id\":\"https:\\\/\\\/www.musikzeitung.ch\\\/news\\\/2024\\\/02\\\/gillot-gewinnt-europaeischen-klavierwettbewerb-bremen#primaryimage\",\"url\":\"https:\\\/\\\/www.musikzeitung.ch\\\/wp-content\\\/uploads\\\/2024\\\/02\\\/240216bremen.jpg\",\"contentUrl\":\"https:\\\/\\\/www.musikzeitung.ch\\\/wp-content\\\/uploads\\\/2024\\\/02\\\/240216bremen.jpg\",\"width\":1143,\"height\":690,\"caption\":\"Th\u00e9otime Gillot (Foto: FHNW\\\/Karsten Klama)\"},{\"@type\":\"BreadcrumbList\",\"@id\":\"https:\\\/\\\/www.musikzeitung.ch\\\/news\\\/2024\\\/02\\\/gillot-gewinnt-europaeischen-klavierwettbewerb-bremen#breadcrumb\",\"itemListElement\":[{\"@type\":\"ListItem\",\"position\":1,\"name\":\"Home\",\"item\":\"https:\\\/\\\/www.musikzeitung.ch\\\/\"},{\"@type\":\"ListItem\",\"position\":2,\"name\":\"Gillot gewinnt Europ\u00e4ischen Klavierwettbewerb Bremen\"}]},{\"@type\":\"WebSite\",\"@id\":\"https:\\\/\\\/www.musikzeitung.ch\\\/#website\",\"url\":\"https:\\\/\\\/www.musikzeitung.ch\\\/\",\"name\":\"Schweizer Musikzeitung\",\"description\":\"Die f\u00fchrende sparten\u00fcbergreifende Monatszeitung in der Schweiz f\u00fcr musikalische Fragen.\",\"publisher\":{\"@id\":\"https:\\\/\\\/www.musikzeitung.ch\\\/#organization\"},\"potentialAction\":[{\"@type\":\"SearchAction\",\"target\":{\"@type\":\"EntryPoint\",\"urlTemplate\":\"https:\\\/\\\/www.musikzeitung.ch\\\/?s={search_term_string}\"},\"query-input\":{\"@type\":\"PropertyValueSpecification\",\"valueRequired\":true,\"valueName\":\"search_term_string\"}}],\"inLanguage\":\"en-US\"},{\"@type\":\"Organization\",\"@id\":\"https:\\\/\\\/www.musikzeitung.ch\\\/#organization\",\"name\":\"Schweizer Musikzeitung\",\"url\":\"https:\\\/\\\/www.musikzeitung.ch\\\/\",\"logo\":{\"@type\":\"ImageObject\",\"inLanguage\":\"en-US\",\"@id\":\"https:\\\/\\\/www.musikzeitung.ch\\\/#\\\/schema\\\/logo\\\/image\\\/\",\"url\":\"https:\\\/\\\/www.musikzeitung.ch\\\/wp-content\\\/uploads\\\/2023\\\/01\\\/SMZ_Schriftzug_Sprache.png\",\"contentUrl\":\"https:\\\/\\\/www.musikzeitung.ch\\\/wp-content\\\/uploads\\\/2023\\\/01\\\/SMZ_Schriftzug_Sprache.png\",\"width\":1400,\"height\":279,\"caption\":\"Schweizer Musikzeitung\"},\"image\":{\"@id\":\"https:\\\/\\\/www.musikzeitung.ch\\\/#\\\/schema\\\/logo\\\/image\\\/\"},\"sameAs\":[\"https:\\\/\\\/www.facebook.com\\\/SchweizerMusikzeitung\\\/\",\"https:\\\/\\\/x.com\\\/smusikzeitung\",\"https:\\\/\\\/www.instagram.com\\\/musikzeitung.ch\\\/\"]},{\"@type\":\"Person\",\"@id\":\"https:\\\/\\\/www.musikzeitung.ch\\\/#\\\/schema\\\/person\\\/0da4fb82d243f1252850a35d0e87cf0c\",\"name\":\"Wolfgang B\u00f6hler\",\"image\":{\"@type\":\"ImageObject\",\"inLanguage\":\"en-US\",\"@id\":\"https:\\\/\\\/www.musikzeitung.ch\\\/wp-content\\\/uploads\\\/2023\\\/01\\\/boehler_portraet_web-e1674139782246-96x96.jpg\",\"url\":\"https:\\\/\\\/www.musikzeitung.ch\\\/wp-content\\\/uploads\\\/2023\\\/01\\\/boehler_portraet_web-e1674139782246-96x96.jpg\",\"contentUrl\":\"https:\\\/\\\/www.musikzeitung.ch\\\/wp-content\\\/uploads\\\/2023\\\/01\\\/boehler_portraet_web-e1674139782246-96x96.jpg\",\"caption\":\"Wolfgang B\u00f6hler\"},\"sameAs\":[\"http:\\\/\\\/www.manacanto.ch\",\"https:\\\/\\\/www.facebook.com\\\/wolfgang.bohler.75\"],\"url\":\"https:\\\/\\\/www.musikzeitung.ch\\\/en\\\/author\\\/wolfgang-boehler\"}]}<\/script>\n<!-- \/ Yoast SEO plugin. -->","yoast_head_json":{"title":"Gillot wins European Piano Competition Bremen - Schweizer Musikzeitung","description":"Th\u00e9otime Gillot, who studies at the Basel University of Music, won the European Piano Competition in Bremen and took home several prizes.","robots":{"index":"index","follow":"follow","max-snippet":"max-snippet:-1","max-image-preview":"max-image-preview:large","max-video-preview":"max-video-preview:-1"},"canonical":"https:\/\/www.musikzeitung.ch\/en\/news\/2024\/02\/gillot-gewinnt-europaeischen-klavierwettbewerb-bremen\/","og_locale":"en_US","og_type":"article","og_title":"Gillot gewinnt Europ\u00e4ischen Klavierwettbewerb Bremen - Schweizer Musikzeitung","og_description":"Th\u00e9otime Gillot, der an der Hochschule f\u00fcr Musik Basel studiert, hat den Europ\u00e4ischen Klavierwettbewerb Bremen gewonnen und gleich mehrere Preise abger\u00e4umt.","og_url":"https:\/\/www.musikzeitung.ch\/en\/news\/2024\/02\/gillot-gewinnt-europaeischen-klavierwettbewerb-bremen\/","og_site_name":"Schweizer Musikzeitung","article_publisher":"https:\/\/www.facebook.com\/SchweizerMusikzeitung\/","article_author":"https:\/\/www.facebook.com\/wolfgang.bohler.75","article_published_time":"2024-02-16T06:32:30+00:00","article_modified_time":"2024-02-28T13:23:58+00:00","og_image":[{"width":1143,"height":690,"url":"https:\/\/www.musikzeitung.ch\/wp-content\/uploads\/2024\/02\/240216bremen.jpg","type":"image\/jpeg"}],"author":"Wolfgang B\u00f6hler","twitter_card":"summary_large_image","twitter_creator":"@smusikzeitung","twitter_site":"@smusikzeitung","twitter_misc":{"Written by":"Wolfgang B\u00f6hler","Est. reading time":"2 minutes"},"schema":{"@context":"https:\/\/schema.org","@graph":[{"@type":"Article","@id":"https:\/\/www.musikzeitung.ch\/news\/2024\/02\/gillot-gewinnt-europaeischen-klavierwettbewerb-bremen#article","isPartOf":{"@id":"https:\/\/www.musikzeitung.ch\/news\/2024\/02\/gillot-gewinnt-europaeischen-klavierwettbewerb-bremen"},"author":{"name":"Wolfgang B\u00f6hler","@id":"https:\/\/www.musikzeitung.ch\/#\/schema\/person\/0da4fb82d243f1252850a35d0e87cf0c"},"headline":"Gillot gewinnt Europ\u00e4ischen Klavierwettbewerb Bremen","datePublished":"2024-02-16T06:32:30+00:00","dateModified":"2024-02-28T13:23:58+00:00","mainEntityOfPage":{"@id":"https:\/\/www.musikzeitung.ch\/news\/2024\/02\/gillot-gewinnt-europaeischen-klavierwettbewerb-bremen"},"wordCount":133,"publisher":{"@id":"https:\/\/www.musikzeitung.ch\/#organization"},"image":{"@id":"https:\/\/www.musikzeitung.ch\/news\/2024\/02\/gillot-gewinnt-europaeischen-klavierwettbewerb-bremen#primaryimage"},"thumbnailUrl":"https:\/\/www.musikzeitung.ch\/wp-content\/uploads\/2024\/02\/240216bremen.jpg","keywords":["Europ\u00e4ischer Klavierwettbewerb Bremen","Th\u00e9otime Gillot"],"articleSection":["News","Personen"],"inLanguage":"en-US"},{"@type":"WebPage","@id":"https:\/\/www.musikzeitung.ch\/news\/2024\/02\/gillot-gewinnt-europaeischen-klavierwettbewerb-bremen","url":"https:\/\/www.musikzeitung.ch\/news\/2024\/02\/gillot-gewinnt-europaeischen-klavierwettbewerb-bremen","name":"Gillot wins European Piano Competition Bremen - Schweizer Musikzeitung","isPartOf":{"@id":"https:\/\/www.musikzeitung.ch\/#website"},"primaryImageOfPage":{"@id":"https:\/\/www.musikzeitung.ch\/news\/2024\/02\/gillot-gewinnt-europaeischen-klavierwettbewerb-bremen#primaryimage"},"image":{"@id":"https:\/\/www.musikzeitung.ch\/news\/2024\/02\/gillot-gewinnt-europaeischen-klavierwettbewerb-bremen#primaryimage"},"thumbnailUrl":"https:\/\/www.musikzeitung.ch\/wp-content\/uploads\/2024\/02\/240216bremen.jpg","datePublished":"2024-02-16T06:32:30+00:00","dateModified":"2024-02-28T13:23:58+00:00","description":"Th\u00e9otime Gillot, who studies at the Basel University of Music, won the European Piano Competition in Bremen and took home several prizes.","breadcrumb":{"@id":"https:\/\/www.musikzeitung.ch\/news\/2024\/02\/gillot-gewinnt-europaeischen-klavierwettbewerb-bremen#breadcrumb"},"inLanguage":"en-US","potentialAction":[{"@type":"ReadAction","target":["https:\/\/www.musikzeitung.ch\/news\/2024\/02\/gillot-gewinnt-europaeischen-klavierwettbewerb-bremen"]}]},{"@type":"ImageObject","inLanguage":"en-US","@id":"https:\/\/www.musikzeitung.ch\/news\/2024\/02\/gillot-gewinnt-europaeischen-klavierwettbewerb-bremen#primaryimage","url":"https:\/\/www.musikzeitung.ch\/wp-content\/uploads\/2024\/02\/240216bremen.jpg","contentUrl":"https:\/\/www.musikzeitung.ch\/wp-content\/uploads\/2024\/02\/240216bremen.jpg","width":1143,"height":690,"caption":"Th\u00e9otime Gillot (Foto: FHNW\/Karsten Klama)"},{"@type":"BreadcrumbList","@id":"https:\/\/www.musikzeitung.ch\/news\/2024\/02\/gillot-gewinnt-europaeischen-klavierwettbewerb-bremen#breadcrumb","itemListElement":[{"@type":"ListItem","position":1,"name":"Home","item":"https:\/\/www.musikzeitung.ch\/"},{"@type":"ListItem","position":2,"name":"Gillot gewinnt Europ\u00e4ischen Klavierwettbewerb Bremen"}]},{"@type":"WebSite","@id":"https:\/\/www.musikzeitung.ch\/#website","url":"https:\/\/www.musikzeitung.ch\/","name":"Swiss Music Newspaper","description":"The leading interdisciplinary monthly newspaper in Switzerland for musical issues.","publisher":{"@id":"https:\/\/www.musikzeitung.ch\/#organization"},"potentialAction":[{"@type":"SearchAction","target":{"@type":"EntryPoint","urlTemplate":"https:\/\/www.musikzeitung.ch\/?s={search_term_string}"},"query-input":{"@type":"PropertyValueSpecification","valueRequired":true,"valueName":"search_term_string"}}],"inLanguage":"en-US"},{"@type":"Organization","@id":"https:\/\/www.musikzeitung.ch\/#organization","name":"Swiss Music Newspaper","url":"https:\/\/www.musikzeitung.ch\/","logo":{"@type":"ImageObject","inLanguage":"en-US","@id":"https:\/\/www.musikzeitung.ch\/#\/schema\/logo\/image\/","url":"https:\/\/www.musikzeitung.ch\/wp-content\/uploads\/2023\/01\/SMZ_Schriftzug_Sprache.png","contentUrl":"https:\/\/www.musikzeitung.ch\/wp-content\/uploads\/2023\/01\/SMZ_Schriftzug_Sprache.png","width":1400,"height":279,"caption":"Schweizer Musikzeitung"},"image":{"@id":"https:\/\/www.musikzeitung.ch\/#\/schema\/logo\/image\/"},"sameAs":["https:\/\/www.facebook.com\/SchweizerMusikzeitung\/","https:\/\/x.com\/smusikzeitung","https:\/\/www.instagram.com\/musikzeitung.ch\/"]},{"@type":"Person","@id":"https:\/\/www.musikzeitung.ch\/#\/schema\/person\/0da4fb82d243f1252850a35d0e87cf0c","name":"Wolfgang B\u00f6hler","image":{"@type":"ImageObject","inLanguage":"en-US","@id":"https:\/\/www.musikzeitung.ch\/wp-content\/uploads\/2023\/01\/boehler_portraet_web-e1674139782246-96x96.jpg","url":"https:\/\/www.musikzeitung.ch\/wp-content\/uploads\/2023\/01\/boehler_portraet_web-e1674139782246-96x96.jpg","contentUrl":"https:\/\/www.musikzeitung.ch\/wp-content\/uploads\/2023\/01\/boehler_portraet_web-e1674139782246-96x96.jpg","caption":"Wolfgang B\u00f6hler"},"sameAs":["http:\/\/www.manacanto.ch","https:\/\/www.facebook.com\/wolfgang.bohler.75"],"url":"https:\/\/www.musikzeitung.ch\/en\/author\/wolfgang-boehler"}]}},"publishpress_future_workflow_manual_trigger":{"enabledWorkflows":[]},"_links":{"self":[{"href":"https:\/\/www.musikzeitung.ch\/en\/wp-json\/wp\/v2\/posts\/52168","targetHints":{"allow":["GET"]}}],"collection":[{"href":"https:\/\/www.musikzeitung.ch\/en\/wp-json\/wp\/v2\/posts"}],"about":[{"href":"https:\/\/www.musikzeitung.ch\/en\/wp-json\/wp\/v2\/types\/post"}],"author":[{"embeddable":true,"href":"https:\/\/www.musikzeitung.ch\/en\/wp-json\/wp\/v2\/users\/30"}],"replies":[{"embeddable":true,"href":"https:\/\/www.musikzeitung.ch\/en\/wp-json\/wp\/v2\/comments?post=52168"}],"version-history":[{"count":3,"href":"https:\/\/www.musikzeitung.ch\/en\/wp-json\/wp\/v2\/posts\/52168\/revisions"}],"predecessor-version":[{"id":52180,"href":"https:\/\/www.musikzeitung.ch\/en\/wp-json\/wp\/v2\/posts\/52168\/revisions\/52180"}],"wp:featuredmedia":[{"embeddable":true,"href":"https:\/\/www.musikzeitung.ch\/en\/wp-json\/wp\/v2\/media\/52169"}],"wp:attachment":[{"href":"https:\/\/www.musikzeitung.ch\/en\/wp-json\/wp\/v2\/media?parent=52168"}],"wp:term":[{"taxonomy":"category","embeddable":true,"href":"https:\/\/www.musikzeitung.ch\/en\/wp-json\/wp\/v2\/categories?post=52168"},{"taxonomy":"post_tag","embeddable":true,"href":"https:\/\/www.musikzeitung.ch\/en\/wp-json\/wp\/v2\/tags?post=52168"}],"curies":[{"name":"wp","href":"https:\/\/api.w.org\/{rel}","templated":true}]}}