{"id":52705,"date":"2024-03-01T06:28:04","date_gmt":"2024-03-01T05:28:04","guid":{"rendered":"https:\/\/www.musikzeitung.ch\/?p=52705"},"modified":"2024-03-01T08:33:53","modified_gmt":"2024-03-01T07:33:53","slug":"audiovisuelles-kulturgut-obwaldens-erfasst","status":"publish","type":"post","link":"https:\/\/www.musikzeitung.ch\/en\/news\/2024\/03\/audiovisuelles-kulturgut-obwaldens-erfasst","title":{"rendered":"Audiovisual cultural assets of Obwalden recorded"},"content":{"rendered":"<figure id=\"attachment_52706\" aria-describedby=\"caption-attachment-52706\" style=\"width: 1461px\" class=\"wp-caption alignnone\"><img loading=\"lazy\" decoding=\"async\" class=\"size-full wp-image-52706\" src=\"https:\/\/www.musikzeitung.ch\/wp-content\/uploads\/2024\/03\/240301juiz.jpg\" alt=\"\" width=\"1461\" height=\"851\" srcset=\"https:\/\/www.musikzeitung.ch\/wp-content\/uploads\/2024\/03\/240301juiz.jpg 1461w, https:\/\/www.musikzeitung.ch\/wp-content\/uploads\/2024\/03\/240301juiz-300x175.jpg 300w, https:\/\/www.musikzeitung.ch\/wp-content\/uploads\/2024\/03\/240301juiz-1024x596.jpg 1024w, https:\/\/www.musikzeitung.ch\/wp-content\/uploads\/2024\/03\/240301juiz-768x447.jpg 768w, https:\/\/www.musikzeitung.ch\/wp-content\/uploads\/2024\/03\/240301juiz-601x350.jpg 601w, https:\/\/www.musikzeitung.ch\/wp-content\/uploads\/2024\/03\/240301juiz-1373x800.jpg 1373w, https:\/\/www.musikzeitung.ch\/wp-content\/uploads\/2024\/03\/240301juiz-920x536.jpg 920w, https:\/\/www.musikzeitung.ch\/wp-content\/uploads\/2024\/03\/240301juiz-1400x815.jpg 1400w\" sizes=\"auto, (max-width: 1461px) 100vw, 1461px\" \/><figcaption id=\"caption-attachment-52706\" class=\"wp-caption-text\">Picture: naturjodler.ch<\/figcaption><\/figure>\n<p>In a broad-based survey of cultural institutions, municipalities, companies, associations and private individuals, 69 collections with a total of around 1.3 million audiovisual media were recorded. The Office for Culture and Sport, the State Archives and Memoriav, the competence center for the preservation of Switzerland's audiovisual cultural heritage, were all involved. On behalf of the Federal Office of Culture (FOC) and together with the cantons, Memoriav compiles an overview of the audiovisual holdings in all regions of the country.<\/p>\n<p>Among others, Edi Gasser's holdings of the Unterwaldner Naturjuiz Foundation and music archives of private individuals from Sarnen and Alpnach are recorded.  The overview inventory resulting from the project is managed and maintained by the State Archives. The inventory is not binding for owners or institutions. As the name suggests, it is intended to provide an overview of Obwalden's audiovisual cultural landscape and highlight holdings of public interest. The overview inventory of the Canton of Obwalden can be downloaded in anonymized form.<\/p>\n<p><strong>More info:<\/strong> <a href=\"https:\/\/www.ow.ch\/dienstleistungen\/8593\" target=\"_blank\" rel=\"noopener\">https:\/\/www.ow.ch\/dienstleistungen\/8593<\/a><\/p>","protected":false},"excerpt":{"rendered":"<p>The canton of Obwalden has compiled an overview inventory of its audiovisual heritage, including the natural yodel collection of \"Juiz researcher\" Edi Gasser.<\/p>","protected":false},"author":30,"featured_media":52706,"comment_status":"closed","ping_status":"closed","sticky":false,"template":"","format":"standard","meta":{"_acf_changed":false,"_relevanssi_hide_post":"","_relevanssi_hide_content":"","_relevanssi_pin_for_all":"","_relevanssi_pin_keywords":"","_relevanssi_unpin_keywords":"","_relevanssi_related_keywords":"","_relevanssi_related_include_ids":"","_relevanssi_related_exclude_ids":"","_relevanssi_related_no_append":"","_relevanssi_related_not_related":"","_relevanssi_related_posts":"","_relevanssi_noindex_reason":"","pgc_sgb_lightbox_settings":"","footnotes":""},"categories":[27],"tags":[3752,3751],"class_list":["post-52705","post","type-post","status-publish","format-standard","has-post-thumbnail","hentry","category-news","tag-audiovisuelles-kulturerbe","tag-kanton-obwalden"],"acf":[],"yoast_head":"<!-- This site is optimized with the Yoast SEO plugin v27.4 - https:\/\/yoast.com\/product\/yoast-seo-wordpress\/ -->\n<title>Audiovisuelles Kulturgut Obwaldens erfasst - Schweizer Musikzeitung<\/title>\n<meta name=\"description\" content=\"Der Kanton hat ein \u00dcbersichtsinventar zu seinem audiovisuellen Erbe erstellt, unter anderem zur Naturjodel-Sammlung des \u00abJuiz-Forschers\u00bb Edi Gasser.\" \/>\n<meta name=\"robots\" content=\"index, follow, max-snippet:-1, max-image-preview:large, max-video-preview:-1\" \/>\n<link rel=\"canonical\" href=\"https:\/\/www.musikzeitung.ch\/en\/news\/2024\/03\/audiovisuelles-kulturgut-obwaldens-erfasst\/\" \/>\n<meta property=\"og:locale\" content=\"en_US\" \/>\n<meta property=\"og:type\" content=\"article\" \/>\n<meta property=\"og:title\" content=\"Audiovisuelles Kulturgut Obwaldens erfasst - Schweizer Musikzeitung\" \/>\n<meta property=\"og:description\" content=\"Der Kanton hat ein \u00dcbersichtsinventar zu seinem audiovisuellen Erbe erstellt, unter anderem zur Naturjodel-Sammlung des \u00abJuiz-Forschers\u00bb Edi Gasser.\" \/>\n<meta property=\"og:url\" content=\"https:\/\/www.musikzeitung.ch\/en\/news\/2024\/03\/audiovisuelles-kulturgut-obwaldens-erfasst\/\" \/>\n<meta property=\"og:site_name\" content=\"Schweizer Musikzeitung\" \/>\n<meta property=\"article:publisher\" content=\"https:\/\/www.facebook.com\/SchweizerMusikzeitung\/\" \/>\n<meta property=\"article:author\" content=\"https:\/\/www.facebook.com\/wolfgang.bohler.75\" \/>\n<meta property=\"article:published_time\" content=\"2024-03-01T05:28:04+00:00\" \/>\n<meta property=\"article:modified_time\" content=\"2024-03-01T07:33:53+00:00\" \/>\n<meta property=\"og:image\" content=\"https:\/\/www.musikzeitung.ch\/wp-content\/uploads\/2024\/03\/240301juiz.jpg\" \/>\n\t<meta property=\"og:image:width\" content=\"1461\" \/>\n\t<meta property=\"og:image:height\" content=\"851\" \/>\n\t<meta property=\"og:image:type\" content=\"image\/jpeg\" \/>\n<meta name=\"author\" content=\"Wolfgang B\u00f6hler\" \/>\n<meta name=\"twitter:card\" content=\"summary_large_image\" \/>\n<meta name=\"twitter:creator\" content=\"@smusikzeitung\" \/>\n<meta name=\"twitter:site\" content=\"@smusikzeitung\" \/>\n<meta name=\"twitter:label1\" content=\"Written by\" \/>\n\t<meta name=\"twitter:data1\" content=\"Wolfgang B\u00f6hler\" \/>\n\t<meta name=\"twitter:label2\" content=\"Est. reading time\" \/>\n\t<meta name=\"twitter:data2\" content=\"2 minutes\" \/>\n<script type=\"application\/ld+json\" class=\"yoast-schema-graph\">{\"@context\":\"https:\\\/\\\/schema.org\",\"@graph\":[{\"@type\":\"Article\",\"@id\":\"https:\\\/\\\/www.musikzeitung.ch\\\/news\\\/2024\\\/03\\\/audiovisuelles-kulturgut-obwaldens-erfasst#article\",\"isPartOf\":{\"@id\":\"https:\\\/\\\/www.musikzeitung.ch\\\/news\\\/2024\\\/03\\\/audiovisuelles-kulturgut-obwaldens-erfasst\"},\"author\":{\"name\":\"Wolfgang B\u00f6hler\",\"@id\":\"https:\\\/\\\/www.musikzeitung.ch\\\/#\\\/schema\\\/person\\\/0da4fb82d243f1252850a35d0e87cf0c\"},\"headline\":\"Audiovisuelles Kulturgut Obwaldens erfasst\",\"datePublished\":\"2024-03-01T05:28:04+00:00\",\"dateModified\":\"2024-03-01T07:33:53+00:00\",\"mainEntityOfPage\":{\"@id\":\"https:\\\/\\\/www.musikzeitung.ch\\\/news\\\/2024\\\/03\\\/audiovisuelles-kulturgut-obwaldens-erfasst\"},\"wordCount\":170,\"publisher\":{\"@id\":\"https:\\\/\\\/www.musikzeitung.ch\\\/#organization\"},\"image\":{\"@id\":\"https:\\\/\\\/www.musikzeitung.ch\\\/news\\\/2024\\\/03\\\/audiovisuelles-kulturgut-obwaldens-erfasst#primaryimage\"},\"thumbnailUrl\":\"https:\\\/\\\/www.musikzeitung.ch\\\/wp-content\\\/uploads\\\/2024\\\/03\\\/240301juiz.jpg\",\"keywords\":[\"Audiovisuelles Kulturerbe\",\"Kanton Obwalden\"],\"articleSection\":[\"News\"],\"inLanguage\":\"en-US\"},{\"@type\":\"WebPage\",\"@id\":\"https:\\\/\\\/www.musikzeitung.ch\\\/news\\\/2024\\\/03\\\/audiovisuelles-kulturgut-obwaldens-erfasst\",\"url\":\"https:\\\/\\\/www.musikzeitung.ch\\\/news\\\/2024\\\/03\\\/audiovisuelles-kulturgut-obwaldens-erfasst\",\"name\":\"Audiovisuelles Kulturgut Obwaldens erfasst - Schweizer Musikzeitung\",\"isPartOf\":{\"@id\":\"https:\\\/\\\/www.musikzeitung.ch\\\/#website\"},\"primaryImageOfPage\":{\"@id\":\"https:\\\/\\\/www.musikzeitung.ch\\\/news\\\/2024\\\/03\\\/audiovisuelles-kulturgut-obwaldens-erfasst#primaryimage\"},\"image\":{\"@id\":\"https:\\\/\\\/www.musikzeitung.ch\\\/news\\\/2024\\\/03\\\/audiovisuelles-kulturgut-obwaldens-erfasst#primaryimage\"},\"thumbnailUrl\":\"https:\\\/\\\/www.musikzeitung.ch\\\/wp-content\\\/uploads\\\/2024\\\/03\\\/240301juiz.jpg\",\"datePublished\":\"2024-03-01T05:28:04+00:00\",\"dateModified\":\"2024-03-01T07:33:53+00:00\",\"description\":\"Der Kanton hat ein \u00dcbersichtsinventar zu seinem audiovisuellen Erbe erstellt, unter anderem zur Naturjodel-Sammlung des \u00abJuiz-Forschers\u00bb Edi Gasser.\",\"breadcrumb\":{\"@id\":\"https:\\\/\\\/www.musikzeitung.ch\\\/news\\\/2024\\\/03\\\/audiovisuelles-kulturgut-obwaldens-erfasst#breadcrumb\"},\"inLanguage\":\"en-US\",\"potentialAction\":[{\"@type\":\"ReadAction\",\"target\":[\"https:\\\/\\\/www.musikzeitung.ch\\\/news\\\/2024\\\/03\\\/audiovisuelles-kulturgut-obwaldens-erfasst\"]}]},{\"@type\":\"ImageObject\",\"inLanguage\":\"en-US\",\"@id\":\"https:\\\/\\\/www.musikzeitung.ch\\\/news\\\/2024\\\/03\\\/audiovisuelles-kulturgut-obwaldens-erfasst#primaryimage\",\"url\":\"https:\\\/\\\/www.musikzeitung.ch\\\/wp-content\\\/uploads\\\/2024\\\/03\\\/240301juiz.jpg\",\"contentUrl\":\"https:\\\/\\\/www.musikzeitung.ch\\\/wp-content\\\/uploads\\\/2024\\\/03\\\/240301juiz.jpg\",\"width\":1461,\"height\":851,\"caption\":\"Bild: naturjodler.ch\"},{\"@type\":\"BreadcrumbList\",\"@id\":\"https:\\\/\\\/www.musikzeitung.ch\\\/news\\\/2024\\\/03\\\/audiovisuelles-kulturgut-obwaldens-erfasst#breadcrumb\",\"itemListElement\":[{\"@type\":\"ListItem\",\"position\":1,\"name\":\"Home\",\"item\":\"https:\\\/\\\/www.musikzeitung.ch\\\/\"},{\"@type\":\"ListItem\",\"position\":2,\"name\":\"Audiovisuelles Kulturgut Obwaldens erfasst\"}]},{\"@type\":\"WebSite\",\"@id\":\"https:\\\/\\\/www.musikzeitung.ch\\\/#website\",\"url\":\"https:\\\/\\\/www.musikzeitung.ch\\\/\",\"name\":\"Schweizer Musikzeitung\",\"description\":\"Die f\u00fchrende sparten\u00fcbergreifende Monatszeitung in der Schweiz f\u00fcr musikalische Fragen.\",\"publisher\":{\"@id\":\"https:\\\/\\\/www.musikzeitung.ch\\\/#organization\"},\"potentialAction\":[{\"@type\":\"SearchAction\",\"target\":{\"@type\":\"EntryPoint\",\"urlTemplate\":\"https:\\\/\\\/www.musikzeitung.ch\\\/?s={search_term_string}\"},\"query-input\":{\"@type\":\"PropertyValueSpecification\",\"valueRequired\":true,\"valueName\":\"search_term_string\"}}],\"inLanguage\":\"en-US\"},{\"@type\":\"Organization\",\"@id\":\"https:\\\/\\\/www.musikzeitung.ch\\\/#organization\",\"name\":\"Schweizer Musikzeitung\",\"url\":\"https:\\\/\\\/www.musikzeitung.ch\\\/\",\"logo\":{\"@type\":\"ImageObject\",\"inLanguage\":\"en-US\",\"@id\":\"https:\\\/\\\/www.musikzeitung.ch\\\/#\\\/schema\\\/logo\\\/image\\\/\",\"url\":\"https:\\\/\\\/www.musikzeitung.ch\\\/wp-content\\\/uploads\\\/2023\\\/01\\\/SMZ_Schriftzug_Sprache.png\",\"contentUrl\":\"https:\\\/\\\/www.musikzeitung.ch\\\/wp-content\\\/uploads\\\/2023\\\/01\\\/SMZ_Schriftzug_Sprache.png\",\"width\":1400,\"height\":279,\"caption\":\"Schweizer Musikzeitung\"},\"image\":{\"@id\":\"https:\\\/\\\/www.musikzeitung.ch\\\/#\\\/schema\\\/logo\\\/image\\\/\"},\"sameAs\":[\"https:\\\/\\\/www.facebook.com\\\/SchweizerMusikzeitung\\\/\",\"https:\\\/\\\/x.com\\\/smusikzeitung\",\"https:\\\/\\\/www.instagram.com\\\/musikzeitung.ch\\\/\"]},{\"@type\":\"Person\",\"@id\":\"https:\\\/\\\/www.musikzeitung.ch\\\/#\\\/schema\\\/person\\\/0da4fb82d243f1252850a35d0e87cf0c\",\"name\":\"Wolfgang B\u00f6hler\",\"image\":{\"@type\":\"ImageObject\",\"inLanguage\":\"en-US\",\"@id\":\"https:\\\/\\\/www.musikzeitung.ch\\\/wp-content\\\/uploads\\\/2023\\\/01\\\/boehler_portraet_web-e1674139782246-96x96.jpg\",\"url\":\"https:\\\/\\\/www.musikzeitung.ch\\\/wp-content\\\/uploads\\\/2023\\\/01\\\/boehler_portraet_web-e1674139782246-96x96.jpg\",\"contentUrl\":\"https:\\\/\\\/www.musikzeitung.ch\\\/wp-content\\\/uploads\\\/2023\\\/01\\\/boehler_portraet_web-e1674139782246-96x96.jpg\",\"caption\":\"Wolfgang B\u00f6hler\"},\"sameAs\":[\"http:\\\/\\\/www.manacanto.ch\",\"https:\\\/\\\/www.facebook.com\\\/wolfgang.bohler.75\"],\"url\":\"https:\\\/\\\/www.musikzeitung.ch\\\/en\\\/author\\\/wolfgang-boehler\"}]}<\/script>\n<!-- \/ Yoast SEO plugin. -->","yoast_head_json":{"title":"Audiovisuelles Kulturgut Obwaldens erfasst - Schweizer Musikzeitung","description":"Der Kanton hat ein \u00dcbersichtsinventar zu seinem audiovisuellen Erbe erstellt, unter anderem zur Naturjodel-Sammlung des \u00abJuiz-Forschers\u00bb Edi Gasser.","robots":{"index":"index","follow":"follow","max-snippet":"max-snippet:-1","max-image-preview":"max-image-preview:large","max-video-preview":"max-video-preview:-1"},"canonical":"https:\/\/www.musikzeitung.ch\/en\/news\/2024\/03\/audiovisuelles-kulturgut-obwaldens-erfasst\/","og_locale":"en_US","og_type":"article","og_title":"Audiovisuelles Kulturgut Obwaldens erfasst - Schweizer Musikzeitung","og_description":"Der Kanton hat ein \u00dcbersichtsinventar zu seinem audiovisuellen Erbe erstellt, unter anderem zur Naturjodel-Sammlung des \u00abJuiz-Forschers\u00bb Edi Gasser.","og_url":"https:\/\/www.musikzeitung.ch\/en\/news\/2024\/03\/audiovisuelles-kulturgut-obwaldens-erfasst\/","og_site_name":"Schweizer Musikzeitung","article_publisher":"https:\/\/www.facebook.com\/SchweizerMusikzeitung\/","article_author":"https:\/\/www.facebook.com\/wolfgang.bohler.75","article_published_time":"2024-03-01T05:28:04+00:00","article_modified_time":"2024-03-01T07:33:53+00:00","og_image":[{"width":1461,"height":851,"url":"https:\/\/www.musikzeitung.ch\/wp-content\/uploads\/2024\/03\/240301juiz.jpg","type":"image\/jpeg"}],"author":"Wolfgang B\u00f6hler","twitter_card":"summary_large_image","twitter_creator":"@smusikzeitung","twitter_site":"@smusikzeitung","twitter_misc":{"Written by":"Wolfgang B\u00f6hler","Est. reading time":"2 minutes"},"schema":{"@context":"https:\/\/schema.org","@graph":[{"@type":"Article","@id":"https:\/\/www.musikzeitung.ch\/news\/2024\/03\/audiovisuelles-kulturgut-obwaldens-erfasst#article","isPartOf":{"@id":"https:\/\/www.musikzeitung.ch\/news\/2024\/03\/audiovisuelles-kulturgut-obwaldens-erfasst"},"author":{"name":"Wolfgang B\u00f6hler","@id":"https:\/\/www.musikzeitung.ch\/#\/schema\/person\/0da4fb82d243f1252850a35d0e87cf0c"},"headline":"Audiovisuelles Kulturgut Obwaldens erfasst","datePublished":"2024-03-01T05:28:04+00:00","dateModified":"2024-03-01T07:33:53+00:00","mainEntityOfPage":{"@id":"https:\/\/www.musikzeitung.ch\/news\/2024\/03\/audiovisuelles-kulturgut-obwaldens-erfasst"},"wordCount":170,"publisher":{"@id":"https:\/\/www.musikzeitung.ch\/#organization"},"image":{"@id":"https:\/\/www.musikzeitung.ch\/news\/2024\/03\/audiovisuelles-kulturgut-obwaldens-erfasst#primaryimage"},"thumbnailUrl":"https:\/\/www.musikzeitung.ch\/wp-content\/uploads\/2024\/03\/240301juiz.jpg","keywords":["Audiovisuelles Kulturerbe","Kanton Obwalden"],"articleSection":["News"],"inLanguage":"en-US"},{"@type":"WebPage","@id":"https:\/\/www.musikzeitung.ch\/news\/2024\/03\/audiovisuelles-kulturgut-obwaldens-erfasst","url":"https:\/\/www.musikzeitung.ch\/news\/2024\/03\/audiovisuelles-kulturgut-obwaldens-erfasst","name":"Audiovisuelles Kulturgut Obwaldens erfasst - Schweizer Musikzeitung","isPartOf":{"@id":"https:\/\/www.musikzeitung.ch\/#website"},"primaryImageOfPage":{"@id":"https:\/\/www.musikzeitung.ch\/news\/2024\/03\/audiovisuelles-kulturgut-obwaldens-erfasst#primaryimage"},"image":{"@id":"https:\/\/www.musikzeitung.ch\/news\/2024\/03\/audiovisuelles-kulturgut-obwaldens-erfasst#primaryimage"},"thumbnailUrl":"https:\/\/www.musikzeitung.ch\/wp-content\/uploads\/2024\/03\/240301juiz.jpg","datePublished":"2024-03-01T05:28:04+00:00","dateModified":"2024-03-01T07:33:53+00:00","description":"Der Kanton hat ein \u00dcbersichtsinventar zu seinem audiovisuellen Erbe erstellt, unter anderem zur Naturjodel-Sammlung des \u00abJuiz-Forschers\u00bb Edi Gasser.","breadcrumb":{"@id":"https:\/\/www.musikzeitung.ch\/news\/2024\/03\/audiovisuelles-kulturgut-obwaldens-erfasst#breadcrumb"},"inLanguage":"en-US","potentialAction":[{"@type":"ReadAction","target":["https:\/\/www.musikzeitung.ch\/news\/2024\/03\/audiovisuelles-kulturgut-obwaldens-erfasst"]}]},{"@type":"ImageObject","inLanguage":"en-US","@id":"https:\/\/www.musikzeitung.ch\/news\/2024\/03\/audiovisuelles-kulturgut-obwaldens-erfasst#primaryimage","url":"https:\/\/www.musikzeitung.ch\/wp-content\/uploads\/2024\/03\/240301juiz.jpg","contentUrl":"https:\/\/www.musikzeitung.ch\/wp-content\/uploads\/2024\/03\/240301juiz.jpg","width":1461,"height":851,"caption":"Bild: naturjodler.ch"},{"@type":"BreadcrumbList","@id":"https:\/\/www.musikzeitung.ch\/news\/2024\/03\/audiovisuelles-kulturgut-obwaldens-erfasst#breadcrumb","itemListElement":[{"@type":"ListItem","position":1,"name":"Home","item":"https:\/\/www.musikzeitung.ch\/"},{"@type":"ListItem","position":2,"name":"Audiovisuelles Kulturgut Obwaldens erfasst"}]},{"@type":"WebSite","@id":"https:\/\/www.musikzeitung.ch\/#website","url":"https:\/\/www.musikzeitung.ch\/","name":"Swiss Music Newspaper","description":"The leading interdisciplinary monthly newspaper in Switzerland for musical issues.","publisher":{"@id":"https:\/\/www.musikzeitung.ch\/#organization"},"potentialAction":[{"@type":"SearchAction","target":{"@type":"EntryPoint","urlTemplate":"https:\/\/www.musikzeitung.ch\/?s={search_term_string}"},"query-input":{"@type":"PropertyValueSpecification","valueRequired":true,"valueName":"search_term_string"}}],"inLanguage":"en-US"},{"@type":"Organization","@id":"https:\/\/www.musikzeitung.ch\/#organization","name":"Swiss Music Newspaper","url":"https:\/\/www.musikzeitung.ch\/","logo":{"@type":"ImageObject","inLanguage":"en-US","@id":"https:\/\/www.musikzeitung.ch\/#\/schema\/logo\/image\/","url":"https:\/\/www.musikzeitung.ch\/wp-content\/uploads\/2023\/01\/SMZ_Schriftzug_Sprache.png","contentUrl":"https:\/\/www.musikzeitung.ch\/wp-content\/uploads\/2023\/01\/SMZ_Schriftzug_Sprache.png","width":1400,"height":279,"caption":"Schweizer Musikzeitung"},"image":{"@id":"https:\/\/www.musikzeitung.ch\/#\/schema\/logo\/image\/"},"sameAs":["https:\/\/www.facebook.com\/SchweizerMusikzeitung\/","https:\/\/x.com\/smusikzeitung","https:\/\/www.instagram.com\/musikzeitung.ch\/"]},{"@type":"Person","@id":"https:\/\/www.musikzeitung.ch\/#\/schema\/person\/0da4fb82d243f1252850a35d0e87cf0c","name":"Wolfgang B\u00f6hler","image":{"@type":"ImageObject","inLanguage":"en-US","@id":"https:\/\/www.musikzeitung.ch\/wp-content\/uploads\/2023\/01\/boehler_portraet_web-e1674139782246-96x96.jpg","url":"https:\/\/www.musikzeitung.ch\/wp-content\/uploads\/2023\/01\/boehler_portraet_web-e1674139782246-96x96.jpg","contentUrl":"https:\/\/www.musikzeitung.ch\/wp-content\/uploads\/2023\/01\/boehler_portraet_web-e1674139782246-96x96.jpg","caption":"Wolfgang B\u00f6hler"},"sameAs":["http:\/\/www.manacanto.ch","https:\/\/www.facebook.com\/wolfgang.bohler.75"],"url":"https:\/\/www.musikzeitung.ch\/en\/author\/wolfgang-boehler"}]}},"publishpress_future_workflow_manual_trigger":{"enabledWorkflows":[]},"_links":{"self":[{"href":"https:\/\/www.musikzeitung.ch\/en\/wp-json\/wp\/v2\/posts\/52705","targetHints":{"allow":["GET"]}}],"collection":[{"href":"https:\/\/www.musikzeitung.ch\/en\/wp-json\/wp\/v2\/posts"}],"about":[{"href":"https:\/\/www.musikzeitung.ch\/en\/wp-json\/wp\/v2\/types\/post"}],"author":[{"embeddable":true,"href":"https:\/\/www.musikzeitung.ch\/en\/wp-json\/wp\/v2\/users\/30"}],"replies":[{"embeddable":true,"href":"https:\/\/www.musikzeitung.ch\/en\/wp-json\/wp\/v2\/comments?post=52705"}],"version-history":[{"count":4,"href":"https:\/\/www.musikzeitung.ch\/en\/wp-json\/wp\/v2\/posts\/52705\/revisions"}],"predecessor-version":[{"id":52710,"href":"https:\/\/www.musikzeitung.ch\/en\/wp-json\/wp\/v2\/posts\/52705\/revisions\/52710"}],"wp:featuredmedia":[{"embeddable":true,"href":"https:\/\/www.musikzeitung.ch\/en\/wp-json\/wp\/v2\/media\/52706"}],"wp:attachment":[{"href":"https:\/\/www.musikzeitung.ch\/en\/wp-json\/wp\/v2\/media?parent=52705"}],"wp:term":[{"taxonomy":"category","embeddable":true,"href":"https:\/\/www.musikzeitung.ch\/en\/wp-json\/wp\/v2\/categories?post=52705"},{"taxonomy":"post_tag","embeddable":true,"href":"https:\/\/www.musikzeitung.ch\/en\/wp-json\/wp\/v2\/tags?post=52705"}],"curies":[{"name":"wp","href":"https:\/\/api.w.org\/{rel}","templated":true}]}}