{"id":53297,"date":"2024-03-21T05:56:18","date_gmt":"2024-03-21T04:56:18","guid":{"rendered":"https:\/\/www.musikzeitung.ch\/?p=53297"},"modified":"2024-03-22T16:24:01","modified_gmt":"2024-03-22T15:24:01","slug":"eve-maud-hubeaux-mit-karajan-preis-ausgezeichnet","status":"publish","type":"post","link":"https:\/\/www.musikzeitung.ch\/en\/news\/2024\/03\/eve-maud-hubeaux-mit-karajan-preis-ausgezeichnet","title":{"rendered":"Eve-Maud Hubeaux awarded the Karajan Prize"},"content":{"rendered":"<figure id=\"attachment_53299\" aria-describedby=\"caption-attachment-53299\" style=\"width: 737px\" class=\"wp-caption aligncenter\"><img loading=\"lazy\" decoding=\"async\" class=\"wp-image-53299\" src=\"https:\/\/www.musikzeitung.ch\/wp-content\/uploads\/2024\/03\/240321hubeaux.jpg\" alt=\"\" width=\"737\" height=\"488\" srcset=\"https:\/\/www.musikzeitung.ch\/wp-content\/uploads\/2024\/03\/240321hubeaux.jpg 815w, https:\/\/www.musikzeitung.ch\/wp-content\/uploads\/2024\/03\/240321hubeaux-300x199.jpg 300w, https:\/\/www.musikzeitung.ch\/wp-content\/uploads\/2024\/03\/240321hubeaux-768x509.jpg 768w, https:\/\/www.musikzeitung.ch\/wp-content\/uploads\/2024\/03\/240321hubeaux-264x175.jpg 264w, https:\/\/www.musikzeitung.ch\/wp-content\/uploads\/2024\/03\/240321hubeaux-528x350.jpg 528w\" sizes=\"auto, (max-width: 737px) 100vw, 737px\" \/><figcaption id=\"caption-attachment-53299\" class=\"wp-caption-text\">Eve-Maud Hubeaux (Image: Youtube-Still)<\/figcaption><\/figure>\n<p>Eve-Maud Hubeaux was born in Geneva and studied piano at the Lausanne Conservatory before beginning her vocal studies there. She began her international career in the opera studio of the Op\u00e9ra National du Rhin after completing a master's degree in contract law at the Universit\u00e9 de Savoie. She has won numerous competitions, including the International Belvedere Competition (2013) and the 5th International Renata Tebaldi Competition.<\/p>\n<p>The Herbert von Karajan Prize, which has been awarded as part of the Salzburg Easter Festival since 2017, honors outstanding artistic achievements that have received worldwide recognition. Since 2023, the prize has been awarded to three artists, each endowed with 16,000 euros. In addition to Eve-Maud Hubeaux, this year's winners are Lise Davidsen and Masabane Cecilia Rangwanasha.<\/p>","protected":false},"excerpt":{"rendered":"<p>The Geneva mezzo-soprano Eve-Maud Hubeaux is awarded the Herbert von Karajan Prize at the Salzburg Easter Festival.<\/p>","protected":false},"author":30,"featured_media":53299,"comment_status":"closed","ping_status":"closed","sticky":false,"template":"","format":"standard","meta":{"_acf_changed":false,"_relevanssi_hide_post":"","_relevanssi_hide_content":"","_relevanssi_pin_for_all":"","_relevanssi_pin_keywords":"","_relevanssi_unpin_keywords":"","_relevanssi_related_keywords":"","_relevanssi_related_include_ids":"","_relevanssi_related_exclude_ids":"","_relevanssi_related_no_append":"","_relevanssi_related_not_related":"","_relevanssi_related_posts":"","_relevanssi_noindex_reason":"","pgc_sgb_lightbox_settings":"","footnotes":""},"categories":[27,1624],"tags":[3834,3835],"class_list":["post-53297","post","type-post","status-publish","format-standard","has-post-thumbnail","hentry","category-news","category-personen","tag-eve-maud-hubeaux","tag-herbert-von-karajan-preis"],"acf":[],"yoast_head":"<!-- This site is optimized with the Yoast SEO plugin v27.4 - https:\/\/yoast.com\/product\/yoast-seo-wordpress\/ -->\n<title>Eve-Maud Hubeaux mit Karajan-Preis ausgezeichnet - Schweizer Musikzeitung<\/title>\n<meta name=\"description\" content=\"Die Genfer Mezzo-Sopranistin Eve-Maud Hubeaux wird an den Osterfestspielen Salzburg mit einem Herbert-von-Karajan-Preis ausgezeichnet.\" \/>\n<meta name=\"robots\" content=\"index, follow, max-snippet:-1, max-image-preview:large, max-video-preview:-1\" \/>\n<link rel=\"canonical\" href=\"https:\/\/www.musikzeitung.ch\/en\/news\/2024\/03\/eve-maud-hubeaux-mit-karajan-preis-ausgezeichnet\/\" \/>\n<meta property=\"og:locale\" content=\"en_US\" \/>\n<meta property=\"og:type\" content=\"article\" \/>\n<meta property=\"og:title\" content=\"Eve-Maud Hubeaux mit Karajan-Preis ausgezeichnet - Schweizer Musikzeitung\" \/>\n<meta property=\"og:description\" content=\"Die Genfer Mezzo-Sopranistin Eve-Maud Hubeaux wird an den Osterfestspielen Salzburg mit einem Herbert-von-Karajan-Preis ausgezeichnet.\" \/>\n<meta property=\"og:url\" content=\"https:\/\/www.musikzeitung.ch\/en\/news\/2024\/03\/eve-maud-hubeaux-mit-karajan-preis-ausgezeichnet\/\" \/>\n<meta property=\"og:site_name\" content=\"Schweizer Musikzeitung\" \/>\n<meta property=\"article:publisher\" content=\"https:\/\/www.facebook.com\/SchweizerMusikzeitung\/\" \/>\n<meta property=\"article:author\" content=\"https:\/\/www.facebook.com\/wolfgang.bohler.75\" \/>\n<meta property=\"article:published_time\" content=\"2024-03-21T04:56:18+00:00\" \/>\n<meta property=\"article:modified_time\" content=\"2024-03-22T15:24:01+00:00\" \/>\n<meta property=\"og:image\" content=\"https:\/\/www.musikzeitung.ch\/wp-content\/uploads\/2024\/03\/240321hubeaux.jpg\" \/>\n\t<meta property=\"og:image:width\" content=\"815\" \/>\n\t<meta property=\"og:image:height\" content=\"540\" \/>\n\t<meta property=\"og:image:type\" content=\"image\/jpeg\" \/>\n<meta name=\"author\" content=\"Wolfgang B\u00f6hler\" \/>\n<meta name=\"twitter:card\" content=\"summary_large_image\" \/>\n<meta name=\"twitter:creator\" content=\"@smusikzeitung\" \/>\n<meta name=\"twitter:site\" content=\"@smusikzeitung\" \/>\n<meta name=\"twitter:label1\" content=\"Written by\" \/>\n\t<meta name=\"twitter:data1\" content=\"Wolfgang B\u00f6hler\" \/>\n\t<meta name=\"twitter:label2\" content=\"Est. reading time\" \/>\n\t<meta name=\"twitter:data2\" content=\"2 minutes\" \/>\n<script type=\"application\/ld+json\" class=\"yoast-schema-graph\">{\"@context\":\"https:\\\/\\\/schema.org\",\"@graph\":[{\"@type\":\"Article\",\"@id\":\"https:\\\/\\\/www.musikzeitung.ch\\\/news\\\/2024\\\/03\\\/eve-maud-hubeaux-mit-karajan-preis-ausgezeichnet#article\",\"isPartOf\":{\"@id\":\"https:\\\/\\\/www.musikzeitung.ch\\\/news\\\/2024\\\/03\\\/eve-maud-hubeaux-mit-karajan-preis-ausgezeichnet\"},\"author\":{\"name\":\"Wolfgang B\u00f6hler\",\"@id\":\"https:\\\/\\\/www.musikzeitung.ch\\\/#\\\/schema\\\/person\\\/0da4fb82d243f1252850a35d0e87cf0c\"},\"headline\":\"Eve-Maud Hubeaux mit Karajan-Preis ausgezeichnet\",\"datePublished\":\"2024-03-21T04:56:18+00:00\",\"dateModified\":\"2024-03-22T15:24:01+00:00\",\"mainEntityOfPage\":{\"@id\":\"https:\\\/\\\/www.musikzeitung.ch\\\/news\\\/2024\\\/03\\\/eve-maud-hubeaux-mit-karajan-preis-ausgezeichnet\"},\"wordCount\":120,\"publisher\":{\"@id\":\"https:\\\/\\\/www.musikzeitung.ch\\\/#organization\"},\"image\":{\"@id\":\"https:\\\/\\\/www.musikzeitung.ch\\\/news\\\/2024\\\/03\\\/eve-maud-hubeaux-mit-karajan-preis-ausgezeichnet#primaryimage\"},\"thumbnailUrl\":\"https:\\\/\\\/www.musikzeitung.ch\\\/wp-content\\\/uploads\\\/2024\\\/03\\\/240321hubeaux.jpg\",\"keywords\":[\"Eve-Maud Hubeaux\",\"Herbert-von-Karajan-Preis\"],\"articleSection\":[\"News\",\"Personen\"],\"inLanguage\":\"en-US\"},{\"@type\":\"WebPage\",\"@id\":\"https:\\\/\\\/www.musikzeitung.ch\\\/news\\\/2024\\\/03\\\/eve-maud-hubeaux-mit-karajan-preis-ausgezeichnet\",\"url\":\"https:\\\/\\\/www.musikzeitung.ch\\\/news\\\/2024\\\/03\\\/eve-maud-hubeaux-mit-karajan-preis-ausgezeichnet\",\"name\":\"Eve-Maud Hubeaux mit Karajan-Preis ausgezeichnet - Schweizer Musikzeitung\",\"isPartOf\":{\"@id\":\"https:\\\/\\\/www.musikzeitung.ch\\\/#website\"},\"primaryImageOfPage\":{\"@id\":\"https:\\\/\\\/www.musikzeitung.ch\\\/news\\\/2024\\\/03\\\/eve-maud-hubeaux-mit-karajan-preis-ausgezeichnet#primaryimage\"},\"image\":{\"@id\":\"https:\\\/\\\/www.musikzeitung.ch\\\/news\\\/2024\\\/03\\\/eve-maud-hubeaux-mit-karajan-preis-ausgezeichnet#primaryimage\"},\"thumbnailUrl\":\"https:\\\/\\\/www.musikzeitung.ch\\\/wp-content\\\/uploads\\\/2024\\\/03\\\/240321hubeaux.jpg\",\"datePublished\":\"2024-03-21T04:56:18+00:00\",\"dateModified\":\"2024-03-22T15:24:01+00:00\",\"description\":\"Die Genfer Mezzo-Sopranistin Eve-Maud Hubeaux wird an den Osterfestspielen Salzburg mit einem Herbert-von-Karajan-Preis ausgezeichnet.\",\"breadcrumb\":{\"@id\":\"https:\\\/\\\/www.musikzeitung.ch\\\/news\\\/2024\\\/03\\\/eve-maud-hubeaux-mit-karajan-preis-ausgezeichnet#breadcrumb\"},\"inLanguage\":\"en-US\",\"potentialAction\":[{\"@type\":\"ReadAction\",\"target\":[\"https:\\\/\\\/www.musikzeitung.ch\\\/news\\\/2024\\\/03\\\/eve-maud-hubeaux-mit-karajan-preis-ausgezeichnet\"]}]},{\"@type\":\"ImageObject\",\"inLanguage\":\"en-US\",\"@id\":\"https:\\\/\\\/www.musikzeitung.ch\\\/news\\\/2024\\\/03\\\/eve-maud-hubeaux-mit-karajan-preis-ausgezeichnet#primaryimage\",\"url\":\"https:\\\/\\\/www.musikzeitung.ch\\\/wp-content\\\/uploads\\\/2024\\\/03\\\/240321hubeaux.jpg\",\"contentUrl\":\"https:\\\/\\\/www.musikzeitung.ch\\\/wp-content\\\/uploads\\\/2024\\\/03\\\/240321hubeaux.jpg\",\"width\":815,\"height\":540,\"caption\":\"Eve-Maud Hubeaux (Bild: Youtube-Still)\"},{\"@type\":\"BreadcrumbList\",\"@id\":\"https:\\\/\\\/www.musikzeitung.ch\\\/news\\\/2024\\\/03\\\/eve-maud-hubeaux-mit-karajan-preis-ausgezeichnet#breadcrumb\",\"itemListElement\":[{\"@type\":\"ListItem\",\"position\":1,\"name\":\"Home\",\"item\":\"https:\\\/\\\/www.musikzeitung.ch\\\/\"},{\"@type\":\"ListItem\",\"position\":2,\"name\":\"Eve-Maud Hubeaux mit Karajan-Preis ausgezeichnet\"}]},{\"@type\":\"WebSite\",\"@id\":\"https:\\\/\\\/www.musikzeitung.ch\\\/#website\",\"url\":\"https:\\\/\\\/www.musikzeitung.ch\\\/\",\"name\":\"Schweizer Musikzeitung\",\"description\":\"Die f\u00fchrende sparten\u00fcbergreifende Monatszeitung in der Schweiz f\u00fcr musikalische Fragen.\",\"publisher\":{\"@id\":\"https:\\\/\\\/www.musikzeitung.ch\\\/#organization\"},\"potentialAction\":[{\"@type\":\"SearchAction\",\"target\":{\"@type\":\"EntryPoint\",\"urlTemplate\":\"https:\\\/\\\/www.musikzeitung.ch\\\/?s={search_term_string}\"},\"query-input\":{\"@type\":\"PropertyValueSpecification\",\"valueRequired\":true,\"valueName\":\"search_term_string\"}}],\"inLanguage\":\"en-US\"},{\"@type\":\"Organization\",\"@id\":\"https:\\\/\\\/www.musikzeitung.ch\\\/#organization\",\"name\":\"Schweizer Musikzeitung\",\"url\":\"https:\\\/\\\/www.musikzeitung.ch\\\/\",\"logo\":{\"@type\":\"ImageObject\",\"inLanguage\":\"en-US\",\"@id\":\"https:\\\/\\\/www.musikzeitung.ch\\\/#\\\/schema\\\/logo\\\/image\\\/\",\"url\":\"https:\\\/\\\/www.musikzeitung.ch\\\/wp-content\\\/uploads\\\/2023\\\/01\\\/SMZ_Schriftzug_Sprache.png\",\"contentUrl\":\"https:\\\/\\\/www.musikzeitung.ch\\\/wp-content\\\/uploads\\\/2023\\\/01\\\/SMZ_Schriftzug_Sprache.png\",\"width\":1400,\"height\":279,\"caption\":\"Schweizer Musikzeitung\"},\"image\":{\"@id\":\"https:\\\/\\\/www.musikzeitung.ch\\\/#\\\/schema\\\/logo\\\/image\\\/\"},\"sameAs\":[\"https:\\\/\\\/www.facebook.com\\\/SchweizerMusikzeitung\\\/\",\"https:\\\/\\\/x.com\\\/smusikzeitung\",\"https:\\\/\\\/www.instagram.com\\\/musikzeitung.ch\\\/\"]},{\"@type\":\"Person\",\"@id\":\"https:\\\/\\\/www.musikzeitung.ch\\\/#\\\/schema\\\/person\\\/0da4fb82d243f1252850a35d0e87cf0c\",\"name\":\"Wolfgang B\u00f6hler\",\"image\":{\"@type\":\"ImageObject\",\"inLanguage\":\"en-US\",\"@id\":\"https:\\\/\\\/www.musikzeitung.ch\\\/wp-content\\\/uploads\\\/2023\\\/01\\\/boehler_portraet_web-e1674139782246-96x96.jpg\",\"url\":\"https:\\\/\\\/www.musikzeitung.ch\\\/wp-content\\\/uploads\\\/2023\\\/01\\\/boehler_portraet_web-e1674139782246-96x96.jpg\",\"contentUrl\":\"https:\\\/\\\/www.musikzeitung.ch\\\/wp-content\\\/uploads\\\/2023\\\/01\\\/boehler_portraet_web-e1674139782246-96x96.jpg\",\"caption\":\"Wolfgang B\u00f6hler\"},\"sameAs\":[\"http:\\\/\\\/www.manacanto.ch\",\"https:\\\/\\\/www.facebook.com\\\/wolfgang.bohler.75\"],\"url\":\"https:\\\/\\\/www.musikzeitung.ch\\\/en\\\/author\\\/wolfgang-boehler\"}]}<\/script>\n<!-- \/ Yoast SEO plugin. -->","yoast_head_json":{"title":"Eve-Maud Hubeaux awarded the Karajan Prize - Schweizer Musikzeitung","description":"The Geneva mezzo-soprano Eve-Maud Hubeaux is awarded the Herbert von Karajan Prize at the Salzburg Easter Festival.","robots":{"index":"index","follow":"follow","max-snippet":"max-snippet:-1","max-image-preview":"max-image-preview:large","max-video-preview":"max-video-preview:-1"},"canonical":"https:\/\/www.musikzeitung.ch\/en\/news\/2024\/03\/eve-maud-hubeaux-mit-karajan-preis-ausgezeichnet\/","og_locale":"en_US","og_type":"article","og_title":"Eve-Maud Hubeaux mit Karajan-Preis ausgezeichnet - Schweizer Musikzeitung","og_description":"Die Genfer Mezzo-Sopranistin Eve-Maud Hubeaux wird an den Osterfestspielen Salzburg mit einem Herbert-von-Karajan-Preis ausgezeichnet.","og_url":"https:\/\/www.musikzeitung.ch\/en\/news\/2024\/03\/eve-maud-hubeaux-mit-karajan-preis-ausgezeichnet\/","og_site_name":"Schweizer Musikzeitung","article_publisher":"https:\/\/www.facebook.com\/SchweizerMusikzeitung\/","article_author":"https:\/\/www.facebook.com\/wolfgang.bohler.75","article_published_time":"2024-03-21T04:56:18+00:00","article_modified_time":"2024-03-22T15:24:01+00:00","og_image":[{"width":815,"height":540,"url":"https:\/\/www.musikzeitung.ch\/wp-content\/uploads\/2024\/03\/240321hubeaux.jpg","type":"image\/jpeg"}],"author":"Wolfgang B\u00f6hler","twitter_card":"summary_large_image","twitter_creator":"@smusikzeitung","twitter_site":"@smusikzeitung","twitter_misc":{"Written by":"Wolfgang B\u00f6hler","Est. reading time":"2 minutes"},"schema":{"@context":"https:\/\/schema.org","@graph":[{"@type":"Article","@id":"https:\/\/www.musikzeitung.ch\/news\/2024\/03\/eve-maud-hubeaux-mit-karajan-preis-ausgezeichnet#article","isPartOf":{"@id":"https:\/\/www.musikzeitung.ch\/news\/2024\/03\/eve-maud-hubeaux-mit-karajan-preis-ausgezeichnet"},"author":{"name":"Wolfgang B\u00f6hler","@id":"https:\/\/www.musikzeitung.ch\/#\/schema\/person\/0da4fb82d243f1252850a35d0e87cf0c"},"headline":"Eve-Maud Hubeaux mit Karajan-Preis ausgezeichnet","datePublished":"2024-03-21T04:56:18+00:00","dateModified":"2024-03-22T15:24:01+00:00","mainEntityOfPage":{"@id":"https:\/\/www.musikzeitung.ch\/news\/2024\/03\/eve-maud-hubeaux-mit-karajan-preis-ausgezeichnet"},"wordCount":120,"publisher":{"@id":"https:\/\/www.musikzeitung.ch\/#organization"},"image":{"@id":"https:\/\/www.musikzeitung.ch\/news\/2024\/03\/eve-maud-hubeaux-mit-karajan-preis-ausgezeichnet#primaryimage"},"thumbnailUrl":"https:\/\/www.musikzeitung.ch\/wp-content\/uploads\/2024\/03\/240321hubeaux.jpg","keywords":["Eve-Maud Hubeaux","Herbert-von-Karajan-Preis"],"articleSection":["News","Personen"],"inLanguage":"en-US"},{"@type":"WebPage","@id":"https:\/\/www.musikzeitung.ch\/news\/2024\/03\/eve-maud-hubeaux-mit-karajan-preis-ausgezeichnet","url":"https:\/\/www.musikzeitung.ch\/news\/2024\/03\/eve-maud-hubeaux-mit-karajan-preis-ausgezeichnet","name":"Eve-Maud Hubeaux awarded the Karajan Prize - Schweizer Musikzeitung","isPartOf":{"@id":"https:\/\/www.musikzeitung.ch\/#website"},"primaryImageOfPage":{"@id":"https:\/\/www.musikzeitung.ch\/news\/2024\/03\/eve-maud-hubeaux-mit-karajan-preis-ausgezeichnet#primaryimage"},"image":{"@id":"https:\/\/www.musikzeitung.ch\/news\/2024\/03\/eve-maud-hubeaux-mit-karajan-preis-ausgezeichnet#primaryimage"},"thumbnailUrl":"https:\/\/www.musikzeitung.ch\/wp-content\/uploads\/2024\/03\/240321hubeaux.jpg","datePublished":"2024-03-21T04:56:18+00:00","dateModified":"2024-03-22T15:24:01+00:00","description":"The Geneva mezzo-soprano Eve-Maud Hubeaux is awarded the Herbert von Karajan Prize at the Salzburg Easter Festival.","breadcrumb":{"@id":"https:\/\/www.musikzeitung.ch\/news\/2024\/03\/eve-maud-hubeaux-mit-karajan-preis-ausgezeichnet#breadcrumb"},"inLanguage":"en-US","potentialAction":[{"@type":"ReadAction","target":["https:\/\/www.musikzeitung.ch\/news\/2024\/03\/eve-maud-hubeaux-mit-karajan-preis-ausgezeichnet"]}]},{"@type":"ImageObject","inLanguage":"en-US","@id":"https:\/\/www.musikzeitung.ch\/news\/2024\/03\/eve-maud-hubeaux-mit-karajan-preis-ausgezeichnet#primaryimage","url":"https:\/\/www.musikzeitung.ch\/wp-content\/uploads\/2024\/03\/240321hubeaux.jpg","contentUrl":"https:\/\/www.musikzeitung.ch\/wp-content\/uploads\/2024\/03\/240321hubeaux.jpg","width":815,"height":540,"caption":"Eve-Maud Hubeaux (Bild: Youtube-Still)"},{"@type":"BreadcrumbList","@id":"https:\/\/www.musikzeitung.ch\/news\/2024\/03\/eve-maud-hubeaux-mit-karajan-preis-ausgezeichnet#breadcrumb","itemListElement":[{"@type":"ListItem","position":1,"name":"Home","item":"https:\/\/www.musikzeitung.ch\/"},{"@type":"ListItem","position":2,"name":"Eve-Maud Hubeaux mit Karajan-Preis ausgezeichnet"}]},{"@type":"WebSite","@id":"https:\/\/www.musikzeitung.ch\/#website","url":"https:\/\/www.musikzeitung.ch\/","name":"Swiss Music Newspaper","description":"The leading interdisciplinary monthly newspaper in Switzerland for musical issues.","publisher":{"@id":"https:\/\/www.musikzeitung.ch\/#organization"},"potentialAction":[{"@type":"SearchAction","target":{"@type":"EntryPoint","urlTemplate":"https:\/\/www.musikzeitung.ch\/?s={search_term_string}"},"query-input":{"@type":"PropertyValueSpecification","valueRequired":true,"valueName":"search_term_string"}}],"inLanguage":"en-US"},{"@type":"Organization","@id":"https:\/\/www.musikzeitung.ch\/#organization","name":"Swiss Music Newspaper","url":"https:\/\/www.musikzeitung.ch\/","logo":{"@type":"ImageObject","inLanguage":"en-US","@id":"https:\/\/www.musikzeitung.ch\/#\/schema\/logo\/image\/","url":"https:\/\/www.musikzeitung.ch\/wp-content\/uploads\/2023\/01\/SMZ_Schriftzug_Sprache.png","contentUrl":"https:\/\/www.musikzeitung.ch\/wp-content\/uploads\/2023\/01\/SMZ_Schriftzug_Sprache.png","width":1400,"height":279,"caption":"Schweizer Musikzeitung"},"image":{"@id":"https:\/\/www.musikzeitung.ch\/#\/schema\/logo\/image\/"},"sameAs":["https:\/\/www.facebook.com\/SchweizerMusikzeitung\/","https:\/\/x.com\/smusikzeitung","https:\/\/www.instagram.com\/musikzeitung.ch\/"]},{"@type":"Person","@id":"https:\/\/www.musikzeitung.ch\/#\/schema\/person\/0da4fb82d243f1252850a35d0e87cf0c","name":"Wolfgang B\u00f6hler","image":{"@type":"ImageObject","inLanguage":"en-US","@id":"https:\/\/www.musikzeitung.ch\/wp-content\/uploads\/2023\/01\/boehler_portraet_web-e1674139782246-96x96.jpg","url":"https:\/\/www.musikzeitung.ch\/wp-content\/uploads\/2023\/01\/boehler_portraet_web-e1674139782246-96x96.jpg","contentUrl":"https:\/\/www.musikzeitung.ch\/wp-content\/uploads\/2023\/01\/boehler_portraet_web-e1674139782246-96x96.jpg","caption":"Wolfgang B\u00f6hler"},"sameAs":["http:\/\/www.manacanto.ch","https:\/\/www.facebook.com\/wolfgang.bohler.75"],"url":"https:\/\/www.musikzeitung.ch\/en\/author\/wolfgang-boehler"}]}},"publishpress_future_workflow_manual_trigger":{"enabledWorkflows":[]},"_links":{"self":[{"href":"https:\/\/www.musikzeitung.ch\/en\/wp-json\/wp\/v2\/posts\/53297","targetHints":{"allow":["GET"]}}],"collection":[{"href":"https:\/\/www.musikzeitung.ch\/en\/wp-json\/wp\/v2\/posts"}],"about":[{"href":"https:\/\/www.musikzeitung.ch\/en\/wp-json\/wp\/v2\/types\/post"}],"author":[{"embeddable":true,"href":"https:\/\/www.musikzeitung.ch\/en\/wp-json\/wp\/v2\/users\/30"}],"replies":[{"embeddable":true,"href":"https:\/\/www.musikzeitung.ch\/en\/wp-json\/wp\/v2\/comments?post=53297"}],"version-history":[{"count":2,"href":"https:\/\/www.musikzeitung.ch\/en\/wp-json\/wp\/v2\/posts\/53297\/revisions"}],"predecessor-version":[{"id":53300,"href":"https:\/\/www.musikzeitung.ch\/en\/wp-json\/wp\/v2\/posts\/53297\/revisions\/53300"}],"wp:featuredmedia":[{"embeddable":true,"href":"https:\/\/www.musikzeitung.ch\/en\/wp-json\/wp\/v2\/media\/53299"}],"wp:attachment":[{"href":"https:\/\/www.musikzeitung.ch\/en\/wp-json\/wp\/v2\/media?parent=53297"}],"wp:term":[{"taxonomy":"category","embeddable":true,"href":"https:\/\/www.musikzeitung.ch\/en\/wp-json\/wp\/v2\/categories?post=53297"},{"taxonomy":"post_tag","embeddable":true,"href":"https:\/\/www.musikzeitung.ch\/en\/wp-json\/wp\/v2\/tags?post=53297"}],"curies":[{"name":"wp","href":"https:\/\/api.w.org\/{rel}","templated":true}]}}