{"id":53714,"date":"2024-04-02T10:42:08","date_gmt":"2024-04-02T08:42:08","guid":{"rendered":"https:\/\/www.musikzeitung.ch\/?p=53714"},"modified":"2024-04-02T11:25:40","modified_gmt":"2024-04-02T09:25:40","slug":"dewes-gewinnt-kompositionspreis-des-deutschlandfunks","status":"publish","type":"post","link":"https:\/\/www.musikzeitung.ch\/en\/news\/2024\/04\/dewes-gewinnt-kompositionspreis-des-deutschlandfunks","title":{"rendered":"Dewes wins the Deutschlandfunk Composition Prize"},"content":{"rendered":"<figure id=\"attachment_53716\" aria-describedby=\"caption-attachment-53716\" style=\"width: 894px\" class=\"wp-caption alignnone\"><img loading=\"lazy\" decoding=\"async\" class=\"size-full wp-image-53716\" src=\"https:\/\/www.musikzeitung.ch\/wp-content\/uploads\/2024\/04\/240402dmw.jpg\" alt=\"\" width=\"894\" height=\"557\" srcset=\"https:\/\/www.musikzeitung.ch\/wp-content\/uploads\/2024\/04\/240402dmw.jpg 894w, https:\/\/www.musikzeitung.ch\/wp-content\/uploads\/2024\/04\/240402dmw-300x187.jpg 300w, https:\/\/www.musikzeitung.ch\/wp-content\/uploads\/2024\/04\/240402dmw-768x478.jpg 768w, https:\/\/www.musikzeitung.ch\/wp-content\/uploads\/2024\/04\/240402dmw-281x175.jpg 281w, https:\/\/www.musikzeitung.ch\/wp-content\/uploads\/2024\/04\/240402dmw-562x350.jpg 562w\" sizes=\"auto, (max-width: 894px) 100vw, 894px\" \/><figcaption id=\"caption-attachment-53716\" class=\"wp-caption-text\">Henrik Dewes (Image: DMW)<\/figcaption><\/figure>\n<p>Born in Trier, guitarist and composer Henrik Dewes studied guitar in Basel with Pablo M\u00e1rquez, Andreas von Wangenheim and Maurizio Grandinetti as well as composition with Johannes Caspar Walter and Bettina Skrzypczak. He also completed a teaching degree in school music and German studies in Karlsruhe. He performs regularly as a duo with Tobias Klich and with the singer Cosima B\u00fcsing. He also performs with Borsch4Breakfast across the diverse styles of Eastern European music. His latest ensemble Metafora performs classical romantic orchestral pieces in a special way: \"Umverpackt\" arranged for guitars, cello and clarinet. As a lecturer, Henrik Dewes teaches guitar at the Zurich and Basel Universities of Teacher Education in the field of music, specializing in instrumental pedagogy.<\/p>\n<p>Since its founding in 1975, the German Music Competition has been the national competition with the broadest range of support for young professional musicians. It is one of a total of 13 funding projects of the German Music Council and is held annually in alternating categories between Bonn and another German city.<\/p>","protected":false},"excerpt":{"rendered":"<p>Henrik Dewes, who studied guitar and composition at the Basel University of Music, has been awarded the Deutschlandfunk Composition Prize by the German Music Competition.<\/p>","protected":false},"author":30,"featured_media":53716,"comment_status":"closed","ping_status":"closed","sticky":false,"template":"","format":"standard","meta":{"_acf_changed":false,"_relevanssi_hide_post":"","_relevanssi_hide_content":"","_relevanssi_pin_for_all":"","_relevanssi_pin_keywords":"","_relevanssi_unpin_keywords":"","_relevanssi_related_keywords":"","_relevanssi_related_include_ids":"","_relevanssi_related_exclude_ids":"","_relevanssi_related_no_append":"","_relevanssi_related_not_related":"","_relevanssi_related_posts":"","_relevanssi_noindex_reason":"","pgc_sgb_lightbox_settings":"","footnotes":""},"categories":[27],"tags":[3889,3888],"class_list":["post-53714","post","type-post","status-publish","format-standard","has-post-thumbnail","hentry","category-news","tag-deutscher-musikwettbewerb","tag-henrik-dewes"],"acf":[],"yoast_head":"<!-- This site is optimized with the Yoast SEO plugin v27.4 - https:\/\/yoast.com\/product\/yoast-seo-wordpress\/ -->\n<title>Dewes gewinnt Kompositionspreis des Deutschlandfunks - Schweizer Musikzeitung<\/title>\n<meta name=\"description\" content=\"Henrik Dewes ist vom Deutschen Musikwettbewerb mit dem Kompositionspreis des Deutschlandfunks ausgezeichnet worden.\" \/>\n<meta name=\"robots\" content=\"index, follow, max-snippet:-1, max-image-preview:large, max-video-preview:-1\" \/>\n<link rel=\"canonical\" href=\"https:\/\/www.musikzeitung.ch\/en\/news\/2024\/04\/dewes-gewinnt-kompositionspreis-des-deutschlandfunks\/\" \/>\n<meta property=\"og:locale\" content=\"en_US\" \/>\n<meta property=\"og:type\" content=\"article\" \/>\n<meta property=\"og:title\" content=\"Dewes gewinnt Kompositionspreis des Deutschlandfunks - Schweizer Musikzeitung\" \/>\n<meta property=\"og:description\" content=\"Henrik Dewes ist vom Deutschen Musikwettbewerb mit dem Kompositionspreis des Deutschlandfunks ausgezeichnet worden.\" \/>\n<meta property=\"og:url\" content=\"https:\/\/www.musikzeitung.ch\/en\/news\/2024\/04\/dewes-gewinnt-kompositionspreis-des-deutschlandfunks\/\" \/>\n<meta property=\"og:site_name\" content=\"Schweizer Musikzeitung\" \/>\n<meta property=\"article:publisher\" content=\"https:\/\/www.facebook.com\/SchweizerMusikzeitung\/\" \/>\n<meta property=\"article:author\" content=\"https:\/\/www.facebook.com\/wolfgang.bohler.75\" \/>\n<meta property=\"article:published_time\" content=\"2024-04-02T08:42:08+00:00\" \/>\n<meta property=\"article:modified_time\" content=\"2024-04-02T09:25:40+00:00\" \/>\n<meta property=\"og:image\" content=\"https:\/\/www.musikzeitung.ch\/wp-content\/uploads\/2024\/04\/240402dmw.jpg\" \/>\n\t<meta property=\"og:image:width\" content=\"894\" \/>\n\t<meta property=\"og:image:height\" content=\"557\" \/>\n\t<meta property=\"og:image:type\" content=\"image\/jpeg\" \/>\n<meta name=\"author\" content=\"Wolfgang B\u00f6hler\" \/>\n<meta name=\"twitter:card\" content=\"summary_large_image\" \/>\n<meta name=\"twitter:creator\" content=\"@smusikzeitung\" \/>\n<meta name=\"twitter:site\" content=\"@smusikzeitung\" \/>\n<meta name=\"twitter:label1\" content=\"Written by\" \/>\n\t<meta name=\"twitter:data1\" content=\"Wolfgang B\u00f6hler\" \/>\n\t<meta name=\"twitter:label2\" content=\"Est. reading time\" \/>\n\t<meta name=\"twitter:data2\" content=\"2 minutes\" \/>\n<script type=\"application\/ld+json\" class=\"yoast-schema-graph\">{\"@context\":\"https:\\\/\\\/schema.org\",\"@graph\":[{\"@type\":\"Article\",\"@id\":\"https:\\\/\\\/www.musikzeitung.ch\\\/news\\\/2024\\\/04\\\/dewes-gewinnt-kompositionspreis-des-deutschlandfunks#article\",\"isPartOf\":{\"@id\":\"https:\\\/\\\/www.musikzeitung.ch\\\/news\\\/2024\\\/04\\\/dewes-gewinnt-kompositionspreis-des-deutschlandfunks\"},\"author\":{\"name\":\"Wolfgang B\u00f6hler\",\"@id\":\"https:\\\/\\\/www.musikzeitung.ch\\\/#\\\/schema\\\/person\\\/0da4fb82d243f1252850a35d0e87cf0c\"},\"headline\":\"Dewes gewinnt Kompositionspreis des Deutschlandfunks\",\"datePublished\":\"2024-04-02T08:42:08+00:00\",\"dateModified\":\"2024-04-02T09:25:40+00:00\",\"mainEntityOfPage\":{\"@id\":\"https:\\\/\\\/www.musikzeitung.ch\\\/news\\\/2024\\\/04\\\/dewes-gewinnt-kompositionspreis-des-deutschlandfunks\"},\"wordCount\":190,\"publisher\":{\"@id\":\"https:\\\/\\\/www.musikzeitung.ch\\\/#organization\"},\"image\":{\"@id\":\"https:\\\/\\\/www.musikzeitung.ch\\\/news\\\/2024\\\/04\\\/dewes-gewinnt-kompositionspreis-des-deutschlandfunks#primaryimage\"},\"thumbnailUrl\":\"https:\\\/\\\/www.musikzeitung.ch\\\/wp-content\\\/uploads\\\/2024\\\/04\\\/240402dmw.jpg\",\"keywords\":[\"Deutscher Musikwettbewerb\",\"Henrik Dewes\"],\"articleSection\":[\"News\"],\"inLanguage\":\"en-US\"},{\"@type\":\"WebPage\",\"@id\":\"https:\\\/\\\/www.musikzeitung.ch\\\/news\\\/2024\\\/04\\\/dewes-gewinnt-kompositionspreis-des-deutschlandfunks\",\"url\":\"https:\\\/\\\/www.musikzeitung.ch\\\/news\\\/2024\\\/04\\\/dewes-gewinnt-kompositionspreis-des-deutschlandfunks\",\"name\":\"Dewes gewinnt Kompositionspreis des Deutschlandfunks - Schweizer Musikzeitung\",\"isPartOf\":{\"@id\":\"https:\\\/\\\/www.musikzeitung.ch\\\/#website\"},\"primaryImageOfPage\":{\"@id\":\"https:\\\/\\\/www.musikzeitung.ch\\\/news\\\/2024\\\/04\\\/dewes-gewinnt-kompositionspreis-des-deutschlandfunks#primaryimage\"},\"image\":{\"@id\":\"https:\\\/\\\/www.musikzeitung.ch\\\/news\\\/2024\\\/04\\\/dewes-gewinnt-kompositionspreis-des-deutschlandfunks#primaryimage\"},\"thumbnailUrl\":\"https:\\\/\\\/www.musikzeitung.ch\\\/wp-content\\\/uploads\\\/2024\\\/04\\\/240402dmw.jpg\",\"datePublished\":\"2024-04-02T08:42:08+00:00\",\"dateModified\":\"2024-04-02T09:25:40+00:00\",\"description\":\"Henrik Dewes ist vom Deutschen Musikwettbewerb mit dem Kompositionspreis des Deutschlandfunks ausgezeichnet worden.\",\"breadcrumb\":{\"@id\":\"https:\\\/\\\/www.musikzeitung.ch\\\/news\\\/2024\\\/04\\\/dewes-gewinnt-kompositionspreis-des-deutschlandfunks#breadcrumb\"},\"inLanguage\":\"en-US\",\"potentialAction\":[{\"@type\":\"ReadAction\",\"target\":[\"https:\\\/\\\/www.musikzeitung.ch\\\/news\\\/2024\\\/04\\\/dewes-gewinnt-kompositionspreis-des-deutschlandfunks\"]}]},{\"@type\":\"ImageObject\",\"inLanguage\":\"en-US\",\"@id\":\"https:\\\/\\\/www.musikzeitung.ch\\\/news\\\/2024\\\/04\\\/dewes-gewinnt-kompositionspreis-des-deutschlandfunks#primaryimage\",\"url\":\"https:\\\/\\\/www.musikzeitung.ch\\\/wp-content\\\/uploads\\\/2024\\\/04\\\/240402dmw.jpg\",\"contentUrl\":\"https:\\\/\\\/www.musikzeitung.ch\\\/wp-content\\\/uploads\\\/2024\\\/04\\\/240402dmw.jpg\",\"width\":894,\"height\":557,\"caption\":\"Henrik Dewes (Bild: DMW)\"},{\"@type\":\"BreadcrumbList\",\"@id\":\"https:\\\/\\\/www.musikzeitung.ch\\\/news\\\/2024\\\/04\\\/dewes-gewinnt-kompositionspreis-des-deutschlandfunks#breadcrumb\",\"itemListElement\":[{\"@type\":\"ListItem\",\"position\":1,\"name\":\"Home\",\"item\":\"https:\\\/\\\/www.musikzeitung.ch\\\/\"},{\"@type\":\"ListItem\",\"position\":2,\"name\":\"Dewes gewinnt Kompositionspreis des Deutschlandfunks\"}]},{\"@type\":\"WebSite\",\"@id\":\"https:\\\/\\\/www.musikzeitung.ch\\\/#website\",\"url\":\"https:\\\/\\\/www.musikzeitung.ch\\\/\",\"name\":\"Schweizer Musikzeitung\",\"description\":\"Die f\u00fchrende sparten\u00fcbergreifende Monatszeitung in der Schweiz f\u00fcr musikalische Fragen.\",\"publisher\":{\"@id\":\"https:\\\/\\\/www.musikzeitung.ch\\\/#organization\"},\"potentialAction\":[{\"@type\":\"SearchAction\",\"target\":{\"@type\":\"EntryPoint\",\"urlTemplate\":\"https:\\\/\\\/www.musikzeitung.ch\\\/?s={search_term_string}\"},\"query-input\":{\"@type\":\"PropertyValueSpecification\",\"valueRequired\":true,\"valueName\":\"search_term_string\"}}],\"inLanguage\":\"en-US\"},{\"@type\":\"Organization\",\"@id\":\"https:\\\/\\\/www.musikzeitung.ch\\\/#organization\",\"name\":\"Schweizer Musikzeitung\",\"url\":\"https:\\\/\\\/www.musikzeitung.ch\\\/\",\"logo\":{\"@type\":\"ImageObject\",\"inLanguage\":\"en-US\",\"@id\":\"https:\\\/\\\/www.musikzeitung.ch\\\/#\\\/schema\\\/logo\\\/image\\\/\",\"url\":\"https:\\\/\\\/www.musikzeitung.ch\\\/wp-content\\\/uploads\\\/2023\\\/01\\\/SMZ_Schriftzug_Sprache.png\",\"contentUrl\":\"https:\\\/\\\/www.musikzeitung.ch\\\/wp-content\\\/uploads\\\/2023\\\/01\\\/SMZ_Schriftzug_Sprache.png\",\"width\":1400,\"height\":279,\"caption\":\"Schweizer Musikzeitung\"},\"image\":{\"@id\":\"https:\\\/\\\/www.musikzeitung.ch\\\/#\\\/schema\\\/logo\\\/image\\\/\"},\"sameAs\":[\"https:\\\/\\\/www.facebook.com\\\/SchweizerMusikzeitung\\\/\",\"https:\\\/\\\/x.com\\\/smusikzeitung\",\"https:\\\/\\\/www.instagram.com\\\/musikzeitung.ch\\\/\"]},{\"@type\":\"Person\",\"@id\":\"https:\\\/\\\/www.musikzeitung.ch\\\/#\\\/schema\\\/person\\\/0da4fb82d243f1252850a35d0e87cf0c\",\"name\":\"Wolfgang B\u00f6hler\",\"image\":{\"@type\":\"ImageObject\",\"inLanguage\":\"en-US\",\"@id\":\"https:\\\/\\\/www.musikzeitung.ch\\\/wp-content\\\/uploads\\\/2023\\\/01\\\/boehler_portraet_web-e1674139782246-96x96.jpg\",\"url\":\"https:\\\/\\\/www.musikzeitung.ch\\\/wp-content\\\/uploads\\\/2023\\\/01\\\/boehler_portraet_web-e1674139782246-96x96.jpg\",\"contentUrl\":\"https:\\\/\\\/www.musikzeitung.ch\\\/wp-content\\\/uploads\\\/2023\\\/01\\\/boehler_portraet_web-e1674139782246-96x96.jpg\",\"caption\":\"Wolfgang B\u00f6hler\"},\"sameAs\":[\"http:\\\/\\\/www.manacanto.ch\",\"https:\\\/\\\/www.facebook.com\\\/wolfgang.bohler.75\"],\"url\":\"https:\\\/\\\/www.musikzeitung.ch\\\/en\\\/author\\\/wolfgang-boehler\"}]}<\/script>\n<!-- \/ Yoast SEO plugin. -->","yoast_head_json":{"title":"Dewes gewinnt Kompositionspreis des Deutschlandfunks - Schweizer Musikzeitung","description":"Henrik Dewes ist vom Deutschen Musikwettbewerb mit dem Kompositionspreis des Deutschlandfunks ausgezeichnet worden.","robots":{"index":"index","follow":"follow","max-snippet":"max-snippet:-1","max-image-preview":"max-image-preview:large","max-video-preview":"max-video-preview:-1"},"canonical":"https:\/\/www.musikzeitung.ch\/en\/news\/2024\/04\/dewes-gewinnt-kompositionspreis-des-deutschlandfunks\/","og_locale":"en_US","og_type":"article","og_title":"Dewes gewinnt Kompositionspreis des Deutschlandfunks - Schweizer Musikzeitung","og_description":"Henrik Dewes ist vom Deutschen Musikwettbewerb mit dem Kompositionspreis des Deutschlandfunks ausgezeichnet worden.","og_url":"https:\/\/www.musikzeitung.ch\/en\/news\/2024\/04\/dewes-gewinnt-kompositionspreis-des-deutschlandfunks\/","og_site_name":"Schweizer Musikzeitung","article_publisher":"https:\/\/www.facebook.com\/SchweizerMusikzeitung\/","article_author":"https:\/\/www.facebook.com\/wolfgang.bohler.75","article_published_time":"2024-04-02T08:42:08+00:00","article_modified_time":"2024-04-02T09:25:40+00:00","og_image":[{"width":894,"height":557,"url":"https:\/\/www.musikzeitung.ch\/wp-content\/uploads\/2024\/04\/240402dmw.jpg","type":"image\/jpeg"}],"author":"Wolfgang B\u00f6hler","twitter_card":"summary_large_image","twitter_creator":"@smusikzeitung","twitter_site":"@smusikzeitung","twitter_misc":{"Written by":"Wolfgang B\u00f6hler","Est. reading time":"2 minutes"},"schema":{"@context":"https:\/\/schema.org","@graph":[{"@type":"Article","@id":"https:\/\/www.musikzeitung.ch\/news\/2024\/04\/dewes-gewinnt-kompositionspreis-des-deutschlandfunks#article","isPartOf":{"@id":"https:\/\/www.musikzeitung.ch\/news\/2024\/04\/dewes-gewinnt-kompositionspreis-des-deutschlandfunks"},"author":{"name":"Wolfgang B\u00f6hler","@id":"https:\/\/www.musikzeitung.ch\/#\/schema\/person\/0da4fb82d243f1252850a35d0e87cf0c"},"headline":"Dewes gewinnt Kompositionspreis des Deutschlandfunks","datePublished":"2024-04-02T08:42:08+00:00","dateModified":"2024-04-02T09:25:40+00:00","mainEntityOfPage":{"@id":"https:\/\/www.musikzeitung.ch\/news\/2024\/04\/dewes-gewinnt-kompositionspreis-des-deutschlandfunks"},"wordCount":190,"publisher":{"@id":"https:\/\/www.musikzeitung.ch\/#organization"},"image":{"@id":"https:\/\/www.musikzeitung.ch\/news\/2024\/04\/dewes-gewinnt-kompositionspreis-des-deutschlandfunks#primaryimage"},"thumbnailUrl":"https:\/\/www.musikzeitung.ch\/wp-content\/uploads\/2024\/04\/240402dmw.jpg","keywords":["Deutscher Musikwettbewerb","Henrik Dewes"],"articleSection":["News"],"inLanguage":"en-US"},{"@type":"WebPage","@id":"https:\/\/www.musikzeitung.ch\/news\/2024\/04\/dewes-gewinnt-kompositionspreis-des-deutschlandfunks","url":"https:\/\/www.musikzeitung.ch\/news\/2024\/04\/dewes-gewinnt-kompositionspreis-des-deutschlandfunks","name":"Dewes gewinnt Kompositionspreis des Deutschlandfunks - Schweizer Musikzeitung","isPartOf":{"@id":"https:\/\/www.musikzeitung.ch\/#website"},"primaryImageOfPage":{"@id":"https:\/\/www.musikzeitung.ch\/news\/2024\/04\/dewes-gewinnt-kompositionspreis-des-deutschlandfunks#primaryimage"},"image":{"@id":"https:\/\/www.musikzeitung.ch\/news\/2024\/04\/dewes-gewinnt-kompositionspreis-des-deutschlandfunks#primaryimage"},"thumbnailUrl":"https:\/\/www.musikzeitung.ch\/wp-content\/uploads\/2024\/04\/240402dmw.jpg","datePublished":"2024-04-02T08:42:08+00:00","dateModified":"2024-04-02T09:25:40+00:00","description":"Henrik Dewes ist vom Deutschen Musikwettbewerb mit dem Kompositionspreis des Deutschlandfunks ausgezeichnet worden.","breadcrumb":{"@id":"https:\/\/www.musikzeitung.ch\/news\/2024\/04\/dewes-gewinnt-kompositionspreis-des-deutschlandfunks#breadcrumb"},"inLanguage":"en-US","potentialAction":[{"@type":"ReadAction","target":["https:\/\/www.musikzeitung.ch\/news\/2024\/04\/dewes-gewinnt-kompositionspreis-des-deutschlandfunks"]}]},{"@type":"ImageObject","inLanguage":"en-US","@id":"https:\/\/www.musikzeitung.ch\/news\/2024\/04\/dewes-gewinnt-kompositionspreis-des-deutschlandfunks#primaryimage","url":"https:\/\/www.musikzeitung.ch\/wp-content\/uploads\/2024\/04\/240402dmw.jpg","contentUrl":"https:\/\/www.musikzeitung.ch\/wp-content\/uploads\/2024\/04\/240402dmw.jpg","width":894,"height":557,"caption":"Henrik Dewes (Bild: DMW)"},{"@type":"BreadcrumbList","@id":"https:\/\/www.musikzeitung.ch\/news\/2024\/04\/dewes-gewinnt-kompositionspreis-des-deutschlandfunks#breadcrumb","itemListElement":[{"@type":"ListItem","position":1,"name":"Home","item":"https:\/\/www.musikzeitung.ch\/"},{"@type":"ListItem","position":2,"name":"Dewes gewinnt Kompositionspreis des Deutschlandfunks"}]},{"@type":"WebSite","@id":"https:\/\/www.musikzeitung.ch\/#website","url":"https:\/\/www.musikzeitung.ch\/","name":"Swiss Music Newspaper","description":"The leading interdisciplinary monthly newspaper in Switzerland for musical issues.","publisher":{"@id":"https:\/\/www.musikzeitung.ch\/#organization"},"potentialAction":[{"@type":"SearchAction","target":{"@type":"EntryPoint","urlTemplate":"https:\/\/www.musikzeitung.ch\/?s={search_term_string}"},"query-input":{"@type":"PropertyValueSpecification","valueRequired":true,"valueName":"search_term_string"}}],"inLanguage":"en-US"},{"@type":"Organization","@id":"https:\/\/www.musikzeitung.ch\/#organization","name":"Swiss Music Newspaper","url":"https:\/\/www.musikzeitung.ch\/","logo":{"@type":"ImageObject","inLanguage":"en-US","@id":"https:\/\/www.musikzeitung.ch\/#\/schema\/logo\/image\/","url":"https:\/\/www.musikzeitung.ch\/wp-content\/uploads\/2023\/01\/SMZ_Schriftzug_Sprache.png","contentUrl":"https:\/\/www.musikzeitung.ch\/wp-content\/uploads\/2023\/01\/SMZ_Schriftzug_Sprache.png","width":1400,"height":279,"caption":"Schweizer Musikzeitung"},"image":{"@id":"https:\/\/www.musikzeitung.ch\/#\/schema\/logo\/image\/"},"sameAs":["https:\/\/www.facebook.com\/SchweizerMusikzeitung\/","https:\/\/x.com\/smusikzeitung","https:\/\/www.instagram.com\/musikzeitung.ch\/"]},{"@type":"Person","@id":"https:\/\/www.musikzeitung.ch\/#\/schema\/person\/0da4fb82d243f1252850a35d0e87cf0c","name":"Wolfgang B\u00f6hler","image":{"@type":"ImageObject","inLanguage":"en-US","@id":"https:\/\/www.musikzeitung.ch\/wp-content\/uploads\/2023\/01\/boehler_portraet_web-e1674139782246-96x96.jpg","url":"https:\/\/www.musikzeitung.ch\/wp-content\/uploads\/2023\/01\/boehler_portraet_web-e1674139782246-96x96.jpg","contentUrl":"https:\/\/www.musikzeitung.ch\/wp-content\/uploads\/2023\/01\/boehler_portraet_web-e1674139782246-96x96.jpg","caption":"Wolfgang B\u00f6hler"},"sameAs":["http:\/\/www.manacanto.ch","https:\/\/www.facebook.com\/wolfgang.bohler.75"],"url":"https:\/\/www.musikzeitung.ch\/en\/author\/wolfgang-boehler"}]}},"publishpress_future_workflow_manual_trigger":{"enabledWorkflows":[]},"_links":{"self":[{"href":"https:\/\/www.musikzeitung.ch\/en\/wp-json\/wp\/v2\/posts\/53714","targetHints":{"allow":["GET"]}}],"collection":[{"href":"https:\/\/www.musikzeitung.ch\/en\/wp-json\/wp\/v2\/posts"}],"about":[{"href":"https:\/\/www.musikzeitung.ch\/en\/wp-json\/wp\/v2\/types\/post"}],"author":[{"embeddable":true,"href":"https:\/\/www.musikzeitung.ch\/en\/wp-json\/wp\/v2\/users\/30"}],"replies":[{"embeddable":true,"href":"https:\/\/www.musikzeitung.ch\/en\/wp-json\/wp\/v2\/comments?post=53714"}],"version-history":[{"count":4,"href":"https:\/\/www.musikzeitung.ch\/en\/wp-json\/wp\/v2\/posts\/53714\/revisions"}],"predecessor-version":[{"id":53722,"href":"https:\/\/www.musikzeitung.ch\/en\/wp-json\/wp\/v2\/posts\/53714\/revisions\/53722"}],"wp:featuredmedia":[{"embeddable":true,"href":"https:\/\/www.musikzeitung.ch\/en\/wp-json\/wp\/v2\/media\/53716"}],"wp:attachment":[{"href":"https:\/\/www.musikzeitung.ch\/en\/wp-json\/wp\/v2\/media?parent=53714"}],"wp:term":[{"taxonomy":"category","embeddable":true,"href":"https:\/\/www.musikzeitung.ch\/en\/wp-json\/wp\/v2\/categories?post=53714"},{"taxonomy":"post_tag","embeddable":true,"href":"https:\/\/www.musikzeitung.ch\/en\/wp-json\/wp\/v2\/tags?post=53714"}],"curies":[{"name":"wp","href":"https:\/\/api.w.org\/{rel}","templated":true}]}}