{"id":53930,"date":"2024-04-18T05:58:14","date_gmt":"2024-04-18T03:58:14","guid":{"rendered":"https:\/\/www.musikzeitung.ch\/?p=53930"},"modified":"2024-04-18T10:27:32","modified_gmt":"2024-04-18T08:27:32","slug":"15-eidgenoessisches-volksmusikfest-findet-in-altstaetten-statt","status":"publish","type":"post","link":"https:\/\/www.musikzeitung.ch\/en\/news\/2024\/04\/15-eidgenoessisches-volksmusikfest-findet-in-altstaetten-statt","title":{"rendered":"15th Federal Folk Music Festival takes place in Altst\u00e4tten"},"content":{"rendered":"<figure id=\"attachment_53931\" aria-describedby=\"caption-attachment-53931\" style=\"width: 768px\" class=\"wp-caption alignnone\"><img loading=\"lazy\" decoding=\"async\" class=\"size-large wp-image-53931\" src=\"https:\/\/www.musikzeitung.ch\/wp-content\/uploads\/2024\/04\/240418dv-1024x542.jpg\" alt=\"\" width=\"768\" height=\"407\" srcset=\"https:\/\/www.musikzeitung.ch\/wp-content\/uploads\/2024\/04\/240418dv-1024x542.jpg 1024w, https:\/\/www.musikzeitung.ch\/wp-content\/uploads\/2024\/04\/240418dv-300x159.jpg 300w, https:\/\/www.musikzeitung.ch\/wp-content\/uploads\/2024\/04\/240418dv-768x407.jpg 768w, https:\/\/www.musikzeitung.ch\/wp-content\/uploads\/2024\/04\/240418dv-331x175.jpg 331w, https:\/\/www.musikzeitung.ch\/wp-content\/uploads\/2024\/04\/240418dv-661x350.jpg 661w, https:\/\/www.musikzeitung.ch\/wp-content\/uploads\/2024\/04\/240418dv-920x487.jpg 920w, https:\/\/www.musikzeitung.ch\/wp-content\/uploads\/2024\/04\/240418dv.jpg 1171w\" sizes=\"auto, (max-width: 768px) 100vw, 768px\" \/><figcaption id=\"caption-attachment-53931\" class=\"wp-caption-text\">Delegates' meeting of the Swiss Folk Music Association (VSV) in Muotathal (Image: VSV)<\/figcaption><\/figure>\n<p>The Federal Folk Music Festival (EVMF) is the largest and most important folk music event in Switzerland. Every four years, the festival brings together over 1,100 musicians from all genres and around 50,000 to 60,000 visitors from all over Switzerland. The focus is on making music together and cultivating traditions.<\/p>\n<p>In addition to the free music-making, there will also be musical performances throughout Altst\u00e4tt town center, which will be judged by experts. Around 230 musical performances, including around 50 performances by young musicians, and a parade await the guests.<\/p>\n<p>In the run-up to the EVMF, various events and activities will take place throughout the St. Gallen Rhine Valley. The region will also be involved during the festival: The car and touring car logistics on the Allmend in Altst\u00e4tten will be used as a parking space for the numerous motorhomes and campers expected.<\/p>","protected":false},"excerpt":{"rendered":"<p>The Federal Folk Music Festival, which takes place every four years, will be held for the next time in 2027, in Altst\u00e4tten in St.Gallen.<\/p>","protected":false},"author":30,"featured_media":53931,"comment_status":"closed","ping_status":"closed","sticky":false,"template":"","format":"standard","meta":{"_acf_changed":false,"_relevanssi_hide_post":"","_relevanssi_hide_content":"","_relevanssi_pin_for_all":"","_relevanssi_pin_keywords":"","_relevanssi_unpin_keywords":"","_relevanssi_related_keywords":"","_relevanssi_related_include_ids":"","_relevanssi_related_exclude_ids":"","_relevanssi_related_no_append":"","_relevanssi_related_not_related":"","_relevanssi_related_posts":"","_relevanssi_noindex_reason":"","pgc_sgb_lightbox_settings":"","footnotes":""},"categories":[27],"tags":[3911,3910],"class_list":["post-53930","post","type-post","status-publish","format-standard","has-post-thumbnail","hentry","category-news","tag-eidgenoessische-volksmusikfest","tag-verband-schweizer-volksmusik"],"acf":[],"yoast_head":"<!-- This site is optimized with the Yoast SEO plugin v27.4 - https:\/\/yoast.com\/product\/yoast-seo-wordpress\/ -->\n<title>15. Eidgen\u00f6ssisches Volksmusikfest findet in Altst\u00e4tten statt - Schweizer Musikzeitung<\/title>\n<meta name=\"description\" content=\"Das Eidgen\u00f6ssische Volksmusikfest, das alle vier Jahre stattfindet, wird 2027 zum n\u00e4chsten Mal durchgef\u00fchrt, und zwar in Altst\u00e4tten\/SG.\" \/>\n<meta name=\"robots\" content=\"index, follow, max-snippet:-1, max-image-preview:large, max-video-preview:-1\" \/>\n<link rel=\"canonical\" href=\"https:\/\/www.musikzeitung.ch\/en\/news\/2024\/04\/15-eidgenoessisches-volksmusikfest-findet-in-altstaetten-statt\/\" \/>\n<meta property=\"og:locale\" content=\"en_US\" \/>\n<meta property=\"og:type\" content=\"article\" \/>\n<meta property=\"og:title\" content=\"15. Eidgen\u00f6ssisches Volksmusikfest findet in Altst\u00e4tten statt - Schweizer Musikzeitung\" \/>\n<meta property=\"og:description\" content=\"Das Eidgen\u00f6ssische Volksmusikfest, das alle vier Jahre stattfindet, wird 2027 zum n\u00e4chsten Mal durchgef\u00fchrt, und zwar in Altst\u00e4tten\/SG.\" \/>\n<meta property=\"og:url\" content=\"https:\/\/www.musikzeitung.ch\/en\/news\/2024\/04\/15-eidgenoessisches-volksmusikfest-findet-in-altstaetten-statt\/\" \/>\n<meta property=\"og:site_name\" content=\"Schweizer Musikzeitung\" \/>\n<meta property=\"article:publisher\" content=\"https:\/\/www.facebook.com\/SchweizerMusikzeitung\/\" \/>\n<meta property=\"article:author\" content=\"https:\/\/www.facebook.com\/wolfgang.bohler.75\" \/>\n<meta property=\"article:published_time\" content=\"2024-04-18T03:58:14+00:00\" \/>\n<meta property=\"article:modified_time\" content=\"2024-04-18T08:27:32+00:00\" \/>\n<meta property=\"og:image\" content=\"https:\/\/www.musikzeitung.ch\/wp-content\/uploads\/2024\/04\/240418dv.jpg\" \/>\n\t<meta property=\"og:image:width\" content=\"1171\" \/>\n\t<meta property=\"og:image:height\" content=\"620\" \/>\n\t<meta property=\"og:image:type\" content=\"image\/jpeg\" \/>\n<meta name=\"author\" content=\"Wolfgang B\u00f6hler\" \/>\n<meta name=\"twitter:card\" content=\"summary_large_image\" \/>\n<meta name=\"twitter:creator\" content=\"@smusikzeitung\" \/>\n<meta name=\"twitter:site\" content=\"@smusikzeitung\" \/>\n<meta name=\"twitter:label1\" content=\"Written by\" \/>\n\t<meta name=\"twitter:data1\" content=\"Wolfgang B\u00f6hler\" \/>\n\t<meta name=\"twitter:label2\" content=\"Est. reading time\" \/>\n\t<meta name=\"twitter:data2\" content=\"2 minutes\" \/>\n<script type=\"application\/ld+json\" class=\"yoast-schema-graph\">{\"@context\":\"https:\\\/\\\/schema.org\",\"@graph\":[{\"@type\":\"Article\",\"@id\":\"https:\\\/\\\/www.musikzeitung.ch\\\/news\\\/2024\\\/04\\\/15-eidgenoessisches-volksmusikfest-findet-in-altstaetten-statt#article\",\"isPartOf\":{\"@id\":\"https:\\\/\\\/www.musikzeitung.ch\\\/news\\\/2024\\\/04\\\/15-eidgenoessisches-volksmusikfest-findet-in-altstaetten-statt\"},\"author\":{\"name\":\"Wolfgang B\u00f6hler\",\"@id\":\"https:\\\/\\\/www.musikzeitung.ch\\\/#\\\/schema\\\/person\\\/0da4fb82d243f1252850a35d0e87cf0c\"},\"headline\":\"15. Eidgen\u00f6ssisches Volksmusikfest findet in Altst\u00e4tten statt\",\"datePublished\":\"2024-04-18T03:58:14+00:00\",\"dateModified\":\"2024-04-18T08:27:32+00:00\",\"mainEntityOfPage\":{\"@id\":\"https:\\\/\\\/www.musikzeitung.ch\\\/news\\\/2024\\\/04\\\/15-eidgenoessisches-volksmusikfest-findet-in-altstaetten-statt\"},\"wordCount\":153,\"publisher\":{\"@id\":\"https:\\\/\\\/www.musikzeitung.ch\\\/#organization\"},\"image\":{\"@id\":\"https:\\\/\\\/www.musikzeitung.ch\\\/news\\\/2024\\\/04\\\/15-eidgenoessisches-volksmusikfest-findet-in-altstaetten-statt#primaryimage\"},\"thumbnailUrl\":\"https:\\\/\\\/www.musikzeitung.ch\\\/wp-content\\\/uploads\\\/2024\\\/04\\\/240418dv.jpg\",\"keywords\":[\"Eidgen\u00f6ssische Volksmusikfest\",\"Verband Schweizer Volksmusik\"],\"articleSection\":[\"News\"],\"inLanguage\":\"en-US\"},{\"@type\":\"WebPage\",\"@id\":\"https:\\\/\\\/www.musikzeitung.ch\\\/news\\\/2024\\\/04\\\/15-eidgenoessisches-volksmusikfest-findet-in-altstaetten-statt\",\"url\":\"https:\\\/\\\/www.musikzeitung.ch\\\/news\\\/2024\\\/04\\\/15-eidgenoessisches-volksmusikfest-findet-in-altstaetten-statt\",\"name\":\"15. Eidgen\u00f6ssisches Volksmusikfest findet in Altst\u00e4tten statt - Schweizer Musikzeitung\",\"isPartOf\":{\"@id\":\"https:\\\/\\\/www.musikzeitung.ch\\\/#website\"},\"primaryImageOfPage\":{\"@id\":\"https:\\\/\\\/www.musikzeitung.ch\\\/news\\\/2024\\\/04\\\/15-eidgenoessisches-volksmusikfest-findet-in-altstaetten-statt#primaryimage\"},\"image\":{\"@id\":\"https:\\\/\\\/www.musikzeitung.ch\\\/news\\\/2024\\\/04\\\/15-eidgenoessisches-volksmusikfest-findet-in-altstaetten-statt#primaryimage\"},\"thumbnailUrl\":\"https:\\\/\\\/www.musikzeitung.ch\\\/wp-content\\\/uploads\\\/2024\\\/04\\\/240418dv.jpg\",\"datePublished\":\"2024-04-18T03:58:14+00:00\",\"dateModified\":\"2024-04-18T08:27:32+00:00\",\"description\":\"Das Eidgen\u00f6ssische Volksmusikfest, das alle vier Jahre stattfindet, wird 2027 zum n\u00e4chsten Mal durchgef\u00fchrt, und zwar in Altst\u00e4tten\\\/SG.\",\"breadcrumb\":{\"@id\":\"https:\\\/\\\/www.musikzeitung.ch\\\/news\\\/2024\\\/04\\\/15-eidgenoessisches-volksmusikfest-findet-in-altstaetten-statt#breadcrumb\"},\"inLanguage\":\"en-US\",\"potentialAction\":[{\"@type\":\"ReadAction\",\"target\":[\"https:\\\/\\\/www.musikzeitung.ch\\\/news\\\/2024\\\/04\\\/15-eidgenoessisches-volksmusikfest-findet-in-altstaetten-statt\"]}]},{\"@type\":\"ImageObject\",\"inLanguage\":\"en-US\",\"@id\":\"https:\\\/\\\/www.musikzeitung.ch\\\/news\\\/2024\\\/04\\\/15-eidgenoessisches-volksmusikfest-findet-in-altstaetten-statt#primaryimage\",\"url\":\"https:\\\/\\\/www.musikzeitung.ch\\\/wp-content\\\/uploads\\\/2024\\\/04\\\/240418dv.jpg\",\"contentUrl\":\"https:\\\/\\\/www.musikzeitung.ch\\\/wp-content\\\/uploads\\\/2024\\\/04\\\/240418dv.jpg\",\"width\":1171,\"height\":620,\"caption\":\"Delegiertenversammlung des Verbands Schweizer Volksmusik (VSV) in Muotathal (Bild: VSV)\"},{\"@type\":\"BreadcrumbList\",\"@id\":\"https:\\\/\\\/www.musikzeitung.ch\\\/news\\\/2024\\\/04\\\/15-eidgenoessisches-volksmusikfest-findet-in-altstaetten-statt#breadcrumb\",\"itemListElement\":[{\"@type\":\"ListItem\",\"position\":1,\"name\":\"Home\",\"item\":\"https:\\\/\\\/www.musikzeitung.ch\\\/\"},{\"@type\":\"ListItem\",\"position\":2,\"name\":\"15. Eidgen\u00f6ssisches Volksmusikfest findet in Altst\u00e4tten statt\"}]},{\"@type\":\"WebSite\",\"@id\":\"https:\\\/\\\/www.musikzeitung.ch\\\/#website\",\"url\":\"https:\\\/\\\/www.musikzeitung.ch\\\/\",\"name\":\"Schweizer Musikzeitung\",\"description\":\"Die f\u00fchrende sparten\u00fcbergreifende Monatszeitung in der Schweiz f\u00fcr musikalische Fragen.\",\"publisher\":{\"@id\":\"https:\\\/\\\/www.musikzeitung.ch\\\/#organization\"},\"potentialAction\":[{\"@type\":\"SearchAction\",\"target\":{\"@type\":\"EntryPoint\",\"urlTemplate\":\"https:\\\/\\\/www.musikzeitung.ch\\\/?s={search_term_string}\"},\"query-input\":{\"@type\":\"PropertyValueSpecification\",\"valueRequired\":true,\"valueName\":\"search_term_string\"}}],\"inLanguage\":\"en-US\"},{\"@type\":\"Organization\",\"@id\":\"https:\\\/\\\/www.musikzeitung.ch\\\/#organization\",\"name\":\"Schweizer Musikzeitung\",\"url\":\"https:\\\/\\\/www.musikzeitung.ch\\\/\",\"logo\":{\"@type\":\"ImageObject\",\"inLanguage\":\"en-US\",\"@id\":\"https:\\\/\\\/www.musikzeitung.ch\\\/#\\\/schema\\\/logo\\\/image\\\/\",\"url\":\"https:\\\/\\\/www.musikzeitung.ch\\\/wp-content\\\/uploads\\\/2023\\\/01\\\/SMZ_Schriftzug_Sprache.png\",\"contentUrl\":\"https:\\\/\\\/www.musikzeitung.ch\\\/wp-content\\\/uploads\\\/2023\\\/01\\\/SMZ_Schriftzug_Sprache.png\",\"width\":1400,\"height\":279,\"caption\":\"Schweizer Musikzeitung\"},\"image\":{\"@id\":\"https:\\\/\\\/www.musikzeitung.ch\\\/#\\\/schema\\\/logo\\\/image\\\/\"},\"sameAs\":[\"https:\\\/\\\/www.facebook.com\\\/SchweizerMusikzeitung\\\/\",\"https:\\\/\\\/x.com\\\/smusikzeitung\",\"https:\\\/\\\/www.instagram.com\\\/musikzeitung.ch\\\/\"]},{\"@type\":\"Person\",\"@id\":\"https:\\\/\\\/www.musikzeitung.ch\\\/#\\\/schema\\\/person\\\/0da4fb82d243f1252850a35d0e87cf0c\",\"name\":\"Wolfgang B\u00f6hler\",\"image\":{\"@type\":\"ImageObject\",\"inLanguage\":\"en-US\",\"@id\":\"https:\\\/\\\/www.musikzeitung.ch\\\/wp-content\\\/uploads\\\/2023\\\/01\\\/boehler_portraet_web-e1674139782246-96x96.jpg\",\"url\":\"https:\\\/\\\/www.musikzeitung.ch\\\/wp-content\\\/uploads\\\/2023\\\/01\\\/boehler_portraet_web-e1674139782246-96x96.jpg\",\"contentUrl\":\"https:\\\/\\\/www.musikzeitung.ch\\\/wp-content\\\/uploads\\\/2023\\\/01\\\/boehler_portraet_web-e1674139782246-96x96.jpg\",\"caption\":\"Wolfgang B\u00f6hler\"},\"sameAs\":[\"http:\\\/\\\/www.manacanto.ch\",\"https:\\\/\\\/www.facebook.com\\\/wolfgang.bohler.75\"],\"url\":\"https:\\\/\\\/www.musikzeitung.ch\\\/en\\\/author\\\/wolfgang-boehler\"}]}<\/script>\n<!-- \/ Yoast SEO plugin. -->","yoast_head_json":{"title":"15. Eidgen\u00f6ssisches Volksmusikfest findet in Altst\u00e4tten statt - Schweizer Musikzeitung","description":"Das Eidgen\u00f6ssische Volksmusikfest, das alle vier Jahre stattfindet, wird 2027 zum n\u00e4chsten Mal durchgef\u00fchrt, und zwar in Altst\u00e4tten\/SG.","robots":{"index":"index","follow":"follow","max-snippet":"max-snippet:-1","max-image-preview":"max-image-preview:large","max-video-preview":"max-video-preview:-1"},"canonical":"https:\/\/www.musikzeitung.ch\/en\/news\/2024\/04\/15-eidgenoessisches-volksmusikfest-findet-in-altstaetten-statt\/","og_locale":"en_US","og_type":"article","og_title":"15. Eidgen\u00f6ssisches Volksmusikfest findet in Altst\u00e4tten statt - Schweizer Musikzeitung","og_description":"Das Eidgen\u00f6ssische Volksmusikfest, das alle vier Jahre stattfindet, wird 2027 zum n\u00e4chsten Mal durchgef\u00fchrt, und zwar in Altst\u00e4tten\/SG.","og_url":"https:\/\/www.musikzeitung.ch\/en\/news\/2024\/04\/15-eidgenoessisches-volksmusikfest-findet-in-altstaetten-statt\/","og_site_name":"Schweizer Musikzeitung","article_publisher":"https:\/\/www.facebook.com\/SchweizerMusikzeitung\/","article_author":"https:\/\/www.facebook.com\/wolfgang.bohler.75","article_published_time":"2024-04-18T03:58:14+00:00","article_modified_time":"2024-04-18T08:27:32+00:00","og_image":[{"width":1171,"height":620,"url":"https:\/\/www.musikzeitung.ch\/wp-content\/uploads\/2024\/04\/240418dv.jpg","type":"image\/jpeg"}],"author":"Wolfgang B\u00f6hler","twitter_card":"summary_large_image","twitter_creator":"@smusikzeitung","twitter_site":"@smusikzeitung","twitter_misc":{"Written by":"Wolfgang B\u00f6hler","Est. reading time":"2 minutes"},"schema":{"@context":"https:\/\/schema.org","@graph":[{"@type":"Article","@id":"https:\/\/www.musikzeitung.ch\/news\/2024\/04\/15-eidgenoessisches-volksmusikfest-findet-in-altstaetten-statt#article","isPartOf":{"@id":"https:\/\/www.musikzeitung.ch\/news\/2024\/04\/15-eidgenoessisches-volksmusikfest-findet-in-altstaetten-statt"},"author":{"name":"Wolfgang B\u00f6hler","@id":"https:\/\/www.musikzeitung.ch\/#\/schema\/person\/0da4fb82d243f1252850a35d0e87cf0c"},"headline":"15. Eidgen\u00f6ssisches Volksmusikfest findet in Altst\u00e4tten statt","datePublished":"2024-04-18T03:58:14+00:00","dateModified":"2024-04-18T08:27:32+00:00","mainEntityOfPage":{"@id":"https:\/\/www.musikzeitung.ch\/news\/2024\/04\/15-eidgenoessisches-volksmusikfest-findet-in-altstaetten-statt"},"wordCount":153,"publisher":{"@id":"https:\/\/www.musikzeitung.ch\/#organization"},"image":{"@id":"https:\/\/www.musikzeitung.ch\/news\/2024\/04\/15-eidgenoessisches-volksmusikfest-findet-in-altstaetten-statt#primaryimage"},"thumbnailUrl":"https:\/\/www.musikzeitung.ch\/wp-content\/uploads\/2024\/04\/240418dv.jpg","keywords":["Eidgen\u00f6ssische Volksmusikfest","Verband Schweizer Volksmusik"],"articleSection":["News"],"inLanguage":"en-US"},{"@type":"WebPage","@id":"https:\/\/www.musikzeitung.ch\/news\/2024\/04\/15-eidgenoessisches-volksmusikfest-findet-in-altstaetten-statt","url":"https:\/\/www.musikzeitung.ch\/news\/2024\/04\/15-eidgenoessisches-volksmusikfest-findet-in-altstaetten-statt","name":"15. Eidgen\u00f6ssisches Volksmusikfest findet in Altst\u00e4tten statt - Schweizer Musikzeitung","isPartOf":{"@id":"https:\/\/www.musikzeitung.ch\/#website"},"primaryImageOfPage":{"@id":"https:\/\/www.musikzeitung.ch\/news\/2024\/04\/15-eidgenoessisches-volksmusikfest-findet-in-altstaetten-statt#primaryimage"},"image":{"@id":"https:\/\/www.musikzeitung.ch\/news\/2024\/04\/15-eidgenoessisches-volksmusikfest-findet-in-altstaetten-statt#primaryimage"},"thumbnailUrl":"https:\/\/www.musikzeitung.ch\/wp-content\/uploads\/2024\/04\/240418dv.jpg","datePublished":"2024-04-18T03:58:14+00:00","dateModified":"2024-04-18T08:27:32+00:00","description":"Das Eidgen\u00f6ssische Volksmusikfest, das alle vier Jahre stattfindet, wird 2027 zum n\u00e4chsten Mal durchgef\u00fchrt, und zwar in Altst\u00e4tten\/SG.","breadcrumb":{"@id":"https:\/\/www.musikzeitung.ch\/news\/2024\/04\/15-eidgenoessisches-volksmusikfest-findet-in-altstaetten-statt#breadcrumb"},"inLanguage":"en-US","potentialAction":[{"@type":"ReadAction","target":["https:\/\/www.musikzeitung.ch\/news\/2024\/04\/15-eidgenoessisches-volksmusikfest-findet-in-altstaetten-statt"]}]},{"@type":"ImageObject","inLanguage":"en-US","@id":"https:\/\/www.musikzeitung.ch\/news\/2024\/04\/15-eidgenoessisches-volksmusikfest-findet-in-altstaetten-statt#primaryimage","url":"https:\/\/www.musikzeitung.ch\/wp-content\/uploads\/2024\/04\/240418dv.jpg","contentUrl":"https:\/\/www.musikzeitung.ch\/wp-content\/uploads\/2024\/04\/240418dv.jpg","width":1171,"height":620,"caption":"Delegiertenversammlung des Verbands Schweizer Volksmusik (VSV) in Muotathal (Bild: VSV)"},{"@type":"BreadcrumbList","@id":"https:\/\/www.musikzeitung.ch\/news\/2024\/04\/15-eidgenoessisches-volksmusikfest-findet-in-altstaetten-statt#breadcrumb","itemListElement":[{"@type":"ListItem","position":1,"name":"Home","item":"https:\/\/www.musikzeitung.ch\/"},{"@type":"ListItem","position":2,"name":"15. Eidgen\u00f6ssisches Volksmusikfest findet in Altst\u00e4tten statt"}]},{"@type":"WebSite","@id":"https:\/\/www.musikzeitung.ch\/#website","url":"https:\/\/www.musikzeitung.ch\/","name":"Swiss Music Newspaper","description":"The leading interdisciplinary monthly newspaper in Switzerland for musical issues.","publisher":{"@id":"https:\/\/www.musikzeitung.ch\/#organization"},"potentialAction":[{"@type":"SearchAction","target":{"@type":"EntryPoint","urlTemplate":"https:\/\/www.musikzeitung.ch\/?s={search_term_string}"},"query-input":{"@type":"PropertyValueSpecification","valueRequired":true,"valueName":"search_term_string"}}],"inLanguage":"en-US"},{"@type":"Organization","@id":"https:\/\/www.musikzeitung.ch\/#organization","name":"Swiss Music Newspaper","url":"https:\/\/www.musikzeitung.ch\/","logo":{"@type":"ImageObject","inLanguage":"en-US","@id":"https:\/\/www.musikzeitung.ch\/#\/schema\/logo\/image\/","url":"https:\/\/www.musikzeitung.ch\/wp-content\/uploads\/2023\/01\/SMZ_Schriftzug_Sprache.png","contentUrl":"https:\/\/www.musikzeitung.ch\/wp-content\/uploads\/2023\/01\/SMZ_Schriftzug_Sprache.png","width":1400,"height":279,"caption":"Schweizer Musikzeitung"},"image":{"@id":"https:\/\/www.musikzeitung.ch\/#\/schema\/logo\/image\/"},"sameAs":["https:\/\/www.facebook.com\/SchweizerMusikzeitung\/","https:\/\/x.com\/smusikzeitung","https:\/\/www.instagram.com\/musikzeitung.ch\/"]},{"@type":"Person","@id":"https:\/\/www.musikzeitung.ch\/#\/schema\/person\/0da4fb82d243f1252850a35d0e87cf0c","name":"Wolfgang B\u00f6hler","image":{"@type":"ImageObject","inLanguage":"en-US","@id":"https:\/\/www.musikzeitung.ch\/wp-content\/uploads\/2023\/01\/boehler_portraet_web-e1674139782246-96x96.jpg","url":"https:\/\/www.musikzeitung.ch\/wp-content\/uploads\/2023\/01\/boehler_portraet_web-e1674139782246-96x96.jpg","contentUrl":"https:\/\/www.musikzeitung.ch\/wp-content\/uploads\/2023\/01\/boehler_portraet_web-e1674139782246-96x96.jpg","caption":"Wolfgang B\u00f6hler"},"sameAs":["http:\/\/www.manacanto.ch","https:\/\/www.facebook.com\/wolfgang.bohler.75"],"url":"https:\/\/www.musikzeitung.ch\/en\/author\/wolfgang-boehler"}]}},"publishpress_future_workflow_manual_trigger":{"enabledWorkflows":[]},"_links":{"self":[{"href":"https:\/\/www.musikzeitung.ch\/en\/wp-json\/wp\/v2\/posts\/53930","targetHints":{"allow":["GET"]}}],"collection":[{"href":"https:\/\/www.musikzeitung.ch\/en\/wp-json\/wp\/v2\/posts"}],"about":[{"href":"https:\/\/www.musikzeitung.ch\/en\/wp-json\/wp\/v2\/types\/post"}],"author":[{"embeddable":true,"href":"https:\/\/www.musikzeitung.ch\/en\/wp-json\/wp\/v2\/users\/30"}],"replies":[{"embeddable":true,"href":"https:\/\/www.musikzeitung.ch\/en\/wp-json\/wp\/v2\/comments?post=53930"}],"version-history":[{"count":4,"href":"https:\/\/www.musikzeitung.ch\/en\/wp-json\/wp\/v2\/posts\/53930\/revisions"}],"predecessor-version":[{"id":53992,"href":"https:\/\/www.musikzeitung.ch\/en\/wp-json\/wp\/v2\/posts\/53930\/revisions\/53992"}],"wp:featuredmedia":[{"embeddable":true,"href":"https:\/\/www.musikzeitung.ch\/en\/wp-json\/wp\/v2\/media\/53931"}],"wp:attachment":[{"href":"https:\/\/www.musikzeitung.ch\/en\/wp-json\/wp\/v2\/media?parent=53930"}],"wp:term":[{"taxonomy":"category","embeddable":true,"href":"https:\/\/www.musikzeitung.ch\/en\/wp-json\/wp\/v2\/categories?post=53930"},{"taxonomy":"post_tag","embeddable":true,"href":"https:\/\/www.musikzeitung.ch\/en\/wp-json\/wp\/v2\/tags?post=53930"}],"curies":[{"name":"wp","href":"https:\/\/api.w.org\/{rel}","templated":true}]}}