{"id":54039,"date":"2024-04-22T05:58:36","date_gmt":"2024-04-22T03:58:36","guid":{"rendered":"https:\/\/www.musikzeitung.ch\/?p=54039"},"modified":"2024-04-22T15:48:02","modified_gmt":"2024-04-22T13:48:02","slug":"fritz-gerber-award-geht-an-bognar-morais-fernandes-und-villar-martin","status":"publish","type":"post","link":"https:\/\/www.musikzeitung.ch\/en\/news\/2024\/04\/fritz-gerber-award-geht-an-bognar-morais-fernandes-und-villar-martin","title":{"rendered":"Fritz Gerber Award goes to Bogn\u00e1r, Morais Fernandes and Villar Mart\u00edn"},"content":{"rendered":"<figure id=\"attachment_54040\" aria-describedby=\"caption-attachment-54040\" style=\"width: 768px\" class=\"wp-caption alignnone\"><img loading=\"lazy\" decoding=\"async\" class=\"size-large wp-image-54040\" src=\"https:\/\/www.musikzeitung.ch\/wp-content\/uploads\/2024\/04\/240422fga-1024x576.jpg\" alt=\"\" width=\"768\" height=\"432\" srcset=\"https:\/\/www.musikzeitung.ch\/wp-content\/uploads\/2024\/04\/240422fga-1024x576.jpg 1024w, https:\/\/www.musikzeitung.ch\/wp-content\/uploads\/2024\/04\/240422fga-300x169.jpg 300w, https:\/\/www.musikzeitung.ch\/wp-content\/uploads\/2024\/04\/240422fga-768x432.jpg 768w, https:\/\/www.musikzeitung.ch\/wp-content\/uploads\/2024\/04\/240422fga-311x175.jpg 311w, https:\/\/www.musikzeitung.ch\/wp-content\/uploads\/2024\/04\/240422fga-622x350.jpg 622w, https:\/\/www.musikzeitung.ch\/wp-content\/uploads\/2024\/04\/240422fga-920x518.jpg 920w, https:\/\/www.musikzeitung.ch\/wp-content\/uploads\/2024\/04\/240422fga.jpg 1080w\" sizes=\"auto, (max-width: 768px) 100vw, 768px\" \/><figcaption id=\"caption-attachment-54040\" class=\"wp-caption-text\">(Pictures: Itsasne Alzola, Arcos Cano, Reza Kaviani)<\/figcaption><\/figure>\n<p>Phoebe Bogn\u00e1r, born in Australia in 1997, studied at the Hochschule f\u00fcr Musik Basel and the International Ensemble Modern Academy (IEMA), among others. Her musical practice is characterized by a variety of genres, art forms and disciplines, including gestures, voice, various flutes, theater and electronics.<\/p>\n<p>Santiago Villar Mart\u00edn was born in Spain in 1998. He studied at the Frederyk Chopin University of Music in Warsaw and currently at the Hochschule f\u00fcr Musik Basel. Villar Mart\u00edn has already performed with ensembles such as Studio Musik Fabrik and the Basel Sinfonietta. He is also a co-founder of the experimental ICE 3 Ensemble and the Ex-Sentia Ensemble.<\/p>\n<p>Born in Portugal in 1999, Francisco Morais Fernandes is currently completing his master's degree at the Bern University of the Arts (HKB). He has attended master classes with Katia Veekmans and Piotr Anderszewski, among others. Morais Fernandes is active as a soloist, ensemble and orchestral musician as well as a conductor.<\/p>\n<p>Launched in 2015, the <a href=\"https:\/\/www.lucernefestival.ch\/de\/lucerne-festival-academy\/fritz-gerber-award\" target=\"_blank\" rel=\"noopener\">Fritz Gerber Award<\/a> is awarded three times a year. The prize money amounts to CHF 10,000 each and also enables participation in the Lucerne Festival Academy in the amount of CHF 10,000 each. Candidates must have Swiss citizenship or have lived in Switzerland for at least three years. The competition is organized by the Lucerne Festival Academy. The jury is made up of Michael Haefliger, Director of the Lucerne Festival, and the composer and conductor Heinz Holliger.<\/p>","protected":false},"excerpt":{"rendered":"<p>This year, the Fritz Gerber Award, established by the Fritz Gerber Foundation and the Lucerne Festival, will be presented to flutist Phoebe Bogn\u00e1r, pianist Francisco Morais Fernandes and percussionist Santiago Villar Mart\u00edn.<\/p>","protected":false},"author":30,"featured_media":54040,"comment_status":"closed","ping_status":"closed","sticky":false,"template":"","format":"standard","meta":{"_acf_changed":false,"_relevanssi_hide_post":"","_relevanssi_hide_content":"","_relevanssi_pin_for_all":"","_relevanssi_pin_keywords":"","_relevanssi_unpin_keywords":"","_relevanssi_related_keywords":"","_relevanssi_related_include_ids":"","_relevanssi_related_exclude_ids":"","_relevanssi_related_no_append":"","_relevanssi_related_not_related":"","_relevanssi_related_posts":"","_relevanssi_noindex_reason":"","pgc_sgb_lightbox_settings":"","footnotes":""},"categories":[27],"tags":[3924,2317,3922,3923],"class_list":["post-54039","post","type-post","status-publish","format-standard","has-post-thumbnail","hentry","category-news","tag-francisco-morais-fernandes","tag-fritz-gerber-award","tag-phoebe-bognar","tag-santiago-villar-martin"],"acf":[],"yoast_head":"<!-- This site is optimized with the Yoast SEO plugin v27.4 - https:\/\/yoast.com\/product\/yoast-seo-wordpress\/ -->\n<title>Fritz-Gerber-Award geht an Bogn\u00e1r, Morais Fernandes und Villar Mart\u00edn - Schweizer Musikzeitung<\/title>\n<meta name=\"description\" content=\"Die Fl\u00f6tistin Phoebe Bogn\u00e1r, der Pianist Francisco Morais Fernandes und der Schlagzeuger Santiago Villar Mart\u00edn erhielten den Fritz-Gerber-Award.\" \/>\n<meta name=\"robots\" content=\"index, follow, max-snippet:-1, max-image-preview:large, max-video-preview:-1\" \/>\n<link rel=\"canonical\" href=\"https:\/\/www.musikzeitung.ch\/en\/news\/2024\/04\/fritz-gerber-award-geht-an-bognar-morais-fernandes-und-villar-martin\/\" \/>\n<meta property=\"og:locale\" content=\"en_US\" \/>\n<meta property=\"og:type\" content=\"article\" \/>\n<meta property=\"og:title\" content=\"Fritz-Gerber-Award geht an Bogn\u00e1r, Morais Fernandes und Villar Mart\u00edn - Schweizer Musikzeitung\" \/>\n<meta property=\"og:description\" content=\"Die Fl\u00f6tistin Phoebe Bogn\u00e1r, der Pianist Francisco Morais Fernandes und der Schlagzeuger Santiago Villar Mart\u00edn erhielten den Fritz-Gerber-Award.\" \/>\n<meta property=\"og:url\" content=\"https:\/\/www.musikzeitung.ch\/en\/news\/2024\/04\/fritz-gerber-award-geht-an-bognar-morais-fernandes-und-villar-martin\/\" \/>\n<meta property=\"og:site_name\" content=\"Schweizer Musikzeitung\" \/>\n<meta property=\"article:publisher\" content=\"https:\/\/www.facebook.com\/SchweizerMusikzeitung\/\" \/>\n<meta property=\"article:author\" content=\"https:\/\/www.facebook.com\/wolfgang.bohler.75\" \/>\n<meta property=\"article:published_time\" content=\"2024-04-22T03:58:36+00:00\" \/>\n<meta property=\"article:modified_time\" content=\"2024-04-22T13:48:02+00:00\" \/>\n<meta property=\"og:image\" content=\"https:\/\/www.musikzeitung.ch\/wp-content\/uploads\/2024\/04\/240422fga.jpg\" \/>\n\t<meta property=\"og:image:width\" content=\"1080\" \/>\n\t<meta property=\"og:image:height\" content=\"608\" \/>\n\t<meta property=\"og:image:type\" content=\"image\/jpeg\" \/>\n<meta name=\"author\" content=\"Wolfgang B\u00f6hler\" \/>\n<meta name=\"twitter:card\" content=\"summary_large_image\" \/>\n<meta name=\"twitter:creator\" content=\"@smusikzeitung\" \/>\n<meta name=\"twitter:site\" content=\"@smusikzeitung\" \/>\n<meta name=\"twitter:label1\" content=\"Written by\" \/>\n\t<meta name=\"twitter:data1\" content=\"Wolfgang B\u00f6hler\" \/>\n\t<meta name=\"twitter:label2\" content=\"Est. reading time\" \/>\n\t<meta name=\"twitter:data2\" content=\"2 minutes\" \/>\n<script type=\"application\/ld+json\" class=\"yoast-schema-graph\">{\"@context\":\"https:\\\/\\\/schema.org\",\"@graph\":[{\"@type\":\"Article\",\"@id\":\"https:\\\/\\\/www.musikzeitung.ch\\\/news\\\/2024\\\/04\\\/fritz-gerber-award-geht-an-bognar-morais-fernandes-und-villar-martin#article\",\"isPartOf\":{\"@id\":\"https:\\\/\\\/www.musikzeitung.ch\\\/news\\\/2024\\\/04\\\/fritz-gerber-award-geht-an-bognar-morais-fernandes-und-villar-martin\"},\"author\":{\"name\":\"Wolfgang B\u00f6hler\",\"@id\":\"https:\\\/\\\/www.musikzeitung.ch\\\/#\\\/schema\\\/person\\\/0da4fb82d243f1252850a35d0e87cf0c\"},\"headline\":\"Fritz-Gerber-Award geht an Bogn\u00e1r, Morais Fernandes und Villar Mart\u00edn\",\"datePublished\":\"2024-04-22T03:58:36+00:00\",\"dateModified\":\"2024-04-22T13:48:02+00:00\",\"mainEntityOfPage\":{\"@id\":\"https:\\\/\\\/www.musikzeitung.ch\\\/news\\\/2024\\\/04\\\/fritz-gerber-award-geht-an-bognar-morais-fernandes-und-villar-martin\"},\"wordCount\":255,\"publisher\":{\"@id\":\"https:\\\/\\\/www.musikzeitung.ch\\\/#organization\"},\"image\":{\"@id\":\"https:\\\/\\\/www.musikzeitung.ch\\\/news\\\/2024\\\/04\\\/fritz-gerber-award-geht-an-bognar-morais-fernandes-und-villar-martin#primaryimage\"},\"thumbnailUrl\":\"https:\\\/\\\/www.musikzeitung.ch\\\/wp-content\\\/uploads\\\/2024\\\/04\\\/240422fga.jpg\",\"keywords\":[\"Francisco Morais Fernandes\",\"Fritz-Gerber-Award\",\"Phoebe Bogn\u00e1r\",\"Santiago Villar Mart\u00edn\"],\"articleSection\":[\"News\"],\"inLanguage\":\"en-US\"},{\"@type\":\"WebPage\",\"@id\":\"https:\\\/\\\/www.musikzeitung.ch\\\/news\\\/2024\\\/04\\\/fritz-gerber-award-geht-an-bognar-morais-fernandes-und-villar-martin\",\"url\":\"https:\\\/\\\/www.musikzeitung.ch\\\/news\\\/2024\\\/04\\\/fritz-gerber-award-geht-an-bognar-morais-fernandes-und-villar-martin\",\"name\":\"Fritz-Gerber-Award geht an Bogn\u00e1r, Morais Fernandes und Villar Mart\u00edn - Schweizer Musikzeitung\",\"isPartOf\":{\"@id\":\"https:\\\/\\\/www.musikzeitung.ch\\\/#website\"},\"primaryImageOfPage\":{\"@id\":\"https:\\\/\\\/www.musikzeitung.ch\\\/news\\\/2024\\\/04\\\/fritz-gerber-award-geht-an-bognar-morais-fernandes-und-villar-martin#primaryimage\"},\"image\":{\"@id\":\"https:\\\/\\\/www.musikzeitung.ch\\\/news\\\/2024\\\/04\\\/fritz-gerber-award-geht-an-bognar-morais-fernandes-und-villar-martin#primaryimage\"},\"thumbnailUrl\":\"https:\\\/\\\/www.musikzeitung.ch\\\/wp-content\\\/uploads\\\/2024\\\/04\\\/240422fga.jpg\",\"datePublished\":\"2024-04-22T03:58:36+00:00\",\"dateModified\":\"2024-04-22T13:48:02+00:00\",\"description\":\"Die Fl\u00f6tistin Phoebe Bogn\u00e1r, der Pianist Francisco Morais Fernandes und der Schlagzeuger Santiago Villar Mart\u00edn erhielten den Fritz-Gerber-Award.\",\"breadcrumb\":{\"@id\":\"https:\\\/\\\/www.musikzeitung.ch\\\/news\\\/2024\\\/04\\\/fritz-gerber-award-geht-an-bognar-morais-fernandes-und-villar-martin#breadcrumb\"},\"inLanguage\":\"en-US\",\"potentialAction\":[{\"@type\":\"ReadAction\",\"target\":[\"https:\\\/\\\/www.musikzeitung.ch\\\/news\\\/2024\\\/04\\\/fritz-gerber-award-geht-an-bognar-morais-fernandes-und-villar-martin\"]}]},{\"@type\":\"ImageObject\",\"inLanguage\":\"en-US\",\"@id\":\"https:\\\/\\\/www.musikzeitung.ch\\\/news\\\/2024\\\/04\\\/fritz-gerber-award-geht-an-bognar-morais-fernandes-und-villar-martin#primaryimage\",\"url\":\"https:\\\/\\\/www.musikzeitung.ch\\\/wp-content\\\/uploads\\\/2024\\\/04\\\/240422fga.jpg\",\"contentUrl\":\"https:\\\/\\\/www.musikzeitung.ch\\\/wp-content\\\/uploads\\\/2024\\\/04\\\/240422fga.jpg\",\"width\":1080,\"height\":608,\"caption\":\"(Bilder: Itsasne Alzola, Arcos Cano, Reza Kaviani)\"},{\"@type\":\"BreadcrumbList\",\"@id\":\"https:\\\/\\\/www.musikzeitung.ch\\\/news\\\/2024\\\/04\\\/fritz-gerber-award-geht-an-bognar-morais-fernandes-und-villar-martin#breadcrumb\",\"itemListElement\":[{\"@type\":\"ListItem\",\"position\":1,\"name\":\"Home\",\"item\":\"https:\\\/\\\/www.musikzeitung.ch\\\/\"},{\"@type\":\"ListItem\",\"position\":2,\"name\":\"Fritz-Gerber-Award geht an Bogn\u00e1r, Morais Fernandes und Villar Mart\u00edn\"}]},{\"@type\":\"WebSite\",\"@id\":\"https:\\\/\\\/www.musikzeitung.ch\\\/#website\",\"url\":\"https:\\\/\\\/www.musikzeitung.ch\\\/\",\"name\":\"Schweizer Musikzeitung\",\"description\":\"Die f\u00fchrende sparten\u00fcbergreifende Monatszeitung in der Schweiz f\u00fcr musikalische Fragen.\",\"publisher\":{\"@id\":\"https:\\\/\\\/www.musikzeitung.ch\\\/#organization\"},\"potentialAction\":[{\"@type\":\"SearchAction\",\"target\":{\"@type\":\"EntryPoint\",\"urlTemplate\":\"https:\\\/\\\/www.musikzeitung.ch\\\/?s={search_term_string}\"},\"query-input\":{\"@type\":\"PropertyValueSpecification\",\"valueRequired\":true,\"valueName\":\"search_term_string\"}}],\"inLanguage\":\"en-US\"},{\"@type\":\"Organization\",\"@id\":\"https:\\\/\\\/www.musikzeitung.ch\\\/#organization\",\"name\":\"Schweizer Musikzeitung\",\"url\":\"https:\\\/\\\/www.musikzeitung.ch\\\/\",\"logo\":{\"@type\":\"ImageObject\",\"inLanguage\":\"en-US\",\"@id\":\"https:\\\/\\\/www.musikzeitung.ch\\\/#\\\/schema\\\/logo\\\/image\\\/\",\"url\":\"https:\\\/\\\/www.musikzeitung.ch\\\/wp-content\\\/uploads\\\/2023\\\/01\\\/SMZ_Schriftzug_Sprache.png\",\"contentUrl\":\"https:\\\/\\\/www.musikzeitung.ch\\\/wp-content\\\/uploads\\\/2023\\\/01\\\/SMZ_Schriftzug_Sprache.png\",\"width\":1400,\"height\":279,\"caption\":\"Schweizer Musikzeitung\"},\"image\":{\"@id\":\"https:\\\/\\\/www.musikzeitung.ch\\\/#\\\/schema\\\/logo\\\/image\\\/\"},\"sameAs\":[\"https:\\\/\\\/www.facebook.com\\\/SchweizerMusikzeitung\\\/\",\"https:\\\/\\\/x.com\\\/smusikzeitung\",\"https:\\\/\\\/www.instagram.com\\\/musikzeitung.ch\\\/\"]},{\"@type\":\"Person\",\"@id\":\"https:\\\/\\\/www.musikzeitung.ch\\\/#\\\/schema\\\/person\\\/0da4fb82d243f1252850a35d0e87cf0c\",\"name\":\"Wolfgang B\u00f6hler\",\"image\":{\"@type\":\"ImageObject\",\"inLanguage\":\"en-US\",\"@id\":\"https:\\\/\\\/www.musikzeitung.ch\\\/wp-content\\\/uploads\\\/2023\\\/01\\\/boehler_portraet_web-e1674139782246-96x96.jpg\",\"url\":\"https:\\\/\\\/www.musikzeitung.ch\\\/wp-content\\\/uploads\\\/2023\\\/01\\\/boehler_portraet_web-e1674139782246-96x96.jpg\",\"contentUrl\":\"https:\\\/\\\/www.musikzeitung.ch\\\/wp-content\\\/uploads\\\/2023\\\/01\\\/boehler_portraet_web-e1674139782246-96x96.jpg\",\"caption\":\"Wolfgang B\u00f6hler\"},\"sameAs\":[\"http:\\\/\\\/www.manacanto.ch\",\"https:\\\/\\\/www.facebook.com\\\/wolfgang.bohler.75\"],\"url\":\"https:\\\/\\\/www.musikzeitung.ch\\\/en\\\/author\\\/wolfgang-boehler\"}]}<\/script>\n<!-- \/ Yoast SEO plugin. -->","yoast_head_json":{"title":"Fritz Gerber Award goes to Bogn\u00e1r, Morais Fernandes and Villar Mart\u00edn - Schweizer Musikzeitung","description":"Flutist Phoebe Bogn\u00e1r, pianist Francisco Morais Fernandes and percussionist Santiago Villar Mart\u00edn received the Fritz Gerber Award.","robots":{"index":"index","follow":"follow","max-snippet":"max-snippet:-1","max-image-preview":"max-image-preview:large","max-video-preview":"max-video-preview:-1"},"canonical":"https:\/\/www.musikzeitung.ch\/en\/news\/2024\/04\/fritz-gerber-award-geht-an-bognar-morais-fernandes-und-villar-martin\/","og_locale":"en_US","og_type":"article","og_title":"Fritz-Gerber-Award geht an Bogn\u00e1r, Morais Fernandes und Villar Mart\u00edn - Schweizer Musikzeitung","og_description":"Die Fl\u00f6tistin Phoebe Bogn\u00e1r, der Pianist Francisco Morais Fernandes und der Schlagzeuger Santiago Villar Mart\u00edn erhielten den Fritz-Gerber-Award.","og_url":"https:\/\/www.musikzeitung.ch\/en\/news\/2024\/04\/fritz-gerber-award-geht-an-bognar-morais-fernandes-und-villar-martin\/","og_site_name":"Schweizer Musikzeitung","article_publisher":"https:\/\/www.facebook.com\/SchweizerMusikzeitung\/","article_author":"https:\/\/www.facebook.com\/wolfgang.bohler.75","article_published_time":"2024-04-22T03:58:36+00:00","article_modified_time":"2024-04-22T13:48:02+00:00","og_image":[{"width":1080,"height":608,"url":"https:\/\/www.musikzeitung.ch\/wp-content\/uploads\/2024\/04\/240422fga.jpg","type":"image\/jpeg"}],"author":"Wolfgang B\u00f6hler","twitter_card":"summary_large_image","twitter_creator":"@smusikzeitung","twitter_site":"@smusikzeitung","twitter_misc":{"Written by":"Wolfgang B\u00f6hler","Est. reading time":"2 minutes"},"schema":{"@context":"https:\/\/schema.org","@graph":[{"@type":"Article","@id":"https:\/\/www.musikzeitung.ch\/news\/2024\/04\/fritz-gerber-award-geht-an-bognar-morais-fernandes-und-villar-martin#article","isPartOf":{"@id":"https:\/\/www.musikzeitung.ch\/news\/2024\/04\/fritz-gerber-award-geht-an-bognar-morais-fernandes-und-villar-martin"},"author":{"name":"Wolfgang B\u00f6hler","@id":"https:\/\/www.musikzeitung.ch\/#\/schema\/person\/0da4fb82d243f1252850a35d0e87cf0c"},"headline":"Fritz-Gerber-Award geht an Bogn\u00e1r, Morais Fernandes und Villar Mart\u00edn","datePublished":"2024-04-22T03:58:36+00:00","dateModified":"2024-04-22T13:48:02+00:00","mainEntityOfPage":{"@id":"https:\/\/www.musikzeitung.ch\/news\/2024\/04\/fritz-gerber-award-geht-an-bognar-morais-fernandes-und-villar-martin"},"wordCount":255,"publisher":{"@id":"https:\/\/www.musikzeitung.ch\/#organization"},"image":{"@id":"https:\/\/www.musikzeitung.ch\/news\/2024\/04\/fritz-gerber-award-geht-an-bognar-morais-fernandes-und-villar-martin#primaryimage"},"thumbnailUrl":"https:\/\/www.musikzeitung.ch\/wp-content\/uploads\/2024\/04\/240422fga.jpg","keywords":["Francisco Morais Fernandes","Fritz-Gerber-Award","Phoebe Bogn\u00e1r","Santiago Villar Mart\u00edn"],"articleSection":["News"],"inLanguage":"en-US"},{"@type":"WebPage","@id":"https:\/\/www.musikzeitung.ch\/news\/2024\/04\/fritz-gerber-award-geht-an-bognar-morais-fernandes-und-villar-martin","url":"https:\/\/www.musikzeitung.ch\/news\/2024\/04\/fritz-gerber-award-geht-an-bognar-morais-fernandes-und-villar-martin","name":"Fritz Gerber Award goes to Bogn\u00e1r, Morais Fernandes and Villar Mart\u00edn - Schweizer Musikzeitung","isPartOf":{"@id":"https:\/\/www.musikzeitung.ch\/#website"},"primaryImageOfPage":{"@id":"https:\/\/www.musikzeitung.ch\/news\/2024\/04\/fritz-gerber-award-geht-an-bognar-morais-fernandes-und-villar-martin#primaryimage"},"image":{"@id":"https:\/\/www.musikzeitung.ch\/news\/2024\/04\/fritz-gerber-award-geht-an-bognar-morais-fernandes-und-villar-martin#primaryimage"},"thumbnailUrl":"https:\/\/www.musikzeitung.ch\/wp-content\/uploads\/2024\/04\/240422fga.jpg","datePublished":"2024-04-22T03:58:36+00:00","dateModified":"2024-04-22T13:48:02+00:00","description":"Flutist Phoebe Bogn\u00e1r, pianist Francisco Morais Fernandes and percussionist Santiago Villar Mart\u00edn received the Fritz Gerber Award.","breadcrumb":{"@id":"https:\/\/www.musikzeitung.ch\/news\/2024\/04\/fritz-gerber-award-geht-an-bognar-morais-fernandes-und-villar-martin#breadcrumb"},"inLanguage":"en-US","potentialAction":[{"@type":"ReadAction","target":["https:\/\/www.musikzeitung.ch\/news\/2024\/04\/fritz-gerber-award-geht-an-bognar-morais-fernandes-und-villar-martin"]}]},{"@type":"ImageObject","inLanguage":"en-US","@id":"https:\/\/www.musikzeitung.ch\/news\/2024\/04\/fritz-gerber-award-geht-an-bognar-morais-fernandes-und-villar-martin#primaryimage","url":"https:\/\/www.musikzeitung.ch\/wp-content\/uploads\/2024\/04\/240422fga.jpg","contentUrl":"https:\/\/www.musikzeitung.ch\/wp-content\/uploads\/2024\/04\/240422fga.jpg","width":1080,"height":608,"caption":"(Bilder: Itsasne Alzola, Arcos Cano, Reza Kaviani)"},{"@type":"BreadcrumbList","@id":"https:\/\/www.musikzeitung.ch\/news\/2024\/04\/fritz-gerber-award-geht-an-bognar-morais-fernandes-und-villar-martin#breadcrumb","itemListElement":[{"@type":"ListItem","position":1,"name":"Home","item":"https:\/\/www.musikzeitung.ch\/"},{"@type":"ListItem","position":2,"name":"Fritz-Gerber-Award geht an Bogn\u00e1r, Morais Fernandes und Villar Mart\u00edn"}]},{"@type":"WebSite","@id":"https:\/\/www.musikzeitung.ch\/#website","url":"https:\/\/www.musikzeitung.ch\/","name":"Swiss Music Newspaper","description":"The leading interdisciplinary monthly newspaper in Switzerland for musical issues.","publisher":{"@id":"https:\/\/www.musikzeitung.ch\/#organization"},"potentialAction":[{"@type":"SearchAction","target":{"@type":"EntryPoint","urlTemplate":"https:\/\/www.musikzeitung.ch\/?s={search_term_string}"},"query-input":{"@type":"PropertyValueSpecification","valueRequired":true,"valueName":"search_term_string"}}],"inLanguage":"en-US"},{"@type":"Organization","@id":"https:\/\/www.musikzeitung.ch\/#organization","name":"Swiss Music Newspaper","url":"https:\/\/www.musikzeitung.ch\/","logo":{"@type":"ImageObject","inLanguage":"en-US","@id":"https:\/\/www.musikzeitung.ch\/#\/schema\/logo\/image\/","url":"https:\/\/www.musikzeitung.ch\/wp-content\/uploads\/2023\/01\/SMZ_Schriftzug_Sprache.png","contentUrl":"https:\/\/www.musikzeitung.ch\/wp-content\/uploads\/2023\/01\/SMZ_Schriftzug_Sprache.png","width":1400,"height":279,"caption":"Schweizer Musikzeitung"},"image":{"@id":"https:\/\/www.musikzeitung.ch\/#\/schema\/logo\/image\/"},"sameAs":["https:\/\/www.facebook.com\/SchweizerMusikzeitung\/","https:\/\/x.com\/smusikzeitung","https:\/\/www.instagram.com\/musikzeitung.ch\/"]},{"@type":"Person","@id":"https:\/\/www.musikzeitung.ch\/#\/schema\/person\/0da4fb82d243f1252850a35d0e87cf0c","name":"Wolfgang B\u00f6hler","image":{"@type":"ImageObject","inLanguage":"en-US","@id":"https:\/\/www.musikzeitung.ch\/wp-content\/uploads\/2023\/01\/boehler_portraet_web-e1674139782246-96x96.jpg","url":"https:\/\/www.musikzeitung.ch\/wp-content\/uploads\/2023\/01\/boehler_portraet_web-e1674139782246-96x96.jpg","contentUrl":"https:\/\/www.musikzeitung.ch\/wp-content\/uploads\/2023\/01\/boehler_portraet_web-e1674139782246-96x96.jpg","caption":"Wolfgang B\u00f6hler"},"sameAs":["http:\/\/www.manacanto.ch","https:\/\/www.facebook.com\/wolfgang.bohler.75"],"url":"https:\/\/www.musikzeitung.ch\/en\/author\/wolfgang-boehler"}]}},"publishpress_future_workflow_manual_trigger":{"enabledWorkflows":[]},"_links":{"self":[{"href":"https:\/\/www.musikzeitung.ch\/en\/wp-json\/wp\/v2\/posts\/54039","targetHints":{"allow":["GET"]}}],"collection":[{"href":"https:\/\/www.musikzeitung.ch\/en\/wp-json\/wp\/v2\/posts"}],"about":[{"href":"https:\/\/www.musikzeitung.ch\/en\/wp-json\/wp\/v2\/types\/post"}],"author":[{"embeddable":true,"href":"https:\/\/www.musikzeitung.ch\/en\/wp-json\/wp\/v2\/users\/30"}],"replies":[{"embeddable":true,"href":"https:\/\/www.musikzeitung.ch\/en\/wp-json\/wp\/v2\/comments?post=54039"}],"version-history":[{"count":5,"href":"https:\/\/www.musikzeitung.ch\/en\/wp-json\/wp\/v2\/posts\/54039\/revisions"}],"predecessor-version":[{"id":54059,"href":"https:\/\/www.musikzeitung.ch\/en\/wp-json\/wp\/v2\/posts\/54039\/revisions\/54059"}],"wp:featuredmedia":[{"embeddable":true,"href":"https:\/\/www.musikzeitung.ch\/en\/wp-json\/wp\/v2\/media\/54040"}],"wp:attachment":[{"href":"https:\/\/www.musikzeitung.ch\/en\/wp-json\/wp\/v2\/media?parent=54039"}],"wp:term":[{"taxonomy":"category","embeddable":true,"href":"https:\/\/www.musikzeitung.ch\/en\/wp-json\/wp\/v2\/categories?post=54039"},{"taxonomy":"post_tag","embeddable":true,"href":"https:\/\/www.musikzeitung.ch\/en\/wp-json\/wp\/v2\/tags?post=54039"}],"curies":[{"name":"wp","href":"https:\/\/api.w.org\/{rel}","templated":true}]}}