{"id":54318,"date":"2024-05-08T16:51:17","date_gmt":"2024-05-08T14:51:17","guid":{"rendered":"https:\/\/www.musikzeitung.ch\/?p=54318"},"modified":"2024-05-13T17:18:23","modified_gmt":"2024-05-13T15:18:23","slug":"reichel","status":"publish","type":"post","link":"https:\/\/www.musikzeitung.ch\/en\/rezensionen\/buecher-rezensionen\/2024\/05\/reichel","title":{"rendered":"Bernese revolutionary and romantic"},"content":{"rendered":"<figure id=\"attachment_54457\" aria-describedby=\"caption-attachment-54457\" style=\"width: 2534px\" class=\"wp-caption alignnone\"><img loading=\"lazy\" decoding=\"async\" class=\"wp-image-54457 size-full\" src=\"https:\/\/www.musikzeitung.ch\/wp-content\/uploads\/2024\/05\/Reichel-Adolf-Photo-1-by-Moritz-Vollenweider.jpeg\" alt=\"\" width=\"2534\" height=\"1841\" srcset=\"https:\/\/www.musikzeitung.ch\/wp-content\/uploads\/2024\/05\/Reichel-Adolf-Photo-1-by-Moritz-Vollenweider.jpeg 1376w, https:\/\/www.musikzeitung.ch\/wp-content\/uploads\/2024\/05\/Reichel-Adolf-Photo-1-by-Moritz-Vollenweider-300x218.jpeg 300w, https:\/\/www.musikzeitung.ch\/wp-content\/uploads\/2024\/05\/Reichel-Adolf-Photo-1-by-Moritz-Vollenweider-1024x744.jpeg 1024w, https:\/\/www.musikzeitung.ch\/wp-content\/uploads\/2024\/05\/Reichel-Adolf-Photo-1-by-Moritz-Vollenweider-768x558.jpeg 768w, https:\/\/www.musikzeitung.ch\/wp-content\/uploads\/2024\/05\/Reichel-Adolf-Photo-1-by-Moritz-Vollenweider-1536x1116.jpeg 1536w, https:\/\/www.musikzeitung.ch\/wp-content\/uploads\/2024\/05\/Reichel-Adolf-Photo-1-by-Moritz-Vollenweider-2048x1488.jpeg 2048w, https:\/\/www.musikzeitung.ch\/wp-content\/uploads\/2024\/05\/Reichel-Adolf-Photo-1-by-Moritz-Vollenweider-241x175.jpeg 241w, https:\/\/www.musikzeitung.ch\/wp-content\/uploads\/2024\/05\/Reichel-Adolf-Photo-1-by-Moritz-Vollenweider-482x350.jpeg 482w, https:\/\/www.musikzeitung.ch\/wp-content\/uploads\/2024\/05\/Reichel-Adolf-Photo-1-by-Moritz-Vollenweider-1101x800.jpeg 1101w, https:\/\/www.musikzeitung.ch\/wp-content\/uploads\/2024\/05\/Reichel-Adolf-Photo-1-by-Moritz-Vollenweider-920x668.jpeg 920w, https:\/\/www.musikzeitung.ch\/wp-content\/uploads\/2024\/05\/Reichel-Adolf-Photo-1-by-Moritz-Vollenweider-1400x1017.jpeg 1400w\" sizes=\"auto, (max-width: 2534px) 100vw, 2534px\" \/><figcaption id=\"caption-attachment-54457\" class=\"wp-caption-text\">Adolf Reichel photographed by Moritz Vollenweider. Picture: zVg<\/figcaption><\/figure>\n<p>\"Adolf Reichel is an unknown\" is how Jannis Mallouchos' monograph on the Bernese chief conductor, composer, pianist and teacher of German origin begins. 652 pages later, the unknown man has been researched as exhaustively as few of his peers, in a scholarly book that reads as grippingly as a novel. In the literature on early socialism and the Vorm\u00e4rz, Adolf Reichel (1816-1896) has long been an old acquaintance. But years ago, a handful of musicians (Suzanne Reichel, Adrian Aeschbacher, Stefan Blunier) tried in vain to draw attention to Reichel as a composer.<\/p>\n<p>It then took a Greek composer and musicologist, a German professor, a Dutch archive, an Austrian publisher and a coincidence to rediscover the Swiss musician: Mallouchos came across Reichel's great-great-granddaughter on the Internet, who had just tracked down her ancestor's music manuscripts, which had been lost for decades.<\/p>\n<h3>Excellent networked personality<\/h3>\n<p>Mallouchos meticulously traces Reichel's adventurous path from good Prussian subject to supporter of oppositionists and revolutionaries known to the police (who today would probably have to put up with the label \"terrorists\") and finally to serene republican and Swiss citizen with Emmental citizenship, the progenitor of a dynasty that today counts six generations of musicians without a break.<\/p>\n<p>Mallouchos traces Reichel's encounters with countless important personalities from Friedrich Schleiermacher to Alexander Herzen (whose collaborator Marija Ern he married), Georg Herwegh, Fr\u00e9d\u00e9ric Chopin, Pierre-Joseph Proudhon, Karl Marx and Duke Georg II of Saxe-Meiningen, his stations in \"revolutionary and romantic\" (John Eliot Gardiner) Europe and his long-standing symbiotic friendship with the anarchist Mikhail Bakunin down to the finest ramifications and cross-relationships. He places Reichel's memoirs, his theoretical works, his letters and his compositions - beautiful and thoroughly touching music, written conservatively but very adeptly in the idiom of classical Romanticism between Beethoven and Schumann - astutely and knowledgeably in the intellectual-historical contexts of their epoch.<\/p>\n<p>The book concludes with work analyses, a bibliography and a list of Reichel's 279 works, which we will hopefully soon see published and hear performed again.<img loading=\"lazy\" decoding=\"async\" class=\"aligncenter wp-image-54320 size-medium\" src=\"https:\/\/www.musikzeitung.ch\/wp-content\/uploads\/2024\/04\/05_crit_buch_Sommerhalder-200x300.jpeg\" alt=\"\" width=\"200\" height=\"300\" srcset=\"https:\/\/www.musikzeitung.ch\/wp-content\/uploads\/2024\/04\/05_crit_buch_Sommerhalder-200x300.jpeg 200w, https:\/\/www.musikzeitung.ch\/wp-content\/uploads\/2024\/04\/05_crit_buch_Sommerhalder-682x1024.jpeg 682w, https:\/\/www.musikzeitung.ch\/wp-content\/uploads\/2024\/04\/05_crit_buch_Sommerhalder-768x1152.jpeg 768w, https:\/\/www.musikzeitung.ch\/wp-content\/uploads\/2024\/04\/05_crit_buch_Sommerhalder-1024x1536.jpeg 1024w, https:\/\/www.musikzeitung.ch\/wp-content\/uploads\/2024\/04\/05_crit_buch_Sommerhalder-117x175.jpeg 117w, https:\/\/www.musikzeitung.ch\/wp-content\/uploads\/2024\/04\/05_crit_buch_Sommerhalder-233x350.jpeg 233w, https:\/\/www.musikzeitung.ch\/wp-content\/uploads\/2024\/04\/05_crit_buch_Sommerhalder-533x800.jpeg 533w, https:\/\/www.musikzeitung.ch\/wp-content\/uploads\/2024\/04\/05_crit_buch_Sommerhalder-920x1380.jpeg 920w, https:\/\/www.musikzeitung.ch\/wp-content\/uploads\/2024\/04\/05_crit_buch_Sommerhalder-300x450.jpeg 300w, https:\/\/www.musikzeitung.ch\/wp-content\/uploads\/2024\/04\/05_crit_buch_Sommerhalder.jpeg 667w\" sizes=\"auto, (max-width: 200px) 100vw, 200px\" \/><\/p>\n<p><em>Jannis Mallouchos: Adolf Reichel (1816-1896), Political, cultural-historical, music-theoretical and compositional aspects of a musician's life, 652 p., \u20ac 80.00, Hollitzer, Vienna 2023, ISBN 978-3-99094-084-6<\/em><\/p>\n<p><em>\u00a0<\/em><\/p>","protected":false},"excerpt":{"rendered":"<p>In a comprehensive monograph, Jannis Mallouchos traces the life of the musician and Bakunin confidant Adolf Reichel.<\/p>","protected":false},"author":29,"featured_media":54457,"comment_status":"closed","ping_status":"closed","sticky":false,"template":"","format":"standard","meta":{"_acf_changed":false,"_relevanssi_hide_post":"","_relevanssi_hide_content":"","_relevanssi_pin_for_all":"","_relevanssi_pin_keywords":"","_relevanssi_unpin_keywords":"","_relevanssi_related_keywords":"","_relevanssi_related_include_ids":"","_relevanssi_related_exclude_ids":"","_relevanssi_related_no_append":"","_relevanssi_related_not_related":"","_relevanssi_related_posts":"","_relevanssi_noindex_reason":"","pgc_sgb_lightbox_settings":"","footnotes":""},"categories":[1214,29],"tags":[3986,3988,3987,3989],"class_list":["post-54318","post","type-post","status-publish","format-standard","has-post-thumbnail","hentry","category-buecher-rezensionen","category-rezensionen","tag-adolf-reichel","tag-fruehsozialismus","tag-jannis-mallouchos","tag-michail-bakunin"],"acf":[],"yoast_head":"<!-- This site is optimized with the Yoast SEO plugin v27.4 - https:\/\/yoast.com\/product\/yoast-seo-wordpress\/ -->\n<title>Berner Revolution\u00e4r und Romantiker - Schweizer Musikzeitung<\/title>\n<meta name=\"description\" content=\"In einer umfangreichen Monografie zeichnet Jannis Mallouchos den Lebensweg des Musikers und Bakunin-Vertrauten Adolf Reichel nach.\" \/>\n<meta name=\"robots\" content=\"index, follow, max-snippet:-1, max-image-preview:large, max-video-preview:-1\" \/>\n<link rel=\"canonical\" href=\"https:\/\/www.musikzeitung.ch\/en\/rezensionen\/buecher-rezensionen\/2024\/05\/reichel\/\" \/>\n<meta property=\"og:locale\" content=\"en_US\" \/>\n<meta property=\"og:type\" content=\"article\" \/>\n<meta property=\"og:title\" content=\"Berner Revolution\u00e4r und Romantiker - Schweizer Musikzeitung\" \/>\n<meta property=\"og:description\" content=\"In einer umfangreichen Monografie zeichnet Jannis Mallouchos den Lebensweg des Musikers und Bakunin-Vertrauten Adolf Reichel nach.\" \/>\n<meta property=\"og:url\" content=\"https:\/\/www.musikzeitung.ch\/en\/rezensionen\/buecher-rezensionen\/2024\/05\/reichel\/\" \/>\n<meta property=\"og:site_name\" content=\"Schweizer Musikzeitung\" \/>\n<meta property=\"article:publisher\" content=\"https:\/\/www.facebook.com\/SchweizerMusikzeitung\/\" \/>\n<meta property=\"article:published_time\" content=\"2024-05-08T14:51:17+00:00\" \/>\n<meta property=\"article:modified_time\" content=\"2024-05-13T15:18:23+00:00\" \/>\n<meta property=\"og:image\" content=\"https:\/\/www.musikzeitung.ch\/wp-content\/uploads\/2024\/05\/Reichel-Adolf-Photo-1-by-Moritz-Vollenweider.jpeg\" \/>\n\t<meta property=\"og:image:width\" content=\"1376\" \/>\n\t<meta property=\"og:image:height\" content=\"1000\" \/>\n\t<meta property=\"og:image:type\" content=\"image\/jpeg\" \/>\n<meta name=\"author\" content=\"pia.schwab\" \/>\n<meta name=\"twitter:card\" content=\"summary_large_image\" \/>\n<meta name=\"twitter:creator\" content=\"@smusikzeitung\" \/>\n<meta name=\"twitter:site\" content=\"@smusikzeitung\" \/>\n<meta name=\"twitter:label1\" content=\"Written by\" \/>\n\t<meta name=\"twitter:data1\" content=\"pia.schwab\" \/>\n\t<meta name=\"twitter:label2\" content=\"Est. reading time\" \/>\n\t<meta name=\"twitter:data2\" content=\"3 minutes\" \/>\n<script type=\"application\/ld+json\" class=\"yoast-schema-graph\">{\"@context\":\"https:\\\/\\\/schema.org\",\"@graph\":[{\"@type\":\"Article\",\"@id\":\"https:\\\/\\\/www.musikzeitung.ch\\\/rezensionen\\\/buecher-rezensionen\\\/2024\\\/05\\\/reichel#article\",\"isPartOf\":{\"@id\":\"https:\\\/\\\/www.musikzeitung.ch\\\/rezensionen\\\/buecher-rezensionen\\\/2024\\\/05\\\/reichel\"},\"author\":{\"name\":\"pia.schwab\",\"@id\":\"https:\\\/\\\/www.musikzeitung.ch\\\/#\\\/schema\\\/person\\\/ea3d7b86bd7157c78c7ddd37f2f82b5b\"},\"headline\":\"Berner Revolution\u00e4r und Romantiker\",\"datePublished\":\"2024-05-08T14:51:17+00:00\",\"dateModified\":\"2024-05-13T15:18:23+00:00\",\"mainEntityOfPage\":{\"@id\":\"https:\\\/\\\/www.musikzeitung.ch\\\/rezensionen\\\/buecher-rezensionen\\\/2024\\\/05\\\/reichel\"},\"wordCount\":368,\"publisher\":{\"@id\":\"https:\\\/\\\/www.musikzeitung.ch\\\/#organization\"},\"image\":{\"@id\":\"https:\\\/\\\/www.musikzeitung.ch\\\/rezensionen\\\/buecher-rezensionen\\\/2024\\\/05\\\/reichel#primaryimage\"},\"thumbnailUrl\":\"https:\\\/\\\/www.musikzeitung.ch\\\/wp-content\\\/uploads\\\/2024\\\/05\\\/Reichel-Adolf-Photo-1-by-Moritz-Vollenweider.jpeg\",\"keywords\":[\"Adolf Reichel\",\"Fr\u00fchsozialismus\",\"Jannis Mallouchos\",\"Michail Bakunin\"],\"articleSection\":[\"B\u00fccher\",\"Rezensionen\"],\"inLanguage\":\"en-US\"},{\"@type\":\"WebPage\",\"@id\":\"https:\\\/\\\/www.musikzeitung.ch\\\/rezensionen\\\/buecher-rezensionen\\\/2024\\\/05\\\/reichel\",\"url\":\"https:\\\/\\\/www.musikzeitung.ch\\\/rezensionen\\\/buecher-rezensionen\\\/2024\\\/05\\\/reichel\",\"name\":\"Berner Revolution\u00e4r und Romantiker - Schweizer Musikzeitung\",\"isPartOf\":{\"@id\":\"https:\\\/\\\/www.musikzeitung.ch\\\/#website\"},\"primaryImageOfPage\":{\"@id\":\"https:\\\/\\\/www.musikzeitung.ch\\\/rezensionen\\\/buecher-rezensionen\\\/2024\\\/05\\\/reichel#primaryimage\"},\"image\":{\"@id\":\"https:\\\/\\\/www.musikzeitung.ch\\\/rezensionen\\\/buecher-rezensionen\\\/2024\\\/05\\\/reichel#primaryimage\"},\"thumbnailUrl\":\"https:\\\/\\\/www.musikzeitung.ch\\\/wp-content\\\/uploads\\\/2024\\\/05\\\/Reichel-Adolf-Photo-1-by-Moritz-Vollenweider.jpeg\",\"datePublished\":\"2024-05-08T14:51:17+00:00\",\"dateModified\":\"2024-05-13T15:18:23+00:00\",\"description\":\"In einer umfangreichen Monografie zeichnet Jannis Mallouchos den Lebensweg des Musikers und Bakunin-Vertrauten Adolf Reichel nach.\",\"breadcrumb\":{\"@id\":\"https:\\\/\\\/www.musikzeitung.ch\\\/rezensionen\\\/buecher-rezensionen\\\/2024\\\/05\\\/reichel#breadcrumb\"},\"inLanguage\":\"en-US\",\"potentialAction\":[{\"@type\":\"ReadAction\",\"target\":[\"https:\\\/\\\/www.musikzeitung.ch\\\/rezensionen\\\/buecher-rezensionen\\\/2024\\\/05\\\/reichel\"]}]},{\"@type\":\"ImageObject\",\"inLanguage\":\"en-US\",\"@id\":\"https:\\\/\\\/www.musikzeitung.ch\\\/rezensionen\\\/buecher-rezensionen\\\/2024\\\/05\\\/reichel#primaryimage\",\"url\":\"https:\\\/\\\/www.musikzeitung.ch\\\/wp-content\\\/uploads\\\/2024\\\/05\\\/Reichel-Adolf-Photo-1-by-Moritz-Vollenweider.jpeg\",\"contentUrl\":\"https:\\\/\\\/www.musikzeitung.ch\\\/wp-content\\\/uploads\\\/2024\\\/05\\\/Reichel-Adolf-Photo-1-by-Moritz-Vollenweider.jpeg\",\"width\":1376,\"height\":1000},{\"@type\":\"BreadcrumbList\",\"@id\":\"https:\\\/\\\/www.musikzeitung.ch\\\/rezensionen\\\/buecher-rezensionen\\\/2024\\\/05\\\/reichel#breadcrumb\",\"itemListElement\":[{\"@type\":\"ListItem\",\"position\":1,\"name\":\"Home\",\"item\":\"https:\\\/\\\/www.musikzeitung.ch\\\/\"},{\"@type\":\"ListItem\",\"position\":2,\"name\":\"Berner Revolution\u00e4r und Romantiker\"}]},{\"@type\":\"WebSite\",\"@id\":\"https:\\\/\\\/www.musikzeitung.ch\\\/#website\",\"url\":\"https:\\\/\\\/www.musikzeitung.ch\\\/\",\"name\":\"Schweizer Musikzeitung\",\"description\":\"Die f\u00fchrende sparten\u00fcbergreifende Monatszeitung in der Schweiz f\u00fcr musikalische Fragen.\",\"publisher\":{\"@id\":\"https:\\\/\\\/www.musikzeitung.ch\\\/#organization\"},\"potentialAction\":[{\"@type\":\"SearchAction\",\"target\":{\"@type\":\"EntryPoint\",\"urlTemplate\":\"https:\\\/\\\/www.musikzeitung.ch\\\/?s={search_term_string}\"},\"query-input\":{\"@type\":\"PropertyValueSpecification\",\"valueRequired\":true,\"valueName\":\"search_term_string\"}}],\"inLanguage\":\"en-US\"},{\"@type\":\"Organization\",\"@id\":\"https:\\\/\\\/www.musikzeitung.ch\\\/#organization\",\"name\":\"Schweizer Musikzeitung\",\"url\":\"https:\\\/\\\/www.musikzeitung.ch\\\/\",\"logo\":{\"@type\":\"ImageObject\",\"inLanguage\":\"en-US\",\"@id\":\"https:\\\/\\\/www.musikzeitung.ch\\\/#\\\/schema\\\/logo\\\/image\\\/\",\"url\":\"https:\\\/\\\/www.musikzeitung.ch\\\/wp-content\\\/uploads\\\/2023\\\/01\\\/SMZ_Schriftzug_Sprache.png\",\"contentUrl\":\"https:\\\/\\\/www.musikzeitung.ch\\\/wp-content\\\/uploads\\\/2023\\\/01\\\/SMZ_Schriftzug_Sprache.png\",\"width\":1400,\"height\":279,\"caption\":\"Schweizer Musikzeitung\"},\"image\":{\"@id\":\"https:\\\/\\\/www.musikzeitung.ch\\\/#\\\/schema\\\/logo\\\/image\\\/\"},\"sameAs\":[\"https:\\\/\\\/www.facebook.com\\\/SchweizerMusikzeitung\\\/\",\"https:\\\/\\\/x.com\\\/smusikzeitung\",\"https:\\\/\\\/www.instagram.com\\\/musikzeitung.ch\\\/\"]},{\"@type\":\"Person\",\"@id\":\"https:\\\/\\\/www.musikzeitung.ch\\\/#\\\/schema\\\/person\\\/ea3d7b86bd7157c78c7ddd37f2f82b5b\",\"name\":\"pia.schwab\",\"image\":{\"@type\":\"ImageObject\",\"inLanguage\":\"en-US\",\"@id\":\"https:\\\/\\\/secure.gravatar.com\\\/avatar\\\/d39d170de4c2d07e897fbc26cf9d890fc046285c742207b86d8ebabe5fcde2c4?s=96&d=mm&r=g\",\"url\":\"https:\\\/\\\/secure.gravatar.com\\\/avatar\\\/d39d170de4c2d07e897fbc26cf9d890fc046285c742207b86d8ebabe5fcde2c4?s=96&d=mm&r=g\",\"contentUrl\":\"https:\\\/\\\/secure.gravatar.com\\\/avatar\\\/d39d170de4c2d07e897fbc26cf9d890fc046285c742207b86d8ebabe5fcde2c4?s=96&d=mm&r=g\",\"caption\":\"pia.schwab\"},\"url\":\"https:\\\/\\\/www.musikzeitung.ch\\\/en\\\/author\\\/pia-schwab\"}]}<\/script>\n<!-- \/ Yoast SEO plugin. -->","yoast_head_json":{"title":"Bernese revolutionary and romantic - Schweizer Musikzeitung","description":"In a comprehensive monograph, Jannis Mallouchos traces the life of the musician and Bakunin confidant Adolf Reichel.","robots":{"index":"index","follow":"follow","max-snippet":"max-snippet:-1","max-image-preview":"max-image-preview:large","max-video-preview":"max-video-preview:-1"},"canonical":"https:\/\/www.musikzeitung.ch\/en\/rezensionen\/buecher-rezensionen\/2024\/05\/reichel\/","og_locale":"en_US","og_type":"article","og_title":"Berner Revolution\u00e4r und Romantiker - Schweizer Musikzeitung","og_description":"In einer umfangreichen Monografie zeichnet Jannis Mallouchos den Lebensweg des Musikers und Bakunin-Vertrauten Adolf Reichel nach.","og_url":"https:\/\/www.musikzeitung.ch\/en\/rezensionen\/buecher-rezensionen\/2024\/05\/reichel\/","og_site_name":"Schweizer Musikzeitung","article_publisher":"https:\/\/www.facebook.com\/SchweizerMusikzeitung\/","article_published_time":"2024-05-08T14:51:17+00:00","article_modified_time":"2024-05-13T15:18:23+00:00","og_image":[{"width":1376,"height":1000,"url":"https:\/\/www.musikzeitung.ch\/wp-content\/uploads\/2024\/05\/Reichel-Adolf-Photo-1-by-Moritz-Vollenweider.jpeg","type":"image\/jpeg"}],"author":"pia.schwab","twitter_card":"summary_large_image","twitter_creator":"@smusikzeitung","twitter_site":"@smusikzeitung","twitter_misc":{"Written by":"pia.schwab","Est. reading time":"3 minutes"},"schema":{"@context":"https:\/\/schema.org","@graph":[{"@type":"Article","@id":"https:\/\/www.musikzeitung.ch\/rezensionen\/buecher-rezensionen\/2024\/05\/reichel#article","isPartOf":{"@id":"https:\/\/www.musikzeitung.ch\/rezensionen\/buecher-rezensionen\/2024\/05\/reichel"},"author":{"name":"pia.schwab","@id":"https:\/\/www.musikzeitung.ch\/#\/schema\/person\/ea3d7b86bd7157c78c7ddd37f2f82b5b"},"headline":"Berner Revolution\u00e4r und Romantiker","datePublished":"2024-05-08T14:51:17+00:00","dateModified":"2024-05-13T15:18:23+00:00","mainEntityOfPage":{"@id":"https:\/\/www.musikzeitung.ch\/rezensionen\/buecher-rezensionen\/2024\/05\/reichel"},"wordCount":368,"publisher":{"@id":"https:\/\/www.musikzeitung.ch\/#organization"},"image":{"@id":"https:\/\/www.musikzeitung.ch\/rezensionen\/buecher-rezensionen\/2024\/05\/reichel#primaryimage"},"thumbnailUrl":"https:\/\/www.musikzeitung.ch\/wp-content\/uploads\/2024\/05\/Reichel-Adolf-Photo-1-by-Moritz-Vollenweider.jpeg","keywords":["Adolf Reichel","Fr\u00fchsozialismus","Jannis Mallouchos","Michail Bakunin"],"articleSection":["B\u00fccher","Rezensionen"],"inLanguage":"en-US"},{"@type":"WebPage","@id":"https:\/\/www.musikzeitung.ch\/rezensionen\/buecher-rezensionen\/2024\/05\/reichel","url":"https:\/\/www.musikzeitung.ch\/rezensionen\/buecher-rezensionen\/2024\/05\/reichel","name":"Bernese revolutionary and romantic - Schweizer Musikzeitung","isPartOf":{"@id":"https:\/\/www.musikzeitung.ch\/#website"},"primaryImageOfPage":{"@id":"https:\/\/www.musikzeitung.ch\/rezensionen\/buecher-rezensionen\/2024\/05\/reichel#primaryimage"},"image":{"@id":"https:\/\/www.musikzeitung.ch\/rezensionen\/buecher-rezensionen\/2024\/05\/reichel#primaryimage"},"thumbnailUrl":"https:\/\/www.musikzeitung.ch\/wp-content\/uploads\/2024\/05\/Reichel-Adolf-Photo-1-by-Moritz-Vollenweider.jpeg","datePublished":"2024-05-08T14:51:17+00:00","dateModified":"2024-05-13T15:18:23+00:00","description":"In a comprehensive monograph, Jannis Mallouchos traces the life of the musician and Bakunin confidant Adolf Reichel.","breadcrumb":{"@id":"https:\/\/www.musikzeitung.ch\/rezensionen\/buecher-rezensionen\/2024\/05\/reichel#breadcrumb"},"inLanguage":"en-US","potentialAction":[{"@type":"ReadAction","target":["https:\/\/www.musikzeitung.ch\/rezensionen\/buecher-rezensionen\/2024\/05\/reichel"]}]},{"@type":"ImageObject","inLanguage":"en-US","@id":"https:\/\/www.musikzeitung.ch\/rezensionen\/buecher-rezensionen\/2024\/05\/reichel#primaryimage","url":"https:\/\/www.musikzeitung.ch\/wp-content\/uploads\/2024\/05\/Reichel-Adolf-Photo-1-by-Moritz-Vollenweider.jpeg","contentUrl":"https:\/\/www.musikzeitung.ch\/wp-content\/uploads\/2024\/05\/Reichel-Adolf-Photo-1-by-Moritz-Vollenweider.jpeg","width":1376,"height":1000},{"@type":"BreadcrumbList","@id":"https:\/\/www.musikzeitung.ch\/rezensionen\/buecher-rezensionen\/2024\/05\/reichel#breadcrumb","itemListElement":[{"@type":"ListItem","position":1,"name":"Home","item":"https:\/\/www.musikzeitung.ch\/"},{"@type":"ListItem","position":2,"name":"Berner Revolution\u00e4r und Romantiker"}]},{"@type":"WebSite","@id":"https:\/\/www.musikzeitung.ch\/#website","url":"https:\/\/www.musikzeitung.ch\/","name":"Swiss Music Newspaper","description":"The leading interdisciplinary monthly newspaper in Switzerland for musical issues.","publisher":{"@id":"https:\/\/www.musikzeitung.ch\/#organization"},"potentialAction":[{"@type":"SearchAction","target":{"@type":"EntryPoint","urlTemplate":"https:\/\/www.musikzeitung.ch\/?s={search_term_string}"},"query-input":{"@type":"PropertyValueSpecification","valueRequired":true,"valueName":"search_term_string"}}],"inLanguage":"en-US"},{"@type":"Organization","@id":"https:\/\/www.musikzeitung.ch\/#organization","name":"Swiss Music Newspaper","url":"https:\/\/www.musikzeitung.ch\/","logo":{"@type":"ImageObject","inLanguage":"en-US","@id":"https:\/\/www.musikzeitung.ch\/#\/schema\/logo\/image\/","url":"https:\/\/www.musikzeitung.ch\/wp-content\/uploads\/2023\/01\/SMZ_Schriftzug_Sprache.png","contentUrl":"https:\/\/www.musikzeitung.ch\/wp-content\/uploads\/2023\/01\/SMZ_Schriftzug_Sprache.png","width":1400,"height":279,"caption":"Schweizer Musikzeitung"},"image":{"@id":"https:\/\/www.musikzeitung.ch\/#\/schema\/logo\/image\/"},"sameAs":["https:\/\/www.facebook.com\/SchweizerMusikzeitung\/","https:\/\/x.com\/smusikzeitung","https:\/\/www.instagram.com\/musikzeitung.ch\/"]},{"@type":"Person","@id":"https:\/\/www.musikzeitung.ch\/#\/schema\/person\/ea3d7b86bd7157c78c7ddd37f2f82b5b","name":"pia.schwab","image":{"@type":"ImageObject","inLanguage":"en-US","@id":"https:\/\/secure.gravatar.com\/avatar\/d39d170de4c2d07e897fbc26cf9d890fc046285c742207b86d8ebabe5fcde2c4?s=96&d=mm&r=g","url":"https:\/\/secure.gravatar.com\/avatar\/d39d170de4c2d07e897fbc26cf9d890fc046285c742207b86d8ebabe5fcde2c4?s=96&d=mm&r=g","contentUrl":"https:\/\/secure.gravatar.com\/avatar\/d39d170de4c2d07e897fbc26cf9d890fc046285c742207b86d8ebabe5fcde2c4?s=96&d=mm&r=g","caption":"pia.schwab"},"url":"https:\/\/www.musikzeitung.ch\/en\/author\/pia-schwab"}]}},"publishpress_future_workflow_manual_trigger":{"enabledWorkflows":[]},"_links":{"self":[{"href":"https:\/\/www.musikzeitung.ch\/en\/wp-json\/wp\/v2\/posts\/54318","targetHints":{"allow":["GET"]}}],"collection":[{"href":"https:\/\/www.musikzeitung.ch\/en\/wp-json\/wp\/v2\/posts"}],"about":[{"href":"https:\/\/www.musikzeitung.ch\/en\/wp-json\/wp\/v2\/types\/post"}],"author":[{"embeddable":true,"href":"https:\/\/www.musikzeitung.ch\/en\/wp-json\/wp\/v2\/users\/29"}],"replies":[{"embeddable":true,"href":"https:\/\/www.musikzeitung.ch\/en\/wp-json\/wp\/v2\/comments?post=54318"}],"version-history":[{"count":8,"href":"https:\/\/www.musikzeitung.ch\/en\/wp-json\/wp\/v2\/posts\/54318\/revisions"}],"predecessor-version":[{"id":54458,"href":"https:\/\/www.musikzeitung.ch\/en\/wp-json\/wp\/v2\/posts\/54318\/revisions\/54458"}],"wp:featuredmedia":[{"embeddable":true,"href":"https:\/\/www.musikzeitung.ch\/en\/wp-json\/wp\/v2\/media\/54457"}],"wp:attachment":[{"href":"https:\/\/www.musikzeitung.ch\/en\/wp-json\/wp\/v2\/media?parent=54318"}],"wp:term":[{"taxonomy":"category","embeddable":true,"href":"https:\/\/www.musikzeitung.ch\/en\/wp-json\/wp\/v2\/categories?post=54318"},{"taxonomy":"post_tag","embeddable":true,"href":"https:\/\/www.musikzeitung.ch\/en\/wp-json\/wp\/v2\/tags?post=54318"}],"curies":[{"name":"wp","href":"https:\/\/api.w.org\/{rel}","templated":true}]}}