{"id":54488,"date":"2024-05-06T11:13:15","date_gmt":"2024-05-06T09:13:15","guid":{"rendered":"https:\/\/www.musikzeitung.ch\/?p=54488"},"modified":"2024-05-13T17:26:00","modified_gmt":"2024-05-13T15:26:00","slug":"juerg-mueller-stiftung-foerdert-trio-sheliak","status":"publish","type":"post","link":"https:\/\/www.musikzeitung.ch\/en\/news\/2024\/05\/juerg-mueller-stiftung-foerdert-trio-sheliak","title":{"rendered":"J\u00fcrg M\u00fcller Foundation supports Trio Sheliak"},"content":{"rendered":"<figure id=\"attachment_54489\" aria-describedby=\"caption-attachment-54489\" style=\"width: 876px\" class=\"wp-caption alignnone\"><img loading=\"lazy\" decoding=\"async\" class=\"size-full wp-image-54489\" src=\"https:\/\/www.musikzeitung.ch\/wp-content\/uploads\/2024\/05\/240506hkb.jpg\" alt=\"\" width=\"876\" height=\"650\" srcset=\"https:\/\/www.musikzeitung.ch\/wp-content\/uploads\/2024\/05\/240506hkb.jpg 876w, https:\/\/www.musikzeitung.ch\/wp-content\/uploads\/2024\/05\/240506hkb-300x223.jpg 300w, https:\/\/www.musikzeitung.ch\/wp-content\/uploads\/2024\/05\/240506hkb-768x570.jpg 768w, https:\/\/www.musikzeitung.ch\/wp-content\/uploads\/2024\/05\/240506hkb-236x175.jpg 236w, https:\/\/www.musikzeitung.ch\/wp-content\/uploads\/2024\/05\/240506hkb-472x350.jpg 472w\" sizes=\"auto, (max-width: 876px) 100vw, 876px\" \/><figcaption id=\"caption-attachment-54489\" class=\"wp-caption-text\">Trio Sheliak (Photo: Alessandro Moggi - Studio Righi)<\/figcaption><\/figure>\n<p>The trio consists of Matilde Michelozzi (cello), Emanuele Brilli (violin) and Sergio Costa (piano), who are studying chamber music with Patrick J\u00fcdt in the Specialized Master's programme. Their mentor is Daniel Sepec, who will teach and rehearse with the trio in a course open to the public at the university.<\/p>\n<p>The BUA announces further successes: Leo Cudr\u00e9-Mauroux, Bachelor student in Patricia Pagny's piano class, has won 4th prize in the \"American virtuoso international competition\" and will play in the prizewinners' concert at Carnegie Hall in New York in September. Francisco Morais Fernandes, a student in Antoine Fran\u00e7oise's piano class, is one of the three current winners of the Fritz Gerber Award, which was established in 2015 by the Fritz Gerber Foundation and the Lucerne Festival.<\/p>","protected":false},"excerpt":{"rendered":"<p>Together with the Bern University of the Arts (HKB), the J\u00fcrg M\u00fcller Foundation is awarding a prize with a concert engagement and participation in a master class to a chamber music ensemble from the HKB. The Trio Sheliak was selected.<\/p>","protected":false},"author":30,"featured_media":54489,"comment_status":"closed","ping_status":"closed","sticky":false,"template":"","format":"standard","meta":{"_acf_changed":false,"_relevanssi_hide_post":"","_relevanssi_hide_content":"","_relevanssi_pin_for_all":"","_relevanssi_pin_keywords":"","_relevanssi_unpin_keywords":"","_relevanssi_related_keywords":"","_relevanssi_related_include_ids":"","_relevanssi_related_exclude_ids":"","_relevanssi_related_no_append":"","_relevanssi_related_not_related":"","_relevanssi_related_posts":"","_relevanssi_noindex_reason":"","pgc_sgb_lightbox_settings":"","footnotes":""},"categories":[27],"tags":[3924,2317,4029,4030,4028],"class_list":["post-54488","post","type-post","status-publish","format-standard","has-post-thumbnail","hentry","category-news","tag-francisco-morais-fernandes","tag-fritz-gerber-award","tag-juerg-mueller-preis","tag-leo-cudre-mauroux","tag-trio-sheliak"],"acf":[],"yoast_head":"<!-- This site is optimized with the Yoast SEO plugin v27.4 - https:\/\/yoast.com\/product\/yoast-seo-wordpress\/ -->\n<title>J\u00fcrg M\u00fcller-Stiftung f\u00f6rdert Trio Sheliak - Schweizer Musikzeitung<\/title>\n<meta name=\"description\" content=\"Gemeinsam mit der HKB vergibt die J\u00fcrg M\u00fcller-Stiftung einen Preis mit Konzertengagement und Meisterkursteilnahme an ein Kammermusikensemble der HKB.\" \/>\n<meta name=\"robots\" content=\"index, follow, max-snippet:-1, max-image-preview:large, max-video-preview:-1\" \/>\n<link rel=\"canonical\" href=\"https:\/\/www.musikzeitung.ch\/en\/news\/2024\/05\/juerg-mueller-stiftung-foerdert-trio-sheliak\/\" \/>\n<meta property=\"og:locale\" content=\"en_US\" \/>\n<meta property=\"og:type\" content=\"article\" \/>\n<meta property=\"og:title\" content=\"J\u00fcrg M\u00fcller-Stiftung f\u00f6rdert Trio Sheliak - Schweizer Musikzeitung\" \/>\n<meta property=\"og:description\" content=\"Gemeinsam mit der HKB vergibt die J\u00fcrg M\u00fcller-Stiftung einen Preis mit Konzertengagement und Meisterkursteilnahme an ein Kammermusikensemble der HKB.\" \/>\n<meta property=\"og:url\" content=\"https:\/\/www.musikzeitung.ch\/en\/news\/2024\/05\/juerg-mueller-stiftung-foerdert-trio-sheliak\/\" \/>\n<meta property=\"og:site_name\" content=\"Schweizer Musikzeitung\" \/>\n<meta property=\"article:publisher\" content=\"https:\/\/www.facebook.com\/SchweizerMusikzeitung\/\" \/>\n<meta property=\"article:author\" content=\"https:\/\/www.facebook.com\/wolfgang.bohler.75\" \/>\n<meta property=\"article:published_time\" content=\"2024-05-06T09:13:15+00:00\" \/>\n<meta property=\"article:modified_time\" content=\"2024-05-13T15:26:00+00:00\" \/>\n<meta property=\"og:image\" content=\"https:\/\/www.musikzeitung.ch\/wp-content\/uploads\/2024\/05\/240506hkb.jpg\" \/>\n\t<meta property=\"og:image:width\" content=\"876\" \/>\n\t<meta property=\"og:image:height\" content=\"650\" \/>\n\t<meta property=\"og:image:type\" content=\"image\/jpeg\" \/>\n<meta name=\"author\" content=\"Wolfgang B\u00f6hler\" \/>\n<meta name=\"twitter:card\" content=\"summary_large_image\" \/>\n<meta name=\"twitter:creator\" content=\"@smusikzeitung\" \/>\n<meta name=\"twitter:site\" content=\"@smusikzeitung\" \/>\n<meta name=\"twitter:label1\" content=\"Written by\" \/>\n\t<meta name=\"twitter:data1\" content=\"Wolfgang B\u00f6hler\" \/>\n\t<meta name=\"twitter:label2\" content=\"Est. reading time\" \/>\n\t<meta name=\"twitter:data2\" content=\"2 minutes\" \/>\n<script type=\"application\/ld+json\" class=\"yoast-schema-graph\">{\"@context\":\"https:\\\/\\\/schema.org\",\"@graph\":[{\"@type\":\"Article\",\"@id\":\"https:\\\/\\\/www.musikzeitung.ch\\\/news\\\/2024\\\/05\\\/juerg-mueller-stiftung-foerdert-trio-sheliak#article\",\"isPartOf\":{\"@id\":\"https:\\\/\\\/www.musikzeitung.ch\\\/news\\\/2024\\\/05\\\/juerg-mueller-stiftung-foerdert-trio-sheliak\"},\"author\":{\"name\":\"Wolfgang B\u00f6hler\",\"@id\":\"https:\\\/\\\/www.musikzeitung.ch\\\/#\\\/schema\\\/person\\\/0da4fb82d243f1252850a35d0e87cf0c\"},\"headline\":\"J\u00fcrg M\u00fcller-Stiftung f\u00f6rdert Trio Sheliak\",\"datePublished\":\"2024-05-06T09:13:15+00:00\",\"dateModified\":\"2024-05-13T15:26:00+00:00\",\"mainEntityOfPage\":{\"@id\":\"https:\\\/\\\/www.musikzeitung.ch\\\/news\\\/2024\\\/05\\\/juerg-mueller-stiftung-foerdert-trio-sheliak\"},\"wordCount\":136,\"publisher\":{\"@id\":\"https:\\\/\\\/www.musikzeitung.ch\\\/#organization\"},\"image\":{\"@id\":\"https:\\\/\\\/www.musikzeitung.ch\\\/news\\\/2024\\\/05\\\/juerg-mueller-stiftung-foerdert-trio-sheliak#primaryimage\"},\"thumbnailUrl\":\"https:\\\/\\\/www.musikzeitung.ch\\\/wp-content\\\/uploads\\\/2024\\\/05\\\/240506hkb.jpg\",\"keywords\":[\"Francisco Morais Fernandes\",\"Fritz-Gerber-Award\",\"J\u00fcrg M\u00fcller Preis\",\"Leo Cudr\u00e9-Mauroux\",\"Trio Sheliak\"],\"articleSection\":[\"News\"],\"inLanguage\":\"en-US\"},{\"@type\":\"WebPage\",\"@id\":\"https:\\\/\\\/www.musikzeitung.ch\\\/news\\\/2024\\\/05\\\/juerg-mueller-stiftung-foerdert-trio-sheliak\",\"url\":\"https:\\\/\\\/www.musikzeitung.ch\\\/news\\\/2024\\\/05\\\/juerg-mueller-stiftung-foerdert-trio-sheliak\",\"name\":\"J\u00fcrg M\u00fcller-Stiftung f\u00f6rdert Trio Sheliak - Schweizer Musikzeitung\",\"isPartOf\":{\"@id\":\"https:\\\/\\\/www.musikzeitung.ch\\\/#website\"},\"primaryImageOfPage\":{\"@id\":\"https:\\\/\\\/www.musikzeitung.ch\\\/news\\\/2024\\\/05\\\/juerg-mueller-stiftung-foerdert-trio-sheliak#primaryimage\"},\"image\":{\"@id\":\"https:\\\/\\\/www.musikzeitung.ch\\\/news\\\/2024\\\/05\\\/juerg-mueller-stiftung-foerdert-trio-sheliak#primaryimage\"},\"thumbnailUrl\":\"https:\\\/\\\/www.musikzeitung.ch\\\/wp-content\\\/uploads\\\/2024\\\/05\\\/240506hkb.jpg\",\"datePublished\":\"2024-05-06T09:13:15+00:00\",\"dateModified\":\"2024-05-13T15:26:00+00:00\",\"description\":\"Gemeinsam mit der HKB vergibt die J\u00fcrg M\u00fcller-Stiftung einen Preis mit Konzertengagement und Meisterkursteilnahme an ein Kammermusikensemble der HKB.\",\"breadcrumb\":{\"@id\":\"https:\\\/\\\/www.musikzeitung.ch\\\/news\\\/2024\\\/05\\\/juerg-mueller-stiftung-foerdert-trio-sheliak#breadcrumb\"},\"inLanguage\":\"en-US\",\"potentialAction\":[{\"@type\":\"ReadAction\",\"target\":[\"https:\\\/\\\/www.musikzeitung.ch\\\/news\\\/2024\\\/05\\\/juerg-mueller-stiftung-foerdert-trio-sheliak\"]}]},{\"@type\":\"ImageObject\",\"inLanguage\":\"en-US\",\"@id\":\"https:\\\/\\\/www.musikzeitung.ch\\\/news\\\/2024\\\/05\\\/juerg-mueller-stiftung-foerdert-trio-sheliak#primaryimage\",\"url\":\"https:\\\/\\\/www.musikzeitung.ch\\\/wp-content\\\/uploads\\\/2024\\\/05\\\/240506hkb.jpg\",\"contentUrl\":\"https:\\\/\\\/www.musikzeitung.ch\\\/wp-content\\\/uploads\\\/2024\\\/05\\\/240506hkb.jpg\",\"width\":876,\"height\":650,\"caption\":\"Trio Sheliak (Foto: Alessandro Moggi \u2013 Studio Righi)\"},{\"@type\":\"BreadcrumbList\",\"@id\":\"https:\\\/\\\/www.musikzeitung.ch\\\/news\\\/2024\\\/05\\\/juerg-mueller-stiftung-foerdert-trio-sheliak#breadcrumb\",\"itemListElement\":[{\"@type\":\"ListItem\",\"position\":1,\"name\":\"Home\",\"item\":\"https:\\\/\\\/www.musikzeitung.ch\\\/\"},{\"@type\":\"ListItem\",\"position\":2,\"name\":\"J\u00fcrg M\u00fcller-Stiftung f\u00f6rdert Trio Sheliak\"}]},{\"@type\":\"WebSite\",\"@id\":\"https:\\\/\\\/www.musikzeitung.ch\\\/#website\",\"url\":\"https:\\\/\\\/www.musikzeitung.ch\\\/\",\"name\":\"Schweizer Musikzeitung\",\"description\":\"Die f\u00fchrende sparten\u00fcbergreifende Monatszeitung in der Schweiz f\u00fcr musikalische Fragen.\",\"publisher\":{\"@id\":\"https:\\\/\\\/www.musikzeitung.ch\\\/#organization\"},\"potentialAction\":[{\"@type\":\"SearchAction\",\"target\":{\"@type\":\"EntryPoint\",\"urlTemplate\":\"https:\\\/\\\/www.musikzeitung.ch\\\/?s={search_term_string}\"},\"query-input\":{\"@type\":\"PropertyValueSpecification\",\"valueRequired\":true,\"valueName\":\"search_term_string\"}}],\"inLanguage\":\"en-US\"},{\"@type\":\"Organization\",\"@id\":\"https:\\\/\\\/www.musikzeitung.ch\\\/#organization\",\"name\":\"Schweizer Musikzeitung\",\"url\":\"https:\\\/\\\/www.musikzeitung.ch\\\/\",\"logo\":{\"@type\":\"ImageObject\",\"inLanguage\":\"en-US\",\"@id\":\"https:\\\/\\\/www.musikzeitung.ch\\\/#\\\/schema\\\/logo\\\/image\\\/\",\"url\":\"https:\\\/\\\/www.musikzeitung.ch\\\/wp-content\\\/uploads\\\/2023\\\/01\\\/SMZ_Schriftzug_Sprache.png\",\"contentUrl\":\"https:\\\/\\\/www.musikzeitung.ch\\\/wp-content\\\/uploads\\\/2023\\\/01\\\/SMZ_Schriftzug_Sprache.png\",\"width\":1400,\"height\":279,\"caption\":\"Schweizer Musikzeitung\"},\"image\":{\"@id\":\"https:\\\/\\\/www.musikzeitung.ch\\\/#\\\/schema\\\/logo\\\/image\\\/\"},\"sameAs\":[\"https:\\\/\\\/www.facebook.com\\\/SchweizerMusikzeitung\\\/\",\"https:\\\/\\\/x.com\\\/smusikzeitung\",\"https:\\\/\\\/www.instagram.com\\\/musikzeitung.ch\\\/\"]},{\"@type\":\"Person\",\"@id\":\"https:\\\/\\\/www.musikzeitung.ch\\\/#\\\/schema\\\/person\\\/0da4fb82d243f1252850a35d0e87cf0c\",\"name\":\"Wolfgang B\u00f6hler\",\"image\":{\"@type\":\"ImageObject\",\"inLanguage\":\"en-US\",\"@id\":\"https:\\\/\\\/www.musikzeitung.ch\\\/wp-content\\\/uploads\\\/2023\\\/01\\\/boehler_portraet_web-e1674139782246-96x96.jpg\",\"url\":\"https:\\\/\\\/www.musikzeitung.ch\\\/wp-content\\\/uploads\\\/2023\\\/01\\\/boehler_portraet_web-e1674139782246-96x96.jpg\",\"contentUrl\":\"https:\\\/\\\/www.musikzeitung.ch\\\/wp-content\\\/uploads\\\/2023\\\/01\\\/boehler_portraet_web-e1674139782246-96x96.jpg\",\"caption\":\"Wolfgang B\u00f6hler\"},\"sameAs\":[\"http:\\\/\\\/www.manacanto.ch\",\"https:\\\/\\\/www.facebook.com\\\/wolfgang.bohler.75\"],\"url\":\"https:\\\/\\\/www.musikzeitung.ch\\\/en\\\/author\\\/wolfgang-boehler\"}]}<\/script>\n<!-- \/ Yoast SEO plugin. -->","yoast_head_json":{"title":"J\u00fcrg M\u00fcller Foundation supports Trio Sheliak - Schweizer Musikzeitung","description":"Together with the HKB, the J\u00fcrg M\u00fcller Foundation awards a prize with a concert engagement and participation in a master class to a chamber music ensemble from the HKB.","robots":{"index":"index","follow":"follow","max-snippet":"max-snippet:-1","max-image-preview":"max-image-preview:large","max-video-preview":"max-video-preview:-1"},"canonical":"https:\/\/www.musikzeitung.ch\/en\/news\/2024\/05\/juerg-mueller-stiftung-foerdert-trio-sheliak\/","og_locale":"en_US","og_type":"article","og_title":"J\u00fcrg M\u00fcller-Stiftung f\u00f6rdert Trio Sheliak - Schweizer Musikzeitung","og_description":"Gemeinsam mit der HKB vergibt die J\u00fcrg M\u00fcller-Stiftung einen Preis mit Konzertengagement und Meisterkursteilnahme an ein Kammermusikensemble der HKB.","og_url":"https:\/\/www.musikzeitung.ch\/en\/news\/2024\/05\/juerg-mueller-stiftung-foerdert-trio-sheliak\/","og_site_name":"Schweizer Musikzeitung","article_publisher":"https:\/\/www.facebook.com\/SchweizerMusikzeitung\/","article_author":"https:\/\/www.facebook.com\/wolfgang.bohler.75","article_published_time":"2024-05-06T09:13:15+00:00","article_modified_time":"2024-05-13T15:26:00+00:00","og_image":[{"width":876,"height":650,"url":"https:\/\/www.musikzeitung.ch\/wp-content\/uploads\/2024\/05\/240506hkb.jpg","type":"image\/jpeg"}],"author":"Wolfgang B\u00f6hler","twitter_card":"summary_large_image","twitter_creator":"@smusikzeitung","twitter_site":"@smusikzeitung","twitter_misc":{"Written by":"Wolfgang B\u00f6hler","Est. reading time":"2 minutes"},"schema":{"@context":"https:\/\/schema.org","@graph":[{"@type":"Article","@id":"https:\/\/www.musikzeitung.ch\/news\/2024\/05\/juerg-mueller-stiftung-foerdert-trio-sheliak#article","isPartOf":{"@id":"https:\/\/www.musikzeitung.ch\/news\/2024\/05\/juerg-mueller-stiftung-foerdert-trio-sheliak"},"author":{"name":"Wolfgang B\u00f6hler","@id":"https:\/\/www.musikzeitung.ch\/#\/schema\/person\/0da4fb82d243f1252850a35d0e87cf0c"},"headline":"J\u00fcrg M\u00fcller-Stiftung f\u00f6rdert Trio Sheliak","datePublished":"2024-05-06T09:13:15+00:00","dateModified":"2024-05-13T15:26:00+00:00","mainEntityOfPage":{"@id":"https:\/\/www.musikzeitung.ch\/news\/2024\/05\/juerg-mueller-stiftung-foerdert-trio-sheliak"},"wordCount":136,"publisher":{"@id":"https:\/\/www.musikzeitung.ch\/#organization"},"image":{"@id":"https:\/\/www.musikzeitung.ch\/news\/2024\/05\/juerg-mueller-stiftung-foerdert-trio-sheliak#primaryimage"},"thumbnailUrl":"https:\/\/www.musikzeitung.ch\/wp-content\/uploads\/2024\/05\/240506hkb.jpg","keywords":["Francisco Morais Fernandes","Fritz-Gerber-Award","J\u00fcrg M\u00fcller Preis","Leo Cudr\u00e9-Mauroux","Trio Sheliak"],"articleSection":["News"],"inLanguage":"en-US"},{"@type":"WebPage","@id":"https:\/\/www.musikzeitung.ch\/news\/2024\/05\/juerg-mueller-stiftung-foerdert-trio-sheliak","url":"https:\/\/www.musikzeitung.ch\/news\/2024\/05\/juerg-mueller-stiftung-foerdert-trio-sheliak","name":"J\u00fcrg M\u00fcller Foundation supports Trio Sheliak - Schweizer Musikzeitung","isPartOf":{"@id":"https:\/\/www.musikzeitung.ch\/#website"},"primaryImageOfPage":{"@id":"https:\/\/www.musikzeitung.ch\/news\/2024\/05\/juerg-mueller-stiftung-foerdert-trio-sheliak#primaryimage"},"image":{"@id":"https:\/\/www.musikzeitung.ch\/news\/2024\/05\/juerg-mueller-stiftung-foerdert-trio-sheliak#primaryimage"},"thumbnailUrl":"https:\/\/www.musikzeitung.ch\/wp-content\/uploads\/2024\/05\/240506hkb.jpg","datePublished":"2024-05-06T09:13:15+00:00","dateModified":"2024-05-13T15:26:00+00:00","description":"Together with the HKB, the J\u00fcrg M\u00fcller Foundation awards a prize with a concert engagement and participation in a master class to a chamber music ensemble from the HKB.","breadcrumb":{"@id":"https:\/\/www.musikzeitung.ch\/news\/2024\/05\/juerg-mueller-stiftung-foerdert-trio-sheliak#breadcrumb"},"inLanguage":"en-US","potentialAction":[{"@type":"ReadAction","target":["https:\/\/www.musikzeitung.ch\/news\/2024\/05\/juerg-mueller-stiftung-foerdert-trio-sheliak"]}]},{"@type":"ImageObject","inLanguage":"en-US","@id":"https:\/\/www.musikzeitung.ch\/news\/2024\/05\/juerg-mueller-stiftung-foerdert-trio-sheliak#primaryimage","url":"https:\/\/www.musikzeitung.ch\/wp-content\/uploads\/2024\/05\/240506hkb.jpg","contentUrl":"https:\/\/www.musikzeitung.ch\/wp-content\/uploads\/2024\/05\/240506hkb.jpg","width":876,"height":650,"caption":"Trio Sheliak (Foto: Alessandro Moggi \u2013 Studio Righi)"},{"@type":"BreadcrumbList","@id":"https:\/\/www.musikzeitung.ch\/news\/2024\/05\/juerg-mueller-stiftung-foerdert-trio-sheliak#breadcrumb","itemListElement":[{"@type":"ListItem","position":1,"name":"Home","item":"https:\/\/www.musikzeitung.ch\/"},{"@type":"ListItem","position":2,"name":"J\u00fcrg M\u00fcller-Stiftung f\u00f6rdert Trio Sheliak"}]},{"@type":"WebSite","@id":"https:\/\/www.musikzeitung.ch\/#website","url":"https:\/\/www.musikzeitung.ch\/","name":"Swiss Music Newspaper","description":"The leading interdisciplinary monthly newspaper in Switzerland for musical issues.","publisher":{"@id":"https:\/\/www.musikzeitung.ch\/#organization"},"potentialAction":[{"@type":"SearchAction","target":{"@type":"EntryPoint","urlTemplate":"https:\/\/www.musikzeitung.ch\/?s={search_term_string}"},"query-input":{"@type":"PropertyValueSpecification","valueRequired":true,"valueName":"search_term_string"}}],"inLanguage":"en-US"},{"@type":"Organization","@id":"https:\/\/www.musikzeitung.ch\/#organization","name":"Swiss Music Newspaper","url":"https:\/\/www.musikzeitung.ch\/","logo":{"@type":"ImageObject","inLanguage":"en-US","@id":"https:\/\/www.musikzeitung.ch\/#\/schema\/logo\/image\/","url":"https:\/\/www.musikzeitung.ch\/wp-content\/uploads\/2023\/01\/SMZ_Schriftzug_Sprache.png","contentUrl":"https:\/\/www.musikzeitung.ch\/wp-content\/uploads\/2023\/01\/SMZ_Schriftzug_Sprache.png","width":1400,"height":279,"caption":"Schweizer Musikzeitung"},"image":{"@id":"https:\/\/www.musikzeitung.ch\/#\/schema\/logo\/image\/"},"sameAs":["https:\/\/www.facebook.com\/SchweizerMusikzeitung\/","https:\/\/x.com\/smusikzeitung","https:\/\/www.instagram.com\/musikzeitung.ch\/"]},{"@type":"Person","@id":"https:\/\/www.musikzeitung.ch\/#\/schema\/person\/0da4fb82d243f1252850a35d0e87cf0c","name":"Wolfgang B\u00f6hler","image":{"@type":"ImageObject","inLanguage":"en-US","@id":"https:\/\/www.musikzeitung.ch\/wp-content\/uploads\/2023\/01\/boehler_portraet_web-e1674139782246-96x96.jpg","url":"https:\/\/www.musikzeitung.ch\/wp-content\/uploads\/2023\/01\/boehler_portraet_web-e1674139782246-96x96.jpg","contentUrl":"https:\/\/www.musikzeitung.ch\/wp-content\/uploads\/2023\/01\/boehler_portraet_web-e1674139782246-96x96.jpg","caption":"Wolfgang B\u00f6hler"},"sameAs":["http:\/\/www.manacanto.ch","https:\/\/www.facebook.com\/wolfgang.bohler.75"],"url":"https:\/\/www.musikzeitung.ch\/en\/author\/wolfgang-boehler"}]}},"publishpress_future_workflow_manual_trigger":{"enabledWorkflows":[]},"_links":{"self":[{"href":"https:\/\/www.musikzeitung.ch\/en\/wp-json\/wp\/v2\/posts\/54488","targetHints":{"allow":["GET"]}}],"collection":[{"href":"https:\/\/www.musikzeitung.ch\/en\/wp-json\/wp\/v2\/posts"}],"about":[{"href":"https:\/\/www.musikzeitung.ch\/en\/wp-json\/wp\/v2\/types\/post"}],"author":[{"embeddable":true,"href":"https:\/\/www.musikzeitung.ch\/en\/wp-json\/wp\/v2\/users\/30"}],"replies":[{"embeddable":true,"href":"https:\/\/www.musikzeitung.ch\/en\/wp-json\/wp\/v2\/comments?post=54488"}],"version-history":[{"count":1,"href":"https:\/\/www.musikzeitung.ch\/en\/wp-json\/wp\/v2\/posts\/54488\/revisions"}],"predecessor-version":[{"id":54490,"href":"https:\/\/www.musikzeitung.ch\/en\/wp-json\/wp\/v2\/posts\/54488\/revisions\/54490"}],"wp:featuredmedia":[{"embeddable":true,"href":"https:\/\/www.musikzeitung.ch\/en\/wp-json\/wp\/v2\/media\/54489"}],"wp:attachment":[{"href":"https:\/\/www.musikzeitung.ch\/en\/wp-json\/wp\/v2\/media?parent=54488"}],"wp:term":[{"taxonomy":"category","embeddable":true,"href":"https:\/\/www.musikzeitung.ch\/en\/wp-json\/wp\/v2\/categories?post=54488"},{"taxonomy":"post_tag","embeddable":true,"href":"https:\/\/www.musikzeitung.ch\/en\/wp-json\/wp\/v2\/tags?post=54488"}],"curies":[{"name":"wp","href":"https:\/\/api.w.org\/{rel}","templated":true}]}}