{"id":54812,"date":"2024-05-22T06:43:32","date_gmt":"2024-05-22T04:43:32","guid":{"rendered":"https:\/\/www.musikzeitung.ch\/?p=54812"},"modified":"2024-05-22T11:53:10","modified_gmt":"2024-05-22T09:53:10","slug":"kick-off-fuer-zentrum-kuenste-und-kulturtheorie","status":"publish","type":"post","link":"https:\/\/www.musikzeitung.ch\/en\/news\/2024\/05\/kick-off-fuer-zentrum-kuenste-und-kulturtheorie","title":{"rendered":"Kick-off for Center for Arts and Cultural Theory"},"content":{"rendered":"<figure id=\"attachment_54813\" aria-describedby=\"caption-attachment-54813\" style=\"width: 768px\" class=\"wp-caption alignnone\"><img loading=\"lazy\" decoding=\"async\" class=\"size-large wp-image-54813\" src=\"https:\/\/www.musikzeitung.ch\/wp-content\/uploads\/2024\/05\/240522mfg-1024x656.jpg\" alt=\"\" width=\"768\" height=\"492\" srcset=\"https:\/\/www.musikzeitung.ch\/wp-content\/uploads\/2024\/05\/240522mfg-1024x656.jpg 1024w, https:\/\/www.musikzeitung.ch\/wp-content\/uploads\/2024\/05\/240522mfg-300x192.jpg 300w, https:\/\/www.musikzeitung.ch\/wp-content\/uploads\/2024\/05\/240522mfg-768x492.jpg 768w, https:\/\/www.musikzeitung.ch\/wp-content\/uploads\/2024\/05\/240522mfg-18x12.jpg 18w, https:\/\/www.musikzeitung.ch\/wp-content\/uploads\/2024\/05\/240522mfg-273x175.jpg 273w, https:\/\/www.musikzeitung.ch\/wp-content\/uploads\/2024\/05\/240522mfg-546x350.jpg 546w, https:\/\/www.musikzeitung.ch\/wp-content\/uploads\/2024\/05\/240522mfg-920x590.jpg 920w, https:\/\/www.musikzeitung.ch\/wp-content\/uploads\/2024\/05\/240522mfg.jpg 1164w\" sizes=\"auto, (max-width: 768px) 100vw, 768px\" \/><figcaption id=\"caption-attachment-54813\" class=\"wp-caption-text\">(Image: Museum f\u00fcr Gestaltung Z\u00fcrich)<\/figcaption><\/figure>\n<p>The new, transdisciplinary and transinstitutional ZKK, co-directed by Sylvia Sasse (UZH) and Judith Siegmund (ZHdK), is dedicated to the role of the arts and culture in contemporary social debates. By joining forces with the ZHdK, joint projects in research and teaching are to be encouraged and promoted. With the ZHdK, the arts and their theories are now entering into a new kind of dialog with university science. Artistic practice and the theories of the arts will provide new perspectives and unforeseeable collaborations.<\/p>\n<p>This also includes the establishment of a bridge professorship for Digital Cultures and Arts, which will be filled by image and media scholar Roland Meyer from 1 July 2024 as part of the digitization initiative of the Zurich universities (DIZH). Meyer will research and teach at both the UZH and the ZHdK. His areas of focus include algorithmically networked image cultures, operative images of facial and pattern recognition, forensic image practices, generative AI and synthetic media as well as new body and perception relationships in medially expanded spaces. During the kick-off, he will co-moderate the panel \"Art With\/Against AI\".<\/p>\n<p>The kick-off event on May 24, 2024 at the Museum f\u00fcr Gestaltung Z\u00fcrich will be dedicated to this cross-university collaboration: lectures and discussions will present artistic and cultural-theoretical approaches to pressing contemporary issues.<\/p>\n<p><strong>More info:<\/strong> <a href=\"https:\/\/www.zkk.uzh.ch\/de.html\" target=\"_blank\" rel=\"noopener\">https:\/\/www.zkk.uzh.ch\/de.html<\/a><\/p>","protected":false},"excerpt":{"rendered":"<p>With the Center for Arts and Cultural Theory (ZKK), the University of Zurich (UZH) and the Zurich University of the Arts (ZHdK) will be running a joint center from 2024. <\/p>","protected":false},"author":30,"featured_media":54813,"comment_status":"closed","ping_status":"closed","sticky":false,"template":"","format":"standard","meta":{"_acf_changed":false,"_relevanssi_hide_post":"","_relevanssi_hide_content":"","_relevanssi_pin_for_all":"","_relevanssi_pin_keywords":"","_relevanssi_unpin_keywords":"","_relevanssi_related_keywords":"","_relevanssi_related_include_ids":"","_relevanssi_related_exclude_ids":"","_relevanssi_related_no_append":"","_relevanssi_related_not_related":"","_relevanssi_related_posts":"","_relevanssi_noindex_reason":"","pgc_sgb_lightbox_settings":"","footnotes":""},"categories":[27],"tags":[4055,4056],"class_list":["post-54812","post","type-post","status-publish","format-standard","has-post-thumbnail","hentry","category-news","tag-museum-fuer-gestaltung-zuerich","tag-zentrum-kuenste-und-kulturtheorie"],"acf":[],"yoast_head":"<!-- This site is optimized with the Yoast SEO plugin v27.4 - https:\/\/yoast.com\/product\/yoast-seo-wordpress\/ -->\n<title>Kick-off f\u00fcr Zentrum K\u00fcnste und Kulturtheorie - Schweizer Musikzeitung<\/title>\n<meta name=\"description\" content=\"Mit dem Zentrum K\u00fcnste und Kulturtheorie f\u00fchren die Universit\u00e4t Z\u00fcrich und die Z\u00fcrcher Hochschule der K\u00fcnste ab 2024 ein gemeinsames Zentrum.\" \/>\n<meta name=\"robots\" content=\"index, follow, max-snippet:-1, max-image-preview:large, max-video-preview:-1\" \/>\n<link rel=\"canonical\" href=\"https:\/\/www.musikzeitung.ch\/en\/news\/2024\/05\/kick-off-fuer-zentrum-kuenste-und-kulturtheorie\/\" \/>\n<meta property=\"og:locale\" content=\"en_US\" \/>\n<meta property=\"og:type\" content=\"article\" \/>\n<meta property=\"og:title\" content=\"Kick-off f\u00fcr Zentrum K\u00fcnste und Kulturtheorie - Schweizer Musikzeitung\" \/>\n<meta property=\"og:description\" content=\"Mit dem Zentrum K\u00fcnste und Kulturtheorie f\u00fchren die Universit\u00e4t Z\u00fcrich und die Z\u00fcrcher Hochschule der K\u00fcnste ab 2024 ein gemeinsames Zentrum.\" \/>\n<meta property=\"og:url\" content=\"https:\/\/www.musikzeitung.ch\/en\/news\/2024\/05\/kick-off-fuer-zentrum-kuenste-und-kulturtheorie\/\" \/>\n<meta property=\"og:site_name\" content=\"Schweizer Musikzeitung\" \/>\n<meta property=\"article:publisher\" content=\"https:\/\/www.facebook.com\/SchweizerMusikzeitung\/\" \/>\n<meta property=\"article:author\" content=\"https:\/\/www.facebook.com\/wolfgang.bohler.75\" \/>\n<meta property=\"article:published_time\" content=\"2024-05-22T04:43:32+00:00\" \/>\n<meta property=\"article:modified_time\" content=\"2024-05-22T09:53:10+00:00\" \/>\n<meta property=\"og:image\" content=\"https:\/\/www.musikzeitung.ch\/wp-content\/uploads\/2024\/05\/240522mfg.jpg\" \/>\n\t<meta property=\"og:image:width\" content=\"1164\" \/>\n\t<meta property=\"og:image:height\" content=\"746\" \/>\n\t<meta property=\"og:image:type\" content=\"image\/jpeg\" \/>\n<meta name=\"author\" content=\"Wolfgang B\u00f6hler\" \/>\n<meta name=\"twitter:card\" content=\"summary_large_image\" \/>\n<meta name=\"twitter:creator\" content=\"@smusikzeitung\" \/>\n<meta name=\"twitter:site\" content=\"@smusikzeitung\" \/>\n<meta name=\"twitter:label1\" content=\"Written by\" \/>\n\t<meta name=\"twitter:data1\" content=\"Wolfgang B\u00f6hler\" \/>\n\t<meta name=\"twitter:label2\" content=\"Est. reading time\" \/>\n\t<meta name=\"twitter:data2\" content=\"2 minutes\" \/>\n<script type=\"application\/ld+json\" class=\"yoast-schema-graph\">{\"@context\":\"https:\\\/\\\/schema.org\",\"@graph\":[{\"@type\":\"Article\",\"@id\":\"https:\\\/\\\/www.musikzeitung.ch\\\/news\\\/2024\\\/05\\\/kick-off-fuer-zentrum-kuenste-und-kulturtheorie#article\",\"isPartOf\":{\"@id\":\"https:\\\/\\\/www.musikzeitung.ch\\\/news\\\/2024\\\/05\\\/kick-off-fuer-zentrum-kuenste-und-kulturtheorie\"},\"author\":{\"name\":\"Wolfgang B\u00f6hler\",\"@id\":\"https:\\\/\\\/www.musikzeitung.ch\\\/#\\\/schema\\\/person\\\/0da4fb82d243f1252850a35d0e87cf0c\"},\"headline\":\"Kick-off f\u00fcr Zentrum K\u00fcnste und Kulturtheorie\",\"datePublished\":\"2024-05-22T04:43:32+00:00\",\"dateModified\":\"2024-05-22T09:53:10+00:00\",\"mainEntityOfPage\":{\"@id\":\"https:\\\/\\\/www.musikzeitung.ch\\\/news\\\/2024\\\/05\\\/kick-off-fuer-zentrum-kuenste-und-kulturtheorie\"},\"wordCount\":258,\"publisher\":{\"@id\":\"https:\\\/\\\/www.musikzeitung.ch\\\/#organization\"},\"image\":{\"@id\":\"https:\\\/\\\/www.musikzeitung.ch\\\/news\\\/2024\\\/05\\\/kick-off-fuer-zentrum-kuenste-und-kulturtheorie#primaryimage\"},\"thumbnailUrl\":\"https:\\\/\\\/www.musikzeitung.ch\\\/wp-content\\\/uploads\\\/2024\\\/05\\\/240522mfg.jpg\",\"keywords\":[\"Museum f\u00fcr Gestaltung Z\u00fcrich\",\"Zentrum K\u00fcnste und Kulturtheorie\"],\"articleSection\":[\"News\"],\"inLanguage\":\"en-US\"},{\"@type\":\"WebPage\",\"@id\":\"https:\\\/\\\/www.musikzeitung.ch\\\/news\\\/2024\\\/05\\\/kick-off-fuer-zentrum-kuenste-und-kulturtheorie\",\"url\":\"https:\\\/\\\/www.musikzeitung.ch\\\/news\\\/2024\\\/05\\\/kick-off-fuer-zentrum-kuenste-und-kulturtheorie\",\"name\":\"Kick-off f\u00fcr Zentrum K\u00fcnste und Kulturtheorie - Schweizer Musikzeitung\",\"isPartOf\":{\"@id\":\"https:\\\/\\\/www.musikzeitung.ch\\\/#website\"},\"primaryImageOfPage\":{\"@id\":\"https:\\\/\\\/www.musikzeitung.ch\\\/news\\\/2024\\\/05\\\/kick-off-fuer-zentrum-kuenste-und-kulturtheorie#primaryimage\"},\"image\":{\"@id\":\"https:\\\/\\\/www.musikzeitung.ch\\\/news\\\/2024\\\/05\\\/kick-off-fuer-zentrum-kuenste-und-kulturtheorie#primaryimage\"},\"thumbnailUrl\":\"https:\\\/\\\/www.musikzeitung.ch\\\/wp-content\\\/uploads\\\/2024\\\/05\\\/240522mfg.jpg\",\"datePublished\":\"2024-05-22T04:43:32+00:00\",\"dateModified\":\"2024-05-22T09:53:10+00:00\",\"description\":\"Mit dem Zentrum K\u00fcnste und Kulturtheorie f\u00fchren die Universit\u00e4t Z\u00fcrich und die Z\u00fcrcher Hochschule der K\u00fcnste ab 2024 ein gemeinsames Zentrum.\",\"breadcrumb\":{\"@id\":\"https:\\\/\\\/www.musikzeitung.ch\\\/news\\\/2024\\\/05\\\/kick-off-fuer-zentrum-kuenste-und-kulturtheorie#breadcrumb\"},\"inLanguage\":\"en-US\",\"potentialAction\":[{\"@type\":\"ReadAction\",\"target\":[\"https:\\\/\\\/www.musikzeitung.ch\\\/news\\\/2024\\\/05\\\/kick-off-fuer-zentrum-kuenste-und-kulturtheorie\"]}]},{\"@type\":\"ImageObject\",\"inLanguage\":\"en-US\",\"@id\":\"https:\\\/\\\/www.musikzeitung.ch\\\/news\\\/2024\\\/05\\\/kick-off-fuer-zentrum-kuenste-und-kulturtheorie#primaryimage\",\"url\":\"https:\\\/\\\/www.musikzeitung.ch\\\/wp-content\\\/uploads\\\/2024\\\/05\\\/240522mfg.jpg\",\"contentUrl\":\"https:\\\/\\\/www.musikzeitung.ch\\\/wp-content\\\/uploads\\\/2024\\\/05\\\/240522mfg.jpg\",\"width\":1164,\"height\":746,\"caption\":\"(Bild: Museum f\u00fcr Gestaltung Z\u00fcrich)\"},{\"@type\":\"BreadcrumbList\",\"@id\":\"https:\\\/\\\/www.musikzeitung.ch\\\/news\\\/2024\\\/05\\\/kick-off-fuer-zentrum-kuenste-und-kulturtheorie#breadcrumb\",\"itemListElement\":[{\"@type\":\"ListItem\",\"position\":1,\"name\":\"Home\",\"item\":\"https:\\\/\\\/www.musikzeitung.ch\\\/\"},{\"@type\":\"ListItem\",\"position\":2,\"name\":\"Kick-off f\u00fcr Zentrum K\u00fcnste und Kulturtheorie\"}]},{\"@type\":\"WebSite\",\"@id\":\"https:\\\/\\\/www.musikzeitung.ch\\\/#website\",\"url\":\"https:\\\/\\\/www.musikzeitung.ch\\\/\",\"name\":\"Schweizer Musikzeitung\",\"description\":\"Die f\u00fchrende sparten\u00fcbergreifende Monatszeitung in der Schweiz f\u00fcr musikalische Fragen.\",\"publisher\":{\"@id\":\"https:\\\/\\\/www.musikzeitung.ch\\\/#organization\"},\"potentialAction\":[{\"@type\":\"SearchAction\",\"target\":{\"@type\":\"EntryPoint\",\"urlTemplate\":\"https:\\\/\\\/www.musikzeitung.ch\\\/?s={search_term_string}\"},\"query-input\":{\"@type\":\"PropertyValueSpecification\",\"valueRequired\":true,\"valueName\":\"search_term_string\"}}],\"inLanguage\":\"en-US\"},{\"@type\":\"Organization\",\"@id\":\"https:\\\/\\\/www.musikzeitung.ch\\\/#organization\",\"name\":\"Schweizer Musikzeitung\",\"url\":\"https:\\\/\\\/www.musikzeitung.ch\\\/\",\"logo\":{\"@type\":\"ImageObject\",\"inLanguage\":\"en-US\",\"@id\":\"https:\\\/\\\/www.musikzeitung.ch\\\/#\\\/schema\\\/logo\\\/image\\\/\",\"url\":\"https:\\\/\\\/www.musikzeitung.ch\\\/wp-content\\\/uploads\\\/2023\\\/01\\\/SMZ_Schriftzug_Sprache.png\",\"contentUrl\":\"https:\\\/\\\/www.musikzeitung.ch\\\/wp-content\\\/uploads\\\/2023\\\/01\\\/SMZ_Schriftzug_Sprache.png\",\"width\":1400,\"height\":279,\"caption\":\"Schweizer Musikzeitung\"},\"image\":{\"@id\":\"https:\\\/\\\/www.musikzeitung.ch\\\/#\\\/schema\\\/logo\\\/image\\\/\"},\"sameAs\":[\"https:\\\/\\\/www.facebook.com\\\/SchweizerMusikzeitung\\\/\",\"https:\\\/\\\/x.com\\\/smusikzeitung\",\"https:\\\/\\\/www.instagram.com\\\/musikzeitung.ch\\\/\"]},{\"@type\":\"Person\",\"@id\":\"https:\\\/\\\/www.musikzeitung.ch\\\/#\\\/schema\\\/person\\\/0da4fb82d243f1252850a35d0e87cf0c\",\"name\":\"Wolfgang B\u00f6hler\",\"image\":{\"@type\":\"ImageObject\",\"inLanguage\":\"en-US\",\"@id\":\"https:\\\/\\\/www.musikzeitung.ch\\\/wp-content\\\/uploads\\\/2023\\\/01\\\/boehler_portraet_web-e1674139782246-96x96.jpg\",\"url\":\"https:\\\/\\\/www.musikzeitung.ch\\\/wp-content\\\/uploads\\\/2023\\\/01\\\/boehler_portraet_web-e1674139782246-96x96.jpg\",\"contentUrl\":\"https:\\\/\\\/www.musikzeitung.ch\\\/wp-content\\\/uploads\\\/2023\\\/01\\\/boehler_portraet_web-e1674139782246-96x96.jpg\",\"caption\":\"Wolfgang B\u00f6hler\"},\"sameAs\":[\"http:\\\/\\\/www.manacanto.ch\",\"https:\\\/\\\/www.facebook.com\\\/wolfgang.bohler.75\"],\"url\":\"https:\\\/\\\/www.musikzeitung.ch\\\/en\\\/author\\\/wolfgang-boehler\"}]}<\/script>\n<!-- \/ Yoast SEO plugin. -->","yoast_head_json":{"title":"Kick-off f\u00fcr Zentrum K\u00fcnste und Kulturtheorie - Schweizer Musikzeitung","description":"Mit dem Zentrum K\u00fcnste und Kulturtheorie f\u00fchren die Universit\u00e4t Z\u00fcrich und die Z\u00fcrcher Hochschule der K\u00fcnste ab 2024 ein gemeinsames Zentrum.","robots":{"index":"index","follow":"follow","max-snippet":"max-snippet:-1","max-image-preview":"max-image-preview:large","max-video-preview":"max-video-preview:-1"},"canonical":"https:\/\/www.musikzeitung.ch\/en\/news\/2024\/05\/kick-off-fuer-zentrum-kuenste-und-kulturtheorie\/","og_locale":"en_US","og_type":"article","og_title":"Kick-off f\u00fcr Zentrum K\u00fcnste und Kulturtheorie - Schweizer Musikzeitung","og_description":"Mit dem Zentrum K\u00fcnste und Kulturtheorie f\u00fchren die Universit\u00e4t Z\u00fcrich und die Z\u00fcrcher Hochschule der K\u00fcnste ab 2024 ein gemeinsames Zentrum.","og_url":"https:\/\/www.musikzeitung.ch\/en\/news\/2024\/05\/kick-off-fuer-zentrum-kuenste-und-kulturtheorie\/","og_site_name":"Schweizer Musikzeitung","article_publisher":"https:\/\/www.facebook.com\/SchweizerMusikzeitung\/","article_author":"https:\/\/www.facebook.com\/wolfgang.bohler.75","article_published_time":"2024-05-22T04:43:32+00:00","article_modified_time":"2024-05-22T09:53:10+00:00","og_image":[{"width":1164,"height":746,"url":"https:\/\/www.musikzeitung.ch\/wp-content\/uploads\/2024\/05\/240522mfg.jpg","type":"image\/jpeg"}],"author":"Wolfgang B\u00f6hler","twitter_card":"summary_large_image","twitter_creator":"@smusikzeitung","twitter_site":"@smusikzeitung","twitter_misc":{"Written by":"Wolfgang B\u00f6hler","Est. reading time":"2 minutes"},"schema":{"@context":"https:\/\/schema.org","@graph":[{"@type":"Article","@id":"https:\/\/www.musikzeitung.ch\/news\/2024\/05\/kick-off-fuer-zentrum-kuenste-und-kulturtheorie#article","isPartOf":{"@id":"https:\/\/www.musikzeitung.ch\/news\/2024\/05\/kick-off-fuer-zentrum-kuenste-und-kulturtheorie"},"author":{"name":"Wolfgang B\u00f6hler","@id":"https:\/\/www.musikzeitung.ch\/#\/schema\/person\/0da4fb82d243f1252850a35d0e87cf0c"},"headline":"Kick-off f\u00fcr Zentrum K\u00fcnste und Kulturtheorie","datePublished":"2024-05-22T04:43:32+00:00","dateModified":"2024-05-22T09:53:10+00:00","mainEntityOfPage":{"@id":"https:\/\/www.musikzeitung.ch\/news\/2024\/05\/kick-off-fuer-zentrum-kuenste-und-kulturtheorie"},"wordCount":258,"publisher":{"@id":"https:\/\/www.musikzeitung.ch\/#organization"},"image":{"@id":"https:\/\/www.musikzeitung.ch\/news\/2024\/05\/kick-off-fuer-zentrum-kuenste-und-kulturtheorie#primaryimage"},"thumbnailUrl":"https:\/\/www.musikzeitung.ch\/wp-content\/uploads\/2024\/05\/240522mfg.jpg","keywords":["Museum f\u00fcr Gestaltung Z\u00fcrich","Zentrum K\u00fcnste und Kulturtheorie"],"articleSection":["News"],"inLanguage":"en-US"},{"@type":"WebPage","@id":"https:\/\/www.musikzeitung.ch\/news\/2024\/05\/kick-off-fuer-zentrum-kuenste-und-kulturtheorie","url":"https:\/\/www.musikzeitung.ch\/news\/2024\/05\/kick-off-fuer-zentrum-kuenste-und-kulturtheorie","name":"Kick-off f\u00fcr Zentrum K\u00fcnste und Kulturtheorie - Schweizer Musikzeitung","isPartOf":{"@id":"https:\/\/www.musikzeitung.ch\/#website"},"primaryImageOfPage":{"@id":"https:\/\/www.musikzeitung.ch\/news\/2024\/05\/kick-off-fuer-zentrum-kuenste-und-kulturtheorie#primaryimage"},"image":{"@id":"https:\/\/www.musikzeitung.ch\/news\/2024\/05\/kick-off-fuer-zentrum-kuenste-und-kulturtheorie#primaryimage"},"thumbnailUrl":"https:\/\/www.musikzeitung.ch\/wp-content\/uploads\/2024\/05\/240522mfg.jpg","datePublished":"2024-05-22T04:43:32+00:00","dateModified":"2024-05-22T09:53:10+00:00","description":"Mit dem Zentrum K\u00fcnste und Kulturtheorie f\u00fchren die Universit\u00e4t Z\u00fcrich und die Z\u00fcrcher Hochschule der K\u00fcnste ab 2024 ein gemeinsames Zentrum.","breadcrumb":{"@id":"https:\/\/www.musikzeitung.ch\/news\/2024\/05\/kick-off-fuer-zentrum-kuenste-und-kulturtheorie#breadcrumb"},"inLanguage":"en-US","potentialAction":[{"@type":"ReadAction","target":["https:\/\/www.musikzeitung.ch\/news\/2024\/05\/kick-off-fuer-zentrum-kuenste-und-kulturtheorie"]}]},{"@type":"ImageObject","inLanguage":"en-US","@id":"https:\/\/www.musikzeitung.ch\/news\/2024\/05\/kick-off-fuer-zentrum-kuenste-und-kulturtheorie#primaryimage","url":"https:\/\/www.musikzeitung.ch\/wp-content\/uploads\/2024\/05\/240522mfg.jpg","contentUrl":"https:\/\/www.musikzeitung.ch\/wp-content\/uploads\/2024\/05\/240522mfg.jpg","width":1164,"height":746,"caption":"(Bild: Museum f\u00fcr Gestaltung Z\u00fcrich)"},{"@type":"BreadcrumbList","@id":"https:\/\/www.musikzeitung.ch\/news\/2024\/05\/kick-off-fuer-zentrum-kuenste-und-kulturtheorie#breadcrumb","itemListElement":[{"@type":"ListItem","position":1,"name":"Home","item":"https:\/\/www.musikzeitung.ch\/"},{"@type":"ListItem","position":2,"name":"Kick-off f\u00fcr Zentrum K\u00fcnste und Kulturtheorie"}]},{"@type":"WebSite","@id":"https:\/\/www.musikzeitung.ch\/#website","url":"https:\/\/www.musikzeitung.ch\/","name":"Swiss Music Newspaper","description":"The leading interdisciplinary monthly newspaper in Switzerland for musical issues.","publisher":{"@id":"https:\/\/www.musikzeitung.ch\/#organization"},"potentialAction":[{"@type":"SearchAction","target":{"@type":"EntryPoint","urlTemplate":"https:\/\/www.musikzeitung.ch\/?s={search_term_string}"},"query-input":{"@type":"PropertyValueSpecification","valueRequired":true,"valueName":"search_term_string"}}],"inLanguage":"en-US"},{"@type":"Organization","@id":"https:\/\/www.musikzeitung.ch\/#organization","name":"Swiss Music Newspaper","url":"https:\/\/www.musikzeitung.ch\/","logo":{"@type":"ImageObject","inLanguage":"en-US","@id":"https:\/\/www.musikzeitung.ch\/#\/schema\/logo\/image\/","url":"https:\/\/www.musikzeitung.ch\/wp-content\/uploads\/2023\/01\/SMZ_Schriftzug_Sprache.png","contentUrl":"https:\/\/www.musikzeitung.ch\/wp-content\/uploads\/2023\/01\/SMZ_Schriftzug_Sprache.png","width":1400,"height":279,"caption":"Schweizer Musikzeitung"},"image":{"@id":"https:\/\/www.musikzeitung.ch\/#\/schema\/logo\/image\/"},"sameAs":["https:\/\/www.facebook.com\/SchweizerMusikzeitung\/","https:\/\/x.com\/smusikzeitung","https:\/\/www.instagram.com\/musikzeitung.ch\/"]},{"@type":"Person","@id":"https:\/\/www.musikzeitung.ch\/#\/schema\/person\/0da4fb82d243f1252850a35d0e87cf0c","name":"Wolfgang B\u00f6hler","image":{"@type":"ImageObject","inLanguage":"en-US","@id":"https:\/\/www.musikzeitung.ch\/wp-content\/uploads\/2023\/01\/boehler_portraet_web-e1674139782246-96x96.jpg","url":"https:\/\/www.musikzeitung.ch\/wp-content\/uploads\/2023\/01\/boehler_portraet_web-e1674139782246-96x96.jpg","contentUrl":"https:\/\/www.musikzeitung.ch\/wp-content\/uploads\/2023\/01\/boehler_portraet_web-e1674139782246-96x96.jpg","caption":"Wolfgang B\u00f6hler"},"sameAs":["http:\/\/www.manacanto.ch","https:\/\/www.facebook.com\/wolfgang.bohler.75"],"url":"https:\/\/www.musikzeitung.ch\/en\/author\/wolfgang-boehler"}]}},"publishpress_future_workflow_manual_trigger":{"enabledWorkflows":[]},"_links":{"self":[{"href":"https:\/\/www.musikzeitung.ch\/en\/wp-json\/wp\/v2\/posts\/54812","targetHints":{"allow":["GET"]}}],"collection":[{"href":"https:\/\/www.musikzeitung.ch\/en\/wp-json\/wp\/v2\/posts"}],"about":[{"href":"https:\/\/www.musikzeitung.ch\/en\/wp-json\/wp\/v2\/types\/post"}],"author":[{"embeddable":true,"href":"https:\/\/www.musikzeitung.ch\/en\/wp-json\/wp\/v2\/users\/30"}],"replies":[{"embeddable":true,"href":"https:\/\/www.musikzeitung.ch\/en\/wp-json\/wp\/v2\/comments?post=54812"}],"version-history":[{"count":1,"href":"https:\/\/www.musikzeitung.ch\/en\/wp-json\/wp\/v2\/posts\/54812\/revisions"}],"predecessor-version":[{"id":54814,"href":"https:\/\/www.musikzeitung.ch\/en\/wp-json\/wp\/v2\/posts\/54812\/revisions\/54814"}],"wp:featuredmedia":[{"embeddable":true,"href":"https:\/\/www.musikzeitung.ch\/en\/wp-json\/wp\/v2\/media\/54813"}],"wp:attachment":[{"href":"https:\/\/www.musikzeitung.ch\/en\/wp-json\/wp\/v2\/media?parent=54812"}],"wp:term":[{"taxonomy":"category","embeddable":true,"href":"https:\/\/www.musikzeitung.ch\/en\/wp-json\/wp\/v2\/categories?post=54812"},{"taxonomy":"post_tag","embeddable":true,"href":"https:\/\/www.musikzeitung.ch\/en\/wp-json\/wp\/v2\/tags?post=54812"}],"curies":[{"name":"wp","href":"https:\/\/api.w.org\/{rel}","templated":true}]}}