{"id":54872,"date":"2024-05-24T05:50:46","date_gmt":"2024-05-24T03:50:46","guid":{"rendered":"https:\/\/www.musikzeitung.ch\/?p=54872"},"modified":"2024-05-24T11:54:50","modified_gmt":"2024-05-24T09:54:50","slug":"brocal-uebernimmt-kulturfoerderung-der-stadt-basel","status":"publish","type":"post","link":"https:\/\/www.musikzeitung.ch\/en\/news\/2024\/05\/brocal-uebernimmt-kulturfoerderung-der-stadt-basel","title":{"rendered":"Brocal takes over cultural promotion of the city of Basel"},"content":{"rendered":"<figure id=\"attachment_45615\" aria-describedby=\"caption-attachment-45615\" style=\"width: 768px\" class=\"wp-caption alignnone\"><img loading=\"lazy\" decoding=\"async\" class=\"size-large wp-image-45615\" src=\"https:\/\/www.musikzeitung.ch\/wp-content\/uploads\/2023\/06\/230622basel-1024x768.jpg\" alt=\"\" width=\"768\" height=\"576\" srcset=\"https:\/\/www.musikzeitung.ch\/wp-content\/uploads\/2023\/06\/230622basel-1024x768.jpg 1024w, https:\/\/www.musikzeitung.ch\/wp-content\/uploads\/2023\/06\/230622basel-300x225.jpg 300w, https:\/\/www.musikzeitung.ch\/wp-content\/uploads\/2023\/06\/230622basel-768x576.jpg 768w, https:\/\/www.musikzeitung.ch\/wp-content\/uploads\/2023\/06\/230622basel-233x175.jpg 233w, https:\/\/www.musikzeitung.ch\/wp-content\/uploads\/2023\/06\/230622basel-467x350.jpg 467w, https:\/\/www.musikzeitung.ch\/wp-content\/uploads\/2023\/06\/230622basel-1067x800.jpg 1067w, https:\/\/www.musikzeitung.ch\/wp-content\/uploads\/2023\/06\/230622basel-920x690.jpg 920w, https:\/\/www.musikzeitung.ch\/wp-content\/uploads\/2023\/06\/230622basel.jpg 1280w\" sizes=\"auto, (max-width: 768px) 100vw, 768px\" \/><figcaption id=\"caption-attachment-45615\" class=\"wp-caption-text\">Basel City Hall (Image: Pixaby\/Hans)<\/figcaption><\/figure>\n<p>Brocal has been deputy head of the City of Winterthur's Office of Culture since 2021, and was interim head of the office from April to September 2023. She previously worked for the Swiss Films Foundation, including as a member of the Executive Board and as Head of Programs and International Relations, as well as for the Swiss Arts Council Pro Helvetia as a project manager and curator. She was also active as an expert on various specialist committees.<\/p>\n<p>Sabina Brocal studied Film Studies, German Studies and Business Administration at the University of Zurich and completed an MAS in Cultural Management at the University of Basel. With the appointment of Sabina Brocal, the management of the Department of Culture is now complete, according to the city's press release. Due to the increase in tasks resulting from the implementation of the \"tip initiative\" and the new cultural contract with Basel-Landschaft, a continuous second management level will be created at the Culture Department. The Grand Council approved a corresponding proposal by the Government Council last year.<\/p>","protected":false},"excerpt":{"rendered":"<p>Sabina Brocal, currently deputy head of the Winterthur Office for Culture, will take over the cultural promotion division within the Basel-Stadt Culture Department at the beginning of August. <\/p>","protected":false},"author":30,"featured_media":45615,"comment_status":"closed","ping_status":"closed","sticky":false,"template":"","format":"standard","meta":{"_acf_changed":false,"_relevanssi_hide_post":"","_relevanssi_hide_content":"","_relevanssi_pin_for_all":"","_relevanssi_pin_keywords":"","_relevanssi_unpin_keywords":"","_relevanssi_related_keywords":"","_relevanssi_related_include_ids":"","_relevanssi_related_exclude_ids":"","_relevanssi_related_no_append":"","_relevanssi_related_not_related":"","_relevanssi_related_posts":"","_relevanssi_noindex_reason":"","pgc_sgb_lightbox_settings":"","footnotes":""},"categories":[27],"tags":[2260,4060],"class_list":["post-54872","post","type-post","status-publish","format-standard","has-post-thumbnail","hentry","category-news","tag-basel-stadt","tag-sabine-brocal"],"acf":[],"yoast_head":"<!-- This site is optimized with the Yoast SEO plugin v27.4 - https:\/\/yoast.com\/product\/yoast-seo-wordpress\/ -->\n<title>Brocal \u00fcbernimmt Kulturf\u00f6rderung der Stadt Basel - Schweizer Musikzeitung<\/title>\n<meta name=\"description\" content=\"Sabina Brocal \u00fcbernmmt auf Anfang August den Bereich Kulturf\u00f6rderung innerhalb der Abteilung Kultur Basel-Stadt.\" \/>\n<meta name=\"robots\" content=\"index, follow, max-snippet:-1, max-image-preview:large, max-video-preview:-1\" \/>\n<link rel=\"canonical\" href=\"https:\/\/www.musikzeitung.ch\/en\/news\/2024\/05\/brocal-uebernimmt-kulturfoerderung-der-stadt-basel\/\" \/>\n<meta property=\"og:locale\" content=\"en_US\" \/>\n<meta property=\"og:type\" content=\"article\" \/>\n<meta property=\"og:title\" content=\"Brocal \u00fcbernimmt Kulturf\u00f6rderung der Stadt Basel - Schweizer Musikzeitung\" \/>\n<meta property=\"og:description\" content=\"Sabina Brocal \u00fcbernmmt auf Anfang August den Bereich Kulturf\u00f6rderung innerhalb der Abteilung Kultur Basel-Stadt.\" \/>\n<meta property=\"og:url\" content=\"https:\/\/www.musikzeitung.ch\/en\/news\/2024\/05\/brocal-uebernimmt-kulturfoerderung-der-stadt-basel\/\" \/>\n<meta property=\"og:site_name\" content=\"Schweizer Musikzeitung\" \/>\n<meta property=\"article:publisher\" content=\"https:\/\/www.facebook.com\/SchweizerMusikzeitung\/\" \/>\n<meta property=\"article:author\" content=\"https:\/\/www.facebook.com\/wolfgang.bohler.75\" \/>\n<meta property=\"article:published_time\" content=\"2024-05-24T03:50:46+00:00\" \/>\n<meta property=\"article:modified_time\" content=\"2024-05-24T09:54:50+00:00\" \/>\n<meta property=\"og:image\" content=\"https:\/\/www.musikzeitung.ch\/wp-content\/uploads\/2023\/06\/230622basel.jpg\" \/>\n\t<meta property=\"og:image:width\" content=\"1280\" \/>\n\t<meta property=\"og:image:height\" content=\"960\" \/>\n\t<meta property=\"og:image:type\" content=\"image\/jpeg\" \/>\n<meta name=\"author\" content=\"Wolfgang B\u00f6hler\" \/>\n<meta name=\"twitter:card\" content=\"summary_large_image\" \/>\n<meta name=\"twitter:creator\" content=\"@smusikzeitung\" \/>\n<meta name=\"twitter:site\" content=\"@smusikzeitung\" \/>\n<meta name=\"twitter:label1\" content=\"Written by\" \/>\n\t<meta name=\"twitter:data1\" content=\"Wolfgang B\u00f6hler\" \/>\n\t<meta name=\"twitter:label2\" content=\"Est. reading time\" \/>\n\t<meta name=\"twitter:data2\" content=\"2 minutes\" \/>\n<script type=\"application\/ld+json\" class=\"yoast-schema-graph\">{\"@context\":\"https:\\\/\\\/schema.org\",\"@graph\":[{\"@type\":\"Article\",\"@id\":\"https:\\\/\\\/www.musikzeitung.ch\\\/news\\\/2024\\\/05\\\/brocal-uebernimmt-kulturfoerderung-der-stadt-basel#article\",\"isPartOf\":{\"@id\":\"https:\\\/\\\/www.musikzeitung.ch\\\/news\\\/2024\\\/05\\\/brocal-uebernimmt-kulturfoerderung-der-stadt-basel\"},\"author\":{\"name\":\"Wolfgang B\u00f6hler\",\"@id\":\"https:\\\/\\\/www.musikzeitung.ch\\\/#\\\/schema\\\/person\\\/0da4fb82d243f1252850a35d0e87cf0c\"},\"headline\":\"Brocal \u00fcbernimmt Kulturf\u00f6rderung der Stadt Basel\",\"datePublished\":\"2024-05-24T03:50:46+00:00\",\"dateModified\":\"2024-05-24T09:54:50+00:00\",\"mainEntityOfPage\":{\"@id\":\"https:\\\/\\\/www.musikzeitung.ch\\\/news\\\/2024\\\/05\\\/brocal-uebernimmt-kulturfoerderung-der-stadt-basel\"},\"wordCount\":176,\"publisher\":{\"@id\":\"https:\\\/\\\/www.musikzeitung.ch\\\/#organization\"},\"image\":{\"@id\":\"https:\\\/\\\/www.musikzeitung.ch\\\/news\\\/2024\\\/05\\\/brocal-uebernimmt-kulturfoerderung-der-stadt-basel#primaryimage\"},\"thumbnailUrl\":\"https:\\\/\\\/www.musikzeitung.ch\\\/wp-content\\\/uploads\\\/2023\\\/06\\\/230622basel.jpg\",\"keywords\":[\"Basel-Stadt\",\"Sabine Brocal\"],\"articleSection\":[\"News\"],\"inLanguage\":\"en-US\"},{\"@type\":\"WebPage\",\"@id\":\"https:\\\/\\\/www.musikzeitung.ch\\\/news\\\/2024\\\/05\\\/brocal-uebernimmt-kulturfoerderung-der-stadt-basel\",\"url\":\"https:\\\/\\\/www.musikzeitung.ch\\\/news\\\/2024\\\/05\\\/brocal-uebernimmt-kulturfoerderung-der-stadt-basel\",\"name\":\"Brocal \u00fcbernimmt Kulturf\u00f6rderung der Stadt Basel - Schweizer Musikzeitung\",\"isPartOf\":{\"@id\":\"https:\\\/\\\/www.musikzeitung.ch\\\/#website\"},\"primaryImageOfPage\":{\"@id\":\"https:\\\/\\\/www.musikzeitung.ch\\\/news\\\/2024\\\/05\\\/brocal-uebernimmt-kulturfoerderung-der-stadt-basel#primaryimage\"},\"image\":{\"@id\":\"https:\\\/\\\/www.musikzeitung.ch\\\/news\\\/2024\\\/05\\\/brocal-uebernimmt-kulturfoerderung-der-stadt-basel#primaryimage\"},\"thumbnailUrl\":\"https:\\\/\\\/www.musikzeitung.ch\\\/wp-content\\\/uploads\\\/2023\\\/06\\\/230622basel.jpg\",\"datePublished\":\"2024-05-24T03:50:46+00:00\",\"dateModified\":\"2024-05-24T09:54:50+00:00\",\"description\":\"Sabina Brocal \u00fcbernmmt auf Anfang August den Bereich Kulturf\u00f6rderung innerhalb der Abteilung Kultur Basel-Stadt.\",\"breadcrumb\":{\"@id\":\"https:\\\/\\\/www.musikzeitung.ch\\\/news\\\/2024\\\/05\\\/brocal-uebernimmt-kulturfoerderung-der-stadt-basel#breadcrumb\"},\"inLanguage\":\"en-US\",\"potentialAction\":[{\"@type\":\"ReadAction\",\"target\":[\"https:\\\/\\\/www.musikzeitung.ch\\\/news\\\/2024\\\/05\\\/brocal-uebernimmt-kulturfoerderung-der-stadt-basel\"]}]},{\"@type\":\"ImageObject\",\"inLanguage\":\"en-US\",\"@id\":\"https:\\\/\\\/www.musikzeitung.ch\\\/news\\\/2024\\\/05\\\/brocal-uebernimmt-kulturfoerderung-der-stadt-basel#primaryimage\",\"url\":\"https:\\\/\\\/www.musikzeitung.ch\\\/wp-content\\\/uploads\\\/2023\\\/06\\\/230622basel.jpg\",\"contentUrl\":\"https:\\\/\\\/www.musikzeitung.ch\\\/wp-content\\\/uploads\\\/2023\\\/06\\\/230622basel.jpg\",\"width\":1280,\"height\":960,\"caption\":\"Basler Rathaus (Bild: Pixaby\\\/Hans)\"},{\"@type\":\"BreadcrumbList\",\"@id\":\"https:\\\/\\\/www.musikzeitung.ch\\\/news\\\/2024\\\/05\\\/brocal-uebernimmt-kulturfoerderung-der-stadt-basel#breadcrumb\",\"itemListElement\":[{\"@type\":\"ListItem\",\"position\":1,\"name\":\"Home\",\"item\":\"https:\\\/\\\/www.musikzeitung.ch\\\/\"},{\"@type\":\"ListItem\",\"position\":2,\"name\":\"Brocal \u00fcbernimmt Kulturf\u00f6rderung der Stadt Basel\"}]},{\"@type\":\"WebSite\",\"@id\":\"https:\\\/\\\/www.musikzeitung.ch\\\/#website\",\"url\":\"https:\\\/\\\/www.musikzeitung.ch\\\/\",\"name\":\"Schweizer Musikzeitung\",\"description\":\"Die f\u00fchrende sparten\u00fcbergreifende Monatszeitung in der Schweiz f\u00fcr musikalische Fragen.\",\"publisher\":{\"@id\":\"https:\\\/\\\/www.musikzeitung.ch\\\/#organization\"},\"potentialAction\":[{\"@type\":\"SearchAction\",\"target\":{\"@type\":\"EntryPoint\",\"urlTemplate\":\"https:\\\/\\\/www.musikzeitung.ch\\\/?s={search_term_string}\"},\"query-input\":{\"@type\":\"PropertyValueSpecification\",\"valueRequired\":true,\"valueName\":\"search_term_string\"}}],\"inLanguage\":\"en-US\"},{\"@type\":\"Organization\",\"@id\":\"https:\\\/\\\/www.musikzeitung.ch\\\/#organization\",\"name\":\"Schweizer Musikzeitung\",\"url\":\"https:\\\/\\\/www.musikzeitung.ch\\\/\",\"logo\":{\"@type\":\"ImageObject\",\"inLanguage\":\"en-US\",\"@id\":\"https:\\\/\\\/www.musikzeitung.ch\\\/#\\\/schema\\\/logo\\\/image\\\/\",\"url\":\"https:\\\/\\\/www.musikzeitung.ch\\\/wp-content\\\/uploads\\\/2023\\\/01\\\/SMZ_Schriftzug_Sprache.png\",\"contentUrl\":\"https:\\\/\\\/www.musikzeitung.ch\\\/wp-content\\\/uploads\\\/2023\\\/01\\\/SMZ_Schriftzug_Sprache.png\",\"width\":1400,\"height\":279,\"caption\":\"Schweizer Musikzeitung\"},\"image\":{\"@id\":\"https:\\\/\\\/www.musikzeitung.ch\\\/#\\\/schema\\\/logo\\\/image\\\/\"},\"sameAs\":[\"https:\\\/\\\/www.facebook.com\\\/SchweizerMusikzeitung\\\/\",\"https:\\\/\\\/x.com\\\/smusikzeitung\",\"https:\\\/\\\/www.instagram.com\\\/musikzeitung.ch\\\/\"]},{\"@type\":\"Person\",\"@id\":\"https:\\\/\\\/www.musikzeitung.ch\\\/#\\\/schema\\\/person\\\/0da4fb82d243f1252850a35d0e87cf0c\",\"name\":\"Wolfgang B\u00f6hler\",\"image\":{\"@type\":\"ImageObject\",\"inLanguage\":\"en-US\",\"@id\":\"https:\\\/\\\/www.musikzeitung.ch\\\/wp-content\\\/uploads\\\/2023\\\/01\\\/boehler_portraet_web-e1674139782246-96x96.jpg\",\"url\":\"https:\\\/\\\/www.musikzeitung.ch\\\/wp-content\\\/uploads\\\/2023\\\/01\\\/boehler_portraet_web-e1674139782246-96x96.jpg\",\"contentUrl\":\"https:\\\/\\\/www.musikzeitung.ch\\\/wp-content\\\/uploads\\\/2023\\\/01\\\/boehler_portraet_web-e1674139782246-96x96.jpg\",\"caption\":\"Wolfgang B\u00f6hler\"},\"sameAs\":[\"http:\\\/\\\/www.manacanto.ch\",\"https:\\\/\\\/www.facebook.com\\\/wolfgang.bohler.75\"],\"url\":\"https:\\\/\\\/www.musikzeitung.ch\\\/en\\\/author\\\/wolfgang-boehler\"}]}<\/script>\n<!-- \/ Yoast SEO plugin. -->","yoast_head_json":{"title":"Brocal \u00fcbernimmt Kulturf\u00f6rderung der Stadt Basel - Schweizer Musikzeitung","description":"Sabina Brocal \u00fcbernmmt auf Anfang August den Bereich Kulturf\u00f6rderung innerhalb der Abteilung Kultur Basel-Stadt.","robots":{"index":"index","follow":"follow","max-snippet":"max-snippet:-1","max-image-preview":"max-image-preview:large","max-video-preview":"max-video-preview:-1"},"canonical":"https:\/\/www.musikzeitung.ch\/en\/news\/2024\/05\/brocal-uebernimmt-kulturfoerderung-der-stadt-basel\/","og_locale":"en_US","og_type":"article","og_title":"Brocal \u00fcbernimmt Kulturf\u00f6rderung der Stadt Basel - Schweizer Musikzeitung","og_description":"Sabina Brocal \u00fcbernmmt auf Anfang August den Bereich Kulturf\u00f6rderung innerhalb der Abteilung Kultur Basel-Stadt.","og_url":"https:\/\/www.musikzeitung.ch\/en\/news\/2024\/05\/brocal-uebernimmt-kulturfoerderung-der-stadt-basel\/","og_site_name":"Schweizer Musikzeitung","article_publisher":"https:\/\/www.facebook.com\/SchweizerMusikzeitung\/","article_author":"https:\/\/www.facebook.com\/wolfgang.bohler.75","article_published_time":"2024-05-24T03:50:46+00:00","article_modified_time":"2024-05-24T09:54:50+00:00","og_image":[{"width":1280,"height":960,"url":"https:\/\/www.musikzeitung.ch\/wp-content\/uploads\/2023\/06\/230622basel.jpg","type":"image\/jpeg"}],"author":"Wolfgang B\u00f6hler","twitter_card":"summary_large_image","twitter_creator":"@smusikzeitung","twitter_site":"@smusikzeitung","twitter_misc":{"Written by":"Wolfgang B\u00f6hler","Est. reading time":"2 minutes"},"schema":{"@context":"https:\/\/schema.org","@graph":[{"@type":"Article","@id":"https:\/\/www.musikzeitung.ch\/news\/2024\/05\/brocal-uebernimmt-kulturfoerderung-der-stadt-basel#article","isPartOf":{"@id":"https:\/\/www.musikzeitung.ch\/news\/2024\/05\/brocal-uebernimmt-kulturfoerderung-der-stadt-basel"},"author":{"name":"Wolfgang B\u00f6hler","@id":"https:\/\/www.musikzeitung.ch\/#\/schema\/person\/0da4fb82d243f1252850a35d0e87cf0c"},"headline":"Brocal \u00fcbernimmt Kulturf\u00f6rderung der Stadt Basel","datePublished":"2024-05-24T03:50:46+00:00","dateModified":"2024-05-24T09:54:50+00:00","mainEntityOfPage":{"@id":"https:\/\/www.musikzeitung.ch\/news\/2024\/05\/brocal-uebernimmt-kulturfoerderung-der-stadt-basel"},"wordCount":176,"publisher":{"@id":"https:\/\/www.musikzeitung.ch\/#organization"},"image":{"@id":"https:\/\/www.musikzeitung.ch\/news\/2024\/05\/brocal-uebernimmt-kulturfoerderung-der-stadt-basel#primaryimage"},"thumbnailUrl":"https:\/\/www.musikzeitung.ch\/wp-content\/uploads\/2023\/06\/230622basel.jpg","keywords":["Basel-Stadt","Sabine Brocal"],"articleSection":["News"],"inLanguage":"en-US"},{"@type":"WebPage","@id":"https:\/\/www.musikzeitung.ch\/news\/2024\/05\/brocal-uebernimmt-kulturfoerderung-der-stadt-basel","url":"https:\/\/www.musikzeitung.ch\/news\/2024\/05\/brocal-uebernimmt-kulturfoerderung-der-stadt-basel","name":"Brocal \u00fcbernimmt Kulturf\u00f6rderung der Stadt Basel - Schweizer Musikzeitung","isPartOf":{"@id":"https:\/\/www.musikzeitung.ch\/#website"},"primaryImageOfPage":{"@id":"https:\/\/www.musikzeitung.ch\/news\/2024\/05\/brocal-uebernimmt-kulturfoerderung-der-stadt-basel#primaryimage"},"image":{"@id":"https:\/\/www.musikzeitung.ch\/news\/2024\/05\/brocal-uebernimmt-kulturfoerderung-der-stadt-basel#primaryimage"},"thumbnailUrl":"https:\/\/www.musikzeitung.ch\/wp-content\/uploads\/2023\/06\/230622basel.jpg","datePublished":"2024-05-24T03:50:46+00:00","dateModified":"2024-05-24T09:54:50+00:00","description":"Sabina Brocal \u00fcbernmmt auf Anfang August den Bereich Kulturf\u00f6rderung innerhalb der Abteilung Kultur Basel-Stadt.","breadcrumb":{"@id":"https:\/\/www.musikzeitung.ch\/news\/2024\/05\/brocal-uebernimmt-kulturfoerderung-der-stadt-basel#breadcrumb"},"inLanguage":"en-US","potentialAction":[{"@type":"ReadAction","target":["https:\/\/www.musikzeitung.ch\/news\/2024\/05\/brocal-uebernimmt-kulturfoerderung-der-stadt-basel"]}]},{"@type":"ImageObject","inLanguage":"en-US","@id":"https:\/\/www.musikzeitung.ch\/news\/2024\/05\/brocal-uebernimmt-kulturfoerderung-der-stadt-basel#primaryimage","url":"https:\/\/www.musikzeitung.ch\/wp-content\/uploads\/2023\/06\/230622basel.jpg","contentUrl":"https:\/\/www.musikzeitung.ch\/wp-content\/uploads\/2023\/06\/230622basel.jpg","width":1280,"height":960,"caption":"Basler Rathaus (Bild: Pixaby\/Hans)"},{"@type":"BreadcrumbList","@id":"https:\/\/www.musikzeitung.ch\/news\/2024\/05\/brocal-uebernimmt-kulturfoerderung-der-stadt-basel#breadcrumb","itemListElement":[{"@type":"ListItem","position":1,"name":"Home","item":"https:\/\/www.musikzeitung.ch\/"},{"@type":"ListItem","position":2,"name":"Brocal \u00fcbernimmt Kulturf\u00f6rderung der Stadt Basel"}]},{"@type":"WebSite","@id":"https:\/\/www.musikzeitung.ch\/#website","url":"https:\/\/www.musikzeitung.ch\/","name":"Swiss Music Newspaper","description":"The leading interdisciplinary monthly newspaper in Switzerland for musical issues.","publisher":{"@id":"https:\/\/www.musikzeitung.ch\/#organization"},"potentialAction":[{"@type":"SearchAction","target":{"@type":"EntryPoint","urlTemplate":"https:\/\/www.musikzeitung.ch\/?s={search_term_string}"},"query-input":{"@type":"PropertyValueSpecification","valueRequired":true,"valueName":"search_term_string"}}],"inLanguage":"en-US"},{"@type":"Organization","@id":"https:\/\/www.musikzeitung.ch\/#organization","name":"Swiss Music Newspaper","url":"https:\/\/www.musikzeitung.ch\/","logo":{"@type":"ImageObject","inLanguage":"en-US","@id":"https:\/\/www.musikzeitung.ch\/#\/schema\/logo\/image\/","url":"https:\/\/www.musikzeitung.ch\/wp-content\/uploads\/2023\/01\/SMZ_Schriftzug_Sprache.png","contentUrl":"https:\/\/www.musikzeitung.ch\/wp-content\/uploads\/2023\/01\/SMZ_Schriftzug_Sprache.png","width":1400,"height":279,"caption":"Schweizer Musikzeitung"},"image":{"@id":"https:\/\/www.musikzeitung.ch\/#\/schema\/logo\/image\/"},"sameAs":["https:\/\/www.facebook.com\/SchweizerMusikzeitung\/","https:\/\/x.com\/smusikzeitung","https:\/\/www.instagram.com\/musikzeitung.ch\/"]},{"@type":"Person","@id":"https:\/\/www.musikzeitung.ch\/#\/schema\/person\/0da4fb82d243f1252850a35d0e87cf0c","name":"Wolfgang B\u00f6hler","image":{"@type":"ImageObject","inLanguage":"en-US","@id":"https:\/\/www.musikzeitung.ch\/wp-content\/uploads\/2023\/01\/boehler_portraet_web-e1674139782246-96x96.jpg","url":"https:\/\/www.musikzeitung.ch\/wp-content\/uploads\/2023\/01\/boehler_portraet_web-e1674139782246-96x96.jpg","contentUrl":"https:\/\/www.musikzeitung.ch\/wp-content\/uploads\/2023\/01\/boehler_portraet_web-e1674139782246-96x96.jpg","caption":"Wolfgang B\u00f6hler"},"sameAs":["http:\/\/www.manacanto.ch","https:\/\/www.facebook.com\/wolfgang.bohler.75"],"url":"https:\/\/www.musikzeitung.ch\/en\/author\/wolfgang-boehler"}]}},"publishpress_future_workflow_manual_trigger":{"enabledWorkflows":[]},"_links":{"self":[{"href":"https:\/\/www.musikzeitung.ch\/en\/wp-json\/wp\/v2\/posts\/54872","targetHints":{"allow":["GET"]}}],"collection":[{"href":"https:\/\/www.musikzeitung.ch\/en\/wp-json\/wp\/v2\/posts"}],"about":[{"href":"https:\/\/www.musikzeitung.ch\/en\/wp-json\/wp\/v2\/types\/post"}],"author":[{"embeddable":true,"href":"https:\/\/www.musikzeitung.ch\/en\/wp-json\/wp\/v2\/users\/30"}],"replies":[{"embeddable":true,"href":"https:\/\/www.musikzeitung.ch\/en\/wp-json\/wp\/v2\/comments?post=54872"}],"version-history":[{"count":1,"href":"https:\/\/www.musikzeitung.ch\/en\/wp-json\/wp\/v2\/posts\/54872\/revisions"}],"predecessor-version":[{"id":54873,"href":"https:\/\/www.musikzeitung.ch\/en\/wp-json\/wp\/v2\/posts\/54872\/revisions\/54873"}],"wp:featuredmedia":[{"embeddable":true,"href":"https:\/\/www.musikzeitung.ch\/en\/wp-json\/wp\/v2\/media\/45615"}],"wp:attachment":[{"href":"https:\/\/www.musikzeitung.ch\/en\/wp-json\/wp\/v2\/media?parent=54872"}],"wp:term":[{"taxonomy":"category","embeddable":true,"href":"https:\/\/www.musikzeitung.ch\/en\/wp-json\/wp\/v2\/categories?post=54872"},{"taxonomy":"post_tag","embeddable":true,"href":"https:\/\/www.musikzeitung.ch\/en\/wp-json\/wp\/v2\/tags?post=54872"}],"curies":[{"name":"wp","href":"https:\/\/api.w.org\/{rel}","templated":true}]}}