{"id":54887,"date":"2024-05-27T10:19:19","date_gmt":"2024-05-27T08:19:19","guid":{"rendered":"https:\/\/www.musikzeitung.ch\/?p=54887"},"modified":"2024-05-27T11:45:57","modified_gmt":"2024-05-27T09:45:57","slug":"jankauskaite-assistant-conductor-des-hr-sinfonieorchesters","status":"publish","type":"post","link":"https:\/\/www.musikzeitung.ch\/en\/news\/2024\/05\/jankauskaite-assistant-conductor-des-hr-sinfonieorchesters","title":{"rendered":"Jankauskait\u0117 Assistant Conductor of the hr-Sinfonieorchester"},"content":{"rendered":"<header class=\"l-news_grid news_header\" data-bind=\"css: {'as-portrait': news().teaser_image_orientation() == 1}\">\n<div class=\"news_header_lead\">\n<figure id=\"attachment_54888\" aria-describedby=\"caption-attachment-54888\" style=\"width: 879px\" class=\"wp-caption alignnone\"><img loading=\"lazy\" decoding=\"async\" class=\"size-full wp-image-54888\" src=\"https:\/\/www.musikzeitung.ch\/wp-content\/uploads\/2024\/05\/240527dirg.jpg\" alt=\"\" width=\"879\" height=\"591\" srcset=\"https:\/\/www.musikzeitung.ch\/wp-content\/uploads\/2024\/05\/240527dirg.jpg 879w, https:\/\/www.musikzeitung.ch\/wp-content\/uploads\/2024\/05\/240527dirg-300x202.jpg 300w, https:\/\/www.musikzeitung.ch\/wp-content\/uploads\/2024\/05\/240527dirg-768x516.jpg 768w, https:\/\/www.musikzeitung.ch\/wp-content\/uploads\/2024\/05\/240527dirg-18x12.jpg 18w, https:\/\/www.musikzeitung.ch\/wp-content\/uploads\/2024\/05\/240527dirg-260x175.jpg 260w, https:\/\/www.musikzeitung.ch\/wp-content\/uploads\/2024\/05\/240527dirg-521x350.jpg 521w\" sizes=\"auto, (max-width: 879px) 100vw, 879px\" \/><figcaption id=\"caption-attachment-54888\" class=\"wp-caption-text\">Izabel\u0117 Jankauskait\u0117 (Image: Theresa Pewal)<\/figcaption><\/figure>\n<p class=\"news_header_lead--text\" data-bind=\"html: news().rowDescription\">Lithuanian conductor Jankauskait\u0117 began her studies at the ZHdK (Zurich University of the Arts) in 2018 with a Bachelor's degree in Choral Conducting. In 2019, she switched to the Bachelor of Orchestra Conducting. She is currently studying for a Master's in Performance, Conducting at Christoph-Mathias Mueller's Conductors Studio ZHdK. In 2022, she received the Neeme J\u00e4rvi Prize of the Gstaad Conducting Academy; for the 2022\/23 season of the Tonhalle Orchestra Zurich, chief conductor Paavo J\u00e4rvi engaged her as assistant conductor.<\/p>\n<p data-bind=\"html: news().rowDescription\">\u00a0During her studies, she conducted the G\u00f6ttinger Symphonieorchester, the S\u00fcdwestdeutsche Philharmonie Konstanz, the Sofia Philharmonic Orchestra, the Hradec Kr\u00e1lov\u00e9 Philharmonic Orchestra, the Collegium Musicum Basel, the Zentralschweizer Jugendsinfonieorchester and the Schweizer Jugend-Sinfonie-Orchester, among others. She has worked with the Theater Orchester Biel Solothurn and the W\u00fcrttemberg Chamber Orchestra Heilbronn.<\/p>\n<\/div>\n<\/header>","protected":false},"excerpt":{"rendered":"<p>Izabel\u0117 Jankauskait\u0117, who is currently studying for a Master's degree in Performance, Conducting at the Conductors Studio ZHdK, will become Assistant Conductor of the hr-Sinfonieorchester in the 2024\/25 season. <\/p>","protected":false},"author":30,"featured_media":54888,"comment_status":"closed","ping_status":"closed","sticky":false,"template":"","format":"standard","meta":{"_acf_changed":false,"_relevanssi_hide_post":"","_relevanssi_hide_content":"","_relevanssi_pin_for_all":"","_relevanssi_pin_keywords":"","_relevanssi_unpin_keywords":"","_relevanssi_related_keywords":"","_relevanssi_related_include_ids":"","_relevanssi_related_exclude_ids":"","_relevanssi_related_no_append":"","_relevanssi_related_not_related":"","_relevanssi_related_posts":"","_relevanssi_noindex_reason":"","pgc_sgb_lightbox_settings":"","footnotes":""},"categories":[27],"tags":[4064,4063],"class_list":["post-54887","post","type-post","status-publish","format-standard","has-post-thumbnail","hentry","category-news","tag-conductors-studio-zhdk","tag-izabele-jankauskaite"],"acf":[],"yoast_head":"<!-- This site is optimized with the Yoast SEO plugin v27.4 - https:\/\/yoast.com\/product\/yoast-seo-wordpress\/ -->\n<title>Jankauskait\u0117 Assistant Conductor des hr-Sinfonieorchesters - Schweizer Musikzeitung<\/title>\n<meta name=\"description\" content=\"Izabel\u0117 Jankauskait\u0117 wird in der Saison 2024\/25 Assistant Conductor des hr-Sinfonieorchesters.\" \/>\n<meta name=\"robots\" content=\"index, follow, max-snippet:-1, max-image-preview:large, max-video-preview:-1\" \/>\n<link rel=\"canonical\" href=\"https:\/\/www.musikzeitung.ch\/en\/news\/2024\/05\/jankauskaite-assistant-conductor-des-hr-sinfonieorchesters\/\" \/>\n<meta property=\"og:locale\" content=\"en_US\" \/>\n<meta property=\"og:type\" content=\"article\" \/>\n<meta property=\"og:title\" content=\"Jankauskait\u0117 Assistant Conductor des hr-Sinfonieorchesters - Schweizer Musikzeitung\" \/>\n<meta property=\"og:description\" content=\"Izabel\u0117 Jankauskait\u0117 wird in der Saison 2024\/25 Assistant Conductor des hr-Sinfonieorchesters.\" \/>\n<meta property=\"og:url\" content=\"https:\/\/www.musikzeitung.ch\/en\/news\/2024\/05\/jankauskaite-assistant-conductor-des-hr-sinfonieorchesters\/\" \/>\n<meta property=\"og:site_name\" content=\"Schweizer Musikzeitung\" \/>\n<meta property=\"article:publisher\" content=\"https:\/\/www.facebook.com\/SchweizerMusikzeitung\/\" \/>\n<meta property=\"article:author\" content=\"https:\/\/www.facebook.com\/wolfgang.bohler.75\" \/>\n<meta property=\"article:published_time\" content=\"2024-05-27T08:19:19+00:00\" \/>\n<meta property=\"article:modified_time\" content=\"2024-05-27T09:45:57+00:00\" \/>\n<meta property=\"og:image\" content=\"https:\/\/www.musikzeitung.ch\/wp-content\/uploads\/2024\/05\/240527dirg.jpg\" \/>\n\t<meta property=\"og:image:width\" content=\"879\" \/>\n\t<meta property=\"og:image:height\" content=\"591\" \/>\n\t<meta property=\"og:image:type\" content=\"image\/jpeg\" \/>\n<meta name=\"author\" content=\"Wolfgang B\u00f6hler\" \/>\n<meta name=\"twitter:card\" content=\"summary_large_image\" \/>\n<meta name=\"twitter:creator\" content=\"@smusikzeitung\" \/>\n<meta name=\"twitter:site\" content=\"@smusikzeitung\" \/>\n<meta name=\"twitter:label1\" content=\"Written by\" \/>\n\t<meta name=\"twitter:data1\" content=\"Wolfgang B\u00f6hler\" \/>\n\t<meta name=\"twitter:label2\" content=\"Est. reading time\" \/>\n\t<meta name=\"twitter:data2\" content=\"2 minutes\" \/>\n<script type=\"application\/ld+json\" class=\"yoast-schema-graph\">{\"@context\":\"https:\\\/\\\/schema.org\",\"@graph\":[{\"@type\":\"Article\",\"@id\":\"https:\\\/\\\/www.musikzeitung.ch\\\/news\\\/2024\\\/05\\\/jankauskaite-assistant-conductor-des-hr-sinfonieorchesters#article\",\"isPartOf\":{\"@id\":\"https:\\\/\\\/www.musikzeitung.ch\\\/news\\\/2024\\\/05\\\/jankauskaite-assistant-conductor-des-hr-sinfonieorchesters\"},\"author\":{\"name\":\"Wolfgang B\u00f6hler\",\"@id\":\"https:\\\/\\\/www.musikzeitung.ch\\\/#\\\/schema\\\/person\\\/0da4fb82d243f1252850a35d0e87cf0c\"},\"headline\":\"Jankauskait\u0117 Assistant Conductor des hr-Sinfonieorchesters\",\"datePublished\":\"2024-05-27T08:19:19+00:00\",\"dateModified\":\"2024-05-27T09:45:57+00:00\",\"mainEntityOfPage\":{\"@id\":\"https:\\\/\\\/www.musikzeitung.ch\\\/news\\\/2024\\\/05\\\/jankauskaite-assistant-conductor-des-hr-sinfonieorchesters\"},\"wordCount\":135,\"publisher\":{\"@id\":\"https:\\\/\\\/www.musikzeitung.ch\\\/#organization\"},\"image\":{\"@id\":\"https:\\\/\\\/www.musikzeitung.ch\\\/news\\\/2024\\\/05\\\/jankauskaite-assistant-conductor-des-hr-sinfonieorchesters#primaryimage\"},\"thumbnailUrl\":\"https:\\\/\\\/www.musikzeitung.ch\\\/wp-content\\\/uploads\\\/2024\\\/05\\\/240527dirg.jpg\",\"keywords\":[\"Conductors Studio ZHdK\",\"Izabel\u0117 Jankauskait\u0117\"],\"articleSection\":[\"News\"],\"inLanguage\":\"en-US\"},{\"@type\":\"WebPage\",\"@id\":\"https:\\\/\\\/www.musikzeitung.ch\\\/news\\\/2024\\\/05\\\/jankauskaite-assistant-conductor-des-hr-sinfonieorchesters\",\"url\":\"https:\\\/\\\/www.musikzeitung.ch\\\/news\\\/2024\\\/05\\\/jankauskaite-assistant-conductor-des-hr-sinfonieorchesters\",\"name\":\"Jankauskait\u0117 Assistant Conductor des hr-Sinfonieorchesters - Schweizer Musikzeitung\",\"isPartOf\":{\"@id\":\"https:\\\/\\\/www.musikzeitung.ch\\\/#website\"},\"primaryImageOfPage\":{\"@id\":\"https:\\\/\\\/www.musikzeitung.ch\\\/news\\\/2024\\\/05\\\/jankauskaite-assistant-conductor-des-hr-sinfonieorchesters#primaryimage\"},\"image\":{\"@id\":\"https:\\\/\\\/www.musikzeitung.ch\\\/news\\\/2024\\\/05\\\/jankauskaite-assistant-conductor-des-hr-sinfonieorchesters#primaryimage\"},\"thumbnailUrl\":\"https:\\\/\\\/www.musikzeitung.ch\\\/wp-content\\\/uploads\\\/2024\\\/05\\\/240527dirg.jpg\",\"datePublished\":\"2024-05-27T08:19:19+00:00\",\"dateModified\":\"2024-05-27T09:45:57+00:00\",\"description\":\"Izabel\u0117 Jankauskait\u0117 wird in der Saison 2024\\\/25 Assistant Conductor des hr-Sinfonieorchesters.\",\"breadcrumb\":{\"@id\":\"https:\\\/\\\/www.musikzeitung.ch\\\/news\\\/2024\\\/05\\\/jankauskaite-assistant-conductor-des-hr-sinfonieorchesters#breadcrumb\"},\"inLanguage\":\"en-US\",\"potentialAction\":[{\"@type\":\"ReadAction\",\"target\":[\"https:\\\/\\\/www.musikzeitung.ch\\\/news\\\/2024\\\/05\\\/jankauskaite-assistant-conductor-des-hr-sinfonieorchesters\"]}]},{\"@type\":\"ImageObject\",\"inLanguage\":\"en-US\",\"@id\":\"https:\\\/\\\/www.musikzeitung.ch\\\/news\\\/2024\\\/05\\\/jankauskaite-assistant-conductor-des-hr-sinfonieorchesters#primaryimage\",\"url\":\"https:\\\/\\\/www.musikzeitung.ch\\\/wp-content\\\/uploads\\\/2024\\\/05\\\/240527dirg.jpg\",\"contentUrl\":\"https:\\\/\\\/www.musikzeitung.ch\\\/wp-content\\\/uploads\\\/2024\\\/05\\\/240527dirg.jpg\",\"width\":879,\"height\":591,\"caption\":\"Izabel\u0117 Jankauskait\u0117 (Bild: Theresa Pewal)\"},{\"@type\":\"BreadcrumbList\",\"@id\":\"https:\\\/\\\/www.musikzeitung.ch\\\/news\\\/2024\\\/05\\\/jankauskaite-assistant-conductor-des-hr-sinfonieorchesters#breadcrumb\",\"itemListElement\":[{\"@type\":\"ListItem\",\"position\":1,\"name\":\"Home\",\"item\":\"https:\\\/\\\/www.musikzeitung.ch\\\/\"},{\"@type\":\"ListItem\",\"position\":2,\"name\":\"Jankauskait\u0117 Assistant Conductor des hr-Sinfonieorchesters\"}]},{\"@type\":\"WebSite\",\"@id\":\"https:\\\/\\\/www.musikzeitung.ch\\\/#website\",\"url\":\"https:\\\/\\\/www.musikzeitung.ch\\\/\",\"name\":\"Schweizer Musikzeitung\",\"description\":\"Die f\u00fchrende sparten\u00fcbergreifende Monatszeitung in der Schweiz f\u00fcr musikalische Fragen.\",\"publisher\":{\"@id\":\"https:\\\/\\\/www.musikzeitung.ch\\\/#organization\"},\"potentialAction\":[{\"@type\":\"SearchAction\",\"target\":{\"@type\":\"EntryPoint\",\"urlTemplate\":\"https:\\\/\\\/www.musikzeitung.ch\\\/?s={search_term_string}\"},\"query-input\":{\"@type\":\"PropertyValueSpecification\",\"valueRequired\":true,\"valueName\":\"search_term_string\"}}],\"inLanguage\":\"en-US\"},{\"@type\":\"Organization\",\"@id\":\"https:\\\/\\\/www.musikzeitung.ch\\\/#organization\",\"name\":\"Schweizer Musikzeitung\",\"url\":\"https:\\\/\\\/www.musikzeitung.ch\\\/\",\"logo\":{\"@type\":\"ImageObject\",\"inLanguage\":\"en-US\",\"@id\":\"https:\\\/\\\/www.musikzeitung.ch\\\/#\\\/schema\\\/logo\\\/image\\\/\",\"url\":\"https:\\\/\\\/www.musikzeitung.ch\\\/wp-content\\\/uploads\\\/2023\\\/01\\\/SMZ_Schriftzug_Sprache.png\",\"contentUrl\":\"https:\\\/\\\/www.musikzeitung.ch\\\/wp-content\\\/uploads\\\/2023\\\/01\\\/SMZ_Schriftzug_Sprache.png\",\"width\":1400,\"height\":279,\"caption\":\"Schweizer Musikzeitung\"},\"image\":{\"@id\":\"https:\\\/\\\/www.musikzeitung.ch\\\/#\\\/schema\\\/logo\\\/image\\\/\"},\"sameAs\":[\"https:\\\/\\\/www.facebook.com\\\/SchweizerMusikzeitung\\\/\",\"https:\\\/\\\/x.com\\\/smusikzeitung\",\"https:\\\/\\\/www.instagram.com\\\/musikzeitung.ch\\\/\"]},{\"@type\":\"Person\",\"@id\":\"https:\\\/\\\/www.musikzeitung.ch\\\/#\\\/schema\\\/person\\\/0da4fb82d243f1252850a35d0e87cf0c\",\"name\":\"Wolfgang B\u00f6hler\",\"image\":{\"@type\":\"ImageObject\",\"inLanguage\":\"en-US\",\"@id\":\"https:\\\/\\\/www.musikzeitung.ch\\\/wp-content\\\/uploads\\\/2023\\\/01\\\/boehler_portraet_web-e1674139782246-96x96.jpg\",\"url\":\"https:\\\/\\\/www.musikzeitung.ch\\\/wp-content\\\/uploads\\\/2023\\\/01\\\/boehler_portraet_web-e1674139782246-96x96.jpg\",\"contentUrl\":\"https:\\\/\\\/www.musikzeitung.ch\\\/wp-content\\\/uploads\\\/2023\\\/01\\\/boehler_portraet_web-e1674139782246-96x96.jpg\",\"caption\":\"Wolfgang B\u00f6hler\"},\"sameAs\":[\"http:\\\/\\\/www.manacanto.ch\",\"https:\\\/\\\/www.facebook.com\\\/wolfgang.bohler.75\"],\"url\":\"https:\\\/\\\/www.musikzeitung.ch\\\/en\\\/author\\\/wolfgang-boehler\"}]}<\/script>\n<!-- \/ Yoast SEO plugin. -->","yoast_head_json":{"title":"Jankauskait\u0117 Assistant Conductor des hr-Sinfonieorchesters - Schweizer Musikzeitung","description":"Izabel\u0117 Jankauskait\u0117 wird in der Saison 2024\/25 Assistant Conductor des hr-Sinfonieorchesters.","robots":{"index":"index","follow":"follow","max-snippet":"max-snippet:-1","max-image-preview":"max-image-preview:large","max-video-preview":"max-video-preview:-1"},"canonical":"https:\/\/www.musikzeitung.ch\/en\/news\/2024\/05\/jankauskaite-assistant-conductor-des-hr-sinfonieorchesters\/","og_locale":"en_US","og_type":"article","og_title":"Jankauskait\u0117 Assistant Conductor des hr-Sinfonieorchesters - Schweizer Musikzeitung","og_description":"Izabel\u0117 Jankauskait\u0117 wird in der Saison 2024\/25 Assistant Conductor des hr-Sinfonieorchesters.","og_url":"https:\/\/www.musikzeitung.ch\/en\/news\/2024\/05\/jankauskaite-assistant-conductor-des-hr-sinfonieorchesters\/","og_site_name":"Schweizer Musikzeitung","article_publisher":"https:\/\/www.facebook.com\/SchweizerMusikzeitung\/","article_author":"https:\/\/www.facebook.com\/wolfgang.bohler.75","article_published_time":"2024-05-27T08:19:19+00:00","article_modified_time":"2024-05-27T09:45:57+00:00","og_image":[{"width":879,"height":591,"url":"https:\/\/www.musikzeitung.ch\/wp-content\/uploads\/2024\/05\/240527dirg.jpg","type":"image\/jpeg"}],"author":"Wolfgang B\u00f6hler","twitter_card":"summary_large_image","twitter_creator":"@smusikzeitung","twitter_site":"@smusikzeitung","twitter_misc":{"Written by":"Wolfgang B\u00f6hler","Est. reading time":"2 minutes"},"schema":{"@context":"https:\/\/schema.org","@graph":[{"@type":"Article","@id":"https:\/\/www.musikzeitung.ch\/news\/2024\/05\/jankauskaite-assistant-conductor-des-hr-sinfonieorchesters#article","isPartOf":{"@id":"https:\/\/www.musikzeitung.ch\/news\/2024\/05\/jankauskaite-assistant-conductor-des-hr-sinfonieorchesters"},"author":{"name":"Wolfgang B\u00f6hler","@id":"https:\/\/www.musikzeitung.ch\/#\/schema\/person\/0da4fb82d243f1252850a35d0e87cf0c"},"headline":"Jankauskait\u0117 Assistant Conductor des hr-Sinfonieorchesters","datePublished":"2024-05-27T08:19:19+00:00","dateModified":"2024-05-27T09:45:57+00:00","mainEntityOfPage":{"@id":"https:\/\/www.musikzeitung.ch\/news\/2024\/05\/jankauskaite-assistant-conductor-des-hr-sinfonieorchesters"},"wordCount":135,"publisher":{"@id":"https:\/\/www.musikzeitung.ch\/#organization"},"image":{"@id":"https:\/\/www.musikzeitung.ch\/news\/2024\/05\/jankauskaite-assistant-conductor-des-hr-sinfonieorchesters#primaryimage"},"thumbnailUrl":"https:\/\/www.musikzeitung.ch\/wp-content\/uploads\/2024\/05\/240527dirg.jpg","keywords":["Conductors Studio ZHdK","Izabel\u0117 Jankauskait\u0117"],"articleSection":["News"],"inLanguage":"en-US"},{"@type":"WebPage","@id":"https:\/\/www.musikzeitung.ch\/news\/2024\/05\/jankauskaite-assistant-conductor-des-hr-sinfonieorchesters","url":"https:\/\/www.musikzeitung.ch\/news\/2024\/05\/jankauskaite-assistant-conductor-des-hr-sinfonieorchesters","name":"Jankauskait\u0117 Assistant Conductor des hr-Sinfonieorchesters - Schweizer Musikzeitung","isPartOf":{"@id":"https:\/\/www.musikzeitung.ch\/#website"},"primaryImageOfPage":{"@id":"https:\/\/www.musikzeitung.ch\/news\/2024\/05\/jankauskaite-assistant-conductor-des-hr-sinfonieorchesters#primaryimage"},"image":{"@id":"https:\/\/www.musikzeitung.ch\/news\/2024\/05\/jankauskaite-assistant-conductor-des-hr-sinfonieorchesters#primaryimage"},"thumbnailUrl":"https:\/\/www.musikzeitung.ch\/wp-content\/uploads\/2024\/05\/240527dirg.jpg","datePublished":"2024-05-27T08:19:19+00:00","dateModified":"2024-05-27T09:45:57+00:00","description":"Izabel\u0117 Jankauskait\u0117 wird in der Saison 2024\/25 Assistant Conductor des hr-Sinfonieorchesters.","breadcrumb":{"@id":"https:\/\/www.musikzeitung.ch\/news\/2024\/05\/jankauskaite-assistant-conductor-des-hr-sinfonieorchesters#breadcrumb"},"inLanguage":"en-US","potentialAction":[{"@type":"ReadAction","target":["https:\/\/www.musikzeitung.ch\/news\/2024\/05\/jankauskaite-assistant-conductor-des-hr-sinfonieorchesters"]}]},{"@type":"ImageObject","inLanguage":"en-US","@id":"https:\/\/www.musikzeitung.ch\/news\/2024\/05\/jankauskaite-assistant-conductor-des-hr-sinfonieorchesters#primaryimage","url":"https:\/\/www.musikzeitung.ch\/wp-content\/uploads\/2024\/05\/240527dirg.jpg","contentUrl":"https:\/\/www.musikzeitung.ch\/wp-content\/uploads\/2024\/05\/240527dirg.jpg","width":879,"height":591,"caption":"Izabel\u0117 Jankauskait\u0117 (Bild: Theresa Pewal)"},{"@type":"BreadcrumbList","@id":"https:\/\/www.musikzeitung.ch\/news\/2024\/05\/jankauskaite-assistant-conductor-des-hr-sinfonieorchesters#breadcrumb","itemListElement":[{"@type":"ListItem","position":1,"name":"Home","item":"https:\/\/www.musikzeitung.ch\/"},{"@type":"ListItem","position":2,"name":"Jankauskait\u0117 Assistant Conductor des hr-Sinfonieorchesters"}]},{"@type":"WebSite","@id":"https:\/\/www.musikzeitung.ch\/#website","url":"https:\/\/www.musikzeitung.ch\/","name":"Swiss Music Newspaper","description":"The leading interdisciplinary monthly newspaper in Switzerland for musical issues.","publisher":{"@id":"https:\/\/www.musikzeitung.ch\/#organization"},"potentialAction":[{"@type":"SearchAction","target":{"@type":"EntryPoint","urlTemplate":"https:\/\/www.musikzeitung.ch\/?s={search_term_string}"},"query-input":{"@type":"PropertyValueSpecification","valueRequired":true,"valueName":"search_term_string"}}],"inLanguage":"en-US"},{"@type":"Organization","@id":"https:\/\/www.musikzeitung.ch\/#organization","name":"Swiss Music Newspaper","url":"https:\/\/www.musikzeitung.ch\/","logo":{"@type":"ImageObject","inLanguage":"en-US","@id":"https:\/\/www.musikzeitung.ch\/#\/schema\/logo\/image\/","url":"https:\/\/www.musikzeitung.ch\/wp-content\/uploads\/2023\/01\/SMZ_Schriftzug_Sprache.png","contentUrl":"https:\/\/www.musikzeitung.ch\/wp-content\/uploads\/2023\/01\/SMZ_Schriftzug_Sprache.png","width":1400,"height":279,"caption":"Schweizer Musikzeitung"},"image":{"@id":"https:\/\/www.musikzeitung.ch\/#\/schema\/logo\/image\/"},"sameAs":["https:\/\/www.facebook.com\/SchweizerMusikzeitung\/","https:\/\/x.com\/smusikzeitung","https:\/\/www.instagram.com\/musikzeitung.ch\/"]},{"@type":"Person","@id":"https:\/\/www.musikzeitung.ch\/#\/schema\/person\/0da4fb82d243f1252850a35d0e87cf0c","name":"Wolfgang B\u00f6hler","image":{"@type":"ImageObject","inLanguage":"en-US","@id":"https:\/\/www.musikzeitung.ch\/wp-content\/uploads\/2023\/01\/boehler_portraet_web-e1674139782246-96x96.jpg","url":"https:\/\/www.musikzeitung.ch\/wp-content\/uploads\/2023\/01\/boehler_portraet_web-e1674139782246-96x96.jpg","contentUrl":"https:\/\/www.musikzeitung.ch\/wp-content\/uploads\/2023\/01\/boehler_portraet_web-e1674139782246-96x96.jpg","caption":"Wolfgang B\u00f6hler"},"sameAs":["http:\/\/www.manacanto.ch","https:\/\/www.facebook.com\/wolfgang.bohler.75"],"url":"https:\/\/www.musikzeitung.ch\/en\/author\/wolfgang-boehler"}]}},"publishpress_future_workflow_manual_trigger":{"enabledWorkflows":[]},"_links":{"self":[{"href":"https:\/\/www.musikzeitung.ch\/en\/wp-json\/wp\/v2\/posts\/54887","targetHints":{"allow":["GET"]}}],"collection":[{"href":"https:\/\/www.musikzeitung.ch\/en\/wp-json\/wp\/v2\/posts"}],"about":[{"href":"https:\/\/www.musikzeitung.ch\/en\/wp-json\/wp\/v2\/types\/post"}],"author":[{"embeddable":true,"href":"https:\/\/www.musikzeitung.ch\/en\/wp-json\/wp\/v2\/users\/30"}],"replies":[{"embeddable":true,"href":"https:\/\/www.musikzeitung.ch\/en\/wp-json\/wp\/v2\/comments?post=54887"}],"version-history":[{"count":6,"href":"https:\/\/www.musikzeitung.ch\/en\/wp-json\/wp\/v2\/posts\/54887\/revisions"}],"predecessor-version":[{"id":54897,"href":"https:\/\/www.musikzeitung.ch\/en\/wp-json\/wp\/v2\/posts\/54887\/revisions\/54897"}],"wp:featuredmedia":[{"embeddable":true,"href":"https:\/\/www.musikzeitung.ch\/en\/wp-json\/wp\/v2\/media\/54888"}],"wp:attachment":[{"href":"https:\/\/www.musikzeitung.ch\/en\/wp-json\/wp\/v2\/media?parent=54887"}],"wp:term":[{"taxonomy":"category","embeddable":true,"href":"https:\/\/www.musikzeitung.ch\/en\/wp-json\/wp\/v2\/categories?post=54887"},{"taxonomy":"post_tag","embeddable":true,"href":"https:\/\/www.musikzeitung.ch\/en\/wp-json\/wp\/v2\/tags?post=54887"}],"curies":[{"name":"wp","href":"https:\/\/api.w.org\/{rel}","templated":true}]}}