{"id":54906,"date":"2024-05-30T16:09:54","date_gmt":"2024-05-30T14:09:54","guid":{"rendered":"https:\/\/www.musikzeitung.ch\/?p=54906"},"modified":"2024-05-31T08:49:49","modified_gmt":"2024-05-31T06:49:49","slug":"fesselnde-fahrt-ins-blaue","status":"publish","type":"post","link":"https:\/\/www.musikzeitung.ch\/en\/rezensionen\/tontraeger-rezensionen\/2024\/05\/fesselnde-fahrt-ins-blaue","title":{"rendered":"Captivating journey into the blue"},"content":{"rendered":"<figure id=\"attachment_54907\" aria-describedby=\"caption-attachment-54907\" style=\"width: 1944px\" class=\"wp-caption alignnone\"><img loading=\"lazy\" decoding=\"async\" class=\"wp-image-54907 size-full\" src=\"https:\/\/www.musikzeitung.ch\/wp-content\/uploads\/2024\/05\/Luzia-von-Wyl-Ensemble.jpg\" alt=\"\" width=\"1944\" height=\"1274\" srcset=\"https:\/\/www.musikzeitung.ch\/wp-content\/uploads\/2024\/05\/Luzia-von-Wyl-Ensemble.jpg 1400w, https:\/\/www.musikzeitung.ch\/wp-content\/uploads\/2024\/05\/Luzia-von-Wyl-Ensemble-300x197.jpg 300w, https:\/\/www.musikzeitung.ch\/wp-content\/uploads\/2024\/05\/Luzia-von-Wyl-Ensemble-1024x671.jpg 1024w, https:\/\/www.musikzeitung.ch\/wp-content\/uploads\/2024\/05\/Luzia-von-Wyl-Ensemble-768x503.jpg 768w, https:\/\/www.musikzeitung.ch\/wp-content\/uploads\/2024\/05\/Luzia-von-Wyl-Ensemble-1536x1007.jpg 1536w, https:\/\/www.musikzeitung.ch\/wp-content\/uploads\/2024\/05\/Luzia-von-Wyl-Ensemble-18x12.jpg 18w, https:\/\/www.musikzeitung.ch\/wp-content\/uploads\/2024\/05\/Luzia-von-Wyl-Ensemble-267x175.jpg 267w, https:\/\/www.musikzeitung.ch\/wp-content\/uploads\/2024\/05\/Luzia-von-Wyl-Ensemble-534x350.jpg 534w, https:\/\/www.musikzeitung.ch\/wp-content\/uploads\/2024\/05\/Luzia-von-Wyl-Ensemble-1221x800.jpg 1221w, https:\/\/www.musikzeitung.ch\/wp-content\/uploads\/2024\/05\/Luzia-von-Wyl-Ensemble-920x603.jpg 920w\" sizes=\"auto, (max-width: 1944px) 100vw, 1944px\" \/><figcaption id=\"caption-attachment-54907\" class=\"wp-caption-text\">Luzia von Wyl and part of the ensemble. Photo: zVg<\/figcaption><\/figure>\n<p>Luzia von Wyl, born in 1985, studied piano and composition in Zurich, Bern and her home town of Lucerne and prefers to stage her projects herself. The artist is particularly associated with the so-called Third Way, a style that combines jazz with new music.<\/p>\n<p>Already her debut <em>Frost<\/em> (2014) was released together with her formation, the Luzia-von-Wyl-Ensemble. Further albums have since been added, most recently 2024 <em>Frakmont.<\/em> Its title alludes to the popular name of Pilatus. They recorded seven tracks in 2021, in the midst of the coronavirus pandemic. The work has been released on von Wyl's newly founded label LU-Records, which promises the musician, who lives in Lucerne and New York, artistic control and also allows her to publish both recordings and scores.<\/p>\n<h3>Challenging and impressive<\/h3>\n<p>Right from the first track, <em>Thunder<\/em>, her flair for rhythm, odd time signatures and emotionality shines through: What begins with a few jingle bars that seem like clips from a news program quickly picks up speed and follows multi-layered paths - from the thundering orchestra to dreamy piano passages to the furious finale with Lionel Friedli's drums.<\/p>\n<p>Further compositions such as <em>Mulino<\/em>in which strings, accordion and a marimba carefully feel each other out, or the capricious <em>Ronk<\/em>which combines driving rock rhythms with free-form piano intermezzi, takes the listener on a journey into the blue, circling through changing soundscapes. This is challenging and impressive at the same time.<\/p>\n<p>The unifying element is the rhythms, which are always captivating, innovative and could also be used for a movie script set in the mountains. <em>Frakmont <\/em>is an extremely dynamic listening experience that testifies to Luzia von Wyl's unquenchable curiosity and shows her unbroken passion.<\/p>\n<p><img loading=\"lazy\" decoding=\"async\" class=\"wp-image-54908 size-medium aligncenter\" src=\"https:\/\/www.musikzeitung.ch\/wp-content\/uploads\/2024\/05\/06_crit_cd_Gasser-300x300.jpg\" alt=\"\" width=\"300\" height=\"300\" srcset=\"https:\/\/www.musikzeitung.ch\/wp-content\/uploads\/2024\/05\/06_crit_cd_Gasser-300x300.jpg 300w, https:\/\/www.musikzeitung.ch\/wp-content\/uploads\/2024\/05\/06_crit_cd_Gasser-1022x1024.jpg 1022w, https:\/\/www.musikzeitung.ch\/wp-content\/uploads\/2024\/05\/06_crit_cd_Gasser-768x769.jpg 768w, https:\/\/www.musikzeitung.ch\/wp-content\/uploads\/2024\/05\/06_crit_cd_Gasser-12x12.jpg 12w, https:\/\/www.musikzeitung.ch\/wp-content\/uploads\/2024\/05\/06_crit_cd_Gasser-175x175.jpg 175w, https:\/\/www.musikzeitung.ch\/wp-content\/uploads\/2024\/05\/06_crit_cd_Gasser-349x350.jpg 349w, https:\/\/www.musikzeitung.ch\/wp-content\/uploads\/2024\/05\/06_crit_cd_Gasser-799x800.jpg 799w, https:\/\/www.musikzeitung.ch\/wp-content\/uploads\/2024\/05\/06_crit_cd_Gasser-920x922.jpg 920w, https:\/\/www.musikzeitung.ch\/wp-content\/uploads\/2024\/05\/06_crit_cd_Gasser-150x150.jpg 150w, https:\/\/www.musikzeitung.ch\/wp-content\/uploads\/2024\/05\/06_crit_cd_Gasser-100x100.jpg 100w, https:\/\/www.musikzeitung.ch\/wp-content\/uploads\/2024\/05\/06_crit_cd_Gasser-24x24.jpg 24w, https:\/\/www.musikzeitung.ch\/wp-content\/uploads\/2024\/05\/06_crit_cd_Gasser-48x48.jpg 48w, https:\/\/www.musikzeitung.ch\/wp-content\/uploads\/2024\/05\/06_crit_cd_Gasser-96x96.jpg 96w, https:\/\/www.musikzeitung.ch\/wp-content\/uploads\/2024\/05\/06_crit_cd_Gasser-250x250.jpg 250w, https:\/\/www.musikzeitung.ch\/wp-content\/uploads\/2024\/05\/06_crit_cd_Gasser.jpg 998w\" sizes=\"auto, (max-width: 300px) 100vw, 300px\" \/><\/p>\n<p><em>Luzia von Wyl Ensemble: Frakmont. Luzia von Wyl, compositions and piano; Gary Versace, accordion; Amin Mokdad, flute; Nocola Katz, clarinet; Marcel L\u00fcscher, bass clarinet; Maurus Conte, trombone; Vincent Millioud, violin; Karolina \u00d6hman, cello; Christoph Utzinger, double bass; Fabian Ziegler, marimba and thunderbolt; Lionel Friedli, percussion. LU Label LU01<\/em><\/p>","protected":false},"excerpt":{"rendered":"<p>Six years after their last album, the ten-piece Luzia-von-Wyl ensemble is releasing its latest musical coup \"Frakmont\". A listening experience driven by unquenchable curiosity.  <\/p>","protected":false},"author":29,"featured_media":54907,"comment_status":"closed","ping_status":"closed","sticky":false,"template":"","format":"standard","meta":{"_acf_changed":false,"_relevanssi_hide_post":"","_relevanssi_hide_content":"","_relevanssi_pin_for_all":"","_relevanssi_pin_keywords":"","_relevanssi_unpin_keywords":"","_relevanssi_related_keywords":"","_relevanssi_related_include_ids":"","_relevanssi_related_exclude_ids":"","_relevanssi_related_no_append":"","_relevanssi_related_not_related":"","_relevanssi_related_posts":"","_relevanssi_noindex_reason":"","pgc_sgb_lightbox_settings":"","footnotes":""},"categories":[29,1420],"tags":[4070,4069],"class_list":["post-54906","post","type-post","status-publish","format-standard","has-post-thumbnail","hentry","category-rezensionen","category-tontraeger-rezensionen","tag-frakmont","tag-luzia-von-wyl"],"acf":[],"yoast_head":"<!-- This site is optimized with the Yoast SEO plugin v27.4 - https:\/\/yoast.com\/product\/yoast-seo-wordpress\/ -->\n<title>Fesselnde Fahrt ins Blaue - Schweizer Musikzeitung<\/title>\n<meta name=\"description\" content=\"Das zehnk\u00f6pfige Luzia-von-Wyl-Ensemble ver\u00f6ffentlichte seinen neusten Musikstreich \u00abFrakmont\u00bb. Ein H\u00f6rerlebnis, getragen von ungestillter Neugier.\" \/>\n<meta name=\"robots\" content=\"index, follow, max-snippet:-1, max-image-preview:large, max-video-preview:-1\" \/>\n<link rel=\"canonical\" href=\"https:\/\/www.musikzeitung.ch\/en\/rezensionen\/tontraeger-rezensionen\/2024\/05\/fesselnde-fahrt-ins-blaue\/\" \/>\n<meta property=\"og:locale\" content=\"en_US\" \/>\n<meta property=\"og:type\" content=\"article\" \/>\n<meta property=\"og:title\" content=\"Fesselnde Fahrt ins Blaue - Schweizer Musikzeitung\" \/>\n<meta property=\"og:description\" content=\"Das zehnk\u00f6pfige Luzia-von-Wyl-Ensemble ver\u00f6ffentlichte seinen neusten Musikstreich \u00abFrakmont\u00bb. Ein H\u00f6rerlebnis, getragen von ungestillter Neugier.\" \/>\n<meta property=\"og:url\" content=\"https:\/\/www.musikzeitung.ch\/en\/rezensionen\/tontraeger-rezensionen\/2024\/05\/fesselnde-fahrt-ins-blaue\/\" \/>\n<meta property=\"og:site_name\" content=\"Schweizer Musikzeitung\" \/>\n<meta property=\"article:publisher\" content=\"https:\/\/www.facebook.com\/SchweizerMusikzeitung\/\" \/>\n<meta property=\"article:published_time\" content=\"2024-05-30T14:09:54+00:00\" \/>\n<meta property=\"article:modified_time\" content=\"2024-05-31T06:49:49+00:00\" \/>\n<meta property=\"og:image\" content=\"https:\/\/www.musikzeitung.ch\/wp-content\/uploads\/2024\/05\/Luzia-von-Wyl-Ensemble.jpg\" \/>\n\t<meta property=\"og:image:width\" content=\"1400\" \/>\n\t<meta property=\"og:image:height\" content=\"917\" \/>\n\t<meta property=\"og:image:type\" content=\"image\/jpeg\" \/>\n<meta name=\"author\" content=\"pia.schwab\" \/>\n<meta name=\"twitter:card\" content=\"summary_large_image\" \/>\n<meta name=\"twitter:creator\" content=\"@smusikzeitung\" \/>\n<meta name=\"twitter:site\" content=\"@smusikzeitung\" \/>\n<meta name=\"twitter:label1\" content=\"Written by\" \/>\n\t<meta name=\"twitter:data1\" content=\"pia.schwab\" \/>\n\t<meta name=\"twitter:label2\" content=\"Est. reading time\" \/>\n\t<meta name=\"twitter:data2\" content=\"3 minutes\" \/>\n<script type=\"application\/ld+json\" class=\"yoast-schema-graph\">{\"@context\":\"https:\\\/\\\/schema.org\",\"@graph\":[{\"@type\":\"Article\",\"@id\":\"https:\\\/\\\/www.musikzeitung.ch\\\/rezensionen\\\/tontraeger-rezensionen\\\/2024\\\/05\\\/fesselnde-fahrt-ins-blaue#article\",\"isPartOf\":{\"@id\":\"https:\\\/\\\/www.musikzeitung.ch\\\/rezensionen\\\/tontraeger-rezensionen\\\/2024\\\/05\\\/fesselnde-fahrt-ins-blaue\"},\"author\":{\"name\":\"pia.schwab\",\"@id\":\"https:\\\/\\\/www.musikzeitung.ch\\\/#\\\/schema\\\/person\\\/ea3d7b86bd7157c78c7ddd37f2f82b5b\"},\"headline\":\"Fesselnde Fahrt ins Blaue\",\"datePublished\":\"2024-05-30T14:09:54+00:00\",\"dateModified\":\"2024-05-31T06:49:49+00:00\",\"mainEntityOfPage\":{\"@id\":\"https:\\\/\\\/www.musikzeitung.ch\\\/rezensionen\\\/tontraeger-rezensionen\\\/2024\\\/05\\\/fesselnde-fahrt-ins-blaue\"},\"wordCount\":350,\"publisher\":{\"@id\":\"https:\\\/\\\/www.musikzeitung.ch\\\/#organization\"},\"image\":{\"@id\":\"https:\\\/\\\/www.musikzeitung.ch\\\/rezensionen\\\/tontraeger-rezensionen\\\/2024\\\/05\\\/fesselnde-fahrt-ins-blaue#primaryimage\"},\"thumbnailUrl\":\"https:\\\/\\\/www.musikzeitung.ch\\\/wp-content\\\/uploads\\\/2024\\\/05\\\/Luzia-von-Wyl-Ensemble.jpg\",\"keywords\":[\"Frakmont\",\"Luzia von Wyl\"],\"articleSection\":[\"Rezensionen\",\"Tontr\u00e4ger\"],\"inLanguage\":\"en-US\"},{\"@type\":\"WebPage\",\"@id\":\"https:\\\/\\\/www.musikzeitung.ch\\\/rezensionen\\\/tontraeger-rezensionen\\\/2024\\\/05\\\/fesselnde-fahrt-ins-blaue\",\"url\":\"https:\\\/\\\/www.musikzeitung.ch\\\/rezensionen\\\/tontraeger-rezensionen\\\/2024\\\/05\\\/fesselnde-fahrt-ins-blaue\",\"name\":\"Fesselnde Fahrt ins Blaue - Schweizer Musikzeitung\",\"isPartOf\":{\"@id\":\"https:\\\/\\\/www.musikzeitung.ch\\\/#website\"},\"primaryImageOfPage\":{\"@id\":\"https:\\\/\\\/www.musikzeitung.ch\\\/rezensionen\\\/tontraeger-rezensionen\\\/2024\\\/05\\\/fesselnde-fahrt-ins-blaue#primaryimage\"},\"image\":{\"@id\":\"https:\\\/\\\/www.musikzeitung.ch\\\/rezensionen\\\/tontraeger-rezensionen\\\/2024\\\/05\\\/fesselnde-fahrt-ins-blaue#primaryimage\"},\"thumbnailUrl\":\"https:\\\/\\\/www.musikzeitung.ch\\\/wp-content\\\/uploads\\\/2024\\\/05\\\/Luzia-von-Wyl-Ensemble.jpg\",\"datePublished\":\"2024-05-30T14:09:54+00:00\",\"dateModified\":\"2024-05-31T06:49:49+00:00\",\"description\":\"Das zehnk\u00f6pfige Luzia-von-Wyl-Ensemble ver\u00f6ffentlichte seinen neusten Musikstreich \u00abFrakmont\u00bb. Ein H\u00f6rerlebnis, getragen von ungestillter Neugier.\",\"breadcrumb\":{\"@id\":\"https:\\\/\\\/www.musikzeitung.ch\\\/rezensionen\\\/tontraeger-rezensionen\\\/2024\\\/05\\\/fesselnde-fahrt-ins-blaue#breadcrumb\"},\"inLanguage\":\"en-US\",\"potentialAction\":[{\"@type\":\"ReadAction\",\"target\":[\"https:\\\/\\\/www.musikzeitung.ch\\\/rezensionen\\\/tontraeger-rezensionen\\\/2024\\\/05\\\/fesselnde-fahrt-ins-blaue\"]}]},{\"@type\":\"ImageObject\",\"inLanguage\":\"en-US\",\"@id\":\"https:\\\/\\\/www.musikzeitung.ch\\\/rezensionen\\\/tontraeger-rezensionen\\\/2024\\\/05\\\/fesselnde-fahrt-ins-blaue#primaryimage\",\"url\":\"https:\\\/\\\/www.musikzeitung.ch\\\/wp-content\\\/uploads\\\/2024\\\/05\\\/Luzia-von-Wyl-Ensemble.jpg\",\"contentUrl\":\"https:\\\/\\\/www.musikzeitung.ch\\\/wp-content\\\/uploads\\\/2024\\\/05\\\/Luzia-von-Wyl-Ensemble.jpg\",\"width\":1400,\"height\":917,\"caption\":\"Screenshot\"},{\"@type\":\"BreadcrumbList\",\"@id\":\"https:\\\/\\\/www.musikzeitung.ch\\\/rezensionen\\\/tontraeger-rezensionen\\\/2024\\\/05\\\/fesselnde-fahrt-ins-blaue#breadcrumb\",\"itemListElement\":[{\"@type\":\"ListItem\",\"position\":1,\"name\":\"Home\",\"item\":\"https:\\\/\\\/www.musikzeitung.ch\\\/\"},{\"@type\":\"ListItem\",\"position\":2,\"name\":\"Fesselnde Fahrt ins Blaue\"}]},{\"@type\":\"WebSite\",\"@id\":\"https:\\\/\\\/www.musikzeitung.ch\\\/#website\",\"url\":\"https:\\\/\\\/www.musikzeitung.ch\\\/\",\"name\":\"Schweizer Musikzeitung\",\"description\":\"Die f\u00fchrende sparten\u00fcbergreifende Monatszeitung in der Schweiz f\u00fcr musikalische Fragen.\",\"publisher\":{\"@id\":\"https:\\\/\\\/www.musikzeitung.ch\\\/#organization\"},\"potentialAction\":[{\"@type\":\"SearchAction\",\"target\":{\"@type\":\"EntryPoint\",\"urlTemplate\":\"https:\\\/\\\/www.musikzeitung.ch\\\/?s={search_term_string}\"},\"query-input\":{\"@type\":\"PropertyValueSpecification\",\"valueRequired\":true,\"valueName\":\"search_term_string\"}}],\"inLanguage\":\"en-US\"},{\"@type\":\"Organization\",\"@id\":\"https:\\\/\\\/www.musikzeitung.ch\\\/#organization\",\"name\":\"Schweizer Musikzeitung\",\"url\":\"https:\\\/\\\/www.musikzeitung.ch\\\/\",\"logo\":{\"@type\":\"ImageObject\",\"inLanguage\":\"en-US\",\"@id\":\"https:\\\/\\\/www.musikzeitung.ch\\\/#\\\/schema\\\/logo\\\/image\\\/\",\"url\":\"https:\\\/\\\/www.musikzeitung.ch\\\/wp-content\\\/uploads\\\/2023\\\/01\\\/SMZ_Schriftzug_Sprache.png\",\"contentUrl\":\"https:\\\/\\\/www.musikzeitung.ch\\\/wp-content\\\/uploads\\\/2023\\\/01\\\/SMZ_Schriftzug_Sprache.png\",\"width\":1400,\"height\":279,\"caption\":\"Schweizer Musikzeitung\"},\"image\":{\"@id\":\"https:\\\/\\\/www.musikzeitung.ch\\\/#\\\/schema\\\/logo\\\/image\\\/\"},\"sameAs\":[\"https:\\\/\\\/www.facebook.com\\\/SchweizerMusikzeitung\\\/\",\"https:\\\/\\\/x.com\\\/smusikzeitung\",\"https:\\\/\\\/www.instagram.com\\\/musikzeitung.ch\\\/\"]},{\"@type\":\"Person\",\"@id\":\"https:\\\/\\\/www.musikzeitung.ch\\\/#\\\/schema\\\/person\\\/ea3d7b86bd7157c78c7ddd37f2f82b5b\",\"name\":\"pia.schwab\",\"image\":{\"@type\":\"ImageObject\",\"inLanguage\":\"en-US\",\"@id\":\"https:\\\/\\\/secure.gravatar.com\\\/avatar\\\/d39d170de4c2d07e897fbc26cf9d890fc046285c742207b86d8ebabe5fcde2c4?s=96&d=mm&r=g\",\"url\":\"https:\\\/\\\/secure.gravatar.com\\\/avatar\\\/d39d170de4c2d07e897fbc26cf9d890fc046285c742207b86d8ebabe5fcde2c4?s=96&d=mm&r=g\",\"contentUrl\":\"https:\\\/\\\/secure.gravatar.com\\\/avatar\\\/d39d170de4c2d07e897fbc26cf9d890fc046285c742207b86d8ebabe5fcde2c4?s=96&d=mm&r=g\",\"caption\":\"pia.schwab\"},\"url\":\"https:\\\/\\\/www.musikzeitung.ch\\\/en\\\/author\\\/pia-schwab\"}]}<\/script>\n<!-- \/ Yoast SEO plugin. -->","yoast_head_json":{"title":"Captivating journey into the blue - Schweizer Musikzeitung","description":"The ten-piece Luzia-von-Wyl-Ensemble has released its latest musical coup \u00abFrakmont\u00bb. A listening experience fueled by unquenchable curiosity.","robots":{"index":"index","follow":"follow","max-snippet":"max-snippet:-1","max-image-preview":"max-image-preview:large","max-video-preview":"max-video-preview:-1"},"canonical":"https:\/\/www.musikzeitung.ch\/en\/rezensionen\/tontraeger-rezensionen\/2024\/05\/fesselnde-fahrt-ins-blaue\/","og_locale":"en_US","og_type":"article","og_title":"Fesselnde Fahrt ins Blaue - Schweizer Musikzeitung","og_description":"Das zehnk\u00f6pfige Luzia-von-Wyl-Ensemble ver\u00f6ffentlichte seinen neusten Musikstreich \u00abFrakmont\u00bb. Ein H\u00f6rerlebnis, getragen von ungestillter Neugier.","og_url":"https:\/\/www.musikzeitung.ch\/en\/rezensionen\/tontraeger-rezensionen\/2024\/05\/fesselnde-fahrt-ins-blaue\/","og_site_name":"Schweizer Musikzeitung","article_publisher":"https:\/\/www.facebook.com\/SchweizerMusikzeitung\/","article_published_time":"2024-05-30T14:09:54+00:00","article_modified_time":"2024-05-31T06:49:49+00:00","og_image":[{"width":1400,"height":917,"url":"https:\/\/www.musikzeitung.ch\/wp-content\/uploads\/2024\/05\/Luzia-von-Wyl-Ensemble.jpg","type":"image\/jpeg"}],"author":"pia.schwab","twitter_card":"summary_large_image","twitter_creator":"@smusikzeitung","twitter_site":"@smusikzeitung","twitter_misc":{"Written by":"pia.schwab","Est. reading time":"3 minutes"},"schema":{"@context":"https:\/\/schema.org","@graph":[{"@type":"Article","@id":"https:\/\/www.musikzeitung.ch\/rezensionen\/tontraeger-rezensionen\/2024\/05\/fesselnde-fahrt-ins-blaue#article","isPartOf":{"@id":"https:\/\/www.musikzeitung.ch\/rezensionen\/tontraeger-rezensionen\/2024\/05\/fesselnde-fahrt-ins-blaue"},"author":{"name":"pia.schwab","@id":"https:\/\/www.musikzeitung.ch\/#\/schema\/person\/ea3d7b86bd7157c78c7ddd37f2f82b5b"},"headline":"Fesselnde Fahrt ins Blaue","datePublished":"2024-05-30T14:09:54+00:00","dateModified":"2024-05-31T06:49:49+00:00","mainEntityOfPage":{"@id":"https:\/\/www.musikzeitung.ch\/rezensionen\/tontraeger-rezensionen\/2024\/05\/fesselnde-fahrt-ins-blaue"},"wordCount":350,"publisher":{"@id":"https:\/\/www.musikzeitung.ch\/#organization"},"image":{"@id":"https:\/\/www.musikzeitung.ch\/rezensionen\/tontraeger-rezensionen\/2024\/05\/fesselnde-fahrt-ins-blaue#primaryimage"},"thumbnailUrl":"https:\/\/www.musikzeitung.ch\/wp-content\/uploads\/2024\/05\/Luzia-von-Wyl-Ensemble.jpg","keywords":["Frakmont","Luzia von Wyl"],"articleSection":["Rezensionen","Tontr\u00e4ger"],"inLanguage":"en-US"},{"@type":"WebPage","@id":"https:\/\/www.musikzeitung.ch\/rezensionen\/tontraeger-rezensionen\/2024\/05\/fesselnde-fahrt-ins-blaue","url":"https:\/\/www.musikzeitung.ch\/rezensionen\/tontraeger-rezensionen\/2024\/05\/fesselnde-fahrt-ins-blaue","name":"Captivating journey into the blue - Schweizer Musikzeitung","isPartOf":{"@id":"https:\/\/www.musikzeitung.ch\/#website"},"primaryImageOfPage":{"@id":"https:\/\/www.musikzeitung.ch\/rezensionen\/tontraeger-rezensionen\/2024\/05\/fesselnde-fahrt-ins-blaue#primaryimage"},"image":{"@id":"https:\/\/www.musikzeitung.ch\/rezensionen\/tontraeger-rezensionen\/2024\/05\/fesselnde-fahrt-ins-blaue#primaryimage"},"thumbnailUrl":"https:\/\/www.musikzeitung.ch\/wp-content\/uploads\/2024\/05\/Luzia-von-Wyl-Ensemble.jpg","datePublished":"2024-05-30T14:09:54+00:00","dateModified":"2024-05-31T06:49:49+00:00","description":"The ten-piece Luzia-von-Wyl-Ensemble has released its latest musical coup \u00abFrakmont\u00bb. A listening experience fueled by unquenchable curiosity.","breadcrumb":{"@id":"https:\/\/www.musikzeitung.ch\/rezensionen\/tontraeger-rezensionen\/2024\/05\/fesselnde-fahrt-ins-blaue#breadcrumb"},"inLanguage":"en-US","potentialAction":[{"@type":"ReadAction","target":["https:\/\/www.musikzeitung.ch\/rezensionen\/tontraeger-rezensionen\/2024\/05\/fesselnde-fahrt-ins-blaue"]}]},{"@type":"ImageObject","inLanguage":"en-US","@id":"https:\/\/www.musikzeitung.ch\/rezensionen\/tontraeger-rezensionen\/2024\/05\/fesselnde-fahrt-ins-blaue#primaryimage","url":"https:\/\/www.musikzeitung.ch\/wp-content\/uploads\/2024\/05\/Luzia-von-Wyl-Ensemble.jpg","contentUrl":"https:\/\/www.musikzeitung.ch\/wp-content\/uploads\/2024\/05\/Luzia-von-Wyl-Ensemble.jpg","width":1400,"height":917,"caption":"Screenshot"},{"@type":"BreadcrumbList","@id":"https:\/\/www.musikzeitung.ch\/rezensionen\/tontraeger-rezensionen\/2024\/05\/fesselnde-fahrt-ins-blaue#breadcrumb","itemListElement":[{"@type":"ListItem","position":1,"name":"Home","item":"https:\/\/www.musikzeitung.ch\/"},{"@type":"ListItem","position":2,"name":"Fesselnde Fahrt ins Blaue"}]},{"@type":"WebSite","@id":"https:\/\/www.musikzeitung.ch\/#website","url":"https:\/\/www.musikzeitung.ch\/","name":"Swiss Music Newspaper","description":"The leading interdisciplinary monthly newspaper in Switzerland for musical issues.","publisher":{"@id":"https:\/\/www.musikzeitung.ch\/#organization"},"potentialAction":[{"@type":"SearchAction","target":{"@type":"EntryPoint","urlTemplate":"https:\/\/www.musikzeitung.ch\/?s={search_term_string}"},"query-input":{"@type":"PropertyValueSpecification","valueRequired":true,"valueName":"search_term_string"}}],"inLanguage":"en-US"},{"@type":"Organization","@id":"https:\/\/www.musikzeitung.ch\/#organization","name":"Swiss Music Newspaper","url":"https:\/\/www.musikzeitung.ch\/","logo":{"@type":"ImageObject","inLanguage":"en-US","@id":"https:\/\/www.musikzeitung.ch\/#\/schema\/logo\/image\/","url":"https:\/\/www.musikzeitung.ch\/wp-content\/uploads\/2023\/01\/SMZ_Schriftzug_Sprache.png","contentUrl":"https:\/\/www.musikzeitung.ch\/wp-content\/uploads\/2023\/01\/SMZ_Schriftzug_Sprache.png","width":1400,"height":279,"caption":"Schweizer Musikzeitung"},"image":{"@id":"https:\/\/www.musikzeitung.ch\/#\/schema\/logo\/image\/"},"sameAs":["https:\/\/www.facebook.com\/SchweizerMusikzeitung\/","https:\/\/x.com\/smusikzeitung","https:\/\/www.instagram.com\/musikzeitung.ch\/"]},{"@type":"Person","@id":"https:\/\/www.musikzeitung.ch\/#\/schema\/person\/ea3d7b86bd7157c78c7ddd37f2f82b5b","name":"pia.schwab","image":{"@type":"ImageObject","inLanguage":"en-US","@id":"https:\/\/secure.gravatar.com\/avatar\/d39d170de4c2d07e897fbc26cf9d890fc046285c742207b86d8ebabe5fcde2c4?s=96&d=mm&r=g","url":"https:\/\/secure.gravatar.com\/avatar\/d39d170de4c2d07e897fbc26cf9d890fc046285c742207b86d8ebabe5fcde2c4?s=96&d=mm&r=g","contentUrl":"https:\/\/secure.gravatar.com\/avatar\/d39d170de4c2d07e897fbc26cf9d890fc046285c742207b86d8ebabe5fcde2c4?s=96&d=mm&r=g","caption":"pia.schwab"},"url":"https:\/\/www.musikzeitung.ch\/en\/author\/pia-schwab"}]}},"publishpress_future_workflow_manual_trigger":{"enabledWorkflows":[]},"_links":{"self":[{"href":"https:\/\/www.musikzeitung.ch\/en\/wp-json\/wp\/v2\/posts\/54906","targetHints":{"allow":["GET"]}}],"collection":[{"href":"https:\/\/www.musikzeitung.ch\/en\/wp-json\/wp\/v2\/posts"}],"about":[{"href":"https:\/\/www.musikzeitung.ch\/en\/wp-json\/wp\/v2\/types\/post"}],"author":[{"embeddable":true,"href":"https:\/\/www.musikzeitung.ch\/en\/wp-json\/wp\/v2\/users\/29"}],"replies":[{"embeddable":true,"href":"https:\/\/www.musikzeitung.ch\/en\/wp-json\/wp\/v2\/comments?post=54906"}],"version-history":[{"count":13,"href":"https:\/\/www.musikzeitung.ch\/en\/wp-json\/wp\/v2\/posts\/54906\/revisions"}],"predecessor-version":[{"id":55048,"href":"https:\/\/www.musikzeitung.ch\/en\/wp-json\/wp\/v2\/posts\/54906\/revisions\/55048"}],"wp:featuredmedia":[{"embeddable":true,"href":"https:\/\/www.musikzeitung.ch\/en\/wp-json\/wp\/v2\/media\/54907"}],"wp:attachment":[{"href":"https:\/\/www.musikzeitung.ch\/en\/wp-json\/wp\/v2\/media?parent=54906"}],"wp:term":[{"taxonomy":"category","embeddable":true,"href":"https:\/\/www.musikzeitung.ch\/en\/wp-json\/wp\/v2\/categories?post=54906"},{"taxonomy":"post_tag","embeddable":true,"href":"https:\/\/www.musikzeitung.ch\/en\/wp-json\/wp\/v2\/tags?post=54906"}],"curies":[{"name":"wp","href":"https:\/\/api.w.org\/{rel}","templated":true}]}}