{"id":54918,"date":"2024-05-28T06:33:13","date_gmt":"2024-05-28T04:33:13","guid":{"rendered":"https:\/\/www.musikzeitung.ch\/?p=54918"},"modified":"2024-05-28T07:51:17","modified_gmt":"2024-05-28T05:51:17","slug":"roman-brogli-sacher-uebernimmt-goerlitzer-orchester","status":"publish","type":"post","link":"https:\/\/www.musikzeitung.ch\/en\/news\/2024\/05\/roman-brogli-sacher-uebernimmt-goerlitzer-orchester","title":{"rendered":"Roman Brogli-Sacher takes over G\u00f6rlitz orchestra"},"content":{"rendered":"<figure id=\"attachment_54919\" aria-describedby=\"caption-attachment-54919\" style=\"width: 1024px\" class=\"wp-caption alignnone\"><img loading=\"lazy\" decoding=\"async\" class=\"size-full wp-image-54919\" src=\"https:\/\/www.musikzeitung.ch\/wp-content\/uploads\/2024\/05\/240528brogli.jpg\" alt=\"\" width=\"1024\" height=\"713\" srcset=\"https:\/\/www.musikzeitung.ch\/wp-content\/uploads\/2024\/05\/240528brogli.jpg 1024w, https:\/\/www.musikzeitung.ch\/wp-content\/uploads\/2024\/05\/240528brogli-300x209.jpg 300w, https:\/\/www.musikzeitung.ch\/wp-content\/uploads\/2024\/05\/240528brogli-768x535.jpg 768w, https:\/\/www.musikzeitung.ch\/wp-content\/uploads\/2024\/05\/240528brogli-18x12.jpg 18w, https:\/\/www.musikzeitung.ch\/wp-content\/uploads\/2024\/05\/240528brogli-251x175.jpg 251w, https:\/\/www.musikzeitung.ch\/wp-content\/uploads\/2024\/05\/240528brogli-503x350.jpg 503w, https:\/\/www.musikzeitung.ch\/wp-content\/uploads\/2024\/05\/240528brogli-920x641.jpg 920w\" sizes=\"auto, (max-width: 1024px) 100vw, 1024px\" \/><figcaption id=\"caption-attachment-54919\" class=\"wp-caption-text\">Theater Zittau, part of the Gerhart-Hauptmann-Theater G\u00f6rlitz-Zittau (Wikimedia\/Jwaller)<\/figcaption><\/figure>\n<p>Brogli-Sacher studied trombone and conducting at the music academies in Zurich, Bern, Lucerne and Vienna. Following engagements at the Stadttheater St. Gallen, the Teatro Massimo in Palermo and the opera house in Halle\/Saale, he served as opera director of the Hallwil Opera and as chief conductor of the Jiangsu Symphony Orchestra in Nanjing China. Since 2020, he has been principal guest conductor of the \"Ettore Pozzoli\" Philharmonic Orchestra in Seregno\/Milan and has been director of the Lake Zurich Youth Symphony Orchestra since 2013.<\/p>\n<p>The Neue Lausitzer Philharmonie (NLP) is the orchestra of the Gerhart-Hauptmann-Theater in G\u00f6rlitz. It maintains a four-part theater at the G\u00f6rlitz and Zittau locations and also performs on stages throughout the Upper Lusatia-Lower Silesia cultural region. The G\u00f6rlitz location produces musical theater, dance and concerts.<\/p>","protected":false},"excerpt":{"rendered":"<p>The Swiss conductor Roman Brogli-Sacher has been appointed General Music Director of the New Lusatian Philharmonic Orchestra. He succeeds Ewa Strusi\u0144ska in the position<\/p>","protected":false},"author":30,"featured_media":54919,"comment_status":"closed","ping_status":"closed","sticky":false,"template":"","format":"standard","meta":{"_acf_changed":false,"_relevanssi_hide_post":"","_relevanssi_hide_content":"","_relevanssi_pin_for_all":"","_relevanssi_pin_keywords":"","_relevanssi_unpin_keywords":"","_relevanssi_related_keywords":"","_relevanssi_related_include_ids":"","_relevanssi_related_exclude_ids":"","_relevanssi_related_no_append":"","_relevanssi_related_not_related":"","_relevanssi_related_posts":"","_relevanssi_noindex_reason":"","pgc_sgb_lightbox_settings":"","footnotes":""},"categories":[27],"tags":[4072,4071],"class_list":["post-54918","post","type-post","status-publish","format-standard","has-post-thumbnail","hentry","category-news","tag-neue-lausitzer-philharmonie","tag-roman-brogli-sacher"],"acf":[],"yoast_head":"<!-- This site is optimized with the Yoast SEO plugin v27.4 - https:\/\/yoast.com\/product\/yoast-seo-wordpress\/ -->\n<title>Roman Brogli-Sacher \u00fcbernimmt G\u00f6rlitzer Orchester - Schweizer Musikzeitung<\/title>\n<meta name=\"description\" content=\"Der Schweizer Dirigent Roman Brogli-Sacher wird Generalmusikdirektor der Neuen Lausitzer Philharmonie.\" \/>\n<meta name=\"robots\" content=\"index, follow, max-snippet:-1, max-image-preview:large, max-video-preview:-1\" \/>\n<link rel=\"canonical\" href=\"https:\/\/www.musikzeitung.ch\/en\/news\/2024\/05\/roman-brogli-sacher-uebernimmt-goerlitzer-orchester\/\" \/>\n<meta property=\"og:locale\" content=\"en_US\" \/>\n<meta property=\"og:type\" content=\"article\" \/>\n<meta property=\"og:title\" content=\"Roman Brogli-Sacher \u00fcbernimmt G\u00f6rlitzer Orchester - Schweizer Musikzeitung\" \/>\n<meta property=\"og:description\" content=\"Der Schweizer Dirigent Roman Brogli-Sacher wird Generalmusikdirektor der Neuen Lausitzer Philharmonie.\" \/>\n<meta property=\"og:url\" content=\"https:\/\/www.musikzeitung.ch\/en\/news\/2024\/05\/roman-brogli-sacher-uebernimmt-goerlitzer-orchester\/\" \/>\n<meta property=\"og:site_name\" content=\"Schweizer Musikzeitung\" \/>\n<meta property=\"article:publisher\" content=\"https:\/\/www.facebook.com\/SchweizerMusikzeitung\/\" \/>\n<meta property=\"article:author\" content=\"https:\/\/www.facebook.com\/wolfgang.bohler.75\" \/>\n<meta property=\"article:published_time\" content=\"2024-05-28T04:33:13+00:00\" \/>\n<meta property=\"article:modified_time\" content=\"2024-05-28T05:51:17+00:00\" \/>\n<meta property=\"og:image\" content=\"https:\/\/www.musikzeitung.ch\/wp-content\/uploads\/2024\/05\/240528brogli.jpg\" \/>\n\t<meta property=\"og:image:width\" content=\"1024\" \/>\n\t<meta property=\"og:image:height\" content=\"713\" \/>\n\t<meta property=\"og:image:type\" content=\"image\/jpeg\" \/>\n<meta name=\"author\" content=\"Wolfgang B\u00f6hler\" \/>\n<meta name=\"twitter:card\" content=\"summary_large_image\" \/>\n<meta name=\"twitter:creator\" content=\"@smusikzeitung\" \/>\n<meta name=\"twitter:site\" content=\"@smusikzeitung\" \/>\n<meta name=\"twitter:label1\" content=\"Written by\" \/>\n\t<meta name=\"twitter:data1\" content=\"Wolfgang B\u00f6hler\" \/>\n\t<meta name=\"twitter:label2\" content=\"Est. reading time\" \/>\n\t<meta name=\"twitter:data2\" content=\"2 minutes\" \/>\n<script type=\"application\/ld+json\" class=\"yoast-schema-graph\">{\"@context\":\"https:\\\/\\\/schema.org\",\"@graph\":[{\"@type\":\"Article\",\"@id\":\"https:\\\/\\\/www.musikzeitung.ch\\\/news\\\/2024\\\/05\\\/roman-brogli-sacher-uebernimmt-goerlitzer-orchester#article\",\"isPartOf\":{\"@id\":\"https:\\\/\\\/www.musikzeitung.ch\\\/news\\\/2024\\\/05\\\/roman-brogli-sacher-uebernimmt-goerlitzer-orchester\"},\"author\":{\"name\":\"Wolfgang B\u00f6hler\",\"@id\":\"https:\\\/\\\/www.musikzeitung.ch\\\/#\\\/schema\\\/person\\\/0da4fb82d243f1252850a35d0e87cf0c\"},\"headline\":\"Roman Brogli-Sacher \u00fcbernimmt G\u00f6rlitzer Orchester\",\"datePublished\":\"2024-05-28T04:33:13+00:00\",\"dateModified\":\"2024-05-28T05:51:17+00:00\",\"mainEntityOfPage\":{\"@id\":\"https:\\\/\\\/www.musikzeitung.ch\\\/news\\\/2024\\\/05\\\/roman-brogli-sacher-uebernimmt-goerlitzer-orchester\"},\"wordCount\":141,\"publisher\":{\"@id\":\"https:\\\/\\\/www.musikzeitung.ch\\\/#organization\"},\"image\":{\"@id\":\"https:\\\/\\\/www.musikzeitung.ch\\\/news\\\/2024\\\/05\\\/roman-brogli-sacher-uebernimmt-goerlitzer-orchester#primaryimage\"},\"thumbnailUrl\":\"https:\\\/\\\/www.musikzeitung.ch\\\/wp-content\\\/uploads\\\/2024\\\/05\\\/240528brogli.jpg\",\"keywords\":[\"Neue Lausitzer Philharmonie\",\"Roman Brogli-Sacher\"],\"articleSection\":[\"News\"],\"inLanguage\":\"en-US\"},{\"@type\":\"WebPage\",\"@id\":\"https:\\\/\\\/www.musikzeitung.ch\\\/news\\\/2024\\\/05\\\/roman-brogli-sacher-uebernimmt-goerlitzer-orchester\",\"url\":\"https:\\\/\\\/www.musikzeitung.ch\\\/news\\\/2024\\\/05\\\/roman-brogli-sacher-uebernimmt-goerlitzer-orchester\",\"name\":\"Roman Brogli-Sacher \u00fcbernimmt G\u00f6rlitzer Orchester - Schweizer Musikzeitung\",\"isPartOf\":{\"@id\":\"https:\\\/\\\/www.musikzeitung.ch\\\/#website\"},\"primaryImageOfPage\":{\"@id\":\"https:\\\/\\\/www.musikzeitung.ch\\\/news\\\/2024\\\/05\\\/roman-brogli-sacher-uebernimmt-goerlitzer-orchester#primaryimage\"},\"image\":{\"@id\":\"https:\\\/\\\/www.musikzeitung.ch\\\/news\\\/2024\\\/05\\\/roman-brogli-sacher-uebernimmt-goerlitzer-orchester#primaryimage\"},\"thumbnailUrl\":\"https:\\\/\\\/www.musikzeitung.ch\\\/wp-content\\\/uploads\\\/2024\\\/05\\\/240528brogli.jpg\",\"datePublished\":\"2024-05-28T04:33:13+00:00\",\"dateModified\":\"2024-05-28T05:51:17+00:00\",\"description\":\"Der Schweizer Dirigent Roman Brogli-Sacher wird Generalmusikdirektor der Neuen Lausitzer Philharmonie.\",\"breadcrumb\":{\"@id\":\"https:\\\/\\\/www.musikzeitung.ch\\\/news\\\/2024\\\/05\\\/roman-brogli-sacher-uebernimmt-goerlitzer-orchester#breadcrumb\"},\"inLanguage\":\"en-US\",\"potentialAction\":[{\"@type\":\"ReadAction\",\"target\":[\"https:\\\/\\\/www.musikzeitung.ch\\\/news\\\/2024\\\/05\\\/roman-brogli-sacher-uebernimmt-goerlitzer-orchester\"]}]},{\"@type\":\"ImageObject\",\"inLanguage\":\"en-US\",\"@id\":\"https:\\\/\\\/www.musikzeitung.ch\\\/news\\\/2024\\\/05\\\/roman-brogli-sacher-uebernimmt-goerlitzer-orchester#primaryimage\",\"url\":\"https:\\\/\\\/www.musikzeitung.ch\\\/wp-content\\\/uploads\\\/2024\\\/05\\\/240528brogli.jpg\",\"contentUrl\":\"https:\\\/\\\/www.musikzeitung.ch\\\/wp-content\\\/uploads\\\/2024\\\/05\\\/240528brogli.jpg\",\"width\":1024,\"height\":713,\"caption\":\"Theater Zittau, Teil des Gerhart-Hauptmann-Theaters G\u00f6rlitz-Zittau (Wikimedia\\\/Jwaller)\"},{\"@type\":\"BreadcrumbList\",\"@id\":\"https:\\\/\\\/www.musikzeitung.ch\\\/news\\\/2024\\\/05\\\/roman-brogli-sacher-uebernimmt-goerlitzer-orchester#breadcrumb\",\"itemListElement\":[{\"@type\":\"ListItem\",\"position\":1,\"name\":\"Home\",\"item\":\"https:\\\/\\\/www.musikzeitung.ch\\\/\"},{\"@type\":\"ListItem\",\"position\":2,\"name\":\"Roman Brogli-Sacher \u00fcbernimmt G\u00f6rlitzer Orchester\"}]},{\"@type\":\"WebSite\",\"@id\":\"https:\\\/\\\/www.musikzeitung.ch\\\/#website\",\"url\":\"https:\\\/\\\/www.musikzeitung.ch\\\/\",\"name\":\"Schweizer Musikzeitung\",\"description\":\"Die f\u00fchrende sparten\u00fcbergreifende Monatszeitung in der Schweiz f\u00fcr musikalische Fragen.\",\"publisher\":{\"@id\":\"https:\\\/\\\/www.musikzeitung.ch\\\/#organization\"},\"potentialAction\":[{\"@type\":\"SearchAction\",\"target\":{\"@type\":\"EntryPoint\",\"urlTemplate\":\"https:\\\/\\\/www.musikzeitung.ch\\\/?s={search_term_string}\"},\"query-input\":{\"@type\":\"PropertyValueSpecification\",\"valueRequired\":true,\"valueName\":\"search_term_string\"}}],\"inLanguage\":\"en-US\"},{\"@type\":\"Organization\",\"@id\":\"https:\\\/\\\/www.musikzeitung.ch\\\/#organization\",\"name\":\"Schweizer Musikzeitung\",\"url\":\"https:\\\/\\\/www.musikzeitung.ch\\\/\",\"logo\":{\"@type\":\"ImageObject\",\"inLanguage\":\"en-US\",\"@id\":\"https:\\\/\\\/www.musikzeitung.ch\\\/#\\\/schema\\\/logo\\\/image\\\/\",\"url\":\"https:\\\/\\\/www.musikzeitung.ch\\\/wp-content\\\/uploads\\\/2023\\\/01\\\/SMZ_Schriftzug_Sprache.png\",\"contentUrl\":\"https:\\\/\\\/www.musikzeitung.ch\\\/wp-content\\\/uploads\\\/2023\\\/01\\\/SMZ_Schriftzug_Sprache.png\",\"width\":1400,\"height\":279,\"caption\":\"Schweizer Musikzeitung\"},\"image\":{\"@id\":\"https:\\\/\\\/www.musikzeitung.ch\\\/#\\\/schema\\\/logo\\\/image\\\/\"},\"sameAs\":[\"https:\\\/\\\/www.facebook.com\\\/SchweizerMusikzeitung\\\/\",\"https:\\\/\\\/x.com\\\/smusikzeitung\",\"https:\\\/\\\/www.instagram.com\\\/musikzeitung.ch\\\/\"]},{\"@type\":\"Person\",\"@id\":\"https:\\\/\\\/www.musikzeitung.ch\\\/#\\\/schema\\\/person\\\/0da4fb82d243f1252850a35d0e87cf0c\",\"name\":\"Wolfgang B\u00f6hler\",\"image\":{\"@type\":\"ImageObject\",\"inLanguage\":\"en-US\",\"@id\":\"https:\\\/\\\/www.musikzeitung.ch\\\/wp-content\\\/uploads\\\/2023\\\/01\\\/boehler_portraet_web-e1674139782246-96x96.jpg\",\"url\":\"https:\\\/\\\/www.musikzeitung.ch\\\/wp-content\\\/uploads\\\/2023\\\/01\\\/boehler_portraet_web-e1674139782246-96x96.jpg\",\"contentUrl\":\"https:\\\/\\\/www.musikzeitung.ch\\\/wp-content\\\/uploads\\\/2023\\\/01\\\/boehler_portraet_web-e1674139782246-96x96.jpg\",\"caption\":\"Wolfgang B\u00f6hler\"},\"sameAs\":[\"http:\\\/\\\/www.manacanto.ch\",\"https:\\\/\\\/www.facebook.com\\\/wolfgang.bohler.75\"],\"url\":\"https:\\\/\\\/www.musikzeitung.ch\\\/en\\\/author\\\/wolfgang-boehler\"}]}<\/script>\n<!-- \/ Yoast SEO plugin. -->","yoast_head_json":{"title":"Roman Brogli-Sacher \u00fcbernimmt G\u00f6rlitzer Orchester - Schweizer Musikzeitung","description":"Der Schweizer Dirigent Roman Brogli-Sacher wird Generalmusikdirektor der Neuen Lausitzer Philharmonie.","robots":{"index":"index","follow":"follow","max-snippet":"max-snippet:-1","max-image-preview":"max-image-preview:large","max-video-preview":"max-video-preview:-1"},"canonical":"https:\/\/www.musikzeitung.ch\/en\/news\/2024\/05\/roman-brogli-sacher-uebernimmt-goerlitzer-orchester\/","og_locale":"en_US","og_type":"article","og_title":"Roman Brogli-Sacher \u00fcbernimmt G\u00f6rlitzer Orchester - Schweizer Musikzeitung","og_description":"Der Schweizer Dirigent Roman Brogli-Sacher wird Generalmusikdirektor der Neuen Lausitzer Philharmonie.","og_url":"https:\/\/www.musikzeitung.ch\/en\/news\/2024\/05\/roman-brogli-sacher-uebernimmt-goerlitzer-orchester\/","og_site_name":"Schweizer Musikzeitung","article_publisher":"https:\/\/www.facebook.com\/SchweizerMusikzeitung\/","article_author":"https:\/\/www.facebook.com\/wolfgang.bohler.75","article_published_time":"2024-05-28T04:33:13+00:00","article_modified_time":"2024-05-28T05:51:17+00:00","og_image":[{"width":1024,"height":713,"url":"https:\/\/www.musikzeitung.ch\/wp-content\/uploads\/2024\/05\/240528brogli.jpg","type":"image\/jpeg"}],"author":"Wolfgang B\u00f6hler","twitter_card":"summary_large_image","twitter_creator":"@smusikzeitung","twitter_site":"@smusikzeitung","twitter_misc":{"Written by":"Wolfgang B\u00f6hler","Est. reading time":"2 minutes"},"schema":{"@context":"https:\/\/schema.org","@graph":[{"@type":"Article","@id":"https:\/\/www.musikzeitung.ch\/news\/2024\/05\/roman-brogli-sacher-uebernimmt-goerlitzer-orchester#article","isPartOf":{"@id":"https:\/\/www.musikzeitung.ch\/news\/2024\/05\/roman-brogli-sacher-uebernimmt-goerlitzer-orchester"},"author":{"name":"Wolfgang B\u00f6hler","@id":"https:\/\/www.musikzeitung.ch\/#\/schema\/person\/0da4fb82d243f1252850a35d0e87cf0c"},"headline":"Roman Brogli-Sacher \u00fcbernimmt G\u00f6rlitzer Orchester","datePublished":"2024-05-28T04:33:13+00:00","dateModified":"2024-05-28T05:51:17+00:00","mainEntityOfPage":{"@id":"https:\/\/www.musikzeitung.ch\/news\/2024\/05\/roman-brogli-sacher-uebernimmt-goerlitzer-orchester"},"wordCount":141,"publisher":{"@id":"https:\/\/www.musikzeitung.ch\/#organization"},"image":{"@id":"https:\/\/www.musikzeitung.ch\/news\/2024\/05\/roman-brogli-sacher-uebernimmt-goerlitzer-orchester#primaryimage"},"thumbnailUrl":"https:\/\/www.musikzeitung.ch\/wp-content\/uploads\/2024\/05\/240528brogli.jpg","keywords":["Neue Lausitzer Philharmonie","Roman Brogli-Sacher"],"articleSection":["News"],"inLanguage":"en-US"},{"@type":"WebPage","@id":"https:\/\/www.musikzeitung.ch\/news\/2024\/05\/roman-brogli-sacher-uebernimmt-goerlitzer-orchester","url":"https:\/\/www.musikzeitung.ch\/news\/2024\/05\/roman-brogli-sacher-uebernimmt-goerlitzer-orchester","name":"Roman Brogli-Sacher \u00fcbernimmt G\u00f6rlitzer Orchester - Schweizer Musikzeitung","isPartOf":{"@id":"https:\/\/www.musikzeitung.ch\/#website"},"primaryImageOfPage":{"@id":"https:\/\/www.musikzeitung.ch\/news\/2024\/05\/roman-brogli-sacher-uebernimmt-goerlitzer-orchester#primaryimage"},"image":{"@id":"https:\/\/www.musikzeitung.ch\/news\/2024\/05\/roman-brogli-sacher-uebernimmt-goerlitzer-orchester#primaryimage"},"thumbnailUrl":"https:\/\/www.musikzeitung.ch\/wp-content\/uploads\/2024\/05\/240528brogli.jpg","datePublished":"2024-05-28T04:33:13+00:00","dateModified":"2024-05-28T05:51:17+00:00","description":"Der Schweizer Dirigent Roman Brogli-Sacher wird Generalmusikdirektor der Neuen Lausitzer Philharmonie.","breadcrumb":{"@id":"https:\/\/www.musikzeitung.ch\/news\/2024\/05\/roman-brogli-sacher-uebernimmt-goerlitzer-orchester#breadcrumb"},"inLanguage":"en-US","potentialAction":[{"@type":"ReadAction","target":["https:\/\/www.musikzeitung.ch\/news\/2024\/05\/roman-brogli-sacher-uebernimmt-goerlitzer-orchester"]}]},{"@type":"ImageObject","inLanguage":"en-US","@id":"https:\/\/www.musikzeitung.ch\/news\/2024\/05\/roman-brogli-sacher-uebernimmt-goerlitzer-orchester#primaryimage","url":"https:\/\/www.musikzeitung.ch\/wp-content\/uploads\/2024\/05\/240528brogli.jpg","contentUrl":"https:\/\/www.musikzeitung.ch\/wp-content\/uploads\/2024\/05\/240528brogli.jpg","width":1024,"height":713,"caption":"Theater Zittau, Teil des Gerhart-Hauptmann-Theaters G\u00f6rlitz-Zittau (Wikimedia\/Jwaller)"},{"@type":"BreadcrumbList","@id":"https:\/\/www.musikzeitung.ch\/news\/2024\/05\/roman-brogli-sacher-uebernimmt-goerlitzer-orchester#breadcrumb","itemListElement":[{"@type":"ListItem","position":1,"name":"Home","item":"https:\/\/www.musikzeitung.ch\/"},{"@type":"ListItem","position":2,"name":"Roman Brogli-Sacher \u00fcbernimmt G\u00f6rlitzer Orchester"}]},{"@type":"WebSite","@id":"https:\/\/www.musikzeitung.ch\/#website","url":"https:\/\/www.musikzeitung.ch\/","name":"Swiss Music Newspaper","description":"The leading interdisciplinary monthly newspaper in Switzerland for musical issues.","publisher":{"@id":"https:\/\/www.musikzeitung.ch\/#organization"},"potentialAction":[{"@type":"SearchAction","target":{"@type":"EntryPoint","urlTemplate":"https:\/\/www.musikzeitung.ch\/?s={search_term_string}"},"query-input":{"@type":"PropertyValueSpecification","valueRequired":true,"valueName":"search_term_string"}}],"inLanguage":"en-US"},{"@type":"Organization","@id":"https:\/\/www.musikzeitung.ch\/#organization","name":"Swiss Music Newspaper","url":"https:\/\/www.musikzeitung.ch\/","logo":{"@type":"ImageObject","inLanguage":"en-US","@id":"https:\/\/www.musikzeitung.ch\/#\/schema\/logo\/image\/","url":"https:\/\/www.musikzeitung.ch\/wp-content\/uploads\/2023\/01\/SMZ_Schriftzug_Sprache.png","contentUrl":"https:\/\/www.musikzeitung.ch\/wp-content\/uploads\/2023\/01\/SMZ_Schriftzug_Sprache.png","width":1400,"height":279,"caption":"Schweizer Musikzeitung"},"image":{"@id":"https:\/\/www.musikzeitung.ch\/#\/schema\/logo\/image\/"},"sameAs":["https:\/\/www.facebook.com\/SchweizerMusikzeitung\/","https:\/\/x.com\/smusikzeitung","https:\/\/www.instagram.com\/musikzeitung.ch\/"]},{"@type":"Person","@id":"https:\/\/www.musikzeitung.ch\/#\/schema\/person\/0da4fb82d243f1252850a35d0e87cf0c","name":"Wolfgang B\u00f6hler","image":{"@type":"ImageObject","inLanguage":"en-US","@id":"https:\/\/www.musikzeitung.ch\/wp-content\/uploads\/2023\/01\/boehler_portraet_web-e1674139782246-96x96.jpg","url":"https:\/\/www.musikzeitung.ch\/wp-content\/uploads\/2023\/01\/boehler_portraet_web-e1674139782246-96x96.jpg","contentUrl":"https:\/\/www.musikzeitung.ch\/wp-content\/uploads\/2023\/01\/boehler_portraet_web-e1674139782246-96x96.jpg","caption":"Wolfgang B\u00f6hler"},"sameAs":["http:\/\/www.manacanto.ch","https:\/\/www.facebook.com\/wolfgang.bohler.75"],"url":"https:\/\/www.musikzeitung.ch\/en\/author\/wolfgang-boehler"}]}},"publishpress_future_workflow_manual_trigger":{"enabledWorkflows":[]},"_links":{"self":[{"href":"https:\/\/www.musikzeitung.ch\/en\/wp-json\/wp\/v2\/posts\/54918","targetHints":{"allow":["GET"]}}],"collection":[{"href":"https:\/\/www.musikzeitung.ch\/en\/wp-json\/wp\/v2\/posts"}],"about":[{"href":"https:\/\/www.musikzeitung.ch\/en\/wp-json\/wp\/v2\/types\/post"}],"author":[{"embeddable":true,"href":"https:\/\/www.musikzeitung.ch\/en\/wp-json\/wp\/v2\/users\/30"}],"replies":[{"embeddable":true,"href":"https:\/\/www.musikzeitung.ch\/en\/wp-json\/wp\/v2\/comments?post=54918"}],"version-history":[{"count":1,"href":"https:\/\/www.musikzeitung.ch\/en\/wp-json\/wp\/v2\/posts\/54918\/revisions"}],"predecessor-version":[{"id":54920,"href":"https:\/\/www.musikzeitung.ch\/en\/wp-json\/wp\/v2\/posts\/54918\/revisions\/54920"}],"wp:featuredmedia":[{"embeddable":true,"href":"https:\/\/www.musikzeitung.ch\/en\/wp-json\/wp\/v2\/media\/54919"}],"wp:attachment":[{"href":"https:\/\/www.musikzeitung.ch\/en\/wp-json\/wp\/v2\/media?parent=54918"}],"wp:term":[{"taxonomy":"category","embeddable":true,"href":"https:\/\/www.musikzeitung.ch\/en\/wp-json\/wp\/v2\/categories?post=54918"},{"taxonomy":"post_tag","embeddable":true,"href":"https:\/\/www.musikzeitung.ch\/en\/wp-json\/wp\/v2\/tags?post=54918"}],"curies":[{"name":"wp","href":"https:\/\/api.w.org\/{rel}","templated":true}]}}