{"id":55235,"date":"2024-06-07T05:58:54","date_gmt":"2024-06-07T03:58:54","guid":{"rendered":"https:\/\/www.musikzeitung.ch\/?p=55235"},"modified":"2024-06-07T09:42:03","modified_gmt":"2024-06-07T07:42:03","slug":"weniger-neurosen-in-der-tanzszene-als-in-der-musik","status":"publish","type":"post","link":"https:\/\/www.musikzeitung.ch\/en\/news\/2024\/06\/weniger-neurosen-in-der-tanzszene-als-in-der-musik","title":{"rendered":"Fewer neuroses in the dance scene than in music"},"content":{"rendered":"<figure id=\"attachment_55236\" aria-describedby=\"caption-attachment-55236\" style=\"width: 768px\" class=\"wp-caption alignnone\"><img loading=\"lazy\" decoding=\"async\" class=\"size-large wp-image-55236\" src=\"https:\/\/www.musikzeitung.ch\/wp-content\/uploads\/2024\/06\/240607tanz-1024x644.jpg\" alt=\"\" width=\"768\" height=\"483\" srcset=\"https:\/\/www.musikzeitung.ch\/wp-content\/uploads\/2024\/06\/240607tanz-1024x644.jpg 1024w, https:\/\/www.musikzeitung.ch\/wp-content\/uploads\/2024\/06\/240607tanz-300x189.jpg 300w, https:\/\/www.musikzeitung.ch\/wp-content\/uploads\/2024\/06\/240607tanz-768x483.jpg 768w, https:\/\/www.musikzeitung.ch\/wp-content\/uploads\/2024\/06\/240607tanz-18x12.jpg 18w, https:\/\/www.musikzeitung.ch\/wp-content\/uploads\/2024\/06\/240607tanz-278x175.jpg 278w, https:\/\/www.musikzeitung.ch\/wp-content\/uploads\/2024\/06\/240607tanz-557x350.jpg 557w, https:\/\/www.musikzeitung.ch\/wp-content\/uploads\/2024\/06\/240607tanz-920x578.jpg 920w, https:\/\/www.musikzeitung.ch\/wp-content\/uploads\/2024\/06\/240607tanz.jpg 1258w\" sizes=\"auto, (max-width: 768px) 100vw, 768px\" \/><figcaption id=\"caption-attachment-55236\" class=\"wp-caption-text\">(Image: Wikimedia\/Manfred Werner)<\/figcaption><\/figure>\n<p>Both amateur and professional dancers are more compatible than the rest of the population and are characterized by a high degree of openness and extraversion. Previous studies have found that this also applies to musicians. However, the MPIEA team also found an interesting difference between the two groups: in contrast to musicians, dancers are not more neurotic, but - on the contrary - less neurotic than people who do not dance.<\/p>\n<p>In cooperation with the director of a dance school in Freiburg and the dance director at the Pfalztheater Kaiserslautern, the MPIEA team analyzed data from 5435 people from Sweden and 574 people from Germany. The Big Five personality profiles openness, conscientiousness, extraversion, agreeableness and neuroticism were examined. The study results were recently published in the journal <em>Personality and Individual Differences<\/em> published.<\/p>\n<p><strong>Original article:<\/strong><br \/>\nChristensen, J. F., Wesseldijk, L., Mosing, M., Fayn, K., Schmidt, E., Blattmann, M., Sancho-Escanero, L., &amp; Ull\u00e9n, F. (2024). The Dancer Personality: Comparing Dancers and Non-Dancers in Germany and Sweden. Personality and Individual Differences, 112603. <a href=\"https:\/\/doi.org\/10.1016\/j.paid.2024.112603\" target=\"_blank\" rel=\"noopener\">https:\/\/doi.org\/10.1016\/j.paid.2024.112603<\/a><\/p>","protected":false},"excerpt":{"rendered":"<p>According to a study by the Max Planck Institute for Empirical Aesthetics (MPIEA), people who are active dancers are less prone to neuroses than those who make music. <\/p>","protected":false},"author":30,"featured_media":55236,"comment_status":"closed","ping_status":"closed","sticky":false,"template":"","format":"standard","meta":{"_acf_changed":false,"_relevanssi_hide_post":"","_relevanssi_hide_content":"","_relevanssi_pin_for_all":"","_relevanssi_pin_keywords":"","_relevanssi_unpin_keywords":"","_relevanssi_related_keywords":"","_relevanssi_related_include_ids":"","_relevanssi_related_exclude_ids":"","_relevanssi_related_no_append":"","_relevanssi_related_not_related":"","_relevanssi_related_posts":"","_relevanssi_noindex_reason":"","pgc_sgb_lightbox_settings":"","footnotes":""},"categories":[27],"tags":[2178,4119],"class_list":["post-55235","post","type-post","status-publish","format-standard","has-post-thumbnail","hentry","category-news","tag-max-planck-institut-fuer-empirische-aesthetik","tag-tanz"],"acf":[],"yoast_head":"<!-- This site is optimized with the Yoast SEO plugin v27.4 - https:\/\/yoast.com\/product\/yoast-seo-wordpress\/ -->\n<title>Weniger Neurosen in der Tanzszene als in der Musik - Schweizer Musikzeitung<\/title>\n<meta name=\"robots\" content=\"index, follow, max-snippet:-1, max-image-preview:large, max-video-preview:-1\" \/>\n<link rel=\"canonical\" href=\"https:\/\/www.musikzeitung.ch\/en\/news\/2024\/06\/weniger-neurosen-in-der-tanzszene-als-in-der-musik\/\" \/>\n<meta property=\"og:locale\" content=\"en_US\" \/>\n<meta property=\"og:type\" content=\"article\" \/>\n<meta property=\"og:title\" content=\"Weniger Neurosen in der Tanzszene als in der Musik - Schweizer Musikzeitung\" \/>\n<meta property=\"og:description\" content=\"Wer t\u00e4nzerisch aktiv ist, neigt laut einer Studie des Max Planck Instituts f\u00fcr Empirische \u00c4sthetik (MPIEA) weniger zu Neurosen als wer musiziert.\" \/>\n<meta property=\"og:url\" content=\"https:\/\/www.musikzeitung.ch\/en\/news\/2024\/06\/weniger-neurosen-in-der-tanzszene-als-in-der-musik\/\" \/>\n<meta property=\"og:site_name\" content=\"Schweizer Musikzeitung\" \/>\n<meta property=\"article:publisher\" content=\"https:\/\/www.facebook.com\/SchweizerMusikzeitung\/\" \/>\n<meta property=\"article:author\" content=\"https:\/\/www.facebook.com\/wolfgang.bohler.75\" \/>\n<meta property=\"article:published_time\" content=\"2024-06-07T03:58:54+00:00\" \/>\n<meta property=\"article:modified_time\" content=\"2024-06-07T07:42:03+00:00\" \/>\n<meta property=\"og:image\" content=\"https:\/\/www.musikzeitung.ch\/wp-content\/uploads\/2024\/06\/240607tanz.jpg\" \/>\n\t<meta property=\"og:image:width\" content=\"1258\" \/>\n\t<meta property=\"og:image:height\" content=\"791\" \/>\n\t<meta property=\"og:image:type\" content=\"image\/jpeg\" \/>\n<meta name=\"author\" content=\"Wolfgang B\u00f6hler\" \/>\n<meta name=\"twitter:card\" content=\"summary_large_image\" \/>\n<meta name=\"twitter:creator\" content=\"@smusikzeitung\" \/>\n<meta name=\"twitter:site\" content=\"@smusikzeitung\" \/>\n<meta name=\"twitter:label1\" content=\"Written by\" \/>\n\t<meta name=\"twitter:data1\" content=\"Wolfgang B\u00f6hler\" \/>\n\t<meta name=\"twitter:label2\" content=\"Est. reading time\" \/>\n\t<meta name=\"twitter:data2\" content=\"2 minutes\" \/>\n<script type=\"application\/ld+json\" class=\"yoast-schema-graph\">{\"@context\":\"https:\\\/\\\/schema.org\",\"@graph\":[{\"@type\":\"Article\",\"@id\":\"https:\\\/\\\/www.musikzeitung.ch\\\/news\\\/2024\\\/06\\\/weniger-neurosen-in-der-tanzszene-als-in-der-musik#article\",\"isPartOf\":{\"@id\":\"https:\\\/\\\/www.musikzeitung.ch\\\/news\\\/2024\\\/06\\\/weniger-neurosen-in-der-tanzszene-als-in-der-musik\"},\"author\":{\"name\":\"Wolfgang B\u00f6hler\",\"@id\":\"https:\\\/\\\/www.musikzeitung.ch\\\/#\\\/schema\\\/person\\\/0da4fb82d243f1252850a35d0e87cf0c\"},\"headline\":\"Weniger Neurosen in der Tanzszene als in der Musik\",\"datePublished\":\"2024-06-07T03:58:54+00:00\",\"dateModified\":\"2024-06-07T07:42:03+00:00\",\"mainEntityOfPage\":{\"@id\":\"https:\\\/\\\/www.musikzeitung.ch\\\/news\\\/2024\\\/06\\\/weniger-neurosen-in-der-tanzszene-als-in-der-musik\"},\"wordCount\":189,\"publisher\":{\"@id\":\"https:\\\/\\\/www.musikzeitung.ch\\\/#organization\"},\"image\":{\"@id\":\"https:\\\/\\\/www.musikzeitung.ch\\\/news\\\/2024\\\/06\\\/weniger-neurosen-in-der-tanzszene-als-in-der-musik#primaryimage\"},\"thumbnailUrl\":\"https:\\\/\\\/www.musikzeitung.ch\\\/wp-content\\\/uploads\\\/2024\\\/06\\\/240607tanz.jpg\",\"keywords\":[\"Max-Planck-Institut f\u00fcr empirische \u00c4sthetik\",\"Tanz\"],\"articleSection\":[\"News\"],\"inLanguage\":\"en-US\"},{\"@type\":\"WebPage\",\"@id\":\"https:\\\/\\\/www.musikzeitung.ch\\\/news\\\/2024\\\/06\\\/weniger-neurosen-in-der-tanzszene-als-in-der-musik\",\"url\":\"https:\\\/\\\/www.musikzeitung.ch\\\/news\\\/2024\\\/06\\\/weniger-neurosen-in-der-tanzszene-als-in-der-musik\",\"name\":\"Weniger Neurosen in der Tanzszene als in der Musik - Schweizer Musikzeitung\",\"isPartOf\":{\"@id\":\"https:\\\/\\\/www.musikzeitung.ch\\\/#website\"},\"primaryImageOfPage\":{\"@id\":\"https:\\\/\\\/www.musikzeitung.ch\\\/news\\\/2024\\\/06\\\/weniger-neurosen-in-der-tanzszene-als-in-der-musik#primaryimage\"},\"image\":{\"@id\":\"https:\\\/\\\/www.musikzeitung.ch\\\/news\\\/2024\\\/06\\\/weniger-neurosen-in-der-tanzszene-als-in-der-musik#primaryimage\"},\"thumbnailUrl\":\"https:\\\/\\\/www.musikzeitung.ch\\\/wp-content\\\/uploads\\\/2024\\\/06\\\/240607tanz.jpg\",\"datePublished\":\"2024-06-07T03:58:54+00:00\",\"dateModified\":\"2024-06-07T07:42:03+00:00\",\"breadcrumb\":{\"@id\":\"https:\\\/\\\/www.musikzeitung.ch\\\/news\\\/2024\\\/06\\\/weniger-neurosen-in-der-tanzszene-als-in-der-musik#breadcrumb\"},\"inLanguage\":\"en-US\",\"potentialAction\":[{\"@type\":\"ReadAction\",\"target\":[\"https:\\\/\\\/www.musikzeitung.ch\\\/news\\\/2024\\\/06\\\/weniger-neurosen-in-der-tanzszene-als-in-der-musik\"]}]},{\"@type\":\"ImageObject\",\"inLanguage\":\"en-US\",\"@id\":\"https:\\\/\\\/www.musikzeitung.ch\\\/news\\\/2024\\\/06\\\/weniger-neurosen-in-der-tanzszene-als-in-der-musik#primaryimage\",\"url\":\"https:\\\/\\\/www.musikzeitung.ch\\\/wp-content\\\/uploads\\\/2024\\\/06\\\/240607tanz.jpg\",\"contentUrl\":\"https:\\\/\\\/www.musikzeitung.ch\\\/wp-content\\\/uploads\\\/2024\\\/06\\\/240607tanz.jpg\",\"width\":1258,\"height\":791,\"caption\":\"(Bild: Wikimedia\\\/Manfred Werner)\"},{\"@type\":\"BreadcrumbList\",\"@id\":\"https:\\\/\\\/www.musikzeitung.ch\\\/news\\\/2024\\\/06\\\/weniger-neurosen-in-der-tanzszene-als-in-der-musik#breadcrumb\",\"itemListElement\":[{\"@type\":\"ListItem\",\"position\":1,\"name\":\"Home\",\"item\":\"https:\\\/\\\/www.musikzeitung.ch\\\/\"},{\"@type\":\"ListItem\",\"position\":2,\"name\":\"Weniger Neurosen in der Tanzszene als in der Musik\"}]},{\"@type\":\"WebSite\",\"@id\":\"https:\\\/\\\/www.musikzeitung.ch\\\/#website\",\"url\":\"https:\\\/\\\/www.musikzeitung.ch\\\/\",\"name\":\"Schweizer Musikzeitung\",\"description\":\"Die f\u00fchrende sparten\u00fcbergreifende Monatszeitung in der Schweiz f\u00fcr musikalische Fragen.\",\"publisher\":{\"@id\":\"https:\\\/\\\/www.musikzeitung.ch\\\/#organization\"},\"potentialAction\":[{\"@type\":\"SearchAction\",\"target\":{\"@type\":\"EntryPoint\",\"urlTemplate\":\"https:\\\/\\\/www.musikzeitung.ch\\\/?s={search_term_string}\"},\"query-input\":{\"@type\":\"PropertyValueSpecification\",\"valueRequired\":true,\"valueName\":\"search_term_string\"}}],\"inLanguage\":\"en-US\"},{\"@type\":\"Organization\",\"@id\":\"https:\\\/\\\/www.musikzeitung.ch\\\/#organization\",\"name\":\"Schweizer Musikzeitung\",\"url\":\"https:\\\/\\\/www.musikzeitung.ch\\\/\",\"logo\":{\"@type\":\"ImageObject\",\"inLanguage\":\"en-US\",\"@id\":\"https:\\\/\\\/www.musikzeitung.ch\\\/#\\\/schema\\\/logo\\\/image\\\/\",\"url\":\"https:\\\/\\\/www.musikzeitung.ch\\\/wp-content\\\/uploads\\\/2023\\\/01\\\/SMZ_Schriftzug_Sprache.png\",\"contentUrl\":\"https:\\\/\\\/www.musikzeitung.ch\\\/wp-content\\\/uploads\\\/2023\\\/01\\\/SMZ_Schriftzug_Sprache.png\",\"width\":1400,\"height\":279,\"caption\":\"Schweizer Musikzeitung\"},\"image\":{\"@id\":\"https:\\\/\\\/www.musikzeitung.ch\\\/#\\\/schema\\\/logo\\\/image\\\/\"},\"sameAs\":[\"https:\\\/\\\/www.facebook.com\\\/SchweizerMusikzeitung\\\/\",\"https:\\\/\\\/x.com\\\/smusikzeitung\",\"https:\\\/\\\/www.instagram.com\\\/musikzeitung.ch\\\/\"]},{\"@type\":\"Person\",\"@id\":\"https:\\\/\\\/www.musikzeitung.ch\\\/#\\\/schema\\\/person\\\/0da4fb82d243f1252850a35d0e87cf0c\",\"name\":\"Wolfgang B\u00f6hler\",\"image\":{\"@type\":\"ImageObject\",\"inLanguage\":\"en-US\",\"@id\":\"https:\\\/\\\/www.musikzeitung.ch\\\/wp-content\\\/uploads\\\/2023\\\/01\\\/boehler_portraet_web-e1674139782246-96x96.jpg\",\"url\":\"https:\\\/\\\/www.musikzeitung.ch\\\/wp-content\\\/uploads\\\/2023\\\/01\\\/boehler_portraet_web-e1674139782246-96x96.jpg\",\"contentUrl\":\"https:\\\/\\\/www.musikzeitung.ch\\\/wp-content\\\/uploads\\\/2023\\\/01\\\/boehler_portraet_web-e1674139782246-96x96.jpg\",\"caption\":\"Wolfgang B\u00f6hler\"},\"sameAs\":[\"http:\\\/\\\/www.manacanto.ch\",\"https:\\\/\\\/www.facebook.com\\\/wolfgang.bohler.75\"],\"url\":\"https:\\\/\\\/www.musikzeitung.ch\\\/en\\\/author\\\/wolfgang-boehler\"}]}<\/script>\n<!-- \/ Yoast SEO plugin. -->","yoast_head_json":{"title":"Weniger Neurosen in der Tanzszene als in der Musik - Schweizer Musikzeitung","robots":{"index":"index","follow":"follow","max-snippet":"max-snippet:-1","max-image-preview":"max-image-preview:large","max-video-preview":"max-video-preview:-1"},"canonical":"https:\/\/www.musikzeitung.ch\/en\/news\/2024\/06\/weniger-neurosen-in-der-tanzszene-als-in-der-musik\/","og_locale":"en_US","og_type":"article","og_title":"Weniger Neurosen in der Tanzszene als in der Musik - Schweizer Musikzeitung","og_description":"Wer t\u00e4nzerisch aktiv ist, neigt laut einer Studie des Max Planck Instituts f\u00fcr Empirische \u00c4sthetik (MPIEA) weniger zu Neurosen als wer musiziert.","og_url":"https:\/\/www.musikzeitung.ch\/en\/news\/2024\/06\/weniger-neurosen-in-der-tanzszene-als-in-der-musik\/","og_site_name":"Schweizer Musikzeitung","article_publisher":"https:\/\/www.facebook.com\/SchweizerMusikzeitung\/","article_author":"https:\/\/www.facebook.com\/wolfgang.bohler.75","article_published_time":"2024-06-07T03:58:54+00:00","article_modified_time":"2024-06-07T07:42:03+00:00","og_image":[{"width":1258,"height":791,"url":"https:\/\/www.musikzeitung.ch\/wp-content\/uploads\/2024\/06\/240607tanz.jpg","type":"image\/jpeg"}],"author":"Wolfgang B\u00f6hler","twitter_card":"summary_large_image","twitter_creator":"@smusikzeitung","twitter_site":"@smusikzeitung","twitter_misc":{"Written by":"Wolfgang B\u00f6hler","Est. reading time":"2 minutes"},"schema":{"@context":"https:\/\/schema.org","@graph":[{"@type":"Article","@id":"https:\/\/www.musikzeitung.ch\/news\/2024\/06\/weniger-neurosen-in-der-tanzszene-als-in-der-musik#article","isPartOf":{"@id":"https:\/\/www.musikzeitung.ch\/news\/2024\/06\/weniger-neurosen-in-der-tanzszene-als-in-der-musik"},"author":{"name":"Wolfgang B\u00f6hler","@id":"https:\/\/www.musikzeitung.ch\/#\/schema\/person\/0da4fb82d243f1252850a35d0e87cf0c"},"headline":"Weniger Neurosen in der Tanzszene als in der Musik","datePublished":"2024-06-07T03:58:54+00:00","dateModified":"2024-06-07T07:42:03+00:00","mainEntityOfPage":{"@id":"https:\/\/www.musikzeitung.ch\/news\/2024\/06\/weniger-neurosen-in-der-tanzszene-als-in-der-musik"},"wordCount":189,"publisher":{"@id":"https:\/\/www.musikzeitung.ch\/#organization"},"image":{"@id":"https:\/\/www.musikzeitung.ch\/news\/2024\/06\/weniger-neurosen-in-der-tanzszene-als-in-der-musik#primaryimage"},"thumbnailUrl":"https:\/\/www.musikzeitung.ch\/wp-content\/uploads\/2024\/06\/240607tanz.jpg","keywords":["Max-Planck-Institut f\u00fcr empirische \u00c4sthetik","Tanz"],"articleSection":["News"],"inLanguage":"en-US"},{"@type":"WebPage","@id":"https:\/\/www.musikzeitung.ch\/news\/2024\/06\/weniger-neurosen-in-der-tanzszene-als-in-der-musik","url":"https:\/\/www.musikzeitung.ch\/news\/2024\/06\/weniger-neurosen-in-der-tanzszene-als-in-der-musik","name":"Weniger Neurosen in der Tanzszene als in der Musik - Schweizer Musikzeitung","isPartOf":{"@id":"https:\/\/www.musikzeitung.ch\/#website"},"primaryImageOfPage":{"@id":"https:\/\/www.musikzeitung.ch\/news\/2024\/06\/weniger-neurosen-in-der-tanzszene-als-in-der-musik#primaryimage"},"image":{"@id":"https:\/\/www.musikzeitung.ch\/news\/2024\/06\/weniger-neurosen-in-der-tanzszene-als-in-der-musik#primaryimage"},"thumbnailUrl":"https:\/\/www.musikzeitung.ch\/wp-content\/uploads\/2024\/06\/240607tanz.jpg","datePublished":"2024-06-07T03:58:54+00:00","dateModified":"2024-06-07T07:42:03+00:00","breadcrumb":{"@id":"https:\/\/www.musikzeitung.ch\/news\/2024\/06\/weniger-neurosen-in-der-tanzszene-als-in-der-musik#breadcrumb"},"inLanguage":"en-US","potentialAction":[{"@type":"ReadAction","target":["https:\/\/www.musikzeitung.ch\/news\/2024\/06\/weniger-neurosen-in-der-tanzszene-als-in-der-musik"]}]},{"@type":"ImageObject","inLanguage":"en-US","@id":"https:\/\/www.musikzeitung.ch\/news\/2024\/06\/weniger-neurosen-in-der-tanzszene-als-in-der-musik#primaryimage","url":"https:\/\/www.musikzeitung.ch\/wp-content\/uploads\/2024\/06\/240607tanz.jpg","contentUrl":"https:\/\/www.musikzeitung.ch\/wp-content\/uploads\/2024\/06\/240607tanz.jpg","width":1258,"height":791,"caption":"(Bild: Wikimedia\/Manfred Werner)"},{"@type":"BreadcrumbList","@id":"https:\/\/www.musikzeitung.ch\/news\/2024\/06\/weniger-neurosen-in-der-tanzszene-als-in-der-musik#breadcrumb","itemListElement":[{"@type":"ListItem","position":1,"name":"Home","item":"https:\/\/www.musikzeitung.ch\/"},{"@type":"ListItem","position":2,"name":"Weniger Neurosen in der Tanzszene als in der Musik"}]},{"@type":"WebSite","@id":"https:\/\/www.musikzeitung.ch\/#website","url":"https:\/\/www.musikzeitung.ch\/","name":"Swiss Music Newspaper","description":"The leading interdisciplinary monthly newspaper in Switzerland for musical issues.","publisher":{"@id":"https:\/\/www.musikzeitung.ch\/#organization"},"potentialAction":[{"@type":"SearchAction","target":{"@type":"EntryPoint","urlTemplate":"https:\/\/www.musikzeitung.ch\/?s={search_term_string}"},"query-input":{"@type":"PropertyValueSpecification","valueRequired":true,"valueName":"search_term_string"}}],"inLanguage":"en-US"},{"@type":"Organization","@id":"https:\/\/www.musikzeitung.ch\/#organization","name":"Swiss Music Newspaper","url":"https:\/\/www.musikzeitung.ch\/","logo":{"@type":"ImageObject","inLanguage":"en-US","@id":"https:\/\/www.musikzeitung.ch\/#\/schema\/logo\/image\/","url":"https:\/\/www.musikzeitung.ch\/wp-content\/uploads\/2023\/01\/SMZ_Schriftzug_Sprache.png","contentUrl":"https:\/\/www.musikzeitung.ch\/wp-content\/uploads\/2023\/01\/SMZ_Schriftzug_Sprache.png","width":1400,"height":279,"caption":"Schweizer Musikzeitung"},"image":{"@id":"https:\/\/www.musikzeitung.ch\/#\/schema\/logo\/image\/"},"sameAs":["https:\/\/www.facebook.com\/SchweizerMusikzeitung\/","https:\/\/x.com\/smusikzeitung","https:\/\/www.instagram.com\/musikzeitung.ch\/"]},{"@type":"Person","@id":"https:\/\/www.musikzeitung.ch\/#\/schema\/person\/0da4fb82d243f1252850a35d0e87cf0c","name":"Wolfgang B\u00f6hler","image":{"@type":"ImageObject","inLanguage":"en-US","@id":"https:\/\/www.musikzeitung.ch\/wp-content\/uploads\/2023\/01\/boehler_portraet_web-e1674139782246-96x96.jpg","url":"https:\/\/www.musikzeitung.ch\/wp-content\/uploads\/2023\/01\/boehler_portraet_web-e1674139782246-96x96.jpg","contentUrl":"https:\/\/www.musikzeitung.ch\/wp-content\/uploads\/2023\/01\/boehler_portraet_web-e1674139782246-96x96.jpg","caption":"Wolfgang B\u00f6hler"},"sameAs":["http:\/\/www.manacanto.ch","https:\/\/www.facebook.com\/wolfgang.bohler.75"],"url":"https:\/\/www.musikzeitung.ch\/en\/author\/wolfgang-boehler"}]}},"publishpress_future_workflow_manual_trigger":{"enabledWorkflows":[]},"_links":{"self":[{"href":"https:\/\/www.musikzeitung.ch\/en\/wp-json\/wp\/v2\/posts\/55235","targetHints":{"allow":["GET"]}}],"collection":[{"href":"https:\/\/www.musikzeitung.ch\/en\/wp-json\/wp\/v2\/posts"}],"about":[{"href":"https:\/\/www.musikzeitung.ch\/en\/wp-json\/wp\/v2\/types\/post"}],"author":[{"embeddable":true,"href":"https:\/\/www.musikzeitung.ch\/en\/wp-json\/wp\/v2\/users\/30"}],"replies":[{"embeddable":true,"href":"https:\/\/www.musikzeitung.ch\/en\/wp-json\/wp\/v2\/comments?post=55235"}],"version-history":[{"count":4,"href":"https:\/\/www.musikzeitung.ch\/en\/wp-json\/wp\/v2\/posts\/55235\/revisions"}],"predecessor-version":[{"id":55245,"href":"https:\/\/www.musikzeitung.ch\/en\/wp-json\/wp\/v2\/posts\/55235\/revisions\/55245"}],"wp:featuredmedia":[{"embeddable":true,"href":"https:\/\/www.musikzeitung.ch\/en\/wp-json\/wp\/v2\/media\/55236"}],"wp:attachment":[{"href":"https:\/\/www.musikzeitung.ch\/en\/wp-json\/wp\/v2\/media?parent=55235"}],"wp:term":[{"taxonomy":"category","embeddable":true,"href":"https:\/\/www.musikzeitung.ch\/en\/wp-json\/wp\/v2\/categories?post=55235"},{"taxonomy":"post_tag","embeddable":true,"href":"https:\/\/www.musikzeitung.ch\/en\/wp-json\/wp\/v2\/tags?post=55235"}],"curies":[{"name":"wp","href":"https:\/\/api.w.org\/{rel}","templated":true}]}}