{"id":55268,"date":"2024-06-10T06:59:24","date_gmt":"2024-06-10T04:59:24","guid":{"rendered":"https:\/\/www.musikzeitung.ch\/?p=55268"},"modified":"2024-06-10T10:59:35","modified_gmt":"2024-06-10T08:59:35","slug":"schultsz-wird-chefdirigent-des-collegium-musicum-basel","status":"publish","type":"post","link":"https:\/\/www.musikzeitung.ch\/en\/news\/2024\/06\/schultsz-wird-chefdirigent-des-collegium-musicum-basel","title":{"rendered":"Schultsz becomes chief conductor of the Collegium Musicum Basel"},"content":{"rendered":"<figure id=\"attachment_55269\" aria-describedby=\"caption-attachment-55269\" style=\"width: 768px\" class=\"wp-caption alignnone\"><img loading=\"lazy\" decoding=\"async\" class=\"wp-image-55269 size-large\" src=\"https:\/\/www.musikzeitung.ch\/wp-content\/uploads\/2024\/06\/240610schultz-1024x704.jpg\" alt=\"\" width=\"768\" height=\"528\" srcset=\"https:\/\/www.musikzeitung.ch\/wp-content\/uploads\/2024\/06\/240610schultz-1024x704.jpg 1024w, https:\/\/www.musikzeitung.ch\/wp-content\/uploads\/2024\/06\/240610schultz-300x206.jpg 300w, https:\/\/www.musikzeitung.ch\/wp-content\/uploads\/2024\/06\/240610schultz-768x528.jpg 768w, https:\/\/www.musikzeitung.ch\/wp-content\/uploads\/2024\/06\/240610schultz-18x12.jpg 18w, https:\/\/www.musikzeitung.ch\/wp-content\/uploads\/2024\/06\/240610schultz-254x175.jpg 254w, https:\/\/www.musikzeitung.ch\/wp-content\/uploads\/2024\/06\/240610schultz-509x350.jpg 509w, https:\/\/www.musikzeitung.ch\/wp-content\/uploads\/2024\/06\/240610schultz-1163x800.jpg 1163w, https:\/\/www.musikzeitung.ch\/wp-content\/uploads\/2024\/06\/240610schultz-920x633.jpg 920w, https:\/\/www.musikzeitung.ch\/wp-content\/uploads\/2024\/06\/240610schultz.jpg 1176w\" sizes=\"auto, (max-width: 768px) 100vw, 768px\" \/><figcaption id=\"caption-attachment-55269\" class=\"wp-caption-text\">Jan Schultsz (Image: Marco Borggreve)<\/figcaption><\/figure>\n<p>Born in 1965 <a href=\"http:\/\/www.schultsz.com\" target=\"_blank\" rel=\"noopener\">Jan Schultsz<\/a>initially studied horn and piano in his home city of Amsterdam as well as in Basel and Lausanne and played as a horn player in various orchestras. At the beginning of the 1990s, he trained as a conductor with Manfred Honeck, Ralf Weikert and Ilya Musin in St. Petersburg. He lives in Basel, where he is a professor at the University of Music. As a guest conductor, he mainly leads orchestras in Switzerland, Holland, Austria, the Czech Republic, Hungary, China and South America.<\/p>\n<p>He was Kapellmeister at the Norske Opera in Oslo, conducted the Hungarian State Opera in Budapest and the Op\u00e9ra Royal de Wallonie in Li\u00e8ge. For 10 years he was Artistic Director and Chief Conductor of the Orchestre de Chambre de Neuch\u00e2tel. In 2000, he founded the Opera St. Moritz and was its Artistic Director until 2012. He has been artistic director of the Engadin Festival since 2008 and artistic director of the Schubertiade Riehen since 2022.<\/p>\n<p>At the same time as the election of the Chief Conductor, the Board of the <a href=\"http:\/\/collegiummusicumbasel.ch\/\" target=\"_blank\" rel=\"noopener\">CMB<\/a> the position of Principal Guest Conductor will be filled for the first time, also from the 24\/25 season. Benjamin Reiners, outgoing General Music Director of the state capital Kiel and future Chief Conductor of the Robert Schumann Philharmonie Chemnitz and GMD of Theater Chemnitz, will take on this role.<\/p>\n<p>&nbsp;<\/p>\n<p>&nbsp;<\/p>","protected":false},"excerpt":{"rendered":"<p> Jan Schultsz, who also teaches at the Basel Music Academy, will become Principal Conductor of the Collegium Musicum Basel (CMB) from the 2024\/25 season. He succeeds Johannes Schlaefli in this position. Benjamin Reiners becomes guest conductor.<\/p>","protected":false},"author":30,"featured_media":55269,"comment_status":"closed","ping_status":"closed","sticky":false,"template":"","format":"standard","meta":{"_acf_changed":false,"_relevanssi_hide_post":"","_relevanssi_hide_content":"","_relevanssi_pin_for_all":"","_relevanssi_pin_keywords":"","_relevanssi_unpin_keywords":"","_relevanssi_related_keywords":"","_relevanssi_related_include_ids":"","_relevanssi_related_exclude_ids":"","_relevanssi_related_no_append":"","_relevanssi_related_not_related":"","_relevanssi_related_posts":"","_relevanssi_noindex_reason":"","pgc_sgb_lightbox_settings":"","footnotes":""},"categories":[27],"tags":[4124,4123],"class_list":["post-55268","post","type-post","status-publish","format-standard","has-post-thumbnail","hentry","category-news","tag-collegium-musicum-basel","tag-jan-schultsz"],"acf":[],"yoast_head":"<!-- This site is optimized with the Yoast SEO plugin v27.4 - https:\/\/yoast.com\/product\/yoast-seo-wordpress\/ -->\n<title>Schultsz wird Chefdirigent des Collegium Musicum Basel - Schweizer Musikzeitung<\/title>\n<meta name=\"description\" content=\"Jan Schultsz, der auch an der Musikakademie Basel unterrichtet, wird ab der Saison 2024\/25 Chefdirigent des Collegium Musicum Basel (CMB).\" \/>\n<meta name=\"robots\" content=\"index, follow, max-snippet:-1, max-image-preview:large, max-video-preview:-1\" \/>\n<link rel=\"canonical\" href=\"https:\/\/www.musikzeitung.ch\/en\/news\/2024\/06\/schultsz-wird-chefdirigent-des-collegium-musicum-basel\/\" \/>\n<meta property=\"og:locale\" content=\"en_US\" \/>\n<meta property=\"og:type\" content=\"article\" \/>\n<meta property=\"og:title\" content=\"Schultsz wird Chefdirigent des Collegium Musicum Basel - Schweizer Musikzeitung\" \/>\n<meta property=\"og:description\" content=\"Jan Schultsz, der auch an der Musikakademie Basel unterrichtet, wird ab der Saison 2024\/25 Chefdirigent des Collegium Musicum Basel (CMB).\" \/>\n<meta property=\"og:url\" content=\"https:\/\/www.musikzeitung.ch\/en\/news\/2024\/06\/schultsz-wird-chefdirigent-des-collegium-musicum-basel\/\" \/>\n<meta property=\"og:site_name\" content=\"Schweizer Musikzeitung\" \/>\n<meta property=\"article:publisher\" content=\"https:\/\/www.facebook.com\/SchweizerMusikzeitung\/\" \/>\n<meta property=\"article:author\" content=\"https:\/\/www.facebook.com\/wolfgang.bohler.75\" \/>\n<meta property=\"article:published_time\" content=\"2024-06-10T04:59:24+00:00\" \/>\n<meta property=\"article:modified_time\" content=\"2024-06-10T08:59:35+00:00\" \/>\n<meta property=\"og:image\" content=\"https:\/\/www.musikzeitung.ch\/wp-content\/uploads\/2024\/06\/240610schultz.jpg\" \/>\n\t<meta property=\"og:image:width\" content=\"1176\" \/>\n\t<meta property=\"og:image:height\" content=\"809\" \/>\n\t<meta property=\"og:image:type\" content=\"image\/jpeg\" \/>\n<meta name=\"author\" content=\"Wolfgang B\u00f6hler\" \/>\n<meta name=\"twitter:card\" content=\"summary_large_image\" \/>\n<meta name=\"twitter:creator\" content=\"@smusikzeitung\" \/>\n<meta name=\"twitter:site\" content=\"@smusikzeitung\" \/>\n<meta name=\"twitter:label1\" content=\"Written by\" \/>\n\t<meta name=\"twitter:data1\" content=\"Wolfgang B\u00f6hler\" \/>\n\t<meta name=\"twitter:label2\" content=\"Est. reading time\" \/>\n\t<meta name=\"twitter:data2\" content=\"2 minutes\" \/>\n<script type=\"application\/ld+json\" class=\"yoast-schema-graph\">{\"@context\":\"https:\\\/\\\/schema.org\",\"@graph\":[{\"@type\":\"Article\",\"@id\":\"https:\\\/\\\/www.musikzeitung.ch\\\/news\\\/2024\\\/06\\\/schultsz-wird-chefdirigent-des-collegium-musicum-basel#article\",\"isPartOf\":{\"@id\":\"https:\\\/\\\/www.musikzeitung.ch\\\/news\\\/2024\\\/06\\\/schultsz-wird-chefdirigent-des-collegium-musicum-basel\"},\"author\":{\"name\":\"Wolfgang B\u00f6hler\",\"@id\":\"https:\\\/\\\/www.musikzeitung.ch\\\/#\\\/schema\\\/person\\\/0da4fb82d243f1252850a35d0e87cf0c\"},\"headline\":\"Schultsz wird Chefdirigent des Collegium Musicum Basel\",\"datePublished\":\"2024-06-10T04:59:24+00:00\",\"dateModified\":\"2024-06-10T08:59:35+00:00\",\"mainEntityOfPage\":{\"@id\":\"https:\\\/\\\/www.musikzeitung.ch\\\/news\\\/2024\\\/06\\\/schultsz-wird-chefdirigent-des-collegium-musicum-basel\"},\"wordCount\":216,\"publisher\":{\"@id\":\"https:\\\/\\\/www.musikzeitung.ch\\\/#organization\"},\"image\":{\"@id\":\"https:\\\/\\\/www.musikzeitung.ch\\\/news\\\/2024\\\/06\\\/schultsz-wird-chefdirigent-des-collegium-musicum-basel#primaryimage\"},\"thumbnailUrl\":\"https:\\\/\\\/www.musikzeitung.ch\\\/wp-content\\\/uploads\\\/2024\\\/06\\\/240610schultz.jpg\",\"keywords\":[\"Collegium Musicum Basel\",\"Jan Schultsz\"],\"articleSection\":[\"News\"],\"inLanguage\":\"en-US\"},{\"@type\":\"WebPage\",\"@id\":\"https:\\\/\\\/www.musikzeitung.ch\\\/news\\\/2024\\\/06\\\/schultsz-wird-chefdirigent-des-collegium-musicum-basel\",\"url\":\"https:\\\/\\\/www.musikzeitung.ch\\\/news\\\/2024\\\/06\\\/schultsz-wird-chefdirigent-des-collegium-musicum-basel\",\"name\":\"Schultsz wird Chefdirigent des Collegium Musicum Basel - Schweizer Musikzeitung\",\"isPartOf\":{\"@id\":\"https:\\\/\\\/www.musikzeitung.ch\\\/#website\"},\"primaryImageOfPage\":{\"@id\":\"https:\\\/\\\/www.musikzeitung.ch\\\/news\\\/2024\\\/06\\\/schultsz-wird-chefdirigent-des-collegium-musicum-basel#primaryimage\"},\"image\":{\"@id\":\"https:\\\/\\\/www.musikzeitung.ch\\\/news\\\/2024\\\/06\\\/schultsz-wird-chefdirigent-des-collegium-musicum-basel#primaryimage\"},\"thumbnailUrl\":\"https:\\\/\\\/www.musikzeitung.ch\\\/wp-content\\\/uploads\\\/2024\\\/06\\\/240610schultz.jpg\",\"datePublished\":\"2024-06-10T04:59:24+00:00\",\"dateModified\":\"2024-06-10T08:59:35+00:00\",\"description\":\"Jan Schultsz, der auch an der Musikakademie Basel unterrichtet, wird ab der Saison 2024\\\/25 Chefdirigent des Collegium Musicum Basel (CMB).\",\"breadcrumb\":{\"@id\":\"https:\\\/\\\/www.musikzeitung.ch\\\/news\\\/2024\\\/06\\\/schultsz-wird-chefdirigent-des-collegium-musicum-basel#breadcrumb\"},\"inLanguage\":\"en-US\",\"potentialAction\":[{\"@type\":\"ReadAction\",\"target\":[\"https:\\\/\\\/www.musikzeitung.ch\\\/news\\\/2024\\\/06\\\/schultsz-wird-chefdirigent-des-collegium-musicum-basel\"]}]},{\"@type\":\"ImageObject\",\"inLanguage\":\"en-US\",\"@id\":\"https:\\\/\\\/www.musikzeitung.ch\\\/news\\\/2024\\\/06\\\/schultsz-wird-chefdirigent-des-collegium-musicum-basel#primaryimage\",\"url\":\"https:\\\/\\\/www.musikzeitung.ch\\\/wp-content\\\/uploads\\\/2024\\\/06\\\/240610schultz.jpg\",\"contentUrl\":\"https:\\\/\\\/www.musikzeitung.ch\\\/wp-content\\\/uploads\\\/2024\\\/06\\\/240610schultz.jpg\",\"width\":1176,\"height\":809,\"caption\":\"Jan Schultz (Bild: Marco Borggreve)\"},{\"@type\":\"BreadcrumbList\",\"@id\":\"https:\\\/\\\/www.musikzeitung.ch\\\/news\\\/2024\\\/06\\\/schultsz-wird-chefdirigent-des-collegium-musicum-basel#breadcrumb\",\"itemListElement\":[{\"@type\":\"ListItem\",\"position\":1,\"name\":\"Home\",\"item\":\"https:\\\/\\\/www.musikzeitung.ch\\\/\"},{\"@type\":\"ListItem\",\"position\":2,\"name\":\"Schultsz wird Chefdirigent des Collegium Musicum Basel\"}]},{\"@type\":\"WebSite\",\"@id\":\"https:\\\/\\\/www.musikzeitung.ch\\\/#website\",\"url\":\"https:\\\/\\\/www.musikzeitung.ch\\\/\",\"name\":\"Schweizer Musikzeitung\",\"description\":\"Die f\u00fchrende sparten\u00fcbergreifende Monatszeitung in der Schweiz f\u00fcr musikalische Fragen.\",\"publisher\":{\"@id\":\"https:\\\/\\\/www.musikzeitung.ch\\\/#organization\"},\"potentialAction\":[{\"@type\":\"SearchAction\",\"target\":{\"@type\":\"EntryPoint\",\"urlTemplate\":\"https:\\\/\\\/www.musikzeitung.ch\\\/?s={search_term_string}\"},\"query-input\":{\"@type\":\"PropertyValueSpecification\",\"valueRequired\":true,\"valueName\":\"search_term_string\"}}],\"inLanguage\":\"en-US\"},{\"@type\":\"Organization\",\"@id\":\"https:\\\/\\\/www.musikzeitung.ch\\\/#organization\",\"name\":\"Schweizer Musikzeitung\",\"url\":\"https:\\\/\\\/www.musikzeitung.ch\\\/\",\"logo\":{\"@type\":\"ImageObject\",\"inLanguage\":\"en-US\",\"@id\":\"https:\\\/\\\/www.musikzeitung.ch\\\/#\\\/schema\\\/logo\\\/image\\\/\",\"url\":\"https:\\\/\\\/www.musikzeitung.ch\\\/wp-content\\\/uploads\\\/2023\\\/01\\\/SMZ_Schriftzug_Sprache.png\",\"contentUrl\":\"https:\\\/\\\/www.musikzeitung.ch\\\/wp-content\\\/uploads\\\/2023\\\/01\\\/SMZ_Schriftzug_Sprache.png\",\"width\":1400,\"height\":279,\"caption\":\"Schweizer Musikzeitung\"},\"image\":{\"@id\":\"https:\\\/\\\/www.musikzeitung.ch\\\/#\\\/schema\\\/logo\\\/image\\\/\"},\"sameAs\":[\"https:\\\/\\\/www.facebook.com\\\/SchweizerMusikzeitung\\\/\",\"https:\\\/\\\/x.com\\\/smusikzeitung\",\"https:\\\/\\\/www.instagram.com\\\/musikzeitung.ch\\\/\"]},{\"@type\":\"Person\",\"@id\":\"https:\\\/\\\/www.musikzeitung.ch\\\/#\\\/schema\\\/person\\\/0da4fb82d243f1252850a35d0e87cf0c\",\"name\":\"Wolfgang B\u00f6hler\",\"image\":{\"@type\":\"ImageObject\",\"inLanguage\":\"en-US\",\"@id\":\"https:\\\/\\\/www.musikzeitung.ch\\\/wp-content\\\/uploads\\\/2023\\\/01\\\/boehler_portraet_web-e1674139782246-96x96.jpg\",\"url\":\"https:\\\/\\\/www.musikzeitung.ch\\\/wp-content\\\/uploads\\\/2023\\\/01\\\/boehler_portraet_web-e1674139782246-96x96.jpg\",\"contentUrl\":\"https:\\\/\\\/www.musikzeitung.ch\\\/wp-content\\\/uploads\\\/2023\\\/01\\\/boehler_portraet_web-e1674139782246-96x96.jpg\",\"caption\":\"Wolfgang B\u00f6hler\"},\"sameAs\":[\"http:\\\/\\\/www.manacanto.ch\",\"https:\\\/\\\/www.facebook.com\\\/wolfgang.bohler.75\"],\"url\":\"https:\\\/\\\/www.musikzeitung.ch\\\/en\\\/author\\\/wolfgang-boehler\"}]}<\/script>\n<!-- \/ Yoast SEO plugin. -->","yoast_head_json":{"title":"Schultsz wird Chefdirigent des Collegium Musicum Basel - Schweizer Musikzeitung","description":"Jan Schultsz, der auch an der Musikakademie Basel unterrichtet, wird ab der Saison 2024\/25 Chefdirigent des Collegium Musicum Basel (CMB).","robots":{"index":"index","follow":"follow","max-snippet":"max-snippet:-1","max-image-preview":"max-image-preview:large","max-video-preview":"max-video-preview:-1"},"canonical":"https:\/\/www.musikzeitung.ch\/en\/news\/2024\/06\/schultsz-wird-chefdirigent-des-collegium-musicum-basel\/","og_locale":"en_US","og_type":"article","og_title":"Schultsz wird Chefdirigent des Collegium Musicum Basel - Schweizer Musikzeitung","og_description":"Jan Schultsz, der auch an der Musikakademie Basel unterrichtet, wird ab der Saison 2024\/25 Chefdirigent des Collegium Musicum Basel (CMB).","og_url":"https:\/\/www.musikzeitung.ch\/en\/news\/2024\/06\/schultsz-wird-chefdirigent-des-collegium-musicum-basel\/","og_site_name":"Schweizer Musikzeitung","article_publisher":"https:\/\/www.facebook.com\/SchweizerMusikzeitung\/","article_author":"https:\/\/www.facebook.com\/wolfgang.bohler.75","article_published_time":"2024-06-10T04:59:24+00:00","article_modified_time":"2024-06-10T08:59:35+00:00","og_image":[{"width":1176,"height":809,"url":"https:\/\/www.musikzeitung.ch\/wp-content\/uploads\/2024\/06\/240610schultz.jpg","type":"image\/jpeg"}],"author":"Wolfgang B\u00f6hler","twitter_card":"summary_large_image","twitter_creator":"@smusikzeitung","twitter_site":"@smusikzeitung","twitter_misc":{"Written by":"Wolfgang B\u00f6hler","Est. reading time":"2 minutes"},"schema":{"@context":"https:\/\/schema.org","@graph":[{"@type":"Article","@id":"https:\/\/www.musikzeitung.ch\/news\/2024\/06\/schultsz-wird-chefdirigent-des-collegium-musicum-basel#article","isPartOf":{"@id":"https:\/\/www.musikzeitung.ch\/news\/2024\/06\/schultsz-wird-chefdirigent-des-collegium-musicum-basel"},"author":{"name":"Wolfgang B\u00f6hler","@id":"https:\/\/www.musikzeitung.ch\/#\/schema\/person\/0da4fb82d243f1252850a35d0e87cf0c"},"headline":"Schultsz wird Chefdirigent des Collegium Musicum Basel","datePublished":"2024-06-10T04:59:24+00:00","dateModified":"2024-06-10T08:59:35+00:00","mainEntityOfPage":{"@id":"https:\/\/www.musikzeitung.ch\/news\/2024\/06\/schultsz-wird-chefdirigent-des-collegium-musicum-basel"},"wordCount":216,"publisher":{"@id":"https:\/\/www.musikzeitung.ch\/#organization"},"image":{"@id":"https:\/\/www.musikzeitung.ch\/news\/2024\/06\/schultsz-wird-chefdirigent-des-collegium-musicum-basel#primaryimage"},"thumbnailUrl":"https:\/\/www.musikzeitung.ch\/wp-content\/uploads\/2024\/06\/240610schultz.jpg","keywords":["Collegium Musicum Basel","Jan Schultsz"],"articleSection":["News"],"inLanguage":"en-US"},{"@type":"WebPage","@id":"https:\/\/www.musikzeitung.ch\/news\/2024\/06\/schultsz-wird-chefdirigent-des-collegium-musicum-basel","url":"https:\/\/www.musikzeitung.ch\/news\/2024\/06\/schultsz-wird-chefdirigent-des-collegium-musicum-basel","name":"Schultsz wird Chefdirigent des Collegium Musicum Basel - Schweizer Musikzeitung","isPartOf":{"@id":"https:\/\/www.musikzeitung.ch\/#website"},"primaryImageOfPage":{"@id":"https:\/\/www.musikzeitung.ch\/news\/2024\/06\/schultsz-wird-chefdirigent-des-collegium-musicum-basel#primaryimage"},"image":{"@id":"https:\/\/www.musikzeitung.ch\/news\/2024\/06\/schultsz-wird-chefdirigent-des-collegium-musicum-basel#primaryimage"},"thumbnailUrl":"https:\/\/www.musikzeitung.ch\/wp-content\/uploads\/2024\/06\/240610schultz.jpg","datePublished":"2024-06-10T04:59:24+00:00","dateModified":"2024-06-10T08:59:35+00:00","description":"Jan Schultsz, der auch an der Musikakademie Basel unterrichtet, wird ab der Saison 2024\/25 Chefdirigent des Collegium Musicum Basel (CMB).","breadcrumb":{"@id":"https:\/\/www.musikzeitung.ch\/news\/2024\/06\/schultsz-wird-chefdirigent-des-collegium-musicum-basel#breadcrumb"},"inLanguage":"en-US","potentialAction":[{"@type":"ReadAction","target":["https:\/\/www.musikzeitung.ch\/news\/2024\/06\/schultsz-wird-chefdirigent-des-collegium-musicum-basel"]}]},{"@type":"ImageObject","inLanguage":"en-US","@id":"https:\/\/www.musikzeitung.ch\/news\/2024\/06\/schultsz-wird-chefdirigent-des-collegium-musicum-basel#primaryimage","url":"https:\/\/www.musikzeitung.ch\/wp-content\/uploads\/2024\/06\/240610schultz.jpg","contentUrl":"https:\/\/www.musikzeitung.ch\/wp-content\/uploads\/2024\/06\/240610schultz.jpg","width":1176,"height":809,"caption":"Jan Schultz (Bild: Marco Borggreve)"},{"@type":"BreadcrumbList","@id":"https:\/\/www.musikzeitung.ch\/news\/2024\/06\/schultsz-wird-chefdirigent-des-collegium-musicum-basel#breadcrumb","itemListElement":[{"@type":"ListItem","position":1,"name":"Home","item":"https:\/\/www.musikzeitung.ch\/"},{"@type":"ListItem","position":2,"name":"Schultsz wird Chefdirigent des Collegium Musicum Basel"}]},{"@type":"WebSite","@id":"https:\/\/www.musikzeitung.ch\/#website","url":"https:\/\/www.musikzeitung.ch\/","name":"Swiss Music Newspaper","description":"The leading interdisciplinary monthly newspaper in Switzerland for musical issues.","publisher":{"@id":"https:\/\/www.musikzeitung.ch\/#organization"},"potentialAction":[{"@type":"SearchAction","target":{"@type":"EntryPoint","urlTemplate":"https:\/\/www.musikzeitung.ch\/?s={search_term_string}"},"query-input":{"@type":"PropertyValueSpecification","valueRequired":true,"valueName":"search_term_string"}}],"inLanguage":"en-US"},{"@type":"Organization","@id":"https:\/\/www.musikzeitung.ch\/#organization","name":"Swiss Music Newspaper","url":"https:\/\/www.musikzeitung.ch\/","logo":{"@type":"ImageObject","inLanguage":"en-US","@id":"https:\/\/www.musikzeitung.ch\/#\/schema\/logo\/image\/","url":"https:\/\/www.musikzeitung.ch\/wp-content\/uploads\/2023\/01\/SMZ_Schriftzug_Sprache.png","contentUrl":"https:\/\/www.musikzeitung.ch\/wp-content\/uploads\/2023\/01\/SMZ_Schriftzug_Sprache.png","width":1400,"height":279,"caption":"Schweizer Musikzeitung"},"image":{"@id":"https:\/\/www.musikzeitung.ch\/#\/schema\/logo\/image\/"},"sameAs":["https:\/\/www.facebook.com\/SchweizerMusikzeitung\/","https:\/\/x.com\/smusikzeitung","https:\/\/www.instagram.com\/musikzeitung.ch\/"]},{"@type":"Person","@id":"https:\/\/www.musikzeitung.ch\/#\/schema\/person\/0da4fb82d243f1252850a35d0e87cf0c","name":"Wolfgang B\u00f6hler","image":{"@type":"ImageObject","inLanguage":"en-US","@id":"https:\/\/www.musikzeitung.ch\/wp-content\/uploads\/2023\/01\/boehler_portraet_web-e1674139782246-96x96.jpg","url":"https:\/\/www.musikzeitung.ch\/wp-content\/uploads\/2023\/01\/boehler_portraet_web-e1674139782246-96x96.jpg","contentUrl":"https:\/\/www.musikzeitung.ch\/wp-content\/uploads\/2023\/01\/boehler_portraet_web-e1674139782246-96x96.jpg","caption":"Wolfgang B\u00f6hler"},"sameAs":["http:\/\/www.manacanto.ch","https:\/\/www.facebook.com\/wolfgang.bohler.75"],"url":"https:\/\/www.musikzeitung.ch\/en\/author\/wolfgang-boehler"}]}},"publishpress_future_workflow_manual_trigger":{"enabledWorkflows":[]},"_links":{"self":[{"href":"https:\/\/www.musikzeitung.ch\/en\/wp-json\/wp\/v2\/posts\/55268","targetHints":{"allow":["GET"]}}],"collection":[{"href":"https:\/\/www.musikzeitung.ch\/en\/wp-json\/wp\/v2\/posts"}],"about":[{"href":"https:\/\/www.musikzeitung.ch\/en\/wp-json\/wp\/v2\/types\/post"}],"author":[{"embeddable":true,"href":"https:\/\/www.musikzeitung.ch\/en\/wp-json\/wp\/v2\/users\/30"}],"replies":[{"embeddable":true,"href":"https:\/\/www.musikzeitung.ch\/en\/wp-json\/wp\/v2\/comments?post=55268"}],"version-history":[{"count":4,"href":"https:\/\/www.musikzeitung.ch\/en\/wp-json\/wp\/v2\/posts\/55268\/revisions"}],"predecessor-version":[{"id":55274,"href":"https:\/\/www.musikzeitung.ch\/en\/wp-json\/wp\/v2\/posts\/55268\/revisions\/55274"}],"wp:featuredmedia":[{"embeddable":true,"href":"https:\/\/www.musikzeitung.ch\/en\/wp-json\/wp\/v2\/media\/55269"}],"wp:attachment":[{"href":"https:\/\/www.musikzeitung.ch\/en\/wp-json\/wp\/v2\/media?parent=55268"}],"wp:term":[{"taxonomy":"category","embeddable":true,"href":"https:\/\/www.musikzeitung.ch\/en\/wp-json\/wp\/v2\/categories?post=55268"},{"taxonomy":"post_tag","embeddable":true,"href":"https:\/\/www.musikzeitung.ch\/en\/wp-json\/wp\/v2\/tags?post=55268"}],"curies":[{"name":"wp","href":"https:\/\/api.w.org\/{rel}","templated":true}]}}