{"id":55413,"date":"2024-06-21T06:14:31","date_gmt":"2024-06-21T04:14:31","guid":{"rendered":"https:\/\/www.musikzeitung.ch\/?p=55413"},"modified":"2024-06-21T08:33:30","modified_gmt":"2024-06-21T06:33:30","slug":"werkverzeichnis-von-caroline-charriere-online-verfuegbar","status":"publish","type":"post","link":"https:\/\/www.musikzeitung.ch\/en\/news\/2024\/06\/werkverzeichnis-von-caroline-charriere-online-verfuegbar","title":{"rendered":"Catalog of works by Caroline Charri\u00e8re available online"},"content":{"rendered":"<p>&nbsp;<\/p>\n<figure id=\"attachment_55414\" aria-describedby=\"caption-attachment-55414\" style=\"width: 768px\" class=\"wp-caption alignnone\"><img loading=\"lazy\" decoding=\"async\" class=\"size-large wp-image-55414\" src=\"https:\/\/www.musikzeitung.ch\/wp-content\/uploads\/2024\/06\/240621ocf-1024x634.jpg\" alt=\"\" width=\"768\" height=\"476\" srcset=\"https:\/\/www.musikzeitung.ch\/wp-content\/uploads\/2024\/06\/240621ocf-1024x634.jpg 1024w, https:\/\/www.musikzeitung.ch\/wp-content\/uploads\/2024\/06\/240621ocf-300x186.jpg 300w, https:\/\/www.musikzeitung.ch\/wp-content\/uploads\/2024\/06\/240621ocf-768x475.jpg 768w, https:\/\/www.musikzeitung.ch\/wp-content\/uploads\/2024\/06\/240621ocf-18x12.jpg 18w, https:\/\/www.musikzeitung.ch\/wp-content\/uploads\/2024\/06\/240621ocf-283x175.jpg 283w, https:\/\/www.musikzeitung.ch\/wp-content\/uploads\/2024\/06\/240621ocf-565x350.jpg 565w, https:\/\/www.musikzeitung.ch\/wp-content\/uploads\/2024\/06\/240621ocf-920x570.jpg 920w, https:\/\/www.musikzeitung.ch\/wp-content\/uploads\/2024\/06\/240621ocf.jpg 1113w\" sizes=\"auto, (max-width: 768px) 100vw, 768px\" \/><figcaption id=\"caption-attachment-55414\" class=\"wp-caption-text\">Caroline Charri\u00e8re conducts the Choeur de Jade (Image: FB CdJ)<\/figcaption><\/figure>\n<p>The idea of publishing a catalog raisonn\u00e9 of Caroline Charri\u00e8re's works arose during the cataloging work on the composer's estate between 2022 and 2023 in collaboration with the Association Caroline Charri\u00e8re. Ultimately, the decisive factor for the creation of the project was the fact that over 50 additional works were found during the inventory of the estate in the Cantonal and University Library, which are not listed in the chronological list of works kept by Caroline Charri\u00e8re herself (2018).<\/p>\n<p>The catalog of works was also based on the catalog by musical genre compiled by the musicologist Ir\u00e8ne Minder-Jeanneret (2021), the catalog of the music publisher Bim and the list of works in the inventory of the Caroline Charri\u00e8re estate (2023). The catalog contains a total of 199 works, 40 arrangements of works by other composers, 6 miniatures composed for special occasions (birthdays and baptisms) and 40 sketches. Charri\u00e8re also wrote other pieces for private use, but these are not included in the catalog as they are not intended for the public.<\/p>\n<p>Caroline Charri\u00e8re (1960 - 2018) was a Swiss composer and conductor. She studied flute and composition in Lausanne, Biel and Manchester and conducted the Fribourg women's choir Ch\u0153ur de Jade in addition to working as a freelance composer.<\/p>\n<p><strong>More info:<\/strong><br \/>\n<a href=\"https:\/\/www.fr.ch\/de\/kub\/news\/caroline-charriere-publikation-des-werkkatalogs\" target=\"_blank\" rel=\"noopener\">https:\/\/www.fr.ch\/de\/kub\/news\/caroline-charriere-publikation-des-werkkatalogs<\/a><\/p>","protected":false},"excerpt":{"rendered":"<p>A catalog of Caroline Charri\u00e8re's works is now available on the Fri-Memoria platform. It offers a complete overview of the musical legacy of the Fribourg composer. <\/p>","protected":false},"author":30,"featured_media":55414,"comment_status":"closed","ping_status":"closed","sticky":false,"template":"","format":"standard","meta":{"_acf_changed":false,"_relevanssi_hide_post":"","_relevanssi_hide_content":"","_relevanssi_pin_for_all":"","_relevanssi_pin_keywords":"","_relevanssi_unpin_keywords":"","_relevanssi_related_keywords":"","_relevanssi_related_include_ids":"","_relevanssi_related_exclude_ids":"","_relevanssi_related_no_append":"","_relevanssi_related_not_related":"","_relevanssi_related_posts":"","_relevanssi_noindex_reason":"","pgc_sgb_lightbox_settings":"","footnotes":""},"categories":[27],"tags":[4143],"class_list":["post-55413","post","type-post","status-publish","format-standard","has-post-thumbnail","hentry","category-news","tag-caroline-charriere"],"acf":[],"yoast_head":"<!-- This site is optimized with the Yoast SEO plugin v27.4 - https:\/\/yoast.com\/product\/yoast-seo-wordpress\/ -->\n<title>Werkverzeichnis von Caroline Charri\u00e8re online verf\u00fcgbar - Schweizer Musikzeitung<\/title>\n<meta name=\"description\" content=\"Es bietet einen Gesamt\u00fcberblick \u00fcber das musikalische Verm\u00e4chtnis der Freiburger Komponistin.\" \/>\n<meta name=\"robots\" content=\"index, follow, max-snippet:-1, max-image-preview:large, max-video-preview:-1\" \/>\n<link rel=\"canonical\" href=\"https:\/\/www.musikzeitung.ch\/en\/news\/2024\/06\/werkverzeichnis-von-caroline-charriere-online-verfuegbar\/\" \/>\n<meta property=\"og:locale\" content=\"en_US\" \/>\n<meta property=\"og:type\" content=\"article\" \/>\n<meta property=\"og:title\" content=\"Werkverzeichnis von Caroline Charri\u00e8re online verf\u00fcgbar - Schweizer Musikzeitung\" \/>\n<meta property=\"og:description\" content=\"Es bietet einen Gesamt\u00fcberblick \u00fcber das musikalische Verm\u00e4chtnis der Freiburger Komponistin.\" \/>\n<meta property=\"og:url\" content=\"https:\/\/www.musikzeitung.ch\/en\/news\/2024\/06\/werkverzeichnis-von-caroline-charriere-online-verfuegbar\/\" \/>\n<meta property=\"og:site_name\" content=\"Schweizer Musikzeitung\" \/>\n<meta property=\"article:publisher\" content=\"https:\/\/www.facebook.com\/SchweizerMusikzeitung\/\" \/>\n<meta property=\"article:author\" content=\"https:\/\/www.facebook.com\/wolfgang.bohler.75\" \/>\n<meta property=\"article:published_time\" content=\"2024-06-21T04:14:31+00:00\" \/>\n<meta property=\"article:modified_time\" content=\"2024-06-21T06:33:30+00:00\" \/>\n<meta property=\"og:image\" content=\"https:\/\/www.musikzeitung.ch\/wp-content\/uploads\/2024\/06\/240621ocf.jpg\" \/>\n\t<meta property=\"og:image:width\" content=\"1113\" \/>\n\t<meta property=\"og:image:height\" content=\"689\" \/>\n\t<meta property=\"og:image:type\" content=\"image\/jpeg\" \/>\n<meta name=\"author\" content=\"Wolfgang B\u00f6hler\" \/>\n<meta name=\"twitter:card\" content=\"summary_large_image\" \/>\n<meta name=\"twitter:creator\" content=\"@smusikzeitung\" \/>\n<meta name=\"twitter:site\" content=\"@smusikzeitung\" \/>\n<meta name=\"twitter:label1\" content=\"Written by\" \/>\n\t<meta name=\"twitter:data1\" content=\"Wolfgang B\u00f6hler\" \/>\n\t<meta name=\"twitter:label2\" content=\"Est. reading time\" \/>\n\t<meta name=\"twitter:data2\" content=\"2 minutes\" \/>\n<script type=\"application\/ld+json\" class=\"yoast-schema-graph\">{\"@context\":\"https:\\\/\\\/schema.org\",\"@graph\":[{\"@type\":\"Article\",\"@id\":\"https:\\\/\\\/www.musikzeitung.ch\\\/news\\\/2024\\\/06\\\/werkverzeichnis-von-caroline-charriere-online-verfuegbar#article\",\"isPartOf\":{\"@id\":\"https:\\\/\\\/www.musikzeitung.ch\\\/news\\\/2024\\\/06\\\/werkverzeichnis-von-caroline-charriere-online-verfuegbar\"},\"author\":{\"name\":\"Wolfgang B\u00f6hler\",\"@id\":\"https:\\\/\\\/www.musikzeitung.ch\\\/#\\\/schema\\\/person\\\/0da4fb82d243f1252850a35d0e87cf0c\"},\"headline\":\"Werkverzeichnis von Caroline Charri\u00e8re online verf\u00fcgbar\",\"datePublished\":\"2024-06-21T04:14:31+00:00\",\"dateModified\":\"2024-06-21T06:33:30+00:00\",\"mainEntityOfPage\":{\"@id\":\"https:\\\/\\\/www.musikzeitung.ch\\\/news\\\/2024\\\/06\\\/werkverzeichnis-von-caroline-charriere-online-verfuegbar\"},\"wordCount\":235,\"publisher\":{\"@id\":\"https:\\\/\\\/www.musikzeitung.ch\\\/#organization\"},\"image\":{\"@id\":\"https:\\\/\\\/www.musikzeitung.ch\\\/news\\\/2024\\\/06\\\/werkverzeichnis-von-caroline-charriere-online-verfuegbar#primaryimage\"},\"thumbnailUrl\":\"https:\\\/\\\/www.musikzeitung.ch\\\/wp-content\\\/uploads\\\/2024\\\/06\\\/240621ocf.jpg\",\"keywords\":[\"Caroline Charri\u00e8re\"],\"articleSection\":[\"News\"],\"inLanguage\":\"en-US\"},{\"@type\":\"WebPage\",\"@id\":\"https:\\\/\\\/www.musikzeitung.ch\\\/news\\\/2024\\\/06\\\/werkverzeichnis-von-caroline-charriere-online-verfuegbar\",\"url\":\"https:\\\/\\\/www.musikzeitung.ch\\\/news\\\/2024\\\/06\\\/werkverzeichnis-von-caroline-charriere-online-verfuegbar\",\"name\":\"Werkverzeichnis von Caroline Charri\u00e8re online verf\u00fcgbar - Schweizer Musikzeitung\",\"isPartOf\":{\"@id\":\"https:\\\/\\\/www.musikzeitung.ch\\\/#website\"},\"primaryImageOfPage\":{\"@id\":\"https:\\\/\\\/www.musikzeitung.ch\\\/news\\\/2024\\\/06\\\/werkverzeichnis-von-caroline-charriere-online-verfuegbar#primaryimage\"},\"image\":{\"@id\":\"https:\\\/\\\/www.musikzeitung.ch\\\/news\\\/2024\\\/06\\\/werkverzeichnis-von-caroline-charriere-online-verfuegbar#primaryimage\"},\"thumbnailUrl\":\"https:\\\/\\\/www.musikzeitung.ch\\\/wp-content\\\/uploads\\\/2024\\\/06\\\/240621ocf.jpg\",\"datePublished\":\"2024-06-21T04:14:31+00:00\",\"dateModified\":\"2024-06-21T06:33:30+00:00\",\"description\":\"Es bietet einen Gesamt\u00fcberblick \u00fcber das musikalische Verm\u00e4chtnis der Freiburger Komponistin.\",\"breadcrumb\":{\"@id\":\"https:\\\/\\\/www.musikzeitung.ch\\\/news\\\/2024\\\/06\\\/werkverzeichnis-von-caroline-charriere-online-verfuegbar#breadcrumb\"},\"inLanguage\":\"en-US\",\"potentialAction\":[{\"@type\":\"ReadAction\",\"target\":[\"https:\\\/\\\/www.musikzeitung.ch\\\/news\\\/2024\\\/06\\\/werkverzeichnis-von-caroline-charriere-online-verfuegbar\"]}]},{\"@type\":\"ImageObject\",\"inLanguage\":\"en-US\",\"@id\":\"https:\\\/\\\/www.musikzeitung.ch\\\/news\\\/2024\\\/06\\\/werkverzeichnis-von-caroline-charriere-online-verfuegbar#primaryimage\",\"url\":\"https:\\\/\\\/www.musikzeitung.ch\\\/wp-content\\\/uploads\\\/2024\\\/06\\\/240621ocf.jpg\",\"contentUrl\":\"https:\\\/\\\/www.musikzeitung.ch\\\/wp-content\\\/uploads\\\/2024\\\/06\\\/240621ocf.jpg\",\"width\":1113,\"height\":689,\"caption\":\"Caroline Charri\u00e8re dirigiert den Choeur de Jade (Bild: FB CdJ)\"},{\"@type\":\"BreadcrumbList\",\"@id\":\"https:\\\/\\\/www.musikzeitung.ch\\\/news\\\/2024\\\/06\\\/werkverzeichnis-von-caroline-charriere-online-verfuegbar#breadcrumb\",\"itemListElement\":[{\"@type\":\"ListItem\",\"position\":1,\"name\":\"Home\",\"item\":\"https:\\\/\\\/www.musikzeitung.ch\\\/\"},{\"@type\":\"ListItem\",\"position\":2,\"name\":\"Werkverzeichnis von Caroline Charri\u00e8re online verf\u00fcgbar\"}]},{\"@type\":\"WebSite\",\"@id\":\"https:\\\/\\\/www.musikzeitung.ch\\\/#website\",\"url\":\"https:\\\/\\\/www.musikzeitung.ch\\\/\",\"name\":\"Schweizer Musikzeitung\",\"description\":\"Die f\u00fchrende sparten\u00fcbergreifende Monatszeitung in der Schweiz f\u00fcr musikalische Fragen.\",\"publisher\":{\"@id\":\"https:\\\/\\\/www.musikzeitung.ch\\\/#organization\"},\"potentialAction\":[{\"@type\":\"SearchAction\",\"target\":{\"@type\":\"EntryPoint\",\"urlTemplate\":\"https:\\\/\\\/www.musikzeitung.ch\\\/?s={search_term_string}\"},\"query-input\":{\"@type\":\"PropertyValueSpecification\",\"valueRequired\":true,\"valueName\":\"search_term_string\"}}],\"inLanguage\":\"en-US\"},{\"@type\":\"Organization\",\"@id\":\"https:\\\/\\\/www.musikzeitung.ch\\\/#organization\",\"name\":\"Schweizer Musikzeitung\",\"url\":\"https:\\\/\\\/www.musikzeitung.ch\\\/\",\"logo\":{\"@type\":\"ImageObject\",\"inLanguage\":\"en-US\",\"@id\":\"https:\\\/\\\/www.musikzeitung.ch\\\/#\\\/schema\\\/logo\\\/image\\\/\",\"url\":\"https:\\\/\\\/www.musikzeitung.ch\\\/wp-content\\\/uploads\\\/2023\\\/01\\\/SMZ_Schriftzug_Sprache.png\",\"contentUrl\":\"https:\\\/\\\/www.musikzeitung.ch\\\/wp-content\\\/uploads\\\/2023\\\/01\\\/SMZ_Schriftzug_Sprache.png\",\"width\":1400,\"height\":279,\"caption\":\"Schweizer Musikzeitung\"},\"image\":{\"@id\":\"https:\\\/\\\/www.musikzeitung.ch\\\/#\\\/schema\\\/logo\\\/image\\\/\"},\"sameAs\":[\"https:\\\/\\\/www.facebook.com\\\/SchweizerMusikzeitung\\\/\",\"https:\\\/\\\/x.com\\\/smusikzeitung\",\"https:\\\/\\\/www.instagram.com\\\/musikzeitung.ch\\\/\"]},{\"@type\":\"Person\",\"@id\":\"https:\\\/\\\/www.musikzeitung.ch\\\/#\\\/schema\\\/person\\\/0da4fb82d243f1252850a35d0e87cf0c\",\"name\":\"Wolfgang B\u00f6hler\",\"image\":{\"@type\":\"ImageObject\",\"inLanguage\":\"en-US\",\"@id\":\"https:\\\/\\\/www.musikzeitung.ch\\\/wp-content\\\/uploads\\\/2023\\\/01\\\/boehler_portraet_web-e1674139782246-96x96.jpg\",\"url\":\"https:\\\/\\\/www.musikzeitung.ch\\\/wp-content\\\/uploads\\\/2023\\\/01\\\/boehler_portraet_web-e1674139782246-96x96.jpg\",\"contentUrl\":\"https:\\\/\\\/www.musikzeitung.ch\\\/wp-content\\\/uploads\\\/2023\\\/01\\\/boehler_portraet_web-e1674139782246-96x96.jpg\",\"caption\":\"Wolfgang B\u00f6hler\"},\"sameAs\":[\"http:\\\/\\\/www.manacanto.ch\",\"https:\\\/\\\/www.facebook.com\\\/wolfgang.bohler.75\"],\"url\":\"https:\\\/\\\/www.musikzeitung.ch\\\/en\\\/author\\\/wolfgang-boehler\"}]}<\/script>\n<!-- \/ Yoast SEO plugin. -->","yoast_head_json":{"title":"Werkverzeichnis von Caroline Charri\u00e8re online verf\u00fcgbar - Schweizer Musikzeitung","description":"Es bietet einen Gesamt\u00fcberblick \u00fcber das musikalische Verm\u00e4chtnis der Freiburger Komponistin.","robots":{"index":"index","follow":"follow","max-snippet":"max-snippet:-1","max-image-preview":"max-image-preview:large","max-video-preview":"max-video-preview:-1"},"canonical":"https:\/\/www.musikzeitung.ch\/en\/news\/2024\/06\/werkverzeichnis-von-caroline-charriere-online-verfuegbar\/","og_locale":"en_US","og_type":"article","og_title":"Werkverzeichnis von Caroline Charri\u00e8re online verf\u00fcgbar - Schweizer Musikzeitung","og_description":"Es bietet einen Gesamt\u00fcberblick \u00fcber das musikalische Verm\u00e4chtnis der Freiburger Komponistin.","og_url":"https:\/\/www.musikzeitung.ch\/en\/news\/2024\/06\/werkverzeichnis-von-caroline-charriere-online-verfuegbar\/","og_site_name":"Schweizer Musikzeitung","article_publisher":"https:\/\/www.facebook.com\/SchweizerMusikzeitung\/","article_author":"https:\/\/www.facebook.com\/wolfgang.bohler.75","article_published_time":"2024-06-21T04:14:31+00:00","article_modified_time":"2024-06-21T06:33:30+00:00","og_image":[{"width":1113,"height":689,"url":"https:\/\/www.musikzeitung.ch\/wp-content\/uploads\/2024\/06\/240621ocf.jpg","type":"image\/jpeg"}],"author":"Wolfgang B\u00f6hler","twitter_card":"summary_large_image","twitter_creator":"@smusikzeitung","twitter_site":"@smusikzeitung","twitter_misc":{"Written by":"Wolfgang B\u00f6hler","Est. reading time":"2 minutes"},"schema":{"@context":"https:\/\/schema.org","@graph":[{"@type":"Article","@id":"https:\/\/www.musikzeitung.ch\/news\/2024\/06\/werkverzeichnis-von-caroline-charriere-online-verfuegbar#article","isPartOf":{"@id":"https:\/\/www.musikzeitung.ch\/news\/2024\/06\/werkverzeichnis-von-caroline-charriere-online-verfuegbar"},"author":{"name":"Wolfgang B\u00f6hler","@id":"https:\/\/www.musikzeitung.ch\/#\/schema\/person\/0da4fb82d243f1252850a35d0e87cf0c"},"headline":"Werkverzeichnis von Caroline Charri\u00e8re online verf\u00fcgbar","datePublished":"2024-06-21T04:14:31+00:00","dateModified":"2024-06-21T06:33:30+00:00","mainEntityOfPage":{"@id":"https:\/\/www.musikzeitung.ch\/news\/2024\/06\/werkverzeichnis-von-caroline-charriere-online-verfuegbar"},"wordCount":235,"publisher":{"@id":"https:\/\/www.musikzeitung.ch\/#organization"},"image":{"@id":"https:\/\/www.musikzeitung.ch\/news\/2024\/06\/werkverzeichnis-von-caroline-charriere-online-verfuegbar#primaryimage"},"thumbnailUrl":"https:\/\/www.musikzeitung.ch\/wp-content\/uploads\/2024\/06\/240621ocf.jpg","keywords":["Caroline Charri\u00e8re"],"articleSection":["News"],"inLanguage":"en-US"},{"@type":"WebPage","@id":"https:\/\/www.musikzeitung.ch\/news\/2024\/06\/werkverzeichnis-von-caroline-charriere-online-verfuegbar","url":"https:\/\/www.musikzeitung.ch\/news\/2024\/06\/werkverzeichnis-von-caroline-charriere-online-verfuegbar","name":"Werkverzeichnis von Caroline Charri\u00e8re online verf\u00fcgbar - Schweizer Musikzeitung","isPartOf":{"@id":"https:\/\/www.musikzeitung.ch\/#website"},"primaryImageOfPage":{"@id":"https:\/\/www.musikzeitung.ch\/news\/2024\/06\/werkverzeichnis-von-caroline-charriere-online-verfuegbar#primaryimage"},"image":{"@id":"https:\/\/www.musikzeitung.ch\/news\/2024\/06\/werkverzeichnis-von-caroline-charriere-online-verfuegbar#primaryimage"},"thumbnailUrl":"https:\/\/www.musikzeitung.ch\/wp-content\/uploads\/2024\/06\/240621ocf.jpg","datePublished":"2024-06-21T04:14:31+00:00","dateModified":"2024-06-21T06:33:30+00:00","description":"Es bietet einen Gesamt\u00fcberblick \u00fcber das musikalische Verm\u00e4chtnis der Freiburger Komponistin.","breadcrumb":{"@id":"https:\/\/www.musikzeitung.ch\/news\/2024\/06\/werkverzeichnis-von-caroline-charriere-online-verfuegbar#breadcrumb"},"inLanguage":"en-US","potentialAction":[{"@type":"ReadAction","target":["https:\/\/www.musikzeitung.ch\/news\/2024\/06\/werkverzeichnis-von-caroline-charriere-online-verfuegbar"]}]},{"@type":"ImageObject","inLanguage":"en-US","@id":"https:\/\/www.musikzeitung.ch\/news\/2024\/06\/werkverzeichnis-von-caroline-charriere-online-verfuegbar#primaryimage","url":"https:\/\/www.musikzeitung.ch\/wp-content\/uploads\/2024\/06\/240621ocf.jpg","contentUrl":"https:\/\/www.musikzeitung.ch\/wp-content\/uploads\/2024\/06\/240621ocf.jpg","width":1113,"height":689,"caption":"Caroline Charri\u00e8re dirigiert den Choeur de Jade (Bild: FB CdJ)"},{"@type":"BreadcrumbList","@id":"https:\/\/www.musikzeitung.ch\/news\/2024\/06\/werkverzeichnis-von-caroline-charriere-online-verfuegbar#breadcrumb","itemListElement":[{"@type":"ListItem","position":1,"name":"Home","item":"https:\/\/www.musikzeitung.ch\/"},{"@type":"ListItem","position":2,"name":"Werkverzeichnis von Caroline Charri\u00e8re online verf\u00fcgbar"}]},{"@type":"WebSite","@id":"https:\/\/www.musikzeitung.ch\/#website","url":"https:\/\/www.musikzeitung.ch\/","name":"Swiss Music Newspaper","description":"The leading interdisciplinary monthly newspaper in Switzerland for musical issues.","publisher":{"@id":"https:\/\/www.musikzeitung.ch\/#organization"},"potentialAction":[{"@type":"SearchAction","target":{"@type":"EntryPoint","urlTemplate":"https:\/\/www.musikzeitung.ch\/?s={search_term_string}"},"query-input":{"@type":"PropertyValueSpecification","valueRequired":true,"valueName":"search_term_string"}}],"inLanguage":"en-US"},{"@type":"Organization","@id":"https:\/\/www.musikzeitung.ch\/#organization","name":"Swiss Music Newspaper","url":"https:\/\/www.musikzeitung.ch\/","logo":{"@type":"ImageObject","inLanguage":"en-US","@id":"https:\/\/www.musikzeitung.ch\/#\/schema\/logo\/image\/","url":"https:\/\/www.musikzeitung.ch\/wp-content\/uploads\/2023\/01\/SMZ_Schriftzug_Sprache.png","contentUrl":"https:\/\/www.musikzeitung.ch\/wp-content\/uploads\/2023\/01\/SMZ_Schriftzug_Sprache.png","width":1400,"height":279,"caption":"Schweizer Musikzeitung"},"image":{"@id":"https:\/\/www.musikzeitung.ch\/#\/schema\/logo\/image\/"},"sameAs":["https:\/\/www.facebook.com\/SchweizerMusikzeitung\/","https:\/\/x.com\/smusikzeitung","https:\/\/www.instagram.com\/musikzeitung.ch\/"]},{"@type":"Person","@id":"https:\/\/www.musikzeitung.ch\/#\/schema\/person\/0da4fb82d243f1252850a35d0e87cf0c","name":"Wolfgang B\u00f6hler","image":{"@type":"ImageObject","inLanguage":"en-US","@id":"https:\/\/www.musikzeitung.ch\/wp-content\/uploads\/2023\/01\/boehler_portraet_web-e1674139782246-96x96.jpg","url":"https:\/\/www.musikzeitung.ch\/wp-content\/uploads\/2023\/01\/boehler_portraet_web-e1674139782246-96x96.jpg","contentUrl":"https:\/\/www.musikzeitung.ch\/wp-content\/uploads\/2023\/01\/boehler_portraet_web-e1674139782246-96x96.jpg","caption":"Wolfgang B\u00f6hler"},"sameAs":["http:\/\/www.manacanto.ch","https:\/\/www.facebook.com\/wolfgang.bohler.75"],"url":"https:\/\/www.musikzeitung.ch\/en\/author\/wolfgang-boehler"}]}},"publishpress_future_workflow_manual_trigger":{"enabledWorkflows":[]},"_links":{"self":[{"href":"https:\/\/www.musikzeitung.ch\/en\/wp-json\/wp\/v2\/posts\/55413","targetHints":{"allow":["GET"]}}],"collection":[{"href":"https:\/\/www.musikzeitung.ch\/en\/wp-json\/wp\/v2\/posts"}],"about":[{"href":"https:\/\/www.musikzeitung.ch\/en\/wp-json\/wp\/v2\/types\/post"}],"author":[{"embeddable":true,"href":"https:\/\/www.musikzeitung.ch\/en\/wp-json\/wp\/v2\/users\/30"}],"replies":[{"embeddable":true,"href":"https:\/\/www.musikzeitung.ch\/en\/wp-json\/wp\/v2\/comments?post=55413"}],"version-history":[{"count":5,"href":"https:\/\/www.musikzeitung.ch\/en\/wp-json\/wp\/v2\/posts\/55413\/revisions"}],"predecessor-version":[{"id":55420,"href":"https:\/\/www.musikzeitung.ch\/en\/wp-json\/wp\/v2\/posts\/55413\/revisions\/55420"}],"wp:featuredmedia":[{"embeddable":true,"href":"https:\/\/www.musikzeitung.ch\/en\/wp-json\/wp\/v2\/media\/55414"}],"wp:attachment":[{"href":"https:\/\/www.musikzeitung.ch\/en\/wp-json\/wp\/v2\/media?parent=55413"}],"wp:term":[{"taxonomy":"category","embeddable":true,"href":"https:\/\/www.musikzeitung.ch\/en\/wp-json\/wp\/v2\/categories?post=55413"},{"taxonomy":"post_tag","embeddable":true,"href":"https:\/\/www.musikzeitung.ch\/en\/wp-json\/wp\/v2\/tags?post=55413"}],"curies":[{"name":"wp","href":"https:\/\/api.w.org\/{rel}","templated":true}]}}