{"id":55472,"date":"2024-06-25T06:46:43","date_gmt":"2024-06-25T04:46:43","guid":{"rendered":"https:\/\/www.musikzeitung.ch\/?p=55472"},"modified":"2024-06-25T11:10:18","modified_gmt":"2024-06-25T09:10:18","slug":"grace-newcombe-folgt-in-basel-auf-kathleen-dineen","status":"publish","type":"post","link":"https:\/\/www.musikzeitung.ch\/en\/news\/2024\/06\/grace-newcombe-folgt-in-basel-auf-kathleen-dineen","title":{"rendered":"Grace Newcombe succeeds Kathleen Dineen in Basel"},"content":{"rendered":"<figure id=\"attachment_55473\" aria-describedby=\"caption-attachment-55473\" style=\"width: 768px\" class=\"wp-caption alignnone\"><img loading=\"lazy\" decoding=\"async\" class=\"size-large wp-image-55473\" src=\"https:\/\/www.musikzeitung.ch\/wp-content\/uploads\/2024\/06\/240625newcomb-1024x672.jpg\" alt=\"\" width=\"768\" height=\"504\" srcset=\"https:\/\/www.musikzeitung.ch\/wp-content\/uploads\/2024\/06\/240625newcomb-1024x672.jpg 1024w, https:\/\/www.musikzeitung.ch\/wp-content\/uploads\/2024\/06\/240625newcomb-300x197.jpg 300w, https:\/\/www.musikzeitung.ch\/wp-content\/uploads\/2024\/06\/240625newcomb-768x504.jpg 768w, https:\/\/www.musikzeitung.ch\/wp-content\/uploads\/2024\/06\/240625newcomb-18x12.jpg 18w, https:\/\/www.musikzeitung.ch\/wp-content\/uploads\/2024\/06\/240625newcomb-267x175.jpg 267w, https:\/\/www.musikzeitung.ch\/wp-content\/uploads\/2024\/06\/240625newcomb-533x350.jpg 533w, https:\/\/www.musikzeitung.ch\/wp-content\/uploads\/2024\/06\/240625newcomb-1219x800.jpg 1219w, https:\/\/www.musikzeitung.ch\/wp-content\/uploads\/2024\/06\/240625newcomb-920x604.jpg 920w, https:\/\/www.musikzeitung.ch\/wp-content\/uploads\/2024\/06\/240625newcomb.jpg 1280w\" sizes=\"auto, (max-width: 768px) 100vw, 768px\" \/><figcaption id=\"caption-attachment-55473\" class=\"wp-caption-text\">Grace Newcombe (Photo: Laelia Milleri)<\/figcaption><\/figure>\n<p>Grace Newcombe specializes in medieval and renaissance music. She performs throughout Europe and records with renowned medieval renaissance ensembles such as Ensemble Leones, Peregrina, Le Miroir de Musique, Ensemble Gilles Binchois, SchoEnsemble Dragma and Musicke &amp; Mirth. She is the founder and director of the medieval ensemble Rumorum. As an instrumentalist, she has performed with medieval harps and <span class=\"NormalTextRun SpellingErrorV2Themed SCXW38892988 BCX0\">Clavicymbalum can be heard.<\/span><\/p>\n<p>Grace studied at the Schola Cantorum Basiliensis, where she obtained a Master's degree with distinction in Early Music Vocal Pedagogy. Since then she has taught there regularly as a guest or substitute teacher for singing, Tudor and Elizabethan vocal polyphony, medieval vocal polyphony and Gregorian chant.<\/p>\n<p>As a performer and teacher, Grace specializes in non-classical vocal techniques and currently also teaches voice training at the Institut Jazz in Basel. She wrote her doctoral thesis on performance practices for vernacular songs in thirteenth-century Britain. She uncovered previously unknown melodic and textual peculiarities of Middle English verse.<\/p>\n<p>&nbsp;<\/p>","protected":false},"excerpt":{"rendered":"<p>Following the retirement of Kathleen Dineen, Grace Newcombe will teach singing and ensemble work with a focus on medieval renaissance at the Schola Cantorum Basiliensis from the fall semester 2024\/25. <\/p>","protected":false},"author":30,"featured_media":55473,"comment_status":"closed","ping_status":"closed","sticky":false,"template":"","format":"standard","meta":{"_acf_changed":false,"_relevanssi_hide_post":"","_relevanssi_hide_content":"","_relevanssi_pin_for_all":"","_relevanssi_pin_keywords":"","_relevanssi_unpin_keywords":"","_relevanssi_related_keywords":"","_relevanssi_related_include_ids":"","_relevanssi_related_exclude_ids":"","_relevanssi_related_no_append":"","_relevanssi_related_not_related":"","_relevanssi_related_posts":"","_relevanssi_noindex_reason":"","pgc_sgb_lightbox_settings":"","footnotes":""},"categories":[27],"tags":[4147,2722],"class_list":["post-55472","post","type-post","status-publish","format-standard","has-post-thumbnail","hentry","category-news","tag-grace-newcomb","tag-schola-cantorum-basel"],"acf":[],"yoast_head":"<!-- This site is optimized with the Yoast SEO plugin v27.4 - https:\/\/yoast.com\/product\/yoast-seo-wordpress\/ -->\n<title>Grace Newcombe folgt in Basel auf Kathleen Dineen - Schweizer Musikzeitung<\/title>\n<meta name=\"description\" content=\"Grace Newcombe wird ab dem Herbstsemester 2024\/25 an der Schola Cantorum Basiliensis neu Pflichtfach Gesang und Ensemblearbeit unterrichten.\" \/>\n<meta name=\"robots\" content=\"index, follow, max-snippet:-1, max-image-preview:large, max-video-preview:-1\" \/>\n<link rel=\"canonical\" href=\"https:\/\/www.musikzeitung.ch\/en\/news\/2024\/06\/grace-newcombe-folgt-in-basel-auf-kathleen-dineen\/\" \/>\n<meta property=\"og:locale\" content=\"en_US\" \/>\n<meta property=\"og:type\" content=\"article\" \/>\n<meta property=\"og:title\" content=\"Grace Newcombe folgt in Basel auf Kathleen Dineen - Schweizer Musikzeitung\" \/>\n<meta property=\"og:description\" content=\"Grace Newcombe wird ab dem Herbstsemester 2024\/25 an der Schola Cantorum Basiliensis neu Pflichtfach Gesang und Ensemblearbeit unterrichten.\" \/>\n<meta property=\"og:url\" content=\"https:\/\/www.musikzeitung.ch\/en\/news\/2024\/06\/grace-newcombe-folgt-in-basel-auf-kathleen-dineen\/\" \/>\n<meta property=\"og:site_name\" content=\"Schweizer Musikzeitung\" \/>\n<meta property=\"article:publisher\" content=\"https:\/\/www.facebook.com\/SchweizerMusikzeitung\/\" \/>\n<meta property=\"article:author\" content=\"https:\/\/www.facebook.com\/wolfgang.bohler.75\" \/>\n<meta property=\"article:published_time\" content=\"2024-06-25T04:46:43+00:00\" \/>\n<meta property=\"article:modified_time\" content=\"2024-06-25T09:10:18+00:00\" \/>\n<meta property=\"og:image\" content=\"https:\/\/www.musikzeitung.ch\/wp-content\/uploads\/2024\/06\/240625newcomb.jpg\" \/>\n\t<meta property=\"og:image:width\" content=\"1280\" \/>\n\t<meta property=\"og:image:height\" content=\"840\" \/>\n\t<meta property=\"og:image:type\" content=\"image\/jpeg\" \/>\n<meta name=\"author\" content=\"Wolfgang B\u00f6hler\" \/>\n<meta name=\"twitter:card\" content=\"summary_large_image\" \/>\n<meta name=\"twitter:creator\" content=\"@smusikzeitung\" \/>\n<meta name=\"twitter:site\" content=\"@smusikzeitung\" \/>\n<meta name=\"twitter:label1\" content=\"Written by\" \/>\n\t<meta name=\"twitter:data1\" content=\"Wolfgang B\u00f6hler\" \/>\n\t<meta name=\"twitter:label2\" content=\"Est. reading time\" \/>\n\t<meta name=\"twitter:data2\" content=\"2 minutes\" \/>\n<script type=\"application\/ld+json\" class=\"yoast-schema-graph\">{\"@context\":\"https:\\\/\\\/schema.org\",\"@graph\":[{\"@type\":\"Article\",\"@id\":\"https:\\\/\\\/www.musikzeitung.ch\\\/news\\\/2024\\\/06\\\/grace-newcombe-folgt-in-basel-auf-kathleen-dineen#article\",\"isPartOf\":{\"@id\":\"https:\\\/\\\/www.musikzeitung.ch\\\/news\\\/2024\\\/06\\\/grace-newcombe-folgt-in-basel-auf-kathleen-dineen\"},\"author\":{\"name\":\"Wolfgang B\u00f6hler\",\"@id\":\"https:\\\/\\\/www.musikzeitung.ch\\\/#\\\/schema\\\/person\\\/0da4fb82d243f1252850a35d0e87cf0c\"},\"headline\":\"Grace Newcombe folgt in Basel auf Kathleen Dineen\",\"datePublished\":\"2024-06-25T04:46:43+00:00\",\"dateModified\":\"2024-06-25T09:10:18+00:00\",\"mainEntityOfPage\":{\"@id\":\"https:\\\/\\\/www.musikzeitung.ch\\\/news\\\/2024\\\/06\\\/grace-newcombe-folgt-in-basel-auf-kathleen-dineen\"},\"wordCount\":179,\"publisher\":{\"@id\":\"https:\\\/\\\/www.musikzeitung.ch\\\/#organization\"},\"image\":{\"@id\":\"https:\\\/\\\/www.musikzeitung.ch\\\/news\\\/2024\\\/06\\\/grace-newcombe-folgt-in-basel-auf-kathleen-dineen#primaryimage\"},\"thumbnailUrl\":\"https:\\\/\\\/www.musikzeitung.ch\\\/wp-content\\\/uploads\\\/2024\\\/06\\\/240625newcomb.jpg\",\"keywords\":[\"Grace Newcomb\",\"Schola Cantorum Basel\"],\"articleSection\":[\"News\"],\"inLanguage\":\"en-US\"},{\"@type\":\"WebPage\",\"@id\":\"https:\\\/\\\/www.musikzeitung.ch\\\/news\\\/2024\\\/06\\\/grace-newcombe-folgt-in-basel-auf-kathleen-dineen\",\"url\":\"https:\\\/\\\/www.musikzeitung.ch\\\/news\\\/2024\\\/06\\\/grace-newcombe-folgt-in-basel-auf-kathleen-dineen\",\"name\":\"Grace Newcombe folgt in Basel auf Kathleen Dineen - Schweizer Musikzeitung\",\"isPartOf\":{\"@id\":\"https:\\\/\\\/www.musikzeitung.ch\\\/#website\"},\"primaryImageOfPage\":{\"@id\":\"https:\\\/\\\/www.musikzeitung.ch\\\/news\\\/2024\\\/06\\\/grace-newcombe-folgt-in-basel-auf-kathleen-dineen#primaryimage\"},\"image\":{\"@id\":\"https:\\\/\\\/www.musikzeitung.ch\\\/news\\\/2024\\\/06\\\/grace-newcombe-folgt-in-basel-auf-kathleen-dineen#primaryimage\"},\"thumbnailUrl\":\"https:\\\/\\\/www.musikzeitung.ch\\\/wp-content\\\/uploads\\\/2024\\\/06\\\/240625newcomb.jpg\",\"datePublished\":\"2024-06-25T04:46:43+00:00\",\"dateModified\":\"2024-06-25T09:10:18+00:00\",\"description\":\"Grace Newcombe wird ab dem Herbstsemester 2024\\\/25 an der Schola Cantorum Basiliensis neu Pflichtfach Gesang und Ensemblearbeit unterrichten.\",\"breadcrumb\":{\"@id\":\"https:\\\/\\\/www.musikzeitung.ch\\\/news\\\/2024\\\/06\\\/grace-newcombe-folgt-in-basel-auf-kathleen-dineen#breadcrumb\"},\"inLanguage\":\"en-US\",\"potentialAction\":[{\"@type\":\"ReadAction\",\"target\":[\"https:\\\/\\\/www.musikzeitung.ch\\\/news\\\/2024\\\/06\\\/grace-newcombe-folgt-in-basel-auf-kathleen-dineen\"]}]},{\"@type\":\"ImageObject\",\"inLanguage\":\"en-US\",\"@id\":\"https:\\\/\\\/www.musikzeitung.ch\\\/news\\\/2024\\\/06\\\/grace-newcombe-folgt-in-basel-auf-kathleen-dineen#primaryimage\",\"url\":\"https:\\\/\\\/www.musikzeitung.ch\\\/wp-content\\\/uploads\\\/2024\\\/06\\\/240625newcomb.jpg\",\"contentUrl\":\"https:\\\/\\\/www.musikzeitung.ch\\\/wp-content\\\/uploads\\\/2024\\\/06\\\/240625newcomb.jpg\",\"width\":1280,\"height\":840,\"caption\":\"Grace Newcombe (Foto: Laelia Milleri)\"},{\"@type\":\"BreadcrumbList\",\"@id\":\"https:\\\/\\\/www.musikzeitung.ch\\\/news\\\/2024\\\/06\\\/grace-newcombe-folgt-in-basel-auf-kathleen-dineen#breadcrumb\",\"itemListElement\":[{\"@type\":\"ListItem\",\"position\":1,\"name\":\"Home\",\"item\":\"https:\\\/\\\/www.musikzeitung.ch\\\/\"},{\"@type\":\"ListItem\",\"position\":2,\"name\":\"Grace Newcombe folgt in Basel auf Kathleen Dineen\"}]},{\"@type\":\"WebSite\",\"@id\":\"https:\\\/\\\/www.musikzeitung.ch\\\/#website\",\"url\":\"https:\\\/\\\/www.musikzeitung.ch\\\/\",\"name\":\"Schweizer Musikzeitung\",\"description\":\"Die f\u00fchrende sparten\u00fcbergreifende Monatszeitung in der Schweiz f\u00fcr musikalische Fragen.\",\"publisher\":{\"@id\":\"https:\\\/\\\/www.musikzeitung.ch\\\/#organization\"},\"potentialAction\":[{\"@type\":\"SearchAction\",\"target\":{\"@type\":\"EntryPoint\",\"urlTemplate\":\"https:\\\/\\\/www.musikzeitung.ch\\\/?s={search_term_string}\"},\"query-input\":{\"@type\":\"PropertyValueSpecification\",\"valueRequired\":true,\"valueName\":\"search_term_string\"}}],\"inLanguage\":\"en-US\"},{\"@type\":\"Organization\",\"@id\":\"https:\\\/\\\/www.musikzeitung.ch\\\/#organization\",\"name\":\"Schweizer Musikzeitung\",\"url\":\"https:\\\/\\\/www.musikzeitung.ch\\\/\",\"logo\":{\"@type\":\"ImageObject\",\"inLanguage\":\"en-US\",\"@id\":\"https:\\\/\\\/www.musikzeitung.ch\\\/#\\\/schema\\\/logo\\\/image\\\/\",\"url\":\"https:\\\/\\\/www.musikzeitung.ch\\\/wp-content\\\/uploads\\\/2023\\\/01\\\/SMZ_Schriftzug_Sprache.png\",\"contentUrl\":\"https:\\\/\\\/www.musikzeitung.ch\\\/wp-content\\\/uploads\\\/2023\\\/01\\\/SMZ_Schriftzug_Sprache.png\",\"width\":1400,\"height\":279,\"caption\":\"Schweizer Musikzeitung\"},\"image\":{\"@id\":\"https:\\\/\\\/www.musikzeitung.ch\\\/#\\\/schema\\\/logo\\\/image\\\/\"},\"sameAs\":[\"https:\\\/\\\/www.facebook.com\\\/SchweizerMusikzeitung\\\/\",\"https:\\\/\\\/x.com\\\/smusikzeitung\",\"https:\\\/\\\/www.instagram.com\\\/musikzeitung.ch\\\/\"]},{\"@type\":\"Person\",\"@id\":\"https:\\\/\\\/www.musikzeitung.ch\\\/#\\\/schema\\\/person\\\/0da4fb82d243f1252850a35d0e87cf0c\",\"name\":\"Wolfgang B\u00f6hler\",\"image\":{\"@type\":\"ImageObject\",\"inLanguage\":\"en-US\",\"@id\":\"https:\\\/\\\/www.musikzeitung.ch\\\/wp-content\\\/uploads\\\/2023\\\/01\\\/boehler_portraet_web-e1674139782246-96x96.jpg\",\"url\":\"https:\\\/\\\/www.musikzeitung.ch\\\/wp-content\\\/uploads\\\/2023\\\/01\\\/boehler_portraet_web-e1674139782246-96x96.jpg\",\"contentUrl\":\"https:\\\/\\\/www.musikzeitung.ch\\\/wp-content\\\/uploads\\\/2023\\\/01\\\/boehler_portraet_web-e1674139782246-96x96.jpg\",\"caption\":\"Wolfgang B\u00f6hler\"},\"sameAs\":[\"http:\\\/\\\/www.manacanto.ch\",\"https:\\\/\\\/www.facebook.com\\\/wolfgang.bohler.75\"],\"url\":\"https:\\\/\\\/www.musikzeitung.ch\\\/en\\\/author\\\/wolfgang-boehler\"}]}<\/script>\n<!-- \/ Yoast SEO plugin. -->","yoast_head_json":{"title":"Grace Newcombe folgt in Basel auf Kathleen Dineen - Schweizer Musikzeitung","description":"Grace Newcombe wird ab dem Herbstsemester 2024\/25 an der Schola Cantorum Basiliensis neu Pflichtfach Gesang und Ensemblearbeit unterrichten.","robots":{"index":"index","follow":"follow","max-snippet":"max-snippet:-1","max-image-preview":"max-image-preview:large","max-video-preview":"max-video-preview:-1"},"canonical":"https:\/\/www.musikzeitung.ch\/en\/news\/2024\/06\/grace-newcombe-folgt-in-basel-auf-kathleen-dineen\/","og_locale":"en_US","og_type":"article","og_title":"Grace Newcombe folgt in Basel auf Kathleen Dineen - Schweizer Musikzeitung","og_description":"Grace Newcombe wird ab dem Herbstsemester 2024\/25 an der Schola Cantorum Basiliensis neu Pflichtfach Gesang und Ensemblearbeit unterrichten.","og_url":"https:\/\/www.musikzeitung.ch\/en\/news\/2024\/06\/grace-newcombe-folgt-in-basel-auf-kathleen-dineen\/","og_site_name":"Schweizer Musikzeitung","article_publisher":"https:\/\/www.facebook.com\/SchweizerMusikzeitung\/","article_author":"https:\/\/www.facebook.com\/wolfgang.bohler.75","article_published_time":"2024-06-25T04:46:43+00:00","article_modified_time":"2024-06-25T09:10:18+00:00","og_image":[{"width":1280,"height":840,"url":"https:\/\/www.musikzeitung.ch\/wp-content\/uploads\/2024\/06\/240625newcomb.jpg","type":"image\/jpeg"}],"author":"Wolfgang B\u00f6hler","twitter_card":"summary_large_image","twitter_creator":"@smusikzeitung","twitter_site":"@smusikzeitung","twitter_misc":{"Written by":"Wolfgang B\u00f6hler","Est. reading time":"2 minutes"},"schema":{"@context":"https:\/\/schema.org","@graph":[{"@type":"Article","@id":"https:\/\/www.musikzeitung.ch\/news\/2024\/06\/grace-newcombe-folgt-in-basel-auf-kathleen-dineen#article","isPartOf":{"@id":"https:\/\/www.musikzeitung.ch\/news\/2024\/06\/grace-newcombe-folgt-in-basel-auf-kathleen-dineen"},"author":{"name":"Wolfgang B\u00f6hler","@id":"https:\/\/www.musikzeitung.ch\/#\/schema\/person\/0da4fb82d243f1252850a35d0e87cf0c"},"headline":"Grace Newcombe folgt in Basel auf Kathleen Dineen","datePublished":"2024-06-25T04:46:43+00:00","dateModified":"2024-06-25T09:10:18+00:00","mainEntityOfPage":{"@id":"https:\/\/www.musikzeitung.ch\/news\/2024\/06\/grace-newcombe-folgt-in-basel-auf-kathleen-dineen"},"wordCount":179,"publisher":{"@id":"https:\/\/www.musikzeitung.ch\/#organization"},"image":{"@id":"https:\/\/www.musikzeitung.ch\/news\/2024\/06\/grace-newcombe-folgt-in-basel-auf-kathleen-dineen#primaryimage"},"thumbnailUrl":"https:\/\/www.musikzeitung.ch\/wp-content\/uploads\/2024\/06\/240625newcomb.jpg","keywords":["Grace Newcomb","Schola Cantorum Basel"],"articleSection":["News"],"inLanguage":"en-US"},{"@type":"WebPage","@id":"https:\/\/www.musikzeitung.ch\/news\/2024\/06\/grace-newcombe-folgt-in-basel-auf-kathleen-dineen","url":"https:\/\/www.musikzeitung.ch\/news\/2024\/06\/grace-newcombe-folgt-in-basel-auf-kathleen-dineen","name":"Grace Newcombe folgt in Basel auf Kathleen Dineen - Schweizer Musikzeitung","isPartOf":{"@id":"https:\/\/www.musikzeitung.ch\/#website"},"primaryImageOfPage":{"@id":"https:\/\/www.musikzeitung.ch\/news\/2024\/06\/grace-newcombe-folgt-in-basel-auf-kathleen-dineen#primaryimage"},"image":{"@id":"https:\/\/www.musikzeitung.ch\/news\/2024\/06\/grace-newcombe-folgt-in-basel-auf-kathleen-dineen#primaryimage"},"thumbnailUrl":"https:\/\/www.musikzeitung.ch\/wp-content\/uploads\/2024\/06\/240625newcomb.jpg","datePublished":"2024-06-25T04:46:43+00:00","dateModified":"2024-06-25T09:10:18+00:00","description":"Grace Newcombe wird ab dem Herbstsemester 2024\/25 an der Schola Cantorum Basiliensis neu Pflichtfach Gesang und Ensemblearbeit unterrichten.","breadcrumb":{"@id":"https:\/\/www.musikzeitung.ch\/news\/2024\/06\/grace-newcombe-folgt-in-basel-auf-kathleen-dineen#breadcrumb"},"inLanguage":"en-US","potentialAction":[{"@type":"ReadAction","target":["https:\/\/www.musikzeitung.ch\/news\/2024\/06\/grace-newcombe-folgt-in-basel-auf-kathleen-dineen"]}]},{"@type":"ImageObject","inLanguage":"en-US","@id":"https:\/\/www.musikzeitung.ch\/news\/2024\/06\/grace-newcombe-folgt-in-basel-auf-kathleen-dineen#primaryimage","url":"https:\/\/www.musikzeitung.ch\/wp-content\/uploads\/2024\/06\/240625newcomb.jpg","contentUrl":"https:\/\/www.musikzeitung.ch\/wp-content\/uploads\/2024\/06\/240625newcomb.jpg","width":1280,"height":840,"caption":"Grace Newcombe (Foto: Laelia Milleri)"},{"@type":"BreadcrumbList","@id":"https:\/\/www.musikzeitung.ch\/news\/2024\/06\/grace-newcombe-folgt-in-basel-auf-kathleen-dineen#breadcrumb","itemListElement":[{"@type":"ListItem","position":1,"name":"Home","item":"https:\/\/www.musikzeitung.ch\/"},{"@type":"ListItem","position":2,"name":"Grace Newcombe folgt in Basel auf Kathleen Dineen"}]},{"@type":"WebSite","@id":"https:\/\/www.musikzeitung.ch\/#website","url":"https:\/\/www.musikzeitung.ch\/","name":"Swiss Music Newspaper","description":"The leading interdisciplinary monthly newspaper in Switzerland for musical issues.","publisher":{"@id":"https:\/\/www.musikzeitung.ch\/#organization"},"potentialAction":[{"@type":"SearchAction","target":{"@type":"EntryPoint","urlTemplate":"https:\/\/www.musikzeitung.ch\/?s={search_term_string}"},"query-input":{"@type":"PropertyValueSpecification","valueRequired":true,"valueName":"search_term_string"}}],"inLanguage":"en-US"},{"@type":"Organization","@id":"https:\/\/www.musikzeitung.ch\/#organization","name":"Swiss Music Newspaper","url":"https:\/\/www.musikzeitung.ch\/","logo":{"@type":"ImageObject","inLanguage":"en-US","@id":"https:\/\/www.musikzeitung.ch\/#\/schema\/logo\/image\/","url":"https:\/\/www.musikzeitung.ch\/wp-content\/uploads\/2023\/01\/SMZ_Schriftzug_Sprache.png","contentUrl":"https:\/\/www.musikzeitung.ch\/wp-content\/uploads\/2023\/01\/SMZ_Schriftzug_Sprache.png","width":1400,"height":279,"caption":"Schweizer Musikzeitung"},"image":{"@id":"https:\/\/www.musikzeitung.ch\/#\/schema\/logo\/image\/"},"sameAs":["https:\/\/www.facebook.com\/SchweizerMusikzeitung\/","https:\/\/x.com\/smusikzeitung","https:\/\/www.instagram.com\/musikzeitung.ch\/"]},{"@type":"Person","@id":"https:\/\/www.musikzeitung.ch\/#\/schema\/person\/0da4fb82d243f1252850a35d0e87cf0c","name":"Wolfgang B\u00f6hler","image":{"@type":"ImageObject","inLanguage":"en-US","@id":"https:\/\/www.musikzeitung.ch\/wp-content\/uploads\/2023\/01\/boehler_portraet_web-e1674139782246-96x96.jpg","url":"https:\/\/www.musikzeitung.ch\/wp-content\/uploads\/2023\/01\/boehler_portraet_web-e1674139782246-96x96.jpg","contentUrl":"https:\/\/www.musikzeitung.ch\/wp-content\/uploads\/2023\/01\/boehler_portraet_web-e1674139782246-96x96.jpg","caption":"Wolfgang B\u00f6hler"},"sameAs":["http:\/\/www.manacanto.ch","https:\/\/www.facebook.com\/wolfgang.bohler.75"],"url":"https:\/\/www.musikzeitung.ch\/en\/author\/wolfgang-boehler"}]}},"publishpress_future_workflow_manual_trigger":{"enabledWorkflows":[]},"_links":{"self":[{"href":"https:\/\/www.musikzeitung.ch\/en\/wp-json\/wp\/v2\/posts\/55472","targetHints":{"allow":["GET"]}}],"collection":[{"href":"https:\/\/www.musikzeitung.ch\/en\/wp-json\/wp\/v2\/posts"}],"about":[{"href":"https:\/\/www.musikzeitung.ch\/en\/wp-json\/wp\/v2\/types\/post"}],"author":[{"embeddable":true,"href":"https:\/\/www.musikzeitung.ch\/en\/wp-json\/wp\/v2\/users\/30"}],"replies":[{"embeddable":true,"href":"https:\/\/www.musikzeitung.ch\/en\/wp-json\/wp\/v2\/comments?post=55472"}],"version-history":[{"count":3,"href":"https:\/\/www.musikzeitung.ch\/en\/wp-json\/wp\/v2\/posts\/55472\/revisions"}],"predecessor-version":[{"id":55492,"href":"https:\/\/www.musikzeitung.ch\/en\/wp-json\/wp\/v2\/posts\/55472\/revisions\/55492"}],"wp:featuredmedia":[{"embeddable":true,"href":"https:\/\/www.musikzeitung.ch\/en\/wp-json\/wp\/v2\/media\/55473"}],"wp:attachment":[{"href":"https:\/\/www.musikzeitung.ch\/en\/wp-json\/wp\/v2\/media?parent=55472"}],"wp:term":[{"taxonomy":"category","embeddable":true,"href":"https:\/\/www.musikzeitung.ch\/en\/wp-json\/wp\/v2\/categories?post=55472"},{"taxonomy":"post_tag","embeddable":true,"href":"https:\/\/www.musikzeitung.ch\/en\/wp-json\/wp\/v2\/tags?post=55472"}],"curies":[{"name":"wp","href":"https:\/\/api.w.org\/{rel}","templated":true}]}}