{"id":55581,"date":"2024-06-27T11:35:45","date_gmt":"2024-06-27T09:35:45","guid":{"rendered":"https:\/\/www.musikzeitung.ch\/?p=55581"},"modified":"2024-06-28T14:13:31","modified_gmt":"2024-06-28T12:13:31","slug":"bach-cembalo","status":"publish","type":"post","link":"https:\/\/www.musikzeitung.ch\/en\/rezensionen\/noten-rezensionen\/2024\/06\/bach-cembalo","title":{"rendered":"Bach - in a new articulation?"},"content":{"rendered":"<figure id=\"attachment_55583\" aria-describedby=\"caption-attachment-55583\" style=\"width: 1008px\" class=\"wp-caption alignnone\"><img loading=\"lazy\" decoding=\"async\" class=\"wp-image-55583 size-full\" src=\"https:\/\/www.musikzeitung.ch\/wp-content\/uploads\/2024\/06\/Depositphotos_72275869_L.jpg\" alt=\"\" width=\"1008\" height=\"672\" srcset=\"https:\/\/www.musikzeitung.ch\/wp-content\/uploads\/2024\/06\/Depositphotos_72275869_L.jpg 1008w, https:\/\/www.musikzeitung.ch\/wp-content\/uploads\/2024\/06\/Depositphotos_72275869_L-300x200.jpg 300w, https:\/\/www.musikzeitung.ch\/wp-content\/uploads\/2024\/06\/Depositphotos_72275869_L-600x400.jpg 600w, https:\/\/www.musikzeitung.ch\/wp-content\/uploads\/2024\/06\/Depositphotos_72275869_L-768x512.jpg 768w, https:\/\/www.musikzeitung.ch\/wp-content\/uploads\/2024\/06\/Depositphotos_72275869_L-18x12.jpg 18w, https:\/\/www.musikzeitung.ch\/wp-content\/uploads\/2024\/06\/Depositphotos_72275869_L-263x175.jpg 263w, https:\/\/www.musikzeitung.ch\/wp-content\/uploads\/2024\/06\/Depositphotos_72275869_L-525x350.jpg 525w, https:\/\/www.musikzeitung.ch\/wp-content\/uploads\/2024\/06\/Depositphotos_72275869_L-920x613.jpg 920w\" sizes=\"auto, (max-width: 1008px) 100vw, 1008px\" \/><figcaption id=\"caption-attachment-55583\" class=\"wp-caption-text\">Photo: Nikolaev\/depositphotos.com<\/figcaption><\/figure>\n<p>Johann Sebastian Bach's harpsichord concertos are famous and can also be played well without accompanying strings. In addition, they are all arrangements of concertos that are also known with other solo instruments: the Concerto in D major is better known as the Violin Concerto in E major.<\/p>\n<p>The new edition of the study score and piano reduction is not based in its musical text and preface on Bach's autograph score, but on its facsimile, edited by Christoph Wolff (B\u00e4renreiter), who in turn relies, more or less explicitly, on earlier research by Werner Breig (B\u00e4renreiter), who had edited the concertos in the New Bach Edition (B\u00e4renreiter). Even the editors of the new Henle edition have to admit in the \"Remarks\" - in a rather hidden way - that they actually owe their knowledge to Breig.<\/p>\n<p>Their reading differs from earlier editions above all in that they pretend to be more precise than their predecessors with Bach's flippant notation of the slurs, but nevertheless have to admit that they do not know it that precisely either. In view of Bach's sketchy and inconsistent use of legato slurs, they cannot. Therefore, as an interpreter, one only needs to know that the unsystematically thrown slurs here only illustrate a grouping that is already inherent in the notation in beams of four, and that the differences between the intervals in Bach's time ultimately determined their articulation - loosely based on Leopold Mozart (1756, 4th main piece, \u00a7 29): The small intervals must usually be tied. The larger they are, the more they should be \"performed separately\". Fine differentiations are important, \"pleasant alternation.\"<img loading=\"lazy\" decoding=\"async\" class=\"aligncenter wp-image-55582 size-medium\" src=\"https:\/\/www.musikzeitung.ch\/wp-content\/uploads\/2024\/06\/07_crit_note_Sackmann_Bach-227x300.jpg\" alt=\"\" width=\"227\" height=\"300\" srcset=\"https:\/\/www.musikzeitung.ch\/wp-content\/uploads\/2024\/06\/07_crit_note_Sackmann_Bach-227x300.jpg 227w, https:\/\/www.musikzeitung.ch\/wp-content\/uploads\/2024\/06\/07_crit_note_Sackmann_Bach-9x12.jpg 9w, https:\/\/www.musikzeitung.ch\/wp-content\/uploads\/2024\/06\/07_crit_note_Sackmann_Bach-133x175.jpg 133w, https:\/\/www.musikzeitung.ch\/wp-content\/uploads\/2024\/06\/07_crit_note_Sackmann_Bach-265x350.jpg 265w, https:\/\/www.musikzeitung.ch\/wp-content\/uploads\/2024\/06\/07_crit_note_Sackmann_Bach-300x396.jpg 300w, https:\/\/www.musikzeitung.ch\/wp-content\/uploads\/2024\/06\/07_crit_note_Sackmann_Bach.jpg 585w\" sizes=\"auto, (max-width: 227px) 100vw, 227px\" \/><\/p>\n<p><em>Johann Sebastian Bach: Harpsichord Concerto No. 3 in D major BWV 1054, edited by Maren Minuth and Norbert M\u00fcllemann; piano reduction by Johannes Umbreit: HN 1382, \u20ac 17.50; study score: HN 7382, \u20ac 11.50; G. Henle, Munich<\/em><\/p>","protected":false},"excerpt":{"rendered":"<p>The new edition of Bach's Harpsichord Concerto in D major BWV 1054 cannot ultimately resolve the question of legato or non-legato. <\/p>","protected":false},"author":29,"featured_media":55583,"comment_status":"closed","ping_status":"closed","sticky":false,"template":"","format":"standard","meta":{"_acf_changed":false,"_relevanssi_hide_post":"","_relevanssi_hide_content":"","_relevanssi_pin_for_all":"","_relevanssi_pin_keywords":"","_relevanssi_unpin_keywords":"","_relevanssi_related_keywords":"","_relevanssi_related_include_ids":"","_relevanssi_related_exclude_ids":"","_relevanssi_related_no_append":"","_relevanssi_related_not_related":"","_relevanssi_related_posts":"","_relevanssi_noindex_reason":"","pgc_sgb_lightbox_settings":"","footnotes":""},"categories":[1316,29],"tags":[4162,2222,4167,3951,4163,4164,4165],"class_list":["post-55581","post","type-post","status-publish","format-standard","has-post-thumbnail","hentry","category-noten-rezensionen","category-rezensionen","tag-cembalokonzert","tag-johann-sebastian-bach","tag-legatobogen","tag-leopold-mozart","tag-maren-minuth","tag-norbert-muellemann","tag-werner-breig"],"acf":[],"yoast_head":"<!-- This site is optimized with the Yoast SEO plugin v27.4 - https:\/\/yoast.com\/product\/yoast-seo-wordpress\/ -->\n<title>Bach \u2013 in neuer Artikulation? - Schweizer Musikzeitung<\/title>\n<meta name=\"description\" content=\"Die Neuedition von Bachs Cembalokonzert D-Dur BWV 1054 kann die Frage legato oder non legato letztlich nicht l\u00f6sen.\" \/>\n<meta name=\"robots\" content=\"index, follow, max-snippet:-1, max-image-preview:large, max-video-preview:-1\" \/>\n<link rel=\"canonical\" href=\"https:\/\/www.musikzeitung.ch\/en\/rezensionen\/noten-rezensionen\/2024\/06\/bach-cembalo\/\" \/>\n<meta property=\"og:locale\" content=\"en_US\" \/>\n<meta property=\"og:type\" content=\"article\" \/>\n<meta property=\"og:title\" content=\"Bach \u2013 in neuer Artikulation? - Schweizer Musikzeitung\" \/>\n<meta property=\"og:description\" content=\"Die Neuedition von Bachs Cembalokonzert D-Dur BWV 1054 kann die Frage legato oder non legato letztlich nicht l\u00f6sen.\" \/>\n<meta property=\"og:url\" content=\"https:\/\/www.musikzeitung.ch\/en\/rezensionen\/noten-rezensionen\/2024\/06\/bach-cembalo\/\" \/>\n<meta property=\"og:site_name\" content=\"Schweizer Musikzeitung\" \/>\n<meta property=\"article:publisher\" content=\"https:\/\/www.facebook.com\/SchweizerMusikzeitung\/\" \/>\n<meta property=\"article:published_time\" content=\"2024-06-27T09:35:45+00:00\" \/>\n<meta property=\"article:modified_time\" content=\"2024-06-28T12:13:31+00:00\" \/>\n<meta property=\"og:image\" content=\"https:\/\/www.musikzeitung.ch\/wp-content\/uploads\/2024\/06\/Depositphotos_72275869_L.jpg\" \/>\n\t<meta property=\"og:image:width\" content=\"1008\" \/>\n\t<meta property=\"og:image:height\" content=\"672\" \/>\n\t<meta property=\"og:image:type\" content=\"image\/jpeg\" \/>\n<meta name=\"author\" content=\"pia.schwab\" \/>\n<meta name=\"twitter:card\" content=\"summary_large_image\" \/>\n<meta name=\"twitter:creator\" content=\"@smusikzeitung\" \/>\n<meta name=\"twitter:site\" content=\"@smusikzeitung\" \/>\n<meta name=\"twitter:label1\" content=\"Written by\" \/>\n\t<meta name=\"twitter:data1\" content=\"pia.schwab\" \/>\n\t<meta name=\"twitter:label2\" content=\"Est. reading time\" \/>\n\t<meta name=\"twitter:data2\" content=\"3 minutes\" \/>\n<script type=\"application\/ld+json\" class=\"yoast-schema-graph\">{\"@context\":\"https:\\\/\\\/schema.org\",\"@graph\":[{\"@type\":\"Article\",\"@id\":\"https:\\\/\\\/www.musikzeitung.ch\\\/rezensionen\\\/noten-rezensionen\\\/2024\\\/06\\\/bach-cembalo#article\",\"isPartOf\":{\"@id\":\"https:\\\/\\\/www.musikzeitung.ch\\\/rezensionen\\\/noten-rezensionen\\\/2024\\\/06\\\/bach-cembalo\"},\"author\":{\"name\":\"pia.schwab\",\"@id\":\"https:\\\/\\\/www.musikzeitung.ch\\\/#\\\/schema\\\/person\\\/ea3d7b86bd7157c78c7ddd37f2f82b5b\"},\"headline\":\"Bach \u2013 in neuer Artikulation?\",\"datePublished\":\"2024-06-27T09:35:45+00:00\",\"dateModified\":\"2024-06-28T12:13:31+00:00\",\"mainEntityOfPage\":{\"@id\":\"https:\\\/\\\/www.musikzeitung.ch\\\/rezensionen\\\/noten-rezensionen\\\/2024\\\/06\\\/bach-cembalo\"},\"wordCount\":293,\"publisher\":{\"@id\":\"https:\\\/\\\/www.musikzeitung.ch\\\/#organization\"},\"image\":{\"@id\":\"https:\\\/\\\/www.musikzeitung.ch\\\/rezensionen\\\/noten-rezensionen\\\/2024\\\/06\\\/bach-cembalo#primaryimage\"},\"thumbnailUrl\":\"https:\\\/\\\/www.musikzeitung.ch\\\/wp-content\\\/uploads\\\/2024\\\/06\\\/Depositphotos_72275869_L.jpg\",\"keywords\":[\"Cembalokonzert\",\"Johann Sebastian Bach\",\"Legatobogen\",\"Leopold Mozart\",\"Maren Minuth\",\"Norbert M\u00fcllemann\",\"Werner Breig\"],\"articleSection\":[\"Noten\",\"Rezensionen\"],\"inLanguage\":\"en-US\"},{\"@type\":\"WebPage\",\"@id\":\"https:\\\/\\\/www.musikzeitung.ch\\\/rezensionen\\\/noten-rezensionen\\\/2024\\\/06\\\/bach-cembalo\",\"url\":\"https:\\\/\\\/www.musikzeitung.ch\\\/rezensionen\\\/noten-rezensionen\\\/2024\\\/06\\\/bach-cembalo\",\"name\":\"Bach \u2013 in neuer Artikulation? - Schweizer Musikzeitung\",\"isPartOf\":{\"@id\":\"https:\\\/\\\/www.musikzeitung.ch\\\/#website\"},\"primaryImageOfPage\":{\"@id\":\"https:\\\/\\\/www.musikzeitung.ch\\\/rezensionen\\\/noten-rezensionen\\\/2024\\\/06\\\/bach-cembalo#primaryimage\"},\"image\":{\"@id\":\"https:\\\/\\\/www.musikzeitung.ch\\\/rezensionen\\\/noten-rezensionen\\\/2024\\\/06\\\/bach-cembalo#primaryimage\"},\"thumbnailUrl\":\"https:\\\/\\\/www.musikzeitung.ch\\\/wp-content\\\/uploads\\\/2024\\\/06\\\/Depositphotos_72275869_L.jpg\",\"datePublished\":\"2024-06-27T09:35:45+00:00\",\"dateModified\":\"2024-06-28T12:13:31+00:00\",\"description\":\"Die Neuedition von Bachs Cembalokonzert D-Dur BWV 1054 kann die Frage legato oder non legato letztlich nicht l\u00f6sen.\",\"breadcrumb\":{\"@id\":\"https:\\\/\\\/www.musikzeitung.ch\\\/rezensionen\\\/noten-rezensionen\\\/2024\\\/06\\\/bach-cembalo#breadcrumb\"},\"inLanguage\":\"en-US\",\"potentialAction\":[{\"@type\":\"ReadAction\",\"target\":[\"https:\\\/\\\/www.musikzeitung.ch\\\/rezensionen\\\/noten-rezensionen\\\/2024\\\/06\\\/bach-cembalo\"]}]},{\"@type\":\"ImageObject\",\"inLanguage\":\"en-US\",\"@id\":\"https:\\\/\\\/www.musikzeitung.ch\\\/rezensionen\\\/noten-rezensionen\\\/2024\\\/06\\\/bach-cembalo#primaryimage\",\"url\":\"https:\\\/\\\/www.musikzeitung.ch\\\/wp-content\\\/uploads\\\/2024\\\/06\\\/Depositphotos_72275869_L.jpg\",\"contentUrl\":\"https:\\\/\\\/www.musikzeitung.ch\\\/wp-content\\\/uploads\\\/2024\\\/06\\\/Depositphotos_72275869_L.jpg\",\"width\":1008,\"height\":672,\"caption\":\"Detail of old harpsichord keyboard with black keys, close-up view\"},{\"@type\":\"BreadcrumbList\",\"@id\":\"https:\\\/\\\/www.musikzeitung.ch\\\/rezensionen\\\/noten-rezensionen\\\/2024\\\/06\\\/bach-cembalo#breadcrumb\",\"itemListElement\":[{\"@type\":\"ListItem\",\"position\":1,\"name\":\"Home\",\"item\":\"https:\\\/\\\/www.musikzeitung.ch\\\/\"},{\"@type\":\"ListItem\",\"position\":2,\"name\":\"Bach \u2013 in neuer Artikulation?\"}]},{\"@type\":\"WebSite\",\"@id\":\"https:\\\/\\\/www.musikzeitung.ch\\\/#website\",\"url\":\"https:\\\/\\\/www.musikzeitung.ch\\\/\",\"name\":\"Schweizer Musikzeitung\",\"description\":\"Die f\u00fchrende sparten\u00fcbergreifende Monatszeitung in der Schweiz f\u00fcr musikalische Fragen.\",\"publisher\":{\"@id\":\"https:\\\/\\\/www.musikzeitung.ch\\\/#organization\"},\"potentialAction\":[{\"@type\":\"SearchAction\",\"target\":{\"@type\":\"EntryPoint\",\"urlTemplate\":\"https:\\\/\\\/www.musikzeitung.ch\\\/?s={search_term_string}\"},\"query-input\":{\"@type\":\"PropertyValueSpecification\",\"valueRequired\":true,\"valueName\":\"search_term_string\"}}],\"inLanguage\":\"en-US\"},{\"@type\":\"Organization\",\"@id\":\"https:\\\/\\\/www.musikzeitung.ch\\\/#organization\",\"name\":\"Schweizer Musikzeitung\",\"url\":\"https:\\\/\\\/www.musikzeitung.ch\\\/\",\"logo\":{\"@type\":\"ImageObject\",\"inLanguage\":\"en-US\",\"@id\":\"https:\\\/\\\/www.musikzeitung.ch\\\/#\\\/schema\\\/logo\\\/image\\\/\",\"url\":\"https:\\\/\\\/www.musikzeitung.ch\\\/wp-content\\\/uploads\\\/2023\\\/01\\\/SMZ_Schriftzug_Sprache.png\",\"contentUrl\":\"https:\\\/\\\/www.musikzeitung.ch\\\/wp-content\\\/uploads\\\/2023\\\/01\\\/SMZ_Schriftzug_Sprache.png\",\"width\":1400,\"height\":279,\"caption\":\"Schweizer Musikzeitung\"},\"image\":{\"@id\":\"https:\\\/\\\/www.musikzeitung.ch\\\/#\\\/schema\\\/logo\\\/image\\\/\"},\"sameAs\":[\"https:\\\/\\\/www.facebook.com\\\/SchweizerMusikzeitung\\\/\",\"https:\\\/\\\/x.com\\\/smusikzeitung\",\"https:\\\/\\\/www.instagram.com\\\/musikzeitung.ch\\\/\"]},{\"@type\":\"Person\",\"@id\":\"https:\\\/\\\/www.musikzeitung.ch\\\/#\\\/schema\\\/person\\\/ea3d7b86bd7157c78c7ddd37f2f82b5b\",\"name\":\"pia.schwab\",\"image\":{\"@type\":\"ImageObject\",\"inLanguage\":\"en-US\",\"@id\":\"https:\\\/\\\/secure.gravatar.com\\\/avatar\\\/d39d170de4c2d07e897fbc26cf9d890fc046285c742207b86d8ebabe5fcde2c4?s=96&d=mm&r=g\",\"url\":\"https:\\\/\\\/secure.gravatar.com\\\/avatar\\\/d39d170de4c2d07e897fbc26cf9d890fc046285c742207b86d8ebabe5fcde2c4?s=96&d=mm&r=g\",\"contentUrl\":\"https:\\\/\\\/secure.gravatar.com\\\/avatar\\\/d39d170de4c2d07e897fbc26cf9d890fc046285c742207b86d8ebabe5fcde2c4?s=96&d=mm&r=g\",\"caption\":\"pia.schwab\"},\"url\":\"https:\\\/\\\/www.musikzeitung.ch\\\/en\\\/author\\\/pia-schwab\"}]}<\/script>\n<!-- \/ Yoast SEO plugin. -->","yoast_head_json":{"title":"Bach \u2013 in neuer Artikulation? - Schweizer Musikzeitung","description":"The new edition of Bach's Harpsichord Concerto in D major BWV 1054 cannot ultimately resolve the question of legato or non-legato.","robots":{"index":"index","follow":"follow","max-snippet":"max-snippet:-1","max-image-preview":"max-image-preview:large","max-video-preview":"max-video-preview:-1"},"canonical":"https:\/\/www.musikzeitung.ch\/en\/rezensionen\/noten-rezensionen\/2024\/06\/bach-cembalo\/","og_locale":"en_US","og_type":"article","og_title":"Bach \u2013 in neuer Artikulation? - Schweizer Musikzeitung","og_description":"Die Neuedition von Bachs Cembalokonzert D-Dur BWV 1054 kann die Frage legato oder non legato letztlich nicht l\u00f6sen.","og_url":"https:\/\/www.musikzeitung.ch\/en\/rezensionen\/noten-rezensionen\/2024\/06\/bach-cembalo\/","og_site_name":"Schweizer Musikzeitung","article_publisher":"https:\/\/www.facebook.com\/SchweizerMusikzeitung\/","article_published_time":"2024-06-27T09:35:45+00:00","article_modified_time":"2024-06-28T12:13:31+00:00","og_image":[{"width":1008,"height":672,"url":"https:\/\/www.musikzeitung.ch\/wp-content\/uploads\/2024\/06\/Depositphotos_72275869_L.jpg","type":"image\/jpeg"}],"author":"pia.schwab","twitter_card":"summary_large_image","twitter_creator":"@smusikzeitung","twitter_site":"@smusikzeitung","twitter_misc":{"Written by":"pia.schwab","Est. reading time":"3 minutes"},"schema":{"@context":"https:\/\/schema.org","@graph":[{"@type":"Article","@id":"https:\/\/www.musikzeitung.ch\/rezensionen\/noten-rezensionen\/2024\/06\/bach-cembalo#article","isPartOf":{"@id":"https:\/\/www.musikzeitung.ch\/rezensionen\/noten-rezensionen\/2024\/06\/bach-cembalo"},"author":{"name":"pia.schwab","@id":"https:\/\/www.musikzeitung.ch\/#\/schema\/person\/ea3d7b86bd7157c78c7ddd37f2f82b5b"},"headline":"Bach \u2013 in neuer Artikulation?","datePublished":"2024-06-27T09:35:45+00:00","dateModified":"2024-06-28T12:13:31+00:00","mainEntityOfPage":{"@id":"https:\/\/www.musikzeitung.ch\/rezensionen\/noten-rezensionen\/2024\/06\/bach-cembalo"},"wordCount":293,"publisher":{"@id":"https:\/\/www.musikzeitung.ch\/#organization"},"image":{"@id":"https:\/\/www.musikzeitung.ch\/rezensionen\/noten-rezensionen\/2024\/06\/bach-cembalo#primaryimage"},"thumbnailUrl":"https:\/\/www.musikzeitung.ch\/wp-content\/uploads\/2024\/06\/Depositphotos_72275869_L.jpg","keywords":["Cembalokonzert","Johann Sebastian Bach","Legatobogen","Leopold Mozart","Maren Minuth","Norbert M\u00fcllemann","Werner Breig"],"articleSection":["Noten","Rezensionen"],"inLanguage":"en-US"},{"@type":"WebPage","@id":"https:\/\/www.musikzeitung.ch\/rezensionen\/noten-rezensionen\/2024\/06\/bach-cembalo","url":"https:\/\/www.musikzeitung.ch\/rezensionen\/noten-rezensionen\/2024\/06\/bach-cembalo","name":"Bach \u2013 in neuer Artikulation? - Schweizer Musikzeitung","isPartOf":{"@id":"https:\/\/www.musikzeitung.ch\/#website"},"primaryImageOfPage":{"@id":"https:\/\/www.musikzeitung.ch\/rezensionen\/noten-rezensionen\/2024\/06\/bach-cembalo#primaryimage"},"image":{"@id":"https:\/\/www.musikzeitung.ch\/rezensionen\/noten-rezensionen\/2024\/06\/bach-cembalo#primaryimage"},"thumbnailUrl":"https:\/\/www.musikzeitung.ch\/wp-content\/uploads\/2024\/06\/Depositphotos_72275869_L.jpg","datePublished":"2024-06-27T09:35:45+00:00","dateModified":"2024-06-28T12:13:31+00:00","description":"The new edition of Bach's Harpsichord Concerto in D major BWV 1054 cannot ultimately resolve the question of legato or non-legato.","breadcrumb":{"@id":"https:\/\/www.musikzeitung.ch\/rezensionen\/noten-rezensionen\/2024\/06\/bach-cembalo#breadcrumb"},"inLanguage":"en-US","potentialAction":[{"@type":"ReadAction","target":["https:\/\/www.musikzeitung.ch\/rezensionen\/noten-rezensionen\/2024\/06\/bach-cembalo"]}]},{"@type":"ImageObject","inLanguage":"en-US","@id":"https:\/\/www.musikzeitung.ch\/rezensionen\/noten-rezensionen\/2024\/06\/bach-cembalo#primaryimage","url":"https:\/\/www.musikzeitung.ch\/wp-content\/uploads\/2024\/06\/Depositphotos_72275869_L.jpg","contentUrl":"https:\/\/www.musikzeitung.ch\/wp-content\/uploads\/2024\/06\/Depositphotos_72275869_L.jpg","width":1008,"height":672,"caption":"Detail of old harpsichord keyboard with black keys, close-up view"},{"@type":"BreadcrumbList","@id":"https:\/\/www.musikzeitung.ch\/rezensionen\/noten-rezensionen\/2024\/06\/bach-cembalo#breadcrumb","itemListElement":[{"@type":"ListItem","position":1,"name":"Home","item":"https:\/\/www.musikzeitung.ch\/"},{"@type":"ListItem","position":2,"name":"Bach \u2013 in neuer Artikulation?"}]},{"@type":"WebSite","@id":"https:\/\/www.musikzeitung.ch\/#website","url":"https:\/\/www.musikzeitung.ch\/","name":"Swiss Music Newspaper","description":"The leading interdisciplinary monthly newspaper in Switzerland for musical issues.","publisher":{"@id":"https:\/\/www.musikzeitung.ch\/#organization"},"potentialAction":[{"@type":"SearchAction","target":{"@type":"EntryPoint","urlTemplate":"https:\/\/www.musikzeitung.ch\/?s={search_term_string}"},"query-input":{"@type":"PropertyValueSpecification","valueRequired":true,"valueName":"search_term_string"}}],"inLanguage":"en-US"},{"@type":"Organization","@id":"https:\/\/www.musikzeitung.ch\/#organization","name":"Swiss Music Newspaper","url":"https:\/\/www.musikzeitung.ch\/","logo":{"@type":"ImageObject","inLanguage":"en-US","@id":"https:\/\/www.musikzeitung.ch\/#\/schema\/logo\/image\/","url":"https:\/\/www.musikzeitung.ch\/wp-content\/uploads\/2023\/01\/SMZ_Schriftzug_Sprache.png","contentUrl":"https:\/\/www.musikzeitung.ch\/wp-content\/uploads\/2023\/01\/SMZ_Schriftzug_Sprache.png","width":1400,"height":279,"caption":"Schweizer Musikzeitung"},"image":{"@id":"https:\/\/www.musikzeitung.ch\/#\/schema\/logo\/image\/"},"sameAs":["https:\/\/www.facebook.com\/SchweizerMusikzeitung\/","https:\/\/x.com\/smusikzeitung","https:\/\/www.instagram.com\/musikzeitung.ch\/"]},{"@type":"Person","@id":"https:\/\/www.musikzeitung.ch\/#\/schema\/person\/ea3d7b86bd7157c78c7ddd37f2f82b5b","name":"pia.schwab","image":{"@type":"ImageObject","inLanguage":"en-US","@id":"https:\/\/secure.gravatar.com\/avatar\/d39d170de4c2d07e897fbc26cf9d890fc046285c742207b86d8ebabe5fcde2c4?s=96&d=mm&r=g","url":"https:\/\/secure.gravatar.com\/avatar\/d39d170de4c2d07e897fbc26cf9d890fc046285c742207b86d8ebabe5fcde2c4?s=96&d=mm&r=g","contentUrl":"https:\/\/secure.gravatar.com\/avatar\/d39d170de4c2d07e897fbc26cf9d890fc046285c742207b86d8ebabe5fcde2c4?s=96&d=mm&r=g","caption":"pia.schwab"},"url":"https:\/\/www.musikzeitung.ch\/en\/author\/pia-schwab"}]}},"publishpress_future_workflow_manual_trigger":{"enabledWorkflows":[]},"_links":{"self":[{"href":"https:\/\/www.musikzeitung.ch\/en\/wp-json\/wp\/v2\/posts\/55581","targetHints":{"allow":["GET"]}}],"collection":[{"href":"https:\/\/www.musikzeitung.ch\/en\/wp-json\/wp\/v2\/posts"}],"about":[{"href":"https:\/\/www.musikzeitung.ch\/en\/wp-json\/wp\/v2\/types\/post"}],"author":[{"embeddable":true,"href":"https:\/\/www.musikzeitung.ch\/en\/wp-json\/wp\/v2\/users\/29"}],"replies":[{"embeddable":true,"href":"https:\/\/www.musikzeitung.ch\/en\/wp-json\/wp\/v2\/comments?post=55581"}],"version-history":[{"count":5,"href":"https:\/\/www.musikzeitung.ch\/en\/wp-json\/wp\/v2\/posts\/55581\/revisions"}],"predecessor-version":[{"id":59890,"href":"https:\/\/www.musikzeitung.ch\/en\/wp-json\/wp\/v2\/posts\/55581\/revisions\/59890"}],"wp:featuredmedia":[{"embeddable":true,"href":"https:\/\/www.musikzeitung.ch\/en\/wp-json\/wp\/v2\/media\/55583"}],"wp:attachment":[{"href":"https:\/\/www.musikzeitung.ch\/en\/wp-json\/wp\/v2\/media?parent=55581"}],"wp:term":[{"taxonomy":"category","embeddable":true,"href":"https:\/\/www.musikzeitung.ch\/en\/wp-json\/wp\/v2\/categories?post=55581"},{"taxonomy":"post_tag","embeddable":true,"href":"https:\/\/www.musikzeitung.ch\/en\/wp-json\/wp\/v2\/tags?post=55581"}],"curies":[{"name":"wp","href":"https:\/\/api.w.org\/{rel}","templated":true}]}}