{"id":56082,"date":"2024-07-16T13:41:25","date_gmt":"2024-07-16T11:41:25","guid":{"rendered":"https:\/\/www.musikzeitung.ch\/?p=56082"},"modified":"2024-07-16T15:11:29","modified_gmt":"2024-07-16T13:11:29","slug":"auf-dem-weg-zur-normalitaet-nach-der-coronakrise","status":"publish","type":"post","link":"https:\/\/www.musikzeitung.ch\/en\/news\/2024\/07\/auf-dem-weg-zur-normalitaet-nach-der-coronakrise","title":{"rendered":"On the road to normality after the coronavirus crisis"},"content":{"rendered":"<figure id=\"attachment_56086\" aria-describedby=\"caption-attachment-56086\" style=\"width: 768px\" class=\"wp-caption alignnone\"><img loading=\"lazy\" decoding=\"async\" class=\"size-large wp-image-56086\" src=\"https:\/\/www.musikzeitung.ch\/wp-content\/uploads\/2024\/07\/240716webber-1024x766.jpg\" alt=\"\" width=\"768\" height=\"575\" srcset=\"https:\/\/www.musikzeitung.ch\/wp-content\/uploads\/2024\/07\/240716webber-1024x766.jpg 1024w, https:\/\/www.musikzeitung.ch\/wp-content\/uploads\/2024\/07\/240716webber-300x224.jpg 300w, https:\/\/www.musikzeitung.ch\/wp-content\/uploads\/2024\/07\/240716webber-768x574.jpg 768w, https:\/\/www.musikzeitung.ch\/wp-content\/uploads\/2024\/07\/240716webber-16x12.jpg 16w, https:\/\/www.musikzeitung.ch\/wp-content\/uploads\/2024\/07\/240716webber-234x175.jpg 234w, https:\/\/www.musikzeitung.ch\/wp-content\/uploads\/2024\/07\/240716webber-468x350.jpg 468w, https:\/\/www.musikzeitung.ch\/wp-content\/uploads\/2024\/07\/240716webber-920x688.jpg 920w, https:\/\/www.musikzeitung.ch\/wp-content\/uploads\/2024\/07\/240716webber.jpg 1047w\" sizes=\"auto, (max-width: 768px) 100vw, 768px\" \/><figcaption id=\"caption-attachment-56086\" class=\"wp-caption-text\">Webbers <em>Starlight Express<\/em> is the big hit of the season (Image: Theaterbilder123\/CC, Bochum 2018)<\/figcaption><\/figure>\n<p>Performance and audience figures are rising again. The number of all productions in the season rose to 6773 in Germany (7716 in the entire German-speaking theater, including Austria and Switzerland). According to the <em>New Music Newspaper<\/em>\u00a0but also that new topics are being discussed on stage, primarily the war in Ukraine.<\/p>\n<p>While musical theater lost a quarter of its audience from 2018\/19 to 2022\/23, drama and children's and youth theater each lost around ten percent, writes the <em>New Music Newspaper<\/em> further. These figures are taken from the Werkstatistik, for which 437 theaters from Germany, Austria and Switzerland provided their data for the 2022\/23 season.<\/p>\n<p>The <em>Magic flute<\/em> is the most frequently staged opera (23 productions) before <em>Hansel and Gretel<\/em> (20 productions) and <em>The Marriage of Figaro<\/em> (18 productions). Contemporary opera does not appear in the hit lists. Across all genres, the three works with the largest audiences are others: The Bochum musical <em>Starlight Express<\/em> (with 440,497), the Bad Segeberger open-air spectacle <em>Winnetou I<\/em> (with 430,321) and <em>ARISE Grand Show<\/em> from the Friedrichstadt Palast in Berlin (with 422,419).<\/p>\n<p><strong>Original article:<\/strong><br \/>\n<a href=\"https:\/\/www.nmz.de\/politik-betrieb\/musikleben\/neue-werkstatistik-202223-postpandemische-erholung\" target=\"_blank\" rel=\"noopener\">https:\/\/www.nmz.de\/politik-betrieb\/musikleben\/neue-werkstatistik-202223-postpandemische-erholung<\/a><\/p>","protected":false},"excerpt":{"rendered":"<p>The latest \"Who performed what?\" statistics from the German Stage Association show a clear recovery from the coronavirus crisis.<\/p>","protected":false},"author":30,"featured_media":56086,"comment_status":"closed","ping_status":"closed","sticky":false,"template":"","format":"standard","meta":{"_acf_changed":false,"_relevanssi_hide_post":"","_relevanssi_hide_content":"","_relevanssi_pin_for_all":"","_relevanssi_pin_keywords":"","_relevanssi_unpin_keywords":"","_relevanssi_related_keywords":"","_relevanssi_related_include_ids":"","_relevanssi_related_exclude_ids":"","_relevanssi_related_no_append":"","_relevanssi_related_not_related":"","_relevanssi_related_posts":"","_relevanssi_noindex_reason":"","pgc_sgb_lightbox_settings":"","footnotes":""},"categories":[27],"tags":[4199],"class_list":["post-56082","post","type-post","status-publish","format-standard","has-post-thumbnail","hentry","category-news","tag-werkstatistik-wer-spielte-was"],"acf":[],"yoast_head":"<!-- This site is optimized with the Yoast SEO plugin v27.4 - https:\/\/yoast.com\/product\/yoast-seo-wordpress\/ -->\n<title>Auf dem Weg zur Normalit\u00e4t nach der Coronakrise - Schweizer Musikzeitung<\/title>\n<meta name=\"description\" content=\"Die neuste Werkstatistik \u00abWer spielte was?\u00bb des Deutschen B\u00fchnenvereins zeigt eine deutliche Erholung von der Corona-Krise.\" \/>\n<meta name=\"robots\" content=\"index, follow, max-snippet:-1, max-image-preview:large, max-video-preview:-1\" \/>\n<link rel=\"canonical\" href=\"https:\/\/www.musikzeitung.ch\/en\/news\/2024\/07\/auf-dem-weg-zur-normalitaet-nach-der-coronakrise\/\" \/>\n<meta property=\"og:locale\" content=\"en_US\" \/>\n<meta property=\"og:type\" content=\"article\" \/>\n<meta property=\"og:title\" content=\"Auf dem Weg zur Normalit\u00e4t nach der Coronakrise - Schweizer Musikzeitung\" \/>\n<meta property=\"og:description\" content=\"Die neuste Werkstatistik \u00abWer spielte was?\u00bb des Deutschen B\u00fchnenvereins zeigt eine deutliche Erholung von der Corona-Krise.\" \/>\n<meta property=\"og:url\" content=\"https:\/\/www.musikzeitung.ch\/en\/news\/2024\/07\/auf-dem-weg-zur-normalitaet-nach-der-coronakrise\/\" \/>\n<meta property=\"og:site_name\" content=\"Schweizer Musikzeitung\" \/>\n<meta property=\"article:publisher\" content=\"https:\/\/www.facebook.com\/SchweizerMusikzeitung\/\" \/>\n<meta property=\"article:author\" content=\"https:\/\/www.facebook.com\/wolfgang.bohler.75\" \/>\n<meta property=\"article:published_time\" content=\"2024-07-16T11:41:25+00:00\" \/>\n<meta property=\"article:modified_time\" content=\"2024-07-16T13:11:29+00:00\" \/>\n<meta property=\"og:image\" content=\"https:\/\/www.musikzeitung.ch\/wp-content\/uploads\/2024\/07\/240716webber.jpg\" \/>\n\t<meta property=\"og:image:width\" content=\"1047\" \/>\n\t<meta property=\"og:image:height\" content=\"783\" \/>\n\t<meta property=\"og:image:type\" content=\"image\/jpeg\" \/>\n<meta name=\"author\" content=\"Wolfgang B\u00f6hler\" \/>\n<meta name=\"twitter:card\" content=\"summary_large_image\" \/>\n<meta name=\"twitter:creator\" content=\"@smusikzeitung\" \/>\n<meta name=\"twitter:site\" content=\"@smusikzeitung\" \/>\n<meta name=\"twitter:label1\" content=\"Written by\" \/>\n\t<meta name=\"twitter:data1\" content=\"Wolfgang B\u00f6hler\" \/>\n\t<meta name=\"twitter:label2\" content=\"Est. reading time\" \/>\n\t<meta name=\"twitter:data2\" content=\"2 minutes\" \/>\n<script type=\"application\/ld+json\" class=\"yoast-schema-graph\">{\"@context\":\"https:\\\/\\\/schema.org\",\"@graph\":[{\"@type\":\"Article\",\"@id\":\"https:\\\/\\\/www.musikzeitung.ch\\\/news\\\/2024\\\/07\\\/auf-dem-weg-zur-normalitaet-nach-der-coronakrise#article\",\"isPartOf\":{\"@id\":\"https:\\\/\\\/www.musikzeitung.ch\\\/news\\\/2024\\\/07\\\/auf-dem-weg-zur-normalitaet-nach-der-coronakrise\"},\"author\":{\"name\":\"Wolfgang B\u00f6hler\",\"@id\":\"https:\\\/\\\/www.musikzeitung.ch\\\/#\\\/schema\\\/person\\\/0da4fb82d243f1252850a35d0e87cf0c\"},\"headline\":\"Auf dem Weg zur Normalit\u00e4t nach der Coronakrise\",\"datePublished\":\"2024-07-16T11:41:25+00:00\",\"dateModified\":\"2024-07-16T13:11:29+00:00\",\"mainEntityOfPage\":{\"@id\":\"https:\\\/\\\/www.musikzeitung.ch\\\/news\\\/2024\\\/07\\\/auf-dem-weg-zur-normalitaet-nach-der-coronakrise\"},\"wordCount\":206,\"publisher\":{\"@id\":\"https:\\\/\\\/www.musikzeitung.ch\\\/#organization\"},\"image\":{\"@id\":\"https:\\\/\\\/www.musikzeitung.ch\\\/news\\\/2024\\\/07\\\/auf-dem-weg-zur-normalitaet-nach-der-coronakrise#primaryimage\"},\"thumbnailUrl\":\"https:\\\/\\\/www.musikzeitung.ch\\\/wp-content\\\/uploads\\\/2024\\\/07\\\/240716webber.jpg\",\"keywords\":[\"Werkstatistik \u00abWer spielte was?\u00bb\"],\"articleSection\":[\"News\"],\"inLanguage\":\"en-US\"},{\"@type\":\"WebPage\",\"@id\":\"https:\\\/\\\/www.musikzeitung.ch\\\/news\\\/2024\\\/07\\\/auf-dem-weg-zur-normalitaet-nach-der-coronakrise\",\"url\":\"https:\\\/\\\/www.musikzeitung.ch\\\/news\\\/2024\\\/07\\\/auf-dem-weg-zur-normalitaet-nach-der-coronakrise\",\"name\":\"Auf dem Weg zur Normalit\u00e4t nach der Coronakrise - Schweizer Musikzeitung\",\"isPartOf\":{\"@id\":\"https:\\\/\\\/www.musikzeitung.ch\\\/#website\"},\"primaryImageOfPage\":{\"@id\":\"https:\\\/\\\/www.musikzeitung.ch\\\/news\\\/2024\\\/07\\\/auf-dem-weg-zur-normalitaet-nach-der-coronakrise#primaryimage\"},\"image\":{\"@id\":\"https:\\\/\\\/www.musikzeitung.ch\\\/news\\\/2024\\\/07\\\/auf-dem-weg-zur-normalitaet-nach-der-coronakrise#primaryimage\"},\"thumbnailUrl\":\"https:\\\/\\\/www.musikzeitung.ch\\\/wp-content\\\/uploads\\\/2024\\\/07\\\/240716webber.jpg\",\"datePublished\":\"2024-07-16T11:41:25+00:00\",\"dateModified\":\"2024-07-16T13:11:29+00:00\",\"description\":\"Die neuste Werkstatistik \u00abWer spielte was?\u00bb des Deutschen B\u00fchnenvereins zeigt eine deutliche Erholung von der Corona-Krise.\",\"breadcrumb\":{\"@id\":\"https:\\\/\\\/www.musikzeitung.ch\\\/news\\\/2024\\\/07\\\/auf-dem-weg-zur-normalitaet-nach-der-coronakrise#breadcrumb\"},\"inLanguage\":\"en-US\",\"potentialAction\":[{\"@type\":\"ReadAction\",\"target\":[\"https:\\\/\\\/www.musikzeitung.ch\\\/news\\\/2024\\\/07\\\/auf-dem-weg-zur-normalitaet-nach-der-coronakrise\"]}]},{\"@type\":\"ImageObject\",\"inLanguage\":\"en-US\",\"@id\":\"https:\\\/\\\/www.musikzeitung.ch\\\/news\\\/2024\\\/07\\\/auf-dem-weg-zur-normalitaet-nach-der-coronakrise#primaryimage\",\"url\":\"https:\\\/\\\/www.musikzeitung.ch\\\/wp-content\\\/uploads\\\/2024\\\/07\\\/240716webber.jpg\",\"contentUrl\":\"https:\\\/\\\/www.musikzeitung.ch\\\/wp-content\\\/uploads\\\/2024\\\/07\\\/240716webber.jpg\",\"width\":1047,\"height\":783,\"caption\":\"Webbers Starlight Express ist der Abr\u00e4umer der Saison (Bild: Theaterbilder123\\\/CC, Bochum 2018)\"},{\"@type\":\"BreadcrumbList\",\"@id\":\"https:\\\/\\\/www.musikzeitung.ch\\\/news\\\/2024\\\/07\\\/auf-dem-weg-zur-normalitaet-nach-der-coronakrise#breadcrumb\",\"itemListElement\":[{\"@type\":\"ListItem\",\"position\":1,\"name\":\"Home\",\"item\":\"https:\\\/\\\/www.musikzeitung.ch\\\/\"},{\"@type\":\"ListItem\",\"position\":2,\"name\":\"Auf dem Weg zur Normalit\u00e4t nach der Coronakrise\"}]},{\"@type\":\"WebSite\",\"@id\":\"https:\\\/\\\/www.musikzeitung.ch\\\/#website\",\"url\":\"https:\\\/\\\/www.musikzeitung.ch\\\/\",\"name\":\"Schweizer Musikzeitung\",\"description\":\"Die f\u00fchrende sparten\u00fcbergreifende Monatszeitung in der Schweiz f\u00fcr musikalische Fragen.\",\"publisher\":{\"@id\":\"https:\\\/\\\/www.musikzeitung.ch\\\/#organization\"},\"potentialAction\":[{\"@type\":\"SearchAction\",\"target\":{\"@type\":\"EntryPoint\",\"urlTemplate\":\"https:\\\/\\\/www.musikzeitung.ch\\\/?s={search_term_string}\"},\"query-input\":{\"@type\":\"PropertyValueSpecification\",\"valueRequired\":true,\"valueName\":\"search_term_string\"}}],\"inLanguage\":\"en-US\"},{\"@type\":\"Organization\",\"@id\":\"https:\\\/\\\/www.musikzeitung.ch\\\/#organization\",\"name\":\"Schweizer Musikzeitung\",\"url\":\"https:\\\/\\\/www.musikzeitung.ch\\\/\",\"logo\":{\"@type\":\"ImageObject\",\"inLanguage\":\"en-US\",\"@id\":\"https:\\\/\\\/www.musikzeitung.ch\\\/#\\\/schema\\\/logo\\\/image\\\/\",\"url\":\"https:\\\/\\\/www.musikzeitung.ch\\\/wp-content\\\/uploads\\\/2023\\\/01\\\/SMZ_Schriftzug_Sprache.png\",\"contentUrl\":\"https:\\\/\\\/www.musikzeitung.ch\\\/wp-content\\\/uploads\\\/2023\\\/01\\\/SMZ_Schriftzug_Sprache.png\",\"width\":1400,\"height\":279,\"caption\":\"Schweizer Musikzeitung\"},\"image\":{\"@id\":\"https:\\\/\\\/www.musikzeitung.ch\\\/#\\\/schema\\\/logo\\\/image\\\/\"},\"sameAs\":[\"https:\\\/\\\/www.facebook.com\\\/SchweizerMusikzeitung\\\/\",\"https:\\\/\\\/x.com\\\/smusikzeitung\",\"https:\\\/\\\/www.instagram.com\\\/musikzeitung.ch\\\/\"]},{\"@type\":\"Person\",\"@id\":\"https:\\\/\\\/www.musikzeitung.ch\\\/#\\\/schema\\\/person\\\/0da4fb82d243f1252850a35d0e87cf0c\",\"name\":\"Wolfgang B\u00f6hler\",\"image\":{\"@type\":\"ImageObject\",\"inLanguage\":\"en-US\",\"@id\":\"https:\\\/\\\/www.musikzeitung.ch\\\/wp-content\\\/uploads\\\/2023\\\/01\\\/boehler_portraet_web-e1674139782246-96x96.jpg\",\"url\":\"https:\\\/\\\/www.musikzeitung.ch\\\/wp-content\\\/uploads\\\/2023\\\/01\\\/boehler_portraet_web-e1674139782246-96x96.jpg\",\"contentUrl\":\"https:\\\/\\\/www.musikzeitung.ch\\\/wp-content\\\/uploads\\\/2023\\\/01\\\/boehler_portraet_web-e1674139782246-96x96.jpg\",\"caption\":\"Wolfgang B\u00f6hler\"},\"sameAs\":[\"http:\\\/\\\/www.manacanto.ch\",\"https:\\\/\\\/www.facebook.com\\\/wolfgang.bohler.75\"],\"url\":\"https:\\\/\\\/www.musikzeitung.ch\\\/en\\\/author\\\/wolfgang-boehler\"}]}<\/script>\n<!-- \/ Yoast SEO plugin. -->","yoast_head_json":{"title":"Auf dem Weg zur Normalit\u00e4t nach der Coronakrise - Schweizer Musikzeitung","description":"The latest \"Who performed what?\" statistics from the German Stage Association show a clear recovery from the coronavirus crisis.","robots":{"index":"index","follow":"follow","max-snippet":"max-snippet:-1","max-image-preview":"max-image-preview:large","max-video-preview":"max-video-preview:-1"},"canonical":"https:\/\/www.musikzeitung.ch\/en\/news\/2024\/07\/auf-dem-weg-zur-normalitaet-nach-der-coronakrise\/","og_locale":"en_US","og_type":"article","og_title":"Auf dem Weg zur Normalit\u00e4t nach der Coronakrise - Schweizer Musikzeitung","og_description":"Die neuste Werkstatistik \u00abWer spielte was?\u00bb des Deutschen B\u00fchnenvereins zeigt eine deutliche Erholung von der Corona-Krise.","og_url":"https:\/\/www.musikzeitung.ch\/en\/news\/2024\/07\/auf-dem-weg-zur-normalitaet-nach-der-coronakrise\/","og_site_name":"Schweizer Musikzeitung","article_publisher":"https:\/\/www.facebook.com\/SchweizerMusikzeitung\/","article_author":"https:\/\/www.facebook.com\/wolfgang.bohler.75","article_published_time":"2024-07-16T11:41:25+00:00","article_modified_time":"2024-07-16T13:11:29+00:00","og_image":[{"width":1047,"height":783,"url":"https:\/\/www.musikzeitung.ch\/wp-content\/uploads\/2024\/07\/240716webber.jpg","type":"image\/jpeg"}],"author":"Wolfgang B\u00f6hler","twitter_card":"summary_large_image","twitter_creator":"@smusikzeitung","twitter_site":"@smusikzeitung","twitter_misc":{"Written by":"Wolfgang B\u00f6hler","Est. reading time":"2 minutes"},"schema":{"@context":"https:\/\/schema.org","@graph":[{"@type":"Article","@id":"https:\/\/www.musikzeitung.ch\/news\/2024\/07\/auf-dem-weg-zur-normalitaet-nach-der-coronakrise#article","isPartOf":{"@id":"https:\/\/www.musikzeitung.ch\/news\/2024\/07\/auf-dem-weg-zur-normalitaet-nach-der-coronakrise"},"author":{"name":"Wolfgang B\u00f6hler","@id":"https:\/\/www.musikzeitung.ch\/#\/schema\/person\/0da4fb82d243f1252850a35d0e87cf0c"},"headline":"Auf dem Weg zur Normalit\u00e4t nach der Coronakrise","datePublished":"2024-07-16T11:41:25+00:00","dateModified":"2024-07-16T13:11:29+00:00","mainEntityOfPage":{"@id":"https:\/\/www.musikzeitung.ch\/news\/2024\/07\/auf-dem-weg-zur-normalitaet-nach-der-coronakrise"},"wordCount":206,"publisher":{"@id":"https:\/\/www.musikzeitung.ch\/#organization"},"image":{"@id":"https:\/\/www.musikzeitung.ch\/news\/2024\/07\/auf-dem-weg-zur-normalitaet-nach-der-coronakrise#primaryimage"},"thumbnailUrl":"https:\/\/www.musikzeitung.ch\/wp-content\/uploads\/2024\/07\/240716webber.jpg","keywords":["Werkstatistik \u00abWer spielte was?\u00bb"],"articleSection":["News"],"inLanguage":"en-US"},{"@type":"WebPage","@id":"https:\/\/www.musikzeitung.ch\/news\/2024\/07\/auf-dem-weg-zur-normalitaet-nach-der-coronakrise","url":"https:\/\/www.musikzeitung.ch\/news\/2024\/07\/auf-dem-weg-zur-normalitaet-nach-der-coronakrise","name":"Auf dem Weg zur Normalit\u00e4t nach der Coronakrise - Schweizer Musikzeitung","isPartOf":{"@id":"https:\/\/www.musikzeitung.ch\/#website"},"primaryImageOfPage":{"@id":"https:\/\/www.musikzeitung.ch\/news\/2024\/07\/auf-dem-weg-zur-normalitaet-nach-der-coronakrise#primaryimage"},"image":{"@id":"https:\/\/www.musikzeitung.ch\/news\/2024\/07\/auf-dem-weg-zur-normalitaet-nach-der-coronakrise#primaryimage"},"thumbnailUrl":"https:\/\/www.musikzeitung.ch\/wp-content\/uploads\/2024\/07\/240716webber.jpg","datePublished":"2024-07-16T11:41:25+00:00","dateModified":"2024-07-16T13:11:29+00:00","description":"The latest \"Who performed what?\" statistics from the German Stage Association show a clear recovery from the coronavirus crisis.","breadcrumb":{"@id":"https:\/\/www.musikzeitung.ch\/news\/2024\/07\/auf-dem-weg-zur-normalitaet-nach-der-coronakrise#breadcrumb"},"inLanguage":"en-US","potentialAction":[{"@type":"ReadAction","target":["https:\/\/www.musikzeitung.ch\/news\/2024\/07\/auf-dem-weg-zur-normalitaet-nach-der-coronakrise"]}]},{"@type":"ImageObject","inLanguage":"en-US","@id":"https:\/\/www.musikzeitung.ch\/news\/2024\/07\/auf-dem-weg-zur-normalitaet-nach-der-coronakrise#primaryimage","url":"https:\/\/www.musikzeitung.ch\/wp-content\/uploads\/2024\/07\/240716webber.jpg","contentUrl":"https:\/\/www.musikzeitung.ch\/wp-content\/uploads\/2024\/07\/240716webber.jpg","width":1047,"height":783,"caption":"Webbers Starlight Express ist der Abr\u00e4umer der Saison (Bild: Theaterbilder123\/CC, Bochum 2018)"},{"@type":"BreadcrumbList","@id":"https:\/\/www.musikzeitung.ch\/news\/2024\/07\/auf-dem-weg-zur-normalitaet-nach-der-coronakrise#breadcrumb","itemListElement":[{"@type":"ListItem","position":1,"name":"Home","item":"https:\/\/www.musikzeitung.ch\/"},{"@type":"ListItem","position":2,"name":"Auf dem Weg zur Normalit\u00e4t nach der Coronakrise"}]},{"@type":"WebSite","@id":"https:\/\/www.musikzeitung.ch\/#website","url":"https:\/\/www.musikzeitung.ch\/","name":"Swiss Music Newspaper","description":"The leading interdisciplinary monthly newspaper in Switzerland for musical issues.","publisher":{"@id":"https:\/\/www.musikzeitung.ch\/#organization"},"potentialAction":[{"@type":"SearchAction","target":{"@type":"EntryPoint","urlTemplate":"https:\/\/www.musikzeitung.ch\/?s={search_term_string}"},"query-input":{"@type":"PropertyValueSpecification","valueRequired":true,"valueName":"search_term_string"}}],"inLanguage":"en-US"},{"@type":"Organization","@id":"https:\/\/www.musikzeitung.ch\/#organization","name":"Swiss Music Newspaper","url":"https:\/\/www.musikzeitung.ch\/","logo":{"@type":"ImageObject","inLanguage":"en-US","@id":"https:\/\/www.musikzeitung.ch\/#\/schema\/logo\/image\/","url":"https:\/\/www.musikzeitung.ch\/wp-content\/uploads\/2023\/01\/SMZ_Schriftzug_Sprache.png","contentUrl":"https:\/\/www.musikzeitung.ch\/wp-content\/uploads\/2023\/01\/SMZ_Schriftzug_Sprache.png","width":1400,"height":279,"caption":"Schweizer Musikzeitung"},"image":{"@id":"https:\/\/www.musikzeitung.ch\/#\/schema\/logo\/image\/"},"sameAs":["https:\/\/www.facebook.com\/SchweizerMusikzeitung\/","https:\/\/x.com\/smusikzeitung","https:\/\/www.instagram.com\/musikzeitung.ch\/"]},{"@type":"Person","@id":"https:\/\/www.musikzeitung.ch\/#\/schema\/person\/0da4fb82d243f1252850a35d0e87cf0c","name":"Wolfgang B\u00f6hler","image":{"@type":"ImageObject","inLanguage":"en-US","@id":"https:\/\/www.musikzeitung.ch\/wp-content\/uploads\/2023\/01\/boehler_portraet_web-e1674139782246-96x96.jpg","url":"https:\/\/www.musikzeitung.ch\/wp-content\/uploads\/2023\/01\/boehler_portraet_web-e1674139782246-96x96.jpg","contentUrl":"https:\/\/www.musikzeitung.ch\/wp-content\/uploads\/2023\/01\/boehler_portraet_web-e1674139782246-96x96.jpg","caption":"Wolfgang B\u00f6hler"},"sameAs":["http:\/\/www.manacanto.ch","https:\/\/www.facebook.com\/wolfgang.bohler.75"],"url":"https:\/\/www.musikzeitung.ch\/en\/author\/wolfgang-boehler"}]}},"publishpress_future_workflow_manual_trigger":{"enabledWorkflows":[]},"_links":{"self":[{"href":"https:\/\/www.musikzeitung.ch\/en\/wp-json\/wp\/v2\/posts\/56082","targetHints":{"allow":["GET"]}}],"collection":[{"href":"https:\/\/www.musikzeitung.ch\/en\/wp-json\/wp\/v2\/posts"}],"about":[{"href":"https:\/\/www.musikzeitung.ch\/en\/wp-json\/wp\/v2\/types\/post"}],"author":[{"embeddable":true,"href":"https:\/\/www.musikzeitung.ch\/en\/wp-json\/wp\/v2\/users\/30"}],"replies":[{"embeddable":true,"href":"https:\/\/www.musikzeitung.ch\/en\/wp-json\/wp\/v2\/comments?post=56082"}],"version-history":[{"count":4,"href":"https:\/\/www.musikzeitung.ch\/en\/wp-json\/wp\/v2\/posts\/56082\/revisions"}],"predecessor-version":[{"id":56092,"href":"https:\/\/www.musikzeitung.ch\/en\/wp-json\/wp\/v2\/posts\/56082\/revisions\/56092"}],"wp:featuredmedia":[{"embeddable":true,"href":"https:\/\/www.musikzeitung.ch\/en\/wp-json\/wp\/v2\/media\/56086"}],"wp:attachment":[{"href":"https:\/\/www.musikzeitung.ch\/en\/wp-json\/wp\/v2\/media?parent=56082"}],"wp:term":[{"taxonomy":"category","embeddable":true,"href":"https:\/\/www.musikzeitung.ch\/en\/wp-json\/wp\/v2\/categories?post=56082"},{"taxonomy":"post_tag","embeddable":true,"href":"https:\/\/www.musikzeitung.ch\/en\/wp-json\/wp\/v2\/tags?post=56082"}],"curies":[{"name":"wp","href":"https:\/\/api.w.org\/{rel}","templated":true}]}}