{"id":56112,"date":"2024-07-17T20:00:38","date_gmt":"2024-07-17T18:00:38","guid":{"rendered":"https:\/\/www.musikzeitung.ch\/?p=56112"},"modified":"2024-07-18T15:08:02","modified_gmt":"2024-07-18T13:08:02","slug":"tod-der-schweizer-jazzpianistin-irene-schweizer","status":"publish","type":"post","link":"https:\/\/www.musikzeitung.ch\/en\/news\/2024\/07\/tod-der-schweizer-jazzpianistin-irene-schweizer","title":{"rendered":"Death of Swiss jazz pianist Ir\u00e8ne Schweizer"},"content":{"rendered":"<figure id=\"attachment_56113\" aria-describedby=\"caption-attachment-56113\" style=\"width: 993px\" class=\"wp-caption alignnone\"><img loading=\"lazy\" decoding=\"async\" class=\"size-full wp-image-56113\" src=\"https:\/\/www.musikzeitung.ch\/wp-content\/uploads\/2024\/07\/240717schweizer.jpg\" alt=\"\" width=\"993\" height=\"724\" srcset=\"https:\/\/www.musikzeitung.ch\/wp-content\/uploads\/2024\/07\/240717schweizer.jpg 993w, https:\/\/www.musikzeitung.ch\/wp-content\/uploads\/2024\/07\/240717schweizer-300x219.jpg 300w, https:\/\/www.musikzeitung.ch\/wp-content\/uploads\/2024\/07\/240717schweizer-768x560.jpg 768w, https:\/\/www.musikzeitung.ch\/wp-content\/uploads\/2024\/07\/240717schweizer-16x12.jpg 16w, https:\/\/www.musikzeitung.ch\/wp-content\/uploads\/2024\/07\/240717schweizer-240x175.jpg 240w, https:\/\/www.musikzeitung.ch\/wp-content\/uploads\/2024\/07\/240717schweizer-480x350.jpg 480w, https:\/\/www.musikzeitung.ch\/wp-content\/uploads\/2024\/07\/240717schweizer-920x671.jpg 920w\" sizes=\"auto, (max-width: 993px) 100vw, 993px\" \/><figcaption id=\"caption-attachment-56113\" class=\"wp-caption-text\">Ir\u00e8ne Schweizer (Image: Annamarie Ursula)<\/figcaption><\/figure>\n<p>Ir\u00e8ne Schweizer, born in Schaffhausen in 1941, first played in a Dixie band at the age of 14, but then switched to modern jazz. Initially, she was inspired by the African-American free jazz movement. Later, however, she influenced the women's music movement more than almost any other female musician.<\/p>\n<p>In 1983 she founded the European Women's Improvising Group. She played regularly with the women's trio Les Diaboliques with the British singer Maggie Nicols and the French bassist Jo\u00eblle L\u00e9andre or in a duo with the Zurich saxophonist Co Streiff. In 1986, she was involved in the organization of the first women's jazz festival in Switzerland, the Canaille Festival at the Rote Fabrik in Zurich.<\/p>\n<p>Ir\u00e8ne Schweizer was awarded the Culture Prize of the Canton of Zurich and the Swiss Music Prize in 2018. She retired from active concert life in 2021 for health reasons. She has now died after a long illness at the age of 83.<\/p>","protected":false},"excerpt":{"rendered":"<p>Swiss jazz pianist Ir\u00e8ne Schweizer has died at the age of 83 after a long illness, according to a statement from her label Intakt Records. <\/p>","protected":false},"author":30,"featured_media":56113,"comment_status":"closed","ping_status":"closed","sticky":false,"template":"","format":"standard","meta":{"_acf_changed":false,"_relevanssi_hide_post":"","_relevanssi_hide_content":"","_relevanssi_pin_for_all":"","_relevanssi_pin_keywords":"","_relevanssi_unpin_keywords":"","_relevanssi_related_keywords":"","_relevanssi_related_include_ids":"","_relevanssi_related_exclude_ids":"","_relevanssi_related_no_append":"","_relevanssi_related_not_related":"","_relevanssi_related_posts":"","_relevanssi_noindex_reason":"","pgc_sgb_lightbox_settings":"","footnotes":""},"categories":[27],"tags":[4202],"class_list":["post-56112","post","type-post","status-publish","format-standard","has-post-thumbnail","hentry","category-news","tag-irene-schweizer"],"acf":[],"yoast_head":"<!-- This site is optimized with the Yoast SEO plugin v27.4 - https:\/\/yoast.com\/product\/yoast-seo-wordpress\/ -->\n<title>Tod der Schweizer Jazzpianistin Ir\u00e8ne Schweizer - Schweizer Musikzeitung<\/title>\n<meta name=\"description\" content=\"Die Schweizer Jazzpianistin Ir\u00e8ne Schweizer ist laut einer Mitteilung ihres Labels Intakt Records im Alter von 83 Jahren nach l\u00e4ngerer Krankheit verstorben.\" \/>\n<meta name=\"robots\" content=\"index, follow, max-snippet:-1, max-image-preview:large, max-video-preview:-1\" \/>\n<link rel=\"canonical\" href=\"https:\/\/www.musikzeitung.ch\/en\/news\/2024\/07\/tod-der-schweizer-jazzpianistin-irene-schweizer\/\" \/>\n<meta property=\"og:locale\" content=\"en_US\" \/>\n<meta property=\"og:type\" content=\"article\" \/>\n<meta property=\"og:title\" content=\"Tod der Schweizer Jazzpianistin Ir\u00e8ne Schweizer - Schweizer Musikzeitung\" \/>\n<meta property=\"og:description\" content=\"Die Schweizer Jazzpianistin Ir\u00e8ne Schweizer ist laut einer Mitteilung ihres Labels Intakt Records im Alter von 83 Jahren nach l\u00e4ngerer Krankheit verstorben.\" \/>\n<meta property=\"og:url\" content=\"https:\/\/www.musikzeitung.ch\/en\/news\/2024\/07\/tod-der-schweizer-jazzpianistin-irene-schweizer\/\" \/>\n<meta property=\"og:site_name\" content=\"Schweizer Musikzeitung\" \/>\n<meta property=\"article:publisher\" content=\"https:\/\/www.facebook.com\/SchweizerMusikzeitung\/\" \/>\n<meta property=\"article:author\" content=\"https:\/\/www.facebook.com\/wolfgang.bohler.75\" \/>\n<meta property=\"article:published_time\" content=\"2024-07-17T18:00:38+00:00\" \/>\n<meta property=\"article:modified_time\" content=\"2024-07-18T13:08:02+00:00\" \/>\n<meta property=\"og:image\" content=\"https:\/\/www.musikzeitung.ch\/wp-content\/uploads\/2024\/07\/240717schweizer.jpg\" \/>\n\t<meta property=\"og:image:width\" content=\"993\" \/>\n\t<meta property=\"og:image:height\" content=\"724\" \/>\n\t<meta property=\"og:image:type\" content=\"image\/jpeg\" \/>\n<meta name=\"author\" content=\"Wolfgang B\u00f6hler\" \/>\n<meta name=\"twitter:card\" content=\"summary_large_image\" \/>\n<meta name=\"twitter:creator\" content=\"@smusikzeitung\" \/>\n<meta name=\"twitter:site\" content=\"@smusikzeitung\" \/>\n<meta name=\"twitter:label1\" content=\"Written by\" \/>\n\t<meta name=\"twitter:data1\" content=\"Wolfgang B\u00f6hler\" \/>\n\t<meta name=\"twitter:label2\" content=\"Est. reading time\" \/>\n\t<meta name=\"twitter:data2\" content=\"2 minutes\" \/>\n<script type=\"application\/ld+json\" class=\"yoast-schema-graph\">{\"@context\":\"https:\\\/\\\/schema.org\",\"@graph\":[{\"@type\":\"Article\",\"@id\":\"https:\\\/\\\/www.musikzeitung.ch\\\/news\\\/2024\\\/07\\\/tod-der-schweizer-jazzpianistin-irene-schweizer#article\",\"isPartOf\":{\"@id\":\"https:\\\/\\\/www.musikzeitung.ch\\\/news\\\/2024\\\/07\\\/tod-der-schweizer-jazzpianistin-irene-schweizer\"},\"author\":{\"name\":\"Wolfgang B\u00f6hler\",\"@id\":\"https:\\\/\\\/www.musikzeitung.ch\\\/#\\\/schema\\\/person\\\/0da4fb82d243f1252850a35d0e87cf0c\"},\"headline\":\"Tod der Schweizer Jazzpianistin Ir\u00e8ne Schweizer\",\"datePublished\":\"2024-07-17T18:00:38+00:00\",\"dateModified\":\"2024-07-18T13:08:02+00:00\",\"mainEntityOfPage\":{\"@id\":\"https:\\\/\\\/www.musikzeitung.ch\\\/news\\\/2024\\\/07\\\/tod-der-schweizer-jazzpianistin-irene-schweizer\"},\"wordCount\":171,\"publisher\":{\"@id\":\"https:\\\/\\\/www.musikzeitung.ch\\\/#organization\"},\"image\":{\"@id\":\"https:\\\/\\\/www.musikzeitung.ch\\\/news\\\/2024\\\/07\\\/tod-der-schweizer-jazzpianistin-irene-schweizer#primaryimage\"},\"thumbnailUrl\":\"https:\\\/\\\/www.musikzeitung.ch\\\/wp-content\\\/uploads\\\/2024\\\/07\\\/240717schweizer.jpg\",\"keywords\":[\"Ir\u00e8ne Schweizer\"],\"articleSection\":[\"News\"],\"inLanguage\":\"en-US\"},{\"@type\":\"WebPage\",\"@id\":\"https:\\\/\\\/www.musikzeitung.ch\\\/news\\\/2024\\\/07\\\/tod-der-schweizer-jazzpianistin-irene-schweizer\",\"url\":\"https:\\\/\\\/www.musikzeitung.ch\\\/news\\\/2024\\\/07\\\/tod-der-schweizer-jazzpianistin-irene-schweizer\",\"name\":\"Tod der Schweizer Jazzpianistin Ir\u00e8ne Schweizer - Schweizer Musikzeitung\",\"isPartOf\":{\"@id\":\"https:\\\/\\\/www.musikzeitung.ch\\\/#website\"},\"primaryImageOfPage\":{\"@id\":\"https:\\\/\\\/www.musikzeitung.ch\\\/news\\\/2024\\\/07\\\/tod-der-schweizer-jazzpianistin-irene-schweizer#primaryimage\"},\"image\":{\"@id\":\"https:\\\/\\\/www.musikzeitung.ch\\\/news\\\/2024\\\/07\\\/tod-der-schweizer-jazzpianistin-irene-schweizer#primaryimage\"},\"thumbnailUrl\":\"https:\\\/\\\/www.musikzeitung.ch\\\/wp-content\\\/uploads\\\/2024\\\/07\\\/240717schweizer.jpg\",\"datePublished\":\"2024-07-17T18:00:38+00:00\",\"dateModified\":\"2024-07-18T13:08:02+00:00\",\"description\":\"Die Schweizer Jazzpianistin Ir\u00e8ne Schweizer ist laut einer Mitteilung ihres Labels Intakt Records im Alter von 83 Jahren nach l\u00e4ngerer Krankheit verstorben.\",\"breadcrumb\":{\"@id\":\"https:\\\/\\\/www.musikzeitung.ch\\\/news\\\/2024\\\/07\\\/tod-der-schweizer-jazzpianistin-irene-schweizer#breadcrumb\"},\"inLanguage\":\"en-US\",\"potentialAction\":[{\"@type\":\"ReadAction\",\"target\":[\"https:\\\/\\\/www.musikzeitung.ch\\\/news\\\/2024\\\/07\\\/tod-der-schweizer-jazzpianistin-irene-schweizer\"]}]},{\"@type\":\"ImageObject\",\"inLanguage\":\"en-US\",\"@id\":\"https:\\\/\\\/www.musikzeitung.ch\\\/news\\\/2024\\\/07\\\/tod-der-schweizer-jazzpianistin-irene-schweizer#primaryimage\",\"url\":\"https:\\\/\\\/www.musikzeitung.ch\\\/wp-content\\\/uploads\\\/2024\\\/07\\\/240717schweizer.jpg\",\"contentUrl\":\"https:\\\/\\\/www.musikzeitung.ch\\\/wp-content\\\/uploads\\\/2024\\\/07\\\/240717schweizer.jpg\",\"width\":993,\"height\":724,\"caption\":\"Irene Schweizer (Bild: Annamarie Ursula)\"},{\"@type\":\"BreadcrumbList\",\"@id\":\"https:\\\/\\\/www.musikzeitung.ch\\\/news\\\/2024\\\/07\\\/tod-der-schweizer-jazzpianistin-irene-schweizer#breadcrumb\",\"itemListElement\":[{\"@type\":\"ListItem\",\"position\":1,\"name\":\"Home\",\"item\":\"https:\\\/\\\/www.musikzeitung.ch\\\/\"},{\"@type\":\"ListItem\",\"position\":2,\"name\":\"Tod der Schweizer Jazzpianistin Ir\u00e8ne Schweizer\"}]},{\"@type\":\"WebSite\",\"@id\":\"https:\\\/\\\/www.musikzeitung.ch\\\/#website\",\"url\":\"https:\\\/\\\/www.musikzeitung.ch\\\/\",\"name\":\"Schweizer Musikzeitung\",\"description\":\"Die f\u00fchrende sparten\u00fcbergreifende Monatszeitung in der Schweiz f\u00fcr musikalische Fragen.\",\"publisher\":{\"@id\":\"https:\\\/\\\/www.musikzeitung.ch\\\/#organization\"},\"potentialAction\":[{\"@type\":\"SearchAction\",\"target\":{\"@type\":\"EntryPoint\",\"urlTemplate\":\"https:\\\/\\\/www.musikzeitung.ch\\\/?s={search_term_string}\"},\"query-input\":{\"@type\":\"PropertyValueSpecification\",\"valueRequired\":true,\"valueName\":\"search_term_string\"}}],\"inLanguage\":\"en-US\"},{\"@type\":\"Organization\",\"@id\":\"https:\\\/\\\/www.musikzeitung.ch\\\/#organization\",\"name\":\"Schweizer Musikzeitung\",\"url\":\"https:\\\/\\\/www.musikzeitung.ch\\\/\",\"logo\":{\"@type\":\"ImageObject\",\"inLanguage\":\"en-US\",\"@id\":\"https:\\\/\\\/www.musikzeitung.ch\\\/#\\\/schema\\\/logo\\\/image\\\/\",\"url\":\"https:\\\/\\\/www.musikzeitung.ch\\\/wp-content\\\/uploads\\\/2023\\\/01\\\/SMZ_Schriftzug_Sprache.png\",\"contentUrl\":\"https:\\\/\\\/www.musikzeitung.ch\\\/wp-content\\\/uploads\\\/2023\\\/01\\\/SMZ_Schriftzug_Sprache.png\",\"width\":1400,\"height\":279,\"caption\":\"Schweizer Musikzeitung\"},\"image\":{\"@id\":\"https:\\\/\\\/www.musikzeitung.ch\\\/#\\\/schema\\\/logo\\\/image\\\/\"},\"sameAs\":[\"https:\\\/\\\/www.facebook.com\\\/SchweizerMusikzeitung\\\/\",\"https:\\\/\\\/x.com\\\/smusikzeitung\",\"https:\\\/\\\/www.instagram.com\\\/musikzeitung.ch\\\/\"]},{\"@type\":\"Person\",\"@id\":\"https:\\\/\\\/www.musikzeitung.ch\\\/#\\\/schema\\\/person\\\/0da4fb82d243f1252850a35d0e87cf0c\",\"name\":\"Wolfgang B\u00f6hler\",\"image\":{\"@type\":\"ImageObject\",\"inLanguage\":\"en-US\",\"@id\":\"https:\\\/\\\/www.musikzeitung.ch\\\/wp-content\\\/uploads\\\/2023\\\/01\\\/boehler_portraet_web-e1674139782246-96x96.jpg\",\"url\":\"https:\\\/\\\/www.musikzeitung.ch\\\/wp-content\\\/uploads\\\/2023\\\/01\\\/boehler_portraet_web-e1674139782246-96x96.jpg\",\"contentUrl\":\"https:\\\/\\\/www.musikzeitung.ch\\\/wp-content\\\/uploads\\\/2023\\\/01\\\/boehler_portraet_web-e1674139782246-96x96.jpg\",\"caption\":\"Wolfgang B\u00f6hler\"},\"sameAs\":[\"http:\\\/\\\/www.manacanto.ch\",\"https:\\\/\\\/www.facebook.com\\\/wolfgang.bohler.75\"],\"url\":\"https:\\\/\\\/www.musikzeitung.ch\\\/en\\\/author\\\/wolfgang-boehler\"}]}<\/script>\n<!-- \/ Yoast SEO plugin. -->","yoast_head_json":{"title":"Tod der Schweizer Jazzpianistin Ir\u00e8ne Schweizer - Schweizer Musikzeitung","description":"Swiss jazz pianist Ir\u00e8ne Schweizer has died at the age of 83 after a long illness, according to a statement from her label Intakt Records.","robots":{"index":"index","follow":"follow","max-snippet":"max-snippet:-1","max-image-preview":"max-image-preview:large","max-video-preview":"max-video-preview:-1"},"canonical":"https:\/\/www.musikzeitung.ch\/en\/news\/2024\/07\/tod-der-schweizer-jazzpianistin-irene-schweizer\/","og_locale":"en_US","og_type":"article","og_title":"Tod der Schweizer Jazzpianistin Ir\u00e8ne Schweizer - Schweizer Musikzeitung","og_description":"Die Schweizer Jazzpianistin Ir\u00e8ne Schweizer ist laut einer Mitteilung ihres Labels Intakt Records im Alter von 83 Jahren nach l\u00e4ngerer Krankheit verstorben.","og_url":"https:\/\/www.musikzeitung.ch\/en\/news\/2024\/07\/tod-der-schweizer-jazzpianistin-irene-schweizer\/","og_site_name":"Schweizer Musikzeitung","article_publisher":"https:\/\/www.facebook.com\/SchweizerMusikzeitung\/","article_author":"https:\/\/www.facebook.com\/wolfgang.bohler.75","article_published_time":"2024-07-17T18:00:38+00:00","article_modified_time":"2024-07-18T13:08:02+00:00","og_image":[{"width":993,"height":724,"url":"https:\/\/www.musikzeitung.ch\/wp-content\/uploads\/2024\/07\/240717schweizer.jpg","type":"image\/jpeg"}],"author":"Wolfgang B\u00f6hler","twitter_card":"summary_large_image","twitter_creator":"@smusikzeitung","twitter_site":"@smusikzeitung","twitter_misc":{"Written by":"Wolfgang B\u00f6hler","Est. reading time":"2 minutes"},"schema":{"@context":"https:\/\/schema.org","@graph":[{"@type":"Article","@id":"https:\/\/www.musikzeitung.ch\/news\/2024\/07\/tod-der-schweizer-jazzpianistin-irene-schweizer#article","isPartOf":{"@id":"https:\/\/www.musikzeitung.ch\/news\/2024\/07\/tod-der-schweizer-jazzpianistin-irene-schweizer"},"author":{"name":"Wolfgang B\u00f6hler","@id":"https:\/\/www.musikzeitung.ch\/#\/schema\/person\/0da4fb82d243f1252850a35d0e87cf0c"},"headline":"Tod der Schweizer Jazzpianistin Ir\u00e8ne Schweizer","datePublished":"2024-07-17T18:00:38+00:00","dateModified":"2024-07-18T13:08:02+00:00","mainEntityOfPage":{"@id":"https:\/\/www.musikzeitung.ch\/news\/2024\/07\/tod-der-schweizer-jazzpianistin-irene-schweizer"},"wordCount":171,"publisher":{"@id":"https:\/\/www.musikzeitung.ch\/#organization"},"image":{"@id":"https:\/\/www.musikzeitung.ch\/news\/2024\/07\/tod-der-schweizer-jazzpianistin-irene-schweizer#primaryimage"},"thumbnailUrl":"https:\/\/www.musikzeitung.ch\/wp-content\/uploads\/2024\/07\/240717schweizer.jpg","keywords":["Ir\u00e8ne Schweizer"],"articleSection":["News"],"inLanguage":"en-US"},{"@type":"WebPage","@id":"https:\/\/www.musikzeitung.ch\/news\/2024\/07\/tod-der-schweizer-jazzpianistin-irene-schweizer","url":"https:\/\/www.musikzeitung.ch\/news\/2024\/07\/tod-der-schweizer-jazzpianistin-irene-schweizer","name":"Tod der Schweizer Jazzpianistin Ir\u00e8ne Schweizer - Schweizer Musikzeitung","isPartOf":{"@id":"https:\/\/www.musikzeitung.ch\/#website"},"primaryImageOfPage":{"@id":"https:\/\/www.musikzeitung.ch\/news\/2024\/07\/tod-der-schweizer-jazzpianistin-irene-schweizer#primaryimage"},"image":{"@id":"https:\/\/www.musikzeitung.ch\/news\/2024\/07\/tod-der-schweizer-jazzpianistin-irene-schweizer#primaryimage"},"thumbnailUrl":"https:\/\/www.musikzeitung.ch\/wp-content\/uploads\/2024\/07\/240717schweizer.jpg","datePublished":"2024-07-17T18:00:38+00:00","dateModified":"2024-07-18T13:08:02+00:00","description":"Swiss jazz pianist Ir\u00e8ne Schweizer has died at the age of 83 after a long illness, according to a statement from her label Intakt Records.","breadcrumb":{"@id":"https:\/\/www.musikzeitung.ch\/news\/2024\/07\/tod-der-schweizer-jazzpianistin-irene-schweizer#breadcrumb"},"inLanguage":"en-US","potentialAction":[{"@type":"ReadAction","target":["https:\/\/www.musikzeitung.ch\/news\/2024\/07\/tod-der-schweizer-jazzpianistin-irene-schweizer"]}]},{"@type":"ImageObject","inLanguage":"en-US","@id":"https:\/\/www.musikzeitung.ch\/news\/2024\/07\/tod-der-schweizer-jazzpianistin-irene-schweizer#primaryimage","url":"https:\/\/www.musikzeitung.ch\/wp-content\/uploads\/2024\/07\/240717schweizer.jpg","contentUrl":"https:\/\/www.musikzeitung.ch\/wp-content\/uploads\/2024\/07\/240717schweizer.jpg","width":993,"height":724,"caption":"Irene Schweizer (Bild: Annamarie Ursula)"},{"@type":"BreadcrumbList","@id":"https:\/\/www.musikzeitung.ch\/news\/2024\/07\/tod-der-schweizer-jazzpianistin-irene-schweizer#breadcrumb","itemListElement":[{"@type":"ListItem","position":1,"name":"Home","item":"https:\/\/www.musikzeitung.ch\/"},{"@type":"ListItem","position":2,"name":"Tod der Schweizer Jazzpianistin Ir\u00e8ne Schweizer"}]},{"@type":"WebSite","@id":"https:\/\/www.musikzeitung.ch\/#website","url":"https:\/\/www.musikzeitung.ch\/","name":"Swiss Music Newspaper","description":"The leading interdisciplinary monthly newspaper in Switzerland for musical issues.","publisher":{"@id":"https:\/\/www.musikzeitung.ch\/#organization"},"potentialAction":[{"@type":"SearchAction","target":{"@type":"EntryPoint","urlTemplate":"https:\/\/www.musikzeitung.ch\/?s={search_term_string}"},"query-input":{"@type":"PropertyValueSpecification","valueRequired":true,"valueName":"search_term_string"}}],"inLanguage":"en-US"},{"@type":"Organization","@id":"https:\/\/www.musikzeitung.ch\/#organization","name":"Swiss Music Newspaper","url":"https:\/\/www.musikzeitung.ch\/","logo":{"@type":"ImageObject","inLanguage":"en-US","@id":"https:\/\/www.musikzeitung.ch\/#\/schema\/logo\/image\/","url":"https:\/\/www.musikzeitung.ch\/wp-content\/uploads\/2023\/01\/SMZ_Schriftzug_Sprache.png","contentUrl":"https:\/\/www.musikzeitung.ch\/wp-content\/uploads\/2023\/01\/SMZ_Schriftzug_Sprache.png","width":1400,"height":279,"caption":"Schweizer Musikzeitung"},"image":{"@id":"https:\/\/www.musikzeitung.ch\/#\/schema\/logo\/image\/"},"sameAs":["https:\/\/www.facebook.com\/SchweizerMusikzeitung\/","https:\/\/x.com\/smusikzeitung","https:\/\/www.instagram.com\/musikzeitung.ch\/"]},{"@type":"Person","@id":"https:\/\/www.musikzeitung.ch\/#\/schema\/person\/0da4fb82d243f1252850a35d0e87cf0c","name":"Wolfgang B\u00f6hler","image":{"@type":"ImageObject","inLanguage":"en-US","@id":"https:\/\/www.musikzeitung.ch\/wp-content\/uploads\/2023\/01\/boehler_portraet_web-e1674139782246-96x96.jpg","url":"https:\/\/www.musikzeitung.ch\/wp-content\/uploads\/2023\/01\/boehler_portraet_web-e1674139782246-96x96.jpg","contentUrl":"https:\/\/www.musikzeitung.ch\/wp-content\/uploads\/2023\/01\/boehler_portraet_web-e1674139782246-96x96.jpg","caption":"Wolfgang B\u00f6hler"},"sameAs":["http:\/\/www.manacanto.ch","https:\/\/www.facebook.com\/wolfgang.bohler.75"],"url":"https:\/\/www.musikzeitung.ch\/en\/author\/wolfgang-boehler"}]}},"publishpress_future_workflow_manual_trigger":{"enabledWorkflows":[]},"_links":{"self":[{"href":"https:\/\/www.musikzeitung.ch\/en\/wp-json\/wp\/v2\/posts\/56112","targetHints":{"allow":["GET"]}}],"collection":[{"href":"https:\/\/www.musikzeitung.ch\/en\/wp-json\/wp\/v2\/posts"}],"about":[{"href":"https:\/\/www.musikzeitung.ch\/en\/wp-json\/wp\/v2\/types\/post"}],"author":[{"embeddable":true,"href":"https:\/\/www.musikzeitung.ch\/en\/wp-json\/wp\/v2\/users\/30"}],"replies":[{"embeddable":true,"href":"https:\/\/www.musikzeitung.ch\/en\/wp-json\/wp\/v2\/comments?post=56112"}],"version-history":[{"count":4,"href":"https:\/\/www.musikzeitung.ch\/en\/wp-json\/wp\/v2\/posts\/56112\/revisions"}],"predecessor-version":[{"id":56120,"href":"https:\/\/www.musikzeitung.ch\/en\/wp-json\/wp\/v2\/posts\/56112\/revisions\/56120"}],"wp:featuredmedia":[{"embeddable":true,"href":"https:\/\/www.musikzeitung.ch\/en\/wp-json\/wp\/v2\/media\/56113"}],"wp:attachment":[{"href":"https:\/\/www.musikzeitung.ch\/en\/wp-json\/wp\/v2\/media?parent=56112"}],"wp:term":[{"taxonomy":"category","embeddable":true,"href":"https:\/\/www.musikzeitung.ch\/en\/wp-json\/wp\/v2\/categories?post=56112"},{"taxonomy":"post_tag","embeddable":true,"href":"https:\/\/www.musikzeitung.ch\/en\/wp-json\/wp\/v2\/tags?post=56112"}],"curies":[{"name":"wp","href":"https:\/\/api.w.org\/{rel}","templated":true}]}}