{"id":56130,"date":"2024-07-19T13:54:23","date_gmt":"2024-07-19T11:54:23","guid":{"rendered":"https:\/\/www.musikzeitung.ch\/?p=56130"},"modified":"2024-07-19T14:41:03","modified_gmt":"2024-07-19T12:41:03","slug":"takacs-nagy-wird-partner-des-st-paul-chamber-orchestra","status":"publish","type":"post","link":"https:\/\/www.musikzeitung.ch\/en\/news\/2024\/07\/takacs-nagy-wird-partner-des-st-paul-chamber-orchestra","title":{"rendered":"Tak\u00e1cs-Nagy becomes partner of the St. Paul Chamber Orchestra"},"content":{"rendered":"<figure id=\"attachment_56131\" aria-describedby=\"caption-attachment-56131\" style=\"width: 768px\" class=\"wp-caption alignnone\"><img loading=\"lazy\" decoding=\"async\" class=\"size-large wp-image-56131\" src=\"https:\/\/www.musikzeitung.ch\/wp-content\/uploads\/2024\/07\/240719gtn-1024x552.jpg\" alt=\"\" width=\"768\" height=\"414\" srcset=\"https:\/\/www.musikzeitung.ch\/wp-content\/uploads\/2024\/07\/240719gtn-1024x552.jpg 1024w, https:\/\/www.musikzeitung.ch\/wp-content\/uploads\/2024\/07\/240719gtn-300x162.jpg 300w, https:\/\/www.musikzeitung.ch\/wp-content\/uploads\/2024\/07\/240719gtn-768x414.jpg 768w, https:\/\/www.musikzeitung.ch\/wp-content\/uploads\/2024\/07\/240719gtn-18x10.jpg 18w, https:\/\/www.musikzeitung.ch\/wp-content\/uploads\/2024\/07\/240719gtn-325x175.jpg 325w, https:\/\/www.musikzeitung.ch\/wp-content\/uploads\/2024\/07\/240719gtn-650x350.jpg 650w, https:\/\/www.musikzeitung.ch\/wp-content\/uploads\/2024\/07\/240719gtn-920x496.jpg 920w, https:\/\/www.musikzeitung.ch\/wp-content\/uploads\/2024\/07\/240719gtn.jpg 1036w\" sizes=\"auto, (max-width: 768px) 100vw, 768px\" \/><figcaption id=\"caption-attachment-56131\" class=\"wp-caption-text\">G\u00e1bor Tak\u00e1cs-Nagy (Image: Youtube-Still)<\/figcaption><\/figure>\n<p>The Hungarian conductor and violinist Tak\u00e1cs-Nagy is considered one of the most authentic representatives of Hungarian music. He was the first to record works by the composer S\u00e1ndor Veress, who teaches in Bern. In 2005, he founded the string ensemble Camerata Bellerive, which is also the resident orchestra of the Festival de Bellerive in Geneva. In 2006 he became musical director of the Weinberg Chamber Orchestra and a year later of the Verbier Festival Chamber Orchestra (VFKO).<\/p>\n<p>The Saint Paul Chamber Orchestra (SPCO) is a professional chamber orchestra based in Saint Paul, Minnesota. In collaboration with five artistic partners, the orchestra's musicians present more than 130 concerts and educational programs each year at over 14 venues in the Minneapolis\/St. Paul area. Past partners include Joshua Bell, Pierre-Laurent Aimard, Douglas Boyd, Edo de Waart and Roberto Abbado.<\/p>","protected":false},"excerpt":{"rendered":"<p>G\u00e1bor Tak\u00e1cs-Nagy, founder of the Geneva Camerata Bellerive and professor of string quartet at the Haute Ecole de Musique in Geneva, will be the artistic partner of the Minnesota-based St. Paul Chamber Orchestra. <\/p>","protected":false},"author":30,"featured_media":56131,"comment_status":"closed","ping_status":"closed","sticky":false,"template":"","format":"standard","meta":{"_acf_changed":false,"_relevanssi_hide_post":"","_relevanssi_hide_content":"","_relevanssi_pin_for_all":"","_relevanssi_pin_keywords":"","_relevanssi_unpin_keywords":"","_relevanssi_related_keywords":"","_relevanssi_related_include_ids":"","_relevanssi_related_exclude_ids":"","_relevanssi_related_no_append":"","_relevanssi_related_not_related":"","_relevanssi_related_posts":"","_relevanssi_noindex_reason":"","pgc_sgb_lightbox_settings":"","footnotes":""},"categories":[27],"tags":[4203,4204],"class_list":["post-56130","post","type-post","status-publish","format-standard","has-post-thumbnail","hentry","category-news","tag-gabor-takacs-nagy","tag-saint-paul-chamber-orchestra"],"acf":[],"yoast_head":"<!-- This site is optimized with the Yoast SEO plugin v27.4 - https:\/\/yoast.com\/product\/yoast-seo-wordpress\/ -->\n<title>Tak\u00e1cs-Nagy wird Partner des St. Paul Chamber Orchestra - Schweizer Musikzeitung<\/title>\n<meta name=\"description\" content=\"G\u00e1bor Tak\u00e1cs-Nagy, Gr\u00fcnder der Genfer Camerata Bellerive, wird k\u00fcnstlerischer Partner des in Minnesota beheimateten St. Paul Chamber Orchestras.\" \/>\n<meta name=\"robots\" content=\"index, follow, max-snippet:-1, max-image-preview:large, max-video-preview:-1\" \/>\n<link rel=\"canonical\" href=\"https:\/\/www.musikzeitung.ch\/en\/news\/2024\/07\/takacs-nagy-wird-partner-des-st-paul-chamber-orchestra\/\" \/>\n<meta property=\"og:locale\" content=\"en_US\" \/>\n<meta property=\"og:type\" content=\"article\" \/>\n<meta property=\"og:title\" content=\"Tak\u00e1cs-Nagy wird Partner des St. Paul Chamber Orchestra - Schweizer Musikzeitung\" \/>\n<meta property=\"og:description\" content=\"G\u00e1bor Tak\u00e1cs-Nagy, Gr\u00fcnder der Genfer Camerata Bellerive, wird k\u00fcnstlerischer Partner des in Minnesota beheimateten St. Paul Chamber Orchestras.\" \/>\n<meta property=\"og:url\" content=\"https:\/\/www.musikzeitung.ch\/en\/news\/2024\/07\/takacs-nagy-wird-partner-des-st-paul-chamber-orchestra\/\" \/>\n<meta property=\"og:site_name\" content=\"Schweizer Musikzeitung\" \/>\n<meta property=\"article:publisher\" content=\"https:\/\/www.facebook.com\/SchweizerMusikzeitung\/\" \/>\n<meta property=\"article:author\" content=\"https:\/\/www.facebook.com\/wolfgang.bohler.75\" \/>\n<meta property=\"article:published_time\" content=\"2024-07-19T11:54:23+00:00\" \/>\n<meta property=\"article:modified_time\" content=\"2024-07-19T12:41:03+00:00\" \/>\n<meta property=\"og:image\" content=\"https:\/\/www.musikzeitung.ch\/wp-content\/uploads\/2024\/07\/240719gtn.jpg\" \/>\n\t<meta property=\"og:image:width\" content=\"1036\" \/>\n\t<meta property=\"og:image:height\" content=\"558\" \/>\n\t<meta property=\"og:image:type\" content=\"image\/jpeg\" \/>\n<meta name=\"author\" content=\"Wolfgang B\u00f6hler\" \/>\n<meta name=\"twitter:card\" content=\"summary_large_image\" \/>\n<meta name=\"twitter:creator\" content=\"@smusikzeitung\" \/>\n<meta name=\"twitter:site\" content=\"@smusikzeitung\" \/>\n<meta name=\"twitter:label1\" content=\"Written by\" \/>\n\t<meta name=\"twitter:data1\" content=\"Wolfgang B\u00f6hler\" \/>\n\t<meta name=\"twitter:label2\" content=\"Est. reading time\" \/>\n\t<meta name=\"twitter:data2\" content=\"2 minutes\" \/>\n<script type=\"application\/ld+json\" class=\"yoast-schema-graph\">{\"@context\":\"https:\\\/\\\/schema.org\",\"@graph\":[{\"@type\":\"Article\",\"@id\":\"https:\\\/\\\/www.musikzeitung.ch\\\/news\\\/2024\\\/07\\\/takacs-nagy-wird-partner-des-st-paul-chamber-orchestra#article\",\"isPartOf\":{\"@id\":\"https:\\\/\\\/www.musikzeitung.ch\\\/news\\\/2024\\\/07\\\/takacs-nagy-wird-partner-des-st-paul-chamber-orchestra\"},\"author\":{\"name\":\"Wolfgang B\u00f6hler\",\"@id\":\"https:\\\/\\\/www.musikzeitung.ch\\\/#\\\/schema\\\/person\\\/0da4fb82d243f1252850a35d0e87cf0c\"},\"headline\":\"Tak\u00e1cs-Nagy wird Partner des St. Paul Chamber Orchestra\",\"datePublished\":\"2024-07-19T11:54:23+00:00\",\"dateModified\":\"2024-07-19T12:41:03+00:00\",\"mainEntityOfPage\":{\"@id\":\"https:\\\/\\\/www.musikzeitung.ch\\\/news\\\/2024\\\/07\\\/takacs-nagy-wird-partner-des-st-paul-chamber-orchestra\"},\"wordCount\":149,\"publisher\":{\"@id\":\"https:\\\/\\\/www.musikzeitung.ch\\\/#organization\"},\"image\":{\"@id\":\"https:\\\/\\\/www.musikzeitung.ch\\\/news\\\/2024\\\/07\\\/takacs-nagy-wird-partner-des-st-paul-chamber-orchestra#primaryimage\"},\"thumbnailUrl\":\"https:\\\/\\\/www.musikzeitung.ch\\\/wp-content\\\/uploads\\\/2024\\\/07\\\/240719gtn.jpg\",\"keywords\":[\"G\u00e1bor Tak\u00e1cs-Nagy\",\"Saint Paul Chamber Orchestra\"],\"articleSection\":[\"News\"],\"inLanguage\":\"en-US\"},{\"@type\":\"WebPage\",\"@id\":\"https:\\\/\\\/www.musikzeitung.ch\\\/news\\\/2024\\\/07\\\/takacs-nagy-wird-partner-des-st-paul-chamber-orchestra\",\"url\":\"https:\\\/\\\/www.musikzeitung.ch\\\/news\\\/2024\\\/07\\\/takacs-nagy-wird-partner-des-st-paul-chamber-orchestra\",\"name\":\"Tak\u00e1cs-Nagy wird Partner des St. Paul Chamber Orchestra - Schweizer Musikzeitung\",\"isPartOf\":{\"@id\":\"https:\\\/\\\/www.musikzeitung.ch\\\/#website\"},\"primaryImageOfPage\":{\"@id\":\"https:\\\/\\\/www.musikzeitung.ch\\\/news\\\/2024\\\/07\\\/takacs-nagy-wird-partner-des-st-paul-chamber-orchestra#primaryimage\"},\"image\":{\"@id\":\"https:\\\/\\\/www.musikzeitung.ch\\\/news\\\/2024\\\/07\\\/takacs-nagy-wird-partner-des-st-paul-chamber-orchestra#primaryimage\"},\"thumbnailUrl\":\"https:\\\/\\\/www.musikzeitung.ch\\\/wp-content\\\/uploads\\\/2024\\\/07\\\/240719gtn.jpg\",\"datePublished\":\"2024-07-19T11:54:23+00:00\",\"dateModified\":\"2024-07-19T12:41:03+00:00\",\"description\":\"G\u00e1bor Tak\u00e1cs-Nagy, Gr\u00fcnder der Genfer Camerata Bellerive, wird k\u00fcnstlerischer Partner des in Minnesota beheimateten St. Paul Chamber Orchestras.\",\"breadcrumb\":{\"@id\":\"https:\\\/\\\/www.musikzeitung.ch\\\/news\\\/2024\\\/07\\\/takacs-nagy-wird-partner-des-st-paul-chamber-orchestra#breadcrumb\"},\"inLanguage\":\"en-US\",\"potentialAction\":[{\"@type\":\"ReadAction\",\"target\":[\"https:\\\/\\\/www.musikzeitung.ch\\\/news\\\/2024\\\/07\\\/takacs-nagy-wird-partner-des-st-paul-chamber-orchestra\"]}]},{\"@type\":\"ImageObject\",\"inLanguage\":\"en-US\",\"@id\":\"https:\\\/\\\/www.musikzeitung.ch\\\/news\\\/2024\\\/07\\\/takacs-nagy-wird-partner-des-st-paul-chamber-orchestra#primaryimage\",\"url\":\"https:\\\/\\\/www.musikzeitung.ch\\\/wp-content\\\/uploads\\\/2024\\\/07\\\/240719gtn.jpg\",\"contentUrl\":\"https:\\\/\\\/www.musikzeitung.ch\\\/wp-content\\\/uploads\\\/2024\\\/07\\\/240719gtn.jpg\",\"width\":1036,\"height\":558,\"caption\":\"G\u00e1bor Tak\u00e1cs-Nagy (Bild: Youtube-Still)\"},{\"@type\":\"BreadcrumbList\",\"@id\":\"https:\\\/\\\/www.musikzeitung.ch\\\/news\\\/2024\\\/07\\\/takacs-nagy-wird-partner-des-st-paul-chamber-orchestra#breadcrumb\",\"itemListElement\":[{\"@type\":\"ListItem\",\"position\":1,\"name\":\"Home\",\"item\":\"https:\\\/\\\/www.musikzeitung.ch\\\/\"},{\"@type\":\"ListItem\",\"position\":2,\"name\":\"Tak\u00e1cs-Nagy wird Partner des St. Paul Chamber Orchestra\"}]},{\"@type\":\"WebSite\",\"@id\":\"https:\\\/\\\/www.musikzeitung.ch\\\/#website\",\"url\":\"https:\\\/\\\/www.musikzeitung.ch\\\/\",\"name\":\"Schweizer Musikzeitung\",\"description\":\"Die f\u00fchrende sparten\u00fcbergreifende Monatszeitung in der Schweiz f\u00fcr musikalische Fragen.\",\"publisher\":{\"@id\":\"https:\\\/\\\/www.musikzeitung.ch\\\/#organization\"},\"potentialAction\":[{\"@type\":\"SearchAction\",\"target\":{\"@type\":\"EntryPoint\",\"urlTemplate\":\"https:\\\/\\\/www.musikzeitung.ch\\\/?s={search_term_string}\"},\"query-input\":{\"@type\":\"PropertyValueSpecification\",\"valueRequired\":true,\"valueName\":\"search_term_string\"}}],\"inLanguage\":\"en-US\"},{\"@type\":\"Organization\",\"@id\":\"https:\\\/\\\/www.musikzeitung.ch\\\/#organization\",\"name\":\"Schweizer Musikzeitung\",\"url\":\"https:\\\/\\\/www.musikzeitung.ch\\\/\",\"logo\":{\"@type\":\"ImageObject\",\"inLanguage\":\"en-US\",\"@id\":\"https:\\\/\\\/www.musikzeitung.ch\\\/#\\\/schema\\\/logo\\\/image\\\/\",\"url\":\"https:\\\/\\\/www.musikzeitung.ch\\\/wp-content\\\/uploads\\\/2023\\\/01\\\/SMZ_Schriftzug_Sprache.png\",\"contentUrl\":\"https:\\\/\\\/www.musikzeitung.ch\\\/wp-content\\\/uploads\\\/2023\\\/01\\\/SMZ_Schriftzug_Sprache.png\",\"width\":1400,\"height\":279,\"caption\":\"Schweizer Musikzeitung\"},\"image\":{\"@id\":\"https:\\\/\\\/www.musikzeitung.ch\\\/#\\\/schema\\\/logo\\\/image\\\/\"},\"sameAs\":[\"https:\\\/\\\/www.facebook.com\\\/SchweizerMusikzeitung\\\/\",\"https:\\\/\\\/x.com\\\/smusikzeitung\",\"https:\\\/\\\/www.instagram.com\\\/musikzeitung.ch\\\/\"]},{\"@type\":\"Person\",\"@id\":\"https:\\\/\\\/www.musikzeitung.ch\\\/#\\\/schema\\\/person\\\/0da4fb82d243f1252850a35d0e87cf0c\",\"name\":\"Wolfgang B\u00f6hler\",\"image\":{\"@type\":\"ImageObject\",\"inLanguage\":\"en-US\",\"@id\":\"https:\\\/\\\/www.musikzeitung.ch\\\/wp-content\\\/uploads\\\/2023\\\/01\\\/boehler_portraet_web-e1674139782246-96x96.jpg\",\"url\":\"https:\\\/\\\/www.musikzeitung.ch\\\/wp-content\\\/uploads\\\/2023\\\/01\\\/boehler_portraet_web-e1674139782246-96x96.jpg\",\"contentUrl\":\"https:\\\/\\\/www.musikzeitung.ch\\\/wp-content\\\/uploads\\\/2023\\\/01\\\/boehler_portraet_web-e1674139782246-96x96.jpg\",\"caption\":\"Wolfgang B\u00f6hler\"},\"sameAs\":[\"http:\\\/\\\/www.manacanto.ch\",\"https:\\\/\\\/www.facebook.com\\\/wolfgang.bohler.75\"],\"url\":\"https:\\\/\\\/www.musikzeitung.ch\\\/en\\\/author\\\/wolfgang-boehler\"}]}<\/script>\n<!-- \/ Yoast SEO plugin. -->","yoast_head_json":{"title":"Tak\u00e1cs-Nagy wird Partner des St. Paul Chamber Orchestra - Schweizer Musikzeitung","description":"G\u00e1bor Tak\u00e1cs-Nagy, Gr\u00fcnder der Genfer Camerata Bellerive, wird k\u00fcnstlerischer Partner des in Minnesota beheimateten St. Paul Chamber Orchestras.","robots":{"index":"index","follow":"follow","max-snippet":"max-snippet:-1","max-image-preview":"max-image-preview:large","max-video-preview":"max-video-preview:-1"},"canonical":"https:\/\/www.musikzeitung.ch\/en\/news\/2024\/07\/takacs-nagy-wird-partner-des-st-paul-chamber-orchestra\/","og_locale":"en_US","og_type":"article","og_title":"Tak\u00e1cs-Nagy wird Partner des St. Paul Chamber Orchestra - Schweizer Musikzeitung","og_description":"G\u00e1bor Tak\u00e1cs-Nagy, Gr\u00fcnder der Genfer Camerata Bellerive, wird k\u00fcnstlerischer Partner des in Minnesota beheimateten St. Paul Chamber Orchestras.","og_url":"https:\/\/www.musikzeitung.ch\/en\/news\/2024\/07\/takacs-nagy-wird-partner-des-st-paul-chamber-orchestra\/","og_site_name":"Schweizer Musikzeitung","article_publisher":"https:\/\/www.facebook.com\/SchweizerMusikzeitung\/","article_author":"https:\/\/www.facebook.com\/wolfgang.bohler.75","article_published_time":"2024-07-19T11:54:23+00:00","article_modified_time":"2024-07-19T12:41:03+00:00","og_image":[{"width":1036,"height":558,"url":"https:\/\/www.musikzeitung.ch\/wp-content\/uploads\/2024\/07\/240719gtn.jpg","type":"image\/jpeg"}],"author":"Wolfgang B\u00f6hler","twitter_card":"summary_large_image","twitter_creator":"@smusikzeitung","twitter_site":"@smusikzeitung","twitter_misc":{"Written by":"Wolfgang B\u00f6hler","Est. reading time":"2 minutes"},"schema":{"@context":"https:\/\/schema.org","@graph":[{"@type":"Article","@id":"https:\/\/www.musikzeitung.ch\/news\/2024\/07\/takacs-nagy-wird-partner-des-st-paul-chamber-orchestra#article","isPartOf":{"@id":"https:\/\/www.musikzeitung.ch\/news\/2024\/07\/takacs-nagy-wird-partner-des-st-paul-chamber-orchestra"},"author":{"name":"Wolfgang B\u00f6hler","@id":"https:\/\/www.musikzeitung.ch\/#\/schema\/person\/0da4fb82d243f1252850a35d0e87cf0c"},"headline":"Tak\u00e1cs-Nagy wird Partner des St. Paul Chamber Orchestra","datePublished":"2024-07-19T11:54:23+00:00","dateModified":"2024-07-19T12:41:03+00:00","mainEntityOfPage":{"@id":"https:\/\/www.musikzeitung.ch\/news\/2024\/07\/takacs-nagy-wird-partner-des-st-paul-chamber-orchestra"},"wordCount":149,"publisher":{"@id":"https:\/\/www.musikzeitung.ch\/#organization"},"image":{"@id":"https:\/\/www.musikzeitung.ch\/news\/2024\/07\/takacs-nagy-wird-partner-des-st-paul-chamber-orchestra#primaryimage"},"thumbnailUrl":"https:\/\/www.musikzeitung.ch\/wp-content\/uploads\/2024\/07\/240719gtn.jpg","keywords":["G\u00e1bor Tak\u00e1cs-Nagy","Saint Paul Chamber Orchestra"],"articleSection":["News"],"inLanguage":"en-US"},{"@type":"WebPage","@id":"https:\/\/www.musikzeitung.ch\/news\/2024\/07\/takacs-nagy-wird-partner-des-st-paul-chamber-orchestra","url":"https:\/\/www.musikzeitung.ch\/news\/2024\/07\/takacs-nagy-wird-partner-des-st-paul-chamber-orchestra","name":"Tak\u00e1cs-Nagy wird Partner des St. Paul Chamber Orchestra - Schweizer Musikzeitung","isPartOf":{"@id":"https:\/\/www.musikzeitung.ch\/#website"},"primaryImageOfPage":{"@id":"https:\/\/www.musikzeitung.ch\/news\/2024\/07\/takacs-nagy-wird-partner-des-st-paul-chamber-orchestra#primaryimage"},"image":{"@id":"https:\/\/www.musikzeitung.ch\/news\/2024\/07\/takacs-nagy-wird-partner-des-st-paul-chamber-orchestra#primaryimage"},"thumbnailUrl":"https:\/\/www.musikzeitung.ch\/wp-content\/uploads\/2024\/07\/240719gtn.jpg","datePublished":"2024-07-19T11:54:23+00:00","dateModified":"2024-07-19T12:41:03+00:00","description":"G\u00e1bor Tak\u00e1cs-Nagy, Gr\u00fcnder der Genfer Camerata Bellerive, wird k\u00fcnstlerischer Partner des in Minnesota beheimateten St. Paul Chamber Orchestras.","breadcrumb":{"@id":"https:\/\/www.musikzeitung.ch\/news\/2024\/07\/takacs-nagy-wird-partner-des-st-paul-chamber-orchestra#breadcrumb"},"inLanguage":"en-US","potentialAction":[{"@type":"ReadAction","target":["https:\/\/www.musikzeitung.ch\/news\/2024\/07\/takacs-nagy-wird-partner-des-st-paul-chamber-orchestra"]}]},{"@type":"ImageObject","inLanguage":"en-US","@id":"https:\/\/www.musikzeitung.ch\/news\/2024\/07\/takacs-nagy-wird-partner-des-st-paul-chamber-orchestra#primaryimage","url":"https:\/\/www.musikzeitung.ch\/wp-content\/uploads\/2024\/07\/240719gtn.jpg","contentUrl":"https:\/\/www.musikzeitung.ch\/wp-content\/uploads\/2024\/07\/240719gtn.jpg","width":1036,"height":558,"caption":"G\u00e1bor Tak\u00e1cs-Nagy (Bild: Youtube-Still)"},{"@type":"BreadcrumbList","@id":"https:\/\/www.musikzeitung.ch\/news\/2024\/07\/takacs-nagy-wird-partner-des-st-paul-chamber-orchestra#breadcrumb","itemListElement":[{"@type":"ListItem","position":1,"name":"Home","item":"https:\/\/www.musikzeitung.ch\/"},{"@type":"ListItem","position":2,"name":"Tak\u00e1cs-Nagy wird Partner des St. Paul Chamber Orchestra"}]},{"@type":"WebSite","@id":"https:\/\/www.musikzeitung.ch\/#website","url":"https:\/\/www.musikzeitung.ch\/","name":"Swiss Music Newspaper","description":"The leading interdisciplinary monthly newspaper in Switzerland for musical issues.","publisher":{"@id":"https:\/\/www.musikzeitung.ch\/#organization"},"potentialAction":[{"@type":"SearchAction","target":{"@type":"EntryPoint","urlTemplate":"https:\/\/www.musikzeitung.ch\/?s={search_term_string}"},"query-input":{"@type":"PropertyValueSpecification","valueRequired":true,"valueName":"search_term_string"}}],"inLanguage":"en-US"},{"@type":"Organization","@id":"https:\/\/www.musikzeitung.ch\/#organization","name":"Swiss Music Newspaper","url":"https:\/\/www.musikzeitung.ch\/","logo":{"@type":"ImageObject","inLanguage":"en-US","@id":"https:\/\/www.musikzeitung.ch\/#\/schema\/logo\/image\/","url":"https:\/\/www.musikzeitung.ch\/wp-content\/uploads\/2023\/01\/SMZ_Schriftzug_Sprache.png","contentUrl":"https:\/\/www.musikzeitung.ch\/wp-content\/uploads\/2023\/01\/SMZ_Schriftzug_Sprache.png","width":1400,"height":279,"caption":"Schweizer Musikzeitung"},"image":{"@id":"https:\/\/www.musikzeitung.ch\/#\/schema\/logo\/image\/"},"sameAs":["https:\/\/www.facebook.com\/SchweizerMusikzeitung\/","https:\/\/x.com\/smusikzeitung","https:\/\/www.instagram.com\/musikzeitung.ch\/"]},{"@type":"Person","@id":"https:\/\/www.musikzeitung.ch\/#\/schema\/person\/0da4fb82d243f1252850a35d0e87cf0c","name":"Wolfgang B\u00f6hler","image":{"@type":"ImageObject","inLanguage":"en-US","@id":"https:\/\/www.musikzeitung.ch\/wp-content\/uploads\/2023\/01\/boehler_portraet_web-e1674139782246-96x96.jpg","url":"https:\/\/www.musikzeitung.ch\/wp-content\/uploads\/2023\/01\/boehler_portraet_web-e1674139782246-96x96.jpg","contentUrl":"https:\/\/www.musikzeitung.ch\/wp-content\/uploads\/2023\/01\/boehler_portraet_web-e1674139782246-96x96.jpg","caption":"Wolfgang B\u00f6hler"},"sameAs":["http:\/\/www.manacanto.ch","https:\/\/www.facebook.com\/wolfgang.bohler.75"],"url":"https:\/\/www.musikzeitung.ch\/en\/author\/wolfgang-boehler"}]}},"publishpress_future_workflow_manual_trigger":{"enabledWorkflows":[]},"_links":{"self":[{"href":"https:\/\/www.musikzeitung.ch\/en\/wp-json\/wp\/v2\/posts\/56130","targetHints":{"allow":["GET"]}}],"collection":[{"href":"https:\/\/www.musikzeitung.ch\/en\/wp-json\/wp\/v2\/posts"}],"about":[{"href":"https:\/\/www.musikzeitung.ch\/en\/wp-json\/wp\/v2\/types\/post"}],"author":[{"embeddable":true,"href":"https:\/\/www.musikzeitung.ch\/en\/wp-json\/wp\/v2\/users\/30"}],"replies":[{"embeddable":true,"href":"https:\/\/www.musikzeitung.ch\/en\/wp-json\/wp\/v2\/comments?post=56130"}],"version-history":[{"count":4,"href":"https:\/\/www.musikzeitung.ch\/en\/wp-json\/wp\/v2\/posts\/56130\/revisions"}],"predecessor-version":[{"id":56137,"href":"https:\/\/www.musikzeitung.ch\/en\/wp-json\/wp\/v2\/posts\/56130\/revisions\/56137"}],"wp:featuredmedia":[{"embeddable":true,"href":"https:\/\/www.musikzeitung.ch\/en\/wp-json\/wp\/v2\/media\/56131"}],"wp:attachment":[{"href":"https:\/\/www.musikzeitung.ch\/en\/wp-json\/wp\/v2\/media?parent=56130"}],"wp:term":[{"taxonomy":"category","embeddable":true,"href":"https:\/\/www.musikzeitung.ch\/en\/wp-json\/wp\/v2\/categories?post=56130"},{"taxonomy":"post_tag","embeddable":true,"href":"https:\/\/www.musikzeitung.ch\/en\/wp-json\/wp\/v2\/tags?post=56130"}],"curies":[{"name":"wp","href":"https:\/\/api.w.org\/{rel}","templated":true}]}}