{"id":56192,"date":"2024-07-26T09:19:17","date_gmt":"2024-07-26T07:19:17","guid":{"rendered":"https:\/\/www.musikzeitung.ch\/?p=56192"},"modified":"2024-07-26T09:21:41","modified_gmt":"2024-07-26T07:21:41","slug":"leo-albisetti-finalist-beim-concours-de-geneve","status":"publish","type":"post","link":"https:\/\/www.musikzeitung.ch\/en\/news\/2024\/07\/leo-albisetti-finalist-beim-concours-de-geneve","title":{"rendered":"L\u00e9o Albisetti finalist at the Concours de Gen\u00e8ve"},"content":{"rendered":"<figure id=\"attachment_56194\" aria-describedby=\"caption-attachment-56194\" style=\"width: 2362px\" class=\"wp-caption alignleft\"><img loading=\"lazy\" decoding=\"async\" class=\"size-full wp-image-56194\" src=\"https:\/\/www.musikzeitung.ch\/wp-content\/uploads\/2024\/07\/Finalisten.jpg\" alt=\"\" width=\"2362\" height=\"1484\" srcset=\"https:\/\/www.musikzeitung.ch\/wp-content\/uploads\/2024\/07\/Finalisten.jpg 1400w, https:\/\/www.musikzeitung.ch\/wp-content\/uploads\/2024\/07\/Finalisten-300x188.jpg 300w, https:\/\/www.musikzeitung.ch\/wp-content\/uploads\/2024\/07\/Finalisten-1024x643.jpg 1024w, https:\/\/www.musikzeitung.ch\/wp-content\/uploads\/2024\/07\/Finalisten-768x483.jpg 768w, https:\/\/www.musikzeitung.ch\/wp-content\/uploads\/2024\/07\/Finalisten-1536x965.jpg 1536w, https:\/\/www.musikzeitung.ch\/wp-content\/uploads\/2024\/07\/Finalisten-2048x1287.jpg 2048w, https:\/\/www.musikzeitung.ch\/wp-content\/uploads\/2024\/07\/Finalisten-18x12.jpg 18w, https:\/\/www.musikzeitung.ch\/wp-content\/uploads\/2024\/07\/Finalisten-279x175.jpg 279w, https:\/\/www.musikzeitung.ch\/wp-content\/uploads\/2024\/07\/Finalisten-557x350.jpg 557w, https:\/\/www.musikzeitung.ch\/wp-content\/uploads\/2024\/07\/Finalisten-1273x800.jpg 1273w, https:\/\/www.musikzeitung.ch\/wp-content\/uploads\/2024\/07\/Finalisten-920x578.jpg 920w\" sizes=\"auto, (max-width: 2362px) 100vw, 2362px\" \/><figcaption id=\"caption-attachment-56194\" class=\"wp-caption-text\">L\u00e9o Albisetti, Caio de Azevedo and Ryu Sang-Min (from left) have each composed a work for viola and chamber orchestra. Image: Concours de Gen\u00e8ve<\/figcaption><\/figure>\n<p>This year's official jury of the<a href=\"https:\/\/www.concoursgeneve.ch\" target=\"_blank\" rel=\"noopener\"> Concours de Gen\u00e8ve<\/a> met in the composition category in Geneva at the beginning of June. The Swiss composer Pascal Dusapin chaired the jury. Other jury members are Milica Djordjevi\u0107, Francesco Filidei, Hector Parr\u00e0 and Francesca Verunelli. Of the 82 scores submitted, 18 were selected and examined in detail. The jury then selected three finalists. These are L\u00e9o Albisetti (26) from Switzerland, Caio de Azevedo (30) from Brazil, who lives in Munich, and Sang-Min Ryu (24) from South Korea.<\/p>\n<p>The candidates will be in Geneva from October 16, 2024. They will be able to follow the rehearsals of their work for viola and chamber orchestra for the final round on October 20, 2024 with the Orchestre de Chambre de Gen\u00e8ve conducted by Pierre Bleuse. They will also have the opportunity to take part in a showcase. Students from the Haute \u00c9cole de musique de Gen\u00e8ve will perform one or two of their works with soloists Lise Berthaud, Georhi Kovalev and Adrien La Marca.<\/p>\n<h3>Concours de Gen\u00e8ve<\/h3>\n<p>Founded in 1939, the Concours de Gen\u00e8ve is one of the most important international music competitions in the world. Its aim is to discover, promote and support talented young artists. Every year, up-and-coming international musicians compete in two alternating disciplines, this year in singing and composition. In addition to the prize money, the winners receive a two-year contract with the concert agency Sartory Artists. There are also numerous other coaching opportunities to prepare them for a sustainable career in the classical music scene.<\/p>","protected":false},"excerpt":{"rendered":"<p>The jury of the 78th Concours de Gen\u00e8ve has announced the candidates in the composition category: L\u00e9o Albisetti, Caio de Azevedo and Ryu Sang-Min.<\/p>","protected":false},"author":23,"featured_media":56194,"comment_status":"closed","ping_status":"closed","sticky":false,"template":"","format":"standard","meta":{"_acf_changed":false,"_relevanssi_hide_post":"","_relevanssi_hide_content":"","_relevanssi_pin_for_all":"","_relevanssi_pin_keywords":"","_relevanssi_unpin_keywords":"","_relevanssi_related_keywords":"","_relevanssi_related_include_ids":"","_relevanssi_related_exclude_ids":"","_relevanssi_related_no_append":"","_relevanssi_related_not_related":"","_relevanssi_related_posts":"","_relevanssi_noindex_reason":"","pgc_sgb_lightbox_settings":"","footnotes":""},"categories":[27],"tags":[3333,4224],"class_list":["post-56192","post","type-post","status-publish","format-standard","has-post-thumbnail","hentry","category-news","tag-concours-de-geneve","tag-leo-albisetti"],"acf":[],"yoast_head":"<!-- This site is optimized with the Yoast SEO plugin v27.4 - https:\/\/yoast.com\/product\/yoast-seo-wordpress\/ -->\n<title>L\u00e9o Albisetti Finalist beim Concours de Gen\u00e8ve - Schweizer Musikzeitung<\/title>\n<meta name=\"description\" content=\"Die Jury des 78. Concours de Gen\u00e8ve hat die Kandidaten der Kategorie Komposition bekanntgegeben: L\u00e9o Albisetti, Caio de Azevedo und Ryu Sang-Min.\" \/>\n<meta name=\"robots\" content=\"index, follow, max-snippet:-1, max-image-preview:large, max-video-preview:-1\" \/>\n<link rel=\"canonical\" href=\"https:\/\/www.musikzeitung.ch\/en\/news\/2024\/07\/leo-albisetti-finalist-beim-concours-de-geneve\/\" \/>\n<meta property=\"og:locale\" content=\"en_US\" \/>\n<meta property=\"og:type\" content=\"article\" \/>\n<meta property=\"og:title\" content=\"L\u00e9o Albisetti Finalist beim Concours de Gen\u00e8ve - Schweizer Musikzeitung\" \/>\n<meta property=\"og:description\" content=\"Die Jury des 78. Concours de Gen\u00e8ve hat die Kandidaten der Kategorie Komposition bekanntgegeben: L\u00e9o Albisetti, Caio de Azevedo und Ryu Sang-Min.\" \/>\n<meta property=\"og:url\" content=\"https:\/\/www.musikzeitung.ch\/en\/news\/2024\/07\/leo-albisetti-finalist-beim-concours-de-geneve\/\" \/>\n<meta property=\"og:site_name\" content=\"Schweizer Musikzeitung\" \/>\n<meta property=\"article:publisher\" content=\"https:\/\/www.facebook.com\/SchweizerMusikzeitung\/\" \/>\n<meta property=\"article:published_time\" content=\"2024-07-26T07:19:17+00:00\" \/>\n<meta property=\"article:modified_time\" content=\"2024-07-26T07:21:41+00:00\" \/>\n<meta property=\"og:image\" content=\"https:\/\/www.musikzeitung.ch\/wp-content\/uploads\/2024\/07\/Finalisten.jpg\" \/>\n\t<meta property=\"og:image:width\" content=\"1400\" \/>\n\t<meta property=\"og:image:height\" content=\"880\" \/>\n\t<meta property=\"og:image:type\" content=\"image\/jpeg\" \/>\n<meta name=\"author\" content=\"Katrin Spelinova\" \/>\n<meta name=\"twitter:card\" content=\"summary_large_image\" \/>\n<meta name=\"twitter:creator\" content=\"@testredaktor\" \/>\n<meta name=\"twitter:site\" content=\"@smusikzeitung\" \/>\n<meta name=\"twitter:label1\" content=\"Written by\" \/>\n\t<meta name=\"twitter:data1\" content=\"Katrin Spelinova\" \/>\n\t<meta name=\"twitter:label2\" content=\"Est. reading time\" \/>\n\t<meta name=\"twitter:data2\" content=\"2 minutes\" \/>\n<script type=\"application\/ld+json\" class=\"yoast-schema-graph\">{\"@context\":\"https:\\\/\\\/schema.org\",\"@graph\":[{\"@type\":\"Article\",\"@id\":\"https:\\\/\\\/www.musikzeitung.ch\\\/news\\\/2024\\\/07\\\/leo-albisetti-finalist-beim-concours-de-geneve#article\",\"isPartOf\":{\"@id\":\"https:\\\/\\\/www.musikzeitung.ch\\\/news\\\/2024\\\/07\\\/leo-albisetti-finalist-beim-concours-de-geneve\"},\"author\":{\"name\":\"Katrin Spelinova\",\"@id\":\"https:\\\/\\\/www.musikzeitung.ch\\\/#\\\/schema\\\/person\\\/dce7e5b820812d9af4db2f787d1bec92\"},\"headline\":\"L\u00e9o Albisetti Finalist beim Concours de Gen\u00e8ve\",\"datePublished\":\"2024-07-26T07:19:17+00:00\",\"dateModified\":\"2024-07-26T07:21:41+00:00\",\"mainEntityOfPage\":{\"@id\":\"https:\\\/\\\/www.musikzeitung.ch\\\/news\\\/2024\\\/07\\\/leo-albisetti-finalist-beim-concours-de-geneve\"},\"wordCount\":286,\"publisher\":{\"@id\":\"https:\\\/\\\/www.musikzeitung.ch\\\/#organization\"},\"image\":{\"@id\":\"https:\\\/\\\/www.musikzeitung.ch\\\/news\\\/2024\\\/07\\\/leo-albisetti-finalist-beim-concours-de-geneve#primaryimage\"},\"thumbnailUrl\":\"https:\\\/\\\/www.musikzeitung.ch\\\/wp-content\\\/uploads\\\/2024\\\/07\\\/Finalisten.jpg\",\"keywords\":[\"Concours de Gen\u00e8ve\",\"L\u00e9o Albisetti\"],\"articleSection\":[\"News\"],\"inLanguage\":\"en-US\"},{\"@type\":\"WebPage\",\"@id\":\"https:\\\/\\\/www.musikzeitung.ch\\\/news\\\/2024\\\/07\\\/leo-albisetti-finalist-beim-concours-de-geneve\",\"url\":\"https:\\\/\\\/www.musikzeitung.ch\\\/news\\\/2024\\\/07\\\/leo-albisetti-finalist-beim-concours-de-geneve\",\"name\":\"L\u00e9o Albisetti Finalist beim Concours de Gen\u00e8ve - Schweizer Musikzeitung\",\"isPartOf\":{\"@id\":\"https:\\\/\\\/www.musikzeitung.ch\\\/#website\"},\"primaryImageOfPage\":{\"@id\":\"https:\\\/\\\/www.musikzeitung.ch\\\/news\\\/2024\\\/07\\\/leo-albisetti-finalist-beim-concours-de-geneve#primaryimage\"},\"image\":{\"@id\":\"https:\\\/\\\/www.musikzeitung.ch\\\/news\\\/2024\\\/07\\\/leo-albisetti-finalist-beim-concours-de-geneve#primaryimage\"},\"thumbnailUrl\":\"https:\\\/\\\/www.musikzeitung.ch\\\/wp-content\\\/uploads\\\/2024\\\/07\\\/Finalisten.jpg\",\"datePublished\":\"2024-07-26T07:19:17+00:00\",\"dateModified\":\"2024-07-26T07:21:41+00:00\",\"description\":\"Die Jury des 78. Concours de Gen\u00e8ve hat die Kandidaten der Kategorie Komposition bekanntgegeben: L\u00e9o Albisetti, Caio de Azevedo und Ryu Sang-Min.\",\"breadcrumb\":{\"@id\":\"https:\\\/\\\/www.musikzeitung.ch\\\/news\\\/2024\\\/07\\\/leo-albisetti-finalist-beim-concours-de-geneve#breadcrumb\"},\"inLanguage\":\"en-US\",\"potentialAction\":[{\"@type\":\"ReadAction\",\"target\":[\"https:\\\/\\\/www.musikzeitung.ch\\\/news\\\/2024\\\/07\\\/leo-albisetti-finalist-beim-concours-de-geneve\"]}]},{\"@type\":\"ImageObject\",\"inLanguage\":\"en-US\",\"@id\":\"https:\\\/\\\/www.musikzeitung.ch\\\/news\\\/2024\\\/07\\\/leo-albisetti-finalist-beim-concours-de-geneve#primaryimage\",\"url\":\"https:\\\/\\\/www.musikzeitung.ch\\\/wp-content\\\/uploads\\\/2024\\\/07\\\/Finalisten.jpg\",\"contentUrl\":\"https:\\\/\\\/www.musikzeitung.ch\\\/wp-content\\\/uploads\\\/2024\\\/07\\\/Finalisten.jpg\",\"width\":1400,\"height\":880,\"caption\":\"L\u00e9o Albisetti, Caio de Azevedo und Ryu Sang-Min (v.l.) haben je ein Werk f\u00fcr Viola und Kammerorchester komponiert. Bild: Concours de Gen\u00e8ve\"},{\"@type\":\"BreadcrumbList\",\"@id\":\"https:\\\/\\\/www.musikzeitung.ch\\\/news\\\/2024\\\/07\\\/leo-albisetti-finalist-beim-concours-de-geneve#breadcrumb\",\"itemListElement\":[{\"@type\":\"ListItem\",\"position\":1,\"name\":\"Home\",\"item\":\"https:\\\/\\\/www.musikzeitung.ch\\\/\"},{\"@type\":\"ListItem\",\"position\":2,\"name\":\"L\u00e9o Albisetti Finalist beim Concours de Gen\u00e8ve\"}]},{\"@type\":\"WebSite\",\"@id\":\"https:\\\/\\\/www.musikzeitung.ch\\\/#website\",\"url\":\"https:\\\/\\\/www.musikzeitung.ch\\\/\",\"name\":\"Schweizer Musikzeitung\",\"description\":\"Die f\u00fchrende sparten\u00fcbergreifende Monatszeitung in der Schweiz f\u00fcr musikalische Fragen.\",\"publisher\":{\"@id\":\"https:\\\/\\\/www.musikzeitung.ch\\\/#organization\"},\"potentialAction\":[{\"@type\":\"SearchAction\",\"target\":{\"@type\":\"EntryPoint\",\"urlTemplate\":\"https:\\\/\\\/www.musikzeitung.ch\\\/?s={search_term_string}\"},\"query-input\":{\"@type\":\"PropertyValueSpecification\",\"valueRequired\":true,\"valueName\":\"search_term_string\"}}],\"inLanguage\":\"en-US\"},{\"@type\":\"Organization\",\"@id\":\"https:\\\/\\\/www.musikzeitung.ch\\\/#organization\",\"name\":\"Schweizer Musikzeitung\",\"url\":\"https:\\\/\\\/www.musikzeitung.ch\\\/\",\"logo\":{\"@type\":\"ImageObject\",\"inLanguage\":\"en-US\",\"@id\":\"https:\\\/\\\/www.musikzeitung.ch\\\/#\\\/schema\\\/logo\\\/image\\\/\",\"url\":\"https:\\\/\\\/www.musikzeitung.ch\\\/wp-content\\\/uploads\\\/2023\\\/01\\\/SMZ_Schriftzug_Sprache.png\",\"contentUrl\":\"https:\\\/\\\/www.musikzeitung.ch\\\/wp-content\\\/uploads\\\/2023\\\/01\\\/SMZ_Schriftzug_Sprache.png\",\"width\":1400,\"height\":279,\"caption\":\"Schweizer Musikzeitung\"},\"image\":{\"@id\":\"https:\\\/\\\/www.musikzeitung.ch\\\/#\\\/schema\\\/logo\\\/image\\\/\"},\"sameAs\":[\"https:\\\/\\\/www.facebook.com\\\/SchweizerMusikzeitung\\\/\",\"https:\\\/\\\/x.com\\\/smusikzeitung\",\"https:\\\/\\\/www.instagram.com\\\/musikzeitung.ch\\\/\"]},{\"@type\":\"Person\",\"@id\":\"https:\\\/\\\/www.musikzeitung.ch\\\/#\\\/schema\\\/person\\\/dce7e5b820812d9af4db2f787d1bec92\",\"name\":\"Katrin Spelinova\",\"image\":{\"@type\":\"ImageObject\",\"inLanguage\":\"en-US\",\"@id\":\"https:\\\/\\\/secure.gravatar.com\\\/avatar\\\/2a2c2956e074ebca9bf65620496cd2e317d90b8c76450e9dd04d7cebf95eeada?s=96&d=mm&r=g\",\"url\":\"https:\\\/\\\/secure.gravatar.com\\\/avatar\\\/2a2c2956e074ebca9bf65620496cd2e317d90b8c76450e9dd04d7cebf95eeada?s=96&d=mm&r=g\",\"contentUrl\":\"https:\\\/\\\/secure.gravatar.com\\\/avatar\\\/2a2c2956e074ebca9bf65620496cd2e317d90b8c76450e9dd04d7cebf95eeada?s=96&d=mm&r=g\",\"caption\":\"Katrin Spelinova\"},\"sameAs\":[\"https:\\\/\\\/x.com\\\/testredaktor\"],\"url\":\"https:\\\/\\\/www.musikzeitung.ch\\\/en\\\/author\\\/spelkat\"}]}<\/script>\n<!-- \/ Yoast SEO plugin. -->","yoast_head_json":{"title":"L\u00e9o Albisetti finalist at the Concours de Gen\u00e8ve - Schweizer Musikzeitung","description":"The jury of the 78th Concours de Gen\u00e8ve has announced the candidates in the composition category: L\u00e9o Albisetti, Caio de Azevedo and Ryu Sang-Min.","robots":{"index":"index","follow":"follow","max-snippet":"max-snippet:-1","max-image-preview":"max-image-preview:large","max-video-preview":"max-video-preview:-1"},"canonical":"https:\/\/www.musikzeitung.ch\/en\/news\/2024\/07\/leo-albisetti-finalist-beim-concours-de-geneve\/","og_locale":"en_US","og_type":"article","og_title":"L\u00e9o Albisetti Finalist beim Concours de Gen\u00e8ve - Schweizer Musikzeitung","og_description":"Die Jury des 78. Concours de Gen\u00e8ve hat die Kandidaten der Kategorie Komposition bekanntgegeben: L\u00e9o Albisetti, Caio de Azevedo und Ryu Sang-Min.","og_url":"https:\/\/www.musikzeitung.ch\/en\/news\/2024\/07\/leo-albisetti-finalist-beim-concours-de-geneve\/","og_site_name":"Schweizer Musikzeitung","article_publisher":"https:\/\/www.facebook.com\/SchweizerMusikzeitung\/","article_published_time":"2024-07-26T07:19:17+00:00","article_modified_time":"2024-07-26T07:21:41+00:00","og_image":[{"width":1400,"height":880,"url":"https:\/\/www.musikzeitung.ch\/wp-content\/uploads\/2024\/07\/Finalisten.jpg","type":"image\/jpeg"}],"author":"Katrin Spelinova","twitter_card":"summary_large_image","twitter_creator":"@testredaktor","twitter_site":"@smusikzeitung","twitter_misc":{"Written by":"Katrin Spelinova","Est. reading time":"2 minutes"},"schema":{"@context":"https:\/\/schema.org","@graph":[{"@type":"Article","@id":"https:\/\/www.musikzeitung.ch\/news\/2024\/07\/leo-albisetti-finalist-beim-concours-de-geneve#article","isPartOf":{"@id":"https:\/\/www.musikzeitung.ch\/news\/2024\/07\/leo-albisetti-finalist-beim-concours-de-geneve"},"author":{"name":"Katrin Spelinova","@id":"https:\/\/www.musikzeitung.ch\/#\/schema\/person\/dce7e5b820812d9af4db2f787d1bec92"},"headline":"L\u00e9o Albisetti Finalist beim Concours de Gen\u00e8ve","datePublished":"2024-07-26T07:19:17+00:00","dateModified":"2024-07-26T07:21:41+00:00","mainEntityOfPage":{"@id":"https:\/\/www.musikzeitung.ch\/news\/2024\/07\/leo-albisetti-finalist-beim-concours-de-geneve"},"wordCount":286,"publisher":{"@id":"https:\/\/www.musikzeitung.ch\/#organization"},"image":{"@id":"https:\/\/www.musikzeitung.ch\/news\/2024\/07\/leo-albisetti-finalist-beim-concours-de-geneve#primaryimage"},"thumbnailUrl":"https:\/\/www.musikzeitung.ch\/wp-content\/uploads\/2024\/07\/Finalisten.jpg","keywords":["Concours de Gen\u00e8ve","L\u00e9o Albisetti"],"articleSection":["News"],"inLanguage":"en-US"},{"@type":"WebPage","@id":"https:\/\/www.musikzeitung.ch\/news\/2024\/07\/leo-albisetti-finalist-beim-concours-de-geneve","url":"https:\/\/www.musikzeitung.ch\/news\/2024\/07\/leo-albisetti-finalist-beim-concours-de-geneve","name":"L\u00e9o Albisetti finalist at the Concours de Gen\u00e8ve - Schweizer Musikzeitung","isPartOf":{"@id":"https:\/\/www.musikzeitung.ch\/#website"},"primaryImageOfPage":{"@id":"https:\/\/www.musikzeitung.ch\/news\/2024\/07\/leo-albisetti-finalist-beim-concours-de-geneve#primaryimage"},"image":{"@id":"https:\/\/www.musikzeitung.ch\/news\/2024\/07\/leo-albisetti-finalist-beim-concours-de-geneve#primaryimage"},"thumbnailUrl":"https:\/\/www.musikzeitung.ch\/wp-content\/uploads\/2024\/07\/Finalisten.jpg","datePublished":"2024-07-26T07:19:17+00:00","dateModified":"2024-07-26T07:21:41+00:00","description":"The jury of the 78th Concours de Gen\u00e8ve has announced the candidates in the composition category: L\u00e9o Albisetti, Caio de Azevedo and Ryu Sang-Min.","breadcrumb":{"@id":"https:\/\/www.musikzeitung.ch\/news\/2024\/07\/leo-albisetti-finalist-beim-concours-de-geneve#breadcrumb"},"inLanguage":"en-US","potentialAction":[{"@type":"ReadAction","target":["https:\/\/www.musikzeitung.ch\/news\/2024\/07\/leo-albisetti-finalist-beim-concours-de-geneve"]}]},{"@type":"ImageObject","inLanguage":"en-US","@id":"https:\/\/www.musikzeitung.ch\/news\/2024\/07\/leo-albisetti-finalist-beim-concours-de-geneve#primaryimage","url":"https:\/\/www.musikzeitung.ch\/wp-content\/uploads\/2024\/07\/Finalisten.jpg","contentUrl":"https:\/\/www.musikzeitung.ch\/wp-content\/uploads\/2024\/07\/Finalisten.jpg","width":1400,"height":880,"caption":"L\u00e9o Albisetti, Caio de Azevedo und Ryu Sang-Min (v.l.) haben je ein Werk f\u00fcr Viola und Kammerorchester komponiert. Bild: Concours de Gen\u00e8ve"},{"@type":"BreadcrumbList","@id":"https:\/\/www.musikzeitung.ch\/news\/2024\/07\/leo-albisetti-finalist-beim-concours-de-geneve#breadcrumb","itemListElement":[{"@type":"ListItem","position":1,"name":"Home","item":"https:\/\/www.musikzeitung.ch\/"},{"@type":"ListItem","position":2,"name":"L\u00e9o Albisetti Finalist beim Concours de Gen\u00e8ve"}]},{"@type":"WebSite","@id":"https:\/\/www.musikzeitung.ch\/#website","url":"https:\/\/www.musikzeitung.ch\/","name":"Swiss Music Newspaper","description":"The leading interdisciplinary monthly newspaper in Switzerland for musical issues.","publisher":{"@id":"https:\/\/www.musikzeitung.ch\/#organization"},"potentialAction":[{"@type":"SearchAction","target":{"@type":"EntryPoint","urlTemplate":"https:\/\/www.musikzeitung.ch\/?s={search_term_string}"},"query-input":{"@type":"PropertyValueSpecification","valueRequired":true,"valueName":"search_term_string"}}],"inLanguage":"en-US"},{"@type":"Organization","@id":"https:\/\/www.musikzeitung.ch\/#organization","name":"Swiss Music Newspaper","url":"https:\/\/www.musikzeitung.ch\/","logo":{"@type":"ImageObject","inLanguage":"en-US","@id":"https:\/\/www.musikzeitung.ch\/#\/schema\/logo\/image\/","url":"https:\/\/www.musikzeitung.ch\/wp-content\/uploads\/2023\/01\/SMZ_Schriftzug_Sprache.png","contentUrl":"https:\/\/www.musikzeitung.ch\/wp-content\/uploads\/2023\/01\/SMZ_Schriftzug_Sprache.png","width":1400,"height":279,"caption":"Schweizer Musikzeitung"},"image":{"@id":"https:\/\/www.musikzeitung.ch\/#\/schema\/logo\/image\/"},"sameAs":["https:\/\/www.facebook.com\/SchweizerMusikzeitung\/","https:\/\/x.com\/smusikzeitung","https:\/\/www.instagram.com\/musikzeitung.ch\/"]},{"@type":"Person","@id":"https:\/\/www.musikzeitung.ch\/#\/schema\/person\/dce7e5b820812d9af4db2f787d1bec92","name":"Katrin Spelinova","image":{"@type":"ImageObject","inLanguage":"en-US","@id":"https:\/\/secure.gravatar.com\/avatar\/2a2c2956e074ebca9bf65620496cd2e317d90b8c76450e9dd04d7cebf95eeada?s=96&d=mm&r=g","url":"https:\/\/secure.gravatar.com\/avatar\/2a2c2956e074ebca9bf65620496cd2e317d90b8c76450e9dd04d7cebf95eeada?s=96&d=mm&r=g","contentUrl":"https:\/\/secure.gravatar.com\/avatar\/2a2c2956e074ebca9bf65620496cd2e317d90b8c76450e9dd04d7cebf95eeada?s=96&d=mm&r=g","caption":"Katrin Spelinova"},"sameAs":["https:\/\/x.com\/testredaktor"],"url":"https:\/\/www.musikzeitung.ch\/en\/author\/spelkat"}]}},"publishpress_future_workflow_manual_trigger":{"enabledWorkflows":[]},"_links":{"self":[{"href":"https:\/\/www.musikzeitung.ch\/en\/wp-json\/wp\/v2\/posts\/56192","targetHints":{"allow":["GET"]}}],"collection":[{"href":"https:\/\/www.musikzeitung.ch\/en\/wp-json\/wp\/v2\/posts"}],"about":[{"href":"https:\/\/www.musikzeitung.ch\/en\/wp-json\/wp\/v2\/types\/post"}],"author":[{"embeddable":true,"href":"https:\/\/www.musikzeitung.ch\/en\/wp-json\/wp\/v2\/users\/23"}],"replies":[{"embeddable":true,"href":"https:\/\/www.musikzeitung.ch\/en\/wp-json\/wp\/v2\/comments?post=56192"}],"version-history":[{"count":2,"href":"https:\/\/www.musikzeitung.ch\/en\/wp-json\/wp\/v2\/posts\/56192\/revisions"}],"predecessor-version":[{"id":56196,"href":"https:\/\/www.musikzeitung.ch\/en\/wp-json\/wp\/v2\/posts\/56192\/revisions\/56196"}],"wp:featuredmedia":[{"embeddable":true,"href":"https:\/\/www.musikzeitung.ch\/en\/wp-json\/wp\/v2\/media\/56194"}],"wp:attachment":[{"href":"https:\/\/www.musikzeitung.ch\/en\/wp-json\/wp\/v2\/media?parent=56192"}],"wp:term":[{"taxonomy":"category","embeddable":true,"href":"https:\/\/www.musikzeitung.ch\/en\/wp-json\/wp\/v2\/categories?post=56192"},{"taxonomy":"post_tag","embeddable":true,"href":"https:\/\/www.musikzeitung.ch\/en\/wp-json\/wp\/v2\/tags?post=56192"}],"curies":[{"name":"wp","href":"https:\/\/api.w.org\/{rel}","templated":true}]}}