{"id":56214,"date":"2024-07-29T14:38:54","date_gmt":"2024-07-29T12:38:54","guid":{"rendered":"https:\/\/www.musikzeitung.ch\/?p=56214"},"modified":"2024-07-29T16:47:42","modified_gmt":"2024-07-29T14:47:42","slug":"lara-morger-gewinnt-leipziger-bach-wettbewerb","status":"publish","type":"post","link":"https:\/\/www.musikzeitung.ch\/en\/news\/2024\/07\/lara-morger-gewinnt-leipziger-bach-wettbewerb","title":{"rendered":"Lara Morger wins Leipzig Bach Competition"},"content":{"rendered":"<figure id=\"attachment_56215\" aria-describedby=\"caption-attachment-56215\" style=\"width: 903px\" class=\"wp-caption alignnone\"><img loading=\"lazy\" decoding=\"async\" class=\"size-full wp-image-56215\" src=\"https:\/\/www.musikzeitung.ch\/wp-content\/uploads\/2024\/07\/240729morger.jpg\" alt=\"\" width=\"903\" height=\"626\" srcset=\"https:\/\/www.musikzeitung.ch\/wp-content\/uploads\/2024\/07\/240729morger.jpg 903w, https:\/\/www.musikzeitung.ch\/wp-content\/uploads\/2024\/07\/240729morger-300x208.jpg 300w, https:\/\/www.musikzeitung.ch\/wp-content\/uploads\/2024\/07\/240729morger-768x532.jpg 768w, https:\/\/www.musikzeitung.ch\/wp-content\/uploads\/2024\/07\/240729morger-18x12.jpg 18w, https:\/\/www.musikzeitung.ch\/wp-content\/uploads\/2024\/07\/240729morger-252x175.jpg 252w, https:\/\/www.musikzeitung.ch\/wp-content\/uploads\/2024\/07\/240729morger-505x350.jpg 505w\" sizes=\"auto, (max-width: 903px) 100vw, 903px\" \/><figcaption id=\"caption-attachment-56215\" class=\"wp-caption-text\">Lara Morger (Image: Frederic Hern\u00e0ndez Torner)<\/figcaption><\/figure>\n<p>Lara Morger studied at the Bern University of the Arts with Tanja Baumgartner, among others. She is a prizewinner of the Telemann Competition Magdeburg and the Salvat Bach Grant of the Bachcelona Foundation. As a soloist, she has worked with conductors such as Jordi Savall, Ton Koopman and Christoph Pr\u00e9gardien and has sung with ensembles such as Hesp\u00e8rion XXI and lautten compagney Berlin. She has been a member of the Capella Reial de Catalunya since 2021. She last appeared on the opera stage in 2022 in the title role of Handel's <em>Alessandro<\/em> at the ETA Hoffmann Theater Bamberg under the direction of Gottfried von der Goltz.<\/p>\n<p>As part of the 24th International Johann Sebastian Bach Competition, 108 musicians from 19 countries competed for the title of Bach Prize winner in the fields of organ, voice and cello\/baroque cello. Of these, 18 young musicians from eight countries made it to the final on July 26, including eight participants from Germany, three from the USA and two from Spain.<\/p>\n<p>&nbsp;<\/p>","protected":false},"excerpt":{"rendered":"<p>The Swiss alto Lara Morger has won this year's Leipzig Bach Competition in the vocal category. She also won an audience prize.<\/p>","protected":false},"author":30,"featured_media":56215,"comment_status":"closed","ping_status":"closed","sticky":false,"template":"","format":"standard","meta":{"_acf_changed":false,"_relevanssi_hide_post":"","_relevanssi_hide_content":"","_relevanssi_pin_for_all":"","_relevanssi_pin_keywords":"","_relevanssi_unpin_keywords":"","_relevanssi_related_keywords":"","_relevanssi_related_include_ids":"","_relevanssi_related_exclude_ids":"","_relevanssi_related_no_append":"","_relevanssi_related_not_related":"","_relevanssi_related_posts":"","_relevanssi_noindex_reason":"","pgc_sgb_lightbox_settings":"","footnotes":""},"categories":[27],"tags":[4229,4228],"class_list":["post-56214","post","type-post","status-publish","format-standard","has-post-thumbnail","hentry","category-news","tag-bach-wettbewerb-leipzig","tag-lara-morger"],"acf":[],"yoast_head":"<!-- This site is optimized with the Yoast SEO plugin v27.5 - https:\/\/yoast.com\/product\/yoast-seo-wordpress\/ -->\n<title>Lara Morger gewinnt Leipziger Bach-Wettbewerb - Schweizer Musikzeitung<\/title>\n<meta name=\"description\" content=\"Die Schweizer Altistin Lara Morger hat im Fach Gesang den diesj\u00e4hrigen Bachwettbewerb Leipzig f\u00fcr sich entschieden.\" \/>\n<meta name=\"robots\" content=\"index, follow, max-snippet:-1, max-image-preview:large, max-video-preview:-1\" \/>\n<link rel=\"canonical\" href=\"https:\/\/www.musikzeitung.ch\/en\/news\/2024\/07\/lara-morger-gewinnt-leipziger-bach-wettbewerb\/\" \/>\n<meta property=\"og:locale\" content=\"en_US\" \/>\n<meta property=\"og:type\" content=\"article\" \/>\n<meta property=\"og:title\" content=\"Lara Morger gewinnt Leipziger Bach-Wettbewerb - Schweizer Musikzeitung\" \/>\n<meta property=\"og:description\" content=\"Die Schweizer Altistin Lara Morger hat im Fach Gesang den diesj\u00e4hrigen Bachwettbewerb Leipzig f\u00fcr sich entschieden.\" \/>\n<meta property=\"og:url\" content=\"https:\/\/www.musikzeitung.ch\/en\/news\/2024\/07\/lara-morger-gewinnt-leipziger-bach-wettbewerb\/\" \/>\n<meta property=\"og:site_name\" content=\"Schweizer Musikzeitung\" \/>\n<meta property=\"article:publisher\" content=\"https:\/\/www.facebook.com\/SchweizerMusikzeitung\/\" \/>\n<meta property=\"article:author\" content=\"https:\/\/www.facebook.com\/wolfgang.bohler.75\" \/>\n<meta property=\"article:published_time\" content=\"2024-07-29T12:38:54+00:00\" \/>\n<meta property=\"article:modified_time\" content=\"2024-07-29T14:47:42+00:00\" \/>\n<meta property=\"og:image\" content=\"https:\/\/www.musikzeitung.ch\/wp-content\/uploads\/2024\/07\/240729morger.jpg\" \/>\n\t<meta property=\"og:image:width\" content=\"903\" \/>\n\t<meta property=\"og:image:height\" content=\"626\" \/>\n\t<meta property=\"og:image:type\" content=\"image\/jpeg\" \/>\n<meta name=\"author\" content=\"Wolfgang B\u00f6hler\" \/>\n<meta name=\"twitter:card\" content=\"summary_large_image\" \/>\n<meta name=\"twitter:creator\" content=\"@smusikzeitung\" \/>\n<meta name=\"twitter:site\" content=\"@smusikzeitung\" \/>\n<meta name=\"twitter:label1\" content=\"Written by\" \/>\n\t<meta name=\"twitter:data1\" content=\"Wolfgang B\u00f6hler\" \/>\n\t<meta name=\"twitter:label2\" content=\"Est. reading time\" \/>\n\t<meta name=\"twitter:data2\" content=\"2 minutes\" \/>\n<script type=\"application\/ld+json\" class=\"yoast-schema-graph\">{\"@context\":\"https:\\\/\\\/schema.org\",\"@graph\":[{\"@type\":\"Article\",\"@id\":\"https:\\\/\\\/www.musikzeitung.ch\\\/news\\\/2024\\\/07\\\/lara-morger-gewinnt-leipziger-bach-wettbewerb#article\",\"isPartOf\":{\"@id\":\"https:\\\/\\\/www.musikzeitung.ch\\\/news\\\/2024\\\/07\\\/lara-morger-gewinnt-leipziger-bach-wettbewerb\"},\"author\":{\"name\":\"Wolfgang B\u00f6hler\",\"@id\":\"https:\\\/\\\/www.musikzeitung.ch\\\/#\\\/schema\\\/person\\\/0da4fb82d243f1252850a35d0e87cf0c\"},\"headline\":\"Lara Morger gewinnt Leipziger Bach-Wettbewerb\",\"datePublished\":\"2024-07-29T12:38:54+00:00\",\"dateModified\":\"2024-07-29T14:47:42+00:00\",\"mainEntityOfPage\":{\"@id\":\"https:\\\/\\\/www.musikzeitung.ch\\\/news\\\/2024\\\/07\\\/lara-morger-gewinnt-leipziger-bach-wettbewerb\"},\"wordCount\":174,\"publisher\":{\"@id\":\"https:\\\/\\\/www.musikzeitung.ch\\\/#organization\"},\"image\":{\"@id\":\"https:\\\/\\\/www.musikzeitung.ch\\\/news\\\/2024\\\/07\\\/lara-morger-gewinnt-leipziger-bach-wettbewerb#primaryimage\"},\"thumbnailUrl\":\"https:\\\/\\\/www.musikzeitung.ch\\\/wp-content\\\/uploads\\\/2024\\\/07\\\/240729morger.jpg\",\"keywords\":[\"Bach-Wettbewerb Leipzig\",\"Lara Morger\"],\"articleSection\":[\"News\"],\"inLanguage\":\"en-US\"},{\"@type\":\"WebPage\",\"@id\":\"https:\\\/\\\/www.musikzeitung.ch\\\/news\\\/2024\\\/07\\\/lara-morger-gewinnt-leipziger-bach-wettbewerb\",\"url\":\"https:\\\/\\\/www.musikzeitung.ch\\\/news\\\/2024\\\/07\\\/lara-morger-gewinnt-leipziger-bach-wettbewerb\",\"name\":\"Lara Morger gewinnt Leipziger Bach-Wettbewerb - Schweizer Musikzeitung\",\"isPartOf\":{\"@id\":\"https:\\\/\\\/www.musikzeitung.ch\\\/#website\"},\"primaryImageOfPage\":{\"@id\":\"https:\\\/\\\/www.musikzeitung.ch\\\/news\\\/2024\\\/07\\\/lara-morger-gewinnt-leipziger-bach-wettbewerb#primaryimage\"},\"image\":{\"@id\":\"https:\\\/\\\/www.musikzeitung.ch\\\/news\\\/2024\\\/07\\\/lara-morger-gewinnt-leipziger-bach-wettbewerb#primaryimage\"},\"thumbnailUrl\":\"https:\\\/\\\/www.musikzeitung.ch\\\/wp-content\\\/uploads\\\/2024\\\/07\\\/240729morger.jpg\",\"datePublished\":\"2024-07-29T12:38:54+00:00\",\"dateModified\":\"2024-07-29T14:47:42+00:00\",\"description\":\"Die Schweizer Altistin Lara Morger hat im Fach Gesang den diesj\u00e4hrigen Bachwettbewerb Leipzig f\u00fcr sich entschieden.\",\"breadcrumb\":{\"@id\":\"https:\\\/\\\/www.musikzeitung.ch\\\/news\\\/2024\\\/07\\\/lara-morger-gewinnt-leipziger-bach-wettbewerb#breadcrumb\"},\"inLanguage\":\"en-US\",\"potentialAction\":[{\"@type\":\"ReadAction\",\"target\":[\"https:\\\/\\\/www.musikzeitung.ch\\\/news\\\/2024\\\/07\\\/lara-morger-gewinnt-leipziger-bach-wettbewerb\"]}]},{\"@type\":\"ImageObject\",\"inLanguage\":\"en-US\",\"@id\":\"https:\\\/\\\/www.musikzeitung.ch\\\/news\\\/2024\\\/07\\\/lara-morger-gewinnt-leipziger-bach-wettbewerb#primaryimage\",\"url\":\"https:\\\/\\\/www.musikzeitung.ch\\\/wp-content\\\/uploads\\\/2024\\\/07\\\/240729morger.jpg\",\"contentUrl\":\"https:\\\/\\\/www.musikzeitung.ch\\\/wp-content\\\/uploads\\\/2024\\\/07\\\/240729morger.jpg\",\"width\":903,\"height\":626,\"caption\":\"Lara Morger (Bild: Frederic Hern\u00e0ndez Torner)\"},{\"@type\":\"BreadcrumbList\",\"@id\":\"https:\\\/\\\/www.musikzeitung.ch\\\/news\\\/2024\\\/07\\\/lara-morger-gewinnt-leipziger-bach-wettbewerb#breadcrumb\",\"itemListElement\":[{\"@type\":\"ListItem\",\"position\":1,\"name\":\"Home\",\"item\":\"https:\\\/\\\/www.musikzeitung.ch\\\/\"},{\"@type\":\"ListItem\",\"position\":2,\"name\":\"Lara Morger gewinnt Leipziger Bach-Wettbewerb\"}]},{\"@type\":\"WebSite\",\"@id\":\"https:\\\/\\\/www.musikzeitung.ch\\\/#website\",\"url\":\"https:\\\/\\\/www.musikzeitung.ch\\\/\",\"name\":\"Schweizer Musikzeitung\",\"description\":\"Die f\u00fchrende sparten\u00fcbergreifende Monatszeitung in der Schweiz f\u00fcr musikalische Fragen.\",\"publisher\":{\"@id\":\"https:\\\/\\\/www.musikzeitung.ch\\\/#organization\"},\"potentialAction\":[{\"@type\":\"SearchAction\",\"target\":{\"@type\":\"EntryPoint\",\"urlTemplate\":\"https:\\\/\\\/www.musikzeitung.ch\\\/?s={search_term_string}\"},\"query-input\":{\"@type\":\"PropertyValueSpecification\",\"valueRequired\":true,\"valueName\":\"search_term_string\"}}],\"inLanguage\":\"en-US\"},{\"@type\":\"Organization\",\"@id\":\"https:\\\/\\\/www.musikzeitung.ch\\\/#organization\",\"name\":\"Schweizer Musikzeitung\",\"url\":\"https:\\\/\\\/www.musikzeitung.ch\\\/\",\"logo\":{\"@type\":\"ImageObject\",\"inLanguage\":\"en-US\",\"@id\":\"https:\\\/\\\/www.musikzeitung.ch\\\/#\\\/schema\\\/logo\\\/image\\\/\",\"url\":\"https:\\\/\\\/www.musikzeitung.ch\\\/wp-content\\\/uploads\\\/2023\\\/01\\\/SMZ_Schriftzug_Sprache.png\",\"contentUrl\":\"https:\\\/\\\/www.musikzeitung.ch\\\/wp-content\\\/uploads\\\/2023\\\/01\\\/SMZ_Schriftzug_Sprache.png\",\"width\":1400,\"height\":279,\"caption\":\"Schweizer Musikzeitung\"},\"image\":{\"@id\":\"https:\\\/\\\/www.musikzeitung.ch\\\/#\\\/schema\\\/logo\\\/image\\\/\"},\"sameAs\":[\"https:\\\/\\\/www.facebook.com\\\/SchweizerMusikzeitung\\\/\",\"https:\\\/\\\/x.com\\\/smusikzeitung\",\"https:\\\/\\\/www.instagram.com\\\/musikzeitung.ch\\\/\"]},{\"@type\":\"Person\",\"@id\":\"https:\\\/\\\/www.musikzeitung.ch\\\/#\\\/schema\\\/person\\\/0da4fb82d243f1252850a35d0e87cf0c\",\"name\":\"Wolfgang B\u00f6hler\",\"image\":{\"@type\":\"ImageObject\",\"inLanguage\":\"en-US\",\"@id\":\"https:\\\/\\\/www.musikzeitung.ch\\\/wp-content\\\/uploads\\\/2023\\\/01\\\/boehler_portraet_web-e1674139782246-96x96.jpg\",\"url\":\"https:\\\/\\\/www.musikzeitung.ch\\\/wp-content\\\/uploads\\\/2023\\\/01\\\/boehler_portraet_web-e1674139782246-96x96.jpg\",\"contentUrl\":\"https:\\\/\\\/www.musikzeitung.ch\\\/wp-content\\\/uploads\\\/2023\\\/01\\\/boehler_portraet_web-e1674139782246-96x96.jpg\",\"caption\":\"Wolfgang B\u00f6hler\"},\"sameAs\":[\"http:\\\/\\\/www.manacanto.ch\",\"https:\\\/\\\/www.facebook.com\\\/wolfgang.bohler.75\"],\"url\":\"https:\\\/\\\/www.musikzeitung.ch\\\/en\\\/author\\\/wolfgang-boehler\"}]}<\/script>\n<!-- \/ Yoast SEO plugin. -->","yoast_head_json":{"title":"Lara Morger gewinnt Leipziger Bach-Wettbewerb - Schweizer Musikzeitung","description":"Die Schweizer Altistin Lara Morger hat im Fach Gesang den diesj\u00e4hrigen Bachwettbewerb Leipzig f\u00fcr sich entschieden.","robots":{"index":"index","follow":"follow","max-snippet":"max-snippet:-1","max-image-preview":"max-image-preview:large","max-video-preview":"max-video-preview:-1"},"canonical":"https:\/\/www.musikzeitung.ch\/en\/news\/2024\/07\/lara-morger-gewinnt-leipziger-bach-wettbewerb\/","og_locale":"en_US","og_type":"article","og_title":"Lara Morger gewinnt Leipziger Bach-Wettbewerb - Schweizer Musikzeitung","og_description":"Die Schweizer Altistin Lara Morger hat im Fach Gesang den diesj\u00e4hrigen Bachwettbewerb Leipzig f\u00fcr sich entschieden.","og_url":"https:\/\/www.musikzeitung.ch\/en\/news\/2024\/07\/lara-morger-gewinnt-leipziger-bach-wettbewerb\/","og_site_name":"Schweizer Musikzeitung","article_publisher":"https:\/\/www.facebook.com\/SchweizerMusikzeitung\/","article_author":"https:\/\/www.facebook.com\/wolfgang.bohler.75","article_published_time":"2024-07-29T12:38:54+00:00","article_modified_time":"2024-07-29T14:47:42+00:00","og_image":[{"width":903,"height":626,"url":"https:\/\/www.musikzeitung.ch\/wp-content\/uploads\/2024\/07\/240729morger.jpg","type":"image\/jpeg"}],"author":"Wolfgang B\u00f6hler","twitter_card":"summary_large_image","twitter_creator":"@smusikzeitung","twitter_site":"@smusikzeitung","twitter_misc":{"Written by":"Wolfgang B\u00f6hler","Est. reading time":"2 minutes"},"schema":{"@context":"https:\/\/schema.org","@graph":[{"@type":"Article","@id":"https:\/\/www.musikzeitung.ch\/news\/2024\/07\/lara-morger-gewinnt-leipziger-bach-wettbewerb#article","isPartOf":{"@id":"https:\/\/www.musikzeitung.ch\/news\/2024\/07\/lara-morger-gewinnt-leipziger-bach-wettbewerb"},"author":{"name":"Wolfgang B\u00f6hler","@id":"https:\/\/www.musikzeitung.ch\/#\/schema\/person\/0da4fb82d243f1252850a35d0e87cf0c"},"headline":"Lara Morger gewinnt Leipziger Bach-Wettbewerb","datePublished":"2024-07-29T12:38:54+00:00","dateModified":"2024-07-29T14:47:42+00:00","mainEntityOfPage":{"@id":"https:\/\/www.musikzeitung.ch\/news\/2024\/07\/lara-morger-gewinnt-leipziger-bach-wettbewerb"},"wordCount":174,"publisher":{"@id":"https:\/\/www.musikzeitung.ch\/#organization"},"image":{"@id":"https:\/\/www.musikzeitung.ch\/news\/2024\/07\/lara-morger-gewinnt-leipziger-bach-wettbewerb#primaryimage"},"thumbnailUrl":"https:\/\/www.musikzeitung.ch\/wp-content\/uploads\/2024\/07\/240729morger.jpg","keywords":["Bach-Wettbewerb Leipzig","Lara Morger"],"articleSection":["News"],"inLanguage":"en-US"},{"@type":"WebPage","@id":"https:\/\/www.musikzeitung.ch\/news\/2024\/07\/lara-morger-gewinnt-leipziger-bach-wettbewerb","url":"https:\/\/www.musikzeitung.ch\/news\/2024\/07\/lara-morger-gewinnt-leipziger-bach-wettbewerb","name":"Lara Morger gewinnt Leipziger Bach-Wettbewerb - Schweizer Musikzeitung","isPartOf":{"@id":"https:\/\/www.musikzeitung.ch\/#website"},"primaryImageOfPage":{"@id":"https:\/\/www.musikzeitung.ch\/news\/2024\/07\/lara-morger-gewinnt-leipziger-bach-wettbewerb#primaryimage"},"image":{"@id":"https:\/\/www.musikzeitung.ch\/news\/2024\/07\/lara-morger-gewinnt-leipziger-bach-wettbewerb#primaryimage"},"thumbnailUrl":"https:\/\/www.musikzeitung.ch\/wp-content\/uploads\/2024\/07\/240729morger.jpg","datePublished":"2024-07-29T12:38:54+00:00","dateModified":"2024-07-29T14:47:42+00:00","description":"Die Schweizer Altistin Lara Morger hat im Fach Gesang den diesj\u00e4hrigen Bachwettbewerb Leipzig f\u00fcr sich entschieden.","breadcrumb":{"@id":"https:\/\/www.musikzeitung.ch\/news\/2024\/07\/lara-morger-gewinnt-leipziger-bach-wettbewerb#breadcrumb"},"inLanguage":"en-US","potentialAction":[{"@type":"ReadAction","target":["https:\/\/www.musikzeitung.ch\/news\/2024\/07\/lara-morger-gewinnt-leipziger-bach-wettbewerb"]}]},{"@type":"ImageObject","inLanguage":"en-US","@id":"https:\/\/www.musikzeitung.ch\/news\/2024\/07\/lara-morger-gewinnt-leipziger-bach-wettbewerb#primaryimage","url":"https:\/\/www.musikzeitung.ch\/wp-content\/uploads\/2024\/07\/240729morger.jpg","contentUrl":"https:\/\/www.musikzeitung.ch\/wp-content\/uploads\/2024\/07\/240729morger.jpg","width":903,"height":626,"caption":"Lara Morger (Bild: Frederic Hern\u00e0ndez Torner)"},{"@type":"BreadcrumbList","@id":"https:\/\/www.musikzeitung.ch\/news\/2024\/07\/lara-morger-gewinnt-leipziger-bach-wettbewerb#breadcrumb","itemListElement":[{"@type":"ListItem","position":1,"name":"Home","item":"https:\/\/www.musikzeitung.ch\/"},{"@type":"ListItem","position":2,"name":"Lara Morger gewinnt Leipziger Bach-Wettbewerb"}]},{"@type":"WebSite","@id":"https:\/\/www.musikzeitung.ch\/#website","url":"https:\/\/www.musikzeitung.ch\/","name":"Swiss Music Newspaper","description":"The leading interdisciplinary monthly newspaper in Switzerland for musical issues.","publisher":{"@id":"https:\/\/www.musikzeitung.ch\/#organization"},"potentialAction":[{"@type":"SearchAction","target":{"@type":"EntryPoint","urlTemplate":"https:\/\/www.musikzeitung.ch\/?s={search_term_string}"},"query-input":{"@type":"PropertyValueSpecification","valueRequired":true,"valueName":"search_term_string"}}],"inLanguage":"en-US"},{"@type":"Organization","@id":"https:\/\/www.musikzeitung.ch\/#organization","name":"Swiss Music Newspaper","url":"https:\/\/www.musikzeitung.ch\/","logo":{"@type":"ImageObject","inLanguage":"en-US","@id":"https:\/\/www.musikzeitung.ch\/#\/schema\/logo\/image\/","url":"https:\/\/www.musikzeitung.ch\/wp-content\/uploads\/2023\/01\/SMZ_Schriftzug_Sprache.png","contentUrl":"https:\/\/www.musikzeitung.ch\/wp-content\/uploads\/2023\/01\/SMZ_Schriftzug_Sprache.png","width":1400,"height":279,"caption":"Schweizer Musikzeitung"},"image":{"@id":"https:\/\/www.musikzeitung.ch\/#\/schema\/logo\/image\/"},"sameAs":["https:\/\/www.facebook.com\/SchweizerMusikzeitung\/","https:\/\/x.com\/smusikzeitung","https:\/\/www.instagram.com\/musikzeitung.ch\/"]},{"@type":"Person","@id":"https:\/\/www.musikzeitung.ch\/#\/schema\/person\/0da4fb82d243f1252850a35d0e87cf0c","name":"Wolfgang B\u00f6hler","image":{"@type":"ImageObject","inLanguage":"en-US","@id":"https:\/\/www.musikzeitung.ch\/wp-content\/uploads\/2023\/01\/boehler_portraet_web-e1674139782246-96x96.jpg","url":"https:\/\/www.musikzeitung.ch\/wp-content\/uploads\/2023\/01\/boehler_portraet_web-e1674139782246-96x96.jpg","contentUrl":"https:\/\/www.musikzeitung.ch\/wp-content\/uploads\/2023\/01\/boehler_portraet_web-e1674139782246-96x96.jpg","caption":"Wolfgang B\u00f6hler"},"sameAs":["http:\/\/www.manacanto.ch","https:\/\/www.facebook.com\/wolfgang.bohler.75"],"url":"https:\/\/www.musikzeitung.ch\/en\/author\/wolfgang-boehler"}]}},"publishpress_future_workflow_manual_trigger":{"enabledWorkflows":[]},"_links":{"self":[{"href":"https:\/\/www.musikzeitung.ch\/en\/wp-json\/wp\/v2\/posts\/56214","targetHints":{"allow":["GET"]}}],"collection":[{"href":"https:\/\/www.musikzeitung.ch\/en\/wp-json\/wp\/v2\/posts"}],"about":[{"href":"https:\/\/www.musikzeitung.ch\/en\/wp-json\/wp\/v2\/types\/post"}],"author":[{"embeddable":true,"href":"https:\/\/www.musikzeitung.ch\/en\/wp-json\/wp\/v2\/users\/30"}],"replies":[{"embeddable":true,"href":"https:\/\/www.musikzeitung.ch\/en\/wp-json\/wp\/v2\/comments?post=56214"}],"version-history":[{"count":3,"href":"https:\/\/www.musikzeitung.ch\/en\/wp-json\/wp\/v2\/posts\/56214\/revisions"}],"predecessor-version":[{"id":56219,"href":"https:\/\/www.musikzeitung.ch\/en\/wp-json\/wp\/v2\/posts\/56214\/revisions\/56219"}],"wp:featuredmedia":[{"embeddable":true,"href":"https:\/\/www.musikzeitung.ch\/en\/wp-json\/wp\/v2\/media\/56215"}],"wp:attachment":[{"href":"https:\/\/www.musikzeitung.ch\/en\/wp-json\/wp\/v2\/media?parent=56214"}],"wp:term":[{"taxonomy":"category","embeddable":true,"href":"https:\/\/www.musikzeitung.ch\/en\/wp-json\/wp\/v2\/categories?post=56214"},{"taxonomy":"post_tag","embeddable":true,"href":"https:\/\/www.musikzeitung.ch\/en\/wp-json\/wp\/v2\/tags?post=56214"}],"curies":[{"name":"wp","href":"https:\/\/api.w.org\/{rel}","templated":true}]}}