{"id":56549,"date":"2024-08-08T03:49:24","date_gmt":"2024-08-08T01:49:24","guid":{"rendered":"https:\/\/www.musikzeitung.ch\/?p=56549"},"modified":"2024-08-08T03:49:24","modified_gmt":"2024-08-08T01:49:24","slug":"elmar-hauser-gewinnt-opernwettbewerb-clip-portofino","status":"publish","type":"post","link":"https:\/\/www.musikzeitung.ch\/en\/news\/2024\/08\/elmar-hauser-gewinnt-opernwettbewerb-clip-portofino","title":{"rendered":"Elmar Hauser wins CLIP Portofino opera competition"},"content":{"rendered":"<figure id=\"attachment_56550\" aria-describedby=\"caption-attachment-56550\" style=\"width: 992px\" class=\"wp-caption alignnone\"><img loading=\"lazy\" decoding=\"async\" class=\"size-full wp-image-56550\" src=\"https:\/\/www.musikzeitung.ch\/wp-content\/uploads\/2024\/08\/240808hauser.jpg\" alt=\"\" width=\"992\" height=\"576\" srcset=\"https:\/\/www.musikzeitung.ch\/wp-content\/uploads\/2024\/08\/240808hauser.jpg 992w, https:\/\/www.musikzeitung.ch\/wp-content\/uploads\/2024\/08\/240808hauser-300x174.jpg 300w, https:\/\/www.musikzeitung.ch\/wp-content\/uploads\/2024\/08\/240808hauser-768x446.jpg 768w, https:\/\/www.musikzeitung.ch\/wp-content\/uploads\/2024\/08\/240808hauser-18x10.jpg 18w, https:\/\/www.musikzeitung.ch\/wp-content\/uploads\/2024\/08\/240808hauser-301x175.jpg 301w, https:\/\/www.musikzeitung.ch\/wp-content\/uploads\/2024\/08\/240808hauser-603x350.jpg 603w, https:\/\/www.musikzeitung.ch\/wp-content\/uploads\/2024\/08\/240808hauser-920x534.jpg 920w\" sizes=\"auto, (max-width: 992px) 100vw, 992px\" \/><figcaption id=\"caption-attachment-56550\" class=\"wp-caption-text\">Elmar Hauser (Image: Youtube video still)<\/figcaption><\/figure>\n<p>Born in Switzerland in 1997, Elmar Hauser switched from tenor to countertenor during his preliminary studies at the Winterthur Conservatory with David Thorner and Jane Thorner-Mengedoht. In 2021, he completed his Bachelor's degree in singing at the Zurich University of the Arts in Werner G\u00fcra's class with distinction. This was followed by a master's degree in music theater\/opera singing at the Theaterakademie August Everding in the singing class of Christiane Iven.<\/p>\n<p>Launched in 2015, the Concorso Lirico Internazionale di Portofino (CLIP) is a project organized by the Associazione Musicale Giovanni Bottesini. The jury president is Dominique Meyer, the other jury members are representatives of major opera houses. The first prize is endowed with 10,000 euros.<\/p>","protected":false},"excerpt":{"rendered":"<p>Countertenor Elmar Hauser, a graduate of Werner G\u00fcra's Bachelor of Music program at the Zurich University of the Arts, has won the CLIP Portofino opera competition.<\/p>","protected":false},"author":30,"featured_media":56550,"comment_status":"closed","ping_status":"closed","sticky":false,"template":"","format":"standard","meta":{"_acf_changed":false,"_relevanssi_hide_post":"","_relevanssi_hide_content":"","_relevanssi_pin_for_all":"","_relevanssi_pin_keywords":"","_relevanssi_unpin_keywords":"","_relevanssi_related_keywords":"","_relevanssi_related_include_ids":"","_relevanssi_related_exclude_ids":"","_relevanssi_related_no_append":"","_relevanssi_related_not_related":"","_relevanssi_related_posts":"","_relevanssi_noindex_reason":"","pgc_sgb_lightbox_settings":"","footnotes":""},"categories":[27],"tags":[4236,4235],"class_list":["post-56549","post","type-post","status-publish","format-standard","has-post-thumbnail","hentry","category-news","tag-clip","tag-elmar-hauser"],"acf":[],"yoast_head":"<!-- This site is optimized with the Yoast SEO plugin v27.4 - https:\/\/yoast.com\/product\/yoast-seo-wordpress\/ -->\n<title>Elmar Hauser gewinnt Opernwettbewerb CLIP Portofino - Schweizer Musikzeitung<\/title>\n<meta name=\"robots\" content=\"index, follow, max-snippet:-1, max-image-preview:large, max-video-preview:-1\" \/>\n<link rel=\"canonical\" href=\"https:\/\/www.musikzeitung.ch\/en\/news\/2024\/08\/elmar-hauser-gewinnt-opernwettbewerb-clip-portofino\/\" \/>\n<meta property=\"og:locale\" content=\"en_US\" \/>\n<meta property=\"og:type\" content=\"article\" \/>\n<meta property=\"og:title\" content=\"Elmar Hauser gewinnt Opernwettbewerb CLIP Portofino - Schweizer Musikzeitung\" \/>\n<meta property=\"og:description\" content=\"Der Countertenor Elmar Hauser, Absolvent einer Bachelor-Ausbildung Musik bei Werner G\u00fcra an der Z\u00fcrcher Hochschule der K\u00fcnste, hat den Opernwettbewerb CLIP Portofino f\u00fcr sich entschieden.\" \/>\n<meta property=\"og:url\" content=\"https:\/\/www.musikzeitung.ch\/en\/news\/2024\/08\/elmar-hauser-gewinnt-opernwettbewerb-clip-portofino\/\" \/>\n<meta property=\"og:site_name\" content=\"Schweizer Musikzeitung\" \/>\n<meta property=\"article:publisher\" content=\"https:\/\/www.facebook.com\/SchweizerMusikzeitung\/\" \/>\n<meta property=\"article:author\" content=\"https:\/\/www.facebook.com\/wolfgang.bohler.75\" \/>\n<meta property=\"article:published_time\" content=\"2024-08-08T01:49:24+00:00\" \/>\n<meta property=\"og:image\" content=\"https:\/\/www.musikzeitung.ch\/wp-content\/uploads\/2024\/08\/240808hauser.jpg\" \/>\n\t<meta property=\"og:image:width\" content=\"992\" \/>\n\t<meta property=\"og:image:height\" content=\"576\" \/>\n\t<meta property=\"og:image:type\" content=\"image\/jpeg\" \/>\n<meta name=\"author\" content=\"Wolfgang B\u00f6hler\" \/>\n<meta name=\"twitter:card\" content=\"summary_large_image\" \/>\n<meta name=\"twitter:creator\" content=\"@smusikzeitung\" \/>\n<meta name=\"twitter:site\" content=\"@smusikzeitung\" \/>\n<meta name=\"twitter:label1\" content=\"Written by\" \/>\n\t<meta name=\"twitter:data1\" content=\"Wolfgang B\u00f6hler\" \/>\n\t<meta name=\"twitter:label2\" content=\"Est. reading time\" \/>\n\t<meta name=\"twitter:data2\" content=\"2 minutes\" \/>\n<script type=\"application\/ld+json\" class=\"yoast-schema-graph\">{\"@context\":\"https:\\\/\\\/schema.org\",\"@graph\":[{\"@type\":\"Article\",\"@id\":\"https:\\\/\\\/www.musikzeitung.ch\\\/news\\\/2024\\\/08\\\/elmar-hauser-gewinnt-opernwettbewerb-clip-portofino#article\",\"isPartOf\":{\"@id\":\"https:\\\/\\\/www.musikzeitung.ch\\\/news\\\/2024\\\/08\\\/elmar-hauser-gewinnt-opernwettbewerb-clip-portofino\"},\"author\":{\"name\":\"Wolfgang B\u00f6hler\",\"@id\":\"https:\\\/\\\/www.musikzeitung.ch\\\/#\\\/schema\\\/person\\\/0da4fb82d243f1252850a35d0e87cf0c\"},\"headline\":\"Elmar Hauser gewinnt Opernwettbewerb CLIP Portofino\",\"datePublished\":\"2024-08-08T01:49:24+00:00\",\"mainEntityOfPage\":{\"@id\":\"https:\\\/\\\/www.musikzeitung.ch\\\/news\\\/2024\\\/08\\\/elmar-hauser-gewinnt-opernwettbewerb-clip-portofino\"},\"wordCount\":122,\"publisher\":{\"@id\":\"https:\\\/\\\/www.musikzeitung.ch\\\/#organization\"},\"image\":{\"@id\":\"https:\\\/\\\/www.musikzeitung.ch\\\/news\\\/2024\\\/08\\\/elmar-hauser-gewinnt-opernwettbewerb-clip-portofino#primaryimage\"},\"thumbnailUrl\":\"https:\\\/\\\/www.musikzeitung.ch\\\/wp-content\\\/uploads\\\/2024\\\/08\\\/240808hauser.jpg\",\"keywords\":[\"CLIP\",\"Elmar Hauser\"],\"articleSection\":[\"News\"],\"inLanguage\":\"en-US\"},{\"@type\":\"WebPage\",\"@id\":\"https:\\\/\\\/www.musikzeitung.ch\\\/news\\\/2024\\\/08\\\/elmar-hauser-gewinnt-opernwettbewerb-clip-portofino\",\"url\":\"https:\\\/\\\/www.musikzeitung.ch\\\/news\\\/2024\\\/08\\\/elmar-hauser-gewinnt-opernwettbewerb-clip-portofino\",\"name\":\"Elmar Hauser gewinnt Opernwettbewerb CLIP Portofino - Schweizer Musikzeitung\",\"isPartOf\":{\"@id\":\"https:\\\/\\\/www.musikzeitung.ch\\\/#website\"},\"primaryImageOfPage\":{\"@id\":\"https:\\\/\\\/www.musikzeitung.ch\\\/news\\\/2024\\\/08\\\/elmar-hauser-gewinnt-opernwettbewerb-clip-portofino#primaryimage\"},\"image\":{\"@id\":\"https:\\\/\\\/www.musikzeitung.ch\\\/news\\\/2024\\\/08\\\/elmar-hauser-gewinnt-opernwettbewerb-clip-portofino#primaryimage\"},\"thumbnailUrl\":\"https:\\\/\\\/www.musikzeitung.ch\\\/wp-content\\\/uploads\\\/2024\\\/08\\\/240808hauser.jpg\",\"datePublished\":\"2024-08-08T01:49:24+00:00\",\"breadcrumb\":{\"@id\":\"https:\\\/\\\/www.musikzeitung.ch\\\/news\\\/2024\\\/08\\\/elmar-hauser-gewinnt-opernwettbewerb-clip-portofino#breadcrumb\"},\"inLanguage\":\"en-US\",\"potentialAction\":[{\"@type\":\"ReadAction\",\"target\":[\"https:\\\/\\\/www.musikzeitung.ch\\\/news\\\/2024\\\/08\\\/elmar-hauser-gewinnt-opernwettbewerb-clip-portofino\"]}]},{\"@type\":\"ImageObject\",\"inLanguage\":\"en-US\",\"@id\":\"https:\\\/\\\/www.musikzeitung.ch\\\/news\\\/2024\\\/08\\\/elmar-hauser-gewinnt-opernwettbewerb-clip-portofino#primaryimage\",\"url\":\"https:\\\/\\\/www.musikzeitung.ch\\\/wp-content\\\/uploads\\\/2024\\\/08\\\/240808hauser.jpg\",\"contentUrl\":\"https:\\\/\\\/www.musikzeitung.ch\\\/wp-content\\\/uploads\\\/2024\\\/08\\\/240808hauser.jpg\",\"width\":992,\"height\":576,\"caption\":\"Elmar Hauser (Bild: Youtube-Videostill)\"},{\"@type\":\"BreadcrumbList\",\"@id\":\"https:\\\/\\\/www.musikzeitung.ch\\\/news\\\/2024\\\/08\\\/elmar-hauser-gewinnt-opernwettbewerb-clip-portofino#breadcrumb\",\"itemListElement\":[{\"@type\":\"ListItem\",\"position\":1,\"name\":\"Home\",\"item\":\"https:\\\/\\\/www.musikzeitung.ch\\\/\"},{\"@type\":\"ListItem\",\"position\":2,\"name\":\"Elmar Hauser gewinnt Opernwettbewerb CLIP Portofino\"}]},{\"@type\":\"WebSite\",\"@id\":\"https:\\\/\\\/www.musikzeitung.ch\\\/#website\",\"url\":\"https:\\\/\\\/www.musikzeitung.ch\\\/\",\"name\":\"Schweizer Musikzeitung\",\"description\":\"Die f\u00fchrende sparten\u00fcbergreifende Monatszeitung in der Schweiz f\u00fcr musikalische Fragen.\",\"publisher\":{\"@id\":\"https:\\\/\\\/www.musikzeitung.ch\\\/#organization\"},\"potentialAction\":[{\"@type\":\"SearchAction\",\"target\":{\"@type\":\"EntryPoint\",\"urlTemplate\":\"https:\\\/\\\/www.musikzeitung.ch\\\/?s={search_term_string}\"},\"query-input\":{\"@type\":\"PropertyValueSpecification\",\"valueRequired\":true,\"valueName\":\"search_term_string\"}}],\"inLanguage\":\"en-US\"},{\"@type\":\"Organization\",\"@id\":\"https:\\\/\\\/www.musikzeitung.ch\\\/#organization\",\"name\":\"Schweizer Musikzeitung\",\"url\":\"https:\\\/\\\/www.musikzeitung.ch\\\/\",\"logo\":{\"@type\":\"ImageObject\",\"inLanguage\":\"en-US\",\"@id\":\"https:\\\/\\\/www.musikzeitung.ch\\\/#\\\/schema\\\/logo\\\/image\\\/\",\"url\":\"https:\\\/\\\/www.musikzeitung.ch\\\/wp-content\\\/uploads\\\/2023\\\/01\\\/SMZ_Schriftzug_Sprache.png\",\"contentUrl\":\"https:\\\/\\\/www.musikzeitung.ch\\\/wp-content\\\/uploads\\\/2023\\\/01\\\/SMZ_Schriftzug_Sprache.png\",\"width\":1400,\"height\":279,\"caption\":\"Schweizer Musikzeitung\"},\"image\":{\"@id\":\"https:\\\/\\\/www.musikzeitung.ch\\\/#\\\/schema\\\/logo\\\/image\\\/\"},\"sameAs\":[\"https:\\\/\\\/www.facebook.com\\\/SchweizerMusikzeitung\\\/\",\"https:\\\/\\\/x.com\\\/smusikzeitung\",\"https:\\\/\\\/www.instagram.com\\\/musikzeitung.ch\\\/\"]},{\"@type\":\"Person\",\"@id\":\"https:\\\/\\\/www.musikzeitung.ch\\\/#\\\/schema\\\/person\\\/0da4fb82d243f1252850a35d0e87cf0c\",\"name\":\"Wolfgang B\u00f6hler\",\"image\":{\"@type\":\"ImageObject\",\"inLanguage\":\"en-US\",\"@id\":\"https:\\\/\\\/www.musikzeitung.ch\\\/wp-content\\\/uploads\\\/2023\\\/01\\\/boehler_portraet_web-e1674139782246-96x96.jpg\",\"url\":\"https:\\\/\\\/www.musikzeitung.ch\\\/wp-content\\\/uploads\\\/2023\\\/01\\\/boehler_portraet_web-e1674139782246-96x96.jpg\",\"contentUrl\":\"https:\\\/\\\/www.musikzeitung.ch\\\/wp-content\\\/uploads\\\/2023\\\/01\\\/boehler_portraet_web-e1674139782246-96x96.jpg\",\"caption\":\"Wolfgang B\u00f6hler\"},\"sameAs\":[\"http:\\\/\\\/www.manacanto.ch\",\"https:\\\/\\\/www.facebook.com\\\/wolfgang.bohler.75\"],\"url\":\"https:\\\/\\\/www.musikzeitung.ch\\\/en\\\/author\\\/wolfgang-boehler\"}]}<\/script>\n<!-- \/ Yoast SEO plugin. -->","yoast_head_json":{"title":"Elmar Hauser gewinnt Opernwettbewerb CLIP Portofino - Schweizer Musikzeitung","robots":{"index":"index","follow":"follow","max-snippet":"max-snippet:-1","max-image-preview":"max-image-preview:large","max-video-preview":"max-video-preview:-1"},"canonical":"https:\/\/www.musikzeitung.ch\/en\/news\/2024\/08\/elmar-hauser-gewinnt-opernwettbewerb-clip-portofino\/","og_locale":"en_US","og_type":"article","og_title":"Elmar Hauser gewinnt Opernwettbewerb CLIP Portofino - Schweizer Musikzeitung","og_description":"Der Countertenor Elmar Hauser, Absolvent einer Bachelor-Ausbildung Musik bei Werner G\u00fcra an der Z\u00fcrcher Hochschule der K\u00fcnste, hat den Opernwettbewerb CLIP Portofino f\u00fcr sich entschieden.","og_url":"https:\/\/www.musikzeitung.ch\/en\/news\/2024\/08\/elmar-hauser-gewinnt-opernwettbewerb-clip-portofino\/","og_site_name":"Schweizer Musikzeitung","article_publisher":"https:\/\/www.facebook.com\/SchweizerMusikzeitung\/","article_author":"https:\/\/www.facebook.com\/wolfgang.bohler.75","article_published_time":"2024-08-08T01:49:24+00:00","og_image":[{"width":992,"height":576,"url":"https:\/\/www.musikzeitung.ch\/wp-content\/uploads\/2024\/08\/240808hauser.jpg","type":"image\/jpeg"}],"author":"Wolfgang B\u00f6hler","twitter_card":"summary_large_image","twitter_creator":"@smusikzeitung","twitter_site":"@smusikzeitung","twitter_misc":{"Written by":"Wolfgang B\u00f6hler","Est. reading time":"2 minutes"},"schema":{"@context":"https:\/\/schema.org","@graph":[{"@type":"Article","@id":"https:\/\/www.musikzeitung.ch\/news\/2024\/08\/elmar-hauser-gewinnt-opernwettbewerb-clip-portofino#article","isPartOf":{"@id":"https:\/\/www.musikzeitung.ch\/news\/2024\/08\/elmar-hauser-gewinnt-opernwettbewerb-clip-portofino"},"author":{"name":"Wolfgang B\u00f6hler","@id":"https:\/\/www.musikzeitung.ch\/#\/schema\/person\/0da4fb82d243f1252850a35d0e87cf0c"},"headline":"Elmar Hauser gewinnt Opernwettbewerb CLIP Portofino","datePublished":"2024-08-08T01:49:24+00:00","mainEntityOfPage":{"@id":"https:\/\/www.musikzeitung.ch\/news\/2024\/08\/elmar-hauser-gewinnt-opernwettbewerb-clip-portofino"},"wordCount":122,"publisher":{"@id":"https:\/\/www.musikzeitung.ch\/#organization"},"image":{"@id":"https:\/\/www.musikzeitung.ch\/news\/2024\/08\/elmar-hauser-gewinnt-opernwettbewerb-clip-portofino#primaryimage"},"thumbnailUrl":"https:\/\/www.musikzeitung.ch\/wp-content\/uploads\/2024\/08\/240808hauser.jpg","keywords":["CLIP","Elmar Hauser"],"articleSection":["News"],"inLanguage":"en-US"},{"@type":"WebPage","@id":"https:\/\/www.musikzeitung.ch\/news\/2024\/08\/elmar-hauser-gewinnt-opernwettbewerb-clip-portofino","url":"https:\/\/www.musikzeitung.ch\/news\/2024\/08\/elmar-hauser-gewinnt-opernwettbewerb-clip-portofino","name":"Elmar Hauser gewinnt Opernwettbewerb CLIP Portofino - Schweizer Musikzeitung","isPartOf":{"@id":"https:\/\/www.musikzeitung.ch\/#website"},"primaryImageOfPage":{"@id":"https:\/\/www.musikzeitung.ch\/news\/2024\/08\/elmar-hauser-gewinnt-opernwettbewerb-clip-portofino#primaryimage"},"image":{"@id":"https:\/\/www.musikzeitung.ch\/news\/2024\/08\/elmar-hauser-gewinnt-opernwettbewerb-clip-portofino#primaryimage"},"thumbnailUrl":"https:\/\/www.musikzeitung.ch\/wp-content\/uploads\/2024\/08\/240808hauser.jpg","datePublished":"2024-08-08T01:49:24+00:00","breadcrumb":{"@id":"https:\/\/www.musikzeitung.ch\/news\/2024\/08\/elmar-hauser-gewinnt-opernwettbewerb-clip-portofino#breadcrumb"},"inLanguage":"en-US","potentialAction":[{"@type":"ReadAction","target":["https:\/\/www.musikzeitung.ch\/news\/2024\/08\/elmar-hauser-gewinnt-opernwettbewerb-clip-portofino"]}]},{"@type":"ImageObject","inLanguage":"en-US","@id":"https:\/\/www.musikzeitung.ch\/news\/2024\/08\/elmar-hauser-gewinnt-opernwettbewerb-clip-portofino#primaryimage","url":"https:\/\/www.musikzeitung.ch\/wp-content\/uploads\/2024\/08\/240808hauser.jpg","contentUrl":"https:\/\/www.musikzeitung.ch\/wp-content\/uploads\/2024\/08\/240808hauser.jpg","width":992,"height":576,"caption":"Elmar Hauser (Bild: Youtube-Videostill)"},{"@type":"BreadcrumbList","@id":"https:\/\/www.musikzeitung.ch\/news\/2024\/08\/elmar-hauser-gewinnt-opernwettbewerb-clip-portofino#breadcrumb","itemListElement":[{"@type":"ListItem","position":1,"name":"Home","item":"https:\/\/www.musikzeitung.ch\/"},{"@type":"ListItem","position":2,"name":"Elmar Hauser gewinnt Opernwettbewerb CLIP Portofino"}]},{"@type":"WebSite","@id":"https:\/\/www.musikzeitung.ch\/#website","url":"https:\/\/www.musikzeitung.ch\/","name":"Swiss Music Newspaper","description":"The leading interdisciplinary monthly newspaper in Switzerland for musical issues.","publisher":{"@id":"https:\/\/www.musikzeitung.ch\/#organization"},"potentialAction":[{"@type":"SearchAction","target":{"@type":"EntryPoint","urlTemplate":"https:\/\/www.musikzeitung.ch\/?s={search_term_string}"},"query-input":{"@type":"PropertyValueSpecification","valueRequired":true,"valueName":"search_term_string"}}],"inLanguage":"en-US"},{"@type":"Organization","@id":"https:\/\/www.musikzeitung.ch\/#organization","name":"Swiss Music Newspaper","url":"https:\/\/www.musikzeitung.ch\/","logo":{"@type":"ImageObject","inLanguage":"en-US","@id":"https:\/\/www.musikzeitung.ch\/#\/schema\/logo\/image\/","url":"https:\/\/www.musikzeitung.ch\/wp-content\/uploads\/2023\/01\/SMZ_Schriftzug_Sprache.png","contentUrl":"https:\/\/www.musikzeitung.ch\/wp-content\/uploads\/2023\/01\/SMZ_Schriftzug_Sprache.png","width":1400,"height":279,"caption":"Schweizer Musikzeitung"},"image":{"@id":"https:\/\/www.musikzeitung.ch\/#\/schema\/logo\/image\/"},"sameAs":["https:\/\/www.facebook.com\/SchweizerMusikzeitung\/","https:\/\/x.com\/smusikzeitung","https:\/\/www.instagram.com\/musikzeitung.ch\/"]},{"@type":"Person","@id":"https:\/\/www.musikzeitung.ch\/#\/schema\/person\/0da4fb82d243f1252850a35d0e87cf0c","name":"Wolfgang B\u00f6hler","image":{"@type":"ImageObject","inLanguage":"en-US","@id":"https:\/\/www.musikzeitung.ch\/wp-content\/uploads\/2023\/01\/boehler_portraet_web-e1674139782246-96x96.jpg","url":"https:\/\/www.musikzeitung.ch\/wp-content\/uploads\/2023\/01\/boehler_portraet_web-e1674139782246-96x96.jpg","contentUrl":"https:\/\/www.musikzeitung.ch\/wp-content\/uploads\/2023\/01\/boehler_portraet_web-e1674139782246-96x96.jpg","caption":"Wolfgang B\u00f6hler"},"sameAs":["http:\/\/www.manacanto.ch","https:\/\/www.facebook.com\/wolfgang.bohler.75"],"url":"https:\/\/www.musikzeitung.ch\/en\/author\/wolfgang-boehler"}]}},"publishpress_future_workflow_manual_trigger":{"enabledWorkflows":[]},"_links":{"self":[{"href":"https:\/\/www.musikzeitung.ch\/en\/wp-json\/wp\/v2\/posts\/56549","targetHints":{"allow":["GET"]}}],"collection":[{"href":"https:\/\/www.musikzeitung.ch\/en\/wp-json\/wp\/v2\/posts"}],"about":[{"href":"https:\/\/www.musikzeitung.ch\/en\/wp-json\/wp\/v2\/types\/post"}],"author":[{"embeddable":true,"href":"https:\/\/www.musikzeitung.ch\/en\/wp-json\/wp\/v2\/users\/30"}],"replies":[{"embeddable":true,"href":"https:\/\/www.musikzeitung.ch\/en\/wp-json\/wp\/v2\/comments?post=56549"}],"version-history":[{"count":1,"href":"https:\/\/www.musikzeitung.ch\/en\/wp-json\/wp\/v2\/posts\/56549\/revisions"}],"predecessor-version":[{"id":56551,"href":"https:\/\/www.musikzeitung.ch\/en\/wp-json\/wp\/v2\/posts\/56549\/revisions\/56551"}],"wp:featuredmedia":[{"embeddable":true,"href":"https:\/\/www.musikzeitung.ch\/en\/wp-json\/wp\/v2\/media\/56550"}],"wp:attachment":[{"href":"https:\/\/www.musikzeitung.ch\/en\/wp-json\/wp\/v2\/media?parent=56549"}],"wp:term":[{"taxonomy":"category","embeddable":true,"href":"https:\/\/www.musikzeitung.ch\/en\/wp-json\/wp\/v2\/categories?post=56549"},{"taxonomy":"post_tag","embeddable":true,"href":"https:\/\/www.musikzeitung.ch\/en\/wp-json\/wp\/v2\/tags?post=56549"}],"curies":[{"name":"wp","href":"https:\/\/api.w.org\/{rel}","templated":true}]}}