{"id":57114,"date":"2024-08-26T08:17:34","date_gmt":"2024-08-26T06:17:34","guid":{"rendered":"https:\/\/www.musikzeitung.ch\/?p=57114"},"modified":"2024-08-26T09:16:32","modified_gmt":"2024-08-26T07:16:32","slug":"christian-brantschen-erhaelt-preis-der-buergi-willert-stiftung","status":"publish","type":"post","link":"https:\/\/www.musikzeitung.ch\/en\/news\/2024\/08\/christian-brantschen-erhaelt-preis-der-buergi-willert-stiftung","title":{"rendered":"Christian Brantschen receives prize from the B\u00fcrgi-Willert Foundation"},"content":{"rendered":"<figure id=\"attachment_57115\" aria-describedby=\"caption-attachment-57115\" style=\"width: 1013px\" class=\"wp-caption alignnone\"><img loading=\"lazy\" decoding=\"async\" class=\"wp-image-57115 size-full\" src=\"https:\/\/www.musikzeitung.ch\/wp-content\/uploads\/2024\/08\/240826cb.jpg\" alt=\"\" width=\"1013\" height=\"542\" srcset=\"https:\/\/www.musikzeitung.ch\/wp-content\/uploads\/2024\/08\/240826cb.jpg 1013w, https:\/\/www.musikzeitung.ch\/wp-content\/uploads\/2024\/08\/240826cb-300x161.jpg 300w, https:\/\/www.musikzeitung.ch\/wp-content\/uploads\/2024\/08\/240826cb-768x411.jpg 768w, https:\/\/www.musikzeitung.ch\/wp-content\/uploads\/2024\/08\/240826cb-18x10.jpg 18w, https:\/\/www.musikzeitung.ch\/wp-content\/uploads\/2024\/08\/240826cb-327x175.jpg 327w, https:\/\/www.musikzeitung.ch\/wp-content\/uploads\/2024\/08\/240826cb-654x350.jpg 654w, https:\/\/www.musikzeitung.ch\/wp-content\/uploads\/2024\/08\/240826cb-920x492.jpg 920w\" sizes=\"auto, (max-width: 1013px) 100vw, 1013px\" \/><figcaption id=\"caption-attachment-57115\" class=\"wp-caption-text\">Christian Brantschen (Image: Youtube video still)<\/figcaption><\/figure>\n<p>Christian Brantschen, born in Bern in 1959, is a musician and composer. He has been a permanent member of Patent Ochsner since 2000 and has played over 500 concerts with the band in Switzerland and abroad. He regularly accompanies Swiss authors and went on an extensive tour of Switzerland with Pedro Lenz with the program \"Der Goalie bin ig\". He composes music for the theater as well as for numerous cinema and documentary films and crime scenes.<\/p>\n<p>The B\u00fcrgi-Willert Foundation Culture Prize has been awarded every two years since 1992 and, since 2015, to artists between the ages of 40 and 65 who have enriched Bern's cultural life for years but who, due to their age, are generally no longer eligible for grants and funding from the public sector and other foundations.<\/p>","protected":false},"excerpt":{"rendered":"<p>Pianist Christian Brantschen, keyboarder for Patent Ochsner and musical partner of dialect writer Pedro Lenz, is awarded the B\u00fcrgi-Willert Foundation Culture Prize.    <\/p>","protected":false},"author":30,"featured_media":57115,"comment_status":"closed","ping_status":"closed","sticky":false,"template":"","format":"standard","meta":{"_acf_changed":false,"_relevanssi_hide_post":"","_relevanssi_hide_content":"","_relevanssi_pin_for_all":"","_relevanssi_pin_keywords":"","_relevanssi_unpin_keywords":"","_relevanssi_related_keywords":"","_relevanssi_related_include_ids":"","_relevanssi_related_exclude_ids":"","_relevanssi_related_no_append":"","_relevanssi_related_not_related":"","_relevanssi_related_posts":"","_relevanssi_noindex_reason":"","pgc_sgb_lightbox_settings":"","footnotes":""},"categories":[27],"tags":[4261,4260],"class_list":["post-57114","post","type-post","status-publish","format-standard","has-post-thumbnail","hentry","category-news","tag-buergi-willert-stiftung","tag-christian-brantschen"],"acf":[],"yoast_head":"<!-- This site is optimized with the Yoast SEO plugin v27.4 - https:\/\/yoast.com\/product\/yoast-seo-wordpress\/ -->\n<title>Christian Brantschen erh\u00e4lt Preis der B\u00fcrgi-Willert-Stiftung - Schweizer Musikzeitung<\/title>\n<meta name=\"description\" content=\"Der ausgezeichnete Pianist ist Keyboarder von Patent Ochsner und musikalischer Partner des Mundartschriftstellers Pedro Lenz.\" \/>\n<meta name=\"robots\" content=\"index, follow, max-snippet:-1, max-image-preview:large, max-video-preview:-1\" \/>\n<link rel=\"canonical\" href=\"https:\/\/www.musikzeitung.ch\/en\/news\/2024\/08\/christian-brantschen-erhaelt-preis-der-buergi-willert-stiftung\/\" \/>\n<meta property=\"og:locale\" content=\"en_US\" \/>\n<meta property=\"og:type\" content=\"article\" \/>\n<meta property=\"og:title\" content=\"Christian Brantschen erh\u00e4lt Preis der B\u00fcrgi-Willert-Stiftung - Schweizer Musikzeitung\" \/>\n<meta property=\"og:description\" content=\"Der ausgezeichnete Pianist ist Keyboarder von Patent Ochsner und musikalischer Partner des Mundartschriftstellers Pedro Lenz.\" \/>\n<meta property=\"og:url\" content=\"https:\/\/www.musikzeitung.ch\/en\/news\/2024\/08\/christian-brantschen-erhaelt-preis-der-buergi-willert-stiftung\/\" \/>\n<meta property=\"og:site_name\" content=\"Schweizer Musikzeitung\" \/>\n<meta property=\"article:publisher\" content=\"https:\/\/www.facebook.com\/SchweizerMusikzeitung\/\" \/>\n<meta property=\"article:author\" content=\"https:\/\/www.facebook.com\/wolfgang.bohler.75\" \/>\n<meta property=\"article:published_time\" content=\"2024-08-26T06:17:34+00:00\" \/>\n<meta property=\"article:modified_time\" content=\"2024-08-26T07:16:32+00:00\" \/>\n<meta property=\"og:image\" content=\"https:\/\/www.musikzeitung.ch\/wp-content\/uploads\/2024\/08\/240826cb.jpg\" \/>\n\t<meta property=\"og:image:width\" content=\"1013\" \/>\n\t<meta property=\"og:image:height\" content=\"542\" \/>\n\t<meta property=\"og:image:type\" content=\"image\/jpeg\" \/>\n<meta name=\"author\" content=\"Wolfgang B\u00f6hler\" \/>\n<meta name=\"twitter:card\" content=\"summary_large_image\" \/>\n<meta name=\"twitter:creator\" content=\"@smusikzeitung\" \/>\n<meta name=\"twitter:site\" content=\"@smusikzeitung\" \/>\n<meta name=\"twitter:label1\" content=\"Written by\" \/>\n\t<meta name=\"twitter:data1\" content=\"Wolfgang B\u00f6hler\" \/>\n\t<meta name=\"twitter:label2\" content=\"Est. reading time\" \/>\n\t<meta name=\"twitter:data2\" content=\"2 minutes\" \/>\n<script type=\"application\/ld+json\" class=\"yoast-schema-graph\">{\"@context\":\"https:\\\/\\\/schema.org\",\"@graph\":[{\"@type\":\"Article\",\"@id\":\"https:\\\/\\\/www.musikzeitung.ch\\\/news\\\/2024\\\/08\\\/christian-brantschen-erhaelt-preis-der-buergi-willert-stiftung#article\",\"isPartOf\":{\"@id\":\"https:\\\/\\\/www.musikzeitung.ch\\\/news\\\/2024\\\/08\\\/christian-brantschen-erhaelt-preis-der-buergi-willert-stiftung\"},\"author\":{\"name\":\"Wolfgang B\u00f6hler\",\"@id\":\"https:\\\/\\\/www.musikzeitung.ch\\\/#\\\/schema\\\/person\\\/0da4fb82d243f1252850a35d0e87cf0c\"},\"headline\":\"Christian Brantschen erh\u00e4lt Preis der B\u00fcrgi-Willert-Stiftung\",\"datePublished\":\"2024-08-26T06:17:34+00:00\",\"dateModified\":\"2024-08-26T07:16:32+00:00\",\"mainEntityOfPage\":{\"@id\":\"https:\\\/\\\/www.musikzeitung.ch\\\/news\\\/2024\\\/08\\\/christian-brantschen-erhaelt-preis-der-buergi-willert-stiftung\"},\"wordCount\":140,\"publisher\":{\"@id\":\"https:\\\/\\\/www.musikzeitung.ch\\\/#organization\"},\"image\":{\"@id\":\"https:\\\/\\\/www.musikzeitung.ch\\\/news\\\/2024\\\/08\\\/christian-brantschen-erhaelt-preis-der-buergi-willert-stiftung#primaryimage\"},\"thumbnailUrl\":\"https:\\\/\\\/www.musikzeitung.ch\\\/wp-content\\\/uploads\\\/2024\\\/08\\\/240826cb.jpg\",\"keywords\":[\"B\u00fcrgi-Willert-Stiftung\",\"Christian Brantschen\"],\"articleSection\":[\"News\"],\"inLanguage\":\"en-US\"},{\"@type\":\"WebPage\",\"@id\":\"https:\\\/\\\/www.musikzeitung.ch\\\/news\\\/2024\\\/08\\\/christian-brantschen-erhaelt-preis-der-buergi-willert-stiftung\",\"url\":\"https:\\\/\\\/www.musikzeitung.ch\\\/news\\\/2024\\\/08\\\/christian-brantschen-erhaelt-preis-der-buergi-willert-stiftung\",\"name\":\"Christian Brantschen erh\u00e4lt Preis der B\u00fcrgi-Willert-Stiftung - Schweizer Musikzeitung\",\"isPartOf\":{\"@id\":\"https:\\\/\\\/www.musikzeitung.ch\\\/#website\"},\"primaryImageOfPage\":{\"@id\":\"https:\\\/\\\/www.musikzeitung.ch\\\/news\\\/2024\\\/08\\\/christian-brantschen-erhaelt-preis-der-buergi-willert-stiftung#primaryimage\"},\"image\":{\"@id\":\"https:\\\/\\\/www.musikzeitung.ch\\\/news\\\/2024\\\/08\\\/christian-brantschen-erhaelt-preis-der-buergi-willert-stiftung#primaryimage\"},\"thumbnailUrl\":\"https:\\\/\\\/www.musikzeitung.ch\\\/wp-content\\\/uploads\\\/2024\\\/08\\\/240826cb.jpg\",\"datePublished\":\"2024-08-26T06:17:34+00:00\",\"dateModified\":\"2024-08-26T07:16:32+00:00\",\"description\":\"Der ausgezeichnete Pianist ist Keyboarder von Patent Ochsner und musikalischer Partner des Mundartschriftstellers Pedro Lenz.\",\"breadcrumb\":{\"@id\":\"https:\\\/\\\/www.musikzeitung.ch\\\/news\\\/2024\\\/08\\\/christian-brantschen-erhaelt-preis-der-buergi-willert-stiftung#breadcrumb\"},\"inLanguage\":\"en-US\",\"potentialAction\":[{\"@type\":\"ReadAction\",\"target\":[\"https:\\\/\\\/www.musikzeitung.ch\\\/news\\\/2024\\\/08\\\/christian-brantschen-erhaelt-preis-der-buergi-willert-stiftung\"]}]},{\"@type\":\"ImageObject\",\"inLanguage\":\"en-US\",\"@id\":\"https:\\\/\\\/www.musikzeitung.ch\\\/news\\\/2024\\\/08\\\/christian-brantschen-erhaelt-preis-der-buergi-willert-stiftung#primaryimage\",\"url\":\"https:\\\/\\\/www.musikzeitung.ch\\\/wp-content\\\/uploads\\\/2024\\\/08\\\/240826cb.jpg\",\"contentUrl\":\"https:\\\/\\\/www.musikzeitung.ch\\\/wp-content\\\/uploads\\\/2024\\\/08\\\/240826cb.jpg\",\"width\":1013,\"height\":542,\"caption\":\"Christian Brantschen (Bild: Youtube-Videostill)\"},{\"@type\":\"BreadcrumbList\",\"@id\":\"https:\\\/\\\/www.musikzeitung.ch\\\/news\\\/2024\\\/08\\\/christian-brantschen-erhaelt-preis-der-buergi-willert-stiftung#breadcrumb\",\"itemListElement\":[{\"@type\":\"ListItem\",\"position\":1,\"name\":\"Home\",\"item\":\"https:\\\/\\\/www.musikzeitung.ch\\\/\"},{\"@type\":\"ListItem\",\"position\":2,\"name\":\"Christian Brantschen erh\u00e4lt Preis der B\u00fcrgi-Willert-Stiftung\"}]},{\"@type\":\"WebSite\",\"@id\":\"https:\\\/\\\/www.musikzeitung.ch\\\/#website\",\"url\":\"https:\\\/\\\/www.musikzeitung.ch\\\/\",\"name\":\"Schweizer Musikzeitung\",\"description\":\"Die f\u00fchrende sparten\u00fcbergreifende Monatszeitung in der Schweiz f\u00fcr musikalische Fragen.\",\"publisher\":{\"@id\":\"https:\\\/\\\/www.musikzeitung.ch\\\/#organization\"},\"potentialAction\":[{\"@type\":\"SearchAction\",\"target\":{\"@type\":\"EntryPoint\",\"urlTemplate\":\"https:\\\/\\\/www.musikzeitung.ch\\\/?s={search_term_string}\"},\"query-input\":{\"@type\":\"PropertyValueSpecification\",\"valueRequired\":true,\"valueName\":\"search_term_string\"}}],\"inLanguage\":\"en-US\"},{\"@type\":\"Organization\",\"@id\":\"https:\\\/\\\/www.musikzeitung.ch\\\/#organization\",\"name\":\"Schweizer Musikzeitung\",\"url\":\"https:\\\/\\\/www.musikzeitung.ch\\\/\",\"logo\":{\"@type\":\"ImageObject\",\"inLanguage\":\"en-US\",\"@id\":\"https:\\\/\\\/www.musikzeitung.ch\\\/#\\\/schema\\\/logo\\\/image\\\/\",\"url\":\"https:\\\/\\\/www.musikzeitung.ch\\\/wp-content\\\/uploads\\\/2023\\\/01\\\/SMZ_Schriftzug_Sprache.png\",\"contentUrl\":\"https:\\\/\\\/www.musikzeitung.ch\\\/wp-content\\\/uploads\\\/2023\\\/01\\\/SMZ_Schriftzug_Sprache.png\",\"width\":1400,\"height\":279,\"caption\":\"Schweizer Musikzeitung\"},\"image\":{\"@id\":\"https:\\\/\\\/www.musikzeitung.ch\\\/#\\\/schema\\\/logo\\\/image\\\/\"},\"sameAs\":[\"https:\\\/\\\/www.facebook.com\\\/SchweizerMusikzeitung\\\/\",\"https:\\\/\\\/x.com\\\/smusikzeitung\",\"https:\\\/\\\/www.instagram.com\\\/musikzeitung.ch\\\/\"]},{\"@type\":\"Person\",\"@id\":\"https:\\\/\\\/www.musikzeitung.ch\\\/#\\\/schema\\\/person\\\/0da4fb82d243f1252850a35d0e87cf0c\",\"name\":\"Wolfgang B\u00f6hler\",\"image\":{\"@type\":\"ImageObject\",\"inLanguage\":\"en-US\",\"@id\":\"https:\\\/\\\/www.musikzeitung.ch\\\/wp-content\\\/uploads\\\/2023\\\/01\\\/boehler_portraet_web-e1674139782246-96x96.jpg\",\"url\":\"https:\\\/\\\/www.musikzeitung.ch\\\/wp-content\\\/uploads\\\/2023\\\/01\\\/boehler_portraet_web-e1674139782246-96x96.jpg\",\"contentUrl\":\"https:\\\/\\\/www.musikzeitung.ch\\\/wp-content\\\/uploads\\\/2023\\\/01\\\/boehler_portraet_web-e1674139782246-96x96.jpg\",\"caption\":\"Wolfgang B\u00f6hler\"},\"sameAs\":[\"http:\\\/\\\/www.manacanto.ch\",\"https:\\\/\\\/www.facebook.com\\\/wolfgang.bohler.75\"],\"url\":\"https:\\\/\\\/www.musikzeitung.ch\\\/en\\\/author\\\/wolfgang-boehler\"}]}<\/script>\n<!-- \/ Yoast SEO plugin. -->","yoast_head_json":{"title":"Christian Brantschen receives the B\u00fcrgi-Willert Foundation Prize - Schweizer Musikzeitung","description":"The award-winning pianist is Patent Ochsner's keyboardist and musical partner of dialect writer Pedro Lenz.","robots":{"index":"index","follow":"follow","max-snippet":"max-snippet:-1","max-image-preview":"max-image-preview:large","max-video-preview":"max-video-preview:-1"},"canonical":"https:\/\/www.musikzeitung.ch\/en\/news\/2024\/08\/christian-brantschen-erhaelt-preis-der-buergi-willert-stiftung\/","og_locale":"en_US","og_type":"article","og_title":"Christian Brantschen erh\u00e4lt Preis der B\u00fcrgi-Willert-Stiftung - Schweizer Musikzeitung","og_description":"Der ausgezeichnete Pianist ist Keyboarder von Patent Ochsner und musikalischer Partner des Mundartschriftstellers Pedro Lenz.","og_url":"https:\/\/www.musikzeitung.ch\/en\/news\/2024\/08\/christian-brantschen-erhaelt-preis-der-buergi-willert-stiftung\/","og_site_name":"Schweizer Musikzeitung","article_publisher":"https:\/\/www.facebook.com\/SchweizerMusikzeitung\/","article_author":"https:\/\/www.facebook.com\/wolfgang.bohler.75","article_published_time":"2024-08-26T06:17:34+00:00","article_modified_time":"2024-08-26T07:16:32+00:00","og_image":[{"width":1013,"height":542,"url":"https:\/\/www.musikzeitung.ch\/wp-content\/uploads\/2024\/08\/240826cb.jpg","type":"image\/jpeg"}],"author":"Wolfgang B\u00f6hler","twitter_card":"summary_large_image","twitter_creator":"@smusikzeitung","twitter_site":"@smusikzeitung","twitter_misc":{"Written by":"Wolfgang B\u00f6hler","Est. reading time":"2 minutes"},"schema":{"@context":"https:\/\/schema.org","@graph":[{"@type":"Article","@id":"https:\/\/www.musikzeitung.ch\/news\/2024\/08\/christian-brantschen-erhaelt-preis-der-buergi-willert-stiftung#article","isPartOf":{"@id":"https:\/\/www.musikzeitung.ch\/news\/2024\/08\/christian-brantschen-erhaelt-preis-der-buergi-willert-stiftung"},"author":{"name":"Wolfgang B\u00f6hler","@id":"https:\/\/www.musikzeitung.ch\/#\/schema\/person\/0da4fb82d243f1252850a35d0e87cf0c"},"headline":"Christian Brantschen erh\u00e4lt Preis der B\u00fcrgi-Willert-Stiftung","datePublished":"2024-08-26T06:17:34+00:00","dateModified":"2024-08-26T07:16:32+00:00","mainEntityOfPage":{"@id":"https:\/\/www.musikzeitung.ch\/news\/2024\/08\/christian-brantschen-erhaelt-preis-der-buergi-willert-stiftung"},"wordCount":140,"publisher":{"@id":"https:\/\/www.musikzeitung.ch\/#organization"},"image":{"@id":"https:\/\/www.musikzeitung.ch\/news\/2024\/08\/christian-brantschen-erhaelt-preis-der-buergi-willert-stiftung#primaryimage"},"thumbnailUrl":"https:\/\/www.musikzeitung.ch\/wp-content\/uploads\/2024\/08\/240826cb.jpg","keywords":["B\u00fcrgi-Willert-Stiftung","Christian Brantschen"],"articleSection":["News"],"inLanguage":"en-US"},{"@type":"WebPage","@id":"https:\/\/www.musikzeitung.ch\/news\/2024\/08\/christian-brantschen-erhaelt-preis-der-buergi-willert-stiftung","url":"https:\/\/www.musikzeitung.ch\/news\/2024\/08\/christian-brantschen-erhaelt-preis-der-buergi-willert-stiftung","name":"Christian Brantschen receives the B\u00fcrgi-Willert Foundation Prize - Schweizer Musikzeitung","isPartOf":{"@id":"https:\/\/www.musikzeitung.ch\/#website"},"primaryImageOfPage":{"@id":"https:\/\/www.musikzeitung.ch\/news\/2024\/08\/christian-brantschen-erhaelt-preis-der-buergi-willert-stiftung#primaryimage"},"image":{"@id":"https:\/\/www.musikzeitung.ch\/news\/2024\/08\/christian-brantschen-erhaelt-preis-der-buergi-willert-stiftung#primaryimage"},"thumbnailUrl":"https:\/\/www.musikzeitung.ch\/wp-content\/uploads\/2024\/08\/240826cb.jpg","datePublished":"2024-08-26T06:17:34+00:00","dateModified":"2024-08-26T07:16:32+00:00","description":"The award-winning pianist is Patent Ochsner's keyboardist and musical partner of dialect writer Pedro Lenz.","breadcrumb":{"@id":"https:\/\/www.musikzeitung.ch\/news\/2024\/08\/christian-brantschen-erhaelt-preis-der-buergi-willert-stiftung#breadcrumb"},"inLanguage":"en-US","potentialAction":[{"@type":"ReadAction","target":["https:\/\/www.musikzeitung.ch\/news\/2024\/08\/christian-brantschen-erhaelt-preis-der-buergi-willert-stiftung"]}]},{"@type":"ImageObject","inLanguage":"en-US","@id":"https:\/\/www.musikzeitung.ch\/news\/2024\/08\/christian-brantschen-erhaelt-preis-der-buergi-willert-stiftung#primaryimage","url":"https:\/\/www.musikzeitung.ch\/wp-content\/uploads\/2024\/08\/240826cb.jpg","contentUrl":"https:\/\/www.musikzeitung.ch\/wp-content\/uploads\/2024\/08\/240826cb.jpg","width":1013,"height":542,"caption":"Christian Brantschen (Bild: Youtube-Videostill)"},{"@type":"BreadcrumbList","@id":"https:\/\/www.musikzeitung.ch\/news\/2024\/08\/christian-brantschen-erhaelt-preis-der-buergi-willert-stiftung#breadcrumb","itemListElement":[{"@type":"ListItem","position":1,"name":"Home","item":"https:\/\/www.musikzeitung.ch\/"},{"@type":"ListItem","position":2,"name":"Christian Brantschen erh\u00e4lt Preis der B\u00fcrgi-Willert-Stiftung"}]},{"@type":"WebSite","@id":"https:\/\/www.musikzeitung.ch\/#website","url":"https:\/\/www.musikzeitung.ch\/","name":"Swiss Music Newspaper","description":"The leading interdisciplinary monthly newspaper in Switzerland for musical issues.","publisher":{"@id":"https:\/\/www.musikzeitung.ch\/#organization"},"potentialAction":[{"@type":"SearchAction","target":{"@type":"EntryPoint","urlTemplate":"https:\/\/www.musikzeitung.ch\/?s={search_term_string}"},"query-input":{"@type":"PropertyValueSpecification","valueRequired":true,"valueName":"search_term_string"}}],"inLanguage":"en-US"},{"@type":"Organization","@id":"https:\/\/www.musikzeitung.ch\/#organization","name":"Swiss Music Newspaper","url":"https:\/\/www.musikzeitung.ch\/","logo":{"@type":"ImageObject","inLanguage":"en-US","@id":"https:\/\/www.musikzeitung.ch\/#\/schema\/logo\/image\/","url":"https:\/\/www.musikzeitung.ch\/wp-content\/uploads\/2023\/01\/SMZ_Schriftzug_Sprache.png","contentUrl":"https:\/\/www.musikzeitung.ch\/wp-content\/uploads\/2023\/01\/SMZ_Schriftzug_Sprache.png","width":1400,"height":279,"caption":"Schweizer Musikzeitung"},"image":{"@id":"https:\/\/www.musikzeitung.ch\/#\/schema\/logo\/image\/"},"sameAs":["https:\/\/www.facebook.com\/SchweizerMusikzeitung\/","https:\/\/x.com\/smusikzeitung","https:\/\/www.instagram.com\/musikzeitung.ch\/"]},{"@type":"Person","@id":"https:\/\/www.musikzeitung.ch\/#\/schema\/person\/0da4fb82d243f1252850a35d0e87cf0c","name":"Wolfgang B\u00f6hler","image":{"@type":"ImageObject","inLanguage":"en-US","@id":"https:\/\/www.musikzeitung.ch\/wp-content\/uploads\/2023\/01\/boehler_portraet_web-e1674139782246-96x96.jpg","url":"https:\/\/www.musikzeitung.ch\/wp-content\/uploads\/2023\/01\/boehler_portraet_web-e1674139782246-96x96.jpg","contentUrl":"https:\/\/www.musikzeitung.ch\/wp-content\/uploads\/2023\/01\/boehler_portraet_web-e1674139782246-96x96.jpg","caption":"Wolfgang B\u00f6hler"},"sameAs":["http:\/\/www.manacanto.ch","https:\/\/www.facebook.com\/wolfgang.bohler.75"],"url":"https:\/\/www.musikzeitung.ch\/en\/author\/wolfgang-boehler"}]}},"publishpress_future_workflow_manual_trigger":{"enabledWorkflows":[]},"_links":{"self":[{"href":"https:\/\/www.musikzeitung.ch\/en\/wp-json\/wp\/v2\/posts\/57114","targetHints":{"allow":["GET"]}}],"collection":[{"href":"https:\/\/www.musikzeitung.ch\/en\/wp-json\/wp\/v2\/posts"}],"about":[{"href":"https:\/\/www.musikzeitung.ch\/en\/wp-json\/wp\/v2\/types\/post"}],"author":[{"embeddable":true,"href":"https:\/\/www.musikzeitung.ch\/en\/wp-json\/wp\/v2\/users\/30"}],"replies":[{"embeddable":true,"href":"https:\/\/www.musikzeitung.ch\/en\/wp-json\/wp\/v2\/comments?post=57114"}],"version-history":[{"count":3,"href":"https:\/\/www.musikzeitung.ch\/en\/wp-json\/wp\/v2\/posts\/57114\/revisions"}],"predecessor-version":[{"id":57118,"href":"https:\/\/www.musikzeitung.ch\/en\/wp-json\/wp\/v2\/posts\/57114\/revisions\/57118"}],"wp:featuredmedia":[{"embeddable":true,"href":"https:\/\/www.musikzeitung.ch\/en\/wp-json\/wp\/v2\/media\/57115"}],"wp:attachment":[{"href":"https:\/\/www.musikzeitung.ch\/en\/wp-json\/wp\/v2\/media?parent=57114"}],"wp:term":[{"taxonomy":"category","embeddable":true,"href":"https:\/\/www.musikzeitung.ch\/en\/wp-json\/wp\/v2\/categories?post=57114"},{"taxonomy":"post_tag","embeddable":true,"href":"https:\/\/www.musikzeitung.ch\/en\/wp-json\/wp\/v2\/tags?post=57114"}],"curies":[{"name":"wp","href":"https:\/\/api.w.org\/{rel}","templated":true}]}}