{"id":57246,"date":"2024-08-29T11:34:14","date_gmt":"2024-08-29T09:34:14","guid":{"rendered":"https:\/\/www.musikzeitung.ch\/?p=57246"},"modified":"2024-08-29T14:00:20","modified_gmt":"2024-08-29T12:00:20","slug":"manoush-ruken-toth-in-murten-ausgezeichnet","status":"publish","type":"post","link":"https:\/\/www.musikzeitung.ch\/en\/news\/2024\/08\/manoush-ruken-toth-in-murten-ausgezeichnet","title":{"rendered":"Manoush Ruken Toth honored in Murten"},"content":{"rendered":"<figure id=\"attachment_57247\" aria-describedby=\"caption-attachment-57247\" style=\"width: 768px\" class=\"wp-caption aligncenter\"><img loading=\"lazy\" decoding=\"async\" class=\"size-large wp-image-57247\" src=\"https:\/\/www.musikzeitung.ch\/wp-content\/uploads\/2024\/08\/09_10_News-Manoush_Toth-1024x768.jpg\" alt=\"\" width=\"768\" height=\"576\" srcset=\"https:\/\/www.musikzeitung.ch\/wp-content\/uploads\/2024\/08\/09_10_News-Manoush_Toth-1024x768.jpg 1024w, https:\/\/www.musikzeitung.ch\/wp-content\/uploads\/2024\/08\/09_10_News-Manoush_Toth-300x225.jpg 300w, https:\/\/www.musikzeitung.ch\/wp-content\/uploads\/2024\/08\/09_10_News-Manoush_Toth-768x576.jpg 768w, https:\/\/www.musikzeitung.ch\/wp-content\/uploads\/2024\/08\/09_10_News-Manoush_Toth-16x12.jpg 16w, https:\/\/www.musikzeitung.ch\/wp-content\/uploads\/2024\/08\/09_10_News-Manoush_Toth-233x175.jpg 233w, https:\/\/www.musikzeitung.ch\/wp-content\/uploads\/2024\/08\/09_10_News-Manoush_Toth-467x350.jpg 467w, https:\/\/www.musikzeitung.ch\/wp-content\/uploads\/2024\/08\/09_10_News-Manoush_Toth-1067x800.jpg 1067w, https:\/\/www.musikzeitung.ch\/wp-content\/uploads\/2024\/08\/09_10_News-Manoush_Toth-920x690.jpg 920w, https:\/\/www.musikzeitung.ch\/wp-content\/uploads\/2024\/08\/09_10_News-Manoush_Toth.jpg 1280w\" sizes=\"auto, (max-width: 768px) 100vw, 768px\" \/><figcaption id=\"caption-attachment-57247\" class=\"wp-caption-text\">Manoush Ruken Toth with Christoph-Mathias Mueller, the artistic director of Murten Classics. Photo: zVg<\/figcaption><\/figure>\n<p>At the final of the <a href=\"https:\/\/murtenclassics.ch\/de\/valiant-forum\" target=\"_blank\" rel=\"noopener\">Valiant Forum Soloist Competition<\/a> as part of the festival <a href=\"https:\/\/murtenclassics.ch\/de\/willkommen-zur-vorstellung\" target=\"_blank\" rel=\"noopener\">Murten Classics<\/a> Swiss pianist Manoush Ruken Toth (born 2006) won first prize with the Mozart Piano Concerto No. 13. The second prize went to Simon Popp (born 1999, Switzerland) and the third to\u00a0 <a href=\"https:\/\/joannagoranko.com\/de\/startseite\/\" target=\"_blank\" rel=\"noopener\">Joanna Goranko<\/a> (born 2001, Poland).<\/p>\n<p>Students from Swiss music academies were admitted to the competition. The Boho Strings chamber orchestra accompanied them under the direction of Izabel\u0117 Jankauskait\u0117.<\/p>\n<figure id=\"attachment_57253\" aria-describedby=\"caption-attachment-57253\" style=\"width: 768px\" class=\"wp-caption aligncenter\"><img loading=\"lazy\" decoding=\"async\" class=\"size-large wp-image-57253\" src=\"https:\/\/www.musikzeitung.ch\/wp-content\/uploads\/2024\/08\/MC_24_Valiant-Forum_3_Gewinner_w-1024x682.jpg\" alt=\"\" width=\"768\" height=\"512\" srcset=\"https:\/\/www.musikzeitung.ch\/wp-content\/uploads\/2024\/08\/MC_24_Valiant-Forum_3_Gewinner_w-1024x682.jpg 1024w, https:\/\/www.musikzeitung.ch\/wp-content\/uploads\/2024\/08\/MC_24_Valiant-Forum_3_Gewinner_w-300x200.jpg 300w, https:\/\/www.musikzeitung.ch\/wp-content\/uploads\/2024\/08\/MC_24_Valiant-Forum_3_Gewinner_w-600x400.jpg 600w, https:\/\/www.musikzeitung.ch\/wp-content\/uploads\/2024\/08\/MC_24_Valiant-Forum_3_Gewinner_w-768x512.jpg 768w, https:\/\/www.musikzeitung.ch\/wp-content\/uploads\/2024\/08\/MC_24_Valiant-Forum_3_Gewinner_w-1536x1024.jpg 1536w, https:\/\/www.musikzeitung.ch\/wp-content\/uploads\/2024\/08\/MC_24_Valiant-Forum_3_Gewinner_w-18x12.jpg 18w, https:\/\/www.musikzeitung.ch\/wp-content\/uploads\/2024\/08\/MC_24_Valiant-Forum_3_Gewinner_w-263x175.jpg 263w, https:\/\/www.musikzeitung.ch\/wp-content\/uploads\/2024\/08\/MC_24_Valiant-Forum_3_Gewinner_w-525x350.jpg 525w, https:\/\/www.musikzeitung.ch\/wp-content\/uploads\/2024\/08\/MC_24_Valiant-Forum_3_Gewinner_w-1200x800.jpg 1200w, https:\/\/www.musikzeitung.ch\/wp-content\/uploads\/2024\/08\/MC_24_Valiant-Forum_3_Gewinner_w-920x613.jpg 920w, https:\/\/www.musikzeitung.ch\/wp-content\/uploads\/2024\/08\/MC_24_Valiant-Forum_3_Gewinner_w.jpg 1400w\" sizes=\"auto, (max-width: 768px) 100vw, 768px\" \/><figcaption id=\"caption-attachment-57253\" class=\"wp-caption-text\">from left: Manoush Ruken Toth, Simon Popp, Joanna Goranko. Photo: Willi Piller<\/figcaption><\/figure>\n<p>The winner of the prize awarded by the\u00a0 <a href=\"https:\/\/www.valiant.ch\/\" target=\"_blank\" rel=\"noopener\">Valiant Bank<\/a> will perform as a soloist at Murten Classics in 2025. Together with her <a href=\"https:\/\/1518399159.jimdoweb.com\/\" target=\"_blank\" rel=\"noopener\">Siblings Anatol and Anouk <\/a>is <a href=\"https:\/\/1518399159.jimdoweb.com\/\" target=\"_blank\" rel=\"noopener\">Manoush Ruken Thot<\/a> at the end of August in Zurich, Bern and Rheinfelden.<\/p>\n<p>&nbsp;<\/p>","protected":false},"excerpt":{"rendered":"<p>The pianist Manoush Ruken Toth won the Valiant Forum Soloist Competition on August 27, 2024.<\/p>","protected":false},"author":23,"featured_media":57247,"comment_status":"closed","ping_status":"closed","sticky":false,"template":"","format":"standard","meta":{"_acf_changed":false,"_relevanssi_hide_post":"","_relevanssi_hide_content":"","_relevanssi_pin_for_all":"","_relevanssi_pin_keywords":"","_relevanssi_unpin_keywords":"","_relevanssi_related_keywords":"","_relevanssi_related_include_ids":"","_relevanssi_related_exclude_ids":"","_relevanssi_related_no_append":"","_relevanssi_related_not_related":"","_relevanssi_related_posts":"","_relevanssi_noindex_reason":"","pgc_sgb_lightbox_settings":"","footnotes":""},"categories":[27],"tags":[4267,2744,4268],"class_list":["post-57246","post","type-post","status-publish","format-standard","has-post-thumbnail","hentry","category-news","tag-manoush-ruken-toth","tag-murten-classics","tag-valiant-forum"],"acf":[],"yoast_head":"<!-- This site is optimized with the Yoast SEO plugin v27.4 - https:\/\/yoast.com\/product\/yoast-seo-wordpress\/ -->\n<title>Manoush Ruken Toth in Murten ausgezeichnet - Schweizer Musikzeitung<\/title>\n<meta name=\"description\" content=\"Die Pianistin Manoush Ruken Toth gewann am 27. August 2024 den Valiant Forum Solistenwettbewerb.\" \/>\n<meta name=\"robots\" content=\"index, follow, max-snippet:-1, max-image-preview:large, max-video-preview:-1\" \/>\n<link rel=\"canonical\" href=\"https:\/\/www.musikzeitung.ch\/en\/news\/2024\/08\/manoush-ruken-toth-in-murten-ausgezeichnet\/\" \/>\n<meta property=\"og:locale\" content=\"en_US\" \/>\n<meta property=\"og:type\" content=\"article\" \/>\n<meta property=\"og:title\" content=\"Manoush Ruken Toth in Murten ausgezeichnet - Schweizer Musikzeitung\" \/>\n<meta property=\"og:description\" content=\"Die Pianistin Manoush Ruken Toth gewann am 27. August 2024 den Valiant Forum Solistenwettbewerb.\" \/>\n<meta property=\"og:url\" content=\"https:\/\/www.musikzeitung.ch\/en\/news\/2024\/08\/manoush-ruken-toth-in-murten-ausgezeichnet\/\" \/>\n<meta property=\"og:site_name\" content=\"Schweizer Musikzeitung\" \/>\n<meta property=\"article:publisher\" content=\"https:\/\/www.facebook.com\/SchweizerMusikzeitung\/\" \/>\n<meta property=\"article:published_time\" content=\"2024-08-29T09:34:14+00:00\" \/>\n<meta property=\"article:modified_time\" content=\"2024-08-29T12:00:20+00:00\" \/>\n<meta property=\"og:image\" content=\"https:\/\/www.musikzeitung.ch\/wp-content\/uploads\/2024\/08\/09_10_News-Manoush_Toth.jpg\" \/>\n\t<meta property=\"og:image:width\" content=\"1280\" \/>\n\t<meta property=\"og:image:height\" content=\"960\" \/>\n\t<meta property=\"og:image:type\" content=\"image\/jpeg\" \/>\n<meta name=\"author\" content=\"Katrin Spelinova\" \/>\n<meta name=\"twitter:card\" content=\"summary_large_image\" \/>\n<meta name=\"twitter:creator\" content=\"@testredaktor\" \/>\n<meta name=\"twitter:site\" content=\"@smusikzeitung\" \/>\n<meta name=\"twitter:label1\" content=\"Written by\" \/>\n\t<meta name=\"twitter:data1\" content=\"Katrin Spelinova\" \/>\n\t<meta name=\"twitter:label2\" content=\"Est. reading time\" \/>\n\t<meta name=\"twitter:data2\" content=\"2 minutes\" \/>\n<script type=\"application\/ld+json\" class=\"yoast-schema-graph\">{\"@context\":\"https:\\\/\\\/schema.org\",\"@graph\":[{\"@type\":\"Article\",\"@id\":\"https:\\\/\\\/www.musikzeitung.ch\\\/news\\\/2024\\\/08\\\/manoush-ruken-toth-in-murten-ausgezeichnet#article\",\"isPartOf\":{\"@id\":\"https:\\\/\\\/www.musikzeitung.ch\\\/news\\\/2024\\\/08\\\/manoush-ruken-toth-in-murten-ausgezeichnet\"},\"author\":{\"name\":\"Katrin Spelinova\",\"@id\":\"https:\\\/\\\/www.musikzeitung.ch\\\/#\\\/schema\\\/person\\\/dce7e5b820812d9af4db2f787d1bec92\"},\"headline\":\"Manoush Ruken Toth in Murten ausgezeichnet\",\"datePublished\":\"2024-08-29T09:34:14+00:00\",\"dateModified\":\"2024-08-29T12:00:20+00:00\",\"mainEntityOfPage\":{\"@id\":\"https:\\\/\\\/www.musikzeitung.ch\\\/news\\\/2024\\\/08\\\/manoush-ruken-toth-in-murten-ausgezeichnet\"},\"wordCount\":148,\"publisher\":{\"@id\":\"https:\\\/\\\/www.musikzeitung.ch\\\/#organization\"},\"image\":{\"@id\":\"https:\\\/\\\/www.musikzeitung.ch\\\/news\\\/2024\\\/08\\\/manoush-ruken-toth-in-murten-ausgezeichnet#primaryimage\"},\"thumbnailUrl\":\"https:\\\/\\\/www.musikzeitung.ch\\\/wp-content\\\/uploads\\\/2024\\\/08\\\/09_10_News-Manoush_Toth.jpg\",\"keywords\":[\"Manoush Ruken Toth\",\"Murten Classics\",\"Valiant Forum\"],\"articleSection\":[\"News\"],\"inLanguage\":\"en-US\"},{\"@type\":\"WebPage\",\"@id\":\"https:\\\/\\\/www.musikzeitung.ch\\\/news\\\/2024\\\/08\\\/manoush-ruken-toth-in-murten-ausgezeichnet\",\"url\":\"https:\\\/\\\/www.musikzeitung.ch\\\/news\\\/2024\\\/08\\\/manoush-ruken-toth-in-murten-ausgezeichnet\",\"name\":\"Manoush Ruken Toth in Murten ausgezeichnet - Schweizer Musikzeitung\",\"isPartOf\":{\"@id\":\"https:\\\/\\\/www.musikzeitung.ch\\\/#website\"},\"primaryImageOfPage\":{\"@id\":\"https:\\\/\\\/www.musikzeitung.ch\\\/news\\\/2024\\\/08\\\/manoush-ruken-toth-in-murten-ausgezeichnet#primaryimage\"},\"image\":{\"@id\":\"https:\\\/\\\/www.musikzeitung.ch\\\/news\\\/2024\\\/08\\\/manoush-ruken-toth-in-murten-ausgezeichnet#primaryimage\"},\"thumbnailUrl\":\"https:\\\/\\\/www.musikzeitung.ch\\\/wp-content\\\/uploads\\\/2024\\\/08\\\/09_10_News-Manoush_Toth.jpg\",\"datePublished\":\"2024-08-29T09:34:14+00:00\",\"dateModified\":\"2024-08-29T12:00:20+00:00\",\"description\":\"Die Pianistin Manoush Ruken Toth gewann am 27. August 2024 den Valiant Forum Solistenwettbewerb.\",\"breadcrumb\":{\"@id\":\"https:\\\/\\\/www.musikzeitung.ch\\\/news\\\/2024\\\/08\\\/manoush-ruken-toth-in-murten-ausgezeichnet#breadcrumb\"},\"inLanguage\":\"en-US\",\"potentialAction\":[{\"@type\":\"ReadAction\",\"target\":[\"https:\\\/\\\/www.musikzeitung.ch\\\/news\\\/2024\\\/08\\\/manoush-ruken-toth-in-murten-ausgezeichnet\"]}]},{\"@type\":\"ImageObject\",\"inLanguage\":\"en-US\",\"@id\":\"https:\\\/\\\/www.musikzeitung.ch\\\/news\\\/2024\\\/08\\\/manoush-ruken-toth-in-murten-ausgezeichnet#primaryimage\",\"url\":\"https:\\\/\\\/www.musikzeitung.ch\\\/wp-content\\\/uploads\\\/2024\\\/08\\\/09_10_News-Manoush_Toth.jpg\",\"contentUrl\":\"https:\\\/\\\/www.musikzeitung.ch\\\/wp-content\\\/uploads\\\/2024\\\/08\\\/09_10_News-Manoush_Toth.jpg\",\"width\":1280,\"height\":960,\"caption\":\"Manoush Ruken Toth mit Christoph-Mathias Mueller, der k\u00fcnstlerische Leiter von \u00abMurten Classics\u00bb seit 2021\"},{\"@type\":\"BreadcrumbList\",\"@id\":\"https:\\\/\\\/www.musikzeitung.ch\\\/news\\\/2024\\\/08\\\/manoush-ruken-toth-in-murten-ausgezeichnet#breadcrumb\",\"itemListElement\":[{\"@type\":\"ListItem\",\"position\":1,\"name\":\"Home\",\"item\":\"https:\\\/\\\/www.musikzeitung.ch\\\/\"},{\"@type\":\"ListItem\",\"position\":2,\"name\":\"Manoush Ruken Toth in Murten ausgezeichnet\"}]},{\"@type\":\"WebSite\",\"@id\":\"https:\\\/\\\/www.musikzeitung.ch\\\/#website\",\"url\":\"https:\\\/\\\/www.musikzeitung.ch\\\/\",\"name\":\"Schweizer Musikzeitung\",\"description\":\"Die f\u00fchrende sparten\u00fcbergreifende Monatszeitung in der Schweiz f\u00fcr musikalische Fragen.\",\"publisher\":{\"@id\":\"https:\\\/\\\/www.musikzeitung.ch\\\/#organization\"},\"potentialAction\":[{\"@type\":\"SearchAction\",\"target\":{\"@type\":\"EntryPoint\",\"urlTemplate\":\"https:\\\/\\\/www.musikzeitung.ch\\\/?s={search_term_string}\"},\"query-input\":{\"@type\":\"PropertyValueSpecification\",\"valueRequired\":true,\"valueName\":\"search_term_string\"}}],\"inLanguage\":\"en-US\"},{\"@type\":\"Organization\",\"@id\":\"https:\\\/\\\/www.musikzeitung.ch\\\/#organization\",\"name\":\"Schweizer Musikzeitung\",\"url\":\"https:\\\/\\\/www.musikzeitung.ch\\\/\",\"logo\":{\"@type\":\"ImageObject\",\"inLanguage\":\"en-US\",\"@id\":\"https:\\\/\\\/www.musikzeitung.ch\\\/#\\\/schema\\\/logo\\\/image\\\/\",\"url\":\"https:\\\/\\\/www.musikzeitung.ch\\\/wp-content\\\/uploads\\\/2023\\\/01\\\/SMZ_Schriftzug_Sprache.png\",\"contentUrl\":\"https:\\\/\\\/www.musikzeitung.ch\\\/wp-content\\\/uploads\\\/2023\\\/01\\\/SMZ_Schriftzug_Sprache.png\",\"width\":1400,\"height\":279,\"caption\":\"Schweizer Musikzeitung\"},\"image\":{\"@id\":\"https:\\\/\\\/www.musikzeitung.ch\\\/#\\\/schema\\\/logo\\\/image\\\/\"},\"sameAs\":[\"https:\\\/\\\/www.facebook.com\\\/SchweizerMusikzeitung\\\/\",\"https:\\\/\\\/x.com\\\/smusikzeitung\",\"https:\\\/\\\/www.instagram.com\\\/musikzeitung.ch\\\/\"]},{\"@type\":\"Person\",\"@id\":\"https:\\\/\\\/www.musikzeitung.ch\\\/#\\\/schema\\\/person\\\/dce7e5b820812d9af4db2f787d1bec92\",\"name\":\"Katrin Spelinova\",\"image\":{\"@type\":\"ImageObject\",\"inLanguage\":\"en-US\",\"@id\":\"https:\\\/\\\/secure.gravatar.com\\\/avatar\\\/2a2c2956e074ebca9bf65620496cd2e317d90b8c76450e9dd04d7cebf95eeada?s=96&d=mm&r=g\",\"url\":\"https:\\\/\\\/secure.gravatar.com\\\/avatar\\\/2a2c2956e074ebca9bf65620496cd2e317d90b8c76450e9dd04d7cebf95eeada?s=96&d=mm&r=g\",\"contentUrl\":\"https:\\\/\\\/secure.gravatar.com\\\/avatar\\\/2a2c2956e074ebca9bf65620496cd2e317d90b8c76450e9dd04d7cebf95eeada?s=96&d=mm&r=g\",\"caption\":\"Katrin Spelinova\"},\"sameAs\":[\"https:\\\/\\\/x.com\\\/testredaktor\"],\"url\":\"https:\\\/\\\/www.musikzeitung.ch\\\/en\\\/author\\\/spelkat\"}]}<\/script>\n<!-- \/ Yoast SEO plugin. -->","yoast_head_json":{"title":"Manoush Ruken Toth in Murten ausgezeichnet - Schweizer Musikzeitung","description":"Die Pianistin Manoush Ruken Toth gewann am 27. August 2024 den Valiant Forum Solistenwettbewerb.","robots":{"index":"index","follow":"follow","max-snippet":"max-snippet:-1","max-image-preview":"max-image-preview:large","max-video-preview":"max-video-preview:-1"},"canonical":"https:\/\/www.musikzeitung.ch\/en\/news\/2024\/08\/manoush-ruken-toth-in-murten-ausgezeichnet\/","og_locale":"en_US","og_type":"article","og_title":"Manoush Ruken Toth in Murten ausgezeichnet - Schweizer Musikzeitung","og_description":"Die Pianistin Manoush Ruken Toth gewann am 27. August 2024 den Valiant Forum Solistenwettbewerb.","og_url":"https:\/\/www.musikzeitung.ch\/en\/news\/2024\/08\/manoush-ruken-toth-in-murten-ausgezeichnet\/","og_site_name":"Schweizer Musikzeitung","article_publisher":"https:\/\/www.facebook.com\/SchweizerMusikzeitung\/","article_published_time":"2024-08-29T09:34:14+00:00","article_modified_time":"2024-08-29T12:00:20+00:00","og_image":[{"width":1280,"height":960,"url":"https:\/\/www.musikzeitung.ch\/wp-content\/uploads\/2024\/08\/09_10_News-Manoush_Toth.jpg","type":"image\/jpeg"}],"author":"Katrin Spelinova","twitter_card":"summary_large_image","twitter_creator":"@testredaktor","twitter_site":"@smusikzeitung","twitter_misc":{"Written by":"Katrin Spelinova","Est. reading time":"2 minutes"},"schema":{"@context":"https:\/\/schema.org","@graph":[{"@type":"Article","@id":"https:\/\/www.musikzeitung.ch\/news\/2024\/08\/manoush-ruken-toth-in-murten-ausgezeichnet#article","isPartOf":{"@id":"https:\/\/www.musikzeitung.ch\/news\/2024\/08\/manoush-ruken-toth-in-murten-ausgezeichnet"},"author":{"name":"Katrin Spelinova","@id":"https:\/\/www.musikzeitung.ch\/#\/schema\/person\/dce7e5b820812d9af4db2f787d1bec92"},"headline":"Manoush Ruken Toth in Murten ausgezeichnet","datePublished":"2024-08-29T09:34:14+00:00","dateModified":"2024-08-29T12:00:20+00:00","mainEntityOfPage":{"@id":"https:\/\/www.musikzeitung.ch\/news\/2024\/08\/manoush-ruken-toth-in-murten-ausgezeichnet"},"wordCount":148,"publisher":{"@id":"https:\/\/www.musikzeitung.ch\/#organization"},"image":{"@id":"https:\/\/www.musikzeitung.ch\/news\/2024\/08\/manoush-ruken-toth-in-murten-ausgezeichnet#primaryimage"},"thumbnailUrl":"https:\/\/www.musikzeitung.ch\/wp-content\/uploads\/2024\/08\/09_10_News-Manoush_Toth.jpg","keywords":["Manoush Ruken Toth","Murten Classics","Valiant Forum"],"articleSection":["News"],"inLanguage":"en-US"},{"@type":"WebPage","@id":"https:\/\/www.musikzeitung.ch\/news\/2024\/08\/manoush-ruken-toth-in-murten-ausgezeichnet","url":"https:\/\/www.musikzeitung.ch\/news\/2024\/08\/manoush-ruken-toth-in-murten-ausgezeichnet","name":"Manoush Ruken Toth in Murten ausgezeichnet - Schweizer Musikzeitung","isPartOf":{"@id":"https:\/\/www.musikzeitung.ch\/#website"},"primaryImageOfPage":{"@id":"https:\/\/www.musikzeitung.ch\/news\/2024\/08\/manoush-ruken-toth-in-murten-ausgezeichnet#primaryimage"},"image":{"@id":"https:\/\/www.musikzeitung.ch\/news\/2024\/08\/manoush-ruken-toth-in-murten-ausgezeichnet#primaryimage"},"thumbnailUrl":"https:\/\/www.musikzeitung.ch\/wp-content\/uploads\/2024\/08\/09_10_News-Manoush_Toth.jpg","datePublished":"2024-08-29T09:34:14+00:00","dateModified":"2024-08-29T12:00:20+00:00","description":"Die Pianistin Manoush Ruken Toth gewann am 27. August 2024 den Valiant Forum Solistenwettbewerb.","breadcrumb":{"@id":"https:\/\/www.musikzeitung.ch\/news\/2024\/08\/manoush-ruken-toth-in-murten-ausgezeichnet#breadcrumb"},"inLanguage":"en-US","potentialAction":[{"@type":"ReadAction","target":["https:\/\/www.musikzeitung.ch\/news\/2024\/08\/manoush-ruken-toth-in-murten-ausgezeichnet"]}]},{"@type":"ImageObject","inLanguage":"en-US","@id":"https:\/\/www.musikzeitung.ch\/news\/2024\/08\/manoush-ruken-toth-in-murten-ausgezeichnet#primaryimage","url":"https:\/\/www.musikzeitung.ch\/wp-content\/uploads\/2024\/08\/09_10_News-Manoush_Toth.jpg","contentUrl":"https:\/\/www.musikzeitung.ch\/wp-content\/uploads\/2024\/08\/09_10_News-Manoush_Toth.jpg","width":1280,"height":960,"caption":"Manoush Ruken Toth mit Christoph-Mathias Mueller, der k\u00fcnstlerische Leiter von \u00abMurten Classics\u00bb seit 2021"},{"@type":"BreadcrumbList","@id":"https:\/\/www.musikzeitung.ch\/news\/2024\/08\/manoush-ruken-toth-in-murten-ausgezeichnet#breadcrumb","itemListElement":[{"@type":"ListItem","position":1,"name":"Home","item":"https:\/\/www.musikzeitung.ch\/"},{"@type":"ListItem","position":2,"name":"Manoush Ruken Toth in Murten ausgezeichnet"}]},{"@type":"WebSite","@id":"https:\/\/www.musikzeitung.ch\/#website","url":"https:\/\/www.musikzeitung.ch\/","name":"Swiss Music Newspaper","description":"The leading interdisciplinary monthly newspaper in Switzerland for musical issues.","publisher":{"@id":"https:\/\/www.musikzeitung.ch\/#organization"},"potentialAction":[{"@type":"SearchAction","target":{"@type":"EntryPoint","urlTemplate":"https:\/\/www.musikzeitung.ch\/?s={search_term_string}"},"query-input":{"@type":"PropertyValueSpecification","valueRequired":true,"valueName":"search_term_string"}}],"inLanguage":"en-US"},{"@type":"Organization","@id":"https:\/\/www.musikzeitung.ch\/#organization","name":"Swiss Music Newspaper","url":"https:\/\/www.musikzeitung.ch\/","logo":{"@type":"ImageObject","inLanguage":"en-US","@id":"https:\/\/www.musikzeitung.ch\/#\/schema\/logo\/image\/","url":"https:\/\/www.musikzeitung.ch\/wp-content\/uploads\/2023\/01\/SMZ_Schriftzug_Sprache.png","contentUrl":"https:\/\/www.musikzeitung.ch\/wp-content\/uploads\/2023\/01\/SMZ_Schriftzug_Sprache.png","width":1400,"height":279,"caption":"Schweizer Musikzeitung"},"image":{"@id":"https:\/\/www.musikzeitung.ch\/#\/schema\/logo\/image\/"},"sameAs":["https:\/\/www.facebook.com\/SchweizerMusikzeitung\/","https:\/\/x.com\/smusikzeitung","https:\/\/www.instagram.com\/musikzeitung.ch\/"]},{"@type":"Person","@id":"https:\/\/www.musikzeitung.ch\/#\/schema\/person\/dce7e5b820812d9af4db2f787d1bec92","name":"Katrin Spelinova","image":{"@type":"ImageObject","inLanguage":"en-US","@id":"https:\/\/secure.gravatar.com\/avatar\/2a2c2956e074ebca9bf65620496cd2e317d90b8c76450e9dd04d7cebf95eeada?s=96&d=mm&r=g","url":"https:\/\/secure.gravatar.com\/avatar\/2a2c2956e074ebca9bf65620496cd2e317d90b8c76450e9dd04d7cebf95eeada?s=96&d=mm&r=g","contentUrl":"https:\/\/secure.gravatar.com\/avatar\/2a2c2956e074ebca9bf65620496cd2e317d90b8c76450e9dd04d7cebf95eeada?s=96&d=mm&r=g","caption":"Katrin Spelinova"},"sameAs":["https:\/\/x.com\/testredaktor"],"url":"https:\/\/www.musikzeitung.ch\/en\/author\/spelkat"}]}},"publishpress_future_workflow_manual_trigger":{"enabledWorkflows":[]},"_links":{"self":[{"href":"https:\/\/www.musikzeitung.ch\/en\/wp-json\/wp\/v2\/posts\/57246","targetHints":{"allow":["GET"]}}],"collection":[{"href":"https:\/\/www.musikzeitung.ch\/en\/wp-json\/wp\/v2\/posts"}],"about":[{"href":"https:\/\/www.musikzeitung.ch\/en\/wp-json\/wp\/v2\/types\/post"}],"author":[{"embeddable":true,"href":"https:\/\/www.musikzeitung.ch\/en\/wp-json\/wp\/v2\/users\/23"}],"replies":[{"embeddable":true,"href":"https:\/\/www.musikzeitung.ch\/en\/wp-json\/wp\/v2\/comments?post=57246"}],"version-history":[{"count":7,"href":"https:\/\/www.musikzeitung.ch\/en\/wp-json\/wp\/v2\/posts\/57246\/revisions"}],"predecessor-version":[{"id":57255,"href":"https:\/\/www.musikzeitung.ch\/en\/wp-json\/wp\/v2\/posts\/57246\/revisions\/57255"}],"wp:featuredmedia":[{"embeddable":true,"href":"https:\/\/www.musikzeitung.ch\/en\/wp-json\/wp\/v2\/media\/57247"}],"wp:attachment":[{"href":"https:\/\/www.musikzeitung.ch\/en\/wp-json\/wp\/v2\/media?parent=57246"}],"wp:term":[{"taxonomy":"category","embeddable":true,"href":"https:\/\/www.musikzeitung.ch\/en\/wp-json\/wp\/v2\/categories?post=57246"},{"taxonomy":"post_tag","embeddable":true,"href":"https:\/\/www.musikzeitung.ch\/en\/wp-json\/wp\/v2\/tags?post=57246"}],"curies":[{"name":"wp","href":"https:\/\/api.w.org\/{rel}","templated":true}]}}