{"id":57847,"date":"2024-09-09T06:04:18","date_gmt":"2024-09-09T04:04:18","guid":{"rendered":"https:\/\/www.musikzeitung.ch\/?p=57847"},"modified":"2024-09-12T08:56:16","modified_gmt":"2024-09-12T06:56:16","slug":"preissegen-fuer-luzerner-musikstudierende","status":"publish","type":"post","link":"https:\/\/www.musikzeitung.ch\/en\/news\/2024\/09\/preissegen-fuer-luzerner-musikstudierende","title":{"rendered":"Blessing of prizes for Lucerne music students"},"content":{"rendered":"<figure id=\"attachment_57848\" aria-describedby=\"caption-attachment-57848\" style=\"width: 768px\" class=\"wp-caption alignnone\"><img loading=\"lazy\" decoding=\"async\" class=\"size-large wp-image-57848\" src=\"https:\/\/www.musikzeitung.ch\/wp-content\/uploads\/2024\/09\/240909hslu-1024x678.jpg\" alt=\"\" width=\"768\" height=\"509\" srcset=\"https:\/\/www.musikzeitung.ch\/wp-content\/uploads\/2024\/09\/240909hslu-1024x678.jpg 1024w, https:\/\/www.musikzeitung.ch\/wp-content\/uploads\/2024\/09\/240909hslu-300x199.jpg 300w, https:\/\/www.musikzeitung.ch\/wp-content\/uploads\/2024\/09\/240909hslu-768x509.jpg 768w, https:\/\/www.musikzeitung.ch\/wp-content\/uploads\/2024\/09\/240909hslu-18x12.jpg 18w, https:\/\/www.musikzeitung.ch\/wp-content\/uploads\/2024\/09\/240909hslu-264x175.jpg 264w, https:\/\/www.musikzeitung.ch\/wp-content\/uploads\/2024\/09\/240909hslu-529x350.jpg 529w, https:\/\/www.musikzeitung.ch\/wp-content\/uploads\/2024\/09\/240909hslu-1208x800.jpg 1208w, https:\/\/www.musikzeitung.ch\/wp-content\/uploads\/2024\/09\/240909hslu-920x609.jpg 920w, https:\/\/www.musikzeitung.ch\/wp-content\/uploads\/2024\/09\/240909hslu.jpg 1329w\" sizes=\"auto, (max-width: 768px) 100vw, 768px\" \/><figcaption id=\"caption-attachment-57848\" class=\"wp-caption-text\">(from left to right): Busse-Grawitz; Niederhauser; Semiankou; Costa; Pimentel Rodrigues; St\u00f6ckmann; Brilli; Rigling. (Picture: HSLU\/Heinz Dahinden)<\/figcaption><\/figure>\n<p>Six students received a ST.ART - Young Talent Award for Culture. Launched in 2023, the award from the Canton of Lucerne is intended to support graduates as they enter the world of professional art. The prizes, each worth CHF 5,000, went to<\/p>\n<ul>\n<li>Marco Antonio Alarc\u00f3n Ram\u00edrez (*1993, from Chile), Master of Arts in Music\/Major Conducting with a major in Orchestral Conducting;<\/li>\n<li>Vincent Rigling (*1996, from Lucerne), Master of Arts in Music\/Major Performance Jazz with a major in guitar;<\/li>\n<li>Ana Pimentel Rodrigues (*1998, from Portugal), Master of Arts in Music\/Major Interpretation in Contemporary Music, majoring in violoncello;<\/li>\n<li>Mikalai Semiankou (*1989, from Belarus), Master of Arts in Music\/Major Solo Performance with a major in violin;<\/li>\n<li>Trio Sheliak: Sergio Costa, majoring in piano (*1995, from Italy) and Emanuele Brilli, majoring in violin (*1996, from Italy), Master of Arts in Music\/Major Chamber Music;<\/li>\n<li>Maurice Storrer (*1998, from Lohn SH), Master of Arts in Music\/Major Performance Jazz with a major in saxophone<\/li>\n<\/ul>\n<p>At the graduation ceremony, three prizes of CHF 2,000 each were also awarded by the Strebi Foundation for outstanding Bachelor graduates. They went to:<\/p>\n<ul>\n<li>Pavel St\u00f6ckmann (*2002, from Biel BE), Bachelor of Arts in Music, classical instrumental profile with piano as his main subject;<\/li>\n<li>Gian Luzi Niederhauser (*2003, from Biel BE), Bachelor of Arts in Music, jazz instrumental profile, majoring in electric bass (jazz) and double bass (classical);<\/li>\n<li>Fiona Busse-Grawitz (*2002, from Sarnen OW), Bachelor of Arts in Music, vocal jazz profile<\/li>\n<\/ul>\n<p>&nbsp;<\/p>","protected":false},"excerpt":{"rendered":"<p>218 Bachelor's and Master's graduates from the Department of Music at Lucerne University of Applied Sciences and Arts have received their diplomas. Nine prizes were awarded.<\/p>","protected":false},"author":30,"featured_media":57848,"comment_status":"closed","ping_status":"closed","sticky":false,"template":"","format":"standard","meta":{"_acf_changed":false,"_relevanssi_hide_post":"","_relevanssi_hide_content":"","_relevanssi_pin_for_all":"","_relevanssi_pin_keywords":"","_relevanssi_unpin_keywords":"","_relevanssi_related_keywords":"","_relevanssi_related_include_ids":"","_relevanssi_related_exclude_ids":"","_relevanssi_related_no_append":"","_relevanssi_related_not_related":"","_relevanssi_related_posts":"","_relevanssi_noindex_reason":"","pgc_sgb_lightbox_settings":"","footnotes":""},"categories":[27],"tags":[1811,4290,4289],"class_list":["post-57847","post","type-post","status-publish","format-standard","has-post-thumbnail","hentry","category-news","tag-hslu","tag-st-art-nachwuchsfoerderpreis-kultur","tag-strebi-preis"],"acf":[],"yoast_head":"<!-- This site is optimized with the Yoast SEO plugin v27.4 - https:\/\/yoast.com\/product\/yoast-seo-wordpress\/ -->\n<title>Preissegen f\u00fcr Luzerner Musikstudierende - Schweizer Musikzeitung<\/title>\n<meta name=\"description\" content=\"218 Bachelor- und Master-Absolventinnen und Absolventen des Departements Musik an der HSLU haben ihre Diplome erhalten. Dabei wurden neun Preise vergeben.\" \/>\n<meta name=\"robots\" content=\"index, follow, max-snippet:-1, max-image-preview:large, max-video-preview:-1\" \/>\n<link rel=\"canonical\" href=\"https:\/\/www.musikzeitung.ch\/en\/news\/2024\/09\/preissegen-fuer-luzerner-musikstudierende\/\" \/>\n<meta property=\"og:locale\" content=\"en_US\" \/>\n<meta property=\"og:type\" content=\"article\" \/>\n<meta property=\"og:title\" content=\"Preissegen f\u00fcr Luzerner Musikstudierende - Schweizer Musikzeitung\" \/>\n<meta property=\"og:description\" content=\"218 Bachelor- und Master-Absolventinnen und Absolventen des Departements Musik an der HSLU haben ihre Diplome erhalten. Dabei wurden neun Preise vergeben.\" \/>\n<meta property=\"og:url\" content=\"https:\/\/www.musikzeitung.ch\/en\/news\/2024\/09\/preissegen-fuer-luzerner-musikstudierende\/\" \/>\n<meta property=\"og:site_name\" content=\"Schweizer Musikzeitung\" \/>\n<meta property=\"article:publisher\" content=\"https:\/\/www.facebook.com\/SchweizerMusikzeitung\/\" \/>\n<meta property=\"article:author\" content=\"https:\/\/www.facebook.com\/wolfgang.bohler.75\" \/>\n<meta property=\"article:published_time\" content=\"2024-09-09T04:04:18+00:00\" \/>\n<meta property=\"article:modified_time\" content=\"2024-09-12T06:56:16+00:00\" \/>\n<meta property=\"og:image\" content=\"https:\/\/www.musikzeitung.ch\/wp-content\/uploads\/2024\/09\/240909hslu.jpg\" \/>\n\t<meta property=\"og:image:width\" content=\"1329\" \/>\n\t<meta property=\"og:image:height\" content=\"880\" \/>\n\t<meta property=\"og:image:type\" content=\"image\/jpeg\" \/>\n<meta name=\"author\" content=\"Wolfgang B\u00f6hler\" \/>\n<meta name=\"twitter:card\" content=\"summary_large_image\" \/>\n<meta name=\"twitter:creator\" content=\"@smusikzeitung\" \/>\n<meta name=\"twitter:site\" content=\"@smusikzeitung\" \/>\n<meta name=\"twitter:label1\" content=\"Written by\" \/>\n\t<meta name=\"twitter:data1\" content=\"Wolfgang B\u00f6hler\" \/>\n\t<meta name=\"twitter:label2\" content=\"Est. reading time\" \/>\n\t<meta name=\"twitter:data2\" content=\"2 minutes\" \/>\n<script type=\"application\/ld+json\" class=\"yoast-schema-graph\">{\"@context\":\"https:\\\/\\\/schema.org\",\"@graph\":[{\"@type\":\"Article\",\"@id\":\"https:\\\/\\\/www.musikzeitung.ch\\\/news\\\/2024\\\/09\\\/preissegen-fuer-luzerner-musikstudierende#article\",\"isPartOf\":{\"@id\":\"https:\\\/\\\/www.musikzeitung.ch\\\/news\\\/2024\\\/09\\\/preissegen-fuer-luzerner-musikstudierende\"},\"author\":{\"name\":\"Wolfgang B\u00f6hler\",\"@id\":\"https:\\\/\\\/www.musikzeitung.ch\\\/#\\\/schema\\\/person\\\/0da4fb82d243f1252850a35d0e87cf0c\"},\"headline\":\"Preissegen f\u00fcr Luzerner Musikstudierende\",\"datePublished\":\"2024-09-09T04:04:18+00:00\",\"dateModified\":\"2024-09-12T06:56:16+00:00\",\"mainEntityOfPage\":{\"@id\":\"https:\\\/\\\/www.musikzeitung.ch\\\/news\\\/2024\\\/09\\\/preissegen-fuer-luzerner-musikstudierende\"},\"wordCount\":251,\"publisher\":{\"@id\":\"https:\\\/\\\/www.musikzeitung.ch\\\/#organization\"},\"image\":{\"@id\":\"https:\\\/\\\/www.musikzeitung.ch\\\/news\\\/2024\\\/09\\\/preissegen-fuer-luzerner-musikstudierende#primaryimage\"},\"thumbnailUrl\":\"https:\\\/\\\/www.musikzeitung.ch\\\/wp-content\\\/uploads\\\/2024\\\/09\\\/240909hslu.jpg\",\"keywords\":[\"HSLU\",\"ST.ART \u2013 Nachwuchsf\u00f6rderpreis Kultur\",\"Strebi Preis\"],\"articleSection\":[\"News\"],\"inLanguage\":\"en-US\"},{\"@type\":\"WebPage\",\"@id\":\"https:\\\/\\\/www.musikzeitung.ch\\\/news\\\/2024\\\/09\\\/preissegen-fuer-luzerner-musikstudierende\",\"url\":\"https:\\\/\\\/www.musikzeitung.ch\\\/news\\\/2024\\\/09\\\/preissegen-fuer-luzerner-musikstudierende\",\"name\":\"Preissegen f\u00fcr Luzerner Musikstudierende - Schweizer Musikzeitung\",\"isPartOf\":{\"@id\":\"https:\\\/\\\/www.musikzeitung.ch\\\/#website\"},\"primaryImageOfPage\":{\"@id\":\"https:\\\/\\\/www.musikzeitung.ch\\\/news\\\/2024\\\/09\\\/preissegen-fuer-luzerner-musikstudierende#primaryimage\"},\"image\":{\"@id\":\"https:\\\/\\\/www.musikzeitung.ch\\\/news\\\/2024\\\/09\\\/preissegen-fuer-luzerner-musikstudierende#primaryimage\"},\"thumbnailUrl\":\"https:\\\/\\\/www.musikzeitung.ch\\\/wp-content\\\/uploads\\\/2024\\\/09\\\/240909hslu.jpg\",\"datePublished\":\"2024-09-09T04:04:18+00:00\",\"dateModified\":\"2024-09-12T06:56:16+00:00\",\"description\":\"218 Bachelor- und Master-Absolventinnen und Absolventen des Departements Musik an der HSLU haben ihre Diplome erhalten. Dabei wurden neun Preise vergeben.\",\"breadcrumb\":{\"@id\":\"https:\\\/\\\/www.musikzeitung.ch\\\/news\\\/2024\\\/09\\\/preissegen-fuer-luzerner-musikstudierende#breadcrumb\"},\"inLanguage\":\"en-US\",\"potentialAction\":[{\"@type\":\"ReadAction\",\"target\":[\"https:\\\/\\\/www.musikzeitung.ch\\\/news\\\/2024\\\/09\\\/preissegen-fuer-luzerner-musikstudierende\"]}]},{\"@type\":\"ImageObject\",\"inLanguage\":\"en-US\",\"@id\":\"https:\\\/\\\/www.musikzeitung.ch\\\/news\\\/2024\\\/09\\\/preissegen-fuer-luzerner-musikstudierende#primaryimage\",\"url\":\"https:\\\/\\\/www.musikzeitung.ch\\\/wp-content\\\/uploads\\\/2024\\\/09\\\/240909hslu.jpg\",\"contentUrl\":\"https:\\\/\\\/www.musikzeitung.ch\\\/wp-content\\\/uploads\\\/2024\\\/09\\\/240909hslu.jpg\",\"width\":1329,\"height\":880,\"caption\":\"(vlnr.): Busse-Grawitz; Niederhauser; Semiankou; Costa; Pimentel Rodrigues; St\u00f6ckmann; Brilli; Rigling. (Bild: HSLU\\\/Heinz Dahinden)\"},{\"@type\":\"BreadcrumbList\",\"@id\":\"https:\\\/\\\/www.musikzeitung.ch\\\/news\\\/2024\\\/09\\\/preissegen-fuer-luzerner-musikstudierende#breadcrumb\",\"itemListElement\":[{\"@type\":\"ListItem\",\"position\":1,\"name\":\"Home\",\"item\":\"https:\\\/\\\/www.musikzeitung.ch\\\/\"},{\"@type\":\"ListItem\",\"position\":2,\"name\":\"Preissegen f\u00fcr Luzerner Musikstudierende\"}]},{\"@type\":\"WebSite\",\"@id\":\"https:\\\/\\\/www.musikzeitung.ch\\\/#website\",\"url\":\"https:\\\/\\\/www.musikzeitung.ch\\\/\",\"name\":\"Schweizer Musikzeitung\",\"description\":\"Die f\u00fchrende sparten\u00fcbergreifende Monatszeitung in der Schweiz f\u00fcr musikalische Fragen.\",\"publisher\":{\"@id\":\"https:\\\/\\\/www.musikzeitung.ch\\\/#organization\"},\"potentialAction\":[{\"@type\":\"SearchAction\",\"target\":{\"@type\":\"EntryPoint\",\"urlTemplate\":\"https:\\\/\\\/www.musikzeitung.ch\\\/?s={search_term_string}\"},\"query-input\":{\"@type\":\"PropertyValueSpecification\",\"valueRequired\":true,\"valueName\":\"search_term_string\"}}],\"inLanguage\":\"en-US\"},{\"@type\":\"Organization\",\"@id\":\"https:\\\/\\\/www.musikzeitung.ch\\\/#organization\",\"name\":\"Schweizer Musikzeitung\",\"url\":\"https:\\\/\\\/www.musikzeitung.ch\\\/\",\"logo\":{\"@type\":\"ImageObject\",\"inLanguage\":\"en-US\",\"@id\":\"https:\\\/\\\/www.musikzeitung.ch\\\/#\\\/schema\\\/logo\\\/image\\\/\",\"url\":\"https:\\\/\\\/www.musikzeitung.ch\\\/wp-content\\\/uploads\\\/2023\\\/01\\\/SMZ_Schriftzug_Sprache.png\",\"contentUrl\":\"https:\\\/\\\/www.musikzeitung.ch\\\/wp-content\\\/uploads\\\/2023\\\/01\\\/SMZ_Schriftzug_Sprache.png\",\"width\":1400,\"height\":279,\"caption\":\"Schweizer Musikzeitung\"},\"image\":{\"@id\":\"https:\\\/\\\/www.musikzeitung.ch\\\/#\\\/schema\\\/logo\\\/image\\\/\"},\"sameAs\":[\"https:\\\/\\\/www.facebook.com\\\/SchweizerMusikzeitung\\\/\",\"https:\\\/\\\/x.com\\\/smusikzeitung\",\"https:\\\/\\\/www.instagram.com\\\/musikzeitung.ch\\\/\"]},{\"@type\":\"Person\",\"@id\":\"https:\\\/\\\/www.musikzeitung.ch\\\/#\\\/schema\\\/person\\\/0da4fb82d243f1252850a35d0e87cf0c\",\"name\":\"Wolfgang B\u00f6hler\",\"image\":{\"@type\":\"ImageObject\",\"inLanguage\":\"en-US\",\"@id\":\"https:\\\/\\\/www.musikzeitung.ch\\\/wp-content\\\/uploads\\\/2023\\\/01\\\/boehler_portraet_web-e1674139782246-96x96.jpg\",\"url\":\"https:\\\/\\\/www.musikzeitung.ch\\\/wp-content\\\/uploads\\\/2023\\\/01\\\/boehler_portraet_web-e1674139782246-96x96.jpg\",\"contentUrl\":\"https:\\\/\\\/www.musikzeitung.ch\\\/wp-content\\\/uploads\\\/2023\\\/01\\\/boehler_portraet_web-e1674139782246-96x96.jpg\",\"caption\":\"Wolfgang B\u00f6hler\"},\"sameAs\":[\"http:\\\/\\\/www.manacanto.ch\",\"https:\\\/\\\/www.facebook.com\\\/wolfgang.bohler.75\"],\"url\":\"https:\\\/\\\/www.musikzeitung.ch\\\/en\\\/author\\\/wolfgang-boehler\"}]}<\/script>\n<!-- \/ Yoast SEO plugin. -->","yoast_head_json":{"title":"Preissegen f\u00fcr Luzerner Musikstudierende - Schweizer Musikzeitung","description":"218 Bachelor- und Master-Absolventinnen und Absolventen des Departements Musik an der HSLU haben ihre Diplome erhalten. Dabei wurden neun Preise vergeben.","robots":{"index":"index","follow":"follow","max-snippet":"max-snippet:-1","max-image-preview":"max-image-preview:large","max-video-preview":"max-video-preview:-1"},"canonical":"https:\/\/www.musikzeitung.ch\/en\/news\/2024\/09\/preissegen-fuer-luzerner-musikstudierende\/","og_locale":"en_US","og_type":"article","og_title":"Preissegen f\u00fcr Luzerner Musikstudierende - Schweizer Musikzeitung","og_description":"218 Bachelor- und Master-Absolventinnen und Absolventen des Departements Musik an der HSLU haben ihre Diplome erhalten. Dabei wurden neun Preise vergeben.","og_url":"https:\/\/www.musikzeitung.ch\/en\/news\/2024\/09\/preissegen-fuer-luzerner-musikstudierende\/","og_site_name":"Schweizer Musikzeitung","article_publisher":"https:\/\/www.facebook.com\/SchweizerMusikzeitung\/","article_author":"https:\/\/www.facebook.com\/wolfgang.bohler.75","article_published_time":"2024-09-09T04:04:18+00:00","article_modified_time":"2024-09-12T06:56:16+00:00","og_image":[{"width":1329,"height":880,"url":"https:\/\/www.musikzeitung.ch\/wp-content\/uploads\/2024\/09\/240909hslu.jpg","type":"image\/jpeg"}],"author":"Wolfgang B\u00f6hler","twitter_card":"summary_large_image","twitter_creator":"@smusikzeitung","twitter_site":"@smusikzeitung","twitter_misc":{"Written by":"Wolfgang B\u00f6hler","Est. reading time":"2 minutes"},"schema":{"@context":"https:\/\/schema.org","@graph":[{"@type":"Article","@id":"https:\/\/www.musikzeitung.ch\/news\/2024\/09\/preissegen-fuer-luzerner-musikstudierende#article","isPartOf":{"@id":"https:\/\/www.musikzeitung.ch\/news\/2024\/09\/preissegen-fuer-luzerner-musikstudierende"},"author":{"name":"Wolfgang B\u00f6hler","@id":"https:\/\/www.musikzeitung.ch\/#\/schema\/person\/0da4fb82d243f1252850a35d0e87cf0c"},"headline":"Preissegen f\u00fcr Luzerner Musikstudierende","datePublished":"2024-09-09T04:04:18+00:00","dateModified":"2024-09-12T06:56:16+00:00","mainEntityOfPage":{"@id":"https:\/\/www.musikzeitung.ch\/news\/2024\/09\/preissegen-fuer-luzerner-musikstudierende"},"wordCount":251,"publisher":{"@id":"https:\/\/www.musikzeitung.ch\/#organization"},"image":{"@id":"https:\/\/www.musikzeitung.ch\/news\/2024\/09\/preissegen-fuer-luzerner-musikstudierende#primaryimage"},"thumbnailUrl":"https:\/\/www.musikzeitung.ch\/wp-content\/uploads\/2024\/09\/240909hslu.jpg","keywords":["HSLU","ST.ART \u2013 Nachwuchsf\u00f6rderpreis Kultur","Strebi Preis"],"articleSection":["News"],"inLanguage":"en-US"},{"@type":"WebPage","@id":"https:\/\/www.musikzeitung.ch\/news\/2024\/09\/preissegen-fuer-luzerner-musikstudierende","url":"https:\/\/www.musikzeitung.ch\/news\/2024\/09\/preissegen-fuer-luzerner-musikstudierende","name":"Preissegen f\u00fcr Luzerner Musikstudierende - Schweizer Musikzeitung","isPartOf":{"@id":"https:\/\/www.musikzeitung.ch\/#website"},"primaryImageOfPage":{"@id":"https:\/\/www.musikzeitung.ch\/news\/2024\/09\/preissegen-fuer-luzerner-musikstudierende#primaryimage"},"image":{"@id":"https:\/\/www.musikzeitung.ch\/news\/2024\/09\/preissegen-fuer-luzerner-musikstudierende#primaryimage"},"thumbnailUrl":"https:\/\/www.musikzeitung.ch\/wp-content\/uploads\/2024\/09\/240909hslu.jpg","datePublished":"2024-09-09T04:04:18+00:00","dateModified":"2024-09-12T06:56:16+00:00","description":"218 Bachelor- und Master-Absolventinnen und Absolventen des Departements Musik an der HSLU haben ihre Diplome erhalten. Dabei wurden neun Preise vergeben.","breadcrumb":{"@id":"https:\/\/www.musikzeitung.ch\/news\/2024\/09\/preissegen-fuer-luzerner-musikstudierende#breadcrumb"},"inLanguage":"en-US","potentialAction":[{"@type":"ReadAction","target":["https:\/\/www.musikzeitung.ch\/news\/2024\/09\/preissegen-fuer-luzerner-musikstudierende"]}]},{"@type":"ImageObject","inLanguage":"en-US","@id":"https:\/\/www.musikzeitung.ch\/news\/2024\/09\/preissegen-fuer-luzerner-musikstudierende#primaryimage","url":"https:\/\/www.musikzeitung.ch\/wp-content\/uploads\/2024\/09\/240909hslu.jpg","contentUrl":"https:\/\/www.musikzeitung.ch\/wp-content\/uploads\/2024\/09\/240909hslu.jpg","width":1329,"height":880,"caption":"(vlnr.): Busse-Grawitz; Niederhauser; Semiankou; Costa; Pimentel Rodrigues; St\u00f6ckmann; Brilli; Rigling. (Bild: HSLU\/Heinz Dahinden)"},{"@type":"BreadcrumbList","@id":"https:\/\/www.musikzeitung.ch\/news\/2024\/09\/preissegen-fuer-luzerner-musikstudierende#breadcrumb","itemListElement":[{"@type":"ListItem","position":1,"name":"Home","item":"https:\/\/www.musikzeitung.ch\/"},{"@type":"ListItem","position":2,"name":"Preissegen f\u00fcr Luzerner Musikstudierende"}]},{"@type":"WebSite","@id":"https:\/\/www.musikzeitung.ch\/#website","url":"https:\/\/www.musikzeitung.ch\/","name":"Swiss Music Newspaper","description":"The leading interdisciplinary monthly newspaper in Switzerland for musical issues.","publisher":{"@id":"https:\/\/www.musikzeitung.ch\/#organization"},"potentialAction":[{"@type":"SearchAction","target":{"@type":"EntryPoint","urlTemplate":"https:\/\/www.musikzeitung.ch\/?s={search_term_string}"},"query-input":{"@type":"PropertyValueSpecification","valueRequired":true,"valueName":"search_term_string"}}],"inLanguage":"en-US"},{"@type":"Organization","@id":"https:\/\/www.musikzeitung.ch\/#organization","name":"Swiss Music Newspaper","url":"https:\/\/www.musikzeitung.ch\/","logo":{"@type":"ImageObject","inLanguage":"en-US","@id":"https:\/\/www.musikzeitung.ch\/#\/schema\/logo\/image\/","url":"https:\/\/www.musikzeitung.ch\/wp-content\/uploads\/2023\/01\/SMZ_Schriftzug_Sprache.png","contentUrl":"https:\/\/www.musikzeitung.ch\/wp-content\/uploads\/2023\/01\/SMZ_Schriftzug_Sprache.png","width":1400,"height":279,"caption":"Schweizer Musikzeitung"},"image":{"@id":"https:\/\/www.musikzeitung.ch\/#\/schema\/logo\/image\/"},"sameAs":["https:\/\/www.facebook.com\/SchweizerMusikzeitung\/","https:\/\/x.com\/smusikzeitung","https:\/\/www.instagram.com\/musikzeitung.ch\/"]},{"@type":"Person","@id":"https:\/\/www.musikzeitung.ch\/#\/schema\/person\/0da4fb82d243f1252850a35d0e87cf0c","name":"Wolfgang B\u00f6hler","image":{"@type":"ImageObject","inLanguage":"en-US","@id":"https:\/\/www.musikzeitung.ch\/wp-content\/uploads\/2023\/01\/boehler_portraet_web-e1674139782246-96x96.jpg","url":"https:\/\/www.musikzeitung.ch\/wp-content\/uploads\/2023\/01\/boehler_portraet_web-e1674139782246-96x96.jpg","contentUrl":"https:\/\/www.musikzeitung.ch\/wp-content\/uploads\/2023\/01\/boehler_portraet_web-e1674139782246-96x96.jpg","caption":"Wolfgang B\u00f6hler"},"sameAs":["http:\/\/www.manacanto.ch","https:\/\/www.facebook.com\/wolfgang.bohler.75"],"url":"https:\/\/www.musikzeitung.ch\/en\/author\/wolfgang-boehler"}]}},"publishpress_future_workflow_manual_trigger":{"enabledWorkflows":[]},"_links":{"self":[{"href":"https:\/\/www.musikzeitung.ch\/en\/wp-json\/wp\/v2\/posts\/57847","targetHints":{"allow":["GET"]}}],"collection":[{"href":"https:\/\/www.musikzeitung.ch\/en\/wp-json\/wp\/v2\/posts"}],"about":[{"href":"https:\/\/www.musikzeitung.ch\/en\/wp-json\/wp\/v2\/types\/post"}],"author":[{"embeddable":true,"href":"https:\/\/www.musikzeitung.ch\/en\/wp-json\/wp\/v2\/users\/30"}],"replies":[{"embeddable":true,"href":"https:\/\/www.musikzeitung.ch\/en\/wp-json\/wp\/v2\/comments?post=57847"}],"version-history":[{"count":2,"href":"https:\/\/www.musikzeitung.ch\/en\/wp-json\/wp\/v2\/posts\/57847\/revisions"}],"predecessor-version":[{"id":57850,"href":"https:\/\/www.musikzeitung.ch\/en\/wp-json\/wp\/v2\/posts\/57847\/revisions\/57850"}],"wp:featuredmedia":[{"embeddable":true,"href":"https:\/\/www.musikzeitung.ch\/en\/wp-json\/wp\/v2\/media\/57848"}],"wp:attachment":[{"href":"https:\/\/www.musikzeitung.ch\/en\/wp-json\/wp\/v2\/media?parent=57847"}],"wp:term":[{"taxonomy":"category","embeddable":true,"href":"https:\/\/www.musikzeitung.ch\/en\/wp-json\/wp\/v2\/categories?post=57847"},{"taxonomy":"post_tag","embeddable":true,"href":"https:\/\/www.musikzeitung.ch\/en\/wp-json\/wp\/v2\/tags?post=57847"}],"curies":[{"name":"wp","href":"https:\/\/api.w.org\/{rel}","templated":true}]}}