{"id":57951,"date":"2024-09-10T09:18:54","date_gmt":"2024-09-10T07:18:54","guid":{"rendered":"https:\/\/www.musikzeitung.ch\/?p=57951"},"modified":"2024-09-12T09:03:02","modified_gmt":"2024-09-12T07:03:02","slug":"musikpreise-2024-des-kantons-bern","status":"publish","type":"post","link":"https:\/\/www.musikzeitung.ch\/en\/news\/2024\/09\/musikpreise-2024-des-kantons-bern","title":{"rendered":"Music prizes 2024 of the Canton of Bern"},"content":{"rendered":"<figure id=\"attachment_57952\" aria-describedby=\"caption-attachment-57952\" style=\"width: 768px\" class=\"wp-caption alignnone\"><img loading=\"lazy\" decoding=\"async\" class=\"size-large wp-image-57952\" src=\"https:\/\/www.musikzeitung.ch\/wp-content\/uploads\/2024\/09\/240910matrix-1024x568.jpg\" alt=\"\" width=\"768\" height=\"426\" srcset=\"https:\/\/www.musikzeitung.ch\/wp-content\/uploads\/2024\/09\/240910matrix-1024x568.jpg 1024w, https:\/\/www.musikzeitung.ch\/wp-content\/uploads\/2024\/09\/240910matrix-300x166.jpg 300w, https:\/\/www.musikzeitung.ch\/wp-content\/uploads\/2024\/09\/240910matrix-768x426.jpg 768w, https:\/\/www.musikzeitung.ch\/wp-content\/uploads\/2024\/09\/240910matrix-18x10.jpg 18w, https:\/\/www.musikzeitung.ch\/wp-content\/uploads\/2024\/09\/240910matrix-316x175.jpg 316w, https:\/\/www.musikzeitung.ch\/wp-content\/uploads\/2024\/09\/240910matrix-632x350.jpg 632w, https:\/\/www.musikzeitung.ch\/wp-content\/uploads\/2024\/09\/240910matrix-920x510.jpg 920w, https:\/\/www.musikzeitung.ch\/wp-content\/uploads\/2024\/09\/240910matrix.jpg 1088w\" sizes=\"auto, (max-width: 768px) 100vw, 768px\" \/><figcaption id=\"caption-attachment-57952\" class=\"wp-caption-text\">Malcolm Braff and la Maison-Matrice (Image: Youtube-Still)<\/figcaption><\/figure>\n<p>Malcolm Braff has recorded around 30 records in various formations, including two on the Blue Note label. In Cr\u00e9mines, where he lives, he and others founded the Maison-Matrice - a house dedicated to art and creativity by all for all, which operates on the principle of a donation economy. The Canton of Bern honors Malcolm Braff for \"his strong musical personality, his enormous talent and his extraordinary openness\".<\/p>\n<p>As a solo violinist and chamber musician, Gabrielle Brunner devotes herself in particular to contemporary music. She is in great demand as a commissioned composer and has been commissioned by numerous institutions, including the Lucerne Festival and the Bern Music Festival.<\/p>\n<p>Annalena Fr\u00f6hlich has built up an international network and established an artistic practice based on sound, sound design, performance and video art. She works on a transmedia Gesamtkunstwerk and audiovisual political statement that exists in both physical and virtual space.<\/p>\n<p>Beat Man Zeller has become an integral part of the Bernese music scene. He tried his hand as a singer and musician at the age of 13 before founding his band The Monsters in 1986 and launching his own record label Voodoo Rhythm Records in 1992. With The Monsters, Zeller created a completely new genre that fused psychobilly with garage punk and presented it at more than a thousand concerts in South America, Japan, Australia, the USA and the rest of the world.<\/p>\n<p>The band Mouche-Miel, signed to Humus Records, are Silas Auderset on drums and S\u00e9bastien Minguely on guitar. They stand for instrumental rock with metal\/math rock influences. The two eccentric musicians from St-Imier manage to light a fire on stage and ignite the audience.<\/p>\n<p>The prize money amounts to CHF 15,000 each, and CHF 3,000 for the \"Coup de c\u0153ur\" prize for young talent.<\/p>","protected":false},"excerpt":{"rendered":"<p>Malcolm Braff, Gabrielle Brunner, Annalena Fr\u00f6hlich and Beat Man Zeller aka Reverend Beat-Man are honored with the Music Prize of the Canton of Bern 2024. The \"Coup de c\u0153ur\" prize for young talent goes to the band Mouche-Miel from St-Imier.<\/p>","protected":false},"author":30,"featured_media":57952,"comment_status":"closed","ping_status":"closed","sticky":false,"template":"","format":"standard","meta":{"_acf_changed":false,"_relevanssi_hide_post":"","_relevanssi_hide_content":"","_relevanssi_pin_for_all":"","_relevanssi_pin_keywords":"","_relevanssi_unpin_keywords":"","_relevanssi_related_keywords":"","_relevanssi_related_include_ids":"","_relevanssi_related_exclude_ids":"","_relevanssi_related_no_append":"","_relevanssi_related_not_related":"","_relevanssi_related_posts":"","_relevanssi_noindex_reason":"","pgc_sgb_lightbox_settings":"","footnotes":""},"categories":[27],"tags":[4292],"class_list":["post-57951","post","type-post","status-publish","format-standard","has-post-thumbnail","hentry","category-news","tag-musikpreise-kanton-bern"],"acf":[],"yoast_head":"<!-- This site is optimized with the Yoast SEO plugin v27.4 - https:\/\/yoast.com\/product\/yoast-seo-wordpress\/ -->\n<title>Musikpreise 2024 des Kantons Bern - Schweizer Musikzeitung<\/title>\n<meta name=\"description\" content=\"Malcolm Braff, Gabrielle Brunner, Annalena Fr\u00f6hlich und Beat Man Zeller aka Reverend Beat-Man werden mit dem Musikpreis des Kantons Bern 2024 geehrt.\" \/>\n<meta name=\"robots\" content=\"index, follow, max-snippet:-1, max-image-preview:large, max-video-preview:-1\" \/>\n<link rel=\"canonical\" href=\"https:\/\/www.musikzeitung.ch\/en\/news\/2024\/09\/musikpreise-2024-des-kantons-bern\/\" \/>\n<meta property=\"og:locale\" content=\"en_US\" \/>\n<meta property=\"og:type\" content=\"article\" \/>\n<meta property=\"og:title\" content=\"Musikpreise 2024 des Kantons Bern - Schweizer Musikzeitung\" \/>\n<meta property=\"og:description\" content=\"Malcolm Braff, Gabrielle Brunner, Annalena Fr\u00f6hlich und Beat Man Zeller aka Reverend Beat-Man werden mit dem Musikpreis des Kantons Bern 2024 geehrt.\" \/>\n<meta property=\"og:url\" content=\"https:\/\/www.musikzeitung.ch\/en\/news\/2024\/09\/musikpreise-2024-des-kantons-bern\/\" \/>\n<meta property=\"og:site_name\" content=\"Schweizer Musikzeitung\" \/>\n<meta property=\"article:publisher\" content=\"https:\/\/www.facebook.com\/SchweizerMusikzeitung\/\" \/>\n<meta property=\"article:author\" content=\"https:\/\/www.facebook.com\/wolfgang.bohler.75\" \/>\n<meta property=\"article:published_time\" content=\"2024-09-10T07:18:54+00:00\" \/>\n<meta property=\"article:modified_time\" content=\"2024-09-12T07:03:02+00:00\" \/>\n<meta property=\"og:image\" content=\"https:\/\/www.musikzeitung.ch\/wp-content\/uploads\/2024\/09\/240910matrix.jpg\" \/>\n\t<meta property=\"og:image:width\" content=\"1088\" \/>\n\t<meta property=\"og:image:height\" content=\"603\" \/>\n\t<meta property=\"og:image:type\" content=\"image\/jpeg\" \/>\n<meta name=\"author\" content=\"Wolfgang B\u00f6hler\" \/>\n<meta name=\"twitter:card\" content=\"summary_large_image\" \/>\n<meta name=\"twitter:creator\" content=\"@smusikzeitung\" \/>\n<meta name=\"twitter:site\" content=\"@smusikzeitung\" \/>\n<meta name=\"twitter:label1\" content=\"Written by\" \/>\n\t<meta name=\"twitter:data1\" content=\"Wolfgang B\u00f6hler\" \/>\n\t<meta name=\"twitter:label2\" content=\"Est. reading time\" \/>\n\t<meta name=\"twitter:data2\" content=\"3 minutes\" \/>\n<script type=\"application\/ld+json\" class=\"yoast-schema-graph\">{\"@context\":\"https:\\\/\\\/schema.org\",\"@graph\":[{\"@type\":\"Article\",\"@id\":\"https:\\\/\\\/www.musikzeitung.ch\\\/news\\\/2024\\\/09\\\/musikpreise-2024-des-kantons-bern#article\",\"isPartOf\":{\"@id\":\"https:\\\/\\\/www.musikzeitung.ch\\\/news\\\/2024\\\/09\\\/musikpreise-2024-des-kantons-bern\"},\"author\":{\"name\":\"Wolfgang B\u00f6hler\",\"@id\":\"https:\\\/\\\/www.musikzeitung.ch\\\/#\\\/schema\\\/person\\\/0da4fb82d243f1252850a35d0e87cf0c\"},\"headline\":\"Musikpreise 2024 des Kantons Bern\",\"datePublished\":\"2024-09-10T07:18:54+00:00\",\"dateModified\":\"2024-09-12T07:03:02+00:00\",\"mainEntityOfPage\":{\"@id\":\"https:\\\/\\\/www.musikzeitung.ch\\\/news\\\/2024\\\/09\\\/musikpreise-2024-des-kantons-bern\"},\"wordCount\":321,\"publisher\":{\"@id\":\"https:\\\/\\\/www.musikzeitung.ch\\\/#organization\"},\"image\":{\"@id\":\"https:\\\/\\\/www.musikzeitung.ch\\\/news\\\/2024\\\/09\\\/musikpreise-2024-des-kantons-bern#primaryimage\"},\"thumbnailUrl\":\"https:\\\/\\\/www.musikzeitung.ch\\\/wp-content\\\/uploads\\\/2024\\\/09\\\/240910matrix.jpg\",\"keywords\":[\"Musikpreise Kanton Bern\"],\"articleSection\":[\"News\"],\"inLanguage\":\"en-US\"},{\"@type\":\"WebPage\",\"@id\":\"https:\\\/\\\/www.musikzeitung.ch\\\/news\\\/2024\\\/09\\\/musikpreise-2024-des-kantons-bern\",\"url\":\"https:\\\/\\\/www.musikzeitung.ch\\\/news\\\/2024\\\/09\\\/musikpreise-2024-des-kantons-bern\",\"name\":\"Musikpreise 2024 des Kantons Bern - Schweizer Musikzeitung\",\"isPartOf\":{\"@id\":\"https:\\\/\\\/www.musikzeitung.ch\\\/#website\"},\"primaryImageOfPage\":{\"@id\":\"https:\\\/\\\/www.musikzeitung.ch\\\/news\\\/2024\\\/09\\\/musikpreise-2024-des-kantons-bern#primaryimage\"},\"image\":{\"@id\":\"https:\\\/\\\/www.musikzeitung.ch\\\/news\\\/2024\\\/09\\\/musikpreise-2024-des-kantons-bern#primaryimage\"},\"thumbnailUrl\":\"https:\\\/\\\/www.musikzeitung.ch\\\/wp-content\\\/uploads\\\/2024\\\/09\\\/240910matrix.jpg\",\"datePublished\":\"2024-09-10T07:18:54+00:00\",\"dateModified\":\"2024-09-12T07:03:02+00:00\",\"description\":\"Malcolm Braff, Gabrielle Brunner, Annalena Fr\u00f6hlich und Beat Man Zeller aka Reverend Beat-Man werden mit dem Musikpreis des Kantons Bern 2024 geehrt.\",\"breadcrumb\":{\"@id\":\"https:\\\/\\\/www.musikzeitung.ch\\\/news\\\/2024\\\/09\\\/musikpreise-2024-des-kantons-bern#breadcrumb\"},\"inLanguage\":\"en-US\",\"potentialAction\":[{\"@type\":\"ReadAction\",\"target\":[\"https:\\\/\\\/www.musikzeitung.ch\\\/news\\\/2024\\\/09\\\/musikpreise-2024-des-kantons-bern\"]}]},{\"@type\":\"ImageObject\",\"inLanguage\":\"en-US\",\"@id\":\"https:\\\/\\\/www.musikzeitung.ch\\\/news\\\/2024\\\/09\\\/musikpreise-2024-des-kantons-bern#primaryimage\",\"url\":\"https:\\\/\\\/www.musikzeitung.ch\\\/wp-content\\\/uploads\\\/2024\\\/09\\\/240910matrix.jpg\",\"contentUrl\":\"https:\\\/\\\/www.musikzeitung.ch\\\/wp-content\\\/uploads\\\/2024\\\/09\\\/240910matrix.jpg\",\"width\":1088,\"height\":603,\"caption\":\"Matrix Haus (Bild: Youtube-Still)\"},{\"@type\":\"BreadcrumbList\",\"@id\":\"https:\\\/\\\/www.musikzeitung.ch\\\/news\\\/2024\\\/09\\\/musikpreise-2024-des-kantons-bern#breadcrumb\",\"itemListElement\":[{\"@type\":\"ListItem\",\"position\":1,\"name\":\"Home\",\"item\":\"https:\\\/\\\/www.musikzeitung.ch\\\/\"},{\"@type\":\"ListItem\",\"position\":2,\"name\":\"Musikpreise 2024 des Kantons Bern\"}]},{\"@type\":\"WebSite\",\"@id\":\"https:\\\/\\\/www.musikzeitung.ch\\\/#website\",\"url\":\"https:\\\/\\\/www.musikzeitung.ch\\\/\",\"name\":\"Schweizer Musikzeitung\",\"description\":\"Die f\u00fchrende sparten\u00fcbergreifende Monatszeitung in der Schweiz f\u00fcr musikalische Fragen.\",\"publisher\":{\"@id\":\"https:\\\/\\\/www.musikzeitung.ch\\\/#organization\"},\"potentialAction\":[{\"@type\":\"SearchAction\",\"target\":{\"@type\":\"EntryPoint\",\"urlTemplate\":\"https:\\\/\\\/www.musikzeitung.ch\\\/?s={search_term_string}\"},\"query-input\":{\"@type\":\"PropertyValueSpecification\",\"valueRequired\":true,\"valueName\":\"search_term_string\"}}],\"inLanguage\":\"en-US\"},{\"@type\":\"Organization\",\"@id\":\"https:\\\/\\\/www.musikzeitung.ch\\\/#organization\",\"name\":\"Schweizer Musikzeitung\",\"url\":\"https:\\\/\\\/www.musikzeitung.ch\\\/\",\"logo\":{\"@type\":\"ImageObject\",\"inLanguage\":\"en-US\",\"@id\":\"https:\\\/\\\/www.musikzeitung.ch\\\/#\\\/schema\\\/logo\\\/image\\\/\",\"url\":\"https:\\\/\\\/www.musikzeitung.ch\\\/wp-content\\\/uploads\\\/2023\\\/01\\\/SMZ_Schriftzug_Sprache.png\",\"contentUrl\":\"https:\\\/\\\/www.musikzeitung.ch\\\/wp-content\\\/uploads\\\/2023\\\/01\\\/SMZ_Schriftzug_Sprache.png\",\"width\":1400,\"height\":279,\"caption\":\"Schweizer Musikzeitung\"},\"image\":{\"@id\":\"https:\\\/\\\/www.musikzeitung.ch\\\/#\\\/schema\\\/logo\\\/image\\\/\"},\"sameAs\":[\"https:\\\/\\\/www.facebook.com\\\/SchweizerMusikzeitung\\\/\",\"https:\\\/\\\/x.com\\\/smusikzeitung\",\"https:\\\/\\\/www.instagram.com\\\/musikzeitung.ch\\\/\"]},{\"@type\":\"Person\",\"@id\":\"https:\\\/\\\/www.musikzeitung.ch\\\/#\\\/schema\\\/person\\\/0da4fb82d243f1252850a35d0e87cf0c\",\"name\":\"Wolfgang B\u00f6hler\",\"image\":{\"@type\":\"ImageObject\",\"inLanguage\":\"en-US\",\"@id\":\"https:\\\/\\\/www.musikzeitung.ch\\\/wp-content\\\/uploads\\\/2023\\\/01\\\/boehler_portraet_web-e1674139782246-96x96.jpg\",\"url\":\"https:\\\/\\\/www.musikzeitung.ch\\\/wp-content\\\/uploads\\\/2023\\\/01\\\/boehler_portraet_web-e1674139782246-96x96.jpg\",\"contentUrl\":\"https:\\\/\\\/www.musikzeitung.ch\\\/wp-content\\\/uploads\\\/2023\\\/01\\\/boehler_portraet_web-e1674139782246-96x96.jpg\",\"caption\":\"Wolfgang B\u00f6hler\"},\"sameAs\":[\"http:\\\/\\\/www.manacanto.ch\",\"https:\\\/\\\/www.facebook.com\\\/wolfgang.bohler.75\"],\"url\":\"https:\\\/\\\/www.musikzeitung.ch\\\/en\\\/author\\\/wolfgang-boehler\"}]}<\/script>\n<!-- \/ Yoast SEO plugin. -->","yoast_head_json":{"title":"Musikpreise 2024 des Kantons Bern - Schweizer Musikzeitung","description":"Malcolm Braff, Gabrielle Brunner, Annalena Fr\u00f6hlich und Beat Man Zeller aka Reverend Beat-Man werden mit dem Musikpreis des Kantons Bern 2024 geehrt.","robots":{"index":"index","follow":"follow","max-snippet":"max-snippet:-1","max-image-preview":"max-image-preview:large","max-video-preview":"max-video-preview:-1"},"canonical":"https:\/\/www.musikzeitung.ch\/en\/news\/2024\/09\/musikpreise-2024-des-kantons-bern\/","og_locale":"en_US","og_type":"article","og_title":"Musikpreise 2024 des Kantons Bern - Schweizer Musikzeitung","og_description":"Malcolm Braff, Gabrielle Brunner, Annalena Fr\u00f6hlich und Beat Man Zeller aka Reverend Beat-Man werden mit dem Musikpreis des Kantons Bern 2024 geehrt.","og_url":"https:\/\/www.musikzeitung.ch\/en\/news\/2024\/09\/musikpreise-2024-des-kantons-bern\/","og_site_name":"Schweizer Musikzeitung","article_publisher":"https:\/\/www.facebook.com\/SchweizerMusikzeitung\/","article_author":"https:\/\/www.facebook.com\/wolfgang.bohler.75","article_published_time":"2024-09-10T07:18:54+00:00","article_modified_time":"2024-09-12T07:03:02+00:00","og_image":[{"width":1088,"height":603,"url":"https:\/\/www.musikzeitung.ch\/wp-content\/uploads\/2024\/09\/240910matrix.jpg","type":"image\/jpeg"}],"author":"Wolfgang B\u00f6hler","twitter_card":"summary_large_image","twitter_creator":"@smusikzeitung","twitter_site":"@smusikzeitung","twitter_misc":{"Written by":"Wolfgang B\u00f6hler","Est. reading time":"3 minutes"},"schema":{"@context":"https:\/\/schema.org","@graph":[{"@type":"Article","@id":"https:\/\/www.musikzeitung.ch\/news\/2024\/09\/musikpreise-2024-des-kantons-bern#article","isPartOf":{"@id":"https:\/\/www.musikzeitung.ch\/news\/2024\/09\/musikpreise-2024-des-kantons-bern"},"author":{"name":"Wolfgang B\u00f6hler","@id":"https:\/\/www.musikzeitung.ch\/#\/schema\/person\/0da4fb82d243f1252850a35d0e87cf0c"},"headline":"Musikpreise 2024 des Kantons Bern","datePublished":"2024-09-10T07:18:54+00:00","dateModified":"2024-09-12T07:03:02+00:00","mainEntityOfPage":{"@id":"https:\/\/www.musikzeitung.ch\/news\/2024\/09\/musikpreise-2024-des-kantons-bern"},"wordCount":321,"publisher":{"@id":"https:\/\/www.musikzeitung.ch\/#organization"},"image":{"@id":"https:\/\/www.musikzeitung.ch\/news\/2024\/09\/musikpreise-2024-des-kantons-bern#primaryimage"},"thumbnailUrl":"https:\/\/www.musikzeitung.ch\/wp-content\/uploads\/2024\/09\/240910matrix.jpg","keywords":["Musikpreise Kanton Bern"],"articleSection":["News"],"inLanguage":"en-US"},{"@type":"WebPage","@id":"https:\/\/www.musikzeitung.ch\/news\/2024\/09\/musikpreise-2024-des-kantons-bern","url":"https:\/\/www.musikzeitung.ch\/news\/2024\/09\/musikpreise-2024-des-kantons-bern","name":"Musikpreise 2024 des Kantons Bern - Schweizer Musikzeitung","isPartOf":{"@id":"https:\/\/www.musikzeitung.ch\/#website"},"primaryImageOfPage":{"@id":"https:\/\/www.musikzeitung.ch\/news\/2024\/09\/musikpreise-2024-des-kantons-bern#primaryimage"},"image":{"@id":"https:\/\/www.musikzeitung.ch\/news\/2024\/09\/musikpreise-2024-des-kantons-bern#primaryimage"},"thumbnailUrl":"https:\/\/www.musikzeitung.ch\/wp-content\/uploads\/2024\/09\/240910matrix.jpg","datePublished":"2024-09-10T07:18:54+00:00","dateModified":"2024-09-12T07:03:02+00:00","description":"Malcolm Braff, Gabrielle Brunner, Annalena Fr\u00f6hlich und Beat Man Zeller aka Reverend Beat-Man werden mit dem Musikpreis des Kantons Bern 2024 geehrt.","breadcrumb":{"@id":"https:\/\/www.musikzeitung.ch\/news\/2024\/09\/musikpreise-2024-des-kantons-bern#breadcrumb"},"inLanguage":"en-US","potentialAction":[{"@type":"ReadAction","target":["https:\/\/www.musikzeitung.ch\/news\/2024\/09\/musikpreise-2024-des-kantons-bern"]}]},{"@type":"ImageObject","inLanguage":"en-US","@id":"https:\/\/www.musikzeitung.ch\/news\/2024\/09\/musikpreise-2024-des-kantons-bern#primaryimage","url":"https:\/\/www.musikzeitung.ch\/wp-content\/uploads\/2024\/09\/240910matrix.jpg","contentUrl":"https:\/\/www.musikzeitung.ch\/wp-content\/uploads\/2024\/09\/240910matrix.jpg","width":1088,"height":603,"caption":"Matrix Haus (Bild: Youtube-Still)"},{"@type":"BreadcrumbList","@id":"https:\/\/www.musikzeitung.ch\/news\/2024\/09\/musikpreise-2024-des-kantons-bern#breadcrumb","itemListElement":[{"@type":"ListItem","position":1,"name":"Home","item":"https:\/\/www.musikzeitung.ch\/"},{"@type":"ListItem","position":2,"name":"Musikpreise 2024 des Kantons Bern"}]},{"@type":"WebSite","@id":"https:\/\/www.musikzeitung.ch\/#website","url":"https:\/\/www.musikzeitung.ch\/","name":"Swiss Music Newspaper","description":"The leading interdisciplinary monthly newspaper in Switzerland for musical issues.","publisher":{"@id":"https:\/\/www.musikzeitung.ch\/#organization"},"potentialAction":[{"@type":"SearchAction","target":{"@type":"EntryPoint","urlTemplate":"https:\/\/www.musikzeitung.ch\/?s={search_term_string}"},"query-input":{"@type":"PropertyValueSpecification","valueRequired":true,"valueName":"search_term_string"}}],"inLanguage":"en-US"},{"@type":"Organization","@id":"https:\/\/www.musikzeitung.ch\/#organization","name":"Swiss Music Newspaper","url":"https:\/\/www.musikzeitung.ch\/","logo":{"@type":"ImageObject","inLanguage":"en-US","@id":"https:\/\/www.musikzeitung.ch\/#\/schema\/logo\/image\/","url":"https:\/\/www.musikzeitung.ch\/wp-content\/uploads\/2023\/01\/SMZ_Schriftzug_Sprache.png","contentUrl":"https:\/\/www.musikzeitung.ch\/wp-content\/uploads\/2023\/01\/SMZ_Schriftzug_Sprache.png","width":1400,"height":279,"caption":"Schweizer Musikzeitung"},"image":{"@id":"https:\/\/www.musikzeitung.ch\/#\/schema\/logo\/image\/"},"sameAs":["https:\/\/www.facebook.com\/SchweizerMusikzeitung\/","https:\/\/x.com\/smusikzeitung","https:\/\/www.instagram.com\/musikzeitung.ch\/"]},{"@type":"Person","@id":"https:\/\/www.musikzeitung.ch\/#\/schema\/person\/0da4fb82d243f1252850a35d0e87cf0c","name":"Wolfgang B\u00f6hler","image":{"@type":"ImageObject","inLanguage":"en-US","@id":"https:\/\/www.musikzeitung.ch\/wp-content\/uploads\/2023\/01\/boehler_portraet_web-e1674139782246-96x96.jpg","url":"https:\/\/www.musikzeitung.ch\/wp-content\/uploads\/2023\/01\/boehler_portraet_web-e1674139782246-96x96.jpg","contentUrl":"https:\/\/www.musikzeitung.ch\/wp-content\/uploads\/2023\/01\/boehler_portraet_web-e1674139782246-96x96.jpg","caption":"Wolfgang B\u00f6hler"},"sameAs":["http:\/\/www.manacanto.ch","https:\/\/www.facebook.com\/wolfgang.bohler.75"],"url":"https:\/\/www.musikzeitung.ch\/en\/author\/wolfgang-boehler"}]}},"publishpress_future_workflow_manual_trigger":{"enabledWorkflows":[]},"_links":{"self":[{"href":"https:\/\/www.musikzeitung.ch\/en\/wp-json\/wp\/v2\/posts\/57951","targetHints":{"allow":["GET"]}}],"collection":[{"href":"https:\/\/www.musikzeitung.ch\/en\/wp-json\/wp\/v2\/posts"}],"about":[{"href":"https:\/\/www.musikzeitung.ch\/en\/wp-json\/wp\/v2\/types\/post"}],"author":[{"embeddable":true,"href":"https:\/\/www.musikzeitung.ch\/en\/wp-json\/wp\/v2\/users\/30"}],"replies":[{"embeddable":true,"href":"https:\/\/www.musikzeitung.ch\/en\/wp-json\/wp\/v2\/comments?post=57951"}],"version-history":[{"count":4,"href":"https:\/\/www.musikzeitung.ch\/en\/wp-json\/wp\/v2\/posts\/57951\/revisions"}],"predecessor-version":[{"id":57991,"href":"https:\/\/www.musikzeitung.ch\/en\/wp-json\/wp\/v2\/posts\/57951\/revisions\/57991"}],"wp:featuredmedia":[{"embeddable":true,"href":"https:\/\/www.musikzeitung.ch\/en\/wp-json\/wp\/v2\/media\/57952"}],"wp:attachment":[{"href":"https:\/\/www.musikzeitung.ch\/en\/wp-json\/wp\/v2\/media?parent=57951"}],"wp:term":[{"taxonomy":"category","embeddable":true,"href":"https:\/\/www.musikzeitung.ch\/en\/wp-json\/wp\/v2\/categories?post=57951"},{"taxonomy":"post_tag","embeddable":true,"href":"https:\/\/www.musikzeitung.ch\/en\/wp-json\/wp\/v2\/tags?post=57951"}],"curies":[{"name":"wp","href":"https:\/\/api.w.org\/{rel}","templated":true}]}}