{"id":58361,"date":"2024-09-23T11:38:41","date_gmt":"2024-09-23T09:38:41","guid":{"rendered":"https:\/\/www.musikzeitung.ch\/?p=58361"},"modified":"2024-09-30T10:04:36","modified_gmt":"2024-09-30T08:04:36","slug":"valaisia-brass-band-gewinnt-34rd-besson-swiss-open-contest","status":"publish","type":"post","link":"https:\/\/www.musikzeitung.ch\/en\/news\/2024\/09\/valaisia-brass-band-gewinnt-34rd-besson-swiss-open-contest","title":{"rendered":"Valaisia Brass Band wins 34th Besson Swiss Open Contest"},"content":{"rendered":"<figure id=\"attachment_58367\" aria-describedby=\"caption-attachment-58367\" style=\"width: 768px\" class=\"wp-caption alignnone\"><img loading=\"lazy\" decoding=\"async\" class=\"size-large wp-image-58367\" src=\"https:\/\/www.musikzeitung.ch\/wp-content\/uploads\/2024\/09\/240923valisia-1024x683.jpg\" alt=\"\" width=\"768\" height=\"512\" srcset=\"https:\/\/www.musikzeitung.ch\/wp-content\/uploads\/2024\/09\/240923valisia-1024x683.jpg 1024w, https:\/\/www.musikzeitung.ch\/wp-content\/uploads\/2024\/09\/240923valisia-300x200.jpg 300w, https:\/\/www.musikzeitung.ch\/wp-content\/uploads\/2024\/09\/240923valisia-600x400.jpg 600w, https:\/\/www.musikzeitung.ch\/wp-content\/uploads\/2024\/09\/240923valisia-768x512.jpg 768w, https:\/\/www.musikzeitung.ch\/wp-content\/uploads\/2024\/09\/240923valisia-1536x1024.jpg 1536w, https:\/\/www.musikzeitung.ch\/wp-content\/uploads\/2024\/09\/240923valisia-2048x1365.jpg 2048w, https:\/\/www.musikzeitung.ch\/wp-content\/uploads\/2024\/09\/240923valisia-18x12.jpg 18w, https:\/\/www.musikzeitung.ch\/wp-content\/uploads\/2024\/09\/240923valisia-263x175.jpg 263w, https:\/\/www.musikzeitung.ch\/wp-content\/uploads\/2024\/09\/240923valisia-525x350.jpg 525w, https:\/\/www.musikzeitung.ch\/wp-content\/uploads\/2024\/09\/240923valisia-1200x800.jpg 1200w, https:\/\/www.musikzeitung.ch\/wp-content\/uploads\/2024\/09\/240923valisia-920x613.jpg 920w, https:\/\/www.musikzeitung.ch\/wp-content\/uploads\/2024\/09\/240923valisia.jpg 1400w\" sizes=\"auto, (max-width: 768px) 100vw, 768px\" \/><figcaption id=\"caption-attachment-58367\" class=\"wp-caption-text\"><a href=\"https:\/\/www.valaisiabrass.ch\/\" target=\"_blank\" rel=\"noopener\">Valaisia Brass Band<\/a> (Image: zVg)<\/figcaption><\/figure>\n<p>The Valaisia Brass Band prevailed against nine competitors and secured first place, followed by the B\u00fcrgermusik Luzern brass band and the Brass Band Fribourg. The winning band received a voucher worth 5000 francs for instruments from the manufacturer Buffet Crampon, Paris. In addition, the special prize of 1000 francs from Obrasso-Verlag was awarded for the best self-chosen piece and the special prize of 500 francs, donated by Musik Beat Zurkinden, for the best solo euphonium played in the test piece.<\/p>\n<p>The 34th Besson Swiss Open Contest marked the start of the World Band Festival Lucerne. Other orchestras, ensembles and soloists will be performing in Lucerne until September 29, including the Black Dyke Band, one of the oldest and best-known English brass bands, Mnozil Brass, LaBrassBanda and the Christoph Walter Orchestra.<\/p>","protected":false},"excerpt":{"rendered":"<p>Valaisia Brass Band wins this year's Besson Swiss Open Contest at the World Band Festival in the KKL Lucerne.<\/p>","protected":false},"author":30,"featured_media":58367,"comment_status":"closed","ping_status":"closed","sticky":false,"template":"","format":"standard","meta":{"_acf_changed":false,"_relevanssi_hide_post":"","_relevanssi_hide_content":"","_relevanssi_pin_for_all":"","_relevanssi_pin_keywords":"","_relevanssi_unpin_keywords":"","_relevanssi_related_keywords":"","_relevanssi_related_include_ids":"","_relevanssi_related_exclude_ids":"","_relevanssi_related_no_append":"","_relevanssi_related_not_related":"","_relevanssi_related_posts":"","_relevanssi_noindex_reason":"","pgc_sgb_lightbox_settings":"","footnotes":""},"categories":[27],"tags":[4312,4319],"class_list":["post-58361","post","type-post","status-publish","format-standard","has-post-thumbnail","hentry","category-news","tag-besson-swiss-open-contest","tag-valaisia-brass-band"],"acf":[],"yoast_head":"<!-- This site is optimized with the Yoast SEO plugin v27.4 - https:\/\/yoast.com\/product\/yoast-seo-wordpress\/ -->\n<title>Valaisia Brass Band gewinnt 34rd Besson Swiss Open Contest - Schweizer Musikzeitung<\/title>\n<meta name=\"description\" content=\"Valaisia Brass Band gewinnt im Rahmen des World Band Festivals im KKL Luzern den diesj\u00e4hrigen Besson Swiss Open Contest.\" \/>\n<meta name=\"robots\" content=\"index, follow, max-snippet:-1, max-image-preview:large, max-video-preview:-1\" \/>\n<link rel=\"canonical\" href=\"https:\/\/www.musikzeitung.ch\/en\/news\/2024\/09\/valaisia-brass-band-gewinnt-34rd-besson-swiss-open-contest\/\" \/>\n<meta property=\"og:locale\" content=\"en_US\" \/>\n<meta property=\"og:type\" content=\"article\" \/>\n<meta property=\"og:title\" content=\"Valaisia Brass Band gewinnt 34rd Besson Swiss Open Contest - Schweizer Musikzeitung\" \/>\n<meta property=\"og:description\" content=\"Valaisia Brass Band gewinnt im Rahmen des World Band Festivals im KKL Luzern den diesj\u00e4hrigen Besson Swiss Open Contest.\" \/>\n<meta property=\"og:url\" content=\"https:\/\/www.musikzeitung.ch\/en\/news\/2024\/09\/valaisia-brass-band-gewinnt-34rd-besson-swiss-open-contest\/\" \/>\n<meta property=\"og:site_name\" content=\"Schweizer Musikzeitung\" \/>\n<meta property=\"article:publisher\" content=\"https:\/\/www.facebook.com\/SchweizerMusikzeitung\/\" \/>\n<meta property=\"article:author\" content=\"https:\/\/www.facebook.com\/wolfgang.bohler.75\" \/>\n<meta property=\"article:published_time\" content=\"2024-09-23T09:38:41+00:00\" \/>\n<meta property=\"article:modified_time\" content=\"2024-09-30T08:04:36+00:00\" \/>\n<meta property=\"og:image\" content=\"https:\/\/www.musikzeitung.ch\/wp-content\/uploads\/2024\/09\/240923valisia.jpg\" \/>\n\t<meta property=\"og:image:width\" content=\"1400\" \/>\n\t<meta property=\"og:image:height\" content=\"933\" \/>\n\t<meta property=\"og:image:type\" content=\"image\/jpeg\" \/>\n<meta name=\"author\" content=\"Wolfgang B\u00f6hler\" \/>\n<meta name=\"twitter:card\" content=\"summary_large_image\" \/>\n<meta name=\"twitter:creator\" content=\"@smusikzeitung\" \/>\n<meta name=\"twitter:site\" content=\"@smusikzeitung\" \/>\n<meta name=\"twitter:label1\" content=\"Written by\" \/>\n\t<meta name=\"twitter:data1\" content=\"Wolfgang B\u00f6hler\" \/>\n\t<meta name=\"twitter:label2\" content=\"Est. reading time\" \/>\n\t<meta name=\"twitter:data2\" content=\"2 minutes\" \/>\n<script type=\"application\/ld+json\" class=\"yoast-schema-graph\">{\"@context\":\"https:\\\/\\\/schema.org\",\"@graph\":[{\"@type\":\"Article\",\"@id\":\"https:\\\/\\\/www.musikzeitung.ch\\\/news\\\/2024\\\/09\\\/valaisia-brass-band-gewinnt-34rd-besson-swiss-open-contest#article\",\"isPartOf\":{\"@id\":\"https:\\\/\\\/www.musikzeitung.ch\\\/news\\\/2024\\\/09\\\/valaisia-brass-band-gewinnt-34rd-besson-swiss-open-contest\"},\"author\":{\"name\":\"Wolfgang B\u00f6hler\",\"@id\":\"https:\\\/\\\/www.musikzeitung.ch\\\/#\\\/schema\\\/person\\\/0da4fb82d243f1252850a35d0e87cf0c\"},\"headline\":\"Valaisia Brass Band gewinnt 34rd Besson Swiss Open Contest\",\"datePublished\":\"2024-09-23T09:38:41+00:00\",\"dateModified\":\"2024-09-30T08:04:36+00:00\",\"mainEntityOfPage\":{\"@id\":\"https:\\\/\\\/www.musikzeitung.ch\\\/news\\\/2024\\\/09\\\/valaisia-brass-band-gewinnt-34rd-besson-swiss-open-contest\"},\"wordCount\":149,\"publisher\":{\"@id\":\"https:\\\/\\\/www.musikzeitung.ch\\\/#organization\"},\"image\":{\"@id\":\"https:\\\/\\\/www.musikzeitung.ch\\\/news\\\/2024\\\/09\\\/valaisia-brass-band-gewinnt-34rd-besson-swiss-open-contest#primaryimage\"},\"thumbnailUrl\":\"https:\\\/\\\/www.musikzeitung.ch\\\/wp-content\\\/uploads\\\/2024\\\/09\\\/240923valisia.jpg\",\"keywords\":[\"Besson Swiss Open Contest\",\"Valaisia Brass Band\"],\"articleSection\":[\"News\"],\"inLanguage\":\"en-US\"},{\"@type\":\"WebPage\",\"@id\":\"https:\\\/\\\/www.musikzeitung.ch\\\/news\\\/2024\\\/09\\\/valaisia-brass-band-gewinnt-34rd-besson-swiss-open-contest\",\"url\":\"https:\\\/\\\/www.musikzeitung.ch\\\/news\\\/2024\\\/09\\\/valaisia-brass-band-gewinnt-34rd-besson-swiss-open-contest\",\"name\":\"Valaisia Brass Band gewinnt 34rd Besson Swiss Open Contest - Schweizer Musikzeitung\",\"isPartOf\":{\"@id\":\"https:\\\/\\\/www.musikzeitung.ch\\\/#website\"},\"primaryImageOfPage\":{\"@id\":\"https:\\\/\\\/www.musikzeitung.ch\\\/news\\\/2024\\\/09\\\/valaisia-brass-band-gewinnt-34rd-besson-swiss-open-contest#primaryimage\"},\"image\":{\"@id\":\"https:\\\/\\\/www.musikzeitung.ch\\\/news\\\/2024\\\/09\\\/valaisia-brass-band-gewinnt-34rd-besson-swiss-open-contest#primaryimage\"},\"thumbnailUrl\":\"https:\\\/\\\/www.musikzeitung.ch\\\/wp-content\\\/uploads\\\/2024\\\/09\\\/240923valisia.jpg\",\"datePublished\":\"2024-09-23T09:38:41+00:00\",\"dateModified\":\"2024-09-30T08:04:36+00:00\",\"description\":\"Valaisia Brass Band gewinnt im Rahmen des World Band Festivals im KKL Luzern den diesj\u00e4hrigen Besson Swiss Open Contest.\",\"breadcrumb\":{\"@id\":\"https:\\\/\\\/www.musikzeitung.ch\\\/news\\\/2024\\\/09\\\/valaisia-brass-band-gewinnt-34rd-besson-swiss-open-contest#breadcrumb\"},\"inLanguage\":\"en-US\",\"potentialAction\":[{\"@type\":\"ReadAction\",\"target\":[\"https:\\\/\\\/www.musikzeitung.ch\\\/news\\\/2024\\\/09\\\/valaisia-brass-band-gewinnt-34rd-besson-swiss-open-contest\"]}]},{\"@type\":\"ImageObject\",\"inLanguage\":\"en-US\",\"@id\":\"https:\\\/\\\/www.musikzeitung.ch\\\/news\\\/2024\\\/09\\\/valaisia-brass-band-gewinnt-34rd-besson-swiss-open-contest#primaryimage\",\"url\":\"https:\\\/\\\/www.musikzeitung.ch\\\/wp-content\\\/uploads\\\/2024\\\/09\\\/240923valisia.jpg\",\"contentUrl\":\"https:\\\/\\\/www.musikzeitung.ch\\\/wp-content\\\/uploads\\\/2024\\\/09\\\/240923valisia.jpg\",\"width\":1400,\"height\":933,\"caption\":\"Valisia Brass Band (Bild: zVg)\"},{\"@type\":\"BreadcrumbList\",\"@id\":\"https:\\\/\\\/www.musikzeitung.ch\\\/news\\\/2024\\\/09\\\/valaisia-brass-band-gewinnt-34rd-besson-swiss-open-contest#breadcrumb\",\"itemListElement\":[{\"@type\":\"ListItem\",\"position\":1,\"name\":\"Home\",\"item\":\"https:\\\/\\\/www.musikzeitung.ch\\\/\"},{\"@type\":\"ListItem\",\"position\":2,\"name\":\"Valaisia Brass Band gewinnt 34rd Besson Swiss Open Contest\"}]},{\"@type\":\"WebSite\",\"@id\":\"https:\\\/\\\/www.musikzeitung.ch\\\/#website\",\"url\":\"https:\\\/\\\/www.musikzeitung.ch\\\/\",\"name\":\"Schweizer Musikzeitung\",\"description\":\"Die f\u00fchrende sparten\u00fcbergreifende Monatszeitung in der Schweiz f\u00fcr musikalische Fragen.\",\"publisher\":{\"@id\":\"https:\\\/\\\/www.musikzeitung.ch\\\/#organization\"},\"potentialAction\":[{\"@type\":\"SearchAction\",\"target\":{\"@type\":\"EntryPoint\",\"urlTemplate\":\"https:\\\/\\\/www.musikzeitung.ch\\\/?s={search_term_string}\"},\"query-input\":{\"@type\":\"PropertyValueSpecification\",\"valueRequired\":true,\"valueName\":\"search_term_string\"}}],\"inLanguage\":\"en-US\"},{\"@type\":\"Organization\",\"@id\":\"https:\\\/\\\/www.musikzeitung.ch\\\/#organization\",\"name\":\"Schweizer Musikzeitung\",\"url\":\"https:\\\/\\\/www.musikzeitung.ch\\\/\",\"logo\":{\"@type\":\"ImageObject\",\"inLanguage\":\"en-US\",\"@id\":\"https:\\\/\\\/www.musikzeitung.ch\\\/#\\\/schema\\\/logo\\\/image\\\/\",\"url\":\"https:\\\/\\\/www.musikzeitung.ch\\\/wp-content\\\/uploads\\\/2023\\\/01\\\/SMZ_Schriftzug_Sprache.png\",\"contentUrl\":\"https:\\\/\\\/www.musikzeitung.ch\\\/wp-content\\\/uploads\\\/2023\\\/01\\\/SMZ_Schriftzug_Sprache.png\",\"width\":1400,\"height\":279,\"caption\":\"Schweizer Musikzeitung\"},\"image\":{\"@id\":\"https:\\\/\\\/www.musikzeitung.ch\\\/#\\\/schema\\\/logo\\\/image\\\/\"},\"sameAs\":[\"https:\\\/\\\/www.facebook.com\\\/SchweizerMusikzeitung\\\/\",\"https:\\\/\\\/x.com\\\/smusikzeitung\",\"https:\\\/\\\/www.instagram.com\\\/musikzeitung.ch\\\/\"]},{\"@type\":\"Person\",\"@id\":\"https:\\\/\\\/www.musikzeitung.ch\\\/#\\\/schema\\\/person\\\/0da4fb82d243f1252850a35d0e87cf0c\",\"name\":\"Wolfgang B\u00f6hler\",\"image\":{\"@type\":\"ImageObject\",\"inLanguage\":\"en-US\",\"@id\":\"https:\\\/\\\/www.musikzeitung.ch\\\/wp-content\\\/uploads\\\/2023\\\/01\\\/boehler_portraet_web-e1674139782246-96x96.jpg\",\"url\":\"https:\\\/\\\/www.musikzeitung.ch\\\/wp-content\\\/uploads\\\/2023\\\/01\\\/boehler_portraet_web-e1674139782246-96x96.jpg\",\"contentUrl\":\"https:\\\/\\\/www.musikzeitung.ch\\\/wp-content\\\/uploads\\\/2023\\\/01\\\/boehler_portraet_web-e1674139782246-96x96.jpg\",\"caption\":\"Wolfgang B\u00f6hler\"},\"sameAs\":[\"http:\\\/\\\/www.manacanto.ch\",\"https:\\\/\\\/www.facebook.com\\\/wolfgang.bohler.75\"],\"url\":\"https:\\\/\\\/www.musikzeitung.ch\\\/en\\\/author\\\/wolfgang-boehler\"}]}<\/script>\n<!-- \/ Yoast SEO plugin. -->","yoast_head_json":{"title":"Valaisia Brass Band gewinnt 34rd Besson Swiss Open Contest - Schweizer Musikzeitung","description":"Valaisia Brass Band wins this year's Besson Swiss Open Contest at the World Band Festival in the KKL Lucerne.","robots":{"index":"index","follow":"follow","max-snippet":"max-snippet:-1","max-image-preview":"max-image-preview:large","max-video-preview":"max-video-preview:-1"},"canonical":"https:\/\/www.musikzeitung.ch\/en\/news\/2024\/09\/valaisia-brass-band-gewinnt-34rd-besson-swiss-open-contest\/","og_locale":"en_US","og_type":"article","og_title":"Valaisia Brass Band gewinnt 34rd Besson Swiss Open Contest - Schweizer Musikzeitung","og_description":"Valaisia Brass Band gewinnt im Rahmen des World Band Festivals im KKL Luzern den diesj\u00e4hrigen Besson Swiss Open Contest.","og_url":"https:\/\/www.musikzeitung.ch\/en\/news\/2024\/09\/valaisia-brass-band-gewinnt-34rd-besson-swiss-open-contest\/","og_site_name":"Schweizer Musikzeitung","article_publisher":"https:\/\/www.facebook.com\/SchweizerMusikzeitung\/","article_author":"https:\/\/www.facebook.com\/wolfgang.bohler.75","article_published_time":"2024-09-23T09:38:41+00:00","article_modified_time":"2024-09-30T08:04:36+00:00","og_image":[{"width":1400,"height":933,"url":"https:\/\/www.musikzeitung.ch\/wp-content\/uploads\/2024\/09\/240923valisia.jpg","type":"image\/jpeg"}],"author":"Wolfgang B\u00f6hler","twitter_card":"summary_large_image","twitter_creator":"@smusikzeitung","twitter_site":"@smusikzeitung","twitter_misc":{"Written by":"Wolfgang B\u00f6hler","Est. reading time":"2 minutes"},"schema":{"@context":"https:\/\/schema.org","@graph":[{"@type":"Article","@id":"https:\/\/www.musikzeitung.ch\/news\/2024\/09\/valaisia-brass-band-gewinnt-34rd-besson-swiss-open-contest#article","isPartOf":{"@id":"https:\/\/www.musikzeitung.ch\/news\/2024\/09\/valaisia-brass-band-gewinnt-34rd-besson-swiss-open-contest"},"author":{"name":"Wolfgang B\u00f6hler","@id":"https:\/\/www.musikzeitung.ch\/#\/schema\/person\/0da4fb82d243f1252850a35d0e87cf0c"},"headline":"Valaisia Brass Band gewinnt 34rd Besson Swiss Open Contest","datePublished":"2024-09-23T09:38:41+00:00","dateModified":"2024-09-30T08:04:36+00:00","mainEntityOfPage":{"@id":"https:\/\/www.musikzeitung.ch\/news\/2024\/09\/valaisia-brass-band-gewinnt-34rd-besson-swiss-open-contest"},"wordCount":149,"publisher":{"@id":"https:\/\/www.musikzeitung.ch\/#organization"},"image":{"@id":"https:\/\/www.musikzeitung.ch\/news\/2024\/09\/valaisia-brass-band-gewinnt-34rd-besson-swiss-open-contest#primaryimage"},"thumbnailUrl":"https:\/\/www.musikzeitung.ch\/wp-content\/uploads\/2024\/09\/240923valisia.jpg","keywords":["Besson Swiss Open Contest","Valaisia Brass Band"],"articleSection":["News"],"inLanguage":"en-US"},{"@type":"WebPage","@id":"https:\/\/www.musikzeitung.ch\/news\/2024\/09\/valaisia-brass-band-gewinnt-34rd-besson-swiss-open-contest","url":"https:\/\/www.musikzeitung.ch\/news\/2024\/09\/valaisia-brass-band-gewinnt-34rd-besson-swiss-open-contest","name":"Valaisia Brass Band gewinnt 34rd Besson Swiss Open Contest - Schweizer Musikzeitung","isPartOf":{"@id":"https:\/\/www.musikzeitung.ch\/#website"},"primaryImageOfPage":{"@id":"https:\/\/www.musikzeitung.ch\/news\/2024\/09\/valaisia-brass-band-gewinnt-34rd-besson-swiss-open-contest#primaryimage"},"image":{"@id":"https:\/\/www.musikzeitung.ch\/news\/2024\/09\/valaisia-brass-band-gewinnt-34rd-besson-swiss-open-contest#primaryimage"},"thumbnailUrl":"https:\/\/www.musikzeitung.ch\/wp-content\/uploads\/2024\/09\/240923valisia.jpg","datePublished":"2024-09-23T09:38:41+00:00","dateModified":"2024-09-30T08:04:36+00:00","description":"Valaisia Brass Band wins this year's Besson Swiss Open Contest at the World Band Festival in the KKL Lucerne.","breadcrumb":{"@id":"https:\/\/www.musikzeitung.ch\/news\/2024\/09\/valaisia-brass-band-gewinnt-34rd-besson-swiss-open-contest#breadcrumb"},"inLanguage":"en-US","potentialAction":[{"@type":"ReadAction","target":["https:\/\/www.musikzeitung.ch\/news\/2024\/09\/valaisia-brass-band-gewinnt-34rd-besson-swiss-open-contest"]}]},{"@type":"ImageObject","inLanguage":"en-US","@id":"https:\/\/www.musikzeitung.ch\/news\/2024\/09\/valaisia-brass-band-gewinnt-34rd-besson-swiss-open-contest#primaryimage","url":"https:\/\/www.musikzeitung.ch\/wp-content\/uploads\/2024\/09\/240923valisia.jpg","contentUrl":"https:\/\/www.musikzeitung.ch\/wp-content\/uploads\/2024\/09\/240923valisia.jpg","width":1400,"height":933,"caption":"Valisia Brass Band (Bild: zVg)"},{"@type":"BreadcrumbList","@id":"https:\/\/www.musikzeitung.ch\/news\/2024\/09\/valaisia-brass-band-gewinnt-34rd-besson-swiss-open-contest#breadcrumb","itemListElement":[{"@type":"ListItem","position":1,"name":"Home","item":"https:\/\/www.musikzeitung.ch\/"},{"@type":"ListItem","position":2,"name":"Valaisia Brass Band gewinnt 34rd Besson Swiss Open Contest"}]},{"@type":"WebSite","@id":"https:\/\/www.musikzeitung.ch\/#website","url":"https:\/\/www.musikzeitung.ch\/","name":"Swiss Music Newspaper","description":"The leading interdisciplinary monthly newspaper in Switzerland for musical issues.","publisher":{"@id":"https:\/\/www.musikzeitung.ch\/#organization"},"potentialAction":[{"@type":"SearchAction","target":{"@type":"EntryPoint","urlTemplate":"https:\/\/www.musikzeitung.ch\/?s={search_term_string}"},"query-input":{"@type":"PropertyValueSpecification","valueRequired":true,"valueName":"search_term_string"}}],"inLanguage":"en-US"},{"@type":"Organization","@id":"https:\/\/www.musikzeitung.ch\/#organization","name":"Swiss Music Newspaper","url":"https:\/\/www.musikzeitung.ch\/","logo":{"@type":"ImageObject","inLanguage":"en-US","@id":"https:\/\/www.musikzeitung.ch\/#\/schema\/logo\/image\/","url":"https:\/\/www.musikzeitung.ch\/wp-content\/uploads\/2023\/01\/SMZ_Schriftzug_Sprache.png","contentUrl":"https:\/\/www.musikzeitung.ch\/wp-content\/uploads\/2023\/01\/SMZ_Schriftzug_Sprache.png","width":1400,"height":279,"caption":"Schweizer Musikzeitung"},"image":{"@id":"https:\/\/www.musikzeitung.ch\/#\/schema\/logo\/image\/"},"sameAs":["https:\/\/www.facebook.com\/SchweizerMusikzeitung\/","https:\/\/x.com\/smusikzeitung","https:\/\/www.instagram.com\/musikzeitung.ch\/"]},{"@type":"Person","@id":"https:\/\/www.musikzeitung.ch\/#\/schema\/person\/0da4fb82d243f1252850a35d0e87cf0c","name":"Wolfgang B\u00f6hler","image":{"@type":"ImageObject","inLanguage":"en-US","@id":"https:\/\/www.musikzeitung.ch\/wp-content\/uploads\/2023\/01\/boehler_portraet_web-e1674139782246-96x96.jpg","url":"https:\/\/www.musikzeitung.ch\/wp-content\/uploads\/2023\/01\/boehler_portraet_web-e1674139782246-96x96.jpg","contentUrl":"https:\/\/www.musikzeitung.ch\/wp-content\/uploads\/2023\/01\/boehler_portraet_web-e1674139782246-96x96.jpg","caption":"Wolfgang B\u00f6hler"},"sameAs":["http:\/\/www.manacanto.ch","https:\/\/www.facebook.com\/wolfgang.bohler.75"],"url":"https:\/\/www.musikzeitung.ch\/en\/author\/wolfgang-boehler"}]}},"publishpress_future_workflow_manual_trigger":{"enabledWorkflows":[]},"_links":{"self":[{"href":"https:\/\/www.musikzeitung.ch\/en\/wp-json\/wp\/v2\/posts\/58361","targetHints":{"allow":["GET"]}}],"collection":[{"href":"https:\/\/www.musikzeitung.ch\/en\/wp-json\/wp\/v2\/posts"}],"about":[{"href":"https:\/\/www.musikzeitung.ch\/en\/wp-json\/wp\/v2\/types\/post"}],"author":[{"embeddable":true,"href":"https:\/\/www.musikzeitung.ch\/en\/wp-json\/wp\/v2\/users\/30"}],"replies":[{"embeddable":true,"href":"https:\/\/www.musikzeitung.ch\/en\/wp-json\/wp\/v2\/comments?post=58361"}],"version-history":[{"count":4,"href":"https:\/\/www.musikzeitung.ch\/en\/wp-json\/wp\/v2\/posts\/58361\/revisions"}],"predecessor-version":[{"id":58517,"href":"https:\/\/www.musikzeitung.ch\/en\/wp-json\/wp\/v2\/posts\/58361\/revisions\/58517"}],"wp:featuredmedia":[{"embeddable":true,"href":"https:\/\/www.musikzeitung.ch\/en\/wp-json\/wp\/v2\/media\/58367"}],"wp:attachment":[{"href":"https:\/\/www.musikzeitung.ch\/en\/wp-json\/wp\/v2\/media?parent=58361"}],"wp:term":[{"taxonomy":"category","embeddable":true,"href":"https:\/\/www.musikzeitung.ch\/en\/wp-json\/wp\/v2\/categories?post=58361"},{"taxonomy":"post_tag","embeddable":true,"href":"https:\/\/www.musikzeitung.ch\/en\/wp-json\/wp\/v2\/tags?post=58361"}],"curies":[{"name":"wp","href":"https:\/\/api.w.org\/{rel}","templated":true}]}}