{"id":58511,"date":"2024-09-27T17:46:08","date_gmt":"2024-09-27T15:46:08","guid":{"rendered":"https:\/\/www.musikzeitung.ch\/?p=58511"},"modified":"2024-09-30T09:06:39","modified_gmt":"2024-09-30T07:06:39","slug":"swissperform-trennt-sich-von-geschaeftsleiter-poto-wegener","status":"publish","type":"post","link":"https:\/\/www.musikzeitung.ch\/en\/news\/2024\/09\/swissperform-trennt-sich-von-geschaeftsleiter-poto-wegener","title":{"rendered":"Swissperform parts ways with Managing Director Poto Wegener"},"content":{"rendered":"<figure id=\"attachment_58512\" aria-describedby=\"caption-attachment-58512\" style=\"width: 768px\" class=\"wp-caption alignnone\"><img loading=\"lazy\" decoding=\"async\" class=\"wp-image-58512 size-large\" src=\"https:\/\/www.musikzeitung.ch\/wp-content\/uploads\/2024\/09\/240927egli-1024x661.jpg\" alt=\"\" width=\"768\" height=\"496\" srcset=\"https:\/\/www.musikzeitung.ch\/wp-content\/uploads\/2024\/09\/240927egli-1024x661.jpg 1024w, https:\/\/www.musikzeitung.ch\/wp-content\/uploads\/2024\/09\/240927egli-300x194.jpg 300w, https:\/\/www.musikzeitung.ch\/wp-content\/uploads\/2024\/09\/240927egli-768x495.jpg 768w, https:\/\/www.musikzeitung.ch\/wp-content\/uploads\/2024\/09\/240927egli-18x12.jpg 18w, https:\/\/www.musikzeitung.ch\/wp-content\/uploads\/2024\/09\/240927egli-271x175.jpg 271w, https:\/\/www.musikzeitung.ch\/wp-content\/uploads\/2024\/09\/240927egli-543x350.jpg 543w, https:\/\/www.musikzeitung.ch\/wp-content\/uploads\/2024\/09\/240927egli-920x593.jpg 920w, https:\/\/www.musikzeitung.ch\/wp-content\/uploads\/2024\/09\/240927egli.jpg 1048w\" sizes=\"auto, (max-width: 768px) 100vw, 768px\" \/><figcaption id=\"caption-attachment-58512\" class=\"wp-caption-text\">Michael Egli takes over the Swissperform business on an interim basis (Image: Swissperform)<\/figcaption><\/figure>\n<p>This decision is the result of in-depth consultations in the course of the ongoing restructuring and digitalization, writes The restructuring process has shown that, in addition to the measures already implemented, it is also necessary to fill the position of Managing Director.<\/p>\n<p>Poto Wegener has played a key role in shaping Swissperform over the past 13 years and has set the course for the company, Swissperform continues. The search for a suitable successor has already begun. In the meantime, Michael Egli, Head of Legal Services and member of the Executive Board, will continue to manage the business on an interim basis to ensure a smooth transition.<\/p>\n<p>Swissperform is the collecting society for ancillary copyrights (related rights) in Switzerland and the Principality of Liechtenstein and also exploits secondary use rights: The company represents the holders of ancillary copyrights<br \/>\n(rights holders) vis-\u00e0-vis the users (e.g. music use by broadcasting companies).<\/p>","protected":false},"excerpt":{"rendered":"<p>The Board of Directors of Swissperform is parting ways with long-serving Managing Director Poto Wegener. The new appointment is necessary to ensure the company's strategic goals are met. <\/p>","protected":false},"author":30,"featured_media":58512,"comment_status":"closed","ping_status":"closed","sticky":false,"template":"","format":"standard","meta":{"_acf_changed":false,"_relevanssi_hide_post":"","_relevanssi_hide_content":"","_relevanssi_pin_for_all":"","_relevanssi_pin_keywords":"","_relevanssi_unpin_keywords":"","_relevanssi_related_keywords":"","_relevanssi_related_include_ids":"","_relevanssi_related_exclude_ids":"","_relevanssi_related_no_append":"","_relevanssi_related_not_related":"","_relevanssi_related_posts":"","_relevanssi_noindex_reason":"","pgc_sgb_lightbox_settings":"","footnotes":""},"categories":[27],"tags":[4318,4317,4316],"class_list":["post-58511","post","type-post","status-publish","format-standard","has-post-thumbnail","hentry","category-news","tag-michael-egli","tag-poto-wegener","tag-swissperform"],"acf":[],"yoast_head":"<!-- This site is optimized with the Yoast SEO plugin v27.4 - https:\/\/yoast.com\/product\/yoast-seo-wordpress\/ -->\n<title>Swissperform trennt sich von Gesch\u00e4ftsleiter Poto Wegener - Schweizer Musikzeitung<\/title>\n<meta name=\"description\" content=\"Die Neubesetzung der Position sei notwendig, um die strategischen Ziele der Gesellschaft sicherzustellen.\" \/>\n<meta name=\"robots\" content=\"index, follow, max-snippet:-1, max-image-preview:large, max-video-preview:-1\" \/>\n<link rel=\"canonical\" href=\"https:\/\/www.musikzeitung.ch\/en\/news\/2024\/09\/swissperform-trennt-sich-von-geschaeftsleiter-poto-wegener\/\" \/>\n<meta property=\"og:locale\" content=\"en_US\" \/>\n<meta property=\"og:type\" content=\"article\" \/>\n<meta property=\"og:title\" content=\"Swissperform trennt sich von Gesch\u00e4ftsleiter Poto Wegener - Schweizer Musikzeitung\" \/>\n<meta property=\"og:description\" content=\"Die Neubesetzung der Position sei notwendig, um die strategischen Ziele der Gesellschaft sicherzustellen.\" \/>\n<meta property=\"og:url\" content=\"https:\/\/www.musikzeitung.ch\/en\/news\/2024\/09\/swissperform-trennt-sich-von-geschaeftsleiter-poto-wegener\/\" \/>\n<meta property=\"og:site_name\" content=\"Schweizer Musikzeitung\" \/>\n<meta property=\"article:publisher\" content=\"https:\/\/www.facebook.com\/SchweizerMusikzeitung\/\" \/>\n<meta property=\"article:author\" content=\"https:\/\/www.facebook.com\/wolfgang.bohler.75\" \/>\n<meta property=\"article:published_time\" content=\"2024-09-27T15:46:08+00:00\" \/>\n<meta property=\"article:modified_time\" content=\"2024-09-30T07:06:39+00:00\" \/>\n<meta property=\"og:image\" content=\"https:\/\/www.musikzeitung.ch\/wp-content\/uploads\/2024\/09\/240927egli.jpg\" \/>\n\t<meta property=\"og:image:width\" content=\"1048\" \/>\n\t<meta property=\"og:image:height\" content=\"676\" \/>\n\t<meta property=\"og:image:type\" content=\"image\/jpeg\" \/>\n<meta name=\"author\" content=\"Wolfgang B\u00f6hler\" \/>\n<meta name=\"twitter:card\" content=\"summary_large_image\" \/>\n<meta name=\"twitter:creator\" content=\"@smusikzeitung\" \/>\n<meta name=\"twitter:site\" content=\"@smusikzeitung\" \/>\n<meta name=\"twitter:label1\" content=\"Written by\" \/>\n\t<meta name=\"twitter:data1\" content=\"Wolfgang B\u00f6hler\" \/>\n\t<meta name=\"twitter:label2\" content=\"Est. reading time\" \/>\n\t<meta name=\"twitter:data2\" content=\"2 minutes\" \/>\n<script type=\"application\/ld+json\" class=\"yoast-schema-graph\">{\"@context\":\"https:\\\/\\\/schema.org\",\"@graph\":[{\"@type\":\"Article\",\"@id\":\"https:\\\/\\\/www.musikzeitung.ch\\\/news\\\/2024\\\/09\\\/swissperform-trennt-sich-von-geschaeftsleiter-poto-wegener#article\",\"isPartOf\":{\"@id\":\"https:\\\/\\\/www.musikzeitung.ch\\\/news\\\/2024\\\/09\\\/swissperform-trennt-sich-von-geschaeftsleiter-poto-wegener\"},\"author\":{\"name\":\"Wolfgang B\u00f6hler\",\"@id\":\"https:\\\/\\\/www.musikzeitung.ch\\\/#\\\/schema\\\/person\\\/0da4fb82d243f1252850a35d0e87cf0c\"},\"headline\":\"Swissperform trennt sich von Gesch\u00e4ftsleiter Poto Wegener\",\"datePublished\":\"2024-09-27T15:46:08+00:00\",\"dateModified\":\"2024-09-30T07:06:39+00:00\",\"mainEntityOfPage\":{\"@id\":\"https:\\\/\\\/www.musikzeitung.ch\\\/news\\\/2024\\\/09\\\/swissperform-trennt-sich-von-geschaeftsleiter-poto-wegener\"},\"wordCount\":149,\"publisher\":{\"@id\":\"https:\\\/\\\/www.musikzeitung.ch\\\/#organization\"},\"image\":{\"@id\":\"https:\\\/\\\/www.musikzeitung.ch\\\/news\\\/2024\\\/09\\\/swissperform-trennt-sich-von-geschaeftsleiter-poto-wegener#primaryimage\"},\"thumbnailUrl\":\"https:\\\/\\\/www.musikzeitung.ch\\\/wp-content\\\/uploads\\\/2024\\\/09\\\/240927egli.jpg\",\"keywords\":[\"Michael Egli\",\"Poto Wegener\",\"Swissperform\"],\"articleSection\":[\"News\"],\"inLanguage\":\"en-US\"},{\"@type\":\"WebPage\",\"@id\":\"https:\\\/\\\/www.musikzeitung.ch\\\/news\\\/2024\\\/09\\\/swissperform-trennt-sich-von-geschaeftsleiter-poto-wegener\",\"url\":\"https:\\\/\\\/www.musikzeitung.ch\\\/news\\\/2024\\\/09\\\/swissperform-trennt-sich-von-geschaeftsleiter-poto-wegener\",\"name\":\"Swissperform trennt sich von Gesch\u00e4ftsleiter Poto Wegener - Schweizer Musikzeitung\",\"isPartOf\":{\"@id\":\"https:\\\/\\\/www.musikzeitung.ch\\\/#website\"},\"primaryImageOfPage\":{\"@id\":\"https:\\\/\\\/www.musikzeitung.ch\\\/news\\\/2024\\\/09\\\/swissperform-trennt-sich-von-geschaeftsleiter-poto-wegener#primaryimage\"},\"image\":{\"@id\":\"https:\\\/\\\/www.musikzeitung.ch\\\/news\\\/2024\\\/09\\\/swissperform-trennt-sich-von-geschaeftsleiter-poto-wegener#primaryimage\"},\"thumbnailUrl\":\"https:\\\/\\\/www.musikzeitung.ch\\\/wp-content\\\/uploads\\\/2024\\\/09\\\/240927egli.jpg\",\"datePublished\":\"2024-09-27T15:46:08+00:00\",\"dateModified\":\"2024-09-30T07:06:39+00:00\",\"description\":\"Die Neubesetzung der Position sei notwendig, um die strategischen Ziele der Gesellschaft sicherzustellen.\",\"breadcrumb\":{\"@id\":\"https:\\\/\\\/www.musikzeitung.ch\\\/news\\\/2024\\\/09\\\/swissperform-trennt-sich-von-geschaeftsleiter-poto-wegener#breadcrumb\"},\"inLanguage\":\"en-US\",\"potentialAction\":[{\"@type\":\"ReadAction\",\"target\":[\"https:\\\/\\\/www.musikzeitung.ch\\\/news\\\/2024\\\/09\\\/swissperform-trennt-sich-von-geschaeftsleiter-poto-wegener\"]}]},{\"@type\":\"ImageObject\",\"inLanguage\":\"en-US\",\"@id\":\"https:\\\/\\\/www.musikzeitung.ch\\\/news\\\/2024\\\/09\\\/swissperform-trennt-sich-von-geschaeftsleiter-poto-wegener#primaryimage\",\"url\":\"https:\\\/\\\/www.musikzeitung.ch\\\/wp-content\\\/uploads\\\/2024\\\/09\\\/240927egli.jpg\",\"contentUrl\":\"https:\\\/\\\/www.musikzeitung.ch\\\/wp-content\\\/uploads\\\/2024\\\/09\\\/240927egli.jpg\",\"width\":1048,\"height\":676,\"caption\":\"Michael Egli \u00fcbernimmt die Swissperform-gesch\u00e4fte interimistisch (Bild: Swissperform)\"},{\"@type\":\"BreadcrumbList\",\"@id\":\"https:\\\/\\\/www.musikzeitung.ch\\\/news\\\/2024\\\/09\\\/swissperform-trennt-sich-von-geschaeftsleiter-poto-wegener#breadcrumb\",\"itemListElement\":[{\"@type\":\"ListItem\",\"position\":1,\"name\":\"Home\",\"item\":\"https:\\\/\\\/www.musikzeitung.ch\\\/\"},{\"@type\":\"ListItem\",\"position\":2,\"name\":\"Swissperform trennt sich von Gesch\u00e4ftsleiter Poto Wegener\"}]},{\"@type\":\"WebSite\",\"@id\":\"https:\\\/\\\/www.musikzeitung.ch\\\/#website\",\"url\":\"https:\\\/\\\/www.musikzeitung.ch\\\/\",\"name\":\"Schweizer Musikzeitung\",\"description\":\"Die f\u00fchrende sparten\u00fcbergreifende Monatszeitung in der Schweiz f\u00fcr musikalische Fragen.\",\"publisher\":{\"@id\":\"https:\\\/\\\/www.musikzeitung.ch\\\/#organization\"},\"potentialAction\":[{\"@type\":\"SearchAction\",\"target\":{\"@type\":\"EntryPoint\",\"urlTemplate\":\"https:\\\/\\\/www.musikzeitung.ch\\\/?s={search_term_string}\"},\"query-input\":{\"@type\":\"PropertyValueSpecification\",\"valueRequired\":true,\"valueName\":\"search_term_string\"}}],\"inLanguage\":\"en-US\"},{\"@type\":\"Organization\",\"@id\":\"https:\\\/\\\/www.musikzeitung.ch\\\/#organization\",\"name\":\"Schweizer Musikzeitung\",\"url\":\"https:\\\/\\\/www.musikzeitung.ch\\\/\",\"logo\":{\"@type\":\"ImageObject\",\"inLanguage\":\"en-US\",\"@id\":\"https:\\\/\\\/www.musikzeitung.ch\\\/#\\\/schema\\\/logo\\\/image\\\/\",\"url\":\"https:\\\/\\\/www.musikzeitung.ch\\\/wp-content\\\/uploads\\\/2023\\\/01\\\/SMZ_Schriftzug_Sprache.png\",\"contentUrl\":\"https:\\\/\\\/www.musikzeitung.ch\\\/wp-content\\\/uploads\\\/2023\\\/01\\\/SMZ_Schriftzug_Sprache.png\",\"width\":1400,\"height\":279,\"caption\":\"Schweizer Musikzeitung\"},\"image\":{\"@id\":\"https:\\\/\\\/www.musikzeitung.ch\\\/#\\\/schema\\\/logo\\\/image\\\/\"},\"sameAs\":[\"https:\\\/\\\/www.facebook.com\\\/SchweizerMusikzeitung\\\/\",\"https:\\\/\\\/x.com\\\/smusikzeitung\",\"https:\\\/\\\/www.instagram.com\\\/musikzeitung.ch\\\/\"]},{\"@type\":\"Person\",\"@id\":\"https:\\\/\\\/www.musikzeitung.ch\\\/#\\\/schema\\\/person\\\/0da4fb82d243f1252850a35d0e87cf0c\",\"name\":\"Wolfgang B\u00f6hler\",\"image\":{\"@type\":\"ImageObject\",\"inLanguage\":\"en-US\",\"@id\":\"https:\\\/\\\/www.musikzeitung.ch\\\/wp-content\\\/uploads\\\/2023\\\/01\\\/boehler_portraet_web-e1674139782246-96x96.jpg\",\"url\":\"https:\\\/\\\/www.musikzeitung.ch\\\/wp-content\\\/uploads\\\/2023\\\/01\\\/boehler_portraet_web-e1674139782246-96x96.jpg\",\"contentUrl\":\"https:\\\/\\\/www.musikzeitung.ch\\\/wp-content\\\/uploads\\\/2023\\\/01\\\/boehler_portraet_web-e1674139782246-96x96.jpg\",\"caption\":\"Wolfgang B\u00f6hler\"},\"sameAs\":[\"http:\\\/\\\/www.manacanto.ch\",\"https:\\\/\\\/www.facebook.com\\\/wolfgang.bohler.75\"],\"url\":\"https:\\\/\\\/www.musikzeitung.ch\\\/en\\\/author\\\/wolfgang-boehler\"}]}<\/script>\n<!-- \/ Yoast SEO plugin. -->","yoast_head_json":{"title":"Swissperform parts ways with Managing Director Poto Wegener - Schweizer Musikzeitung","description":"The new appointment is necessary to ensure the company's strategic objectives are met.","robots":{"index":"index","follow":"follow","max-snippet":"max-snippet:-1","max-image-preview":"max-image-preview:large","max-video-preview":"max-video-preview:-1"},"canonical":"https:\/\/www.musikzeitung.ch\/en\/news\/2024\/09\/swissperform-trennt-sich-von-geschaeftsleiter-poto-wegener\/","og_locale":"en_US","og_type":"article","og_title":"Swissperform trennt sich von Gesch\u00e4ftsleiter Poto Wegener - Schweizer Musikzeitung","og_description":"Die Neubesetzung der Position sei notwendig, um die strategischen Ziele der Gesellschaft sicherzustellen.","og_url":"https:\/\/www.musikzeitung.ch\/en\/news\/2024\/09\/swissperform-trennt-sich-von-geschaeftsleiter-poto-wegener\/","og_site_name":"Schweizer Musikzeitung","article_publisher":"https:\/\/www.facebook.com\/SchweizerMusikzeitung\/","article_author":"https:\/\/www.facebook.com\/wolfgang.bohler.75","article_published_time":"2024-09-27T15:46:08+00:00","article_modified_time":"2024-09-30T07:06:39+00:00","og_image":[{"width":1048,"height":676,"url":"https:\/\/www.musikzeitung.ch\/wp-content\/uploads\/2024\/09\/240927egli.jpg","type":"image\/jpeg"}],"author":"Wolfgang B\u00f6hler","twitter_card":"summary_large_image","twitter_creator":"@smusikzeitung","twitter_site":"@smusikzeitung","twitter_misc":{"Written by":"Wolfgang B\u00f6hler","Est. reading time":"2 minutes"},"schema":{"@context":"https:\/\/schema.org","@graph":[{"@type":"Article","@id":"https:\/\/www.musikzeitung.ch\/news\/2024\/09\/swissperform-trennt-sich-von-geschaeftsleiter-poto-wegener#article","isPartOf":{"@id":"https:\/\/www.musikzeitung.ch\/news\/2024\/09\/swissperform-trennt-sich-von-geschaeftsleiter-poto-wegener"},"author":{"name":"Wolfgang B\u00f6hler","@id":"https:\/\/www.musikzeitung.ch\/#\/schema\/person\/0da4fb82d243f1252850a35d0e87cf0c"},"headline":"Swissperform trennt sich von Gesch\u00e4ftsleiter Poto Wegener","datePublished":"2024-09-27T15:46:08+00:00","dateModified":"2024-09-30T07:06:39+00:00","mainEntityOfPage":{"@id":"https:\/\/www.musikzeitung.ch\/news\/2024\/09\/swissperform-trennt-sich-von-geschaeftsleiter-poto-wegener"},"wordCount":149,"publisher":{"@id":"https:\/\/www.musikzeitung.ch\/#organization"},"image":{"@id":"https:\/\/www.musikzeitung.ch\/news\/2024\/09\/swissperform-trennt-sich-von-geschaeftsleiter-poto-wegener#primaryimage"},"thumbnailUrl":"https:\/\/www.musikzeitung.ch\/wp-content\/uploads\/2024\/09\/240927egli.jpg","keywords":["Michael Egli","Poto Wegener","Swissperform"],"articleSection":["News"],"inLanguage":"en-US"},{"@type":"WebPage","@id":"https:\/\/www.musikzeitung.ch\/news\/2024\/09\/swissperform-trennt-sich-von-geschaeftsleiter-poto-wegener","url":"https:\/\/www.musikzeitung.ch\/news\/2024\/09\/swissperform-trennt-sich-von-geschaeftsleiter-poto-wegener","name":"Swissperform parts ways with Managing Director Poto Wegener - Schweizer Musikzeitung","isPartOf":{"@id":"https:\/\/www.musikzeitung.ch\/#website"},"primaryImageOfPage":{"@id":"https:\/\/www.musikzeitung.ch\/news\/2024\/09\/swissperform-trennt-sich-von-geschaeftsleiter-poto-wegener#primaryimage"},"image":{"@id":"https:\/\/www.musikzeitung.ch\/news\/2024\/09\/swissperform-trennt-sich-von-geschaeftsleiter-poto-wegener#primaryimage"},"thumbnailUrl":"https:\/\/www.musikzeitung.ch\/wp-content\/uploads\/2024\/09\/240927egli.jpg","datePublished":"2024-09-27T15:46:08+00:00","dateModified":"2024-09-30T07:06:39+00:00","description":"The new appointment is necessary to ensure the company's strategic objectives are met.","breadcrumb":{"@id":"https:\/\/www.musikzeitung.ch\/news\/2024\/09\/swissperform-trennt-sich-von-geschaeftsleiter-poto-wegener#breadcrumb"},"inLanguage":"en-US","potentialAction":[{"@type":"ReadAction","target":["https:\/\/www.musikzeitung.ch\/news\/2024\/09\/swissperform-trennt-sich-von-geschaeftsleiter-poto-wegener"]}]},{"@type":"ImageObject","inLanguage":"en-US","@id":"https:\/\/www.musikzeitung.ch\/news\/2024\/09\/swissperform-trennt-sich-von-geschaeftsleiter-poto-wegener#primaryimage","url":"https:\/\/www.musikzeitung.ch\/wp-content\/uploads\/2024\/09\/240927egli.jpg","contentUrl":"https:\/\/www.musikzeitung.ch\/wp-content\/uploads\/2024\/09\/240927egli.jpg","width":1048,"height":676,"caption":"Michael Egli \u00fcbernimmt die Swissperform-gesch\u00e4fte interimistisch (Bild: Swissperform)"},{"@type":"BreadcrumbList","@id":"https:\/\/www.musikzeitung.ch\/news\/2024\/09\/swissperform-trennt-sich-von-geschaeftsleiter-poto-wegener#breadcrumb","itemListElement":[{"@type":"ListItem","position":1,"name":"Home","item":"https:\/\/www.musikzeitung.ch\/"},{"@type":"ListItem","position":2,"name":"Swissperform trennt sich von Gesch\u00e4ftsleiter Poto Wegener"}]},{"@type":"WebSite","@id":"https:\/\/www.musikzeitung.ch\/#website","url":"https:\/\/www.musikzeitung.ch\/","name":"Swiss Music Newspaper","description":"The leading interdisciplinary monthly newspaper in Switzerland for musical issues.","publisher":{"@id":"https:\/\/www.musikzeitung.ch\/#organization"},"potentialAction":[{"@type":"SearchAction","target":{"@type":"EntryPoint","urlTemplate":"https:\/\/www.musikzeitung.ch\/?s={search_term_string}"},"query-input":{"@type":"PropertyValueSpecification","valueRequired":true,"valueName":"search_term_string"}}],"inLanguage":"en-US"},{"@type":"Organization","@id":"https:\/\/www.musikzeitung.ch\/#organization","name":"Swiss Music Newspaper","url":"https:\/\/www.musikzeitung.ch\/","logo":{"@type":"ImageObject","inLanguage":"en-US","@id":"https:\/\/www.musikzeitung.ch\/#\/schema\/logo\/image\/","url":"https:\/\/www.musikzeitung.ch\/wp-content\/uploads\/2023\/01\/SMZ_Schriftzug_Sprache.png","contentUrl":"https:\/\/www.musikzeitung.ch\/wp-content\/uploads\/2023\/01\/SMZ_Schriftzug_Sprache.png","width":1400,"height":279,"caption":"Schweizer Musikzeitung"},"image":{"@id":"https:\/\/www.musikzeitung.ch\/#\/schema\/logo\/image\/"},"sameAs":["https:\/\/www.facebook.com\/SchweizerMusikzeitung\/","https:\/\/x.com\/smusikzeitung","https:\/\/www.instagram.com\/musikzeitung.ch\/"]},{"@type":"Person","@id":"https:\/\/www.musikzeitung.ch\/#\/schema\/person\/0da4fb82d243f1252850a35d0e87cf0c","name":"Wolfgang B\u00f6hler","image":{"@type":"ImageObject","inLanguage":"en-US","@id":"https:\/\/www.musikzeitung.ch\/wp-content\/uploads\/2023\/01\/boehler_portraet_web-e1674139782246-96x96.jpg","url":"https:\/\/www.musikzeitung.ch\/wp-content\/uploads\/2023\/01\/boehler_portraet_web-e1674139782246-96x96.jpg","contentUrl":"https:\/\/www.musikzeitung.ch\/wp-content\/uploads\/2023\/01\/boehler_portraet_web-e1674139782246-96x96.jpg","caption":"Wolfgang B\u00f6hler"},"sameAs":["http:\/\/www.manacanto.ch","https:\/\/www.facebook.com\/wolfgang.bohler.75"],"url":"https:\/\/www.musikzeitung.ch\/en\/author\/wolfgang-boehler"}]}},"publishpress_future_workflow_manual_trigger":{"enabledWorkflows":[]},"_links":{"self":[{"href":"https:\/\/www.musikzeitung.ch\/en\/wp-json\/wp\/v2\/posts\/58511","targetHints":{"allow":["GET"]}}],"collection":[{"href":"https:\/\/www.musikzeitung.ch\/en\/wp-json\/wp\/v2\/posts"}],"about":[{"href":"https:\/\/www.musikzeitung.ch\/en\/wp-json\/wp\/v2\/types\/post"}],"author":[{"embeddable":true,"href":"https:\/\/www.musikzeitung.ch\/en\/wp-json\/wp\/v2\/users\/30"}],"replies":[{"embeddable":true,"href":"https:\/\/www.musikzeitung.ch\/en\/wp-json\/wp\/v2\/comments?post=58511"}],"version-history":[{"count":5,"href":"https:\/\/www.musikzeitung.ch\/en\/wp-json\/wp\/v2\/posts\/58511\/revisions"}],"predecessor-version":[{"id":58523,"href":"https:\/\/www.musikzeitung.ch\/en\/wp-json\/wp\/v2\/posts\/58511\/revisions\/58523"}],"wp:featuredmedia":[{"embeddable":true,"href":"https:\/\/www.musikzeitung.ch\/en\/wp-json\/wp\/v2\/media\/58512"}],"wp:attachment":[{"href":"https:\/\/www.musikzeitung.ch\/en\/wp-json\/wp\/v2\/media?parent=58511"}],"wp:term":[{"taxonomy":"category","embeddable":true,"href":"https:\/\/www.musikzeitung.ch\/en\/wp-json\/wp\/v2\/categories?post=58511"},{"taxonomy":"post_tag","embeddable":true,"href":"https:\/\/www.musikzeitung.ch\/en\/wp-json\/wp\/v2\/tags?post=58511"}],"curies":[{"name":"wp","href":"https:\/\/api.w.org\/{rel}","templated":true}]}}