{"id":58785,"date":"2024-10-03T06:27:40","date_gmt":"2024-10-03T04:27:40","guid":{"rendered":"https:\/\/www.musikzeitung.ch\/?p=58785"},"modified":"2024-10-03T09:44:31","modified_gmt":"2024-10-03T07:44:31","slug":"pitrenas-gibt-st-galler-chefposten-auf","status":"publish","type":"post","link":"https:\/\/www.musikzeitung.ch\/en\/news\/2024\/10\/pitrenas-gibt-st-galler-chefposten-auf","title":{"rendered":"Pitrenas resigns from his position as head of St. Gallen"},"content":{"rendered":"<figure id=\"attachment_58789\" aria-describedby=\"caption-attachment-58789\" style=\"width: 1800px\" class=\"wp-caption aligncenter\"><img loading=\"lazy\" decoding=\"async\" class=\"wp-image-58789 size-full\" src=\"https:\/\/www.musikzeitung.ch\/wp-content\/uploads\/2024\/10\/Modestas_Pitrenas_by_Augustas_Didzgalvis.jpg\" alt=\"\" width=\"1800\" height=\"1200\" srcset=\"https:\/\/www.musikzeitung.ch\/wp-content\/uploads\/2024\/10\/Modestas_Pitrenas_by_Augustas_Didzgalvis.jpg 1400w, https:\/\/www.musikzeitung.ch\/wp-content\/uploads\/2024\/10\/Modestas_Pitrenas_by_Augustas_Didzgalvis-300x200.jpg 300w, https:\/\/www.musikzeitung.ch\/wp-content\/uploads\/2024\/10\/Modestas_Pitrenas_by_Augustas_Didzgalvis-1024x683.jpg 1024w, https:\/\/www.musikzeitung.ch\/wp-content\/uploads\/2024\/10\/Modestas_Pitrenas_by_Augustas_Didzgalvis-600x400.jpg 600w, https:\/\/www.musikzeitung.ch\/wp-content\/uploads\/2024\/10\/Modestas_Pitrenas_by_Augustas_Didzgalvis-768x512.jpg 768w, https:\/\/www.musikzeitung.ch\/wp-content\/uploads\/2024\/10\/Modestas_Pitrenas_by_Augustas_Didzgalvis-1536x1024.jpg 1536w, https:\/\/www.musikzeitung.ch\/wp-content\/uploads\/2024\/10\/Modestas_Pitrenas_by_Augustas_Didzgalvis-18x12.jpg 18w, https:\/\/www.musikzeitung.ch\/wp-content\/uploads\/2024\/10\/Modestas_Pitrenas_by_Augustas_Didzgalvis-263x175.jpg 263w, https:\/\/www.musikzeitung.ch\/wp-content\/uploads\/2024\/10\/Modestas_Pitrenas_by_Augustas_Didzgalvis-525x350.jpg 525w, https:\/\/www.musikzeitung.ch\/wp-content\/uploads\/2024\/10\/Modestas_Pitrenas_by_Augustas_Didzgalvis-1200x800.jpg 1200w, https:\/\/www.musikzeitung.ch\/wp-content\/uploads\/2024\/10\/Modestas_Pitrenas_by_Augustas_Didzgalvis-920x613.jpg 920w\" sizes=\"auto, (max-width: 1800px) 100vw, 1800px\" \/><figcaption id=\"caption-attachment-58789\" class=\"wp-caption-text\">Modestas Pitrenas in a photograph from 2020. photo: Augustas Did\u017egalvis. <a href=\"https:\/\/creativecommons.org\/licenses\/by-sa\/4.0\/deed.en\" target=\"_blank\" rel=\"noopener\">https:\/\/creativecommons.org\/licenses\/by-sa\/4.0\/deed.en<\/a><\/figcaption><\/figure>\n<p>He is leaving at his own request for family reasons and due to the double burden of leading two professional orchestras, writes Konzert und Theater St. Gallen. He also holds the same position as in St. Gallen with the Lithuanian National Symphony Orchestra in Vilnius. Modestas Pitrenas has been Chief Conductor since 2018 . As Artistic Director Concert, he has also been involved in the management since the 2023\/24 season and contributed to the operational development of the largest cultural institution in Eastern Switzerland.<\/p>\n<p>Concert and St. Gallen will announce further information on the succession plan at a later date. The succession plan will be \"planned in cooperation between the Board of Directors, the management and the orchestra and implemented as quickly as possible\".<\/p>","protected":false},"excerpt":{"rendered":"<p>Modestas Pitrenas will relinquish his functions as Chief Conductor and Artistic Director of Konzert und Theater St. Gallen at the end of the 2025\/26 season for family reasons. <\/p>","protected":false},"author":30,"featured_media":58789,"comment_status":"closed","ping_status":"closed","sticky":false,"template":"","format":"standard","meta":{"_acf_changed":false,"_relevanssi_hide_post":"","_relevanssi_hide_content":"","_relevanssi_pin_for_all":"","_relevanssi_pin_keywords":"","_relevanssi_unpin_keywords":"","_relevanssi_related_keywords":"","_relevanssi_related_include_ids":"","_relevanssi_related_exclude_ids":"","_relevanssi_related_no_append":"","_relevanssi_related_not_related":"","_relevanssi_related_posts":"","_relevanssi_noindex_reason":"","pgc_sgb_lightbox_settings":"","footnotes":""},"categories":[27],"tags":[4325,4326],"class_list":["post-58785","post","type-post","status-publish","format-standard","has-post-thumbnail","hentry","category-news","tag-konzert-und-theater-st-gallen","tag-modestas-pitrenas"],"acf":[],"yoast_head":"<!-- This site is optimized with the Yoast SEO plugin v27.4 - https:\/\/yoast.com\/product\/yoast-seo-wordpress\/ -->\n<title>Pitrenas gibt St. Galler Chefposten auf - Schweizer Musikzeitung<\/title>\n<meta name=\"description\" content=\"Aus famili\u00e4ren Gr\u00fcnden tritt Modestas Pitrenas Ende Spielzeit 2025\/26 als Chefdirigent und K\u00fcnstlerischer Leiter von Konzert und Theater St. Gallen zur\u00fcck.\" \/>\n<meta name=\"robots\" content=\"index, follow, max-snippet:-1, max-image-preview:large, max-video-preview:-1\" \/>\n<link rel=\"canonical\" href=\"https:\/\/www.musikzeitung.ch\/en\/news\/2024\/10\/pitrenas-gibt-st-galler-chefposten-auf\/\" \/>\n<meta property=\"og:locale\" content=\"en_US\" \/>\n<meta property=\"og:type\" content=\"article\" \/>\n<meta property=\"og:title\" content=\"Pitrenas gibt St. Galler Chefposten auf - Schweizer Musikzeitung\" \/>\n<meta property=\"og:description\" content=\"Aus famili\u00e4ren Gr\u00fcnden tritt Modestas Pitrenas Ende Spielzeit 2025\/26 als Chefdirigent und K\u00fcnstlerischer Leiter von Konzert und Theater St. Gallen zur\u00fcck.\" \/>\n<meta property=\"og:url\" content=\"https:\/\/www.musikzeitung.ch\/en\/news\/2024\/10\/pitrenas-gibt-st-galler-chefposten-auf\/\" \/>\n<meta property=\"og:site_name\" content=\"Schweizer Musikzeitung\" \/>\n<meta property=\"article:publisher\" content=\"https:\/\/www.facebook.com\/SchweizerMusikzeitung\/\" \/>\n<meta property=\"article:author\" content=\"https:\/\/www.facebook.com\/wolfgang.bohler.75\" \/>\n<meta property=\"article:published_time\" content=\"2024-10-03T04:27:40+00:00\" \/>\n<meta property=\"article:modified_time\" content=\"2024-10-03T07:44:31+00:00\" \/>\n<meta property=\"og:image\" content=\"https:\/\/www.musikzeitung.ch\/wp-content\/uploads\/2024\/10\/Modestas_Pitrenas_by_Augustas_Didzgalvis.jpg\" \/>\n\t<meta property=\"og:image:width\" content=\"1400\" \/>\n\t<meta property=\"og:image:height\" content=\"933\" \/>\n\t<meta property=\"og:image:type\" content=\"image\/jpeg\" \/>\n<meta name=\"author\" content=\"Wolfgang B\u00f6hler\" \/>\n<meta name=\"twitter:card\" content=\"summary_large_image\" \/>\n<meta name=\"twitter:creator\" content=\"@smusikzeitung\" \/>\n<meta name=\"twitter:site\" content=\"@smusikzeitung\" \/>\n<meta name=\"twitter:label1\" content=\"Written by\" \/>\n\t<meta name=\"twitter:data1\" content=\"Wolfgang B\u00f6hler\" \/>\n\t<meta name=\"twitter:label2\" content=\"Est. reading time\" \/>\n\t<meta name=\"twitter:data2\" content=\"2 minutes\" \/>\n<script type=\"application\/ld+json\" class=\"yoast-schema-graph\">{\"@context\":\"https:\\\/\\\/schema.org\",\"@graph\":[{\"@type\":\"Article\",\"@id\":\"https:\\\/\\\/www.musikzeitung.ch\\\/news\\\/2024\\\/10\\\/pitrenas-gibt-st-galler-chefposten-auf#article\",\"isPartOf\":{\"@id\":\"https:\\\/\\\/www.musikzeitung.ch\\\/news\\\/2024\\\/10\\\/pitrenas-gibt-st-galler-chefposten-auf\"},\"author\":{\"name\":\"Wolfgang B\u00f6hler\",\"@id\":\"https:\\\/\\\/www.musikzeitung.ch\\\/#\\\/schema\\\/person\\\/0da4fb82d243f1252850a35d0e87cf0c\"},\"headline\":\"Pitrenas gibt St. Galler Chefposten auf\",\"datePublished\":\"2024-10-03T04:27:40+00:00\",\"dateModified\":\"2024-10-03T07:44:31+00:00\",\"mainEntityOfPage\":{\"@id\":\"https:\\\/\\\/www.musikzeitung.ch\\\/news\\\/2024\\\/10\\\/pitrenas-gibt-st-galler-chefposten-auf\"},\"wordCount\":143,\"publisher\":{\"@id\":\"https:\\\/\\\/www.musikzeitung.ch\\\/#organization\"},\"image\":{\"@id\":\"https:\\\/\\\/www.musikzeitung.ch\\\/news\\\/2024\\\/10\\\/pitrenas-gibt-st-galler-chefposten-auf#primaryimage\"},\"thumbnailUrl\":\"https:\\\/\\\/www.musikzeitung.ch\\\/wp-content\\\/uploads\\\/2024\\\/10\\\/Modestas_Pitrenas_by_Augustas_Didzgalvis.jpg\",\"keywords\":[\"Konzert und Theater St. Gallen\",\"Modestas Pitrenas\"],\"articleSection\":[\"News\"],\"inLanguage\":\"en-US\"},{\"@type\":\"WebPage\",\"@id\":\"https:\\\/\\\/www.musikzeitung.ch\\\/news\\\/2024\\\/10\\\/pitrenas-gibt-st-galler-chefposten-auf\",\"url\":\"https:\\\/\\\/www.musikzeitung.ch\\\/news\\\/2024\\\/10\\\/pitrenas-gibt-st-galler-chefposten-auf\",\"name\":\"Pitrenas gibt St. Galler Chefposten auf - Schweizer Musikzeitung\",\"isPartOf\":{\"@id\":\"https:\\\/\\\/www.musikzeitung.ch\\\/#website\"},\"primaryImageOfPage\":{\"@id\":\"https:\\\/\\\/www.musikzeitung.ch\\\/news\\\/2024\\\/10\\\/pitrenas-gibt-st-galler-chefposten-auf#primaryimage\"},\"image\":{\"@id\":\"https:\\\/\\\/www.musikzeitung.ch\\\/news\\\/2024\\\/10\\\/pitrenas-gibt-st-galler-chefposten-auf#primaryimage\"},\"thumbnailUrl\":\"https:\\\/\\\/www.musikzeitung.ch\\\/wp-content\\\/uploads\\\/2024\\\/10\\\/Modestas_Pitrenas_by_Augustas_Didzgalvis.jpg\",\"datePublished\":\"2024-10-03T04:27:40+00:00\",\"dateModified\":\"2024-10-03T07:44:31+00:00\",\"description\":\"Aus famili\u00e4ren Gr\u00fcnden tritt Modestas Pitrenas Ende Spielzeit 2025\\\/26 als Chefdirigent und K\u00fcnstlerischer Leiter von Konzert und Theater St. Gallen zur\u00fcck.\",\"breadcrumb\":{\"@id\":\"https:\\\/\\\/www.musikzeitung.ch\\\/news\\\/2024\\\/10\\\/pitrenas-gibt-st-galler-chefposten-auf#breadcrumb\"},\"inLanguage\":\"en-US\",\"potentialAction\":[{\"@type\":\"ReadAction\",\"target\":[\"https:\\\/\\\/www.musikzeitung.ch\\\/news\\\/2024\\\/10\\\/pitrenas-gibt-st-galler-chefposten-auf\"]}]},{\"@type\":\"ImageObject\",\"inLanguage\":\"en-US\",\"@id\":\"https:\\\/\\\/www.musikzeitung.ch\\\/news\\\/2024\\\/10\\\/pitrenas-gibt-st-galler-chefposten-auf#primaryimage\",\"url\":\"https:\\\/\\\/www.musikzeitung.ch\\\/wp-content\\\/uploads\\\/2024\\\/10\\\/Modestas_Pitrenas_by_Augustas_Didzgalvis.jpg\",\"contentUrl\":\"https:\\\/\\\/www.musikzeitung.ch\\\/wp-content\\\/uploads\\\/2024\\\/10\\\/Modestas_Pitrenas_by_Augustas_Didzgalvis.jpg\",\"width\":1400,\"height\":933},{\"@type\":\"BreadcrumbList\",\"@id\":\"https:\\\/\\\/www.musikzeitung.ch\\\/news\\\/2024\\\/10\\\/pitrenas-gibt-st-galler-chefposten-auf#breadcrumb\",\"itemListElement\":[{\"@type\":\"ListItem\",\"position\":1,\"name\":\"Home\",\"item\":\"https:\\\/\\\/www.musikzeitung.ch\\\/\"},{\"@type\":\"ListItem\",\"position\":2,\"name\":\"Pitrenas gibt St. Galler Chefposten auf\"}]},{\"@type\":\"WebSite\",\"@id\":\"https:\\\/\\\/www.musikzeitung.ch\\\/#website\",\"url\":\"https:\\\/\\\/www.musikzeitung.ch\\\/\",\"name\":\"Schweizer Musikzeitung\",\"description\":\"Die f\u00fchrende sparten\u00fcbergreifende Monatszeitung in der Schweiz f\u00fcr musikalische Fragen.\",\"publisher\":{\"@id\":\"https:\\\/\\\/www.musikzeitung.ch\\\/#organization\"},\"potentialAction\":[{\"@type\":\"SearchAction\",\"target\":{\"@type\":\"EntryPoint\",\"urlTemplate\":\"https:\\\/\\\/www.musikzeitung.ch\\\/?s={search_term_string}\"},\"query-input\":{\"@type\":\"PropertyValueSpecification\",\"valueRequired\":true,\"valueName\":\"search_term_string\"}}],\"inLanguage\":\"en-US\"},{\"@type\":\"Organization\",\"@id\":\"https:\\\/\\\/www.musikzeitung.ch\\\/#organization\",\"name\":\"Schweizer Musikzeitung\",\"url\":\"https:\\\/\\\/www.musikzeitung.ch\\\/\",\"logo\":{\"@type\":\"ImageObject\",\"inLanguage\":\"en-US\",\"@id\":\"https:\\\/\\\/www.musikzeitung.ch\\\/#\\\/schema\\\/logo\\\/image\\\/\",\"url\":\"https:\\\/\\\/www.musikzeitung.ch\\\/wp-content\\\/uploads\\\/2023\\\/01\\\/SMZ_Schriftzug_Sprache.png\",\"contentUrl\":\"https:\\\/\\\/www.musikzeitung.ch\\\/wp-content\\\/uploads\\\/2023\\\/01\\\/SMZ_Schriftzug_Sprache.png\",\"width\":1400,\"height\":279,\"caption\":\"Schweizer Musikzeitung\"},\"image\":{\"@id\":\"https:\\\/\\\/www.musikzeitung.ch\\\/#\\\/schema\\\/logo\\\/image\\\/\"},\"sameAs\":[\"https:\\\/\\\/www.facebook.com\\\/SchweizerMusikzeitung\\\/\",\"https:\\\/\\\/x.com\\\/smusikzeitung\",\"https:\\\/\\\/www.instagram.com\\\/musikzeitung.ch\\\/\"]},{\"@type\":\"Person\",\"@id\":\"https:\\\/\\\/www.musikzeitung.ch\\\/#\\\/schema\\\/person\\\/0da4fb82d243f1252850a35d0e87cf0c\",\"name\":\"Wolfgang B\u00f6hler\",\"image\":{\"@type\":\"ImageObject\",\"inLanguage\":\"en-US\",\"@id\":\"https:\\\/\\\/www.musikzeitung.ch\\\/wp-content\\\/uploads\\\/2023\\\/01\\\/boehler_portraet_web-e1674139782246-96x96.jpg\",\"url\":\"https:\\\/\\\/www.musikzeitung.ch\\\/wp-content\\\/uploads\\\/2023\\\/01\\\/boehler_portraet_web-e1674139782246-96x96.jpg\",\"contentUrl\":\"https:\\\/\\\/www.musikzeitung.ch\\\/wp-content\\\/uploads\\\/2023\\\/01\\\/boehler_portraet_web-e1674139782246-96x96.jpg\",\"caption\":\"Wolfgang B\u00f6hler\"},\"sameAs\":[\"http:\\\/\\\/www.manacanto.ch\",\"https:\\\/\\\/www.facebook.com\\\/wolfgang.bohler.75\"],\"url\":\"https:\\\/\\\/www.musikzeitung.ch\\\/en\\\/author\\\/wolfgang-boehler\"}]}<\/script>\n<!-- \/ Yoast SEO plugin. -->","yoast_head_json":{"title":"Pitrenas gibt St. Galler Chefposten auf - Schweizer Musikzeitung","description":"Aus famili\u00e4ren Gr\u00fcnden tritt Modestas Pitrenas Ende Spielzeit 2025\/26 als Chefdirigent und K\u00fcnstlerischer Leiter von Konzert und Theater St. Gallen zur\u00fcck.","robots":{"index":"index","follow":"follow","max-snippet":"max-snippet:-1","max-image-preview":"max-image-preview:large","max-video-preview":"max-video-preview:-1"},"canonical":"https:\/\/www.musikzeitung.ch\/en\/news\/2024\/10\/pitrenas-gibt-st-galler-chefposten-auf\/","og_locale":"en_US","og_type":"article","og_title":"Pitrenas gibt St. Galler Chefposten auf - Schweizer Musikzeitung","og_description":"Aus famili\u00e4ren Gr\u00fcnden tritt Modestas Pitrenas Ende Spielzeit 2025\/26 als Chefdirigent und K\u00fcnstlerischer Leiter von Konzert und Theater St. Gallen zur\u00fcck.","og_url":"https:\/\/www.musikzeitung.ch\/en\/news\/2024\/10\/pitrenas-gibt-st-galler-chefposten-auf\/","og_site_name":"Schweizer Musikzeitung","article_publisher":"https:\/\/www.facebook.com\/SchweizerMusikzeitung\/","article_author":"https:\/\/www.facebook.com\/wolfgang.bohler.75","article_published_time":"2024-10-03T04:27:40+00:00","article_modified_time":"2024-10-03T07:44:31+00:00","og_image":[{"width":1400,"height":933,"url":"https:\/\/www.musikzeitung.ch\/wp-content\/uploads\/2024\/10\/Modestas_Pitrenas_by_Augustas_Didzgalvis.jpg","type":"image\/jpeg"}],"author":"Wolfgang B\u00f6hler","twitter_card":"summary_large_image","twitter_creator":"@smusikzeitung","twitter_site":"@smusikzeitung","twitter_misc":{"Written by":"Wolfgang B\u00f6hler","Est. reading time":"2 minutes"},"schema":{"@context":"https:\/\/schema.org","@graph":[{"@type":"Article","@id":"https:\/\/www.musikzeitung.ch\/news\/2024\/10\/pitrenas-gibt-st-galler-chefposten-auf#article","isPartOf":{"@id":"https:\/\/www.musikzeitung.ch\/news\/2024\/10\/pitrenas-gibt-st-galler-chefposten-auf"},"author":{"name":"Wolfgang B\u00f6hler","@id":"https:\/\/www.musikzeitung.ch\/#\/schema\/person\/0da4fb82d243f1252850a35d0e87cf0c"},"headline":"Pitrenas gibt St. Galler Chefposten auf","datePublished":"2024-10-03T04:27:40+00:00","dateModified":"2024-10-03T07:44:31+00:00","mainEntityOfPage":{"@id":"https:\/\/www.musikzeitung.ch\/news\/2024\/10\/pitrenas-gibt-st-galler-chefposten-auf"},"wordCount":143,"publisher":{"@id":"https:\/\/www.musikzeitung.ch\/#organization"},"image":{"@id":"https:\/\/www.musikzeitung.ch\/news\/2024\/10\/pitrenas-gibt-st-galler-chefposten-auf#primaryimage"},"thumbnailUrl":"https:\/\/www.musikzeitung.ch\/wp-content\/uploads\/2024\/10\/Modestas_Pitrenas_by_Augustas_Didzgalvis.jpg","keywords":["Konzert und Theater St. Gallen","Modestas Pitrenas"],"articleSection":["News"],"inLanguage":"en-US"},{"@type":"WebPage","@id":"https:\/\/www.musikzeitung.ch\/news\/2024\/10\/pitrenas-gibt-st-galler-chefposten-auf","url":"https:\/\/www.musikzeitung.ch\/news\/2024\/10\/pitrenas-gibt-st-galler-chefposten-auf","name":"Pitrenas gibt St. Galler Chefposten auf - Schweizer Musikzeitung","isPartOf":{"@id":"https:\/\/www.musikzeitung.ch\/#website"},"primaryImageOfPage":{"@id":"https:\/\/www.musikzeitung.ch\/news\/2024\/10\/pitrenas-gibt-st-galler-chefposten-auf#primaryimage"},"image":{"@id":"https:\/\/www.musikzeitung.ch\/news\/2024\/10\/pitrenas-gibt-st-galler-chefposten-auf#primaryimage"},"thumbnailUrl":"https:\/\/www.musikzeitung.ch\/wp-content\/uploads\/2024\/10\/Modestas_Pitrenas_by_Augustas_Didzgalvis.jpg","datePublished":"2024-10-03T04:27:40+00:00","dateModified":"2024-10-03T07:44:31+00:00","description":"Aus famili\u00e4ren Gr\u00fcnden tritt Modestas Pitrenas Ende Spielzeit 2025\/26 als Chefdirigent und K\u00fcnstlerischer Leiter von Konzert und Theater St. Gallen zur\u00fcck.","breadcrumb":{"@id":"https:\/\/www.musikzeitung.ch\/news\/2024\/10\/pitrenas-gibt-st-galler-chefposten-auf#breadcrumb"},"inLanguage":"en-US","potentialAction":[{"@type":"ReadAction","target":["https:\/\/www.musikzeitung.ch\/news\/2024\/10\/pitrenas-gibt-st-galler-chefposten-auf"]}]},{"@type":"ImageObject","inLanguage":"en-US","@id":"https:\/\/www.musikzeitung.ch\/news\/2024\/10\/pitrenas-gibt-st-galler-chefposten-auf#primaryimage","url":"https:\/\/www.musikzeitung.ch\/wp-content\/uploads\/2024\/10\/Modestas_Pitrenas_by_Augustas_Didzgalvis.jpg","contentUrl":"https:\/\/www.musikzeitung.ch\/wp-content\/uploads\/2024\/10\/Modestas_Pitrenas_by_Augustas_Didzgalvis.jpg","width":1400,"height":933},{"@type":"BreadcrumbList","@id":"https:\/\/www.musikzeitung.ch\/news\/2024\/10\/pitrenas-gibt-st-galler-chefposten-auf#breadcrumb","itemListElement":[{"@type":"ListItem","position":1,"name":"Home","item":"https:\/\/www.musikzeitung.ch\/"},{"@type":"ListItem","position":2,"name":"Pitrenas gibt St. Galler Chefposten auf"}]},{"@type":"WebSite","@id":"https:\/\/www.musikzeitung.ch\/#website","url":"https:\/\/www.musikzeitung.ch\/","name":"Swiss Music Newspaper","description":"The leading interdisciplinary monthly newspaper in Switzerland for musical issues.","publisher":{"@id":"https:\/\/www.musikzeitung.ch\/#organization"},"potentialAction":[{"@type":"SearchAction","target":{"@type":"EntryPoint","urlTemplate":"https:\/\/www.musikzeitung.ch\/?s={search_term_string}"},"query-input":{"@type":"PropertyValueSpecification","valueRequired":true,"valueName":"search_term_string"}}],"inLanguage":"en-US"},{"@type":"Organization","@id":"https:\/\/www.musikzeitung.ch\/#organization","name":"Swiss Music Newspaper","url":"https:\/\/www.musikzeitung.ch\/","logo":{"@type":"ImageObject","inLanguage":"en-US","@id":"https:\/\/www.musikzeitung.ch\/#\/schema\/logo\/image\/","url":"https:\/\/www.musikzeitung.ch\/wp-content\/uploads\/2023\/01\/SMZ_Schriftzug_Sprache.png","contentUrl":"https:\/\/www.musikzeitung.ch\/wp-content\/uploads\/2023\/01\/SMZ_Schriftzug_Sprache.png","width":1400,"height":279,"caption":"Schweizer Musikzeitung"},"image":{"@id":"https:\/\/www.musikzeitung.ch\/#\/schema\/logo\/image\/"},"sameAs":["https:\/\/www.facebook.com\/SchweizerMusikzeitung\/","https:\/\/x.com\/smusikzeitung","https:\/\/www.instagram.com\/musikzeitung.ch\/"]},{"@type":"Person","@id":"https:\/\/www.musikzeitung.ch\/#\/schema\/person\/0da4fb82d243f1252850a35d0e87cf0c","name":"Wolfgang B\u00f6hler","image":{"@type":"ImageObject","inLanguage":"en-US","@id":"https:\/\/www.musikzeitung.ch\/wp-content\/uploads\/2023\/01\/boehler_portraet_web-e1674139782246-96x96.jpg","url":"https:\/\/www.musikzeitung.ch\/wp-content\/uploads\/2023\/01\/boehler_portraet_web-e1674139782246-96x96.jpg","contentUrl":"https:\/\/www.musikzeitung.ch\/wp-content\/uploads\/2023\/01\/boehler_portraet_web-e1674139782246-96x96.jpg","caption":"Wolfgang B\u00f6hler"},"sameAs":["http:\/\/www.manacanto.ch","https:\/\/www.facebook.com\/wolfgang.bohler.75"],"url":"https:\/\/www.musikzeitung.ch\/en\/author\/wolfgang-boehler"}]}},"publishpress_future_workflow_manual_trigger":{"enabledWorkflows":[]},"_links":{"self":[{"href":"https:\/\/www.musikzeitung.ch\/en\/wp-json\/wp\/v2\/posts\/58785","targetHints":{"allow":["GET"]}}],"collection":[{"href":"https:\/\/www.musikzeitung.ch\/en\/wp-json\/wp\/v2\/posts"}],"about":[{"href":"https:\/\/www.musikzeitung.ch\/en\/wp-json\/wp\/v2\/types\/post"}],"author":[{"embeddable":true,"href":"https:\/\/www.musikzeitung.ch\/en\/wp-json\/wp\/v2\/users\/30"}],"replies":[{"embeddable":true,"href":"https:\/\/www.musikzeitung.ch\/en\/wp-json\/wp\/v2\/comments?post=58785"}],"version-history":[{"count":4,"href":"https:\/\/www.musikzeitung.ch\/en\/wp-json\/wp\/v2\/posts\/58785\/revisions"}],"predecessor-version":[{"id":58791,"href":"https:\/\/www.musikzeitung.ch\/en\/wp-json\/wp\/v2\/posts\/58785\/revisions\/58791"}],"wp:featuredmedia":[{"embeddable":true,"href":"https:\/\/www.musikzeitung.ch\/en\/wp-json\/wp\/v2\/media\/58789"}],"wp:attachment":[{"href":"https:\/\/www.musikzeitung.ch\/en\/wp-json\/wp\/v2\/media?parent=58785"}],"wp:term":[{"taxonomy":"category","embeddable":true,"href":"https:\/\/www.musikzeitung.ch\/en\/wp-json\/wp\/v2\/categories?post=58785"},{"taxonomy":"post_tag","embeddable":true,"href":"https:\/\/www.musikzeitung.ch\/en\/wp-json\/wp\/v2\/tags?post=58785"}],"curies":[{"name":"wp","href":"https:\/\/api.w.org\/{rel}","templated":true}]}}