{"id":59150,"date":"2024-10-07T06:01:45","date_gmt":"2024-10-07T04:01:45","guid":{"rendered":"https:\/\/www.musikzeitung.ch\/?p=59150"},"modified":"2024-10-07T08:07:08","modified_gmt":"2024-10-07T06:07:08","slug":"repertoire-deutscher-orchester","status":"publish","type":"post","link":"https:\/\/www.musikzeitung.ch\/en\/news\/2024\/10\/repertoire-deutscher-orchester","title":{"rendered":"Study on the development of the repertoire of German orchestras"},"content":{"rendered":"<figure id=\"attachment_59152\" aria-describedby=\"caption-attachment-59152\" style=\"width: 768px\" class=\"wp-caption alignnone\"><img loading=\"lazy\" decoding=\"async\" class=\"size-large wp-image-59152\" src=\"https:\/\/www.musikzeitung.ch\/wp-content\/uploads\/2024\/10\/241007orchester-1024x568.jpg\" alt=\"\" width=\"768\" height=\"426\" srcset=\"https:\/\/www.musikzeitung.ch\/wp-content\/uploads\/2024\/10\/241007orchester-1024x568.jpg 1024w, https:\/\/www.musikzeitung.ch\/wp-content\/uploads\/2024\/10\/241007orchester-300x167.jpg 300w, https:\/\/www.musikzeitung.ch\/wp-content\/uploads\/2024\/10\/241007orchester-768x426.jpg 768w, https:\/\/www.musikzeitung.ch\/wp-content\/uploads\/2024\/10\/241007orchester-18x10.jpg 18w, https:\/\/www.musikzeitung.ch\/wp-content\/uploads\/2024\/10\/241007orchester-315x175.jpg 315w, https:\/\/www.musikzeitung.ch\/wp-content\/uploads\/2024\/10\/241007orchester-631x350.jpg 631w, https:\/\/www.musikzeitung.ch\/wp-content\/uploads\/2024\/10\/241007orchester-920x511.jpg 920w, https:\/\/www.musikzeitung.ch\/wp-content\/uploads\/2024\/10\/241007orchester.jpg 1063w\" sizes=\"auto, (max-width: 768px) 100vw, 768px\" \/><figcaption id=\"caption-attachment-59152\" class=\"wp-caption-text\">SWR Symphony Orchestra Baden-Baden and Freiburg (Image: SWR)<\/figcaption><\/figure>\n<p>According to a press release from the university, particular attention is paid to the career paths of conductors, which are closely linked to programming decisions. However, organizational variables such as repertoire, finances, personnel and institutional context factors such as intensity of competition and per capita income are also included in the study.<\/p>\n<p>The data will not only be scientifically evaluated, but also made publicly accessible. The project thus offers \"a sustainable research basis for further studies on the history of German orchestras and music\", the university continues. The study will later be extended to other (European) countries.<\/p>\n<p>The research project under the direction of Thomas Heinze and Mark Lutter (both from the University of Wuppertal) and in cooperation with Barbara Wiermann (Saxon State and Regional Library Dresden) is being funded by the German Research Foundation with around 800,000 euros over three years.<\/p>\n<p><strong>More info:<\/strong> <a href=\"https:\/\/www.uni-wuppertal.de\/de\/news\/detail\/forschungsprojekt\/\">https:\/\/www.uni-wuppertal.de\/de\/news\/detail\/forschungsprojekt\/<\/a><\/p>","protected":false},"excerpt":{"rendered":"<p>Sociologists at the University of Wuppertal are investigating how the repertoire of German symphony orchestras has changed since 1949 and which factors have influenced this development.<\/p>","protected":false},"author":30,"featured_media":59152,"comment_status":"closed","ping_status":"closed","sticky":false,"template":"","format":"standard","meta":{"_acf_changed":false,"_relevanssi_hide_post":"","_relevanssi_hide_content":"","_relevanssi_pin_for_all":"","_relevanssi_pin_keywords":"","_relevanssi_unpin_keywords":"","_relevanssi_related_keywords":"","_relevanssi_related_include_ids":"","_relevanssi_related_exclude_ids":"","_relevanssi_related_no_append":"","_relevanssi_related_not_related":"","_relevanssi_related_posts":"","_relevanssi_noindex_reason":"","pgc_sgb_lightbox_settings":"","footnotes":""},"categories":[27],"tags":[4337,4336,4338],"class_list":["post-59150","post","type-post","status-publish","format-standard","has-post-thumbnail","hentry","category-news","tag-orchestergeschichte","tag-sinfonieorchester","tag-universitaet-wuppertal"],"acf":[],"yoast_head":"<!-- This site is optimized with the Yoast SEO plugin v27.4 - https:\/\/yoast.com\/product\/yoast-seo-wordpress\/ -->\n<title>Untersuchung \u00fcber die Entwicklung des Repertoires deutscher Orchester - Schweizer Musikzeitung<\/title>\n<meta name=\"description\" content=\"Soziologen der Bergischen Universit\u00e4t Wuppertal untersuchen, wie sich das Repertoire deutscher Sinfonieorchester seit 1949 ver\u00e4ndert hat.\" \/>\n<meta name=\"robots\" content=\"index, follow, max-snippet:-1, max-image-preview:large, max-video-preview:-1\" \/>\n<link rel=\"canonical\" href=\"https:\/\/www.musikzeitung.ch\/en\/news\/2024\/10\/repertoire-deutscher-orchester\/\" \/>\n<meta property=\"og:locale\" content=\"en_US\" \/>\n<meta property=\"og:type\" content=\"article\" \/>\n<meta property=\"og:title\" content=\"Untersuchung \u00fcber die Entwicklung des Repertoires deutscher Orchester - Schweizer Musikzeitung\" \/>\n<meta property=\"og:description\" content=\"Soziologen der Bergischen Universit\u00e4t Wuppertal untersuchen, wie sich das Repertoire deutscher Sinfonieorchester seit 1949 ver\u00e4ndert hat.\" \/>\n<meta property=\"og:url\" content=\"https:\/\/www.musikzeitung.ch\/en\/news\/2024\/10\/repertoire-deutscher-orchester\/\" \/>\n<meta property=\"og:site_name\" content=\"Schweizer Musikzeitung\" \/>\n<meta property=\"article:publisher\" content=\"https:\/\/www.facebook.com\/SchweizerMusikzeitung\/\" \/>\n<meta property=\"article:author\" content=\"https:\/\/www.facebook.com\/wolfgang.bohler.75\" \/>\n<meta property=\"article:published_time\" content=\"2024-10-07T04:01:45+00:00\" \/>\n<meta property=\"article:modified_time\" content=\"2024-10-07T06:07:08+00:00\" \/>\n<meta property=\"og:image\" content=\"https:\/\/www.musikzeitung.ch\/wp-content\/uploads\/2024\/10\/241007orchester.jpg\" \/>\n\t<meta property=\"og:image:width\" content=\"1063\" \/>\n\t<meta property=\"og:image:height\" content=\"590\" \/>\n\t<meta property=\"og:image:type\" content=\"image\/jpeg\" \/>\n<meta name=\"author\" content=\"Wolfgang B\u00f6hler\" \/>\n<meta name=\"twitter:card\" content=\"summary_large_image\" \/>\n<meta name=\"twitter:creator\" content=\"@smusikzeitung\" \/>\n<meta name=\"twitter:site\" content=\"@smusikzeitung\" \/>\n<meta name=\"twitter:label1\" content=\"Written by\" \/>\n\t<meta name=\"twitter:data1\" content=\"Wolfgang B\u00f6hler\" \/>\n\t<meta name=\"twitter:label2\" content=\"Est. reading time\" \/>\n\t<meta name=\"twitter:data2\" content=\"2 minutes\" \/>\n<script type=\"application\/ld+json\" class=\"yoast-schema-graph\">{\"@context\":\"https:\\\/\\\/schema.org\",\"@graph\":[{\"@type\":\"Article\",\"@id\":\"https:\\\/\\\/www.musikzeitung.ch\\\/news\\\/2024\\\/10\\\/repertoire-deutscher-orchester#article\",\"isPartOf\":{\"@id\":\"https:\\\/\\\/www.musikzeitung.ch\\\/news\\\/2024\\\/10\\\/repertoire-deutscher-orchester\"},\"author\":{\"name\":\"Wolfgang B\u00f6hler\",\"@id\":\"https:\\\/\\\/www.musikzeitung.ch\\\/#\\\/schema\\\/person\\\/0da4fb82d243f1252850a35d0e87cf0c\"},\"headline\":\"Untersuchung \u00fcber die Entwicklung des Repertoires deutscher Orchester\",\"datePublished\":\"2024-10-07T04:01:45+00:00\",\"dateModified\":\"2024-10-07T06:07:08+00:00\",\"mainEntityOfPage\":{\"@id\":\"https:\\\/\\\/www.musikzeitung.ch\\\/news\\\/2024\\\/10\\\/repertoire-deutscher-orchester\"},\"wordCount\":166,\"publisher\":{\"@id\":\"https:\\\/\\\/www.musikzeitung.ch\\\/#organization\"},\"image\":{\"@id\":\"https:\\\/\\\/www.musikzeitung.ch\\\/news\\\/2024\\\/10\\\/repertoire-deutscher-orchester#primaryimage\"},\"thumbnailUrl\":\"https:\\\/\\\/www.musikzeitung.ch\\\/wp-content\\\/uploads\\\/2024\\\/10\\\/241007orchester.jpg\",\"keywords\":[\"Orchestergeschichte\",\"Sinfonieorchester\",\"Universit\u00e4t Wuppertal\"],\"articleSection\":[\"News\"],\"inLanguage\":\"en-US\"},{\"@type\":\"WebPage\",\"@id\":\"https:\\\/\\\/www.musikzeitung.ch\\\/news\\\/2024\\\/10\\\/repertoire-deutscher-orchester\",\"url\":\"https:\\\/\\\/www.musikzeitung.ch\\\/news\\\/2024\\\/10\\\/repertoire-deutscher-orchester\",\"name\":\"Untersuchung \u00fcber die Entwicklung des Repertoires deutscher Orchester - Schweizer Musikzeitung\",\"isPartOf\":{\"@id\":\"https:\\\/\\\/www.musikzeitung.ch\\\/#website\"},\"primaryImageOfPage\":{\"@id\":\"https:\\\/\\\/www.musikzeitung.ch\\\/news\\\/2024\\\/10\\\/repertoire-deutscher-orchester#primaryimage\"},\"image\":{\"@id\":\"https:\\\/\\\/www.musikzeitung.ch\\\/news\\\/2024\\\/10\\\/repertoire-deutscher-orchester#primaryimage\"},\"thumbnailUrl\":\"https:\\\/\\\/www.musikzeitung.ch\\\/wp-content\\\/uploads\\\/2024\\\/10\\\/241007orchester.jpg\",\"datePublished\":\"2024-10-07T04:01:45+00:00\",\"dateModified\":\"2024-10-07T06:07:08+00:00\",\"description\":\"Soziologen der Bergischen Universit\u00e4t Wuppertal untersuchen, wie sich das Repertoire deutscher Sinfonieorchester seit 1949 ver\u00e4ndert hat.\",\"breadcrumb\":{\"@id\":\"https:\\\/\\\/www.musikzeitung.ch\\\/news\\\/2024\\\/10\\\/repertoire-deutscher-orchester#breadcrumb\"},\"inLanguage\":\"en-US\",\"potentialAction\":[{\"@type\":\"ReadAction\",\"target\":[\"https:\\\/\\\/www.musikzeitung.ch\\\/news\\\/2024\\\/10\\\/repertoire-deutscher-orchester\"]}]},{\"@type\":\"ImageObject\",\"inLanguage\":\"en-US\",\"@id\":\"https:\\\/\\\/www.musikzeitung.ch\\\/news\\\/2024\\\/10\\\/repertoire-deutscher-orchester#primaryimage\",\"url\":\"https:\\\/\\\/www.musikzeitung.ch\\\/wp-content\\\/uploads\\\/2024\\\/10\\\/241007orchester.jpg\",\"contentUrl\":\"https:\\\/\\\/www.musikzeitung.ch\\\/wp-content\\\/uploads\\\/2024\\\/10\\\/241007orchester.jpg\",\"width\":1063,\"height\":590,\"caption\":\"SWR Sinfonieorchester Baden-Baden und Freiburg (Bild: SWR)\"},{\"@type\":\"BreadcrumbList\",\"@id\":\"https:\\\/\\\/www.musikzeitung.ch\\\/news\\\/2024\\\/10\\\/repertoire-deutscher-orchester#breadcrumb\",\"itemListElement\":[{\"@type\":\"ListItem\",\"position\":1,\"name\":\"Home\",\"item\":\"https:\\\/\\\/www.musikzeitung.ch\\\/\"},{\"@type\":\"ListItem\",\"position\":2,\"name\":\"Untersuchung \u00fcber die Entwicklung des Repertoires deutscher Orchester\"}]},{\"@type\":\"WebSite\",\"@id\":\"https:\\\/\\\/www.musikzeitung.ch\\\/#website\",\"url\":\"https:\\\/\\\/www.musikzeitung.ch\\\/\",\"name\":\"Schweizer Musikzeitung\",\"description\":\"Die f\u00fchrende sparten\u00fcbergreifende Monatszeitung in der Schweiz f\u00fcr musikalische Fragen.\",\"publisher\":{\"@id\":\"https:\\\/\\\/www.musikzeitung.ch\\\/#organization\"},\"potentialAction\":[{\"@type\":\"SearchAction\",\"target\":{\"@type\":\"EntryPoint\",\"urlTemplate\":\"https:\\\/\\\/www.musikzeitung.ch\\\/?s={search_term_string}\"},\"query-input\":{\"@type\":\"PropertyValueSpecification\",\"valueRequired\":true,\"valueName\":\"search_term_string\"}}],\"inLanguage\":\"en-US\"},{\"@type\":\"Organization\",\"@id\":\"https:\\\/\\\/www.musikzeitung.ch\\\/#organization\",\"name\":\"Schweizer Musikzeitung\",\"url\":\"https:\\\/\\\/www.musikzeitung.ch\\\/\",\"logo\":{\"@type\":\"ImageObject\",\"inLanguage\":\"en-US\",\"@id\":\"https:\\\/\\\/www.musikzeitung.ch\\\/#\\\/schema\\\/logo\\\/image\\\/\",\"url\":\"https:\\\/\\\/www.musikzeitung.ch\\\/wp-content\\\/uploads\\\/2023\\\/01\\\/SMZ_Schriftzug_Sprache.png\",\"contentUrl\":\"https:\\\/\\\/www.musikzeitung.ch\\\/wp-content\\\/uploads\\\/2023\\\/01\\\/SMZ_Schriftzug_Sprache.png\",\"width\":1400,\"height\":279,\"caption\":\"Schweizer Musikzeitung\"},\"image\":{\"@id\":\"https:\\\/\\\/www.musikzeitung.ch\\\/#\\\/schema\\\/logo\\\/image\\\/\"},\"sameAs\":[\"https:\\\/\\\/www.facebook.com\\\/SchweizerMusikzeitung\\\/\",\"https:\\\/\\\/x.com\\\/smusikzeitung\",\"https:\\\/\\\/www.instagram.com\\\/musikzeitung.ch\\\/\"]},{\"@type\":\"Person\",\"@id\":\"https:\\\/\\\/www.musikzeitung.ch\\\/#\\\/schema\\\/person\\\/0da4fb82d243f1252850a35d0e87cf0c\",\"name\":\"Wolfgang B\u00f6hler\",\"image\":{\"@type\":\"ImageObject\",\"inLanguage\":\"en-US\",\"@id\":\"https:\\\/\\\/www.musikzeitung.ch\\\/wp-content\\\/uploads\\\/2023\\\/01\\\/boehler_portraet_web-e1674139782246-96x96.jpg\",\"url\":\"https:\\\/\\\/www.musikzeitung.ch\\\/wp-content\\\/uploads\\\/2023\\\/01\\\/boehler_portraet_web-e1674139782246-96x96.jpg\",\"contentUrl\":\"https:\\\/\\\/www.musikzeitung.ch\\\/wp-content\\\/uploads\\\/2023\\\/01\\\/boehler_portraet_web-e1674139782246-96x96.jpg\",\"caption\":\"Wolfgang B\u00f6hler\"},\"sameAs\":[\"http:\\\/\\\/www.manacanto.ch\",\"https:\\\/\\\/www.facebook.com\\\/wolfgang.bohler.75\"],\"url\":\"https:\\\/\\\/www.musikzeitung.ch\\\/en\\\/author\\\/wolfgang-boehler\"}]}<\/script>\n<!-- \/ Yoast SEO plugin. -->","yoast_head_json":{"title":"Untersuchung \u00fcber die Entwicklung des Repertoires deutscher Orchester - Schweizer Musikzeitung","description":"Soziologen der Bergischen Universit\u00e4t Wuppertal untersuchen, wie sich das Repertoire deutscher Sinfonieorchester seit 1949 ver\u00e4ndert hat.","robots":{"index":"index","follow":"follow","max-snippet":"max-snippet:-1","max-image-preview":"max-image-preview:large","max-video-preview":"max-video-preview:-1"},"canonical":"https:\/\/www.musikzeitung.ch\/en\/news\/2024\/10\/repertoire-deutscher-orchester\/","og_locale":"en_US","og_type":"article","og_title":"Untersuchung \u00fcber die Entwicklung des Repertoires deutscher Orchester - Schweizer Musikzeitung","og_description":"Soziologen der Bergischen Universit\u00e4t Wuppertal untersuchen, wie sich das Repertoire deutscher Sinfonieorchester seit 1949 ver\u00e4ndert hat.","og_url":"https:\/\/www.musikzeitung.ch\/en\/news\/2024\/10\/repertoire-deutscher-orchester\/","og_site_name":"Schweizer Musikzeitung","article_publisher":"https:\/\/www.facebook.com\/SchweizerMusikzeitung\/","article_author":"https:\/\/www.facebook.com\/wolfgang.bohler.75","article_published_time":"2024-10-07T04:01:45+00:00","article_modified_time":"2024-10-07T06:07:08+00:00","og_image":[{"width":1063,"height":590,"url":"https:\/\/www.musikzeitung.ch\/wp-content\/uploads\/2024\/10\/241007orchester.jpg","type":"image\/jpeg"}],"author":"Wolfgang B\u00f6hler","twitter_card":"summary_large_image","twitter_creator":"@smusikzeitung","twitter_site":"@smusikzeitung","twitter_misc":{"Written by":"Wolfgang B\u00f6hler","Est. reading time":"2 minutes"},"schema":{"@context":"https:\/\/schema.org","@graph":[{"@type":"Article","@id":"https:\/\/www.musikzeitung.ch\/news\/2024\/10\/repertoire-deutscher-orchester#article","isPartOf":{"@id":"https:\/\/www.musikzeitung.ch\/news\/2024\/10\/repertoire-deutscher-orchester"},"author":{"name":"Wolfgang B\u00f6hler","@id":"https:\/\/www.musikzeitung.ch\/#\/schema\/person\/0da4fb82d243f1252850a35d0e87cf0c"},"headline":"Untersuchung \u00fcber die Entwicklung des Repertoires deutscher Orchester","datePublished":"2024-10-07T04:01:45+00:00","dateModified":"2024-10-07T06:07:08+00:00","mainEntityOfPage":{"@id":"https:\/\/www.musikzeitung.ch\/news\/2024\/10\/repertoire-deutscher-orchester"},"wordCount":166,"publisher":{"@id":"https:\/\/www.musikzeitung.ch\/#organization"},"image":{"@id":"https:\/\/www.musikzeitung.ch\/news\/2024\/10\/repertoire-deutscher-orchester#primaryimage"},"thumbnailUrl":"https:\/\/www.musikzeitung.ch\/wp-content\/uploads\/2024\/10\/241007orchester.jpg","keywords":["Orchestergeschichte","Sinfonieorchester","Universit\u00e4t Wuppertal"],"articleSection":["News"],"inLanguage":"en-US"},{"@type":"WebPage","@id":"https:\/\/www.musikzeitung.ch\/news\/2024\/10\/repertoire-deutscher-orchester","url":"https:\/\/www.musikzeitung.ch\/news\/2024\/10\/repertoire-deutscher-orchester","name":"Untersuchung \u00fcber die Entwicklung des Repertoires deutscher Orchester - Schweizer Musikzeitung","isPartOf":{"@id":"https:\/\/www.musikzeitung.ch\/#website"},"primaryImageOfPage":{"@id":"https:\/\/www.musikzeitung.ch\/news\/2024\/10\/repertoire-deutscher-orchester#primaryimage"},"image":{"@id":"https:\/\/www.musikzeitung.ch\/news\/2024\/10\/repertoire-deutscher-orchester#primaryimage"},"thumbnailUrl":"https:\/\/www.musikzeitung.ch\/wp-content\/uploads\/2024\/10\/241007orchester.jpg","datePublished":"2024-10-07T04:01:45+00:00","dateModified":"2024-10-07T06:07:08+00:00","description":"Soziologen der Bergischen Universit\u00e4t Wuppertal untersuchen, wie sich das Repertoire deutscher Sinfonieorchester seit 1949 ver\u00e4ndert hat.","breadcrumb":{"@id":"https:\/\/www.musikzeitung.ch\/news\/2024\/10\/repertoire-deutscher-orchester#breadcrumb"},"inLanguage":"en-US","potentialAction":[{"@type":"ReadAction","target":["https:\/\/www.musikzeitung.ch\/news\/2024\/10\/repertoire-deutscher-orchester"]}]},{"@type":"ImageObject","inLanguage":"en-US","@id":"https:\/\/www.musikzeitung.ch\/news\/2024\/10\/repertoire-deutscher-orchester#primaryimage","url":"https:\/\/www.musikzeitung.ch\/wp-content\/uploads\/2024\/10\/241007orchester.jpg","contentUrl":"https:\/\/www.musikzeitung.ch\/wp-content\/uploads\/2024\/10\/241007orchester.jpg","width":1063,"height":590,"caption":"SWR Sinfonieorchester Baden-Baden und Freiburg (Bild: SWR)"},{"@type":"BreadcrumbList","@id":"https:\/\/www.musikzeitung.ch\/news\/2024\/10\/repertoire-deutscher-orchester#breadcrumb","itemListElement":[{"@type":"ListItem","position":1,"name":"Home","item":"https:\/\/www.musikzeitung.ch\/"},{"@type":"ListItem","position":2,"name":"Untersuchung \u00fcber die Entwicklung des Repertoires deutscher Orchester"}]},{"@type":"WebSite","@id":"https:\/\/www.musikzeitung.ch\/#website","url":"https:\/\/www.musikzeitung.ch\/","name":"Swiss Music Newspaper","description":"The leading interdisciplinary monthly newspaper in Switzerland for musical issues.","publisher":{"@id":"https:\/\/www.musikzeitung.ch\/#organization"},"potentialAction":[{"@type":"SearchAction","target":{"@type":"EntryPoint","urlTemplate":"https:\/\/www.musikzeitung.ch\/?s={search_term_string}"},"query-input":{"@type":"PropertyValueSpecification","valueRequired":true,"valueName":"search_term_string"}}],"inLanguage":"en-US"},{"@type":"Organization","@id":"https:\/\/www.musikzeitung.ch\/#organization","name":"Swiss Music Newspaper","url":"https:\/\/www.musikzeitung.ch\/","logo":{"@type":"ImageObject","inLanguage":"en-US","@id":"https:\/\/www.musikzeitung.ch\/#\/schema\/logo\/image\/","url":"https:\/\/www.musikzeitung.ch\/wp-content\/uploads\/2023\/01\/SMZ_Schriftzug_Sprache.png","contentUrl":"https:\/\/www.musikzeitung.ch\/wp-content\/uploads\/2023\/01\/SMZ_Schriftzug_Sprache.png","width":1400,"height":279,"caption":"Schweizer Musikzeitung"},"image":{"@id":"https:\/\/www.musikzeitung.ch\/#\/schema\/logo\/image\/"},"sameAs":["https:\/\/www.facebook.com\/SchweizerMusikzeitung\/","https:\/\/x.com\/smusikzeitung","https:\/\/www.instagram.com\/musikzeitung.ch\/"]},{"@type":"Person","@id":"https:\/\/www.musikzeitung.ch\/#\/schema\/person\/0da4fb82d243f1252850a35d0e87cf0c","name":"Wolfgang B\u00f6hler","image":{"@type":"ImageObject","inLanguage":"en-US","@id":"https:\/\/www.musikzeitung.ch\/wp-content\/uploads\/2023\/01\/boehler_portraet_web-e1674139782246-96x96.jpg","url":"https:\/\/www.musikzeitung.ch\/wp-content\/uploads\/2023\/01\/boehler_portraet_web-e1674139782246-96x96.jpg","contentUrl":"https:\/\/www.musikzeitung.ch\/wp-content\/uploads\/2023\/01\/boehler_portraet_web-e1674139782246-96x96.jpg","caption":"Wolfgang B\u00f6hler"},"sameAs":["http:\/\/www.manacanto.ch","https:\/\/www.facebook.com\/wolfgang.bohler.75"],"url":"https:\/\/www.musikzeitung.ch\/en\/author\/wolfgang-boehler"}]}},"publishpress_future_workflow_manual_trigger":{"enabledWorkflows":[]},"_links":{"self":[{"href":"https:\/\/www.musikzeitung.ch\/en\/wp-json\/wp\/v2\/posts\/59150","targetHints":{"allow":["GET"]}}],"collection":[{"href":"https:\/\/www.musikzeitung.ch\/en\/wp-json\/wp\/v2\/posts"}],"about":[{"href":"https:\/\/www.musikzeitung.ch\/en\/wp-json\/wp\/v2\/types\/post"}],"author":[{"embeddable":true,"href":"https:\/\/www.musikzeitung.ch\/en\/wp-json\/wp\/v2\/users\/30"}],"replies":[{"embeddable":true,"href":"https:\/\/www.musikzeitung.ch\/en\/wp-json\/wp\/v2\/comments?post=59150"}],"version-history":[{"count":4,"href":"https:\/\/www.musikzeitung.ch\/en\/wp-json\/wp\/v2\/posts\/59150\/revisions"}],"predecessor-version":[{"id":59155,"href":"https:\/\/www.musikzeitung.ch\/en\/wp-json\/wp\/v2\/posts\/59150\/revisions\/59155"}],"wp:featuredmedia":[{"embeddable":true,"href":"https:\/\/www.musikzeitung.ch\/en\/wp-json\/wp\/v2\/media\/59152"}],"wp:attachment":[{"href":"https:\/\/www.musikzeitung.ch\/en\/wp-json\/wp\/v2\/media?parent=59150"}],"wp:term":[{"taxonomy":"category","embeddable":true,"href":"https:\/\/www.musikzeitung.ch\/en\/wp-json\/wp\/v2\/categories?post=59150"},{"taxonomy":"post_tag","embeddable":true,"href":"https:\/\/www.musikzeitung.ch\/en\/wp-json\/wp\/v2\/tags?post=59150"}],"curies":[{"name":"wp","href":"https:\/\/api.w.org\/{rel}","templated":true}]}}