{"id":59325,"date":"2013-11-07T16:24:33","date_gmt":"2013-11-07T15:24:33","guid":{"rendered":"https:\/\/www.musikzeitung.ch\/?p=59325"},"modified":"2024-10-07T16:29:36","modified_gmt":"2024-10-07T14:29:36","slug":"musikalisches-erleben-im-hohen-alter-3","status":"publish","type":"post","link":"https:\/\/www.musikzeitung.ch\/en\/rezensionen\/filme\/2013\/11\/musikalisches-erleben-im-hohen-alter-3","title":{"rendered":"Musical experience in old age"},"content":{"rendered":"<div class=\"text-section\">\n<figure id=\"attachment_59326\" aria-describedby=\"caption-attachment-59326\" style=\"width: 554px\" class=\"wp-caption alignnone\"><img loading=\"lazy\" decoding=\"async\" class=\"wp-image-59326 size-full\" src=\"https:\/\/www.musikzeitung.ch\/wp-content\/uploads\/2024\/10\/OrffersteWahl.jpg\" alt=\"\" width=\"554\" height=\"375\" srcset=\"https:\/\/www.musikzeitung.ch\/wp-content\/uploads\/2024\/10\/OrffersteWahl.jpg 554w, https:\/\/www.musikzeitung.ch\/wp-content\/uploads\/2024\/10\/OrffersteWahl-300x203.jpg 300w, https:\/\/www.musikzeitung.ch\/wp-content\/uploads\/2024\/10\/OrffersteWahl-18x12.jpg 18w, https:\/\/www.musikzeitung.ch\/wp-content\/uploads\/2024\/10\/OrffersteWahl-259x175.jpg 259w, https:\/\/www.musikzeitung.ch\/wp-content\/uploads\/2024\/10\/OrffersteWahl-517x350.jpg 517w\" sizes=\"auto, (max-width: 554px) 100vw, 554px\" \/><figcaption id=\"caption-attachment-59326\" class=\"wp-caption-text\">Photos: W. Minder, zVg<\/figcaption><\/figure>\n<p>The focus of the first DVD - after an overview of elementary music and dance pedagogy EMTP - is dedicated to reflection in the form of a theme-centered summary of interviews with experts and discussion rounds with home residents, a caregiver and students of the Carl-Orff-Institute. The book concludes with insights into the lives of two residents who took part in the weekly musical program for many years.<\/p>\n<\/div>\n<div class=\"text-section\">\n<dl class=\"picture media photo\">\n<dt><img decoding=\"async\" class=\"media photo\" src=\"https:\/\/old.musikzeitung.ch\/imaging\/stk\/musikzeitung\/article-image-left\/website\/de\/rezensionen\/tontraeger\/2013\/11\/dvd-rezension-mozarteum\/content\/02\/imageBinary\/OrffHandschuhe.JPG\" alt=\"Image \" \/><\/dt>\n<\/dl>\n<\/div>\n<div class=\"text-section\">\n<p>The discussion of the questions \"Why music? What is the intrinsic value of music?\", always in relation to scientific findings and the importance of emotionality. The connection between music and long-term memory (\"well-known songs are even stored with several verses until old age\") is addressed as well as the psychosomatic effect of music, i.e. the questions: \"What significance did music have in earlier life, what effect does music have today?\". It is shown how EMPT adapts to people's life stories and draws conclusions for practice. Statements from senior citizens explain the practical relevance: \"Music is accessible to everyone. Music lifts the mood. You can feel that you are alive. Everyone is who they are.\" In this sense, music is part of biography work, part of rewriting one's own history. But it's also about learning new things and being challenged.<\/p>\n<\/div>\n<div class=\"text-section\">\n<dl class=\"picture media photo pos-2\">\n<dt><img decoding=\"async\" class=\"media photo pos-2\" src=\"https:\/\/old.musikzeitung.ch\/imaging\/stk\/musikzeitung\/article-image-right\/website\/de\/rezensionen\/tontraeger\/2013\/11\/dvd-rezension-mozarteum\/content\/03\/imageBinary\/Bild7+cr.JPG\" alt=\"Image \" \/><\/dt>\n<\/dl>\n<\/div>\n<div class=\"text-section\">\n<p>The strong reference to the importance of music in life lays the foundations for training and further education at the Carl Orff Institute in the field of music geragogy and clearly defines the difference to elementary music education: It is not education that is required, but education that takes biography into account without staging an infantilization of music.<\/p>\n<p>DVD 2 is dedicated to practice and, after an introduction, shows many examples, divided into three core areas with a further division into 15 subject areas. The practical examples are aesthetically profound, the selection of songs and pieces of music is varied and the materials are balanced. The lecturer Christine Sch\u00f6nherr and the participating students impress with their performative and professional musicality. This basic artistic quality, characterized by aesthetic design, respect and theoretical understanding, provides a unique basis for all participants to join in.<img loading=\"lazy\" decoding=\"async\" class=\"size-full wp-image-59329 aligncenter\" src=\"https:\/\/www.musikzeitung.ch\/wp-content\/uploads\/2024\/10\/Orffklein.jpg\" alt=\"\" width=\"180\" height=\"255\" srcset=\"https:\/\/www.musikzeitung.ch\/wp-content\/uploads\/2024\/10\/Orffklein.jpg 180w, https:\/\/www.musikzeitung.ch\/wp-content\/uploads\/2024\/10\/Orffklein-8x12.jpg 8w, https:\/\/www.musikzeitung.ch\/wp-content\/uploads\/2024\/10\/Orffklein-124x175.jpg 124w\" sizes=\"auto, (max-width: 180px) 100vw, 180px\" \/><\/p>\n<p><em>\"Ich bin wieder jung geworden\" - Musik, Sprache, Bewegung, k\u00fcnstlerisch-p\u00e4dagogische Angebote f\u00fcr Menschen in hohem Alter, concept &amp; realization Christine Sch\u00f6nherr \/ Coloman Kall\u00f3s, double DVD, \u20ac 30.00, Mozarteum University and Carl Orff Institute for Elementary Music and Dance Pedagogy, Salzburg 2013, ISBN 978-3-9502713-4<\/em><\/p>\n<p>More recent works on Orff pedagogy:<\/p>\n<p><em>Manuela Widmer, Die P\u00e4dagogik des Orff-Instituts, Entwicklung und Bedeutung einer einzigartigen kunstp\u00e4dagogischen Ausbildung, 540 p., \u20ac 59.95, Schott, Mainz 2011, ISBN 3-7957-0748-4<br \/>\n<\/em><\/p>\n<p><em>Studientexte zu Theorie und Praxis des Orff-Schulwerks, Band 1: Basistexte aus den Jahren 1932-2010, Schriftenreihe des Orff-Schulwerk Forums Salzburg, ed. by Barbara Haselbach, collaboration: Esther Bacher, 350 p., German\/English, \u20ac 11.99, Schott, Mainz 2011, ISBN 3-7957-0756-9 <\/em><\/p>\n<p>&nbsp;<\/p>\n<\/div>","protected":false},"excerpt":{"rendered":"<p>For nine years, the Carl-Orff-Institut Salzburg has accompanied the music and dance education work with residents of a retirement home on film.<\/p>","protected":false},"author":29,"featured_media":59326,"comment_status":"closed","ping_status":"closed","sticky":false,"template":"","format":"standard","meta":{"_acf_changed":false,"_relevanssi_hide_post":"","_relevanssi_hide_content":"","_relevanssi_pin_for_all":"","_relevanssi_pin_keywords":"","_relevanssi_unpin_keywords":"","_relevanssi_related_keywords":"","_relevanssi_related_include_ids":"","_relevanssi_related_exclude_ids":"","_relevanssi_related_no_append":"","_relevanssi_related_not_related":"","_relevanssi_related_posts":"","_relevanssi_noindex_reason":"","pgc_sgb_lightbox_settings":"","footnotes":""},"categories":[1620,29],"tags":[],"class_list":["post-59325","post","type-post","status-publish","format-standard","has-post-thumbnail","hentry","category-filme","category-rezensionen"],"acf":[],"yoast_head":"<!-- This site is optimized with the Yoast SEO plugin v27.4 - https:\/\/yoast.com\/product\/yoast-seo-wordpress\/ -->\n<title>Musikalisches Erleben im hohen Alter - Schweizer Musikzeitung<\/title>\n<meta name=\"robots\" content=\"index, follow, max-snippet:-1, max-image-preview:large, max-video-preview:-1\" \/>\n<link rel=\"canonical\" href=\"https:\/\/www.musikzeitung.ch\/en\/rezensionen\/filme\/2013\/11\/musikalisches-erleben-im-hohen-alter-3\/\" \/>\n<meta property=\"og:locale\" content=\"en_US\" \/>\n<meta property=\"og:type\" content=\"article\" \/>\n<meta property=\"og:title\" content=\"Musikalisches Erleben im hohen Alter - Schweizer Musikzeitung\" \/>\n<meta property=\"og:description\" content=\"Das Carl-Orff-Institut Salzburg hat w\u00e4hrend neun Jahren die musikalisch-t\u00e4nzerische Bildungsarbeit mit Bewohnern eines Seniorenheimes filmisch begleitet.\" \/>\n<meta property=\"og:url\" content=\"https:\/\/www.musikzeitung.ch\/en\/rezensionen\/filme\/2013\/11\/musikalisches-erleben-im-hohen-alter-3\/\" \/>\n<meta property=\"og:site_name\" content=\"Schweizer Musikzeitung\" \/>\n<meta property=\"article:publisher\" content=\"https:\/\/www.facebook.com\/SchweizerMusikzeitung\/\" \/>\n<meta property=\"article:published_time\" content=\"2013-11-07T15:24:33+00:00\" \/>\n<meta property=\"article:modified_time\" content=\"2024-10-07T14:29:36+00:00\" \/>\n<meta property=\"og:image\" content=\"https:\/\/www.musikzeitung.ch\/wp-content\/uploads\/2024\/10\/OrffersteWahl.jpg\" \/>\n\t<meta property=\"og:image:width\" content=\"554\" \/>\n\t<meta property=\"og:image:height\" content=\"375\" \/>\n\t<meta property=\"og:image:type\" content=\"image\/jpeg\" \/>\n<meta name=\"author\" content=\"pia.schwab\" \/>\n<meta name=\"twitter:card\" content=\"summary_large_image\" \/>\n<meta name=\"twitter:creator\" content=\"@smusikzeitung\" \/>\n<meta name=\"twitter:site\" content=\"@smusikzeitung\" \/>\n<meta name=\"twitter:label1\" content=\"Written by\" \/>\n\t<meta name=\"twitter:data1\" content=\"pia.schwab\" \/>\n\t<meta name=\"twitter:label2\" content=\"Est. reading time\" \/>\n\t<meta name=\"twitter:data2\" content=\"4 minutes\" \/>\n<script type=\"application\/ld+json\" class=\"yoast-schema-graph\">{\"@context\":\"https:\\\/\\\/schema.org\",\"@graph\":[{\"@type\":\"Article\",\"@id\":\"https:\\\/\\\/www.musikzeitung.ch\\\/rezensionen\\\/filme\\\/2013\\\/11\\\/musikalisches-erleben-im-hohen-alter-3#article\",\"isPartOf\":{\"@id\":\"https:\\\/\\\/www.musikzeitung.ch\\\/rezensionen\\\/filme\\\/2013\\\/11\\\/musikalisches-erleben-im-hohen-alter-3\"},\"author\":{\"name\":\"pia.schwab\",\"@id\":\"https:\\\/\\\/www.musikzeitung.ch\\\/#\\\/schema\\\/person\\\/ea3d7b86bd7157c78c7ddd37f2f82b5b\"},\"headline\":\"Musikalisches Erleben im hohen Alter\",\"datePublished\":\"2013-11-07T15:24:33+00:00\",\"dateModified\":\"2024-10-07T14:29:36+00:00\",\"mainEntityOfPage\":{\"@id\":\"https:\\\/\\\/www.musikzeitung.ch\\\/rezensionen\\\/filme\\\/2013\\\/11\\\/musikalisches-erleben-im-hohen-alter-3\"},\"wordCount\":485,\"publisher\":{\"@id\":\"https:\\\/\\\/www.musikzeitung.ch\\\/#organization\"},\"image\":{\"@id\":\"https:\\\/\\\/www.musikzeitung.ch\\\/rezensionen\\\/filme\\\/2013\\\/11\\\/musikalisches-erleben-im-hohen-alter-3#primaryimage\"},\"thumbnailUrl\":\"https:\\\/\\\/www.musikzeitung.ch\\\/wp-content\\\/uploads\\\/2024\\\/10\\\/OrffersteWahl.jpg\",\"articleSection\":[\"Filme\",\"Rezensionen\"],\"inLanguage\":\"en-US\"},{\"@type\":\"WebPage\",\"@id\":\"https:\\\/\\\/www.musikzeitung.ch\\\/rezensionen\\\/filme\\\/2013\\\/11\\\/musikalisches-erleben-im-hohen-alter-3\",\"url\":\"https:\\\/\\\/www.musikzeitung.ch\\\/rezensionen\\\/filme\\\/2013\\\/11\\\/musikalisches-erleben-im-hohen-alter-3\",\"name\":\"Musikalisches Erleben im hohen Alter - Schweizer Musikzeitung\",\"isPartOf\":{\"@id\":\"https:\\\/\\\/www.musikzeitung.ch\\\/#website\"},\"primaryImageOfPage\":{\"@id\":\"https:\\\/\\\/www.musikzeitung.ch\\\/rezensionen\\\/filme\\\/2013\\\/11\\\/musikalisches-erleben-im-hohen-alter-3#primaryimage\"},\"image\":{\"@id\":\"https:\\\/\\\/www.musikzeitung.ch\\\/rezensionen\\\/filme\\\/2013\\\/11\\\/musikalisches-erleben-im-hohen-alter-3#primaryimage\"},\"thumbnailUrl\":\"https:\\\/\\\/www.musikzeitung.ch\\\/wp-content\\\/uploads\\\/2024\\\/10\\\/OrffersteWahl.jpg\",\"datePublished\":\"2013-11-07T15:24:33+00:00\",\"dateModified\":\"2024-10-07T14:29:36+00:00\",\"breadcrumb\":{\"@id\":\"https:\\\/\\\/www.musikzeitung.ch\\\/rezensionen\\\/filme\\\/2013\\\/11\\\/musikalisches-erleben-im-hohen-alter-3#breadcrumb\"},\"inLanguage\":\"en-US\",\"potentialAction\":[{\"@type\":\"ReadAction\",\"target\":[\"https:\\\/\\\/www.musikzeitung.ch\\\/rezensionen\\\/filme\\\/2013\\\/11\\\/musikalisches-erleben-im-hohen-alter-3\"]}]},{\"@type\":\"ImageObject\",\"inLanguage\":\"en-US\",\"@id\":\"https:\\\/\\\/www.musikzeitung.ch\\\/rezensionen\\\/filme\\\/2013\\\/11\\\/musikalisches-erleben-im-hohen-alter-3#primaryimage\",\"url\":\"https:\\\/\\\/www.musikzeitung.ch\\\/wp-content\\\/uploads\\\/2024\\\/10\\\/OrffersteWahl.jpg\",\"contentUrl\":\"https:\\\/\\\/www.musikzeitung.ch\\\/wp-content\\\/uploads\\\/2024\\\/10\\\/OrffersteWahl.jpg\",\"width\":554,\"height\":375},{\"@type\":\"BreadcrumbList\",\"@id\":\"https:\\\/\\\/www.musikzeitung.ch\\\/rezensionen\\\/filme\\\/2013\\\/11\\\/musikalisches-erleben-im-hohen-alter-3#breadcrumb\",\"itemListElement\":[{\"@type\":\"ListItem\",\"position\":1,\"name\":\"Home\",\"item\":\"https:\\\/\\\/www.musikzeitung.ch\\\/\"},{\"@type\":\"ListItem\",\"position\":2,\"name\":\"Musikalisches Erleben im hohen Alter\"}]},{\"@type\":\"WebSite\",\"@id\":\"https:\\\/\\\/www.musikzeitung.ch\\\/#website\",\"url\":\"https:\\\/\\\/www.musikzeitung.ch\\\/\",\"name\":\"Schweizer Musikzeitung\",\"description\":\"Die f\u00fchrende sparten\u00fcbergreifende Monatszeitung in der Schweiz f\u00fcr musikalische Fragen.\",\"publisher\":{\"@id\":\"https:\\\/\\\/www.musikzeitung.ch\\\/#organization\"},\"potentialAction\":[{\"@type\":\"SearchAction\",\"target\":{\"@type\":\"EntryPoint\",\"urlTemplate\":\"https:\\\/\\\/www.musikzeitung.ch\\\/?s={search_term_string}\"},\"query-input\":{\"@type\":\"PropertyValueSpecification\",\"valueRequired\":true,\"valueName\":\"search_term_string\"}}],\"inLanguage\":\"en-US\"},{\"@type\":\"Organization\",\"@id\":\"https:\\\/\\\/www.musikzeitung.ch\\\/#organization\",\"name\":\"Schweizer Musikzeitung\",\"url\":\"https:\\\/\\\/www.musikzeitung.ch\\\/\",\"logo\":{\"@type\":\"ImageObject\",\"inLanguage\":\"en-US\",\"@id\":\"https:\\\/\\\/www.musikzeitung.ch\\\/#\\\/schema\\\/logo\\\/image\\\/\",\"url\":\"https:\\\/\\\/www.musikzeitung.ch\\\/wp-content\\\/uploads\\\/2023\\\/01\\\/SMZ_Schriftzug_Sprache.png\",\"contentUrl\":\"https:\\\/\\\/www.musikzeitung.ch\\\/wp-content\\\/uploads\\\/2023\\\/01\\\/SMZ_Schriftzug_Sprache.png\",\"width\":1400,\"height\":279,\"caption\":\"Schweizer Musikzeitung\"},\"image\":{\"@id\":\"https:\\\/\\\/www.musikzeitung.ch\\\/#\\\/schema\\\/logo\\\/image\\\/\"},\"sameAs\":[\"https:\\\/\\\/www.facebook.com\\\/SchweizerMusikzeitung\\\/\",\"https:\\\/\\\/x.com\\\/smusikzeitung\",\"https:\\\/\\\/www.instagram.com\\\/musikzeitung.ch\\\/\"]},{\"@type\":\"Person\",\"@id\":\"https:\\\/\\\/www.musikzeitung.ch\\\/#\\\/schema\\\/person\\\/ea3d7b86bd7157c78c7ddd37f2f82b5b\",\"name\":\"pia.schwab\",\"image\":{\"@type\":\"ImageObject\",\"inLanguage\":\"en-US\",\"@id\":\"https:\\\/\\\/secure.gravatar.com\\\/avatar\\\/d39d170de4c2d07e897fbc26cf9d890fc046285c742207b86d8ebabe5fcde2c4?s=96&d=mm&r=g\",\"url\":\"https:\\\/\\\/secure.gravatar.com\\\/avatar\\\/d39d170de4c2d07e897fbc26cf9d890fc046285c742207b86d8ebabe5fcde2c4?s=96&d=mm&r=g\",\"contentUrl\":\"https:\\\/\\\/secure.gravatar.com\\\/avatar\\\/d39d170de4c2d07e897fbc26cf9d890fc046285c742207b86d8ebabe5fcde2c4?s=96&d=mm&r=g\",\"caption\":\"pia.schwab\"},\"url\":\"https:\\\/\\\/www.musikzeitung.ch\\\/en\\\/author\\\/pia-schwab\"}]}<\/script>\n<!-- \/ Yoast SEO plugin. -->","yoast_head_json":{"title":"Musical experience in old age - Schweizer Musikzeitung","robots":{"index":"index","follow":"follow","max-snippet":"max-snippet:-1","max-image-preview":"max-image-preview:large","max-video-preview":"max-video-preview:-1"},"canonical":"https:\/\/www.musikzeitung.ch\/en\/rezensionen\/filme\/2013\/11\/musikalisches-erleben-im-hohen-alter-3\/","og_locale":"en_US","og_type":"article","og_title":"Musikalisches Erleben im hohen Alter - Schweizer Musikzeitung","og_description":"Das Carl-Orff-Institut Salzburg hat w\u00e4hrend neun Jahren die musikalisch-t\u00e4nzerische Bildungsarbeit mit Bewohnern eines Seniorenheimes filmisch begleitet.","og_url":"https:\/\/www.musikzeitung.ch\/en\/rezensionen\/filme\/2013\/11\/musikalisches-erleben-im-hohen-alter-3\/","og_site_name":"Schweizer Musikzeitung","article_publisher":"https:\/\/www.facebook.com\/SchweizerMusikzeitung\/","article_published_time":"2013-11-07T15:24:33+00:00","article_modified_time":"2024-10-07T14:29:36+00:00","og_image":[{"width":554,"height":375,"url":"https:\/\/www.musikzeitung.ch\/wp-content\/uploads\/2024\/10\/OrffersteWahl.jpg","type":"image\/jpeg"}],"author":"pia.schwab","twitter_card":"summary_large_image","twitter_creator":"@smusikzeitung","twitter_site":"@smusikzeitung","twitter_misc":{"Written by":"pia.schwab","Est. reading time":"4 minutes"},"schema":{"@context":"https:\/\/schema.org","@graph":[{"@type":"Article","@id":"https:\/\/www.musikzeitung.ch\/rezensionen\/filme\/2013\/11\/musikalisches-erleben-im-hohen-alter-3#article","isPartOf":{"@id":"https:\/\/www.musikzeitung.ch\/rezensionen\/filme\/2013\/11\/musikalisches-erleben-im-hohen-alter-3"},"author":{"name":"pia.schwab","@id":"https:\/\/www.musikzeitung.ch\/#\/schema\/person\/ea3d7b86bd7157c78c7ddd37f2f82b5b"},"headline":"Musikalisches Erleben im hohen Alter","datePublished":"2013-11-07T15:24:33+00:00","dateModified":"2024-10-07T14:29:36+00:00","mainEntityOfPage":{"@id":"https:\/\/www.musikzeitung.ch\/rezensionen\/filme\/2013\/11\/musikalisches-erleben-im-hohen-alter-3"},"wordCount":485,"publisher":{"@id":"https:\/\/www.musikzeitung.ch\/#organization"},"image":{"@id":"https:\/\/www.musikzeitung.ch\/rezensionen\/filme\/2013\/11\/musikalisches-erleben-im-hohen-alter-3#primaryimage"},"thumbnailUrl":"https:\/\/www.musikzeitung.ch\/wp-content\/uploads\/2024\/10\/OrffersteWahl.jpg","articleSection":["Filme","Rezensionen"],"inLanguage":"en-US"},{"@type":"WebPage","@id":"https:\/\/www.musikzeitung.ch\/rezensionen\/filme\/2013\/11\/musikalisches-erleben-im-hohen-alter-3","url":"https:\/\/www.musikzeitung.ch\/rezensionen\/filme\/2013\/11\/musikalisches-erleben-im-hohen-alter-3","name":"Musical experience in old age - Schweizer Musikzeitung","isPartOf":{"@id":"https:\/\/www.musikzeitung.ch\/#website"},"primaryImageOfPage":{"@id":"https:\/\/www.musikzeitung.ch\/rezensionen\/filme\/2013\/11\/musikalisches-erleben-im-hohen-alter-3#primaryimage"},"image":{"@id":"https:\/\/www.musikzeitung.ch\/rezensionen\/filme\/2013\/11\/musikalisches-erleben-im-hohen-alter-3#primaryimage"},"thumbnailUrl":"https:\/\/www.musikzeitung.ch\/wp-content\/uploads\/2024\/10\/OrffersteWahl.jpg","datePublished":"2013-11-07T15:24:33+00:00","dateModified":"2024-10-07T14:29:36+00:00","breadcrumb":{"@id":"https:\/\/www.musikzeitung.ch\/rezensionen\/filme\/2013\/11\/musikalisches-erleben-im-hohen-alter-3#breadcrumb"},"inLanguage":"en-US","potentialAction":[{"@type":"ReadAction","target":["https:\/\/www.musikzeitung.ch\/rezensionen\/filme\/2013\/11\/musikalisches-erleben-im-hohen-alter-3"]}]},{"@type":"ImageObject","inLanguage":"en-US","@id":"https:\/\/www.musikzeitung.ch\/rezensionen\/filme\/2013\/11\/musikalisches-erleben-im-hohen-alter-3#primaryimage","url":"https:\/\/www.musikzeitung.ch\/wp-content\/uploads\/2024\/10\/OrffersteWahl.jpg","contentUrl":"https:\/\/www.musikzeitung.ch\/wp-content\/uploads\/2024\/10\/OrffersteWahl.jpg","width":554,"height":375},{"@type":"BreadcrumbList","@id":"https:\/\/www.musikzeitung.ch\/rezensionen\/filme\/2013\/11\/musikalisches-erleben-im-hohen-alter-3#breadcrumb","itemListElement":[{"@type":"ListItem","position":1,"name":"Home","item":"https:\/\/www.musikzeitung.ch\/"},{"@type":"ListItem","position":2,"name":"Musikalisches Erleben im hohen Alter"}]},{"@type":"WebSite","@id":"https:\/\/www.musikzeitung.ch\/#website","url":"https:\/\/www.musikzeitung.ch\/","name":"Swiss Music Newspaper","description":"The leading interdisciplinary monthly newspaper in Switzerland for musical issues.","publisher":{"@id":"https:\/\/www.musikzeitung.ch\/#organization"},"potentialAction":[{"@type":"SearchAction","target":{"@type":"EntryPoint","urlTemplate":"https:\/\/www.musikzeitung.ch\/?s={search_term_string}"},"query-input":{"@type":"PropertyValueSpecification","valueRequired":true,"valueName":"search_term_string"}}],"inLanguage":"en-US"},{"@type":"Organization","@id":"https:\/\/www.musikzeitung.ch\/#organization","name":"Swiss Music Newspaper","url":"https:\/\/www.musikzeitung.ch\/","logo":{"@type":"ImageObject","inLanguage":"en-US","@id":"https:\/\/www.musikzeitung.ch\/#\/schema\/logo\/image\/","url":"https:\/\/www.musikzeitung.ch\/wp-content\/uploads\/2023\/01\/SMZ_Schriftzug_Sprache.png","contentUrl":"https:\/\/www.musikzeitung.ch\/wp-content\/uploads\/2023\/01\/SMZ_Schriftzug_Sprache.png","width":1400,"height":279,"caption":"Schweizer Musikzeitung"},"image":{"@id":"https:\/\/www.musikzeitung.ch\/#\/schema\/logo\/image\/"},"sameAs":["https:\/\/www.facebook.com\/SchweizerMusikzeitung\/","https:\/\/x.com\/smusikzeitung","https:\/\/www.instagram.com\/musikzeitung.ch\/"]},{"@type":"Person","@id":"https:\/\/www.musikzeitung.ch\/#\/schema\/person\/ea3d7b86bd7157c78c7ddd37f2f82b5b","name":"pia.schwab","image":{"@type":"ImageObject","inLanguage":"en-US","@id":"https:\/\/secure.gravatar.com\/avatar\/d39d170de4c2d07e897fbc26cf9d890fc046285c742207b86d8ebabe5fcde2c4?s=96&d=mm&r=g","url":"https:\/\/secure.gravatar.com\/avatar\/d39d170de4c2d07e897fbc26cf9d890fc046285c742207b86d8ebabe5fcde2c4?s=96&d=mm&r=g","contentUrl":"https:\/\/secure.gravatar.com\/avatar\/d39d170de4c2d07e897fbc26cf9d890fc046285c742207b86d8ebabe5fcde2c4?s=96&d=mm&r=g","caption":"pia.schwab"},"url":"https:\/\/www.musikzeitung.ch\/en\/author\/pia-schwab"}]}},"publishpress_future_workflow_manual_trigger":{"enabledWorkflows":[]},"_links":{"self":[{"href":"https:\/\/www.musikzeitung.ch\/en\/wp-json\/wp\/v2\/posts\/59325","targetHints":{"allow":["GET"]}}],"collection":[{"href":"https:\/\/www.musikzeitung.ch\/en\/wp-json\/wp\/v2\/posts"}],"about":[{"href":"https:\/\/www.musikzeitung.ch\/en\/wp-json\/wp\/v2\/types\/post"}],"author":[{"embeddable":true,"href":"https:\/\/www.musikzeitung.ch\/en\/wp-json\/wp\/v2\/users\/29"}],"replies":[{"embeddable":true,"href":"https:\/\/www.musikzeitung.ch\/en\/wp-json\/wp\/v2\/comments?post=59325"}],"version-history":[{"count":1,"href":"https:\/\/www.musikzeitung.ch\/en\/wp-json\/wp\/v2\/posts\/59325\/revisions"}],"predecessor-version":[{"id":59330,"href":"https:\/\/www.musikzeitung.ch\/en\/wp-json\/wp\/v2\/posts\/59325\/revisions\/59330"}],"wp:featuredmedia":[{"embeddable":true,"href":"https:\/\/www.musikzeitung.ch\/en\/wp-json\/wp\/v2\/media\/59326"}],"wp:attachment":[{"href":"https:\/\/www.musikzeitung.ch\/en\/wp-json\/wp\/v2\/media?parent=59325"}],"wp:term":[{"taxonomy":"category","embeddable":true,"href":"https:\/\/www.musikzeitung.ch\/en\/wp-json\/wp\/v2\/categories?post=59325"},{"taxonomy":"post_tag","embeddable":true,"href":"https:\/\/www.musikzeitung.ch\/en\/wp-json\/wp\/v2\/tags?post=59325"}],"curies":[{"name":"wp","href":"https:\/\/api.w.org\/{rel}","templated":true}]}}